{"id":105633,"date":"2026-09-01T02:29:19","date_gmt":"2026-09-01T02:29:19","guid":{"rendered":"https:\/\/www.shqiperia.com\/blog\/?p=105633"},"modified":"2026-09-01T02:29:19","modified_gmt":"2026-09-01T02:29:19","slug":"propagande-ne-vend-te-transparences-si-rama-po-i-kthen-ministrat-ne-influencere","status":"publish","type":"post","link":"https:\/\/www.shqiperia.com\/blog\/propagande-ne-vend-te-transparences-si-rama-po-i-kthen-ministrat-ne-influencere\/","title":{"rendered":"Propagand\u00eb n\u00eb vend t\u00eb transparenc\u00ebs: &#8211; Si Rama po i kthen ministrat n\u00eb influencer\u00eb"},"content":{"rendered":"<p><img data-recalc-dims=\"1\" loading=\"lazy\" decoding=\"async\" data-attachment-id=\"105634\" data-permalink=\"https:\/\/www.shqiperia.com\/blog\/propagande-ne-vend-te-transparences-si-rama-po-i-kthen-ministrat-ne-influencere\/auto_qeveria1788204763\/\" data-orig-file=\"https:\/\/i0.wp.com\/www.shqiperia.com\/blog\/wp-content\/uploads\/2026\/09\/auto_QEVERIA1788204763.png?fit=900%2C507&amp;ssl=1\" data-orig-size=\"900,507\" data-comments-opened=\"1\" data-image-meta=\"{&quot;aperture&quot;:&quot;0&quot;,&quot;credit&quot;:&quot;&quot;,&quot;camera&quot;:&quot;&quot;,&quot;caption&quot;:&quot;&quot;,&quot;created_timestamp&quot;:&quot;0&quot;,&quot;copyright&quot;:&quot;&quot;,&quot;focal_length&quot;:&quot;0&quot;,&quot;iso&quot;:&quot;0&quot;,&quot;shutter_speed&quot;:&quot;0&quot;,&quot;title&quot;:&quot;&quot;,&quot;orientation&quot;:&quot;0&quot;}\" data-image-title=\"auto_QEVERIA1788204763\" data-image-description=\"\" data-image-caption=\"\" data-medium-file=\"https:\/\/i0.wp.com\/www.shqiperia.com\/blog\/wp-content\/uploads\/2026\/09\/auto_QEVERIA1788204763.png?fit=300%2C169&amp;ssl=1\" data-large-file=\"https:\/\/i0.wp.com\/www.shqiperia.com\/blog\/wp-content\/uploads\/2026\/09\/auto_QEVERIA1788204763.png?fit=900%2C507&amp;ssl=1\" class=\"alignnone  wp-image-105634\" alt=\"\" src=\"https:\/\/i0.wp.com\/www.shqiperia.com\/blog\/wp-content\/uploads\/2026\/09\/auto_QEVERIA1788204763.png?resize=694%2C391&#038;ssl=1\" width=\"694\" height=\"391\" srcset=\"https:\/\/i0.wp.com\/www.shqiperia.com\/blog\/wp-content\/uploads\/2026\/09\/auto_QEVERIA1788204763.png?resize=300%2C169&amp;ssl=1 300w, https:\/\/i0.wp.com\/www.shqiperia.com\/blog\/wp-content\/uploads\/2026\/09\/auto_QEVERIA1788204763.png?resize=768%2C433&amp;ssl=1 768w, https:\/\/i0.wp.com\/www.shqiperia.com\/blog\/wp-content\/uploads\/2026\/09\/auto_QEVERIA1788204763.png?resize=450%2C254&amp;ssl=1 450w, https:\/\/i0.wp.com\/www.shqiperia.com\/blog\/wp-content\/uploads\/2026\/09\/auto_QEVERIA1788204763.png?resize=600%2C338&amp;ssl=1 600w, https:\/\/i0.wp.com\/www.shqiperia.com\/blog\/wp-content\/uploads\/2026\/09\/auto_QEVERIA1788204763.png?resize=400%2C225&amp;ssl=1 400w, https:\/\/i0.wp.com\/www.shqiperia.com\/blog\/wp-content\/uploads\/2026\/09\/auto_QEVERIA1788204763.png?w=900&amp;ssl=1 900w\" sizes=\"auto, (max-width: 694px) 100vw, 694px\" \/><\/p>\n<p><strong>1 Shtator 2026<\/strong><\/p>\n<p><strong>Gjith\u00e7ka nisi me Zv\u00ebrnecin.<\/strong><\/p>\n<p>Kund\u00ebrshtimi ndaj nd\u00ebrtimeve n\u00eb k\u00ebt\u00eb pasuri natyrore ngriti pyetje themelore mbi pron\u00ebsin\u00eb, administrimin e territorit dhe t\u00eb ardhmen e zonave t\u00eb mbrojtura.<\/p>\n<p>Pak dit\u00eb pas nisjes s\u00eb protestave, m\u00eb 5 qershor, Rama zhvilloi n\u00eb Vlor\u00eb nj\u00eb takim me banor\u00eb, biznese dhe persona q\u00eb pretendonin pron\u00ebsi n\u00eb Zv\u00ebrnec. U tha se ende nuk kishte nj\u00eb projekt t\u00eb miratuar p\u00ebr zon\u00ebn dhe premtoi \u201ctransparenc\u00eb dhe dialog t\u00eb vazhduesh\u00ebm me komunitetin\u201d.<\/p>\n<p>N\u00eb jav\u00ebt q\u00eb pasuan, Rama e lidhi disa her\u00eb konfliktin mes qeveris\u00eb dhe qytetar\u00ebve me munges\u00ebn ose shtremb\u00ebrimin e informacionit. Ai e kornizoi \u00e7\u00ebshtjen jo vet\u00ebm si problem t\u00eb munges\u00ebs s\u00eb informacionit t\u00eb v\u00ebrtet\u00eb nga qytetar\u00ebt, por mbi t\u00eb gjitha si problem t\u00eb m\u00ebnyr\u00ebs se si informacioni shkon te qytetar\u00ebt.<\/p>\n<p>K\u00ebt\u00eb lloj kornizimi t\u00eb problemit ai e p\u00ebrforcoi jav\u00eb m\u00eb pas, m\u00eb 21 korrik, duke folur p\u00ebr Paket\u00ebn e Maleve, kur tha se njer\u00ebz t\u00eb caktuar hynin n\u00eb rrjetet e tij sociale \u201ct\u00eb painformuar\u201d dhe dilnin po \u201ct\u00eb painformuar\u201d.<\/p>\n<p>Pra, p\u00ebr qeverin\u00eb, beteja tashm\u00eb nuk ishte m\u00eb vet\u00ebm ajo e administrimit t\u00eb shtetit. Ishte edhe administrimi i informacionit p\u00ebr shtetin.<\/p>\n<p><strong>Nga Zv\u00ebrneci te \u201cBesa\u201d<\/strong><\/p>\n<p>Nj\u00eb muaj m\u00eb pas, m\u00eb 24 gusht, Rama shpalosi zgjidhjen e problemit t\u00eb informimit, formul\u00ebn q\u00eb do t\u00eb rind\u00ebrtoj\u00eb marr\u00ebdh\u00ebnien mes qytetarit dhe shtetit. N\u00eb m\u00ebnyr\u00eb romantiko-nacionaliste, formula u quajt \u201cBesa\u201d.<\/p>\n<p>M\u00eb pas, Rama njoftoi edhe krijimin e platform\u00ebs \u201cPasqyra Albania\u201d, nj\u00eb dritare ku qytetari, sipas tij, mund t\u00eb informohet n\u00eb koh\u00eb reale p\u00ebr aktivitetin e qeveris\u00eb dhe t\u00eb shtetit dhe t\u00eb m\u00ebsojn\u00eb mbi ecurin\u00eb e k\u00ebrkesave t\u00eb qytetar\u00ebve dhe statusin e projekteve publike.<\/p>\n<p>Arsyetimi i kryeministrit \u00ebsht\u00eb i thjesht\u00eb: qytetar\u00ebt nuk i besojn\u00eb mjaftuesh\u00ebm qeveris\u00eb sepse qytetar\u00ebt nuk informohen mjaftuesh\u00ebm, prandaj qeveria duhet t\u2019u flas\u00eb m\u00eb shum\u00eb qytetar\u00ebve.<\/p>\n<p><strong>Dhe qeveria ka filluar t\u00eb flas\u00eb m\u00eb shum\u00eb.<\/strong><\/p>\n<p>Tani ministri nuk \u00ebsht\u00eb m\u00eb vet\u00ebm personi q\u00eb merr nj\u00eb vendim, firmos nj\u00eb akt, paraqet nj\u00eb projektligj apo jep llogari p\u00ebr administrat\u00ebn q\u00eb drejton.<\/p>\n<p>Ministri tashm\u00eb duhet edhe t\u00eb prodhoj\u00eb p\u00ebrmbajtje p\u00ebr t\u2019u publikuar e shp\u00ebrndar\u00eb. Ai duhet t\u00eb filmoj\u00eb, t\u00eb shkoj\u00eb n\u00eb terren i ndjekur nga kamerat. N\u00eb k\u00ebto prodhime video ai duhet t\u00eb tregoj\u00eb \u00e7far\u00eb po b\u00ebn dhe, mbi t\u00eb gjitha, n\u00eb formatin q\u00eb k\u00ebrkojn\u00eb mediat sociale.<\/p>\n<p>Dhe prej dit\u00ebsh, me video, me selfie, me reels-a ministret dhe ministrat japin lajme t\u00eb mira, shpjegojn\u00eb e informojn\u00eb se:<\/p>\n<p>\u2014 sa\u00a0\u00ebsht\u00eb m\u00ebrzitur\u00a0ministrja\u00a0nga rradha p\u00ebr regjistrimin n\u00eb nj\u00eb universitet dhe si do e zgjidh\u00eb ajo problemin;<\/p>\n<p>\u2014 si qeveria do informoj\u00eb qytetar\u00ebt\u00a0ku t\u00eb gjejn\u00eb \u00e7mime t\u00eb lira\u00a0p\u00ebr t\u00eb b\u00ebr\u00eb pazare;<\/p>\n<p>\u2014 si t\u00eb\u00a0mbrohemi nga bombulat\u00a0e gazit;<\/p>\n<p>\u2014 si ec\u00ebn \u00e7do dit\u00eb\u00a0numri i pasagjer\u00ebve\u00a0n\u00eb Rinas;<\/p>\n<p>\u2014 si\u00a0kamerat n\u00eb shkolla\u00a0do rrisin sigurine e nx\u00ebn\u00ebsve<\/p>\n<p>\u2014 si Paketa e Maleve \u00ebsht\u00eb\u00a0shp\u00ebtim p\u00ebr zonat malore,<\/p>\n<p>\u2014 si&#8230; me rradhe si\u00a0k\u00ebtu, edhe\u00a0k\u00ebtu, edhe\u00a0k\u00ebtu\u00a0etj etj.<\/p>\n<p><strong>Qeveria hyn n\u00eb algorit\u00ebm<\/strong><\/p>\n<p>Kjo vazhd\u00eb ka nisur pas humbjes s\u00eb \u201cbetej\u00ebs\u201d me algoritmin gjat\u00eb jav\u00ebve t\u00eb para t\u00eb protest\u00ebs.<\/p>\n<p>M\u00eb 17 korrik, Kryeministri tha se qeveria do t\u00eb zhvillonte \u201cnj\u00eb fushat\u00eb t\u00eb t\u00ebr\u00eb informimi\u201d sipas sektor\u00ebve dhe territoreve p\u00ebr t\u00eb shpjeguar programin e saj.<\/p>\n<p>N\u00eb k\u00ebt\u00eb fushat\u00eb ai shpalli edhe nj\u00eb front t\u00eb ri lufte: rrjetet sociale.<\/p>\n<p>Qeveria do t\u00eb komunikonte, tha ai, n\u00eb territor, n\u00eb media, n\u00eb rrjetet sociale dhe madje edhe n\u00eb rrug\u00eb, n\u00eb m\u00ebnyr\u00eb q\u00eb njer\u00ebzit t\u00eb shihnin ofert\u00ebn e qeveris\u00eb.<\/p>\n<p>Kjo m\u00ebnyr\u00eb e propagand\u00ebs nuk \u00ebsht\u00eb e re p\u00ebr qeverin\u00eb Rama.<\/p>\n<p>M\u00eb her\u00ebt kemi par\u00eb q\u00eb kamera e tij apo e ministrave pasqyron n\u00eb rrjete sociale pamje pa asnj\u00eb lloj filtri, ministrat flasin pa asnj\u00eb lloj ballafaqimi, madje b\u00ebjn\u00eb sikur u japin intervista stafit t\u00eb tyre, q\u00eb hiqen si gazetar\u00eb duke mbajtur mikrofonat.<\/p>\n<p>E gjitha kjo n\u00eb munges\u00eb t\u00eb plot\u00eb t\u00eb transparenc\u00ebs.<\/p>\n<p>Por k\u00ebt\u00eb her\u00eb, m\u00ebnyra e propagand\u00ebs ka ndryshuar.<\/p>\n<p>Videot vertikale, komunikimi n\u00eb vet\u00ebn e par\u00eb, ministri p\u00ebrball\u00eb kamer\u00ebs dhe shpjegimet e politikave publike t\u00eb p\u00ebrshtatura p\u00ebr reels jan\u00eb kthyer n\u00eb objektivin e qeveris\u00eb p\u00ebr t\u00eb kapur algoritmin.<\/p>\n<p>Pra, tani nuk mjafton propaganda p\u00ebr t\u00eb mbushur rrjetet sociale me iden\u00eb se ministrat po punojn\u00eb. Tashm\u00eb duhet q\u00eb ministrat t\u2019i p\u00ebrshtaten algoritmit t\u00eb rrjeteve sociale p\u00ebr t\u2019u b\u00ebr\u00eb viral\u00eb, duke e sofistikuar k\u00ebshtu problemin e komunikimit t\u00eb qeveris\u00eb n\u00eb nj\u00eb sfid\u00eb viraliteti p\u00ebr t\u2019iu imponuar rrjeteve sociale me propagand\u00ebn e tyre.<\/p>\n<p>N\u00eb vetvete nuk ka asgj\u00eb t\u00eb gabuar q\u00eb nj\u00eb minist\u00ebr t\u00eb p\u00ebrdor\u00eb Instagramin apo Facebook-un. Problemi fillon kur komunikimi b\u00ebhet p\u00ebr t\u00eb z\u00ebvend\u00ebsuar transparenc\u00ebn.<\/p>\n<p>T\u00eb shoh\u00ebsh ministrin nuk do t\u00eb thot\u00eb t\u00eb shoh\u00ebsh shtetin.<\/p>\n<p>Nj\u00eb video tregon se ministri ka vizituar nj\u00eb kantier. Transparenca tregon sa kushton kantieri.<\/p>\n<p>Videoja tregon ministrin duke folur me nj\u00eb qytetar. Transparenca tregon vendimin q\u00eb prek qytetarin.<\/p>\n<p>Videoja mund t\u00eb shpjegoj\u00eb se nj\u00eb investim \u00ebsht\u00eb i mir\u00eb p\u00ebr Shqip\u00ebrin\u00eb. Transparenca tregon pron\u00ebn ku nd\u00ebrtohet, procedur\u00ebn q\u00eb \u00ebsht\u00eb ndjekur, p\u00ebrfituesin, lejet, kontratat, detyrimet e investitorit dhe p\u00ebrgjegj\u00ebsin\u00eb e institucioneve.<\/p>\n<p>Ky ishte dhe mbetet ende edhe pas kaq muajsh problemi i investimeve n\u00eb Zv\u00ebrnec, q\u00eb mblodhi qindra mij\u00ebra shqiptar\u00eb n\u00eb shesh.<\/p>\n<p>Njer\u00ebzit nuk dol\u00ebn t\u00eb k\u00ebrkonin m\u00eb shum\u00eb reels nga ministrat. Ata k\u00ebrkonin t\u00eb dinin \u00e7far\u00eb po ndodhte me tok\u00ebn ku jetonin, \u00e7far\u00eb do t\u00eb nd\u00ebrtohej dhe kush do t\u00eb nd\u00ebrtonte.<\/p>\n<p>N\u00eb k\u00ebt\u00eb kuptim, beteja e shpallur qeveritare kund\u00ebr keqinformimit dhe algoritmit po prodhon nj\u00eb paradoks t\u00eb vog\u00ebl.<\/p>\n<p>P\u00ebr t\u00eb luftuar algoritmin, qeveria duhet t\u00eb hyj\u00eb n\u00eb algorit\u00ebm. P\u00ebr t\u00eb hyr\u00eb n\u00eb algorit\u00ebm, ministri duhet t\u00eb sillet si\u00e7 k\u00ebrkon algoritmi.<\/p>\n<p>Duhet fytyr\u00eb. Duhet video. Duhet rit\u00ebm. Duhet emocion. Duhet vazhdim\u00ebsi.<\/p>\n<p>Dhe k\u00ebshtu, nga nevoja p\u00ebr m\u00eb shum\u00eb transparenc\u00eb, Shqip\u00ebria po zbulon nj\u00eb specie t\u00eb re administrative: ministrin influencer.<\/p>\n<p>Ndoshta funksionon.\/<span>\u00a0<\/span><a href=\"https:\/\/exit.al\/analiza\/propagande-ne-vend-te-transparences-si-rama-po-i-kthen-ministrat-ne-infl-i80757\">Exit.al<\/a><\/p>\n","protected":false},"excerpt":{"rendered":"<p>1 Shtator 2026 Gjith\u00e7ka nisi me Zv\u00ebrnecin. Kund\u00ebrshtimi ndaj nd\u00ebrtimeve n\u00eb k\u00ebt\u00eb pasuri natyrore ngriti pyetje themelore mbi pron\u00ebsin\u00eb, administrimin e territorit dhe t\u00eb ardhmen e zonave t\u00eb mbrojtura. Pak dit\u00eb pas nisjes s\u00eb protestave, m\u00eb 5 qershor, Rama zhvilloi n\u00eb Vlor\u00eb nj\u00eb takim me banor\u00eb, biznese dhe persona q\u00eb pretendonin pron\u00ebsi n\u00eb Zv\u00ebrnec. U [&hellip;]<\/p>\n","protected":false},"author":9,"featured_media":105634,"comment_status":"open","ping_status":"open","sticky":false,"template":"","format":"standard","meta":{"jetpack_post_was_ever_published":false,"_jetpack_newsletter_access":"","_jetpack_dont_email_post_to_subs":false,"_jetpack_newsletter_tier_id":0,"_jetpack_memberships_contains_paywalled_content":false,"_jetpack_memberships_contains_paid_content":false,"footnotes":"","jetpack_publicize_message":"","jetpack_publicize_feature_enabled":true,"jetpack_social_post_already_shared":true,"jetpack_social_options":{"image_generator_settings":{"template":"highway","default_image_id":0,"font":"","enabled":false},"version":2}},"categories":[27,1,2,35],"tags":[],"class_list":["post-105633","post","type-post","status-publish","format-standard","has-post-thumbnail","hentry","category-blogu-i-udhetarit","category-njoftime-shtypi","category-politika","category-shoqerore"],"jetpack_publicize_connections":[],"jetpack_featured_media_url":"https:\/\/i0.wp.com\/www.shqiperia.com\/blog\/wp-content\/uploads\/2026\/09\/auto_QEVERIA1788204763.png?fit=900%2C507&ssl=1","jetpack_sharing_enabled":true,"jetpack_shortlink":"https:\/\/wp.me\/p5Z6wp-rtL","jetpack-related-posts":[{"id":104400,"url":"https:\/\/www.shqiperia.com\/blog\/i-sfiduar-nga-protesta-e-flamingove-rama-forcon-sektorin-e-propagandes\/","url_meta":{"origin":105633,"position":0},"title":"I sfiduar nga protesta e Flamingove, Rama forcon sektorin e propagand\u00ebs","author":"Kurt Farka","date":"August 14, 2026","format":false,"excerpt":"14 Gusht 2026 Kryeministri njoftoi rekrutime t\u00eb reja n\u00eb Agjencin\u00eb e Medias dhe Informacionit, e kritikuar nga organizatat nd\u00ebrkomb\u00ebtare si \u201cministri propagande\u201d. Agjencia p\u00ebr Media dhe Informim pran\u00eb qeveris\u00eb hapi t\u00eb enjten nj\u00eb thirrje t\u00eb hapur p\u00ebr rekrutimin e stafit t\u00eb ri, profesionist\u00eb t\u00eb komunikimit publik, nd\u00ebrsa qeveria po p\u00ebrballet\u2026","rel":"","context":"In &quot;Blogu i Udh\u00ebtarit&quot;","block_context":{"text":"Blogu i Udh\u00ebtarit","link":"https:\/\/www.shqiperia.com\/blog\/category\/blogu-i-udhetarit\/"},"img":{"alt_text":"","src":"https:\/\/i0.wp.com\/www.shqiperia.com\/blog\/wp-content\/uploads\/2026\/08\/protestat-edi-rama-433x300-1.jpg?fit=433%2C300&ssl=1&resize=350%2C200","width":350,"height":200},"classes":[]},{"id":101679,"url":"https:\/\/www.shqiperia.com\/blog\/edi-rama-kerkon-te-terheqe-shba-ne-luften-ndaj-protestuesve-duke-e-konsideruar-levizjen-anti-trumpiste-ja\/","url_meta":{"origin":105633,"position":1},"title":"Edi Rama k\u00ebrkon t\u00eb t\u00ebrheq\u00eb SHBA n\u00eb \u201cluft\u00ebn\u201d ndaj protestuesve duke e konsideruar l\u00ebvizjen anti-Trumpiste, ja\u2026","author":"Kurt Farka","date":"June 21, 2026","format":false,"excerpt":"Kryeministri Edi Rama po tenton me \u00e7do kusht t\u00eb manipuloj\u00eb opinionin publik nd\u00ebrkomb\u00ebtar, duke i m\u00ebshuar fort faktit se protestat masive q\u00eb kan\u00eb mb\u00ebrthyer Shqip\u00ebrin\u00eb prej m\u00eb shum\u00eb se dy jav\u00ebsh jan\u00eb n\u00eb t\u00eb v\u00ebrtet\u00eb nj\u00eb l\u00ebvizje e organizuar kund\u00ebr Presidentit t\u00eb SHBA-ve, Donald Trump, dhe investimeve t\u00eb dh\u00ebndrit t\u00eb\u2026","rel":"","context":"In &quot;Blogu i Udh\u00ebtarit&quot;","block_context":{"text":"Blogu i Udh\u00ebtarit","link":"https:\/\/www.shqiperia.com\/blog\/category\/blogu-i-udhetarit\/"},"img":{"alt_text":"","src":"https:\/\/i0.wp.com\/www.shqiperia.com\/blog\/wp-content\/uploads\/2026\/06\/foto-6-6-750x375-1.jpg?fit=750%2C375&ssl=1&resize=350%2C200","width":350,"height":200,"srcset":"https:\/\/i0.wp.com\/www.shqiperia.com\/blog\/wp-content\/uploads\/2026\/06\/foto-6-6-750x375-1.jpg?fit=750%2C375&ssl=1&resize=350%2C200 1x, https:\/\/i0.wp.com\/www.shqiperia.com\/blog\/wp-content\/uploads\/2026\/06\/foto-6-6-750x375-1.jpg?fit=750%2C375&ssl=1&resize=525%2C300 1.5x, https:\/\/i0.wp.com\/www.shqiperia.com\/blog\/wp-content\/uploads\/2026\/06\/foto-6-6-750x375-1.jpg?fit=750%2C375&ssl=1&resize=700%2C400 2x"},"classes":[]},{"id":100161,"url":"https:\/\/www.shqiperia.com\/blog\/agjencia-telegrafike-me-ekspozite-shpalos-historine-e-lajmit-shqiptar\/","url_meta":{"origin":105633,"position":2},"title":"Agjencia Telegrafike me ekspozit\u00eb shpalos historin\u00eb e lajmit shqiptar","author":"Kurt Farka","date":"May 12, 2026","format":false,"excerpt":"12 Maji 2026 Ekspozita e Agjencis\u00eb Telegrafike duket se po zgjon kureshtje jo t\u00eb vog\u00ebl. Agjencia raporton se qindra turist\u00eb t\u00eb huaj jan\u00eb ndalur t\u00eb vizitojn\u00eb me k\u00ebrsh\u00ebri ekspozit\u00ebn e \u00e7elur n\u00eb Kalan\u00eb e Tiran\u00ebs nga Agjencia Telegrafike Shqiptare, me tem\u00eb \u201cATSH \u2013 Nj\u00eb rrug\u00ebtim n\u00eb historin\u00eb e lajmit shqiptar\u201d.\u2026","rel":"","context":"In &quot;Kultura&quot;","block_context":{"text":"Kultura","link":"https:\/\/www.shqiperia.com\/blog\/category\/kultura\/"},"img":{"alt_text":"","src":"https:\/\/i0.wp.com\/www.shqiperia.com\/blog\/wp-content\/uploads\/2026\/05\/0dac2990-5481-4e1a-bc5f-856643659817.jpg?fit=870%2C519&ssl=1&resize=350%2C200","width":350,"height":200,"srcset":"https:\/\/i0.wp.com\/www.shqiperia.com\/blog\/wp-content\/uploads\/2026\/05\/0dac2990-5481-4e1a-bc5f-856643659817.jpg?fit=870%2C519&ssl=1&resize=350%2C200 1x, https:\/\/i0.wp.com\/www.shqiperia.com\/blog\/wp-content\/uploads\/2026\/05\/0dac2990-5481-4e1a-bc5f-856643659817.jpg?fit=870%2C519&ssl=1&resize=525%2C300 1.5x, https:\/\/i0.wp.com\/www.shqiperia.com\/blog\/wp-content\/uploads\/2026\/05\/0dac2990-5481-4e1a-bc5f-856643659817.jpg?fit=870%2C519&ssl=1&resize=700%2C400 2x"},"classes":[]},{"id":100126,"url":"https:\/\/www.shqiperia.com\/blog\/prokurimi-publik-rama-per-pak-ia-kemi-kaluar-suedise-gjermanise-edhe-frances\/","url_meta":{"origin":105633,"position":3},"title":"Prokurimi Publik, Rama: &#8211; P\u00ebr pak, ia kemi kaluar Suedis\u00eb, Gjermanis\u00eb edhe Franc\u00ebs","author":"Kurt Farka","date":"May 11, 2026","format":false,"excerpt":"11 Maji 2026 Kryeministri Edi Rama dhe Drejtorja e P\u00ebrgjithshme e Agjencis\u00eb s\u00eb Prokurimit Publik, Reida Kashta zhvilluan nj\u00eb konferenc\u00eb p\u00ebr mediat, ku fol\u00ebn mbi procesin dhe se ku q\u00ebndron sot Shqip\u00ebria n\u00eb fush\u00ebn e prokurimeve publike. Gjat\u00eb fjal\u00ebs s\u00eb tij, Rama theksoi se vendi yn\u00eb ndodhet n\u00eb faz\u00eb t\u00eb\u2026","rel":"","context":"In &quot;Blogu i Udh\u00ebtarit&quot;","block_context":{"text":"Blogu i Udh\u00ebtarit","link":"https:\/\/www.shqiperia.com\/blog\/category\/blogu-i-udhetarit\/"},"img":{"alt_text":"","src":"https:\/\/i0.wp.com\/www.shqiperia.com\/blog\/wp-content\/uploads\/2026\/05\/84458d0d-d1ac-4a4c-bd9e-37ceec9a0e38-1536x1023-1.jpg?fit=1200%2C799&ssl=1&resize=350%2C200","width":350,"height":200,"srcset":"https:\/\/i0.wp.com\/www.shqiperia.com\/blog\/wp-content\/uploads\/2026\/05\/84458d0d-d1ac-4a4c-bd9e-37ceec9a0e38-1536x1023-1.jpg?fit=1200%2C799&ssl=1&resize=350%2C200 1x, https:\/\/i0.wp.com\/www.shqiperia.com\/blog\/wp-content\/uploads\/2026\/05\/84458d0d-d1ac-4a4c-bd9e-37ceec9a0e38-1536x1023-1.jpg?fit=1200%2C799&ssl=1&resize=525%2C300 1.5x, https:\/\/i0.wp.com\/www.shqiperia.com\/blog\/wp-content\/uploads\/2026\/05\/84458d0d-d1ac-4a4c-bd9e-37ceec9a0e38-1536x1023-1.jpg?fit=1200%2C799&ssl=1&resize=700%2C400 2x, https:\/\/i0.wp.com\/www.shqiperia.com\/blog\/wp-content\/uploads\/2026\/05\/84458d0d-d1ac-4a4c-bd9e-37ceec9a0e38-1536x1023-1.jpg?fit=1200%2C799&ssl=1&resize=1050%2C600 3x"},"classes":[]},{"id":102392,"url":"https:\/\/www.shqiperia.com\/blog\/shqetesime-mbi-ligjin-e-ri-per-shish-zgjeron-syrin-e-sherbimit-sekret-mbi-stabilitetin-e-brendshem\/","url_meta":{"origin":105633,"position":4},"title":"Shqet\u00ebsime mbi ligjin e ri p\u00ebr SHISH: &#8211; Zgjeron syrin e sh\u00ebrbimit sekret mbi \u201cstabilitetin e brendsh\u00ebm\u201d","author":"Kurt Farka","date":"July 9, 2026","format":false,"excerpt":"9 Korrik 2026 Sh\u00ebrbimi Informativ i Shtetit (SHISH) n\u00eb Shqip\u00ebri pritet t\u00eb marr\u00eb kompetenca m\u00eb t\u00eb gjera \u2013 p\u00ebr her\u00eb t\u00eb par\u00eb q\u00eb nga miratimi i ligjit t\u00eb tij themelor n\u00eb vitin 1998. P\u00ebrve\u00e7 detyrave tradicionale n\u00eb fush\u00ebn e kund\u00ebrzbulimit dhe siguris\u00eb komb\u00ebtare, institucioni do t\u00eb ket\u00eb mandat t\u00eb mbledh\u00eb\u2026","rel":"","context":"In &quot;Blogu i Udh\u00ebtarit&quot;","block_context":{"text":"Blogu i Udh\u00ebtarit","link":"https:\/\/www.shqiperia.com\/blog\/category\/blogu-i-udhetarit\/"},"img":{"alt_text":"","src":"https:\/\/i0.wp.com\/www.shqiperia.com\/blog\/wp-content\/uploads\/2026\/07\/AA81E3AB-2B78-4989-9420-CBB66EB21768_w408_r1_s.jpg?fit=408%2C230&ssl=1&resize=350%2C200","width":350,"height":200},"classes":[]},{"id":102113,"url":"https:\/\/www.shqiperia.com\/blog\/ppe-pa-qeveri-teknike-nuk-garantohet-integriteti-i-zgjedhjeve\/","url_meta":{"origin":105633,"position":5},"title":"PPE: Pa qeveri teknike nuk garantohet integriteti i zgjedhjeve","author":"Kurt Farka","date":"July 1, 2026","format":false,"excerpt":"1 Korrik 2026 N\u00eb Asamblen\u00eb Politike t\u00eb Partive Popullore n\u00eb Vjen\u00eb u prezantuan edhe gjetjet e raportit t\u00eb Misionit faktmbledh\u00ebs n\u00eb Shqip\u00ebri. n\u00eb nj\u00eb raport t\u00eb detajuar jepen t\u00eb dh\u00ebna alarmante se si kartelet dhe organizatat kriminale kan\u00eb dep\u00ebrtuar deri n\u00eb strukturat m\u00eb t\u00eb larta shtet\u00ebrore. Skanali i Belinda Ballukut\u2026","rel":"","context":"In &quot;Blogu i Udh\u00ebtarit&quot;","block_context":{"text":"Blogu i Udh\u00ebtarit","link":"https:\/\/www.shqiperia.com\/blog\/category\/blogu-i-udhetarit\/"},"img":{"alt_text":"","src":"https:\/\/i0.wp.com\/www.shqiperia.com\/blog\/wp-content\/uploads\/2026\/07\/OIP-1.webp?fit=474%2C279&ssl=1&resize=350%2C200","width":350,"height":200},"classes":[]}],"_links":{"self":[{"href":"https:\/\/www.shqiperia.com\/blog\/wp-json\/wp\/v2\/posts\/105633","targetHints":{"allow":["GET"]}}],"collection":[{"href":"https:\/\/www.shqiperia.com\/blog\/wp-json\/wp\/v2\/posts"}],"about":[{"href":"https:\/\/www.shqiperia.com\/blog\/wp-json\/wp\/v2\/types\/post"}],"author":[{"embeddable":true,"href":"https:\/\/www.shqiperia.com\/blog\/wp-json\/wp\/v2\/users\/9"}],"replies":[{"embeddable":true,"href":"https:\/\/www.shqiperia.com\/blog\/wp-json\/wp\/v2\/comments?post=105633"}],"version-history":[{"count":1,"href":"https:\/\/www.shqiperia.com\/blog\/wp-json\/wp\/v2\/posts\/105633\/revisions"}],"predecessor-version":[{"id":105635,"href":"https:\/\/www.shqiperia.com\/blog\/wp-json\/wp\/v2\/posts\/105633\/revisions\/105635"}],"wp:featuredmedia":[{"embeddable":true,"href":"https:\/\/www.shqiperia.com\/blog\/wp-json\/wp\/v2\/media\/105634"}],"wp:attachment":[{"href":"https:\/\/www.shqiperia.com\/blog\/wp-json\/wp\/v2\/media?parent=105633"}],"wp:term":[{"taxonomy":"category","embeddable":true,"href":"https:\/\/www.shqiperia.com\/blog\/wp-json\/wp\/v2\/categories?post=105633"},{"taxonomy":"post_tag","embeddable":true,"href":"https:\/\/www.shqiperia.com\/blog\/wp-json\/wp\/v2\/tags?post=105633"}],"curies":[{"name":"wp","href":"https:\/\/api.w.org\/{rel}","templated":true}]}}