{"id":105621,"date":"2026-09-01T00:28:49","date_gmt":"2026-09-01T00:28:49","guid":{"rendered":"https:\/\/www.shqiperia.com\/blog\/?p=105621"},"modified":"2026-09-01T00:31:12","modified_gmt":"2026-09-01T00:31:12","slug":"kriza-e-strehimit-ne-spanje-pse-te-rinjte-po-lene-qytetet-per-fshatrat","status":"publish","type":"post","link":"https:\/\/www.shqiperia.com\/blog\/kriza-e-strehimit-ne-spanje-pse-te-rinjte-po-lene-qytetet-per-fshatrat\/","title":{"rendered":"Kriza e strehimit n\u00eb Spanj\u00eb: &#8211; Pse t\u00eb rinjt\u00eb po l\u00ebn\u00eb qytetet p\u00ebr fshatrat"},"content":{"rendered":"<p><img data-recalc-dims=\"1\" loading=\"lazy\" decoding=\"async\" data-attachment-id=\"105622\" data-permalink=\"https:\/\/www.shqiperia.com\/blog\/kriza-e-strehimit-ne-spanje-pse-te-rinjte-po-lene-qytetet-per-fshatrat\/spanje\/\" data-orig-file=\"https:\/\/i0.wp.com\/www.shqiperia.com\/blog\/wp-content\/uploads\/2026\/09\/Spanje.jpeg?fit=1366%2C768&amp;ssl=1\" data-orig-size=\"1366,768\" data-comments-opened=\"1\" data-image-meta=\"{&quot;aperture&quot;:&quot;0&quot;,&quot;credit&quot;:&quot;&quot;,&quot;camera&quot;:&quot;&quot;,&quot;caption&quot;:&quot;&quot;,&quot;created_timestamp&quot;:&quot;0&quot;,&quot;copyright&quot;:&quot;&quot;,&quot;focal_length&quot;:&quot;0&quot;,&quot;iso&quot;:&quot;0&quot;,&quot;shutter_speed&quot;:&quot;0&quot;,&quot;title&quot;:&quot;&quot;,&quot;orientation&quot;:&quot;0&quot;}\" data-image-title=\"Spanje\" data-image-description=\"\" data-image-caption=\"\" data-medium-file=\"https:\/\/i0.wp.com\/www.shqiperia.com\/blog\/wp-content\/uploads\/2026\/09\/Spanje.jpeg?fit=300%2C169&amp;ssl=1\" data-large-file=\"https:\/\/i0.wp.com\/www.shqiperia.com\/blog\/wp-content\/uploads\/2026\/09\/Spanje.jpeg?fit=1024%2C576&amp;ssl=1\" class=\"alignnone  wp-image-105622\" alt=\"\" src=\"https:\/\/i0.wp.com\/www.shqiperia.com\/blog\/wp-content\/uploads\/2026\/09\/Spanje.jpeg?resize=618%2C348&#038;ssl=1\" width=\"618\" height=\"348\" srcset=\"https:\/\/i0.wp.com\/www.shqiperia.com\/blog\/wp-content\/uploads\/2026\/09\/Spanje.jpeg?resize=300%2C169&amp;ssl=1 300w, https:\/\/i0.wp.com\/www.shqiperia.com\/blog\/wp-content\/uploads\/2026\/09\/Spanje.jpeg?resize=1024%2C576&amp;ssl=1 1024w, https:\/\/i0.wp.com\/www.shqiperia.com\/blog\/wp-content\/uploads\/2026\/09\/Spanje.jpeg?resize=768%2C432&amp;ssl=1 768w, https:\/\/i0.wp.com\/www.shqiperia.com\/blog\/wp-content\/uploads\/2026\/09\/Spanje.jpeg?resize=450%2C253&amp;ssl=1 450w, https:\/\/i0.wp.com\/www.shqiperia.com\/blog\/wp-content\/uploads\/2026\/09\/Spanje.jpeg?resize=600%2C337&amp;ssl=1 600w, https:\/\/i0.wp.com\/www.shqiperia.com\/blog\/wp-content\/uploads\/2026\/09\/Spanje.jpeg?resize=1300%2C731&amp;ssl=1 1300w, https:\/\/i0.wp.com\/www.shqiperia.com\/blog\/wp-content\/uploads\/2026\/09\/Spanje.jpeg?resize=400%2C225&amp;ssl=1 400w, https:\/\/i0.wp.com\/www.shqiperia.com\/blog\/wp-content\/uploads\/2026\/09\/Spanje.jpeg?w=1366&amp;ssl=1 1366w\" sizes=\"auto, (max-width: 618px) 100vw, 618px\" \/><\/p>\n<p><strong>1 Shtator 2026<\/strong><\/p>\n<p><strong>13% e personave q\u00eb synojn\u00eb t\u00eb blejn\u00eb nj\u00eb banes\u00eb planifikojn\u00eb t\u00eb zhvendosen n\u00eb zona me m\u00eb pak se 10 mij\u00eb banor\u00eb. Mes tyre mbizot\u00ebrojn\u00eb t\u00eb rinjt\u00eb rreth 35 vje\u00e7, me t\u00eb ardhura mesatare, t\u00eb cil\u00ebt po i shohin zonat rurale t\u00eb Spanj\u00ebs si nj\u00eb rrug\u00ebdalje nga nj\u00eb treg banesash q\u00eb \u00ebsht\u00eb b\u00ebr\u00eb i pap\u00ebrballuesh\u00ebm.<\/strong><\/p>\n<p>Spanja po p\u00ebrballet prej vitesh me nj\u00eb kriz\u00eb strehimi q\u00eb sa vjen e thellohet dhe q\u00eb tashm\u00eb po ndryshon m\u00ebnyr\u00ebn se si t\u00eb rinjt\u00eb mendojn\u00eb p\u00ebr t\u00eb ardhmen e tyre.<\/p>\n<p>P\u00ebr shumic\u00ebn e personave n\u00ebn 40 vje\u00e7, blerja e nj\u00eb apartamenti n\u00eb Madrid, Barcelon\u00eb apo Malaga \u00ebsht\u00eb b\u00ebr\u00eb thuajse e pamundur. As qiraja nuk ofron m\u00eb nj\u00eb alternativ\u00eb t\u00eb p\u00ebrballueshme. T\u00eb rinjt\u00eb q\u00eb largohen nga sht\u00ebpia e prind\u00ebrve p\u00ebr t\u00eb jetuar m\u00eb vete shpenzojn\u00eb mesatarisht 98.7% t\u00eb pag\u00ebs p\u00ebr strehimin.<\/p>\n<p>Pasojat jan\u00eb t\u00eb dukshme. Vet\u00ebm 14.5% e t\u00eb rinjve t\u00eb mosh\u00ebs 16-29 vje\u00e7 kan\u00eb arritur t\u00eb jetojn\u00eb t\u00eb pavarur nga familja, nd\u00ebrsa mosha mesatare e largimit nga sht\u00ebpia e prind\u00ebrve \u00ebsht\u00eb rritur n\u00eb 30 vje\u00e7, kundrejt 26 vje\u00e7 n\u00eb Bashkimin Europian.<\/p>\n<p>Sipas Institutit Komb\u00ebtar t\u00eb Statistikave t\u00eb Spanj\u00ebs (INE), n\u00eb vitin 2025, 44.3% e personave t\u00eb mosh\u00ebs 26-34 vje\u00e7 vazhdonin t\u00eb jetonin n\u00eb sht\u00ebpin\u00eb e familjes.<\/p>\n<p>Brezi i m\u00ebparsh\u00ebm mund t\u00eb blinte nj\u00eb apartament, nj\u00eb makin\u00eb dhe n\u00eb disa raste edhe nj\u00eb sht\u00ebpi t\u00eb dyt\u00eb me nj\u00eb pag\u00eb mesatare. P\u00ebr shum\u00eb t\u00eb rinj sot, kjo \u00ebsht\u00eb kthyer n\u00eb nj\u00eb perspektiv\u00eb pothuajse t\u00eb paarritshme.<\/p>\n<p>Mungesa e banesave dhe k\u00ebrkesa e lart\u00eb kan\u00eb shtyr\u00eb m\u00eb tej \u00e7mimet. Sipas Bankinter, \u00e7mimet e shitjes jan\u00eb rritur me 14.7% gjat\u00eb vitit t\u00eb fundit, nd\u00ebrsa qirat\u00eb me 10.9%. N\u00eb t\u00eb nj\u00ebjt\u00ebn koh\u00eb, pagat e personave n\u00ebn 35 vje\u00e7 kan\u00eb sh\u00ebnuar shum\u00eb pak rritje n\u00eb terma real\u00eb.<\/p>\n<p>Presionit financiar i shtohet edhe cil\u00ebsia e jet\u00ebs n\u00eb qytetet e m\u00ebdha, ku dend\u00ebsia e lart\u00eb e popullsis\u00eb, ndotja dhe ritmi i jetes\u00ebs po i shtyjn\u00eb disa t\u00eb rinj t\u00eb k\u00ebrkojn\u00eb alternativa m\u00eb t\u00eb qeta dhe m\u00eb t\u00eb p\u00ebrballueshme.<\/p>\n<p>P\u00ebr k\u00ebt\u00eb arsye, gjithnj\u00eb e m\u00eb shum\u00eb prej tyre po shohin drejt fshatrave dhe qytezave q\u00eb kan\u00eb humbur banor\u00eb gjat\u00eb dekadave t\u00eb fundit, ku blerja e nj\u00eb sht\u00ebpie nuk \u00ebsht\u00eb kthyer ende n\u00eb nj\u00eb luks t\u00eb paarritsh\u00ebm.<\/p>\n<p><strong>Fshati po kthehet n\u00eb alternativ\u00eb<\/strong><\/p>\n<p>N\u00eb Spanj\u00eb ka qen\u00eb prej koh\u00ebsh tradit\u00eb q\u00eb familjet t\u00eb kthehen n\u00eb fshat gjat\u00eb ver\u00ebs.<\/p>\n<p>Shum\u00eb f\u00ebmij\u00eb kishin nj\u00eb fshat ku shkonin p\u00ebr pushime dhe ata q\u00eb nuk e kishin, shpesh udh\u00ebtonin me miqt\u00eb drejt vendlindjeve t\u00eb gjysh\u00ebrve t\u00eb tyre. P\u00ebr ta, fshati lidhej me dit\u00ebt larg rr\u00ebmuj\u00ebs s\u00eb qytetit, me notin n\u00eb lum\u00eb, loj\u00ebrat dhe koh\u00ebn e kaluar me kush\u00ebrinjt\u00eb.<\/p>\n<p>Ata f\u00ebmij\u00eb jan\u00eb sot t\u00eb rritur dhe po p\u00ebrballen me nj\u00eb realitet ku blerja e nj\u00eb banese n\u00eb nj\u00eb qytet t\u00eb madh k\u00ebrkon nj\u00eb p\u00ebrpjekje financiare gjithnj\u00eb e m\u00eb t\u00eb madhe.<\/p>\n<p>Si rrjedhoj\u00eb, po shfaqet nj\u00eb l\u00ebvizje n\u00eb drejtim t\u00eb kund\u00ebrt me at\u00eb t\u00eb prind\u00ebrve dhe gjysh\u00ebrve t\u00eb tyre: t\u00eb rinjt\u00eb po kthejn\u00eb syt\u00eb nga bashkit\u00eb e vogla, ku nj\u00eb sht\u00ebpi mund t\u00eb blihet ende me nj\u00eb \u00e7mim t\u00eb p\u00ebrballuesh\u00ebm.<\/p>\n<p>Nj\u00eb pjes\u00eb e brezit q\u00eb normalisht do t\u00eb ishte n\u00eb faz\u00ebn e blerjes s\u00eb apartamentit t\u00eb par\u00eb n\u00eb qytet po k\u00ebrkon tashm\u00eb mund\u00ebsi t\u00eb tjera.<\/p>\n<p>Sipas nj\u00eb studimi t\u00eb Fotocasa Research, t\u00eb zhvilluar n\u00eb gjysm\u00ebn e par\u00eb t\u00eb vitit 2026, 13% e personave q\u00eb k\u00ebrkojn\u00eb nj\u00eb banes\u00eb n\u00eb Spanj\u00eb planifikojn\u00eb t\u00eb zhvendosen gjat\u00eb muajve t\u00eb ardhsh\u00ebm n\u00eb nj\u00eb bashki me m\u00eb pak se 10 mij\u00eb banor\u00eb.<\/p>\n<p>Nuk b\u00ebhet fjal\u00eb kryesisht p\u00ebr pensionist\u00eb n\u00eb k\u00ebrkim t\u00eb qet\u00ebsis\u00eb, por p\u00ebr njer\u00ebz t\u00eb rinj dhe n\u00eb mosh\u00eb aktive pune.<\/p>\n<p>Profili q\u00eb del nga studimi \u00ebsht\u00eb i qart\u00eb: personat q\u00eb po p\u00ebrballen me kostot gjithnj\u00eb e m\u00eb t\u00eb larta t\u00eb strehimit jan\u00eb mesatarisht 35 vje\u00e7, kan\u00eb t\u00eb ardhura mujore nga 1,000 deri n\u00eb 3,000 euro dhe, n\u00eb shum\u00eb raste, vazhdojn\u00eb t\u00eb jetojn\u00eb me prind\u00ebrit.<\/p>\n<p>Pjesa m\u00eb e madhe vjen nga Katalonja (22%), Andaluzia (19%) dhe Madridi (18%). Por nj\u00eb element tjet\u00ebr \u00ebsht\u00eb edhe m\u00eb dometh\u00ebn\u00ebs: shumica nuk jeton aktualisht n\u00eb kryeqytetet m\u00eb t\u00eb m\u00ebdha. Rreth 44% banojn\u00eb n\u00eb bashki me m\u00eb shum\u00eb se 50 mij\u00eb banor\u00eb q\u00eb nuk jan\u00eb kryeqendra provincash.<\/p>\n<p>Pra, shum\u00eb prej tyre tashm\u00eb jan\u00eb larg qyteteve m\u00eb t\u00eb m\u00ebdha dhe tani jan\u00eb t\u00eb gatsh\u00ebm t\u00eb b\u00ebjn\u00eb nj\u00eb hap tjet\u00ebr drejt zonave m\u00eb t\u00eb vogla.<\/p>\n<p><strong>Nj\u00eb ndryshim brezash, jo nj\u00eb mod\u00eb kalimtare<\/strong><\/p>\n<p>\u201cPo ndryshon imazhi tradicional i rikthimit t\u00eb popullsis\u00eb n\u00eb zonat rurale. Sot, ata q\u00eb duan t\u00eb vendosen n\u00eb nj\u00eb fshat jan\u00eb kryesisht t\u00eb rinj, n\u00eb mosh\u00eb pune dhe me nj\u00eb projekt jete ende p\u00ebr t\u2019u nd\u00ebrtuar\u201d, tha Mar\u00eda Matos, drejtuese e k\u00ebrkimeve dhe z\u00ebdh\u00ebn\u00ebse e Fotocasa.<\/p>\n<p>Sipas saj, tendenca po e kthen zon\u00ebn rurale n\u00eb nj\u00eb alternativ\u00eb reale p\u00ebr banim. Por q\u00eb kjo t\u00eb shnd\u00ebrrohet n\u00eb nj\u00eb rikthim t\u00eb q\u00ebndruesh\u00ebm t\u00eb popullsis\u00eb, duhen m\u00eb shum\u00eb vende pune, sh\u00ebrbime, lidhje t\u00eb mir\u00eb me internetin dhe infrastruktur\u00eb q\u00eb t\u2019i bind\u00eb njer\u00ebzit jo vet\u00ebm t\u00eb zhvendosen, por edhe t\u00eb q\u00ebndrojn\u00eb.<\/p>\n<p>Edhe mosha e personave t\u00eb interesuar e p\u00ebrforcon tendenc\u00ebn. T\u00eb rinjt\u00eb 18-24 vje\u00e7 p\u00ebrb\u00ebjn\u00eb 23% t\u00eb atyre q\u00eb planifikojn\u00eb t\u00eb zhvendosen n\u00eb zona rurale, nd\u00ebrsa grupmosha 25-34 vje\u00e7 z\u00eb 38%.<\/p>\n<p>Jan\u00eb pik\u00ebrisht grupmoshat q\u00eb tradicionalisht do t\u00eb k\u00ebrkonin apartamentin e par\u00eb n\u00eb qytet. Sot, nj\u00eb pjes\u00eb e tyre po heq dor\u00eb nga kjo mund\u00ebsi.<\/p>\n<p>Mes atyre q\u00eb planifikojn\u00eb t\u00eb zhvendosen, 31% jetojn\u00eb me partnerin dhe f\u00ebmij\u00ebt, nd\u00ebrsa 30% vazhdojn\u00eb t\u00eb jetojn\u00eb me prind\u00ebrit. Kjo e b\u00ebn t\u00eb qart\u00eb se p\u00ebr shum\u00eb prej tyre l\u00ebvizja nuk lidhet vet\u00ebm me d\u00ebshir\u00ebn p\u00ebr nj\u00eb m\u00ebnyr\u00eb tjet\u00ebr jetese, por edhe me v\u00ebshtir\u00ebsin\u00eb p\u00ebr t\u00eb siguruar nj\u00eb banes\u00eb t\u00eb p\u00ebrshtatshme n\u00eb qytet.<\/p>\n<p><strong>\u201cSpanja e zbrazur\u201d si rrug\u00ebdalje<\/strong><\/p>\n<p>Ajo q\u00eb p\u00ebr dekada \u00ebsht\u00eb konsideruar nj\u00eb nga problemet e Spanj\u00ebs \u2013 largimi i banor\u00ebve nga fshatrat dhe zhvendosja e t\u00eb rinjve drejt qyteteve \u2013 po kthehet paradoksalisht n\u00eb nj\u00eb mund\u00ebsi.<\/p>\n<p>N\u00eb shum\u00eb fshatra dhe qyteza ka ende banesa t\u00eb lira dhe me \u00e7mime duksh\u00ebm m\u00eb t\u00eb ul\u00ebta se n\u00eb qendrat urbane.<\/p>\n<p>Por problemi \u00ebsht\u00eb se pik\u00ebrisht k\u00ebto zona kan\u00eb humbur popullsi p\u00ebr vite me radh\u00eb dhe shpesh nuk ofrojn\u00eb vende pune t\u00eb q\u00ebndrueshme, sh\u00ebrbime sh\u00ebndet\u00ebsore cil\u00ebsore, shkolla, internet t\u00eb shpejt\u00eb apo transport publik t\u00eb mjaftuesh\u00ebm.<\/p>\n<p>Ky mbetet kushti kryesor q\u00eb duhet t\u00eb ndryshoj\u00eb n\u00ebse zhvendosja e t\u00eb rinjve drejt zonave rurale do t\u00eb kaloj\u00eb nga nj\u00eb prirje e p\u00ebrkohshme n\u00eb nj\u00eb alternativ\u00eb reale ndaj kriz\u00ebs s\u00eb strehimit.<\/p>\n<p>P\u00ebr momentin, shifrat flasin p\u00ebr nj\u00eb brez q\u00eb \u00ebsht\u00eb i gatsh\u00ebm ta provoj\u00eb. Nj\u00eb brez i goditur nga kriza t\u00eb nj\u00ebpasnj\u00ebshme, q\u00eb nuk k\u00ebrkon luks, por mund\u00ebsin\u00eb p\u00ebr t\u00eb jetuar n\u00eb m\u00ebnyr\u00eb t\u00eb pavarur, p\u00ebr t\u00eb pasur nj\u00eb sht\u00ebpi t\u00eb vet\u00ebn dhe p\u00ebr t\u00eb nd\u00ebrtuar t\u00eb ardhmen.<\/p>\n<p>N\u00eb Spanj\u00ebn e vitit 2026, p\u00ebr shum\u00eb t\u00eb rinj, kjo po duket m\u00eb e realizueshme n\u00eb nj\u00eb fshat t\u00eb Teruelit apo Cuenc\u00ebs sesa n\u00eb nj\u00eb lagje t\u00eb Madridit, Barcelon\u00ebs apo qyteteve t\u00eb tjera t\u00eb m\u00ebdha.\/ Euronews<\/p>\n","protected":false},"excerpt":{"rendered":"<p>1 Shtator 2026 13% e personave q\u00eb synojn\u00eb t\u00eb blejn\u00eb nj\u00eb banes\u00eb planifikojn\u00eb t\u00eb zhvendosen n\u00eb zona me m\u00eb pak se 10 mij\u00eb banor\u00eb. Mes tyre mbizot\u00ebrojn\u00eb t\u00eb rinjt\u00eb rreth 35 vje\u00e7, me t\u00eb ardhura mesatare, t\u00eb cil\u00ebt po i shohin zonat rurale t\u00eb Spanj\u00ebs si nj\u00eb rrug\u00ebdalje nga nj\u00eb treg banesash q\u00eb \u00ebsht\u00eb b\u00ebr\u00eb [&hellip;]<\/p>\n","protected":false},"author":9,"featured_media":105622,"comment_status":"open","ping_status":"open","sticky":false,"template":"","format":"standard","meta":{"jetpack_post_was_ever_published":false,"_jetpack_newsletter_access":"","_jetpack_dont_email_post_to_subs":false,"_jetpack_newsletter_tier_id":0,"_jetpack_memberships_contains_paywalled_content":false,"_jetpack_memberships_contains_paid_content":false,"footnotes":"","jetpack_publicize_message":"","jetpack_publicize_feature_enabled":true,"jetpack_social_post_already_shared":true,"jetpack_social_options":{"image_generator_settings":{"template":"highway","default_image_id":0,"font":"","enabled":false},"version":2}},"categories":[27,14,35],"tags":[],"class_list":["post-105621","post","type-post","status-publish","format-standard","has-post-thumbnail","hentry","category-blogu-i-udhetarit","category-press-releases","category-shoqerore"],"jetpack_publicize_connections":[],"jetpack_featured_media_url":"https:\/\/i0.wp.com\/www.shqiperia.com\/blog\/wp-content\/uploads\/2026\/09\/Spanje.jpeg?fit=1366%2C768&ssl=1","jetpack_sharing_enabled":true,"jetpack_shortlink":"https:\/\/wp.me\/p5Z6wp-rtz","jetpack-related-posts":[{"id":101659,"url":"https:\/\/www.shqiperia.com\/blog\/shqiperia-po-humbet-rinine-deri-ne-2050-pritet-te-zhduket-43-e-grupmoshes-15-24-vjec\/","url_meta":{"origin":105621,"position":0},"title":"Shqip\u00ebria po humbet rinin\u00eb: &#8211; Deri n\u00eb 2050 pritet t\u00eb \u201czhduket\u201d 43% e grupmosh\u00ebs 15-24 vje\u00e7","author":"Kurt Farka","date":"June 21, 2026","format":false,"excerpt":"G\u00ebzimi, pedagog n\u00eb Universitetin e Elbasanit, thot\u00eb p\u00ebr studimin e zotit G\u00ebdeshi se \u201ckur largohet nj\u00eb pjes\u00eb e madhe e popullsis\u00eb, pjesa q\u00eb mbetet \u00ebsht\u00eb ajo q\u00eb ose nuk ka mund\u00ebsi ose nuk do t\u00eb emigroj\u00eb. Rrjedhimisht emigrimi fillon t\u00eb pak\u00ebsohet, por jo t\u00eb shmanget. P\u00ebr shembull, kur i pyet\u2026","rel":"","context":"In &quot;Blogu i Udh\u00ebtarit&quot;","block_context":{"text":"Blogu i Udh\u00ebtarit","link":"https:\/\/www.shqiperia.com\/blog\/category\/blogu-i-udhetarit\/"},"img":{"alt_text":"","src":"https:\/\/i0.wp.com\/www.shqiperia.com\/blog\/wp-content\/uploads\/2026\/06\/Popullsi-1024x642-1.jpg?fit=1024%2C642&ssl=1&resize=350%2C200","width":350,"height":200,"srcset":"https:\/\/i0.wp.com\/www.shqiperia.com\/blog\/wp-content\/uploads\/2026\/06\/Popullsi-1024x642-1.jpg?fit=1024%2C642&ssl=1&resize=350%2C200 1x, https:\/\/i0.wp.com\/www.shqiperia.com\/blog\/wp-content\/uploads\/2026\/06\/Popullsi-1024x642-1.jpg?fit=1024%2C642&ssl=1&resize=525%2C300 1.5x, https:\/\/i0.wp.com\/www.shqiperia.com\/blog\/wp-content\/uploads\/2026\/06\/Popullsi-1024x642-1.jpg?fit=1024%2C642&ssl=1&resize=700%2C400 2x"},"classes":[]},{"id":101004,"url":"https:\/\/www.shqiperia.com\/blog\/thirrja-e-forte-nga-protesta-per-te-rinjte-mos-u-largoni-nga-shqiperia-duhet-te-ike-rama-studentet-nderrojne-qeverine\/","url_meta":{"origin":105621,"position":1},"title":"Thirrja e fort\u00eb nga protesta p\u00ebr t\u00eb rinjt\u00eb: Mos u largoni nga Shqip\u00ebria, duhet t\u00eb ik\u00eb Rama! Student\u00ebt nd\u00ebrrojn\u00eb qeverin\u00eb!","author":"Kurt Farka","date":"June 3, 2026","format":false,"excerpt":"3 Qershor 2026 Thirrje t\u00eb forta vijn\u00eb nga protesta para Kryeministris\u00eb q\u00eb po mbahet kund\u00ebr projektit t\u00eb Zv\u00ebrnecit dhe jo vet\u00ebm. Nj\u00eb i ri iu ka b\u00ebr\u00eb thirrje shqiptar\u00ebve q\u00eb t\u00eb mos ikin nga vendi i tyre, nd\u00ebrsa ai q\u00eb duhet t\u00eb ik\u00eb \u00ebsht\u00eb vet\u00ebm Rama Madje ai ta se\u2026","rel":"","context":"In &quot;Kultura&quot;","block_context":{"text":"Kultura","link":"https:\/\/www.shqiperia.com\/blog\/category\/kultura\/"},"img":{"alt_text":"","src":"https:\/\/i0.wp.com\/www.shqiperia.com\/blog\/wp-content\/uploads\/2026\/06\/protesta-zvernces.jpeg?fit=675%2C450&ssl=1&resize=350%2C200","width":350,"height":200,"srcset":"https:\/\/i0.wp.com\/www.shqiperia.com\/blog\/wp-content\/uploads\/2026\/06\/protesta-zvernces.jpeg?fit=675%2C450&ssl=1&resize=350%2C200 1x, https:\/\/i0.wp.com\/www.shqiperia.com\/blog\/wp-content\/uploads\/2026\/06\/protesta-zvernces.jpeg?fit=675%2C450&ssl=1&resize=525%2C300 1.5x"},"classes":[]},{"id":105534,"url":"https:\/\/www.shqiperia.com\/blog\/indianet-ne-serat-shqiptare-te-rinjte-braktisin-bujqesine-bizneset-plotesojne-mungesat-me-punetore-te-huaj\/","url_meta":{"origin":105621,"position":2},"title":"Indian\u00ebt n\u00eb serat shqiptare, t\u00eb rinjt\u00eb braktisin bujq\u00ebsin\u00eb, bizneset plot\u00ebsojn\u00eb mungesat me pun\u00ebtor\u00eb t\u00eb huaj","author":"Kurt Farka","date":"August 30, 2026","format":false,"excerpt":"30 Gusht 2026 Bujq\u00ebsia intensive k\u00ebrkon miliona fidane q\u00eb t\u00eb mbillen nga veriu n\u00eb jug t\u00eb Shqip\u00ebris\u00eb, sepse edhe ne po zgjerohemi drejt prodhimit n\u00eb sera. Dikur k\u00ebto fidane mbilleshin nga duart e pun\u00ebtor\u00ebve tan\u00eb, nd\u00ebrsa sot po mbillen e po rriten nga duart e indian\u00ebve. \u201cEmri im \u00ebsht\u00eb Ashu.\u2026","rel":"","context":"In &quot;Blogu i Udh\u00ebtarit&quot;","block_context":{"text":"Blogu i Udh\u00ebtarit","link":"https:\/\/www.shqiperia.com\/blog\/category\/blogu-i-udhetarit\/"},"img":{"alt_text":"","src":"https:\/\/i0.wp.com\/www.shqiperia.com\/blog\/wp-content\/uploads\/2026\/08\/images-1_sd-7-800x450-1.webp?fit=800%2C450&ssl=1&resize=350%2C200","width":350,"height":200,"srcset":"https:\/\/i0.wp.com\/www.shqiperia.com\/blog\/wp-content\/uploads\/2026\/08\/images-1_sd-7-800x450-1.webp?fit=800%2C450&ssl=1&resize=350%2C200 1x, https:\/\/i0.wp.com\/www.shqiperia.com\/blog\/wp-content\/uploads\/2026\/08\/images-1_sd-7-800x450-1.webp?fit=800%2C450&ssl=1&resize=525%2C300 1.5x, https:\/\/i0.wp.com\/www.shqiperia.com\/blog\/wp-content\/uploads\/2026\/08\/images-1_sd-7-800x450-1.webp?fit=800%2C450&ssl=1&resize=700%2C400 2x"},"classes":[]},{"id":100418,"url":"https:\/\/www.shqiperia.com\/blog\/shkup-te-rinjte-arrijne-te-bashkohen-rreth-nje-ideje-te-paster-dhe-kombetare\/","url_meta":{"origin":105621,"position":3},"title":"Shkup: &#8211; T\u00eb rinjt\u00eb arrijn\u00eb t\u00eb bashkohen rreth nj\u00eb ideje t\u00eb past\u00ebr dhe komb\u00ebtare","author":"Kurt Farka","date":"May 18, 2026","format":false,"excerpt":"18 Maji 2026 Protesta sot (18 maji) n\u00eb Shkup arrin nj\u00eb masivitet t\u00eb madh, at\u00ebher\u00eb kjo nuk duhet t\u00eb mbetet vet\u00ebm nj\u00eb revolt\u00eb nj\u00ebditore, por nj\u00eb mesazh i qart\u00eb se shqiptar\u00ebt n\u00eb Maqedonin\u00eb e Veriut jan\u00eb lodhur nga politika e vjet\u00ebr dhe figurat q\u00eb prej dekadash qarkullojn\u00eb vet\u00ebm p\u00ebr interesa\u2026","rel":"","context":"In &quot;Blogu i Udh\u00ebtarit&quot;","block_context":{"text":"Blogu i Udh\u00ebtarit","link":"https:\/\/www.shqiperia.com\/blog\/category\/blogu-i-udhetarit\/"},"img":{"alt_text":"","src":"https:\/\/i0.wp.com\/www.shqiperia.com\/blog\/wp-content\/uploads\/2026\/05\/701600512_1565575028908226_8852565815301446201_n.jpg?fit=1200%2C655&ssl=1&resize=350%2C200","width":350,"height":200,"srcset":"https:\/\/i0.wp.com\/www.shqiperia.com\/blog\/wp-content\/uploads\/2026\/05\/701600512_1565575028908226_8852565815301446201_n.jpg?fit=1200%2C655&ssl=1&resize=350%2C200 1x, https:\/\/i0.wp.com\/www.shqiperia.com\/blog\/wp-content\/uploads\/2026\/05\/701600512_1565575028908226_8852565815301446201_n.jpg?fit=1200%2C655&ssl=1&resize=525%2C300 1.5x, https:\/\/i0.wp.com\/www.shqiperia.com\/blog\/wp-content\/uploads\/2026\/05\/701600512_1565575028908226_8852565815301446201_n.jpg?fit=1200%2C655&ssl=1&resize=700%2C400 2x, https:\/\/i0.wp.com\/www.shqiperia.com\/blog\/wp-content\/uploads\/2026\/05\/701600512_1565575028908226_8852565815301446201_n.jpg?fit=1200%2C655&ssl=1&resize=1050%2C600 3x"},"classes":[]},{"id":102724,"url":"https:\/\/www.shqiperia.com\/blog\/pershpejtohet-ora-biologjike-te-rinjte-plaken-me-shpejt-se-gjeneratat-e-meparshme\/","url_meta":{"origin":105621,"position":4},"title":"P\u00ebrshpejtohet ora biologjike, t\u00eb rinjt\u00eb plaken m\u00eb shpejt se gjeneratat e m\u00ebparshme","author":"Kurt Farka","date":"July 15, 2026","format":false,"excerpt":"15 Korrik 2026 T\u00eb rinjt\u00eb po plaken m\u00eb shpejt n\u00eb krahasim me gjeneratat e m\u00ebparshme. Arsyet jan\u00eb ende t\u00eb paqarta dhe n\u00ebn v\u00ebzhgim. Ajo q\u00eb v\u00ebrehet \u00ebsht\u00eb nj\u00eb or\u00eb biologjike m\u00eb e shpejt\u00eb n\u00eb krahasim me ata t\u00eb lindur pak dekada m\u00eb par\u00eb. Ndryshimet v\u00ebrehen pas vitit 1965, ku ky\u2026","rel":"","context":"In &quot;Blogu i Udh\u00ebtarit&quot;","block_context":{"text":"Blogu i Udh\u00ebtarit","link":"https:\/\/www.shqiperia.com\/blog\/category\/blogu-i-udhetarit\/"},"img":{"alt_text":"","src":"https:\/\/i0.wp.com\/www.shqiperia.com\/blog\/wp-content\/uploads\/2026\/07\/Screenshot-2026-06-26-110534-1024x588-1.jpg?fit=1024%2C588&ssl=1&resize=350%2C200","width":350,"height":200,"srcset":"https:\/\/i0.wp.com\/www.shqiperia.com\/blog\/wp-content\/uploads\/2026\/07\/Screenshot-2026-06-26-110534-1024x588-1.jpg?fit=1024%2C588&ssl=1&resize=350%2C200 1x, https:\/\/i0.wp.com\/www.shqiperia.com\/blog\/wp-content\/uploads\/2026\/07\/Screenshot-2026-06-26-110534-1024x588-1.jpg?fit=1024%2C588&ssl=1&resize=525%2C300 1.5x, https:\/\/i0.wp.com\/www.shqiperia.com\/blog\/wp-content\/uploads\/2026\/07\/Screenshot-2026-06-26-110534-1024x588-1.jpg?fit=1024%2C588&ssl=1&resize=700%2C400 2x"},"classes":[]},{"id":102547,"url":"https:\/\/www.shqiperia.com\/blog\/protesta-sfidon-tubimet-partiake-shtresa-mesme-dhe-e-personave-me-karriere-te-konsoliduar\/","url_meta":{"origin":105621,"position":5},"title":"Protesta sfidon tubimet partiake, Shtresa mesme dhe e personave me \u2018karrier\u00eb t\u00eb konsoliduar\u2019.","author":"Kurt Farka","date":"July 12, 2026","format":false,"excerpt":"12 Korrik 2026 N\u00eb tre dekadat e fundit, Shqip\u00ebria ka par\u00eb me qindra protesta p\u00ebrball\u00eb zyr\u00ebs s\u00eb Kryeministris\u00eb \u2013 godina q\u00eb simbolizon pushtetin e vrazhd\u00eb n\u00eb Shqip\u00ebri. Por asnj\u00ebra prej tyre nuk ngjason me l\u00ebvizjen maraton\u00eb t\u00eb muajit t\u00eb fundit, t\u00eb pag\u00ebzuar si \u201cRevolucioni i Flamingove\u201d, ku arti dhe kreativiteti\u2026","rel":"","context":"In &quot;Blogu i Udh\u00ebtarit&quot;","block_context":{"text":"Blogu i Udh\u00ebtarit","link":"https:\/\/www.shqiperia.com\/blog\/category\/blogu-i-udhetarit\/"},"img":{"alt_text":"","src":"https:\/\/i0.wp.com\/www.shqiperia.com\/blog\/wp-content\/uploads\/2026\/07\/b7c67458-453d-4456-abdf-55721022dced-1140x570-1.jpg?fit=566%2C384&ssl=1&resize=350%2C200","width":350,"height":200,"srcset":"https:\/\/i0.wp.com\/www.shqiperia.com\/blog\/wp-content\/uploads\/2026\/07\/b7c67458-453d-4456-abdf-55721022dced-1140x570-1.jpg?fit=566%2C384&ssl=1&resize=350%2C200 1x, https:\/\/i0.wp.com\/www.shqiperia.com\/blog\/wp-content\/uploads\/2026\/07\/b7c67458-453d-4456-abdf-55721022dced-1140x570-1.jpg?fit=566%2C384&ssl=1&resize=525%2C300 1.5x"},"classes":[]}],"_links":{"self":[{"href":"https:\/\/www.shqiperia.com\/blog\/wp-json\/wp\/v2\/posts\/105621","targetHints":{"allow":["GET"]}}],"collection":[{"href":"https:\/\/www.shqiperia.com\/blog\/wp-json\/wp\/v2\/posts"}],"about":[{"href":"https:\/\/www.shqiperia.com\/blog\/wp-json\/wp\/v2\/types\/post"}],"author":[{"embeddable":true,"href":"https:\/\/www.shqiperia.com\/blog\/wp-json\/wp\/v2\/users\/9"}],"replies":[{"embeddable":true,"href":"https:\/\/www.shqiperia.com\/blog\/wp-json\/wp\/v2\/comments?post=105621"}],"version-history":[{"count":2,"href":"https:\/\/www.shqiperia.com\/blog\/wp-json\/wp\/v2\/posts\/105621\/revisions"}],"predecessor-version":[{"id":105624,"href":"https:\/\/www.shqiperia.com\/blog\/wp-json\/wp\/v2\/posts\/105621\/revisions\/105624"}],"wp:featuredmedia":[{"embeddable":true,"href":"https:\/\/www.shqiperia.com\/blog\/wp-json\/wp\/v2\/media\/105622"}],"wp:attachment":[{"href":"https:\/\/www.shqiperia.com\/blog\/wp-json\/wp\/v2\/media?parent=105621"}],"wp:term":[{"taxonomy":"category","embeddable":true,"href":"https:\/\/www.shqiperia.com\/blog\/wp-json\/wp\/v2\/categories?post=105621"},{"taxonomy":"post_tag","embeddable":true,"href":"https:\/\/www.shqiperia.com\/blog\/wp-json\/wp\/v2\/tags?post=105621"}],"curies":[{"name":"wp","href":"https:\/\/api.w.org\/{rel}","templated":true}]}}