{"id":105618,"date":"2026-09-01T00:24:07","date_gmt":"2026-09-01T00:24:07","guid":{"rendered":"https:\/\/www.shqiperia.com\/blog\/?p=105618"},"modified":"2026-09-01T00:24:07","modified_gmt":"2026-09-01T00:24:07","slug":"ne-shqiperi-vijne-aziatiket-per-te-punuar-kurse-italia-po-merr-punonjesit-shqiptare-te-tekstileve","status":"publish","type":"post","link":"https:\/\/www.shqiperia.com\/blog\/ne-shqiperi-vijne-aziatiket-per-te-punuar-kurse-italia-po-merr-punonjesit-shqiptare-te-tekstileve\/","title":{"rendered":"N\u00eb Shqip\u00ebri vijn\u00eb aziatik\u00ebt p\u00ebr t\u00eb punuar, kurse Italia po merr punonj\u00ebsit shqiptar\u00eb t\u00eb tekstileve"},"content":{"rendered":"<p><img data-recalc-dims=\"1\" loading=\"lazy\" decoding=\"async\" data-attachment-id=\"105619\" data-permalink=\"https:\/\/www.shqiperia.com\/blog\/ne-shqiperi-vijne-aziatiket-per-te-punuar-kurse-italia-po-merr-punonjesit-shqiptare-te-tekstileve\/featured-kryesore\/\" data-orig-file=\"https:\/\/i0.wp.com\/www.shqiperia.com\/blog\/wp-content\/uploads\/2026\/09\/featured-kryesore.jpg?fit=1727%2C972&amp;ssl=1\" data-orig-size=\"1727,972\" data-comments-opened=\"1\" data-image-meta=\"{&quot;aperture&quot;:&quot;0&quot;,&quot;credit&quot;:&quot;&quot;,&quot;camera&quot;:&quot;&quot;,&quot;caption&quot;:&quot;&quot;,&quot;created_timestamp&quot;:&quot;0&quot;,&quot;copyright&quot;:&quot;&quot;,&quot;focal_length&quot;:&quot;0&quot;,&quot;iso&quot;:&quot;0&quot;,&quot;shutter_speed&quot;:&quot;0&quot;,&quot;title&quot;:&quot;&quot;,&quot;orientation&quot;:&quot;1&quot;}\" data-image-title=\"featured-kryesore\" data-image-description=\"\" data-image-caption=\"\" data-medium-file=\"https:\/\/i0.wp.com\/www.shqiperia.com\/blog\/wp-content\/uploads\/2026\/09\/featured-kryesore.jpg?fit=300%2C169&amp;ssl=1\" data-large-file=\"https:\/\/i0.wp.com\/www.shqiperia.com\/blog\/wp-content\/uploads\/2026\/09\/featured-kryesore.jpg?fit=1024%2C576&amp;ssl=1\" class=\"alignnone  wp-image-105619\" alt=\"\" src=\"https:\/\/i0.wp.com\/www.shqiperia.com\/blog\/wp-content\/uploads\/2026\/09\/featured-kryesore.jpg?resize=508%2C286&#038;ssl=1\" width=\"508\" height=\"286\" srcset=\"https:\/\/i0.wp.com\/www.shqiperia.com\/blog\/wp-content\/uploads\/2026\/09\/featured-kryesore.jpg?resize=300%2C169&amp;ssl=1 300w, https:\/\/i0.wp.com\/www.shqiperia.com\/blog\/wp-content\/uploads\/2026\/09\/featured-kryesore.jpg?resize=1024%2C576&amp;ssl=1 1024w, https:\/\/i0.wp.com\/www.shqiperia.com\/blog\/wp-content\/uploads\/2026\/09\/featured-kryesore.jpg?resize=768%2C432&amp;ssl=1 768w, https:\/\/i0.wp.com\/www.shqiperia.com\/blog\/wp-content\/uploads\/2026\/09\/featured-kryesore.jpg?resize=1536%2C865&amp;ssl=1 1536w, https:\/\/i0.wp.com\/www.shqiperia.com\/blog\/wp-content\/uploads\/2026\/09\/featured-kryesore.jpg?resize=450%2C253&amp;ssl=1 450w, https:\/\/i0.wp.com\/www.shqiperia.com\/blog\/wp-content\/uploads\/2026\/09\/featured-kryesore.jpg?resize=600%2C338&amp;ssl=1 600w, https:\/\/i0.wp.com\/www.shqiperia.com\/blog\/wp-content\/uploads\/2026\/09\/featured-kryesore.jpg?resize=1500%2C844&amp;ssl=1 1500w, https:\/\/i0.wp.com\/www.shqiperia.com\/blog\/wp-content\/uploads\/2026\/09\/featured-kryesore.jpg?resize=1300%2C732&amp;ssl=1 1300w, https:\/\/i0.wp.com\/www.shqiperia.com\/blog\/wp-content\/uploads\/2026\/09\/featured-kryesore.jpg?resize=400%2C225&amp;ssl=1 400w, https:\/\/i0.wp.com\/www.shqiperia.com\/blog\/wp-content\/uploads\/2026\/09\/featured-kryesore.jpg?w=1727&amp;ssl=1 1727w\" sizes=\"auto, (max-width: 508px) 100vw, 508px\" \/><\/p>\n<p>1 Shtator 2026<\/p>\n<p>Prej disa jav\u00ebsh, n\u00eb faqet online t\u00eb agjencive t\u00eb nd\u00ebrmjet\u00ebsimit p\u00ebr pun\u00ebsim po shfaqen njoftime p\u00ebr rekrutimin e punonj\u00ebseve shqiptare me profesionin rrobaqep\u00ebse, p\u00ebr t\u2019u pun\u00ebsuar n\u00eb fabrikat e prodhimit t\u00eb veshjeve n\u00eb Itali.<\/p>\n<p>Nga njoftimet e publikuara m\u00ebsohet se punonj\u00ebseve u ofrohet pun\u00ebsim i rregullt n\u00eb Itali, me kontrat\u00eb pune sipas rregullave italiane. Paga neto nis nga 1,300 euro n\u00eb muaj.<\/p>\n<p>Sipas njoftimeve, gjithashtu punonj\u00ebset p\u00ebrfitojn\u00eb 13 paga vjetore, pushime t\u00eb paguara, akomodim t\u00eb siguruar nga pun\u00ebdh\u00ebn\u00ebsi, kushte pune dhe mund\u00ebsi p\u00ebr bashk\u00ebpunim afatgjat\u00eb. P\u00ebr aplikim k\u00ebrkohet t\u00eb pakt\u00ebn 1 vit eksperienc\u00eb pune n\u00eb nd\u00ebrmarrjet fason n\u00eb Shqip\u00ebri.<\/p>\n<p>Monitor kontaktoi nj\u00eb prej agjencive t\u00eb nd\u00ebrmjet\u00ebsimit, e cila sqaroi se kandidatet q\u00eb k\u00ebrkohen p\u00ebr t\u2019u pun\u00ebsuar si rrobaqep\u00ebse n\u00eb fabrikat italiane duhet t\u00eb ken\u00eb eksperienc\u00eb pune n\u00eb sektorin fason t\u00eb veshjeve n\u00eb Shqip\u00ebri dhe t\u00eb jen\u00eb t\u00eb grup-mosh\u00ebs 20 deri n\u00eb 50 vje\u00e7.<\/p>\n<p>P\u00ebrve\u00e7 pun\u00ebsimit kompania ofronte edhe akomodimin. Ofertat p\u00ebr pun\u00ebsim sipas agjencis\u00eb vijn\u00eb nga fabrika t\u00eb prodhimit t\u00eb veshjeve t\u00eb linjta n\u00eb Pisa, Bergamo dhe Peruxhia.<\/p>\n<p><strong>Pse Italia po k\u00ebrkon rrobaqep\u00ebse shqiptare?<\/strong><\/p>\n<p>Rekrutimi i punonj\u00ebseve shqiptare p\u00ebr fabrikat italiane vjen n\u00eb nj\u00eb koh\u00eb kur edhe industria italiane e tekstilit, veshjeve dhe k\u00ebpuc\u00ebve po p\u00ebrballet me munges\u00eb t\u00eb fuqis\u00eb pun\u00ebtore.<\/p>\n<p>Sipas t\u00eb dh\u00ebnave t\u00eb publikuara nga Unioncamere (\u00a0Unioni Italian i\u00a0Dhomave t\u00eb Tregtis\u00eb, Industris\u00eb, Artizanatit\u00a0dhe Bujq\u00ebsis\u00eb) dhe Ministris\u00eb Italiane t\u00eb Pun\u00ebs, p\u00ebrmes Sistemit Informativ Excelsior, kompanit\u00eb italiane parashikojn\u00eb rreth 568 mij\u00eb hyrje t\u00eb reja n\u00eb pun\u00eb p\u00ebr muajin korrik 2026 dhe rreth 1,5 mln gjat\u00eb periudh\u00ebs korrik\u2013shtator.<\/p>\n<p>N\u00eb industrin\u00eb e tekstilit, veshjeve dhe k\u00ebpuc\u00ebve parashikohen rreth 7 mij\u00eb hyrje n\u00eb korrik dhe rreth 20 mij\u00eb gjat\u00eb tremujorit. V\u00ebshtir\u00ebsia p\u00ebr gjetjen e punonj\u00ebsve n\u00eb k\u00ebt\u00eb sektor arrin n\u00eb 56.2%, duke evidentuar nj\u00eb mosp\u00ebrputhje t\u00eb konsiderueshme mes k\u00ebrkes\u00ebs s\u00eb kompanive dhe ofert\u00ebs s\u00eb fuqis\u00eb pun\u00ebtore.<\/p>\n<p>N\u00eb t\u00eb gjith\u00eb sektor\u00ebt, 42.6% e pozicioneve t\u00eb parashikuara p\u00ebr t\u2019u plot\u00ebsuar n\u00eb Itali rezultojn\u00eb t\u00eb v\u00ebshtira p\u00ebr t\u2019u mbushur. Kjo tregon se mungesa e fuqis\u00eb pun\u00ebtore \u00ebsht\u00eb kthyer n\u00eb nj\u00eb problem t\u00eb r\u00ebnd\u00ebsish\u00ebm edhe p\u00ebr kompanit\u00eb italiane.<\/p>\n<p>Po ashtu nj\u00eb nga arsyet edhe rregullorja p\u00ebr forcimin e rregullave t\u00eb produkteve t\u00eb pashitura p\u00ebr veshje dhe k\u00ebpuc\u00eb, ku ndalohet riciklimi i tyre. Rregullorja europiane 2024\/1781 parashikon q\u00eb p\u00ebr kompanit\u00eb e m\u00ebdha,<span>\u00a0<\/span><a href=\"https:\/\/eur-lex.europa.eu\/legal-content\/IT\/TXT\/?uri=CELEX%3A52026XC01806&amp;utm_\">ndalimi i shkat\u00ebrrimit<\/a><span>\u00a0<\/span>t\u00eb k\u00ebtyre produkteve t\u00eb zbatohet nga 19 korriku 2026, nd\u00ebrsa p\u00ebr kompanit\u00eb e mesme nga 19 korriku 2030.<\/p>\n<p>Rregullat e reja po sjellin edhe ndryshime n\u00eb menaxhimin e prodhimit dhe stokut t\u00eb kompanive europiane. P\u00ebr prodhuesit italian\u00eb t\u00eb veshjeve transferimi i fabrik\u00ebs n\u00eb vendin e tyre, duke e larguar nga shtetet aziatike apo afrikane ku u transferuan p\u00ebr shkak t\u00eb kostos t\u00eb lir\u00eb s\u00eb fuqis\u00eb pun\u00ebtore, do t\u00eb thot\u00eb se\u00a0 mund t\u00eb menaxhoj\u00eb m\u00eb leht\u00eb sasin\u00eb e prodhimit dhe stokut q\u00eb nuk lejohet m\u00eb t\u00eb riciklohet, por vet\u00ebm t\u00eb dhurohet.<\/p>\n<p>Por rekrutimi i rrobaqep\u00ebseve shqiptare p\u00ebr n\u00eb Itali po krijon nj\u00eb kontrast p\u00ebr industrin\u00eb fason n\u00eb vend.<\/p>\n<p>Prej vitesh, p\u00ebrfaq\u00ebsuesit e sektorit fason n\u00eb Shqip\u00ebri kan\u00eb ngritur shqet\u00ebsimin p\u00ebr munges\u00ebn e fuqis\u00eb pun\u00ebtore. N\u00eb vitin 2023 drejtues t\u00eb sektorit kan\u00eb folur p\u00ebr nj\u00eb nevoj\u00eb q\u00eb arrinte deri n\u00eb 20 mij\u00eb vende t\u00eb lira pune.<\/p>\n<p>Mungesa e punonj\u00ebsve ishte aq e theksuar sa shum\u00eb fabrika nis\u00ebn t\u00eb rekrutonin gra nga Nepali Filipinet dhe Birmania p\u00ebr t\u00eb plot\u00ebsuar vendet vakante.<\/p>\n<p>N\u00eb t\u00eb nj\u00ebjt\u00ebn koh\u00eb, kompanit\u00eb nis\u00ebn t\u00eb hapnin linja t\u00eb reja prodhimi deri n\u00eb zonat rurale, aty ku m\u00eb par\u00eb nuk kishte industri fason. Kjo krijoi edhe nj\u00eb tend\u00eb t\u00eb re p\u00ebr sektorin, duke nisur t\u00eb zhvillohej industria atje ku nuk ekzistonte m\u00eb par\u00eb.<\/p>\n<p>Edhe s\u00eb fundmi fabrika t\u00eb sektorit t\u00eb veshjeve t\u00eb industris\u00eb fason n\u00eb Tiran\u00eb pohuan p\u00ebr Monitor munges\u00ebn e fuqis\u00eb pun\u00ebtore vendase. P\u00ebr rrjedhoj\u00eb po pun\u00ebsojn\u00eb gra t\u00eb huaja nga shtetet aziatike.<\/p>\n<p>Po teksa nd\u00ebr vite kompanit\u00eb shqiptare kan\u00eb ngritur shqet\u00ebsimin e munges\u00ebs s\u00eb fuqis\u00eb pun\u00ebtore, numri i t\u00eb pun\u00ebsuarve n\u00eb sektor ka ardhur n\u00eb r\u00ebnie.<\/p>\n<p>Sipas t\u00eb dh\u00ebnave t\u00eb INSTAT n\u00eb vitin 2024 n\u00eb sektorin e tekstileve dhe k\u00ebpuc\u00ebve ishin t\u00eb pun\u00ebsuar rreth 41,2 mij\u00eb persona. Prej tyre, rreth 25 mij\u00eb punonin n\u00eb industrin\u00eb e tekstileve dhe 16,2 mij\u00eb n\u00eb sektorin e k\u00ebpuc\u00ebve. Krahasuar me vitin 2022, numri i t\u00eb pun\u00ebsuarve n\u00eb k\u00ebto industri ishte ulur me rreth 8 mij\u00eb persona, ose 19.4%.<\/p>\n<p>Problemet e sektorit nuk lidhen vet\u00ebm me munges\u00ebn e fuqis\u00eb pun\u00ebtore.<\/p>\n<p>Fason\u00ebt jan\u00eb p\u00ebrballur edhe me r\u00ebnien e kontratave dhe porosive, forcimin e lekut dhe rritjen e kostove t\u00eb pun\u00ebs. K\u00ebta faktor\u00eb kan\u00eb sjell\u00eb jo vet\u00ebm shkurtim t\u00eb vendeve t\u00eb pun\u00ebs, por edhe mbylljen e disa fabrikave.<\/p>\n<p>N\u00eb mars 2026, p\u00ebrfaq\u00ebsues t\u00eb sektorit iu drejtuan Komisionit Parlamentar t\u00eb Ekonomis\u00eb me nj\u00eb paket\u00eb k\u00ebrkesash p\u00ebr mb\u00ebshtetjen e industris\u00eb, ku p\u00ebrfshihej rishikimi i taksave dhe mb\u00ebshtetja p\u00ebr investimet n\u00eb teknologji dhe amortizim.<\/p>\n<p>Sipas p\u00ebrfaq\u00ebsuesve t\u00eb Shoqat\u00ebs ProEksport Albania, gjat\u00eb vitit 2025 sektori i manifaktur\u00ebs humbi rreth 12 mij\u00eb vende pune, si pasoj\u00eb e zhvler\u00ebsimit t\u00eb euros, r\u00ebnies s\u00eb kontratave t\u00eb porosive dhe rritjes s\u00eb kostos s\u00eb pun\u00ebs.<\/p>\n<p><a href=\"https:\/\/monitor.al\/nga-zerim-i-takses-per-lendet-e-para-tap-mbi-50-mije-leke-fasoni-kerkon-mbeshtetje-te-ekonomia\/\">Nga zerim i taks\u00ebs p\u00ebr l\u00ebn\u00ebt e para, TAP mbi 50 mij\u00eb lek\u00eb, fasoni k\u00ebrkon mb\u00ebshtetje tek Ekonomia<\/a><\/p>\n<p>Kjo tendenc\u00eb konfirmohet dhe nga t\u00eb dh\u00ebnat e INSTAT, ku eksportet e tekstileve e k\u00ebpuc\u00ebve jan\u00eb n\u00eb r\u00ebnie p\u00ebr kat\u00ebr vjet radhazi. P\u00ebr periudh\u00ebn janar- korrik 2026, eksportet e k\u00ebtij grupi ishin 59.8 miliard\u00eb lek\u00eb, me nj\u00eb tkurrje prej 7.7% n\u00eb krahasim me t\u00eb nj\u00ebjt\u00ebn periudh\u00eb t\u00eb nj\u00eb viti m\u00eb par\u00eb.<\/p>\n<p>P\u00ebr vite me radh\u00eb industria fason ka krijuar nj\u00eb baz\u00eb punonj\u00ebsish t\u00eb specializuar, ve\u00e7an\u00ebrisht rrobaqep\u00ebse me eksperienc\u00eb n\u00eb prodhimin p\u00ebr kompani dhe marka europiane.<\/p>\n<p>N\u00ebse punonj\u00ebsit me eksperienc\u00eb largohen drejt tregjeve europiane p\u00ebr shkak t\u00eb pagave m\u00eb t\u00eb mira, drejtues t\u00eb fabrikave shqiptare paralajm\u00ebrojn\u00eb se jo vet\u00ebm q\u00eb do t\u00eb rriten v\u00ebshtir\u00ebsit\u00eb p\u00ebr rekrutime t\u00eb reja, por edhe p\u00ebr p\u00ebrmbushje t\u00eb kontratave dhe porosive t\u00eb reja. \/ D.Azo<\/p>\n<p><img data-recalc-dims=\"1\" loading=\"lazy\" decoding=\"async\" class=\"alignnone size-large wp-image-477427\" alt=\"\" src=\"https:\/\/i0.wp.com\/monitor.al\/wp-content\/uploads\/2026\/08\/eksporte-1024x498.png?resize=1024%2C498&#038;ssl=1\" width=\"1024\" height=\"498\" \/><\/p>\n","protected":false},"excerpt":{"rendered":"<p>1 Shtator 2026 Prej disa jav\u00ebsh, n\u00eb faqet online t\u00eb agjencive t\u00eb nd\u00ebrmjet\u00ebsimit p\u00ebr pun\u00ebsim po shfaqen njoftime p\u00ebr rekrutimin e punonj\u00ebseve shqiptare me profesionin rrobaqep\u00ebse, p\u00ebr t\u2019u pun\u00ebsuar n\u00eb fabrikat e prodhimit t\u00eb veshjeve n\u00eb Itali. Nga njoftimet e publikuara m\u00ebsohet se punonj\u00ebseve u ofrohet pun\u00ebsim i rregullt n\u00eb Itali, me kontrat\u00eb pune sipas [&hellip;]<\/p>\n","protected":false},"author":9,"featured_media":105619,"comment_status":"open","ping_status":"open","sticky":false,"template":"","format":"standard","meta":{"jetpack_post_was_ever_published":false,"_jetpack_newsletter_access":"","_jetpack_dont_email_post_to_subs":false,"_jetpack_newsletter_tier_id":0,"_jetpack_memberships_contains_paywalled_content":false,"_jetpack_memberships_contains_paid_content":false,"footnotes":"","jetpack_publicize_message":"","jetpack_publicize_feature_enabled":true,"jetpack_social_post_already_shared":true,"jetpack_social_options":{"image_generator_settings":{"template":"highway","default_image_id":0,"font":"","enabled":false},"version":2}},"categories":[27,1,2,35],"tags":[],"class_list":["post-105618","post","type-post","status-publish","format-standard","has-post-thumbnail","hentry","category-blogu-i-udhetarit","category-njoftime-shtypi","category-politika","category-shoqerore"],"jetpack_publicize_connections":[],"jetpack_featured_media_url":"https:\/\/i0.wp.com\/www.shqiperia.com\/blog\/wp-content\/uploads\/2026\/09\/featured-kryesore.jpg?fit=1727%2C972&ssl=1","jetpack_sharing_enabled":true,"jetpack_shortlink":"https:\/\/wp.me\/p5Z6wp-rtw","jetpack-related-posts":[{"id":104901,"url":"https:\/\/www.shqiperia.com\/blog\/nga-italia-drejt-shqiperise-tre-veliera-me-aktiviste-ne-mbeshtetje-solidaritet-me-protestat-qytetare-kunder-rames\/","url_meta":{"origin":105618,"position":0},"title":"Nga Italia drejt Shqip\u00ebris\u00eb, tre veliera me aktivist\u00eb n\u00eb mb\u00ebshtetje solidaritet me protestat qytetare kund\u00ebr Ram\u00ebs","author":"Kurt Farka","date":"August 21, 2026","format":false,"excerpt":"21 Gusht 2926 Tre varka me vela jan\u00eb nisur mbr\u00ebmjen e djeshme nga Brindisi drejt Shqip\u00ebris\u00eb, n\u00eb kuad\u00ebr t\u00eb nj\u00eb nisme solidariteti me protestat n\u00eb Shqip\u00ebri, l\u00ebvizja qytetare q\u00eb prej m\u00eb shum\u00eb se 80 dit\u00ebsh po zhvillon protesta n\u00eb qytete t\u00eb ndryshme shqiptare. Anijet, pjes\u00eb e Global Sumud Flotilla, u\u2026","rel":"","context":"In &quot;Blogu i Udh\u00ebtarit&quot;","block_context":{"text":"Blogu i Udh\u00ebtarit","link":"https:\/\/www.shqiperia.com\/blog\/category\/blogu-i-udhetarit\/"},"img":{"alt_text":"","src":"https:\/\/i0.wp.com\/www.shqiperia.com\/blog\/wp-content\/uploads\/2026\/08\/Flamuri-i-Shqiperise-dhe-ai-i-Italise-Foto-ilustruese.jpg?fit=802%2C512&ssl=1&resize=350%2C200","width":350,"height":200,"srcset":"https:\/\/i0.wp.com\/www.shqiperia.com\/blog\/wp-content\/uploads\/2026\/08\/Flamuri-i-Shqiperise-dhe-ai-i-Italise-Foto-ilustruese.jpg?fit=802%2C512&ssl=1&resize=350%2C200 1x, https:\/\/i0.wp.com\/www.shqiperia.com\/blog\/wp-content\/uploads\/2026\/08\/Flamuri-i-Shqiperise-dhe-ai-i-Italise-Foto-ilustruese.jpg?fit=802%2C512&ssl=1&resize=525%2C300 1.5x, https:\/\/i0.wp.com\/www.shqiperia.com\/blog\/wp-content\/uploads\/2026\/08\/Flamuri-i-Shqiperise-dhe-ai-i-Italise-Foto-ilustruese.jpg?fit=802%2C512&ssl=1&resize=700%2C400 2x"},"classes":[]},{"id":101492,"url":"https:\/\/www.shqiperia.com\/blog\/diaspora-vijon-te-bashkohet-ne-proteste-sot-thirrje-per-tu-mbledhur-ne-shesh-ne-torino-pisa-e-parma\/","url_meta":{"origin":105618,"position":1},"title":"Diaspora vijon t\u00eb bashkohet n\u00eb protest\u00eb, sot thirrje p\u00ebr tu mbledhur n\u00eb shesh n\u00eb Torino, Pisa e Parma","author":"Kurt Farka","date":"June 14, 2026","format":false,"excerpt":"Nga Alba Kepi Novara, Fermo, Torino, Pistoia, Pisa, Padova, Parma, Milano, Nettuno, Roma. Jan\u00eb me dhjet\u00ebra sheshe italiane ku emigrant\u00ebt shqiptar\u00eb po shprehin solidaritetin dhe zem\u00ebrimin e tyre ndaj qeveris\u00eb s\u00eb Tiran\u00ebs, duke iu bashkuar protestave q\u00eb prej dit\u00ebsh kan\u00eb p\u00ebrfshir\u00eb Shqip\u00ebrin\u00eb. Nj\u00eb jav\u00eb m\u00eb par\u00eb nisi vala e reagimeve\u2026","rel":"","context":"In &quot;Kultura&quot;","block_context":{"text":"Kultura","link":"https:\/\/www.shqiperia.com\/blog\/category\/kultura\/"},"img":{"alt_text":"","src":"https:\/\/i0.wp.com\/www.shqiperia.com\/blog\/wp-content\/uploads\/2026\/06\/auto_93091a9e-06c5-4a5d-a348-76d2c53d80261781418265.jpg?fit=900%2C600&ssl=1&resize=350%2C200","width":350,"height":200,"srcset":"https:\/\/i0.wp.com\/www.shqiperia.com\/blog\/wp-content\/uploads\/2026\/06\/auto_93091a9e-06c5-4a5d-a348-76d2c53d80261781418265.jpg?fit=900%2C600&ssl=1&resize=350%2C200 1x, https:\/\/i0.wp.com\/www.shqiperia.com\/blog\/wp-content\/uploads\/2026\/06\/auto_93091a9e-06c5-4a5d-a348-76d2c53d80261781418265.jpg?fit=900%2C600&ssl=1&resize=525%2C300 1.5x, https:\/\/i0.wp.com\/www.shqiperia.com\/blog\/wp-content\/uploads\/2026\/06\/auto_93091a9e-06c5-4a5d-a348-76d2c53d80261781418265.jpg?fit=900%2C600&ssl=1&resize=700%2C400 2x"},"classes":[]},{"id":102369,"url":"https:\/\/www.shqiperia.com\/blog\/tregu-i-punes-ne-shqiperi-pushtohet-nga-filipinasit-dhe-indianet-lejet-e-punes-per-te-huajt-rriten-43\/","url_meta":{"origin":105618,"position":2},"title":"Tregu i pun\u00ebs n\u00eb Shqiperi \u201cpushtohet\u201d nga filipinasit dhe indian\u00ebt, lejet e pun\u00ebs p\u00ebr t\u00eb huajt rriten 43%","author":"Kurt Farka","date":"July 8, 2026","format":false,"excerpt":"8 Korrik 2026 Mungesa e fuqis\u00eb pun\u00ebtore vendase po shtyn gjithnj\u00eb e m\u00eb shum\u00eb bizneset shqiptare t\u00eb k\u00ebrkojn\u00eb staf jasht\u00eb vendit. Vitet e fundit \u00ebsht\u00eb rritur ndjesh\u00ebm prania e punonj\u00ebsve t\u00eb huaj, ve\u00e7an\u00ebrisht nga vendet aziatike, n\u00eb sektor\u00eb si sh\u00ebrbimet (baret dhe restorantet), industria dhe bujq\u00ebsia. Nga kamerier\u00eb e punonj\u00ebs\u2026","rel":"","context":"In &quot;Blogu i Udh\u00ebtarit&quot;","block_context":{"text":"Blogu i Udh\u00ebtarit","link":"https:\/\/www.shqiperia.com\/blog\/category\/blogu-i-udhetarit\/"},"img":{"alt_text":"","src":"https:\/\/i0.wp.com\/www.shqiperia.com\/blog\/wp-content\/uploads\/2026\/07\/l1.jpg?fit=791%2C447&ssl=1&resize=350%2C200","width":350,"height":200,"srcset":"https:\/\/i0.wp.com\/www.shqiperia.com\/blog\/wp-content\/uploads\/2026\/07\/l1.jpg?fit=791%2C447&ssl=1&resize=350%2C200 1x, https:\/\/i0.wp.com\/www.shqiperia.com\/blog\/wp-content\/uploads\/2026\/07\/l1.jpg?fit=791%2C447&ssl=1&resize=525%2C300 1.5x, https:\/\/i0.wp.com\/www.shqiperia.com\/blog\/wp-content\/uploads\/2026\/07\/l1.jpg?fit=791%2C447&ssl=1&resize=700%2C400 2x"},"classes":[]},{"id":105377,"url":"https:\/\/www.shqiperia.com\/blog\/mbi-12-mije-fotonegativa-ruhen-ne-muzeun-historik-kombetar-tirane\/","url_meta":{"origin":105618,"position":3},"title":"Mbi 12 mij\u00eb fotonegativa\u00a0ruhen n\u00eb Muzeun Historik Komb\u00ebtar, Tiran\u00eb\u00a0","author":"Kurt Farka","date":"August 28, 2026","format":false,"excerpt":"28 Gusht 2026 Nga Julia Vrapi Fondi prej mbi 12 mij\u00eb fotonegativ\u00ebsh i Muzeut Historik Komb\u00ebtar po kalon n\u00eb procesin e digjitalizimit nga Arkivi Q\u00ebndror Shtet\u00ebror i Filmit. Puna, e cila ka nisur prej m\u00eb pak se nj\u00eb viti, ka sjell\u00eb deri tani 4289 fotografi t\u00eb digjitalizuara. Procesi synon ruajtjen\u2026","rel":"","context":"In &quot;Blogu i Udh\u00ebtarit&quot;","block_context":{"text":"Blogu i Udh\u00ebtarit","link":"https:\/\/www.shqiperia.com\/blog\/category\/blogu-i-udhetarit\/"},"img":{"alt_text":"","src":"https:\/\/i0.wp.com\/www.shqiperia.com\/blog\/wp-content\/uploads\/2026\/08\/muzeuu-6a8fd28eb20bf.png?fit=576%2C394&ssl=1&resize=350%2C200","width":350,"height":200,"srcset":"https:\/\/i0.wp.com\/www.shqiperia.com\/blog\/wp-content\/uploads\/2026\/08\/muzeuu-6a8fd28eb20bf.png?fit=576%2C394&ssl=1&resize=350%2C200 1x, https:\/\/i0.wp.com\/www.shqiperia.com\/blog\/wp-content\/uploads\/2026\/08\/muzeuu-6a8fd28eb20bf.png?fit=576%2C394&ssl=1&resize=525%2C300 1.5x"},"classes":[]},{"id":103783,"url":"https:\/\/www.shqiperia.com\/blog\/trafiku-i-ri-shqiperi-itali-po-lulezon-ne-heshtje-breshkat-e-tokes-shiten-nga-60-2000-euro-ne-tregun-e-zi\/","url_meta":{"origin":105618,"position":4},"title":"Trafiku i ri Shqip\u00ebri-Itali po lul\u00ebzon n\u00eb heshtje! Breshkat e tok\u00ebs shiten nga 60-2000 euro n\u00eb tregun e zi","author":"Kurt Farka","date":"August 4, 2026","format":false,"excerpt":"4 Gusht 2026 Nd\u00ebrkoh\u00eb q\u00eb gjith\u00eb v\u00ebmendja komb\u00ebtare dhe evropiane e ka fokusin n\u00eb trafikun e l\u00ebnd\u00ebve narkotike mes Shqip\u00ebris\u00eb dhe Italis\u00eb, nj\u00eb trafik i ri po lul\u00ebzon n\u00eb heshtje; ajo e breshkave t\u00eb tok\u00ebs, nj\u00eb specie n\u00eb zhdukje e cila mbrohet nga Konventa e Uashingtonit (Cites), raporton Top Channel.\u2026","rel":"","context":"In &quot;Blogu i Udh\u00ebtarit&quot;","block_context":{"text":"Blogu i Udh\u00ebtarit","link":"https:\/\/www.shqiperia.com\/blog\/category\/blogu-i-udhetarit\/"},"img":{"alt_text":"","src":"https:\/\/i0.wp.com\/www.shqiperia.com\/blog\/wp-content\/uploads\/2026\/08\/diferencias_entre_tortugas_de_agua_y_de_tierra_3.jpg.webp?fit=600%2C399&ssl=1&resize=350%2C200","width":350,"height":200,"srcset":"https:\/\/i0.wp.com\/www.shqiperia.com\/blog\/wp-content\/uploads\/2026\/08\/diferencias_entre_tortugas_de_agua_y_de_tierra_3.jpg.webp?fit=600%2C399&ssl=1&resize=350%2C200 1x, https:\/\/i0.wp.com\/www.shqiperia.com\/blog\/wp-content\/uploads\/2026\/08\/diferencias_entre_tortugas_de_agua_y_de_tierra_3.jpg.webp?fit=600%2C399&ssl=1&resize=525%2C300 1.5x"},"classes":[]},{"id":103023,"url":"https:\/\/www.shqiperia.com\/blog\/be-fut-ne-lupe-financat-e-edi-rames-eurodeputeti-plas-bomben-zbulon-se-kryeministri-perdor-familjen-e-tij-per\/","url_meta":{"origin":105618,"position":5},"title":"BE fut n\u00eb \u201clup\u00eb\u201d financat e Edi Ram\u00ebs, eurodeputeti plas \u201cbomb\u00ebn\u201d, zbulon se kryeministri p\u00ebrdor familjen e tij p\u00ebr\u2026","author":"Kurt Farka","date":"July 21, 2026","format":false,"excerpt":"21 Korrik 2026 Nga Gazeta Sot Bashkimi Europian po monitoron nga af\u00ebr situat\u00ebn n\u00eb Shqip\u00ebri dhe paralelisht po ndjek edhe l\u00ebvizjet financiare q\u00eb, sipas eurodeputetit t\u00eb grupit t\u00eb Partis\u00eb Popullore Europiane (EPP), Tom\u00e1\u0161 Zdechovsk\u00fd, lidhen me kryeministrin Edi Rama dhe familjen e tij. Gjat\u00eb nj\u00eb interviste televizive, eurodeputeti deklaroi se\u2026","rel":"","context":"In &quot;Blogu i Udh\u00ebtarit&quot;","block_context":{"text":"Blogu i Udh\u00ebtarit","link":"https:\/\/www.shqiperia.com\/blog\/category\/blogu-i-udhetarit\/"},"img":{"alt_text":"","src":"https:\/\/i0.wp.com\/www.shqiperia.com\/blog\/wp-content\/uploads\/2026\/07\/foto-3-6-1140x570-1.jpg?fit=1056%2C570&ssl=1&resize=350%2C200","width":350,"height":200,"srcset":"https:\/\/i0.wp.com\/www.shqiperia.com\/blog\/wp-content\/uploads\/2026\/07\/foto-3-6-1140x570-1.jpg?fit=1056%2C570&ssl=1&resize=350%2C200 1x, https:\/\/i0.wp.com\/www.shqiperia.com\/blog\/wp-content\/uploads\/2026\/07\/foto-3-6-1140x570-1.jpg?fit=1056%2C570&ssl=1&resize=525%2C300 1.5x, https:\/\/i0.wp.com\/www.shqiperia.com\/blog\/wp-content\/uploads\/2026\/07\/foto-3-6-1140x570-1.jpg?fit=1056%2C570&ssl=1&resize=700%2C400 2x, https:\/\/i0.wp.com\/www.shqiperia.com\/blog\/wp-content\/uploads\/2026\/07\/foto-3-6-1140x570-1.jpg?fit=1056%2C570&ssl=1&resize=1050%2C600 3x"},"classes":[]}],"_links":{"self":[{"href":"https:\/\/www.shqiperia.com\/blog\/wp-json\/wp\/v2\/posts\/105618","targetHints":{"allow":["GET"]}}],"collection":[{"href":"https:\/\/www.shqiperia.com\/blog\/wp-json\/wp\/v2\/posts"}],"about":[{"href":"https:\/\/www.shqiperia.com\/blog\/wp-json\/wp\/v2\/types\/post"}],"author":[{"embeddable":true,"href":"https:\/\/www.shqiperia.com\/blog\/wp-json\/wp\/v2\/users\/9"}],"replies":[{"embeddable":true,"href":"https:\/\/www.shqiperia.com\/blog\/wp-json\/wp\/v2\/comments?post=105618"}],"version-history":[{"count":1,"href":"https:\/\/www.shqiperia.com\/blog\/wp-json\/wp\/v2\/posts\/105618\/revisions"}],"predecessor-version":[{"id":105620,"href":"https:\/\/www.shqiperia.com\/blog\/wp-json\/wp\/v2\/posts\/105618\/revisions\/105620"}],"wp:featuredmedia":[{"embeddable":true,"href":"https:\/\/www.shqiperia.com\/blog\/wp-json\/wp\/v2\/media\/105619"}],"wp:attachment":[{"href":"https:\/\/www.shqiperia.com\/blog\/wp-json\/wp\/v2\/media?parent=105618"}],"wp:term":[{"taxonomy":"category","embeddable":true,"href":"https:\/\/www.shqiperia.com\/blog\/wp-json\/wp\/v2\/categories?post=105618"},{"taxonomy":"post_tag","embeddable":true,"href":"https:\/\/www.shqiperia.com\/blog\/wp-json\/wp\/v2\/tags?post=105618"}],"curies":[{"name":"wp","href":"https:\/\/api.w.org\/{rel}","templated":true}]}}