{"id":105615,"date":"2026-08-31T23:48:34","date_gmt":"2026-08-31T23:48:34","guid":{"rendered":"https:\/\/www.shqiperia.com\/blog\/?p=105615"},"modified":"2026-08-31T23:48:34","modified_gmt":"2026-08-31T23:48:34","slug":"mokra-nje-bote-e-fshehur-mes-maleve-valle-kenge-dhe-histori-qe-zgjohen-ne-mokra-nfeste","status":"publish","type":"post","link":"https:\/\/www.shqiperia.com\/blog\/mokra-nje-bote-e-fshehur-mes-maleve-valle-kenge-dhe-histori-qe-zgjohen-ne-mokra-nfeste\/","title":{"rendered":"Mokra, nj\u00eb bot\u00eb e fshehur mes maleve Vall\u00eb, k\u00ebng\u00eb dhe histori q\u00eb zgjohen n\u00eb &#8220;Mokra n&#8217;fest\u00eb&#8221;"},"content":{"rendered":"<p><img data-recalc-dims=\"1\" loading=\"lazy\" decoding=\"async\" data-attachment-id=\"105616\" data-permalink=\"https:\/\/www.shqiperia.com\/blog\/mokra-nje-bote-e-fshehur-mes-maleve-valle-kenge-dhe-histori-qe-zgjohen-ne-mokra-nfeste\/screenshot-2026-08-29-163244-1024x516\/\" data-orig-file=\"https:\/\/i0.wp.com\/www.shqiperia.com\/blog\/wp-content\/uploads\/2026\/08\/Screenshot-2026-08-29-163244-1024x516-1.jpg?fit=1024%2C516&amp;ssl=1\" data-orig-size=\"1024,516\" data-comments-opened=\"1\" data-image-meta=\"{&quot;aperture&quot;:&quot;0&quot;,&quot;credit&quot;:&quot;&quot;,&quot;camera&quot;:&quot;&quot;,&quot;caption&quot;:&quot;&quot;,&quot;created_timestamp&quot;:&quot;0&quot;,&quot;copyright&quot;:&quot;&quot;,&quot;focal_length&quot;:&quot;0&quot;,&quot;iso&quot;:&quot;0&quot;,&quot;shutter_speed&quot;:&quot;0&quot;,&quot;title&quot;:&quot;&quot;,&quot;orientation&quot;:&quot;0&quot;}\" data-image-title=\"Screenshot-2026-08-29-163244-1024&#215;516\" data-image-description=\"\" data-image-caption=\"\" data-medium-file=\"https:\/\/i0.wp.com\/www.shqiperia.com\/blog\/wp-content\/uploads\/2026\/08\/Screenshot-2026-08-29-163244-1024x516-1.jpg?fit=300%2C151&amp;ssl=1\" data-large-file=\"https:\/\/i0.wp.com\/www.shqiperia.com\/blog\/wp-content\/uploads\/2026\/08\/Screenshot-2026-08-29-163244-1024x516-1.jpg?fit=1024%2C516&amp;ssl=1\" class=\"alignnone  wp-image-105616\" alt=\"\" src=\"https:\/\/i0.wp.com\/www.shqiperia.com\/blog\/wp-content\/uploads\/2026\/08\/Screenshot-2026-08-29-163244-1024x516-1.jpg?resize=697%2C351&#038;ssl=1\" width=\"697\" height=\"351\" srcset=\"https:\/\/i0.wp.com\/www.shqiperia.com\/blog\/wp-content\/uploads\/2026\/08\/Screenshot-2026-08-29-163244-1024x516-1.jpg?resize=300%2C151&amp;ssl=1 300w, https:\/\/i0.wp.com\/www.shqiperia.com\/blog\/wp-content\/uploads\/2026\/08\/Screenshot-2026-08-29-163244-1024x516-1.jpg?resize=768%2C387&amp;ssl=1 768w, https:\/\/i0.wp.com\/www.shqiperia.com\/blog\/wp-content\/uploads\/2026\/08\/Screenshot-2026-08-29-163244-1024x516-1.jpg?resize=450%2C227&amp;ssl=1 450w, https:\/\/i0.wp.com\/www.shqiperia.com\/blog\/wp-content\/uploads\/2026\/08\/Screenshot-2026-08-29-163244-1024x516-1.jpg?resize=600%2C302&amp;ssl=1 600w, https:\/\/i0.wp.com\/www.shqiperia.com\/blog\/wp-content\/uploads\/2026\/08\/Screenshot-2026-08-29-163244-1024x516-1.jpg?resize=400%2C202&amp;ssl=1 400w, https:\/\/i0.wp.com\/www.shqiperia.com\/blog\/wp-content\/uploads\/2026\/08\/Screenshot-2026-08-29-163244-1024x516-1.jpg?w=1024&amp;ssl=1 1024w\" sizes=\"auto, (max-width: 697px) 100vw, 697px\" \/><\/p>\n<p><span>1 Shtator 2026<\/span><\/p>\n<p><span>Mes maleve t\u00eb larta, aty ku rrug\u00ebt marrin kthesa dhe koha duket sikur ec\u00ebn m\u00eb ngadal\u00eb, shtrihet Mokra. <\/span><\/p>\n<p><span>Nj\u00eb trev\u00eb e pasur me histori, tradita e rr\u00ebfime t\u00eb p\u00ebrcjella brez pas brezi. Por sot, Mokra nuk na pret n\u00eb heshtje. <\/span><\/p>\n<p><span>Ajo vishet me ngjyra, me k\u00ebng\u00eb, me valle e me dolli, p\u00ebr t\u00eb festuar at\u00eb q\u00eb e ka mbajtur gjall\u00eb nd\u00ebr shekuj, shpirtin e saj.<\/span><\/p>\n","protected":false},"excerpt":{"rendered":"<p>1 Shtator 2026 Mes maleve t\u00eb larta, aty ku rrug\u00ebt marrin kthesa dhe koha duket sikur ec\u00ebn m\u00eb ngadal\u00eb, shtrihet Mokra. Nj\u00eb trev\u00eb e pasur me histori, tradita e rr\u00ebfime t\u00eb p\u00ebrcjella brez pas brezi. Por sot, Mokra nuk na pret n\u00eb heshtje. Ajo vishet me ngjyra, me k\u00ebng\u00eb, me valle e me dolli, p\u00ebr [&hellip;]<\/p>\n","protected":false},"author":9,"featured_media":105616,"comment_status":"open","ping_status":"open","sticky":false,"template":"","format":"standard","meta":{"jetpack_post_was_ever_published":false,"_jetpack_newsletter_access":"","_jetpack_dont_email_post_to_subs":false,"_jetpack_newsletter_tier_id":0,"_jetpack_memberships_contains_paywalled_content":false,"_jetpack_memberships_contains_paid_content":false,"footnotes":"","jetpack_publicize_message":"","jetpack_publicize_feature_enabled":true,"jetpack_social_post_already_shared":true,"jetpack_social_options":{"image_generator_settings":{"template":"highway","default_image_id":0,"font":"","enabled":false},"version":2}},"categories":[27,10,103,35,86],"tags":[],"class_list":["post-105615","post","type-post","status-publish","format-standard","has-post-thumbnail","hentry","category-blogu-i-udhetarit","category-kultura","category-muzika","category-shoqerore","category-trashegimi-kulturore"],"jetpack_publicize_connections":[],"jetpack_featured_media_url":"https:\/\/i0.wp.com\/www.shqiperia.com\/blog\/wp-content\/uploads\/2026\/08\/Screenshot-2026-08-29-163244-1024x516-1.jpg?fit=1024%2C516&ssl=1","jetpack_sharing_enabled":true,"jetpack_shortlink":"https:\/\/wp.me\/p5Z6wp-rtt","jetpack-related-posts":[{"id":101273,"url":"https:\/\/www.shqiperia.com\/blog\/protestat-ne-shqiperi-reagon-delegacioni-i-be-mbro-natyren-sa-je-ne-kohe\/","url_meta":{"origin":105615,"position":0},"title":"Protestat n\u00eb Shqiperi, reagon delegacioni i BE: &#8211; Mbro natyr\u00ebn, sa je n\u00eb koh\u00eb!","author":"Kurt Farka","date":"June 8, 2026","format":false,"excerpt":"8 Qershor 2026 N\u00eb nj\u00eb koh\u00eb q\u00eb protestat n\u00eb vend kan\u00eb hyr\u00eb n\u00eb dit\u00ebn e 9 t\u00eb tyre dhe \u00e7do dit\u00eb po shoq\u00ebrohen me pjes\u00ebmarrje akoma m\u00eb masive, delegacioni i Bashkimit Europian n\u00eb Shqip\u00ebri ka b\u00ebr\u00eb nj\u00eb reagim zyrtare n\u00eb t\u00eb cil\u00ebn b\u00ebn thirrje p\u00ebr mbrojt\u00ebn e natyr\u00ebs. Edhe pse\u2026","rel":"","context":"In &quot;Blogu i Udh\u00ebtarit&quot;","block_context":{"text":"Blogu i Udh\u00ebtarit","link":"https:\/\/www.shqiperia.com\/blog\/category\/blogu-i-udhetarit\/"},"img":{"alt_text":"","src":"https:\/\/i0.wp.com\/www.shqiperia.com\/blog\/wp-content\/uploads\/2026\/06\/IMG_3604-1.jpeg?fit=640%2C480&ssl=1&resize=350%2C200","width":350,"height":200,"srcset":"https:\/\/i0.wp.com\/www.shqiperia.com\/blog\/wp-content\/uploads\/2026\/06\/IMG_3604-1.jpeg?fit=640%2C480&ssl=1&resize=350%2C200 1x, https:\/\/i0.wp.com\/www.shqiperia.com\/blog\/wp-content\/uploads\/2026\/06\/IMG_3604-1.jpeg?fit=640%2C480&ssl=1&resize=525%2C300 1.5x"},"classes":[]},{"id":100908,"url":"https:\/\/www.shqiperia.com\/blog\/nga-himni-kombetar-te-mijera-qytetare-kendojne-kenge-patriotike-ne-mes-te-bulevardit-deshmoret-e-kombit\/","url_meta":{"origin":105615,"position":1},"title":"Nga himni komb\u00ebtar te\u2026\/ Mij\u00ebra qytetar\u00eb k\u00ebndojn\u00eb k\u00ebng\u00eb patriotike n\u00eb mes t\u00eb Bulevardit \u2018D\u00ebshmor\u00ebt e Kombit\u2019","author":"Kurt Farka","date":"June 2, 2026","format":false,"excerpt":"2 Qershor 2026 Mes thirrje antiqeveritare, mij\u00ebra qytetar\u00eb kan\u00eb k\u00ebrkuar nj\u00ebz\u00ebri sot n\u00eb bulevardin \u201cD\u00ebshmor\u00ebt e Kombit\u201d dor\u00ebheqjen e kryeministrit Rama dhe anulimin e projektit p\u00ebr Z\u00ebrnecin, kan\u00eb sjell\u00eb mesazhet e tyre me k\u00ebng\u00eb patriotike. Ata kan\u00eb k\u00ebnduar himnin komb\u00ebtar, si dhe k\u00ebng\u00ebn \u2018P\u00ebr m\u00ebm\u00ebdheun\u2019, nd\u00ebrsa sheshi ka osh\u00ebtir\u00eb n\u00eb\u2026","rel":"","context":"In &quot;Blogu i Udh\u00ebtarit&quot;","block_context":{"text":"Blogu i Udh\u00ebtarit","link":"https:\/\/www.shqiperia.com\/blog\/category\/blogu-i-udhetarit\/"},"img":{"alt_text":"","src":"https:\/\/i0.wp.com\/www.shqiperia.com\/blog\/wp-content\/uploads\/2026\/06\/600-388-ed8475e3e38c0446f15c7e97e77bacac.jpg?fit=600%2C388&ssl=1&resize=350%2C200","width":350,"height":200,"srcset":"https:\/\/i0.wp.com\/www.shqiperia.com\/blog\/wp-content\/uploads\/2026\/06\/600-388-ed8475e3e38c0446f15c7e97e77bacac.jpg?fit=600%2C388&ssl=1&resize=350%2C200 1x, https:\/\/i0.wp.com\/www.shqiperia.com\/blog\/wp-content\/uploads\/2026\/06\/600-388-ed8475e3e38c0446f15c7e97e77bacac.jpg?fit=600%2C388&ssl=1&resize=525%2C300 1.5x"},"classes":[]},{"id":104313,"url":"https:\/\/www.shqiperia.com\/blog\/muzeu-etnografik-i-elbasanit-ruan-deshmi-nga-jeta-dhe-krijimtaria-e-isuf-myzyrit\/","url_meta":{"origin":105615,"position":2},"title":"Muzeu Etnografik i Elbasanit ruan d\u00ebshmi nga jeta dhe krijimtaria e Isuf Myzyrit","author":"Kurt Farka","date":"August 13, 2026","format":false,"excerpt":"13 Gusht 2026 Figura e Isuf Myzyrit z\u00eb nj\u00eb vend t\u00eb r\u00ebnd\u00ebsish\u00ebm n\u00eb trash\u00ebgimin\u00eb muzikore shqiptare. N\u00eb Muzeun Etnografik t\u00eb Elbasanit, vizitor\u00ebt kan\u00eb mund\u00ebsin\u00eb t\u00eb njihen nga af\u00ebr me jet\u00ebn dhe krijimtarin\u00eb e mjeshtrit t\u00eb muzik\u00ebs qytetare. Si\u00e7 \u00ebsht\u00eb b\u00ebr\u00eb me dije nga institucioni, k\u00ebtu \u00ebsht\u00eb ekspozuar nj\u00eb k\u00ebnd i\u2026","rel":"","context":"In &quot;Arte&quot;","block_context":{"text":"Arte","link":"https:\/\/www.shqiperia.com\/blog\/category\/arte\/"},"img":{"alt_text":"","src":"https:\/\/i0.wp.com\/www.shqiperia.com\/blog\/wp-content\/uploads\/2026\/08\/R-1.jpg?fit=926%2C603&ssl=1&resize=350%2C200","width":350,"height":200,"srcset":"https:\/\/i0.wp.com\/www.shqiperia.com\/blog\/wp-content\/uploads\/2026\/08\/R-1.jpg?fit=926%2C603&ssl=1&resize=350%2C200 1x, https:\/\/i0.wp.com\/www.shqiperia.com\/blog\/wp-content\/uploads\/2026\/08\/R-1.jpg?fit=926%2C603&ssl=1&resize=525%2C300 1.5x, https:\/\/i0.wp.com\/www.shqiperia.com\/blog\/wp-content\/uploads\/2026\/08\/R-1.jpg?fit=926%2C603&ssl=1&resize=700%2C400 2x"},"classes":[]},{"id":104289,"url":"https:\/\/www.shqiperia.com\/blog\/mora-fjale-shkon-ne-hollywood-kenga-ikonike-e-naim-gjosit-dhe-shkurte-fejzes-behet-pjese-e-filmit-amerikan\/","url_meta":{"origin":105615,"position":3},"title":"\u201cMora Fjal\u00eb\u201d shkon n\u00eb Hollywood\/ K\u00ebnga ikonike e Naim Gjosit dhe Shkurte Fejz\u00ebs, b\u00ebhet pjes\u00eb e filmit amerikan?","author":"Kurt Farka","date":"August 12, 2026","format":false,"excerpt":"12 Gusht 2026 K\u00ebnga ikonike \u201cMora Fjal\u00eb\u201d e Naim Gjoshit dhe Shkurte Fejz\u00ebs pritet t\u00eb d\u00ebgjohet edhe n\u00eb nj\u00eb produksion t\u00eb ri amerikan q\u00eb trajton nj\u00eb prej kapitujve m\u00eb t\u00eb dhimbsh\u00ebm t\u00eb historis\u00eb s\u00eb Kosov\u00ebs. B\u00ebhet fjal\u00eb p\u00ebr filmin \u201cThe Journalist Mission\u201d, nj\u00eb projekt q\u00eb fokusohet n\u00eb ngjarjet e Luft\u00ebs\u2026","rel":"","context":"In &quot;Arte&quot;","block_context":{"text":"Arte","link":"https:\/\/www.shqiperia.com\/blog\/category\/arte\/"},"img":{"alt_text":"","src":"https:\/\/i0.wp.com\/www.shqiperia.com\/blog\/wp-content\/uploads\/2026\/08\/Naim-Gjoshi-639x480-1-639x430-1.jpg?fit=639%2C430&ssl=1&resize=350%2C200","width":350,"height":200,"srcset":"https:\/\/i0.wp.com\/www.shqiperia.com\/blog\/wp-content\/uploads\/2026\/08\/Naim-Gjoshi-639x480-1-639x430-1.jpg?fit=639%2C430&ssl=1&resize=350%2C200 1x, https:\/\/i0.wp.com\/www.shqiperia.com\/blog\/wp-content\/uploads\/2026\/08\/Naim-Gjoshi-639x480-1-639x430-1.jpg?fit=639%2C430&ssl=1&resize=525%2C300 1.5x"},"classes":[]},{"id":103027,"url":"https:\/\/www.shqiperia.com\/blog\/rama-ata-qe-bertasin-per-shqiperine-e-shqiptareve-jane-e-keqja-me-e-madhe-qe-mund-ti-ndodhe-ketij-vendi\/","url_meta":{"origin":105615,"position":4},"title":"Rama: &#8211; Ata q\u00eb b\u00ebrtasin p\u00ebr \u201cShqip\u00ebrin\u00eb e shqiptar\u00ebve\u201d jan\u00eb e keqja m\u00eb e madhe q\u00eb mund t\u2019i ndodh\u00eb k\u00ebtij vendi","author":"Kurt Farka","date":"July 21, 2026","format":false,"excerpt":"21 Korrik 2026 Kryeministri Edi Rama refuzon k\u00ebrkes\u00ebn e protestuesve p\u00ebr t\u00eb anuluar Paket\u00ebn e Maleve. N\u00eb nj\u00eb video live n\u00eb Facebook,\u00a0kryeministri deklaroi se\u00a0Paketa e Maleve po shitet si nj\u00eb \u201cakt tradhtie\u201d nga ana e tij, nd\u00ebrsa e mbrojti ligjin duke th\u00ebn\u00eb se \u00ebsht\u00eb nj\u00eb mund\u00ebsi p\u00ebr emigrant\u00ebt q\u00eb duan\u2026","rel":"","context":"In &quot;Blogu i Udh\u00ebtarit&quot;","block_context":{"text":"Blogu i Udh\u00ebtarit","link":"https:\/\/www.shqiperia.com\/blog\/category\/blogu-i-udhetarit\/"},"img":{"alt_text":"","src":"https:\/\/i0.wp.com\/www.shqiperia.com\/blog\/wp-content\/uploads\/2026\/07\/Edi-Rama-3-1.jpg?fit=640%2C487&ssl=1&resize=350%2C200","width":350,"height":200,"srcset":"https:\/\/i0.wp.com\/www.shqiperia.com\/blog\/wp-content\/uploads\/2026\/07\/Edi-Rama-3-1.jpg?fit=640%2C487&ssl=1&resize=350%2C200 1x, https:\/\/i0.wp.com\/www.shqiperia.com\/blog\/wp-content\/uploads\/2026\/07\/Edi-Rama-3-1.jpg?fit=640%2C487&ssl=1&resize=525%2C300 1.5x"},"classes":[]},{"id":105481,"url":"https:\/\/www.shqiperia.com\/blog\/gjirokastra-bashkon-folklorin-e-trevave-shqiptare\/","url_meta":{"origin":105615,"position":5},"title":"Gjirokastra bashkon folklorin e trevave shqiptare","author":"Kurt Farka","date":"August 29, 2026","format":false,"excerpt":"29 Gusht 2026 P\u00ebr dy net\u00eb me radh\u00eb, tradita, muzika dhe folklori u b\u00ebn\u00eb bashk\u00eb n\u00eb edicionin e 12-t\u00eb t\u00eb \u201cDivanit Lunxhot\u201d. N\u00eb fshatrat Kakoz dhe Erind, atmosfera festive u shoq\u00ebrua nga performancat e grupeve folklorike, t\u00eb ardhura nga treva t\u00eb ndryshme, duke sjell\u00eb k\u00ebng\u00eb, valle dhe element\u00eb t\u00eb tradit\u00ebs\u2026","rel":"","context":"In &quot;Arte&quot;","block_context":{"text":"Arte","link":"https:\/\/www.shqiperia.com\/blog\/category\/arte\/"},"img":{"alt_text":"","src":"https:\/\/i0.wp.com\/www.shqiperia.com\/blog\/wp-content\/uploads\/2026\/08\/Netet-e-Divanit-Lunxhot-gusht-2026-1.jpg?fit=1024%2C492&ssl=1&resize=350%2C200","width":350,"height":200,"srcset":"https:\/\/i0.wp.com\/www.shqiperia.com\/blog\/wp-content\/uploads\/2026\/08\/Netet-e-Divanit-Lunxhot-gusht-2026-1.jpg?fit=1024%2C492&ssl=1&resize=350%2C200 1x, https:\/\/i0.wp.com\/www.shqiperia.com\/blog\/wp-content\/uploads\/2026\/08\/Netet-e-Divanit-Lunxhot-gusht-2026-1.jpg?fit=1024%2C492&ssl=1&resize=525%2C300 1.5x, https:\/\/i0.wp.com\/www.shqiperia.com\/blog\/wp-content\/uploads\/2026\/08\/Netet-e-Divanit-Lunxhot-gusht-2026-1.jpg?fit=1024%2C492&ssl=1&resize=700%2C400 2x"},"classes":[]}],"_links":{"self":[{"href":"https:\/\/www.shqiperia.com\/blog\/wp-json\/wp\/v2\/posts\/105615","targetHints":{"allow":["GET"]}}],"collection":[{"href":"https:\/\/www.shqiperia.com\/blog\/wp-json\/wp\/v2\/posts"}],"about":[{"href":"https:\/\/www.shqiperia.com\/blog\/wp-json\/wp\/v2\/types\/post"}],"author":[{"embeddable":true,"href":"https:\/\/www.shqiperia.com\/blog\/wp-json\/wp\/v2\/users\/9"}],"replies":[{"embeddable":true,"href":"https:\/\/www.shqiperia.com\/blog\/wp-json\/wp\/v2\/comments?post=105615"}],"version-history":[{"count":1,"href":"https:\/\/www.shqiperia.com\/blog\/wp-json\/wp\/v2\/posts\/105615\/revisions"}],"predecessor-version":[{"id":105617,"href":"https:\/\/www.shqiperia.com\/blog\/wp-json\/wp\/v2\/posts\/105615\/revisions\/105617"}],"wp:featuredmedia":[{"embeddable":true,"href":"https:\/\/www.shqiperia.com\/blog\/wp-json\/wp\/v2\/media\/105616"}],"wp:attachment":[{"href":"https:\/\/www.shqiperia.com\/blog\/wp-json\/wp\/v2\/media?parent=105615"}],"wp:term":[{"taxonomy":"category","embeddable":true,"href":"https:\/\/www.shqiperia.com\/blog\/wp-json\/wp\/v2\/categories?post=105615"},{"taxonomy":"post_tag","embeddable":true,"href":"https:\/\/www.shqiperia.com\/blog\/wp-json\/wp\/v2\/tags?post=105615"}],"curies":[{"name":"wp","href":"https:\/\/api.w.org\/{rel}","templated":true}]}}