{"id":105612,"date":"2026-08-31T23:43:00","date_gmt":"2026-08-31T23:43:00","guid":{"rendered":"https:\/\/www.shqiperia.com\/blog\/?p=105612"},"modified":"2026-08-31T23:43:00","modified_gmt":"2026-08-31T23:43:00","slug":"analiza-lorenc-vangjeli-shtatori-i-ankthit-per-qeverine-paralajmeron-nje-tjeter-vjeshte-te-gjate","status":"publish","type":"post","link":"https:\/\/www.shqiperia.com\/blog\/analiza-lorenc-vangjeli-shtatori-i-ankthit-per-qeverine-paralajmeron-nje-tjeter-vjeshte-te-gjate\/","title":{"rendered":"Analiza\/ Lorenc Vangjeli: &#8211; Shtatori i ankthit p\u00ebr qeverin\u00eb, paralajm\u00ebron nj\u00eb tjet\u00ebr vjesht\u00eb t\u00eb gjat\u00eb!"},"content":{"rendered":"<div id=\"attachment_105613\" style=\"width: 639px\" class=\"wp-caption alignnone\"><img data-recalc-dims=\"1\" loading=\"lazy\" decoding=\"async\" aria-describedby=\"caption-attachment-105613\" data-attachment-id=\"105613\" data-permalink=\"https:\/\/www.shqiperia.com\/blog\/analiza-lorenc-vangjeli-shtatori-i-ankthit-per-qeverine-paralajmeron-nje-tjeter-vjeshte-te-gjate\/screenshot-14\/\" data-orig-file=\"https:\/\/i0.wp.com\/www.shqiperia.com\/blog\/wp-content\/uploads\/2026\/08\/edi-rama-lorenc-vangjeli-protestat.jpg?fit=927%2C639&amp;ssl=1\" data-orig-size=\"927,639\" data-comments-opened=\"1\" data-image-meta=\"{&quot;aperture&quot;:&quot;0&quot;,&quot;credit&quot;:&quot;&quot;,&quot;camera&quot;:&quot;&quot;,&quot;caption&quot;:&quot;Screenshot&quot;,&quot;created_timestamp&quot;:&quot;1780831022&quot;,&quot;copyright&quot;:&quot;&quot;,&quot;focal_length&quot;:&quot;0&quot;,&quot;iso&quot;:&quot;0&quot;,&quot;shutter_speed&quot;:&quot;0&quot;,&quot;title&quot;:&quot;Screenshot&quot;,&quot;orientation&quot;:&quot;1&quot;}\" data-image-title=\"Screenshot\" data-image-description=\"\" data-image-caption=\"&lt;p&gt;Screenshot&lt;\/p&gt;\n\" data-medium-file=\"https:\/\/i0.wp.com\/www.shqiperia.com\/blog\/wp-content\/uploads\/2026\/08\/edi-rama-lorenc-vangjeli-protestat.jpg?fit=300%2C207&amp;ssl=1\" data-large-file=\"https:\/\/i0.wp.com\/www.shqiperia.com\/blog\/wp-content\/uploads\/2026\/08\/edi-rama-lorenc-vangjeli-protestat.jpg?fit=927%2C639&amp;ssl=1\" class=\" wp-image-105613\" alt=\"\" src=\"https:\/\/i0.wp.com\/www.shqiperia.com\/blog\/wp-content\/uploads\/2026\/08\/edi-rama-lorenc-vangjeli-protestat.jpg?resize=629%2C434&#038;ssl=1\" width=\"629\" height=\"434\" srcset=\"https:\/\/i0.wp.com\/www.shqiperia.com\/blog\/wp-content\/uploads\/2026\/08\/edi-rama-lorenc-vangjeli-protestat.jpg?resize=300%2C207&amp;ssl=1 300w, https:\/\/i0.wp.com\/www.shqiperia.com\/blog\/wp-content\/uploads\/2026\/08\/edi-rama-lorenc-vangjeli-protestat.jpg?resize=768%2C529&amp;ssl=1 768w, https:\/\/i0.wp.com\/www.shqiperia.com\/blog\/wp-content\/uploads\/2026\/08\/edi-rama-lorenc-vangjeli-protestat.jpg?resize=450%2C310&amp;ssl=1 450w, https:\/\/i0.wp.com\/www.shqiperia.com\/blog\/wp-content\/uploads\/2026\/08\/edi-rama-lorenc-vangjeli-protestat.jpg?resize=600%2C414&amp;ssl=1 600w, https:\/\/i0.wp.com\/www.shqiperia.com\/blog\/wp-content\/uploads\/2026\/08\/edi-rama-lorenc-vangjeli-protestat.jpg?resize=400%2C276&amp;ssl=1 400w, https:\/\/i0.wp.com\/www.shqiperia.com\/blog\/wp-content\/uploads\/2026\/08\/edi-rama-lorenc-vangjeli-protestat.jpg?w=927&amp;ssl=1 927w\" sizes=\"auto, (max-width: 629px) 100vw, 629px\" \/><p id=\"caption-attachment-105613\" class=\"wp-caption-text\">Screenshot<\/p><\/div>\n<p>1 Shtator 2026<\/p>\n<p>Edi Rama mund ta shenjoj\u00eb k\u00ebt\u00eb periudh\u00eb si ver\u00ebn m\u00eb p\u00ebrv\u00ebluese t\u00eb kat\u00ebr mandateve t\u00eb tij qeveris\u00ebs. Kriza arriti pikun n\u00eb fillim t\u00eb jav\u00ebs s\u00eb dyt\u00eb t\u00eb qershorit, at\u00ebher\u00eb kur protesta q\u00eb u duk se u shpik nga hi\u00e7i, sh\u00ebnjoi edhe mksimumin e saj. Nervozimi i kryeministrit t\u00eb kapur n\u00eb befasi nga nj\u00eb p\u00ebrbetim armiqsh jo gjithmon\u00eb t\u00eb njohur, ndiqte t\u00eb nj\u00ebjt\u00ebn trajektore me revolucionin e flamingove n\u00eb bulevard. Fiks si\u00e7 ja pasqyronte pothuaj me besnik\u00ebri t\u00eb plot\u00eb edhe grafiku i sondazheve q\u00eb ai b\u00ebnte: sa m\u00eb masive ajo, aq m\u00eb ul\u00ebt ishte popullariteti i politikanit m\u00eb popullor t\u00eb tranzicionit shqiptar. Gj\u00ebrat nis\u00ebn t\u00eb ndryshojn\u00eb n\u00eb fillim t\u00eb jav\u00ebs s\u00eb tret\u00eb t\u00eb qershorit, koha kur mbas zulmit drejt Rinasit, protesta nisi t\u00eb humbas\u00eb sharmin e saj. Kryesisht tek shtresa e mesme, baza e saj kryesore. Element\u00eb t\u00eb dhun\u00ebs q\u00eb filluan t\u00eb shp\u00ebrfaqen brenda saj, por edhe shum\u00eb arsye t\u00eb tjera, kryesisht lodhja, vera, kampionati bot\u00ebror apo edhe rutina, nis\u00ebn t\u00eb shfaqin portret tjet\u00ebr edhe n\u00eb sondazhet \u201cprivate\u201d t\u00eb Ram\u00ebs q\u00eb mbas k\u00ebtij momenti, po rikuperonte pik\u00eb. P\u00ebrball\u00eb ultimatumit q\u00eb jo vet\u00ebm i k\u00ebrkonte dor\u00ebheqjen, por i p\u00ebrmendte edhe burgun, Rama kishte nisur t\u00eb planifikonte ringritjen e tij. Dhe shpalli sfid\u00ebn: \u201cN\u00eb fund t\u00eb protest\u00ebs, qeveria dhe PS do t\u00eb dalin m\u00eb t\u00eb fituara!\u201d.<\/p>\n<p>Dokumentat e diskutuara n\u00eb fundjav\u00ebn e Pogradecit ishin l\u00ebvizja finale e kryeministrit, si reflektim p\u00ebr protest\u00ebn dhe korret e bashkuara kund\u00ebr tij. Besa apo platforma teknologjike \u201cPasqyr\u00eb Albania\u201d, n\u00eb thelb k\u00ebrkojn\u00eb t\u00eb vendosin nj\u00eb marr\u00ebdh\u00ebnie t\u00eb re mes shtetit dhe qytetarit apo dhe krijimin e nj\u00eb sistemi t\u00eb ri komunikimi mes tyre. Premtojn\u00eb q\u00eb mbasi Rama vete kishte toleruar n\u00eb vite ngritjen e kryeministrave t\u00eb Republik\u00ebs s\u00eb Drejtor\u00ebve, do t\u00eb sillte edhe shkat\u00ebrrimin e saj. Por a jan\u00eb t\u00eb mjaftueshme k\u00ebto l\u00ebvizje, t\u00eb gjitha produkt Bio i vet\u00eb Ram\u00ebs? A jan\u00eb operacion apo makiazh n\u00eb nj\u00eb trup n\u00eb l\u00ebngat\u00eb? A jan\u00eb piktur\u00eb e re n\u00eb fasad\u00eb apo shmangie nga muret dhe themelet e d\u00ebmtuar, a \u00ebsht\u00eb mohimi i radh\u00ebs i shkaqeve duke k\u00ebrkuar t\u00eb sh\u00ebrrohet pasoja apo jan\u00eb zgjidhje nga halli i momentit? A \u00ebsht\u00eb nj\u00eb revolucion teknologji p\u00ebrball\u00eb protest\u00ebs njer\u00ebzore apo nj\u00eb tjet\u00ebr tentativ\u00eb p\u00ebr t\u00eb kaluar lumin, kur dihet fati i kalit n\u00eb bregun tjet\u00ebr? N\u00eb t\u00eb shkuar\u00ebn ka ndodhur dhe her\u00eb t\u00eb tjera k\u00ebshtu dhe dyshimi se dhe k\u00ebt\u00eb her\u00eb, do t\u00eb jet\u00eb si p\u00ebrher\u00eb, \u00ebsht\u00eb m\u00eb s\u00eb paku i arsyesh\u00ebm.<\/p>\n<p>N\u00eb fakt, qortimi m\u00eb i r\u00ebnd\u00ebsish\u00ebm q\u00eb mund t\u2019i b\u00ebhet k\u00ebsaj l\u00ebvizjeje, edhe sikur ajo t\u00eb afroj\u00eb mrekullin\u00eb q\u00eb premton e pret kryeministri, \u00ebsht\u00eb refuzimi p\u00ebr t\u00eb pranuar natyr\u00ebn e v\u00ebrtet\u00eb t\u00eb kriz\u00ebs. Kriza \u00ebsht\u00eb politike. Esht\u00eb thell\u00ebsisht politike, strukturore e psikologjike. Si e till\u00eb, k\u00ebrkon edhe zgjidhje q\u00eb i afron vet\u00ebm nj\u00eb zeje si politika.<\/p>\n<p>Dhe nj\u00eb l\u00ebvizje politike antikriz\u00eb do t\u00eb duhej t\u00eb fillonte padyshim me reform\u00ebn e domosdoshme p\u00ebr rishkrimin e kushtetut\u00ebs. Besa q\u00eb afron kryeministri \u00ebsht\u00eb shum\u00eb m\u00eb pak sesa akti i betimit t\u00eb qeverisjeve nj\u00ebher\u00eb n\u00eb kat\u00ebr vjet mbi kushtetut\u00eb. Dhe mes urdh\u00ebrimeve kushtetutese, kryesisht n\u00eb pjes\u00ebn e ndarjes dhe ekuilibrimit t\u00eb pushteteve dhe realitetit praktik n\u00eb vend, ka nj\u00eb humner\u00eb t\u00eb pafund. Shqip\u00ebria \u00ebsht\u00eb nj\u00eb republik\u00eb parlamentare n\u00eb let\u00ebr, por ajo funksionon mir\u00ebfilli si nj\u00eb republik\u00eb kryeministrore. Pushteti ekzekutiv \u00ebsht\u00eb totalisht i shtrir\u00eb dhe i shkrir\u00eb me pushtetin legjislastiv. Ai ka edhe distanc\u00eb t\u00eb skajshme, edhe ndikim relativ me pushtetin gjyq\u00ebsor. Opozita \u00ebsht\u00eb vet\u00ebm ornament pluralizmi dhe praktikisht ngjan si nj\u00eb e ftuar nga halli n\u00eb nj\u00eb dark\u00eb ku e shohin si t\u00eb huaj n\u00eb tryez\u00eb. Nj\u00eb rishkrim i kushtetut\u00ebs p\u00ebr t\u2019ju p\u00ebrshtatur realitetit shqiptar \u2013 p\u00ebrshtatja me republik\u00ebn kryeministrore \u2013 nj\u00eb president i zgjedhur nga populli me kompetenca shum\u00eb m\u00eb t\u00eb gjera q\u00eb do t\u00eb krijonte nj\u00eb pol t\u00eb ri ekuilibrues pushteti, kufizimi i mandateve, ndryshimi i sistemit zgjedhor \u2013 Shqip\u00ebria nj\u00eb apo kat\u00ebr zona elektorale \u2013 me nj\u00eb prag t\u00eb caktuar, nuk do t\u00eb ndryshonte domosdoshm\u00ebrisht loj\u00ebn politike, por do t\u00eb rishkruante rregullat e loj\u00ebs. Gjith\u00e7ka tjet\u00ebr, p\u00ebrtej k\u00ebtyre hapave megjithat\u00eb t\u00eb diskutuesh\u00ebm, bashk\u00eb dhe me ultimatumet e protest\u00ebs p\u00ebr anullimin e ligjeve t\u00eb caktuar, \u00ebsht\u00eb vet\u00ebm kozmetik\u00eb n\u00eb fytyr\u00ebn e meitit.<\/p>\n<p>Duket sikur Rama nuk ka ask\u00ebnd rreth vetes q\u00eb t\u2019i p\u00ebrshkruaj\u00eb qart\u00eb se cilat jan\u00eb sfidat e v\u00ebrteta me t\u00eb cilat p\u00ebrballet shoq\u00ebria shqiptare. Duke nisur me korrupsionin endemik t\u00eb shtrir\u00eb n\u00eb administrat\u00ebn e tij e deri brenda tryez\u00ebs qeveris\u00ebse. Natyrisht cilido \u00ebsht\u00eb i pafajsh\u00ebm deri n\u00eb v\u00ebrtetimin e faj\u00ebsis\u00eb me vendim t\u00eb form\u00ebs s\u00eb prer\u00eb t\u00eb gjykat\u00ebs, por ky parim vlen p\u00ebr qytetarin e thjesht\u00eb. P\u00ebr nj\u00eb zyrtar t\u00eb lart\u00eb, edhe vet\u00ebm dyshimi i arsyesh\u00ebm, n\u00eb kodin e ep\u00ebrm moral t\u00eb demokracis\u00eb, \u00ebsht\u00eb arsye p\u00ebr t\u00eb ikur. Sikur Rama ta kishte pranuar ep\u00ebrsin\u00eb e k\u00ebtij kodi t\u00eb pashkruar, por edhe nj\u00eb num\u00ebr mbresl\u00ebn\u00ebs t\u00eb akuzuarish t\u00eb kishin b\u00ebr\u00eb aktin e dor\u00ebheqjes n\u00eb koh\u00eb, do t\u00eb kishin kursyer shum\u00eb andralla edhe artificiale t\u00eb muajve t\u00eb fundit.<\/p>\n<p>Esht\u00eb e dukshme dhe vet\u00ebm naiv\u00ebt nuk kuptojn\u00eb se qeverisja Rama \u00ebsht\u00eb p\u00ebrball\u00eb nj\u00eb presioni t\u00eb jasht\u00ebzakonsh\u00ebm nga nj\u00eb fluks po i jasht\u00ebzakonsh\u00ebm i parave me origjin\u00eb t\u00eb dyshimt\u00eb. Maketet vezulluese t\u00eb kullave, xhamet vet\u00ebtit\u00ebse t\u00eb tyre mund t\u00eb japin disa like servile e sterile m\u00eb shum\u00eb n\u00eb instagram, por ato nuk do t\u00eb nd\u00ebrtohen kurr\u00eb nga kompani, t\u00eb cilat shpiken nga askundi, me 100 mij\u00eb lek\u00eb kapital dhe pa asnj\u00eb CV t\u00eb m\u00ebparshme n\u00eb nd\u00ebrtim. As t\u00eb huaj snob\u00eb dhe as bandit\u00eb dhe hajdut\u00eb t\u00eb administrat\u00ebs nuk do t\u00eb guxojn\u00eb t\u00eb blejn\u00eb m\u00eb hap\u00ebsira n\u00eb kullat e premtuara, kur din\u00eb q\u00eb mund t\u2019u trokasin nj\u00eb dit\u00eb n\u00eb der\u00eb e t\u2019u thon\u00eb: Ku i gjet\u00ebt parat\u00eb? Dhe me parat\u00eb n\u00ebn ullishtre dhe t\u00eb palara, edhe r\u00ebnd\u00ebsia e bandit\u00ebve shqiptar\u00eb do t\u00eb niste t\u00eb relativizohej me shpejt\u00ebsi.<\/p>\n<p>Fatkeq\u00ebsisht Rama e sh\u00ebnoi emrin e tij n\u00eb list\u00ebn e kryeministrave t\u00eb tranzicionit q\u00eb nuk i dhan\u00eb zgjidhje p\u00ebrfundimtare problemit t\u00eb pron\u00ebs mbi tok\u00ebn. Nj\u00eb reform\u00eb bipartizane mbi pron\u00ebsin\u00eb e saj, nj\u00eb revolucion i dhembsh\u00ebm komb\u00ebtar do t\u00eb duhet t\u00eb p\u00ebrmbys\u00eb at\u00eb l\u00ebmsh shtrigash q\u00eb ka krijuar ligji fam\u00ebkeq 7501 dhe ligji i legalizimeve. Pronar\u00eb n\u00eb r\u00ebr\u00ebn e detit apo pushtues dikursh\u00ebm t\u00eb tokave publike n\u00ebp\u00ebr qytete, nuk mund t\u00eb trajtohen m\u00eb si pronar\u00eb t\u00eb ligjsh\u00ebm. T\u00eb g\u00ebzojn\u00eb \u00e7far\u00eb kan\u00eb nd\u00ebrtuar mbi t\u00eb, por toka nuk mund t\u00eb jet\u00eb e tyrja. Ky \u00ebsht\u00eb ng\u00ebr\u00e7i nga i cili duhet t\u00eb \u00e7lirohet gjith\u00eb shoq\u00ebria q\u00eb vazhdon t\u00eb mbetet peng i pakteve kriminale q\u00eb politika ka b\u00ebr\u00eb n\u00eb vite me ta p\u00ebr hir t\u00eb votave.<\/p>\n<p>Ka shum\u00eb element\u00eb t\u00eb tjera q\u00eb do t\u00eb meritonin reflektimin e kryeministrit mbas protest\u00ebs. Ato do t\u00eb duhej t\u00eb nisnin me sfid\u00ebn demografike t\u00eb vendit, me plakjen e frikshme t\u00eb popullsis\u00eb dhe emigrimin e pakontrolluar, me nj\u00eb qasje krejt tjet\u00ebr ndaj fshatit dhe ekonomis\u00eb pothuaj natyrore n\u00eb t\u00eb cil\u00ebn jan\u00eb nd\u00ebshkuar t\u00eb jetojn\u00eb ata pak q\u00eb kan\u00eb mbetur ende p\u00ebr t\u00eb punuar tok\u00ebn apo rritur bag\u00ebtit\u00eb, me nj\u00eb filozofi krejt tjet\u00ebr p\u00ebr mjedisin dhe burimet natyrore. Ajo mund t\u00eb fillonte edhe me uljen dramatike t\u00eb TVSH-s\u00eb p\u00ebr produktet e shport\u00ebs, s\u00eb paku n\u00eb nivelet q\u00eb i kan\u00eb fqinj\u00ebt, q\u00eb t\u2019u jap\u00eb shans p\u00ebr mbijetes\u00eb nj\u00eb shtrese t\u00eb shoq\u00ebris\u00eb, q\u00eb pa ndihm\u00ebn e f\u00ebmij\u00ebve, do t\u00eb p\u00ebrfundonin n\u00eb uri.<\/p>\n<p>Nj\u00eb shqiptare e madhe si N\u00ebn\u00eb Tereza, q\u00eb v\u00ebrtet nuk ka pasur shtatin e Ram\u00ebs, k\u00ebshillonte dikur se duheshin b\u00ebr\u00eb pun\u00eb t\u00eb vogla, por me dashuri t\u00eb madhe. Algoritmet, teknologjia apo AI-ja q\u00eb th\u00ebrret si aleat\u00eb kryeministri, mund t\u00eb b\u00ebjn\u00eb edhe pun\u00eb t\u00eb m\u00ebdha, edhe pun\u00eb t\u00eb mbara, por ato nuk kan\u00eb zem\u00ebr, nuk ndjejn\u00eb empati, nuk kan\u00eb emocion dhe as nuk ndjejn\u00eb keqardhje. Mund t\u00eb japin zgjidhje teorike, por nuk ndjejn\u00eb dot pulsin e shoq\u00ebris\u00eb. Vet\u00ebm njeriu \u00ebsht\u00eb i d\u00ebnuar t\u00eb veproj\u00eb edhe p\u00ebr nj\u00eb koh\u00eb t\u00eb parashikueshme n\u00eb nj\u00eb rrafsh t\u00eb till\u00eb. Ndaj p\u00ebrgjigja e Ram\u00ebs ndaj Revolucionit t\u00eb Flamingove duhet t\u00eb vinte p\u00ebrball\u00eb reform\u00ebn kushtetuese p\u00ebr t\u00eb rishkruar rregullat e loj\u00ebs s\u00eb pari. Dhe po ashtu, ta ballafaqonte edhe me revolucionin moral. Por a mund ta b\u00ebj\u00eb dot Rama tani, q\u00eb njer\u00ebzit q\u00eb ka zgjedhur vet\u00eb e nderojn\u00eb pik\u00ebrisht p\u00ebr kultin e personalitetit? A do t\u00eb mundet ai t\u00eb b\u00ebhet m\u00eb i fort\u00eb jo duke mbledhur, por duke ndar\u00eb pushtetin? Dhe mbi t\u00eb gjitha, a \u00ebsht\u00eb n\u00eb gjendje t\u00eb divorcohet p\u00ebrfundimisht nga sjellja me Shqip\u00ebrin\u00eb si nj\u00eb bashki unike, q\u00eb fillon n\u00eb Vermosh e mbaron n\u00eb Konispol? Ka ende pak shanse ta b\u00ebj\u00eb nj\u00eb gj\u00eb t\u00eb till\u00eb, por ka edhe m\u00eb pak koh\u00eb t\u2019i bishtnoj\u00eb tradit\u00ebs q\u00eb ai vet\u00eb ka krijuar e p\u00ebr t\u2019u b\u00ebr\u00eb k\u00ebshtu, politikani i fundit q\u00eb mbyll tranzicionin n\u00eb vend.<\/p>\n<p>Shqip\u00ebria \u00ebsht\u00eb n\u00eb pritje t\u00eb shtatorit q\u00eb do t\u00eb rr\u00ebzoj\u00eb gjethet e pem\u00ebve, por me gjas\u00eb do t\u00eb shtoj\u00eb numrat e protestuesve n\u00eb bulevard. Nj\u00eb shtator q\u00eb paralajm\u00ebron s\u00ebrish nj\u00eb vjesht\u00eb t\u00eb gjat\u00eb ankthi qeveritar!<\/p>\n","protected":false},"excerpt":{"rendered":"<p>1 Shtator 2026 Edi Rama mund ta shenjoj\u00eb k\u00ebt\u00eb periudh\u00eb si ver\u00ebn m\u00eb p\u00ebrv\u00ebluese t\u00eb kat\u00ebr mandateve t\u00eb tij qeveris\u00ebs. Kriza arriti pikun n\u00eb fillim t\u00eb jav\u00ebs s\u00eb dyt\u00eb t\u00eb qershorit, at\u00ebher\u00eb kur protesta q\u00eb u duk se u shpik nga hi\u00e7i, sh\u00ebnjoi edhe mksimumin e saj. Nervozimi i kryeministrit t\u00eb kapur n\u00eb befasi nga [&hellip;]<\/p>\n","protected":false},"author":9,"featured_media":105613,"comment_status":"open","ping_status":"open","sticky":false,"template":"","format":"standard","meta":{"jetpack_post_was_ever_published":false,"_jetpack_newsletter_access":"","_jetpack_dont_email_post_to_subs":false,"_jetpack_newsletter_tier_id":0,"_jetpack_memberships_contains_paywalled_content":false,"_jetpack_memberships_contains_paid_content":false,"footnotes":"","jetpack_publicize_message":"","jetpack_publicize_feature_enabled":true,"jetpack_social_post_already_shared":true,"jetpack_social_options":{"image_generator_settings":{"template":"highway","default_image_id":0,"font":"","enabled":false},"version":2}},"categories":[27,1,2],"tags":[],"class_list":["post-105612","post","type-post","status-publish","format-standard","has-post-thumbnail","hentry","category-blogu-i-udhetarit","category-njoftime-shtypi","category-politika"],"jetpack_publicize_connections":[],"jetpack_featured_media_url":"https:\/\/i0.wp.com\/www.shqiperia.com\/blog\/wp-content\/uploads\/2026\/08\/edi-rama-lorenc-vangjeli-protestat.jpg?fit=927%2C639&ssl=1","jetpack_sharing_enabled":true,"jetpack_shortlink":"https:\/\/wp.me\/p5Z6wp-rtq","jetpack-related-posts":[{"id":105384,"url":"https:\/\/www.shqiperia.com\/blog\/vera-zgjatet-edhe-ne-shtator-temperaturat-mbeten-te-larta-termometri-pritet-te-arrije-deri-ne-42c\/","url_meta":{"origin":105612,"position":0},"title":"Vera zgjatet edhe n\u00eb shtator\/ Temperaturat mbeten t\u00eb larta, termometri pritet t\u00eb arrij\u00eb deri n\u00eb 42\u00b0C","author":"Kurt Farka","date":"August 28, 2026","format":false,"excerpt":"28 Gusht 2026 Vera duket se do t\u00eb zgjas\u00eb edhe n\u00eb dit\u00ebt e para t\u00eb shtatorit, me temperatura t\u00eb larta q\u00eb pritet t\u00eb vijojn\u00eb edhe gjat\u00eb jav\u00ebs s\u00eb ardhshme. Sinoptikania Elida Malo\u00e7ali, n\u00eb nj\u00eb lidhje t\u00eb drejtp\u00ebrdrejt\u00eb n\u00eb nj\u00eb studio televizive, dha parashikimin e motit p\u00ebr fundjav\u00ebn dhe dit\u00ebt n\u00eb\u2026","rel":"","context":"In &quot;Blogu i Udh\u00ebtarit&quot;","block_context":{"text":"Blogu i Udh\u00ebtarit","link":"https:\/\/www.shqiperia.com\/blog\/category\/blogu-i-udhetarit\/"},"img":{"alt_text":"","src":"https:\/\/i0.wp.com\/www.shqiperia.com\/blog\/wp-content\/uploads\/2026\/08\/640-0-greqi-vape-1724171595.webp?fit=640%2C428&ssl=1&resize=350%2C200","width":350,"height":200,"srcset":"https:\/\/i0.wp.com\/www.shqiperia.com\/blog\/wp-content\/uploads\/2026\/08\/640-0-greqi-vape-1724171595.webp?fit=640%2C428&ssl=1&resize=350%2C200 1x, https:\/\/i0.wp.com\/www.shqiperia.com\/blog\/wp-content\/uploads\/2026\/08\/640-0-greqi-vape-1724171595.webp?fit=640%2C428&ssl=1&resize=525%2C300 1.5x"},"classes":[]},{"id":105436,"url":"https:\/\/www.shqiperia.com\/blog\/pse-te-krishteret-e-kane-te-dielen-diten-e-adhurimit\/","url_meta":{"origin":105612,"position":1},"title":"Pse t\u00eb krishter\u00ebt e kan\u00eb t\u00eb diel\u00ebn dit\u00ebn e adhurimit?","author":"Kurt Farka","date":"August 29, 2026","format":false,"excerpt":"29 Gusht 2026 P\u00ebr shumic\u00ebn e t\u00eb krishter\u00ebve n\u00eb mbar\u00eb bot\u00ebn, e diela \u00ebsht\u00eb dita e adhurimit dhe e sh\u00ebrbesave fetare. Por nuk ka qen\u00eb gjithmon\u00eb k\u00ebshtu. Ja \u00e7far\u00eb tregojn\u00eb burimet historike dhe fetare p\u00ebr r\u00ebnd\u00ebsin\u00eb e s\u00eb diel\u00ebs n\u00eb adhurimin e krishter\u00eb. A kan\u00eb adhuruar gjithmon\u00eb t\u00eb krishter\u00ebt t\u00eb\u2026","rel":"","context":"In &quot;Blogu i Udh\u00ebtarit&quot;","block_context":{"text":"Blogu i Udh\u00ebtarit","link":"https:\/\/www.shqiperia.com\/blog\/category\/blogu-i-udhetarit\/"},"img":{"alt_text":"","src":"https:\/\/i0.wp.com\/www.shqiperia.com\/blog\/wp-content\/uploads\/2026\/08\/R-2.jpg?fit=850%2C638&ssl=1&resize=350%2C200","width":350,"height":200,"srcset":"https:\/\/i0.wp.com\/www.shqiperia.com\/blog\/wp-content\/uploads\/2026\/08\/R-2.jpg?fit=850%2C638&ssl=1&resize=350%2C200 1x, https:\/\/i0.wp.com\/www.shqiperia.com\/blog\/wp-content\/uploads\/2026\/08\/R-2.jpg?fit=850%2C638&ssl=1&resize=525%2C300 1.5x, https:\/\/i0.wp.com\/www.shqiperia.com\/blog\/wp-content\/uploads\/2026\/08\/R-2.jpg?fit=850%2C638&ssl=1&resize=700%2C400 2x"},"classes":[]},{"id":102275,"url":"https:\/\/www.shqiperia.com\/blog\/edi-rama-ne-kerkim-te-opsioneve-te-daljes-nga-kriza-nga-ndryshimi-i-qeverise-dhe\/","url_meta":{"origin":105612,"position":2},"title":"Edi Rama n\u00eb k\u00ebrkim t\u00eb opsioneve t\u00eb daljes nga kriza, nga ndryshimi i qeveris\u00eb dhe &#8230;","author":"Kurt Farka","date":"July 6, 2026","format":false,"excerpt":"6 Korrik 2026 K\u00ebto dit\u00eb diskutohet se kryeministri Edi Rama po k\u00ebrkon n\u00eb m\u00ebnyr\u00eb t\u00eb ethshme t\u2019i jap\u00eb zgjidhje problemit, duke negociuar me nd\u00ebrkomb\u00ebtar\u00ebt p\u00ebr t\u00eb dal\u00eb nga kjo situat\u00eb eksplozive, ku qindra mij\u00ebra shqiptar\u00eb k\u00ebrkojn\u00eb kok\u00ebn e tij. Nj\u00eb nga variantet \u00ebsht\u00eb ndryshimi i qeveris\u00eb dhe spastrimi i saj\u2026","rel":"","context":"In &quot;Blogu i Udh\u00ebtarit&quot;","block_context":{"text":"Blogu i Udh\u00ebtarit","link":"https:\/\/www.shqiperia.com\/blog\/category\/blogu-i-udhetarit\/"},"img":{"alt_text":"","src":"https:\/\/i0.wp.com\/www.shqiperia.com\/blog\/wp-content\/uploads\/2026\/07\/auto_ramaballuku1773132979.jpg?fit=770%2C517&ssl=1&resize=350%2C200","width":350,"height":200,"srcset":"https:\/\/i0.wp.com\/www.shqiperia.com\/blog\/wp-content\/uploads\/2026\/07\/auto_ramaballuku1773132979.jpg?fit=770%2C517&ssl=1&resize=350%2C200 1x, https:\/\/i0.wp.com\/www.shqiperia.com\/blog\/wp-content\/uploads\/2026\/07\/auto_ramaballuku1773132979.jpg?fit=770%2C517&ssl=1&resize=525%2C300 1.5x, https:\/\/i0.wp.com\/www.shqiperia.com\/blog\/wp-content\/uploads\/2026\/07\/auto_ramaballuku1773132979.jpg?fit=770%2C517&ssl=1&resize=700%2C400 2x"},"classes":[]},{"id":100725,"url":"https:\/\/www.shqiperia.com\/blog\/vala-e-te-nxehtit-godet-portugaline-termometri-arrin-ne-40-3-grade-duke-thyer-rekordin-e-muajit-maj\/","url_meta":{"origin":105612,"position":3},"title":"Vala e t\u00eb nxehtit godet Portugalin\u00eb: Termometri arrin n\u00eb 40.3 grad\u00eb, duke thyer rekordin e muajit maj","author":"Kurt Farka","date":"May 29, 2026","format":false,"excerpt":"29 Maji 2026 Nj\u00eb rekord i ri nxeht\u00ebsie p\u00ebr muajin maj u regjistrua n\u00eb Portugali , me temperatur\u00ebn maksimale q\u00eb arriti n\u00eb 40.3 grad\u00eb Celsius . Kjo temperatur\u00eb u regjistrua dje, t\u00eb m\u00ebrkur\u00ebn, n\u00eb Mora, n\u00eb pjes\u00ebn qendrore t\u00eb vendit, si\u00e7 njoftoi sot sh\u00ebrbimi meteorologjik portugez, duke sqaruar se rekordi\u2026","rel":"","context":"In &quot;Blogu i Udh\u00ebtarit&quot;","block_context":{"text":"Blogu i Udh\u00ebtarit","link":"https:\/\/www.shqiperia.com\/blog\/category\/blogu-i-udhetarit\/"},"img":{"alt_text":"","src":"https:\/\/i0.wp.com\/www.shqiperia.com\/blog\/wp-content\/uploads\/2026\/05\/640-0-6a845b1a112ee4182391f6a7425f9e76.jpg?fit=640%2C384&ssl=1&resize=350%2C200","width":350,"height":200,"srcset":"https:\/\/i0.wp.com\/www.shqiperia.com\/blog\/wp-content\/uploads\/2026\/05\/640-0-6a845b1a112ee4182391f6a7425f9e76.jpg?fit=640%2C384&ssl=1&resize=350%2C200 1x, https:\/\/i0.wp.com\/www.shqiperia.com\/blog\/wp-content\/uploads\/2026\/05\/640-0-6a845b1a112ee4182391f6a7425f9e76.jpg?fit=640%2C384&ssl=1&resize=525%2C300 1.5x"},"classes":[]},{"id":100250,"url":"https:\/\/www.shqiperia.com\/blog\/milva-ekonomi-firmosi-nje-kontrate-abuzive-koncesioni-i-check-up-me-shkelje-qe-ne-fillim\/","url_meta":{"origin":105612,"position":4},"title":"Milva Ekonomi firmosi nj\u00eb kontrat\u00eb abuzive: &#8211; Koncesioni i Check-Up me shkelje q\u00eb n\u00eb fillim","author":"Kurt Farka","date":"May 14, 2026","format":false,"excerpt":"14 Maji 2026 Emisioni investigativ Ajo q\u00eb ndoq\u00ebt deri m\u00eb tani, \u00ebsht\u00eb nj\u00eb p\u00ebrmbledhje e asaj q\u00eb ka ndodhur n\u00eb Shqip\u00ebri me koncesionet e sh\u00ebndet\u00ebsis\u00eb, q\u00eb kan\u00eb nj\u00eb autor, Edi Ram\u00ebn dhe dy ekzekutues t\u00eb vendimeve t\u00eb tij, Ilir Beqajn dhe Ogerta Manastirliun. Teksa kontrata e koncesionit t\u00eb sterilzimit p\u00ebrfundoi,\u2026","rel":"","context":"In &quot;Blogu i Udh\u00ebtarit&quot;","block_context":{"text":"Blogu i Udh\u00ebtarit","link":"https:\/\/www.shqiperia.com\/blog\/category\/blogu-i-udhetarit\/"},"img":{"alt_text":"","src":"https:\/\/i0.wp.com\/www.shqiperia.com\/blog\/wp-content\/uploads\/2026\/05\/images-2-300x158.jpg?resize=350%2C200&ssl=1","width":350,"height":200,"srcset":"https:\/\/i0.wp.com\/www.shqiperia.com\/blog\/wp-content\/uploads\/2026\/05\/images-2-300x158.jpg?resize=350%2C200&ssl=1 1x, https:\/\/i0.wp.com\/www.shqiperia.com\/blog\/wp-content\/uploads\/2026\/05\/images-2-300x158.jpg?resize=525%2C300&ssl=1 1.5x"},"classes":[]},{"id":102403,"url":"https:\/\/www.shqiperia.com\/blog\/rikthehet-i-nxehti-afrikan-ne-fundjave-termometri-arrin-40-grade\/","url_meta":{"origin":105612,"position":5},"title":"Rikthehet i nxehti afrikan: N\u00eb fundjav\u00eb termometri arrin 40 grad\u00eb","author":"Kurt Farka","date":"July 9, 2026","format":false,"excerpt":"9 Korrik 2026 Pas disa dit\u00ebve me temperatura n\u00eb vlerat normale t\u00eb muajit korrik, n\u00eb vend duke nisur nga e enjtja rikthehet s\u00ebrish i nxehti afrikan. \u201cDo t\u00eb rriten nga dita n\u00eb dit\u00eb, q\u00eb nga enjtja 35 grad\u00eb, m\u00eb pas 37, 38 dhe deri t\u00eb diel\u00ebn q\u00eb shkon 39 dhe\u2026","rel":"","context":"In &quot;Blogu i Udh\u00ebtarit&quot;","block_context":{"text":"Blogu i Udh\u00ebtarit","link":"https:\/\/www.shqiperia.com\/blog\/category\/blogu-i-udhetarit\/"},"img":{"alt_text":"","src":"https:\/\/i0.wp.com\/www.shqiperia.com\/blog\/wp-content\/uploads\/2026\/07\/th.jpg?fit=700%2C348&ssl=1&resize=350%2C200","width":350,"height":200,"srcset":"https:\/\/i0.wp.com\/www.shqiperia.com\/blog\/wp-content\/uploads\/2026\/07\/th.jpg?fit=700%2C348&ssl=1&resize=350%2C200 1x, https:\/\/i0.wp.com\/www.shqiperia.com\/blog\/wp-content\/uploads\/2026\/07\/th.jpg?fit=700%2C348&ssl=1&resize=525%2C300 1.5x, https:\/\/i0.wp.com\/www.shqiperia.com\/blog\/wp-content\/uploads\/2026\/07\/th.jpg?fit=700%2C348&ssl=1&resize=700%2C400 2x"},"classes":[]}],"_links":{"self":[{"href":"https:\/\/www.shqiperia.com\/blog\/wp-json\/wp\/v2\/posts\/105612","targetHints":{"allow":["GET"]}}],"collection":[{"href":"https:\/\/www.shqiperia.com\/blog\/wp-json\/wp\/v2\/posts"}],"about":[{"href":"https:\/\/www.shqiperia.com\/blog\/wp-json\/wp\/v2\/types\/post"}],"author":[{"embeddable":true,"href":"https:\/\/www.shqiperia.com\/blog\/wp-json\/wp\/v2\/users\/9"}],"replies":[{"embeddable":true,"href":"https:\/\/www.shqiperia.com\/blog\/wp-json\/wp\/v2\/comments?post=105612"}],"version-history":[{"count":1,"href":"https:\/\/www.shqiperia.com\/blog\/wp-json\/wp\/v2\/posts\/105612\/revisions"}],"predecessor-version":[{"id":105614,"href":"https:\/\/www.shqiperia.com\/blog\/wp-json\/wp\/v2\/posts\/105612\/revisions\/105614"}],"wp:featuredmedia":[{"embeddable":true,"href":"https:\/\/www.shqiperia.com\/blog\/wp-json\/wp\/v2\/media\/105613"}],"wp:attachment":[{"href":"https:\/\/www.shqiperia.com\/blog\/wp-json\/wp\/v2\/media?parent=105612"}],"wp:term":[{"taxonomy":"category","embeddable":true,"href":"https:\/\/www.shqiperia.com\/blog\/wp-json\/wp\/v2\/categories?post=105612"},{"taxonomy":"post_tag","embeddable":true,"href":"https:\/\/www.shqiperia.com\/blog\/wp-json\/wp\/v2\/tags?post=105612"}],"curies":[{"name":"wp","href":"https:\/\/api.w.org\/{rel}","templated":true}]}}