{"id":105609,"date":"2026-08-31T23:35:30","date_gmt":"2026-08-31T23:35:30","guid":{"rendered":"https:\/\/www.shqiperia.com\/blog\/?p=105609"},"modified":"2026-08-31T23:35:30","modified_gmt":"2026-08-31T23:35:30","slug":"gjendet-e-vdekur-ne-banesen-e-saj-ish-e-dashura-qe-denoncoi-mcgonigal-fjalet-e-fundit-te-saj-e-urrej-fbi-ne-babai-i-viktimes-ajo-sdo-e-vriste-kurre-veten","status":"publish","type":"post","link":"https:\/\/www.shqiperia.com\/blog\/gjendet-e-vdekur-ne-banesen-e-saj-ish-e-dashura-qe-denoncoi-mcgonigal-fjalet-e-fundit-te-saj-e-urrej-fbi-ne-babai-i-viktimes-ajo-sdo-e-vriste-kurre-veten\/","title":{"rendered":"Gjendet e vdekur n\u00eb banes\u00ebn e saj ish e dashura q\u00eb denoncoi McGonigal\/ Fjal\u00ebt e fundit t\u00eb saj: &#8211; E urrej FBI-n\u00eb. Babai i viktim\u00ebs: Ajo s\u2019do e vriste kurr\u00eb veten"},"content":{"rendered":"<div class=\"firstP\">\n<p><img data-recalc-dims=\"1\" loading=\"lazy\" decoding=\"async\" data-attachment-id=\"105610\" data-permalink=\"https:\/\/www.shqiperia.com\/blog\/gjendet-e-vdekur-ne-banesen-e-saj-ish-e-dashura-qe-denoncoi-mcgonigal-fjalet-e-fundit-te-saj-e-urrej-fbi-ne-babai-i-viktimes-ajo-sdo-e-vriste-kurre-veten\/untitled-design-51\/\" data-orig-file=\"https:\/\/i0.wp.com\/www.shqiperia.com\/blog\/wp-content\/uploads\/2026\/08\/Untitled-design-51.webp?fit=1920%2C1080&amp;ssl=1\" data-orig-size=\"1920,1080\" data-comments-opened=\"1\" data-image-meta=\"{&quot;aperture&quot;:&quot;0&quot;,&quot;credit&quot;:&quot;&quot;,&quot;camera&quot;:&quot;&quot;,&quot;caption&quot;:&quot;&quot;,&quot;created_timestamp&quot;:&quot;0&quot;,&quot;copyright&quot;:&quot;&quot;,&quot;focal_length&quot;:&quot;0&quot;,&quot;iso&quot;:&quot;0&quot;,&quot;shutter_speed&quot;:&quot;0&quot;,&quot;title&quot;:&quot;&quot;,&quot;orientation&quot;:&quot;0&quot;}\" data-image-title=\"Untitled-design-51\" data-image-description=\"\" data-image-caption=\"\" data-medium-file=\"https:\/\/i0.wp.com\/www.shqiperia.com\/blog\/wp-content\/uploads\/2026\/08\/Untitled-design-51.webp?fit=300%2C169&amp;ssl=1\" data-large-file=\"https:\/\/i0.wp.com\/www.shqiperia.com\/blog\/wp-content\/uploads\/2026\/08\/Untitled-design-51.webp?fit=1024%2C576&amp;ssl=1\" class=\"alignnone  wp-image-105610\" alt=\"\" src=\"https:\/\/i0.wp.com\/www.shqiperia.com\/blog\/wp-content\/uploads\/2026\/08\/Untitled-design-51.webp?resize=666%2C375&#038;ssl=1\" width=\"666\" height=\"375\" srcset=\"https:\/\/i0.wp.com\/www.shqiperia.com\/blog\/wp-content\/uploads\/2026\/08\/Untitled-design-51.webp?resize=300%2C169&amp;ssl=1 300w, https:\/\/i0.wp.com\/www.shqiperia.com\/blog\/wp-content\/uploads\/2026\/08\/Untitled-design-51.webp?resize=1024%2C576&amp;ssl=1 1024w, https:\/\/i0.wp.com\/www.shqiperia.com\/blog\/wp-content\/uploads\/2026\/08\/Untitled-design-51.webp?resize=768%2C432&amp;ssl=1 768w, https:\/\/i0.wp.com\/www.shqiperia.com\/blog\/wp-content\/uploads\/2026\/08\/Untitled-design-51.webp?resize=1536%2C864&amp;ssl=1 1536w, https:\/\/i0.wp.com\/www.shqiperia.com\/blog\/wp-content\/uploads\/2026\/08\/Untitled-design-51.webp?resize=450%2C253&amp;ssl=1 450w, https:\/\/i0.wp.com\/www.shqiperia.com\/blog\/wp-content\/uploads\/2026\/08\/Untitled-design-51.webp?resize=600%2C338&amp;ssl=1 600w, https:\/\/i0.wp.com\/www.shqiperia.com\/blog\/wp-content\/uploads\/2026\/08\/Untitled-design-51.webp?resize=1500%2C844&amp;ssl=1 1500w, https:\/\/i0.wp.com\/www.shqiperia.com\/blog\/wp-content\/uploads\/2026\/08\/Untitled-design-51.webp?resize=1300%2C731&amp;ssl=1 1300w, https:\/\/i0.wp.com\/www.shqiperia.com\/blog\/wp-content\/uploads\/2026\/08\/Untitled-design-51.webp?resize=400%2C225&amp;ssl=1 400w, https:\/\/i0.wp.com\/www.shqiperia.com\/blog\/wp-content\/uploads\/2026\/08\/Untitled-design-51.webp?w=1920&amp;ssl=1 1920w\" sizes=\"auto, (max-width: 666px) 100vw, 666px\" \/><\/p>\n<p>1 Shtator 2026<\/p>\n<p>Allison Guerriero, ish-e dashura e ish-zyrtarit t\u00eb lart\u00eb t\u00eb FBI-s\u00eb, Charles McGonigal, ka nd\u00ebrruar jet\u00eb papritur n\u00eb banes\u00ebn e saj n\u00eb Boynton Beach, Florida.<\/p>\n<\/div>\n<p>Guerriero, e cila kishte pasur nj\u00eb lidhje 18-mujore me McGonigal, ishte b\u00ebr\u00eb e njohur p\u00ebr akuzat dhe denoncimet e saj publike ndaj ish-agjentit t\u00eb FBI-s\u00eb, i cili aktualisht po vuan nj\u00eb d\u00ebnim prej 6 vitesh e 6 muajsh burg.<\/p>\n<p>Vet\u00ebm disa or\u00eb para se t\u00eb gjendej e vdekur, Guerriero kishte publikuar dhjet\u00ebra postime n\u00eb platform\u00ebn X, ku kritikonte ashp\u00ebr FBI-n\u00eb. N\u00eb nj\u00eb prej videove t\u00eb publikuara prej saj, ajo deklaronte: \u201cE urrej FBI-n\u00eb.\u201d<\/p>\n<p>N\u00eb nj\u00eb tjet\u00ebr video, ajo foli p\u00ebr rastin e McGonigal dhe k\u00ebrkoi q\u00eb v\u00ebmendja t\u00eb p\u00ebrqendrohej edhe te persona t\u00eb tjer\u00eb brenda agjencis\u00eb.<\/p>\n<p>\u201cJa problemi me Charles McGonigal. Ju e dini emrin e tij, por m\u00eb par\u00eb nuk e dinit. Ju njihnit Jim Comey-n, njihnit Chris Wray-n\u2026 t\u00eb gjith\u00eb emrat q\u00eb tashm\u00eb i njihni. Pse nuk filloni t\u00eb k\u00ebrkoni emrat q\u00eb nuk i njihni?\u201d, tha ajo.<\/p>\n<p>Sipas t\u00eb atit t\u00eb saj, Bill Guerriero, shkaku i vdekjes ende nuk \u00ebsht\u00eb p\u00ebrcaktuar. Familja \u00ebsht\u00eb n\u00eb pritje t\u00eb raportit t\u00eb autopsis\u00eb.<\/p>\n<p>\u201cNe v\u00ebrtet nuk e dim\u00eb ende. Po presim t\u00eb kemi akses te raporti i autopsis\u00eb. Mund t\u00eb ket\u00eb qen\u00eb nj\u00eb aksident. Mund t\u00eb jet\u00eb rr\u00ebzuar. Mund t\u00eb ket\u00eb qen\u00eb gjith\u00e7ka\u201d, deklaroi ai.<\/p>\n<p>Policia e Boynton Beach konfirmoi se efektiv\u00ebt mb\u00ebrrit\u00ebn n\u00eb apartament rreth or\u00ebs 20:03 t\u00eb s\u00eb enjtes. Autoritetet than\u00eb se **\u201cnuk duket t\u00eb ket\u00eb shenja t\u00eb nd\u00ebrhyrjes kriminale\u201d**, nd\u00ebrsa hetimi vijon dhe priten t\u00eb dh\u00ebnat e mjek\u00ebsis\u00eb ligjore.<\/p>\n<p>Guerriero kishte qen\u00eb prej vitesh nj\u00eb prej personave q\u00eb ngrit\u00ebn dyshime mbi aktivitetet e McGonigal. Ajo pretendonte se gjat\u00eb lidhjes s\u00eb tyre kishte zbuluar element\u00eb q\u00eb e b\u00ebn\u00eb t\u00eb dyshonte se ish-agjenti ishte p\u00ebrfshir\u00eb n\u00eb veprimtari t\u00eb paligjshme.<\/p>\n<p>Sipas rr\u00ebfimeve t\u00eb saj, n\u00eb vitin 2017 McGonigal kishte marr\u00eb 80 mij\u00eb dollar\u00eb nga nj\u00eb ish-zyrtar shqiptar i inteligjenc\u00ebs. M\u00eb von\u00eb, Guerriero tha se kishte gjetur nj\u00eb shum\u00eb prej 80 mij\u00eb dollar\u00ebsh n\u00eb apartamentin ku jetonin.<\/p>\n<p>\u201cMendja ime shkoi te ajo q\u00eb ne i quajm\u00eb \u2018flash rolls\u2019, para q\u00eb do t\u2019ia jepje nj\u00eb informatori ose nj\u00eb agjenti n\u00eb mbulim p\u00ebr t\u00eb vazhduar operacionin\u201d, kishte rr\u00ebfyer ajo.<\/p>\n<p>Kur e kishte pyetur p\u00ebr parat\u00eb, sipas saj, McGonigal i kishte th\u00ebn\u00eb se i kishte fituar duke v\u00ebn\u00eb baste p\u00ebr nj\u00eb ndeshje bejsbolli.<\/p>\n<p>Marr\u00ebdh\u00ebnia e tyre p\u00ebrfundoi n\u00eb vitin 2018, pasi Guerriero m\u00ebsoi se McGonigal nuk kishte nd\u00ebrmend t\u00eb divorcohej nga bashk\u00ebshortja e tij.<\/p>\n<p>Pas ndarjes, ajo tha se nisi t\u00eb kontaktonte persona brenda FBI-s\u00eb p\u00ebr t\u00eb shprehur dyshimet e saj.<\/p>\n<p>\u201cM\u00eb kishte ardhur n\u00eb mendje: ky njeri \u00ebsht\u00eb tradhtar. Ai po merrte ryshfete p\u00ebr t\u00eb ushtruar ndikim\u201d, kishte deklaruar Guerriero.<\/p>\n<p>Ajo pretendonte gjithashtu se kishte informuar ish-epror\u00eb dhe zyrtar\u00eb t\u00eb tjer\u00eb t\u00eb FBI-s\u00eb, por sipas saj, paralajm\u00ebrimet nuk ishin marr\u00eb seriozisht.<\/p>\n<p>\u201cSa her\u00eb q\u00eb p\u00ebrpiqesha t\u2019i flisja FBI-s\u00eb p\u00ebr k\u00ebt\u00eb, ata nuk donin t\u00eb d\u00ebgjonin. I tregova ish-shefit t\u00eb tij, u tregova edhe njer\u00ebzve t\u00eb tjer\u00eb dhe askush nuk b\u00ebri asgj\u00eb\u201d, kishte th\u00ebn\u00eb ajo.<\/p>\n<p>Charles McGonigal, ish-drejtues i kund\u00ebrzbulimit t\u00eb FBI-s\u00eb n\u00eb New York, u arrestua n\u00eb janar 2023 dhe m\u00eb von\u00eb u d\u00ebnua me 6 vite e 6 muaj burg p\u00ebr \u00e7\u00ebshtje q\u00eb lidhen me marrjen e parave dhe marr\u00ebdh\u00ebniet e tij me oligarkun rus Oleg Deripaska.<\/p>\n<p>Nd\u00ebrkoh\u00eb, vdekja e Guerriero mbetet n\u00ebn hetim. Deri tani, autoritetet nuk kan\u00eb b\u00ebr\u00eb t\u00eb ditur nj\u00eb shkak zyrtar dhe policia thot\u00eb se nuk ka shenja t\u00eb dukshme t\u00eb nj\u00eb akti kriminal.<\/p>\n<div class=\"adGroupWrapper\">\n<div class=\"adGroupWrapperInner\" data-max-slots=\"2\">\n<div class=\"oneAdBlock\">\n<div class=\"abd\" id=\"div-gpt-ad-1508427039785-4\" data-google-query-id=\"CIj-pL6DzJYDFVlGkQQdaXkMQA\">\n<div id=\"google_ads_iframe_\/52408802\/TOPCHHOME4_0__container__\"><strong>Nga: <\/strong><strong>Top Channel<\/strong><\/div>\n<\/div>\n<\/div>\n<\/div>\n<\/div>\n","protected":false},"excerpt":{"rendered":"<p>1 Shtator 2026 Allison Guerriero, ish-e dashura e ish-zyrtarit t\u00eb lart\u00eb t\u00eb FBI-s\u00eb, Charles McGonigal, ka nd\u00ebrruar jet\u00eb papritur n\u00eb banes\u00ebn e saj n\u00eb Boynton Beach, Florida. Guerriero, e cila kishte pasur nj\u00eb lidhje 18-mujore me McGonigal, ishte b\u00ebr\u00eb e njohur p\u00ebr akuzat dhe denoncimet e saj publike ndaj ish-agjentit t\u00eb FBI-s\u00eb, i cili aktualisht [&hellip;]<\/p>\n","protected":false},"author":9,"featured_media":105610,"comment_status":"open","ping_status":"open","sticky":false,"template":"","format":"standard","meta":{"jetpack_post_was_ever_published":false,"_jetpack_newsletter_access":"","_jetpack_dont_email_post_to_subs":false,"_jetpack_newsletter_tier_id":0,"_jetpack_memberships_contains_paywalled_content":false,"_jetpack_memberships_contains_paid_content":false,"footnotes":"","jetpack_publicize_message":"","jetpack_publicize_feature_enabled":true,"jetpack_social_post_already_shared":true,"jetpack_social_options":{"image_generator_settings":{"template":"highway","default_image_id":0,"font":"","enabled":false},"version":2}},"categories":[27,1],"tags":[],"class_list":["post-105609","post","type-post","status-publish","format-standard","has-post-thumbnail","hentry","category-blogu-i-udhetarit","category-njoftime-shtypi"],"jetpack_publicize_connections":[],"jetpack_featured_media_url":"https:\/\/i0.wp.com\/www.shqiperia.com\/blog\/wp-content\/uploads\/2026\/08\/Untitled-design-51.webp?fit=1920%2C1080&ssl=1","jetpack_sharing_enabled":true,"jetpack_shortlink":"https:\/\/wp.me\/p5Z6wp-rtn","jetpack-related-posts":[{"id":105456,"url":"https:\/\/www.shqiperia.com\/blog\/ja-si-mcgonigal-i-edi-rames-ndikoi-per-arrestimin-e-krereve-te-uck-me-hashim-thacin-ne-krye\/","url_meta":{"origin":105609,"position":0},"title":"Ja si \u201cMcGonigal\u201d i Edi Ram\u00ebs ndikoi p\u00ebr arrestimin e krer\u00ebve t\u00eb U\u00c7K me Hashim Tha\u00e7in n\u00eb krye","author":"Kurt Farka","date":"August 29, 2026","format":false,"excerpt":"29 Gusht 2026 Gazetari i njohur kosovar, Fitim \u00c7eku, ka l\u00ebshuar nj\u00eb deklarat\u00eb t\u00eb fort\u00eb n\u00eb rrjetet sociale, ku nxjerr n\u00eb pah prapaskenat e arrestimit t\u00eb krer\u00ebve t\u00eb Ushtris\u00eb \u00c7lirimtare t\u00eb Kosov\u00ebs (U\u00c7K-s\u00eb). Ai rikujton se ish-zyrtari i FBI-s\u00eb, Charles McGonigal, njihet bot\u00ebrisht si mik i af\u00ebrt i kryeministrit t\u00eb\u2026","rel":"","context":"In &quot;Blogu i Udh\u00ebtarit&quot;","block_context":{"text":"Blogu i Udh\u00ebtarit","link":"https:\/\/www.shqiperia.com\/blog\/category\/blogu-i-udhetarit\/"},"img":{"alt_text":"","src":"https:\/\/i0.wp.com\/www.shqiperia.com\/blog\/wp-content\/uploads\/2026\/08\/Behxhet-Shala-Haga.jpg?fit=600%2C360&ssl=1&resize=350%2C200","width":350,"height":200,"srcset":"https:\/\/i0.wp.com\/www.shqiperia.com\/blog\/wp-content\/uploads\/2026\/08\/Behxhet-Shala-Haga.jpg?fit=600%2C360&ssl=1&resize=350%2C200 1x, https:\/\/i0.wp.com\/www.shqiperia.com\/blog\/wp-content\/uploads\/2026\/08\/Behxhet-Shala-Haga.jpg?fit=600%2C360&ssl=1&resize=525%2C300 1.5x"},"classes":[]},{"id":105179,"url":"https:\/\/www.shqiperia.com\/blog\/7-muaj-ne-krye-te-spak-braho-atrofizon-institucionin-asnje-arrestim-ne-politike\/","url_meta":{"origin":105609,"position":1},"title":"7 muaj n\u00eb krye t\u00eb SPAK, Braho atrofizon institucionin, asnj\u00eb arrestim n\u00eb politik\u00eb.","author":"Kurt Farka","date":"August 25, 2026","format":false,"excerpt":"25 Gusht 2026 Pritshm\u00ebrit\u00eb e m\u00ebdha q\u00eb shoq\u00ebruan marrjen e drejtimit t\u00eb Prokuroris\u00eb s\u00eb Posa\u00e7me (SPAK) nga Klodjan Braho n\u00eb dhjetor t\u00eb vitit 2025, t\u00eb mb\u00ebshtetura nga nj\u00eb proces p\u00ebrzgjedhjeje me bekimin e partner\u00ebve amerikan\u00eb dhe garancin\u00eb e Altin Dumanit, jan\u00eb shnd\u00ebrruar n\u00eb nj\u00eb zhg\u00ebnjim t\u00eb thell\u00eb publik. N\u00eb vend\u2026","rel":"","context":"In &quot;Blogu i Udh\u00ebtarit&quot;","block_context":{"text":"Blogu i Udh\u00ebtarit","link":"https:\/\/www.shqiperia.com\/blog\/category\/blogu-i-udhetarit\/"},"img":{"alt_text":"","src":"https:\/\/i0.wp.com\/www.shqiperia.com\/blog\/wp-content\/uploads\/2026\/08\/SPAKU.png?fit=658%2C364&ssl=1&resize=350%2C200","width":350,"height":200,"srcset":"https:\/\/i0.wp.com\/www.shqiperia.com\/blog\/wp-content\/uploads\/2026\/08\/SPAKU.png?fit=658%2C364&ssl=1&resize=350%2C200 1x, https:\/\/i0.wp.com\/www.shqiperia.com\/blog\/wp-content\/uploads\/2026\/08\/SPAKU.png?fit=658%2C364&ssl=1&resize=525%2C300 1.5x"},"classes":[]},{"id":103443,"url":"https:\/\/www.shqiperia.com\/blog\/nena-e-te-miturit-me-paralize-ne-bashki-me-thane-pse-ke-dale-ne-proteste-femija-nuk-te-behet-me-njeri\/","url_meta":{"origin":105609,"position":2},"title":"N\u00ebna e t\u00eb miturit me paraliz\u00eb: &#8211; N\u00eb bashki m\u00eb than\u00eb, pse ke dal\u00eb n\u00eb protest\u00eb, f\u00ebmija nuk t\u00eb b\u00ebhet m\u00eb njeri","author":"Kurt Farka","date":"July 30, 2026","format":false,"excerpt":"30 Korrik 2026 Nj\u00eb tjet\u00ebr d\u00ebshmi trondit\u00ebse e d\u00ebshtimit t\u00eb institucioneve p\u00ebr t\u2019u ardhur n\u00eb ndihm\u00eb familjeve n\u00eb nevoj\u00eb \u00ebsht\u00eb b\u00ebr\u00eb publike gjat\u00eb protest\u00ebs, ku nj\u00eb n\u00ebn\u00eb nga Rrogozhina ka rr\u00ebfyer p\u00ebrball\u00eb gazetarit Osman Stafa, dram\u00ebn e saj 10-vje\u00e7are p\u00ebr t\u00eb siguruar kujdesin minimal p\u00ebr djalin e saj me paraliz\u00eb\u2026","rel":"","context":"In &quot;Kultura&quot;","block_context":{"text":"Kultura","link":"https:\/\/www.shqiperia.com\/blog\/category\/kultura\/"},"img":{"alt_text":"","src":"https:\/\/i0.wp.com\/www.shqiperia.com\/blog\/wp-content\/uploads\/2026\/07\/auto_watermarked_file_6a6a5e7ea9a652.825111281785356069.jpeg?fit=900%2C506&ssl=1&resize=350%2C200","width":350,"height":200,"srcset":"https:\/\/i0.wp.com\/www.shqiperia.com\/blog\/wp-content\/uploads\/2026\/07\/auto_watermarked_file_6a6a5e7ea9a652.825111281785356069.jpeg?fit=900%2C506&ssl=1&resize=350%2C200 1x, https:\/\/i0.wp.com\/www.shqiperia.com\/blog\/wp-content\/uploads\/2026\/07\/auto_watermarked_file_6a6a5e7ea9a652.825111281785356069.jpeg?fit=900%2C506&ssl=1&resize=525%2C300 1.5x, https:\/\/i0.wp.com\/www.shqiperia.com\/blog\/wp-content\/uploads\/2026\/07\/auto_watermarked_file_6a6a5e7ea9a652.825111281785356069.jpeg?fit=900%2C506&ssl=1&resize=700%2C400 2x"},"classes":[]},{"id":104334,"url":"https:\/\/www.shqiperia.com\/blog\/historia-e-shnderruar-ne-legjende-e-3-motrave-qe-mbajten-ne-krahe-nje-piano-per-27-kilometra-qe-e-ema-te-vdiste-ne-shtepi-ne-magjine-e-tingujve\/","url_meta":{"origin":105609,"position":3},"title":"Historia e shnd\u00ebrruar n\u00eb legjend\u00eb e 3 motrave q\u00eb mbajt\u00ebn n\u00eb krah\u00eb nj\u00eb piano p\u00ebr 27 kilometra, q\u00eb e \u00ebma t\u00eb vdiste n\u00eb sht\u00ebpi n\u00eb magjin\u00eb e tingujve","author":"Kurt Farka","date":"August 13, 2026","format":false,"excerpt":"13 Gusht 2026 Tetor, viti 1903, malet Siskiyou, Oregon. N\u00ebna e familjes, Ellie Cooper, 61 vje\u00e7, po jepte shpirt n\u00eb nj\u00eb spital t\u00eb Medfordit, e tretur nga tuberkulozi. E nd\u00ebrgjegjshme se dit\u00ebt e saj ishin t\u00eb num\u00ebruara, ajo p\u00ebshp\u00ebriti d\u00ebshir\u00ebn e saj t\u00eb fundit: \"Dua t'i d\u00ebgjoj vajzat e mia\u2026","rel":"","context":"In &quot;Arte&quot;","block_context":{"text":"Arte","link":"https:\/\/www.shqiperia.com\/blog\/category\/arte\/"},"img":{"alt_text":"","src":"https:\/\/i0.wp.com\/www.shqiperia.com\/blog\/wp-content\/uploads\/2026\/08\/640-0-pia-1786537974-1.jpg?fit=640%2C422&ssl=1&resize=350%2C200","width":350,"height":200,"srcset":"https:\/\/i0.wp.com\/www.shqiperia.com\/blog\/wp-content\/uploads\/2026\/08\/640-0-pia-1786537974-1.jpg?fit=640%2C422&ssl=1&resize=350%2C200 1x, https:\/\/i0.wp.com\/www.shqiperia.com\/blog\/wp-content\/uploads\/2026\/08\/640-0-pia-1786537974-1.jpg?fit=640%2C422&ssl=1&resize=525%2C300 1.5x"},"classes":[]},{"id":100521,"url":"https:\/\/www.shqiperia.com\/blog\/nese-mendoni-se-nuk-po-ia-dilni-ne-jete-duhet-te-lexoni-historine-virale-te-kesaj-80-vjecareje\/","url_meta":{"origin":105609,"position":4},"title":"N\u00ebse mendoni se nuk po ia dilni n\u00eb jet\u00eb, duhet t\u00eb lexoni historin\u00eb virale t\u00eb k\u00ebsaj 80-vje\u00e7areje","author":"Kurt Farka","date":"May 21, 2026","format":false,"excerpt":"21 Maji 2026 ... Pak para se t\u00eb mbushte 80 vje\u00e7, Anna nisi t\u00eb pikturonte Nj\u00eb video e vjet\u00ebr nga Forumi i Forbes p\u00ebr Grat\u00eb n\u00eb vitin 2017 po b\u00ebhet s\u00ebrish virale n\u00eb rrjetet sociale, sidomos mes grave, p\u00ebr mesazhin e saj frym\u00ebzues mbi suksesin dhe fillimet e reja n\u00eb\u2026","rel":"","context":"In &quot;Arte&quot;","block_context":{"text":"Arte","link":"https:\/\/www.shqiperia.com\/blog\/category\/arte\/"},"img":{"alt_text":"","src":"https:\/\/i0.wp.com\/www.shqiperia.com\/blog\/wp-content\/uploads\/2026\/05\/Grandma-Moses-4-1-300x196.jpg?resize=350%2C200&ssl=1","width":350,"height":200,"srcset":"https:\/\/i0.wp.com\/www.shqiperia.com\/blog\/wp-content\/uploads\/2026\/05\/Grandma-Moses-4-1-300x196.jpg?resize=350%2C200&ssl=1 1x, https:\/\/i0.wp.com\/www.shqiperia.com\/blog\/wp-content\/uploads\/2026\/05\/Grandma-Moses-4-1-300x196.jpg?resize=525%2C300&ssl=1 1.5x, https:\/\/i0.wp.com\/www.shqiperia.com\/blog\/wp-content\/uploads\/2026\/05\/Grandma-Moses-4-1-300x196.jpg?resize=700%2C400&ssl=1 2x"},"classes":[]},{"id":101899,"url":"https:\/\/www.shqiperia.com\/blog\/marjana-koceku-flet-per-median-britanike-kjo-qeveri-smund-te-sjelle-ndryshim\/","url_meta":{"origin":105609,"position":5},"title":"Marjana Ko\u00e7eku flet p\u00ebr median britanike: &#8211; Kjo qeveri s\u2019mund t\u00eb sjell\u00eb ndryshim","author":"Kurt Farka","date":"June 27, 2026","format":false,"excerpt":"28 Qershor 2026 Largimi i deputetes Marjana Ko\u00e7eku nga Grupi Parlamentar i Partis\u00eb Socialiste ka kaluar kufijt\u00eb e Shqip\u00ebris\u00eb dhe ka t\u00ebrhequr v\u00ebmendjen e mediave nd\u00ebrkomb\u00ebtare. Prestigjiozja britanike\u00a0\u201cBritannia Daily\u201d i\u00a0ka kushtuar nj\u00eb artikull vendimit t\u00eb saj p\u00ebr t\u2019u shk\u00ebputur nga mazhoranca, n\u00eb nj\u00eb koh\u00eb kur protestat antiqeveritare n\u00eb vend vijojn\u00eb\u2026","rel":"","context":"In &quot;Blogu i Udh\u00ebtarit&quot;","block_context":{"text":"Blogu i Udh\u00ebtarit","link":"https:\/\/www.shqiperia.com\/blog\/category\/blogu-i-udhetarit\/"},"img":{"alt_text":"","src":"https:\/\/i0.wp.com\/www.shqiperia.com\/blog\/wp-content\/uploads\/2026\/06\/Marjana-Koceku.jpeg?fit=1167%2C768&ssl=1&resize=350%2C200","width":350,"height":200,"srcset":"https:\/\/i0.wp.com\/www.shqiperia.com\/blog\/wp-content\/uploads\/2026\/06\/Marjana-Koceku.jpeg?fit=1167%2C768&ssl=1&resize=350%2C200 1x, https:\/\/i0.wp.com\/www.shqiperia.com\/blog\/wp-content\/uploads\/2026\/06\/Marjana-Koceku.jpeg?fit=1167%2C768&ssl=1&resize=525%2C300 1.5x, https:\/\/i0.wp.com\/www.shqiperia.com\/blog\/wp-content\/uploads\/2026\/06\/Marjana-Koceku.jpeg?fit=1167%2C768&ssl=1&resize=700%2C400 2x, https:\/\/i0.wp.com\/www.shqiperia.com\/blog\/wp-content\/uploads\/2026\/06\/Marjana-Koceku.jpeg?fit=1167%2C768&ssl=1&resize=1050%2C600 3x"},"classes":[]}],"_links":{"self":[{"href":"https:\/\/www.shqiperia.com\/blog\/wp-json\/wp\/v2\/posts\/105609","targetHints":{"allow":["GET"]}}],"collection":[{"href":"https:\/\/www.shqiperia.com\/blog\/wp-json\/wp\/v2\/posts"}],"about":[{"href":"https:\/\/www.shqiperia.com\/blog\/wp-json\/wp\/v2\/types\/post"}],"author":[{"embeddable":true,"href":"https:\/\/www.shqiperia.com\/blog\/wp-json\/wp\/v2\/users\/9"}],"replies":[{"embeddable":true,"href":"https:\/\/www.shqiperia.com\/blog\/wp-json\/wp\/v2\/comments?post=105609"}],"version-history":[{"count":1,"href":"https:\/\/www.shqiperia.com\/blog\/wp-json\/wp\/v2\/posts\/105609\/revisions"}],"predecessor-version":[{"id":105611,"href":"https:\/\/www.shqiperia.com\/blog\/wp-json\/wp\/v2\/posts\/105609\/revisions\/105611"}],"wp:featuredmedia":[{"embeddable":true,"href":"https:\/\/www.shqiperia.com\/blog\/wp-json\/wp\/v2\/media\/105610"}],"wp:attachment":[{"href":"https:\/\/www.shqiperia.com\/blog\/wp-json\/wp\/v2\/media?parent=105609"}],"wp:term":[{"taxonomy":"category","embeddable":true,"href":"https:\/\/www.shqiperia.com\/blog\/wp-json\/wp\/v2\/categories?post=105609"},{"taxonomy":"post_tag","embeddable":true,"href":"https:\/\/www.shqiperia.com\/blog\/wp-json\/wp\/v2\/tags?post=105609"}],"curies":[{"name":"wp","href":"https:\/\/api.w.org\/{rel}","templated":true}]}}