{"id":105605,"date":"2026-08-31T19:53:57","date_gmt":"2026-08-31T19:53:57","guid":{"rendered":"https:\/\/www.shqiperia.com\/blog\/?p=105605"},"modified":"2026-08-31T19:53:57","modified_gmt":"2026-08-31T19:53:57","slug":"ilir-xhemalaj-pergatituni-per-nje-vjeshte-shume-te-forte-do-te-nisim-mosbindjen-civile","status":"publish","type":"post","link":"https:\/\/www.shqiperia.com\/blog\/ilir-xhemalaj-pergatituni-per-nje-vjeshte-shume-te-forte-do-te-nisim-mosbindjen-civile\/","title":{"rendered":"Ilir Xhemalaj: &#8211; P\u00ebrgatituni p\u00ebr nj\u00eb vjesht\u00eb shum\u00eb t\u00eb fort\u00eb, do t\u00eb nisim mosbindjen civile!"},"content":{"rendered":"<p><img data-recalc-dims=\"1\" loading=\"lazy\" decoding=\"async\" data-attachment-id=\"105606\" data-permalink=\"https:\/\/www.shqiperia.com\/blog\/ilir-xhemalaj-pergatituni-per-nje-vjeshte-shume-te-forte-do-te-nisim-mosbindjen-civile\/640-360-img-1589-6a91e7cc3e2ca-2\/\" data-orig-file=\"https:\/\/i0.wp.com\/www.shqiperia.com\/blog\/wp-content\/uploads\/2026\/08\/640-360-img-1589-6a91e7cc3e2ca-1.jpeg?fit=640%2C360&amp;ssl=1\" data-orig-size=\"640,360\" data-comments-opened=\"1\" data-image-meta=\"{&quot;aperture&quot;:&quot;0&quot;,&quot;credit&quot;:&quot;&quot;,&quot;camera&quot;:&quot;&quot;,&quot;caption&quot;:&quot;&quot;,&quot;created_timestamp&quot;:&quot;0&quot;,&quot;copyright&quot;:&quot;&quot;,&quot;focal_length&quot;:&quot;0&quot;,&quot;iso&quot;:&quot;0&quot;,&quot;shutter_speed&quot;:&quot;0&quot;,&quot;title&quot;:&quot;&quot;,&quot;orientation&quot;:&quot;0&quot;}\" data-image-title=\"-640-360-img-1589-6a91e7cc3e2ca\" data-image-description=\"\" data-image-caption=\"\" data-medium-file=\"https:\/\/i0.wp.com\/www.shqiperia.com\/blog\/wp-content\/uploads\/2026\/08\/640-360-img-1589-6a91e7cc3e2ca-1.jpeg?fit=300%2C169&amp;ssl=1\" data-large-file=\"https:\/\/i0.wp.com\/www.shqiperia.com\/blog\/wp-content\/uploads\/2026\/08\/640-360-img-1589-6a91e7cc3e2ca-1.jpeg?fit=640%2C360&amp;ssl=1\" class=\"alignnone  wp-image-105606\" alt=\"\" src=\"https:\/\/i0.wp.com\/www.shqiperia.com\/blog\/wp-content\/uploads\/2026\/08\/640-360-img-1589-6a91e7cc3e2ca-1.jpeg?resize=659%2C371&#038;ssl=1\" width=\"659\" height=\"371\" srcset=\"https:\/\/i0.wp.com\/www.shqiperia.com\/blog\/wp-content\/uploads\/2026\/08\/640-360-img-1589-6a91e7cc3e2ca-1.jpeg?resize=300%2C169&amp;ssl=1 300w, https:\/\/i0.wp.com\/www.shqiperia.com\/blog\/wp-content\/uploads\/2026\/08\/640-360-img-1589-6a91e7cc3e2ca-1.jpeg?resize=450%2C253&amp;ssl=1 450w, https:\/\/i0.wp.com\/www.shqiperia.com\/blog\/wp-content\/uploads\/2026\/08\/640-360-img-1589-6a91e7cc3e2ca-1.jpeg?resize=600%2C338&amp;ssl=1 600w, https:\/\/i0.wp.com\/www.shqiperia.com\/blog\/wp-content\/uploads\/2026\/08\/640-360-img-1589-6a91e7cc3e2ca-1.jpeg?resize=400%2C225&amp;ssl=1 400w, https:\/\/i0.wp.com\/www.shqiperia.com\/blog\/wp-content\/uploads\/2026\/08\/640-360-img-1589-6a91e7cc3e2ca-1.jpeg?w=640&amp;ssl=1 640w\" sizes=\"auto, (max-width: 659px) 100vw, 659px\" \/><\/p>\n<p>31 Gusht 2026<\/p>\n<p>Gjat\u00eb protest\u00ebs s\u00eb 93-t\u00eb para Kryeministris\u00eb, aktivisti Ilir Xhemalaj ka paralajm\u00ebruar p\u00ebrshkall\u00ebzim t\u00eb aksionit opozitar dhe protestave kund\u00ebr qeveris\u00eb, duke b\u00ebr\u00eb thirrje p\u00ebr mobilizim dhe mosbindje civile.<\/p>\n<p>Xhemalaj deklaroi se protestuesit do t\u00eb vijojn\u00eb t\u00eb q\u00ebndrojn\u00eb n\u00eb shesh dhe se, sipas tij, n\u00eb vjesht\u00eb pritet nj\u00eb faz\u00eb e re e protestave.<\/p>\n<p>\u201cTani nis stina e reshjeve q\u00eb do t\u00eb bjer\u00eb mbi k\u00ebt\u00eb qeveri. Jemi vendosur q\u00eb k\u00ebtu t\u00eb ngrem\u00eb barrikadat tona dhe do ta fitojm\u00eb luft\u00ebn. K\u00ebtu!\u201d, u shpreh ai.<\/p>\n<p>Duke akuzuar qeverin\u00eb p\u00ebr korrupsion, Xhemalaj k\u00ebrkoi largimin e saj dhe paralajm\u00ebroi p\u00ebrshkall\u00ebzim t\u00eb protestave.<\/p>\n<p>\u201cKjo qeveri e korruptuar duhet t\u00eb largohet sa m\u00eb shpejt. Do t\u00eb nisim p\u00ebrshkall\u00ebzimin, mosbindjen civile. Kjo situat\u00eb nuk mban m\u00eb\u201d, tha ai. Ai u b\u00ebri thirrje qytetar\u00ebve q\u00eb t\u00eb p\u00ebrgatiten p\u00ebr nj\u00eb vjesht\u00eb me protesta m\u00eb t\u00eb forta dhe k\u00ebrkoi mobilizim kund\u00ebr kryeministrit Edi Rama.<\/p>\n<p>\u201cP\u00ebrgatituni p\u00ebr nj\u00eb vjesht\u00eb shum\u00eb t\u00eb fort\u00eb. K\u00ebtu do t\u00eb jemi, do t\u00eb p\u00ebrballemi akoma m\u00eb fort. Duhet t\u00eb mobilizohemi kund\u00ebr Ram\u00ebs\u201d, deklaroi Xhemalaj.<\/p>\n","protected":false},"excerpt":{"rendered":"<p>31 Gusht 2026 Gjat\u00eb protest\u00ebs s\u00eb 93-t\u00eb para Kryeministris\u00eb, aktivisti Ilir Xhemalaj ka paralajm\u00ebruar p\u00ebrshkall\u00ebzim t\u00eb aksionit opozitar dhe protestave kund\u00ebr qeveris\u00eb, duke b\u00ebr\u00eb thirrje p\u00ebr mobilizim dhe mosbindje civile. Xhemalaj deklaroi se protestuesit do t\u00eb vijojn\u00eb t\u00eb q\u00ebndrojn\u00eb n\u00eb shesh dhe se, sipas tij, n\u00eb vjesht\u00eb pritet nj\u00eb faz\u00eb e re e protestave. \u201cTani [&hellip;]<\/p>\n","protected":false},"author":9,"featured_media":105606,"comment_status":"open","ping_status":"open","sticky":false,"template":"","format":"standard","meta":{"jetpack_post_was_ever_published":false,"_jetpack_newsletter_access":"","_jetpack_dont_email_post_to_subs":false,"_jetpack_newsletter_tier_id":0,"_jetpack_memberships_contains_paywalled_content":false,"_jetpack_memberships_contains_paid_content":false,"footnotes":"","jetpack_publicize_message":"","jetpack_publicize_feature_enabled":true,"jetpack_social_post_already_shared":true,"jetpack_social_options":{"image_generator_settings":{"template":"highway","default_image_id":0,"font":"","enabled":false},"version":2}},"categories":[27,1,2,35],"tags":[],"class_list":["post-105605","post","type-post","status-publish","format-standard","has-post-thumbnail","hentry","category-blogu-i-udhetarit","category-njoftime-shtypi","category-politika","category-shoqerore"],"jetpack_publicize_connections":[],"jetpack_featured_media_url":"https:\/\/i0.wp.com\/www.shqiperia.com\/blog\/wp-content\/uploads\/2026\/08\/640-360-img-1589-6a91e7cc3e2ca-1.jpeg?fit=640%2C360&ssl=1","jetpack_sharing_enabled":true,"jetpack_shortlink":"https:\/\/wp.me\/p5Z6wp-rtj","jetpack-related-posts":[{"id":105565,"url":"https:\/\/www.shqiperia.com\/blog\/duhet-te-mobilizohemi-per-mosbindje-civile-me-12-shtator-diaspora-zbarkon-fuqimisht-ne-tirane\/","url_meta":{"origin":105605,"position":0},"title":"&#8220;Duhet t\u00eb mobilizohemi p\u00ebr mosbindje civile&#8221;\/ M\u00eb 12 shtator diaspora &#8216;zbarkon&#8217; fuqimisht n\u00eb Tiran\u00eb.","author":"Kurt Farka","date":"August 31, 2026","format":false,"excerpt":"31 Gusht 2026 Aktivisti shqiptar q\u00eb jeton n\u00eb Britani, Ilir Dedej, i ftuar ne nje lidhje te drejteperdrejte televizive ka komentuar protestat kund\u00ebr qeveris\u00eb, duke deklaruar se pas 93 dit\u00ebsh mobilizimi qytetar, sipas tij, pushteti i kryeministrit Edi Rama \u00ebsht\u00eb dob\u00ebsuar. Dedej tha se protesta duhet t\u00eb shkoj\u00eb p\u00ebrtej tubimeve\u2026","rel":"","context":"In &quot;Blogu i Udh\u00ebtarit&quot;","block_context":{"text":"Blogu i Udh\u00ebtarit","link":"https:\/\/www.shqiperia.com\/blog\/category\/blogu-i-udhetarit\/"},"img":{"alt_text":"","src":"https:\/\/i0.wp.com\/www.shqiperia.com\/blog\/wp-content\/uploads\/2026\/08\/Mijera-emigrante-shqiptare-proteste-ne-Londer.-Foto-Arkiv.jpg?fit=1200%2C675&ssl=1&resize=350%2C200","width":350,"height":200,"srcset":"https:\/\/i0.wp.com\/www.shqiperia.com\/blog\/wp-content\/uploads\/2026\/08\/Mijera-emigrante-shqiptare-proteste-ne-Londer.-Foto-Arkiv.jpg?fit=1200%2C675&ssl=1&resize=350%2C200 1x, https:\/\/i0.wp.com\/www.shqiperia.com\/blog\/wp-content\/uploads\/2026\/08\/Mijera-emigrante-shqiptare-proteste-ne-Londer.-Foto-Arkiv.jpg?fit=1200%2C675&ssl=1&resize=525%2C300 1.5x, https:\/\/i0.wp.com\/www.shqiperia.com\/blog\/wp-content\/uploads\/2026\/08\/Mijera-emigrante-shqiptare-proteste-ne-Londer.-Foto-Arkiv.jpg?fit=1200%2C675&ssl=1&resize=700%2C400 2x, https:\/\/i0.wp.com\/www.shqiperia.com\/blog\/wp-content\/uploads\/2026\/08\/Mijera-emigrante-shqiptare-proteste-ne-Londer.-Foto-Arkiv.jpg?fit=1200%2C675&ssl=1&resize=1050%2C600 3x"},"classes":[]},{"id":102728,"url":"https:\/\/www.shqiperia.com\/blog\/liberalet-europiane-shuplake-rames-pro-protestave-shqiptaret-meritojne-nje-qeveri-qe-u-sherben-qytetareve-te-saj\/","url_meta":{"origin":105605,"position":1},"title":"Liberal\u00ebt Europian\u00eb \u201cshuplak\u00eb\u201d Ram\u00ebs, pro protestave: &#8211; Shqiptar\u00ebt meritojn\u00eb nj\u00eb qeveri q\u00eb u sh\u00ebrben qytetar\u00ebve t\u00eb saj\u2026","author":"Kurt Farka","date":"July 15, 2026","format":false,"excerpt":"15 Ko0rrik 2026 Partia e Aleanc\u00ebs s\u00eb Liberal\u00ebve dhe Demokrat\u00ebve p\u00ebr Europ\u00ebn (ALDE Party) ka shprehur mb\u00ebshtetjen e saj p\u00ebr qytetar\u00ebt shqiptar\u00eb q\u00eb prej 45 dit\u00ebsh protestojn\u00eb n\u00eb Tiran\u00eb, nd\u00ebrsa ka kritikuar qeverin\u00eb e kryeministrit Edi Rama p\u00ebr financimin me 4 milion\u00eb euro t\u00eb koncertit t\u00eb reperit amerikan Kanye West.\u2026","rel":"","context":"In &quot;Blogu i Udh\u00ebtarit&quot;","block_context":{"text":"Blogu i Udh\u00ebtarit","link":"https:\/\/www.shqiperia.com\/blog\/category\/blogu-i-udhetarit\/"},"img":{"alt_text":"","src":"https:\/\/i0.wp.com\/www.shqiperia.com\/blog\/wp-content\/uploads\/2026\/07\/protesta-e-4-korrikut-3.jpg?fit=832%2C556&ssl=1&resize=350%2C200","width":350,"height":200,"srcset":"https:\/\/i0.wp.com\/www.shqiperia.com\/blog\/wp-content\/uploads\/2026\/07\/protesta-e-4-korrikut-3.jpg?fit=832%2C556&ssl=1&resize=350%2C200 1x, https:\/\/i0.wp.com\/www.shqiperia.com\/blog\/wp-content\/uploads\/2026\/07\/protesta-e-4-korrikut-3.jpg?fit=832%2C556&ssl=1&resize=525%2C300 1.5x, https:\/\/i0.wp.com\/www.shqiperia.com\/blog\/wp-content\/uploads\/2026\/07\/protesta-e-4-korrikut-3.jpg?fit=832%2C556&ssl=1&resize=700%2C400 2x"},"classes":[]},{"id":102235,"url":"https:\/\/www.shqiperia.com\/blog\/bbc-jehone-protestave-masive-ne-tirane-shqiptaret-kerkojne-doreheqjen-e-edi-rames\/","url_meta":{"origin":105605,"position":2},"title":"BBC jehon\u00eb protestave masive n\u00eb Tiran\u00eb: Shqiptar\u00ebt k\u00ebrkojn\u00eb dor\u00ebheqjen e Edi Ram\u00ebs","author":"Kurt Farka","date":"July 5, 2026","format":false,"excerpt":"5 Korrok 2026 Media britanike prestigjioze BBC i ka kushtuar nj\u00eb artikull protestave masive n\u00eb Shqip\u00ebri, t\u00eb cilat k\u00ebrkojn\u00eb prej m\u00eb shum\u00eb se nj\u00eb muaji largimin e kryeministrit Edi Rama dhe qeveris\u00eb s\u00eb tij. Artikulli i plot\u00eb i BBC: Fillimisht protestuan kund\u00ebr flamingos, tani turma n\u00eb rrug\u00ebt posht\u00eb zyr\u00ebs s\u00eb\u2026","rel":"","context":"In &quot;Blogu i Udh\u00ebtarit&quot;","block_context":{"text":"Blogu i Udh\u00ebtarit","link":"https:\/\/www.shqiperia.com\/blog\/category\/blogu-i-udhetarit\/"},"img":{"alt_text":"","src":"https:\/\/i0.wp.com\/www.shqiperia.com\/blog\/wp-content\/uploads\/2026\/07\/Edi-Rama-2.webp?fit=1024%2C570&ssl=1&resize=350%2C200","width":350,"height":200,"srcset":"https:\/\/i0.wp.com\/www.shqiperia.com\/blog\/wp-content\/uploads\/2026\/07\/Edi-Rama-2.webp?fit=1024%2C570&ssl=1&resize=350%2C200 1x, https:\/\/i0.wp.com\/www.shqiperia.com\/blog\/wp-content\/uploads\/2026\/07\/Edi-Rama-2.webp?fit=1024%2C570&ssl=1&resize=525%2C300 1.5x, https:\/\/i0.wp.com\/www.shqiperia.com\/blog\/wp-content\/uploads\/2026\/07\/Edi-Rama-2.webp?fit=1024%2C570&ssl=1&resize=700%2C400 2x"},"classes":[]},{"id":103904,"url":"https:\/\/www.shqiperia.com\/blog\/ne-fund-te-tetorit-qeveri-teknike-protestat-do-te-kalojne-ne-mosbindje-civile-ne-shtator-edi-rama-gati-ndryshimet\/","url_meta":{"origin":105605,"position":3},"title":"N\u00eb fund t\u00eb tetorit qeveri teknike, protestat do t\u00eb kalojn\u00eb n\u00eb mosbindje civile n\u00eb shtator, Edi Rama gati ndryshimet\u2026","author":"Kurt Farka","date":"August 6, 2026","format":false,"excerpt":"6 Gusht 2026 Prokuroria e Posa\u00e7me (SPAK) \u00ebsht\u00eb faktori q\u00eb i jep revolt\u00ebs motivin ligjor. Dosjet Balluku, Krifca, Xha\u00e7ka, Manastirliu, Gjiknuri, AKSHI dhe t\u00eb tjera jan\u00eb fu\u00e7i baruti q\u00eb pritet t\u00eb shp\u00ebrthejn\u00eb. N\u00eb fund t\u00eb tetorit qeveri teknike, protestat do t\u00eb kalojn\u00eb n\u00eb mosbindje civile n\u00eb shtator, Edi Rama gati\u2026","rel":"","context":"In &quot;Blogu i Udh\u00ebtarit&quot;","block_context":{"text":"Blogu i Udh\u00ebtarit","link":"https:\/\/www.shqiperia.com\/blog\/category\/blogu-i-udhetarit\/"},"img":{"alt_text":"","src":"https:\/\/i0.wp.com\/www.shqiperia.com\/blog\/wp-content\/uploads\/2026\/08\/foto-3-rama-protesta-AI-1140x570-1.jpg?fit=1140%2C570&ssl=1&resize=350%2C200","width":350,"height":200,"srcset":"https:\/\/i0.wp.com\/www.shqiperia.com\/blog\/wp-content\/uploads\/2026\/08\/foto-3-rama-protesta-AI-1140x570-1.jpg?fit=1140%2C570&ssl=1&resize=350%2C200 1x, https:\/\/i0.wp.com\/www.shqiperia.com\/blog\/wp-content\/uploads\/2026\/08\/foto-3-rama-protesta-AI-1140x570-1.jpg?fit=1140%2C570&ssl=1&resize=525%2C300 1.5x, https:\/\/i0.wp.com\/www.shqiperia.com\/blog\/wp-content\/uploads\/2026\/08\/foto-3-rama-protesta-AI-1140x570-1.jpg?fit=1140%2C570&ssl=1&resize=700%2C400 2x, https:\/\/i0.wp.com\/www.shqiperia.com\/blog\/wp-content\/uploads\/2026\/08\/foto-3-rama-protesta-AI-1140x570-1.jpg?fit=1140%2C570&ssl=1&resize=1050%2C600 3x"},"classes":[]},{"id":103929,"url":"https:\/\/www.shqiperia.com\/blog\/mbyllet-protesta-e-68-te-kunder-qeverise-paralajmerojne-pershkallezim-dhe-bllokim-rrugesh\/","url_meta":{"origin":105605,"position":4},"title":"Mbyllet protesta e 68-t\u00eb kund\u00ebr qeveris\u00eb. &#8211;  Paralajm\u00ebrojn\u00eb p\u00ebrshkall\u00ebzim dhe bllokim rrug\u00ebsh","author":"Kurt Farka","date":"August 7, 2026","format":false,"excerpt":"7 Gusht 2026 Pas nj\u00eb marshimi t\u00eb gjat\u00eb n\u00eb rrug\u00ebt e kryeqytetit dhe me nj\u00eb pjes\u00ebmarrje masive t\u00eb qytetar\u00ebve, \u00ebsht\u00eb mbyllur protesta e sotme. Shqiptar\u00ebt prej 68 dit\u00ebsh kan\u00eb protestuar kund\u00ebr qeveris\u00eb, duke b\u00ebr\u00eb thirrje p\u00ebr largimin e kryeministrit Edi Rama. Qytetar\u00ebt jan\u00eb shprehur t\u00eb vendosur se nuk do t\u00eb\u2026","rel":"","context":"In &quot;Blogu i Udh\u00ebtarit&quot;","block_context":{"text":"Blogu i Udh\u00ebtarit","link":"https:\/\/www.shqiperia.com\/blog\/category\/blogu-i-udhetarit\/"},"img":{"alt_text":"","src":"https:\/\/i0.wp.com\/www.shqiperia.com\/blog\/wp-content\/uploads\/2026\/08\/750439618_4639048496318417_4366432659659716152_n.jpg?fit=720%2C540&ssl=1&resize=350%2C200","width":350,"height":200,"srcset":"https:\/\/i0.wp.com\/www.shqiperia.com\/blog\/wp-content\/uploads\/2026\/08\/750439618_4639048496318417_4366432659659716152_n.jpg?fit=720%2C540&ssl=1&resize=350%2C200 1x, https:\/\/i0.wp.com\/www.shqiperia.com\/blog\/wp-content\/uploads\/2026\/08\/750439618_4639048496318417_4366432659659716152_n.jpg?fit=720%2C540&ssl=1&resize=525%2C300 1.5x, https:\/\/i0.wp.com\/www.shqiperia.com\/blog\/wp-content\/uploads\/2026\/08\/750439618_4639048496318417_4366432659659716152_n.jpg?fit=720%2C540&ssl=1&resize=700%2C400 2x"},"classes":[]},{"id":100641,"url":"https:\/\/www.shqiperia.com\/blog\/pershkallezim-i-pamatur-evropa-denon-perdorimin-e-raketes-oreshnik-nga-rusia\/","url_meta":{"origin":105605,"position":5},"title":"\u201cP\u00ebrshkall\u00ebzim i pamatur\u201d\/ Evropa d\u00ebnon p\u00ebrdorimin e raket\u00ebs \u2018Oreshnik\u2019 nga Rusia","author":"Kurt Farka","date":"May 25, 2026","format":false,"excerpt":"25 Maji 2026 P\u00ebrdorimi nga Rusia i raket\u00ebs balistike me rreze t\u00eb mesme veprimi \u201cOreshnik\u201d ka t\u00ebrhequr v\u00ebmendjen nd\u00ebrkomb\u00ebtare dhe ka nxitur reagime t\u00eb forta nga lider\u00ebt europian\u00eb, t\u00eb cil\u00ebt paralajm\u00ebrojn\u00eb p\u00ebr nj\u00eb p\u00ebrshkall\u00ebzim t\u00eb rreziksh\u00ebm t\u00eb luft\u00ebs n\u00eb Ukrain\u00eb. Presidenti ukrainas Volodymyr Zelensky deklaroi t\u00eb diel\u00ebn se Rusia ka\u2026","rel":"","context":"In &quot;Blogu i Udh\u00ebtarit&quot;","block_context":{"text":"Blogu i Udh\u00ebtarit","link":"https:\/\/www.shqiperia.com\/blog\/category\/blogu-i-udhetarit\/"},"img":{"alt_text":"","src":"https:\/\/i0.wp.com\/www.shqiperia.com\/blog\/wp-content\/uploads\/2026\/05\/640-0-5683dcac740cda5830981450847710fa.webp?fit=640%2C360&ssl=1&resize=350%2C200","width":350,"height":200,"srcset":"https:\/\/i0.wp.com\/www.shqiperia.com\/blog\/wp-content\/uploads\/2026\/05\/640-0-5683dcac740cda5830981450847710fa.webp?fit=640%2C360&ssl=1&resize=350%2C200 1x, https:\/\/i0.wp.com\/www.shqiperia.com\/blog\/wp-content\/uploads\/2026\/05\/640-0-5683dcac740cda5830981450847710fa.webp?fit=640%2C360&ssl=1&resize=525%2C300 1.5x"},"classes":[]}],"_links":{"self":[{"href":"https:\/\/www.shqiperia.com\/blog\/wp-json\/wp\/v2\/posts\/105605","targetHints":{"allow":["GET"]}}],"collection":[{"href":"https:\/\/www.shqiperia.com\/blog\/wp-json\/wp\/v2\/posts"}],"about":[{"href":"https:\/\/www.shqiperia.com\/blog\/wp-json\/wp\/v2\/types\/post"}],"author":[{"embeddable":true,"href":"https:\/\/www.shqiperia.com\/blog\/wp-json\/wp\/v2\/users\/9"}],"replies":[{"embeddable":true,"href":"https:\/\/www.shqiperia.com\/blog\/wp-json\/wp\/v2\/comments?post=105605"}],"version-history":[{"count":1,"href":"https:\/\/www.shqiperia.com\/blog\/wp-json\/wp\/v2\/posts\/105605\/revisions"}],"predecessor-version":[{"id":105607,"href":"https:\/\/www.shqiperia.com\/blog\/wp-json\/wp\/v2\/posts\/105605\/revisions\/105607"}],"wp:featuredmedia":[{"embeddable":true,"href":"https:\/\/www.shqiperia.com\/blog\/wp-json\/wp\/v2\/media\/105606"}],"wp:attachment":[{"href":"https:\/\/www.shqiperia.com\/blog\/wp-json\/wp\/v2\/media?parent=105605"}],"wp:term":[{"taxonomy":"category","embeddable":true,"href":"https:\/\/www.shqiperia.com\/blog\/wp-json\/wp\/v2\/categories?post=105605"},{"taxonomy":"post_tag","embeddable":true,"href":"https:\/\/www.shqiperia.com\/blog\/wp-json\/wp\/v2\/tags?post=105605"}],"curies":[{"name":"wp","href":"https:\/\/api.w.org\/{rel}","templated":true}]}}