{"id":105601,"date":"2026-08-31T18:02:33","date_gmt":"2026-08-31T18:02:33","guid":{"rendered":"https:\/\/www.shqiperia.com\/blog\/?p=105601"},"modified":"2026-08-31T18:03:01","modified_gmt":"2026-08-31T18:03:01","slug":"vjedhja-e-kryevepres-se-rilindjes-nga-muzeu-sicilian-po-i-le-hetuesit-pa-fjale","status":"publish","type":"post","link":"https:\/\/www.shqiperia.com\/blog\/vjedhja-e-kryevepres-se-rilindjes-nga-muzeu-sicilian-po-i-le-hetuesit-pa-fjale\/","title":{"rendered":"Vjedhja e kryevepr\u00ebs s\u00eb Rilindjes nga muzeu si\u00e7ilian po i l\u00eb hetuesit pa fjal\u00eb"},"content":{"rendered":"<p><img data-recalc-dims=\"1\" loading=\"lazy\" decoding=\"async\" data-attachment-id=\"105602\" data-permalink=\"https:\/\/www.shqiperia.com\/blog\/vjedhja-e-kryevepres-se-rilindjes-nga-muzeu-sicilian-po-i-le-hetuesit-pa-fjale\/640-0-screenshot-2026-08-30-180544-1788124377\/\" data-orig-file=\"https:\/\/i0.wp.com\/www.shqiperia.com\/blog\/wp-content\/uploads\/2026\/08\/640-0-screenshot-2026-08-30-180544-1788124377.png?fit=611%2C428&amp;ssl=1\" data-orig-size=\"611,428\" data-comments-opened=\"1\" data-image-meta=\"{&quot;aperture&quot;:&quot;0&quot;,&quot;credit&quot;:&quot;&quot;,&quot;camera&quot;:&quot;&quot;,&quot;caption&quot;:&quot;&quot;,&quot;created_timestamp&quot;:&quot;0&quot;,&quot;copyright&quot;:&quot;&quot;,&quot;focal_length&quot;:&quot;0&quot;,&quot;iso&quot;:&quot;0&quot;,&quot;shutter_speed&quot;:&quot;0&quot;,&quot;title&quot;:&quot;&quot;,&quot;orientation&quot;:&quot;0&quot;}\" data-image-title=\"640-0-screenshot-2026-08-30-180544-1788124377\" data-image-description=\"\" data-image-caption=\"\" data-medium-file=\"https:\/\/i0.wp.com\/www.shqiperia.com\/blog\/wp-content\/uploads\/2026\/08\/640-0-screenshot-2026-08-30-180544-1788124377.png?fit=300%2C210&amp;ssl=1\" data-large-file=\"https:\/\/i0.wp.com\/www.shqiperia.com\/blog\/wp-content\/uploads\/2026\/08\/640-0-screenshot-2026-08-30-180544-1788124377.png?fit=611%2C428&amp;ssl=1\" class=\"alignnone wp-image-105602\" alt=\"\" src=\"https:\/\/i0.wp.com\/www.shqiperia.com\/blog\/wp-content\/uploads\/2026\/08\/640-0-screenshot-2026-08-30-180544-1788124377.png?resize=659%2C461&#038;ssl=1\" width=\"659\" height=\"461\" srcset=\"https:\/\/i0.wp.com\/www.shqiperia.com\/blog\/wp-content\/uploads\/2026\/08\/640-0-screenshot-2026-08-30-180544-1788124377.png?resize=300%2C210&amp;ssl=1 300w, https:\/\/i0.wp.com\/www.shqiperia.com\/blog\/wp-content\/uploads\/2026\/08\/640-0-screenshot-2026-08-30-180544-1788124377.png?resize=450%2C315&amp;ssl=1 450w, https:\/\/i0.wp.com\/www.shqiperia.com\/blog\/wp-content\/uploads\/2026\/08\/640-0-screenshot-2026-08-30-180544-1788124377.png?resize=600%2C420&amp;ssl=1 600w, https:\/\/i0.wp.com\/www.shqiperia.com\/blog\/wp-content\/uploads\/2026\/08\/640-0-screenshot-2026-08-30-180544-1788124377.png?resize=400%2C280&amp;ssl=1 400w, https:\/\/i0.wp.com\/www.shqiperia.com\/blog\/wp-content\/uploads\/2026\/08\/640-0-screenshot-2026-08-30-180544-1788124377.png?w=611&amp;ssl=1 611w\" sizes=\"auto, (max-width: 659px) 100vw, 659px\" \/><\/p>\n<p>31 Gusht 2026<\/p>\n<p>Nj\u00eb grabitje po sfidon hetuesit n\u00eb Messina t\u00eb Si\u00e7ilis\u00eb. Hajdut\u00ebt arrit\u00ebn t\u00eb hynin n\u00eb muze, t\u00eb \u00e7montonin nj\u00eb prej kryeveprave m\u00eb t\u00eb r\u00ebnd\u00ebsishme t\u00eb Rilindjes italiane dhe t\u00eb largoheshin brenda pak minutash.<\/p>\n<p>Por m\u00eb pas b\u00ebn\u00eb di\u00e7ka q\u00eb askush nuk arrin ta shpjegoj\u00eb: lan\u00eb dy pjes\u00eb t\u00eb vepr\u00ebs jasht\u00eb muzeut, t\u00eb mb\u00ebshtetura me kujdes mbi nj\u00eb mur.<\/p>\n<p>Ngjarja ndodhi rreth or\u00ebs 20:47 t\u00eb 15 gushtit, nd\u00ebrsa qendra e Messin\u00ebs ishte e mbushur me dhjet\u00ebra mij\u00ebra njer\u00ebz p\u00ebr fest\u00ebn tradicionale fetare t\u00eb Ferragosto-s. T\u00eb pakt\u00ebn dy burra pren\u00eb rrethimin e Muzeut Rajonal t\u00eb Messin\u00ebs, hap\u00ebn me forc\u00eb nj\u00eb der\u00eb an\u00ebsore dhe hyn\u00eb brenda.<\/p>\n<p>Objektivi i tyre ishte i jasht\u00ebzakonsh\u00ebm: \u201cPolittico di San Gregorio\u201d, kryevepra e shekullit XV e Antonello da Messina-s dhe nj\u00eb nga veprat m\u00eb t\u00eb r\u00ebnd\u00ebsishme t\u00eb mjeshtrit t\u00eb Rilindjes. Vepra p\u00ebrb\u00ebhet nga pes\u00eb panele t\u00eb mbijetuara.<\/p>\n<p>Hajdut\u00ebt mor\u00ebn gjithashtu nj\u00eb piktur\u00eb t\u00eb vog\u00ebl me dy faqe, q\u00eb paraqet Madon\u00ebn me F\u00ebmij\u00ebn n\u00eb nj\u00ebr\u00ebn an\u00eb dhe Krishtin n\u00eb Piet\u00e0 n\u00eb tjetr\u00ebn, q\u00eb i atribuohet Antonello da Messina-s.<\/p>\n<p>Momenti i zgjedhur p\u00ebr grabitjen duket se nuk ishte aspak rast\u00ebsor. \u00c7do 15 gusht, Messina zhvillon procesionin e famsh\u00ebm t\u00eb Vara-s, nj\u00eb tradit\u00eb q\u00eb daton nga viti 1535. Nj\u00eb struktur\u00eb piramidale 14 metra e lart\u00eb q\u00eb paraqet Ngjitjen e Virgj\u00ebresh\u00ebs p\u00ebrshkon qytetin, nd\u00ebrsa mbi 150 mij\u00eb njer\u00ebz mblidhen n\u00eb qend\u00ebr. Qindra polic\u00eb angazhohen p\u00ebr sigurin\u00eb dhe rrug\u00ebt kryesore bllokohen.<\/p>\n<p>Nd\u00ebrkoh\u00eb, periferia e qytetit, ku ndodhet muzeu, mbetet pothuajse bosh.<\/p>\n<p>\u201cN\u00ebse ekziston nj\u00eb dit\u00eb nga 365 dit\u00ebt e vitit q\u00eb nj\u00eb hajdut do t\u00eb zgjidhte p\u00ebr t\u00eb kryer nj\u00eb grabitje n\u00eb Messina, ajo do t\u00eb ishte 15 gushti\u201d, tha p\u00ebr The Guardian nj\u00eb hetues pran\u00eb \u00e7\u00ebshtjes.<\/p>\n<p>Sipas burimeve t\u00eb hetimit, dy persona t\u00eb maskuar dhe me helmeta moto\u00e7ikletash mund t\u00eb ken\u00eb hyr\u00eb n\u00eb muze, nd\u00ebrsa dy bashk\u00ebpun\u00ebtor\u00eb t\u00eb tjer\u00eb dyshohet se q\u00ebndruan jasht\u00eb p\u00ebr t\u00eb v\u00ebzhguar zon\u00ebn.<\/p>\n<p>Por k\u00ebtu fillojn\u00eb misteret.<\/p>\n<p>Hetuesit po p\u00ebrpiqen ende t\u00eb p\u00ebrcaktojn\u00eb sakt\u00ebsisht se nga hyn\u00eb grabit\u00ebsit n\u00eb territorin e muzeut. Nj\u00eb nga pistat \u00ebsht\u00eb se ata mund t\u00eb ken\u00eb kaluar p\u00ebrmes nj\u00eb kompleksi banimi ngjitur me t\u00eb. Pasi pren\u00eb gardhin, dyshohet se shkuan drejtp\u00ebrdrejt te nj\u00eb der\u00eb an\u00ebsore.<\/p>\n<p>Dhe pik\u00ebrisht ajo der\u00eb ishte nj\u00eb nga hyrjet e pakta q\u00eb, sipas burimeve t\u00eb hetimit, nuk ishte e pajisur me alarm.<\/p>\n<p>Pamjet e kamerave t\u00eb siguris\u00eb kan\u00eb ngritur nj\u00eb pyetje edhe m\u00eb t\u00eb madhe. E gjith\u00eb grabitja duket se ka zgjatur vet\u00ebm dy deri n\u00eb tre minuta.<\/p>\n<p>\u201cSi arrit\u00ebn hajdut\u00ebt t\u2019i hiqnin t\u00eb pes\u00eb panelet kaq shpejt dhe si e dinin se ajo der\u00eb nuk kishte alarm?\u201d, pyet historiania e artit Valentina Certo, e lidhur me Universitetin e Messin\u00ebs.<\/p>\n<p>Pik\u00ebrisht p\u00ebr k\u00ebt\u00eb arsye, hetuesit po shqyrtojn\u00eb edhe mund\u00ebsin\u00eb q\u00eb autor\u00ebt t\u00eb ken\u00eb pasur informacione nga brenda muzeut. ANSA raportoi se nj\u00eb punonj\u00ebs ishte n\u00ebn hetim p\u00ebr pretendime lidhur me mosp\u00ebrputhje rreth sistemit t\u00eb alarmit, megjith\u00ebse burime policore e kan\u00eb kund\u00ebrshtuar k\u00ebt\u00eb raportim.<\/p>\n<p>Eksperti nd\u00ebrkomb\u00ebtar i rikuperimit t\u00eb veprave t\u00eb artit Christopher Marinello paralajm\u00ebron se kontrolli i nj\u00eb piste t\u00eb brendshme \u00ebsht\u00eb praktik\u00eb normale n\u00eb grabitje t\u00eb tilla dhe nuk do t\u00eb thot\u00eb automatikisht se nj\u00eb punonj\u00ebs ka bashk\u00ebpunuar me hajdut\u00ebt.<\/p>\n<p>Edhe sistemi i alarmit t\u00eb vet\u00eb kryevepr\u00ebs ngre pik\u00ebpyetje. Nd\u00ebrsa dera e p\u00ebrdorur nga grabit\u00ebsit mund t\u00eb mos kishte alarm, Polittico di San Gregorio mbrohej nga nj\u00eb sistem q\u00eb duhej t\u00eb aktivizohej sapo vepra t\u00eb l\u00ebvizte.<\/p>\n<p>Dhe alarmi, sipas burimeve hetimore, u aktivizua.<\/p>\n<p>Sipas burimeve policore t\u00eb cituara nga TG La7, nj\u00eb roje i ka th\u00ebn\u00eb hetuesve se e kishte d\u00ebgjuar alarmin, por e kishte fikur duke menduar se b\u00ebhej fjal\u00eb p\u00ebr nj\u00eb sinjal t\u00eb rrem\u00eb.<\/p>\n<p>Vet\u00ebm rreth dhjet\u00eb minuta pas grabitjes, nj\u00eb grua q\u00eb po kalonte pran\u00eb muzeut vuri re di\u00e7ka t\u00eb pazakont\u00eb mbi nj\u00eb mur t\u00eb ul\u00ebt.<\/p>\n<p>\u201cKa piktura t\u00eb muzeut n\u00eb rrug\u00eb, sikur dikush t\u2019i ket\u00eb vjedhur dhe t\u2019i ket\u00eb l\u00ebn\u00eb k\u00ebtu. Jan\u00eb t\u00eb m\u00ebdha dhe vlejn\u00eb shum\u00eb para\u201d, i tha ajo policis\u00eb n\u00eb nj\u00eb regjistrim t\u00eb siguruar nga The Guardian.<\/p>\n<p>Aty ndodheshin dy nga pes\u00eb panelet e kryevepr\u00ebs s\u00eb Antonello da Messina-s.<\/p>\n<p>Por ato nuk ishin hedhur gjat\u00eb arratisjes. Ishin vendosur me kujdes, t\u00eb mb\u00ebshtetura mbi mur.<\/p>\n<p>Dhe pik\u00ebrisht kjo \u00ebsht\u00eb nj\u00eb nga pyetjet q\u00eb vazhdon t\u00eb mundoj\u00eb hetuesit: p\u00ebrse dikush do t\u00eb hynte n\u00eb nj\u00eb muze, do t\u00eb \u00e7montonte n\u00eb vet\u00ebm pak minuta nj\u00eb kryevep\u00ebr me pes\u00eb panele dhe m\u00eb pas do t\u00eb linte dy prej tyre jasht\u00eb?<\/p>\n<p>Autoritetet vazhdojn\u00eb k\u00ebrkimet p\u00ebr autor\u00ebt dhe veprat e zhdukura, nd\u00ebrsa grabitja e 15 gushtit \u00ebsht\u00eb kthyer n\u00eb nj\u00eb prej vjedhjeve m\u00eb enigmatike t\u00eb artit n\u00eb Europ\u00eb gjat\u00eb viteve t\u00eb fundit.<\/p>\n<p>N\u00eb Messina, hetuesit kan\u00eb tashm\u00eb kamerat, alarmin, rrug\u00ebn e mundshme t\u00eb arratisjes dhe dy prej paneleve t\u00eb braktisura. Ajo q\u00eb ende nuk kan\u00eb \u00ebsht\u00eb p\u00ebrgjigjja p\u00ebr dy pyetjet m\u00eb t\u00eb r\u00ebnd\u00ebsishme: si dinin hajdut\u00ebt kaq shum\u00eb p\u00ebr muzeun dhe pse mor\u00ebn nj\u00eb kryevep\u00ebr p\u00ebr ta l\u00ebn\u00eb pjes\u00ebrisht pas?<\/p>\n","protected":false},"excerpt":{"rendered":"<p>31 Gusht 2026 Nj\u00eb grabitje po sfidon hetuesit n\u00eb Messina t\u00eb Si\u00e7ilis\u00eb. Hajdut\u00ebt arrit\u00ebn t\u00eb hynin n\u00eb muze, t\u00eb \u00e7montonin nj\u00eb prej kryeveprave m\u00eb t\u00eb r\u00ebnd\u00ebsishme t\u00eb Rilindjes italiane dhe t\u00eb largoheshin brenda pak minutash. Por m\u00eb pas b\u00ebn\u00eb di\u00e7ka q\u00eb askush nuk arrin ta shpjegoj\u00eb: lan\u00eb dy pjes\u00eb t\u00eb vepr\u00ebs jasht\u00eb muzeut, t\u00eb mb\u00ebshtetura [&hellip;]<\/p>\n","protected":false},"author":9,"featured_media":105602,"comment_status":"open","ping_status":"open","sticky":false,"template":"","format":"standard","meta":{"jetpack_post_was_ever_published":false,"_jetpack_newsletter_access":"","_jetpack_dont_email_post_to_subs":false,"_jetpack_newsletter_tier_id":0,"_jetpack_memberships_contains_paywalled_content":false,"_jetpack_memberships_contains_paid_content":false,"footnotes":"","jetpack_publicize_message":"","jetpack_publicize_feature_enabled":true,"jetpack_social_post_already_shared":true,"jetpack_social_options":{"image_generator_settings":{"template":"highway","default_image_id":0,"font":"","enabled":false},"version":2}},"categories":[87,27,10,1,35,86],"tags":[],"class_list":["post-105601","post","type-post","status-publish","format-standard","has-post-thumbnail","hentry","category-arte","category-blogu-i-udhetarit","category-kultura","category-njoftime-shtypi","category-shoqerore","category-trashegimi-kulturore"],"jetpack_publicize_connections":[],"jetpack_featured_media_url":"https:\/\/i0.wp.com\/www.shqiperia.com\/blog\/wp-content\/uploads\/2026\/08\/640-0-screenshot-2026-08-30-180544-1788124377.png?fit=611%2C428&ssl=1","jetpack_sharing_enabled":true,"jetpack_shortlink":"https:\/\/wp.me\/p5Z6wp-rtf","jetpack-related-posts":[{"id":104384,"url":"https:\/\/www.shqiperia.com\/blog\/nje-shishe-me-vaj-ulliri-dhe-nje-buke-te-varrosura-nen-hirin-e-vezuvit-zbulohen-pas-dymije-vitesh\/","url_meta":{"origin":105601,"position":0},"title":"Nj\u00eb shishe me vaj ulliri dhe nj\u00eb buk\u00eb, t\u00eb varrosura n\u00ebn hirin e Vezuvit, zbulohen pas dymij\u00eb vitesh","author":"Kurt Farka","date":"August 13, 2026","format":false,"excerpt":"13 Gusht 2026 E paimagjinueshme, por e v\u00ebrtet\u00eb. Kjo shishe prej qelqi \u00ebsht\u00eb pothuajse 2,000-vje\u00e7are dhe, n\u00eb m\u00ebnyr\u00eb t\u00eb mrekullueshme, ende p\u00ebrmban vaj ulliri brenda saj. Ena mbeti e varrosur n\u00ebn hirin dhe mbetjet e shp\u00ebrthimit katastrofik t\u00eb vullkanit t\u00eb Vezuvit n\u00eb vitin 79 para Krishtit. Megjith\u00ebse fillimisht u zbulua\u2026","rel":"","context":"In &quot;Blogu i Udh\u00ebtarit&quot;","block_context":{"text":"Blogu i Udh\u00ebtarit","link":"https:\/\/www.shqiperia.com\/blog\/category\/blogu-i-udhetarit\/"},"img":{"alt_text":"","src":"https:\/\/i0.wp.com\/www.shqiperia.com\/blog\/wp-content\/uploads\/2026\/08\/640-0-shish-1786632578.jpg?fit=640%2C574&ssl=1&resize=350%2C200","width":350,"height":200,"srcset":"https:\/\/i0.wp.com\/www.shqiperia.com\/blog\/wp-content\/uploads\/2026\/08\/640-0-shish-1786632578.jpg?fit=640%2C574&ssl=1&resize=350%2C200 1x, https:\/\/i0.wp.com\/www.shqiperia.com\/blog\/wp-content\/uploads\/2026\/08\/640-0-shish-1786632578.jpg?fit=640%2C574&ssl=1&resize=525%2C300 1.5x"},"classes":[]},{"id":105433,"url":"https:\/\/www.shqiperia.com\/blog\/vidhet-ne-vjene-gjerdani-mbreteror-me-673-diamante\/","url_meta":{"origin":105601,"position":1},"title":"Vidhet n\u00eb Vjen\u00eb gjerdani mbret\u00ebror me 673 diamante","author":"Kurt Farka","date":"August 29, 2026","format":false,"excerpt":"29 Gusht 2026 Nj\u00eb gjerdan i \u00e7muar, i p\u00ebrb\u00ebr\u00eb nga 673 diamante, \u00ebsht\u00eb vjedhur nga Muzeu i Arteve t\u00eb Aplikuara n\u00eb Vjen\u00eb, nd\u00ebrsa policia austriake ka nisur hetimet p\u00ebr identifikimin dhe kapjen e autor\u00ebve. Sipas t\u00eb dh\u00ebnave t\u00eb publikuara nga muzeu, objekti i vjedhur mund t\u00eb jet\u00eb nj\u00eb gjerdan mbret\u00ebror\u2026","rel":"","context":"In &quot;Arte&quot;","block_context":{"text":"Arte","link":"https:\/\/www.shqiperia.com\/blog\/category\/arte\/"},"img":{"alt_text":"","src":"https:\/\/i0.wp.com\/www.shqiperia.com\/blog\/wp-content\/uploads\/2026\/08\/Gjerdani-qe-u-vodh-ne-Vjene.jpg?fit=806%2C556&ssl=1&resize=350%2C200","width":350,"height":200,"srcset":"https:\/\/i0.wp.com\/www.shqiperia.com\/blog\/wp-content\/uploads\/2026\/08\/Gjerdani-qe-u-vodh-ne-Vjene.jpg?fit=806%2C556&ssl=1&resize=350%2C200 1x, https:\/\/i0.wp.com\/www.shqiperia.com\/blog\/wp-content\/uploads\/2026\/08\/Gjerdani-qe-u-vodh-ne-Vjene.jpg?fit=806%2C556&ssl=1&resize=525%2C300 1.5x, https:\/\/i0.wp.com\/www.shqiperia.com\/blog\/wp-content\/uploads\/2026\/08\/Gjerdani-qe-u-vodh-ne-Vjene.jpg?fit=806%2C556&ssl=1&resize=700%2C400 2x"},"classes":[]},{"id":105297,"url":"https:\/\/www.shqiperia.com\/blog\/edi-rama-i-perfshire-me-trafikantet-e-kokaines-belget-zbardhin-pergjimet-e-ermirit-te-cinco-cavalli-t-ja-si-u-mbyt-ne-droge-europa-nga-bandat-shqiptare-nje-komunikim\/","url_meta":{"origin":105601,"position":2},"title":"Edi Rama i p\u00ebrfshir\u00eb me trafikant\u00ebt e kokain\u00ebs, belg\u00ebt zbardhin p\u00ebrgjimet e Ermirit t\u00eb \u201cCinco Cavalli\u201d-t, ja si u mbyt n\u00eb drog\u00eb Europa nga bandat shqiptare   Nj\u00eb komunikim","author":"Kurt Farka","date":"August 27, 2026","format":false,"excerpt":"27 Gusht 2026 Nga: Gazeta Sot. Nj\u00eb komunikim i atribuuar Ermir Ndreajt, i njohur si \u201cCinco\u201d, \u00ebsht\u00eb nj\u00eb prej detajeve q\u00eb bie n\u00eb sy n\u00eb materialet e dosjes belge ku hetohet veprimtaria e nj\u00eb rrjeti nd\u00ebrkomb\u00ebtar t\u00eb trafikut t\u00eb kokain\u00ebs. N\u00eb bised\u00eb, Ndreaj diskuton p\u00ebr investime me vler\u00eb miliona euro\u2026","rel":"","context":"In &quot;Blogu i Udh\u00ebtarit&quot;","block_context":{"text":"Blogu i Udh\u00ebtarit","link":"https:\/\/www.shqiperia.com\/blog\/category\/blogu-i-udhetarit\/"},"img":{"alt_text":"","src":"https:\/\/i0.wp.com\/www.shqiperia.com\/blog\/wp-content\/uploads\/2026\/08\/ediii-6a8ff90b138e2.png?fit=689%2C368&ssl=1&resize=350%2C200","width":350,"height":200,"srcset":"https:\/\/i0.wp.com\/www.shqiperia.com\/blog\/wp-content\/uploads\/2026\/08\/ediii-6a8ff90b138e2.png?fit=689%2C368&ssl=1&resize=350%2C200 1x, https:\/\/i0.wp.com\/www.shqiperia.com\/blog\/wp-content\/uploads\/2026\/08\/ediii-6a8ff90b138e2.png?fit=689%2C368&ssl=1&resize=525%2C300 1.5x"},"classes":[]},{"id":105240,"url":"https:\/\/www.shqiperia.com\/blog\/pasuria-e-fshehur-e-burrit-te-ish-ministres-ogerta-manastirliu-nga-propagandist-i-sali-berishes-te-kapja-e-posteve-te-rilindjes\/","url_meta":{"origin":105601,"position":3},"title":"Pasuria e fshehur e burrit t\u00eb ish-ministres Ogerta Manastirliu, nga propagandist i Sali Berish\u00ebs te kapja e posteve t\u00eb Rilindjes.","author":"Kurt Farka","date":"August 26, 2026","format":false,"excerpt":"26 Gusht 2026 Ermal Gjinaj, bashk\u00ebshorti i ish-ministres s\u00eb Sh\u00ebndet\u00ebsis\u00eb, Ogerta Manastirliu, dikur punonj\u00ebs pran\u00eb gazet\u00ebs Rilindja Demokratike, ka deklaruar rreth 200 mij\u00eb euro t\u00eb ardhura gjat\u00eb periudh\u00ebs 2021-2025, koh\u00eb q\u00eb p\u00ebrkon me largimin e tij si drejtor i qeverisjes s\u00eb OSHEE kur n\u00eb krye ishte Adrian \u00c7ela, i lakuar\u2026","rel":"","context":"In &quot;Blogu i Udh\u00ebtarit&quot;","block_context":{"text":"Blogu i Udh\u00ebtarit","link":"https:\/\/www.shqiperia.com\/blog\/category\/blogu-i-udhetarit\/"},"img":{"alt_text":"","src":"https:\/\/i0.wp.com\/www.shqiperia.com\/blog\/wp-content\/uploads\/2026\/08\/ajdss-6a8ea84e2f7cd-300x297.png?resize=350%2C200&ssl=1","width":350,"height":200},"classes":[]},{"id":103369,"url":"https:\/\/www.shqiperia.com\/blog\/ermal-beqirit-te-arrestuar-ne-france-ju-gjeten-tre-pajisje-gjurmimi-airtag-te-fshehura-ne-veshjet-e-tij\/","url_meta":{"origin":105601,"position":4},"title":"Ermal Beqirit te arrestuar ne France ju gjeten tre pajisje gjurmimi \u201cAirTag\u201d t\u00eb fshehura n\u00eb veshjet e tij.","author":"Kurt Farka","date":"July 29, 2026","format":false,"excerpt":"29 Korrik 2026 Biznesmeni shqiptar Ermal Beqiri, i shpallur n\u00eb k\u00ebrkim nd\u00ebrkomb\u00ebtar nga autoritetet shqiptare n\u00eb kuad\u00ebr t\u00eb hetimeve t\u00eb SPAK p\u00ebr dosjen e \u201cAKSHI-t\u201d, \u00ebsht\u00eb ndaluar n\u00eb Franc\u00eb pas nj\u00eb incidenti t\u00eb pazakont\u00eb pran\u00eb centralit b\u00ebrthamor t\u00eb Penly, n\u00eb Seine-Maritime. Ndaj Beqirit, Gjykata e Posa\u00e7me kund\u00ebr Korrupsionit dhe Krimit\u2026","rel":"","context":"In &quot;Blogu i Udh\u00ebtarit&quot;","block_context":{"text":"Blogu i Udh\u00ebtarit","link":"https:\/\/www.shqiperia.com\/blog\/category\/blogu-i-udhetarit\/"},"img":{"alt_text":"","src":"https:\/\/i0.wp.com\/www.shqiperia.com\/blog\/wp-content\/uploads\/2026\/07\/Ermal-Beqiri-1.webp?fit=900%2C590&ssl=1&resize=350%2C200","width":350,"height":200,"srcset":"https:\/\/i0.wp.com\/www.shqiperia.com\/blog\/wp-content\/uploads\/2026\/07\/Ermal-Beqiri-1.webp?fit=900%2C590&ssl=1&resize=350%2C200 1x, https:\/\/i0.wp.com\/www.shqiperia.com\/blog\/wp-content\/uploads\/2026\/07\/Ermal-Beqiri-1.webp?fit=900%2C590&ssl=1&resize=525%2C300 1.5x, https:\/\/i0.wp.com\/www.shqiperia.com\/blog\/wp-content\/uploads\/2026\/07\/Ermal-Beqiri-1.webp?fit=900%2C590&ssl=1&resize=700%2C400 2x"},"classes":[]},{"id":105404,"url":"https:\/\/www.shqiperia.com\/blog\/vidhet-thesari-3-mijevjecar-grabitesit-moren-objektet-e-rralla-ne-nje-muze-ne-spanje\/","url_meta":{"origin":105601,"position":5},"title":"VIDHET THESARI 3-MIJ\u00cbVJE\u00c7AR\/ Grabit\u00ebsit mor\u00ebn objektet e rralla n\u00eb nj\u00eb muze n\u00eb Spanj\u00eb","author":"Kurt Farka","date":"August 28, 2026","format":false,"excerpt":"28 Gusht 2026 Nj\u00eb prej thesareve m\u00eb t\u00eb \u00e7muara arkeologjike t\u00eb Evrop\u00ebs \u00ebsht\u00eb zhdukur nga nj\u00eb muze n\u00eb Spanj\u00eb, m\u00eb shum\u00eb se 3 mij\u00eb vite pasi ishte krijuar. Persona ende t\u00eb paidentifikuar kan\u00eb grabitur nj\u00eb pjes\u00eb ose t\u00eb gjith\u00eb Thesarin e Villen\u00ebs, nd\u00ebrsa policia ka nisur hetimet p\u00ebr t\u00eb zbardhur\u2026","rel":"","context":"In &quot;Blogu i Udh\u00ebtarit&quot;","block_context":{"text":"Blogu i Udh\u00ebtarit","link":"https:\/\/www.shqiperia.com\/blog\/category\/blogu-i-udhetarit\/"},"img":{"alt_text":"","src":"https:\/\/i0.wp.com\/www.shqiperia.com\/blog\/wp-content\/uploads\/2026\/08\/Spanje-VIDHET-THESARI-3-MIJEVJECAR.png?fit=640%2C356&ssl=1&resize=350%2C200","width":350,"height":200,"srcset":"https:\/\/i0.wp.com\/www.shqiperia.com\/blog\/wp-content\/uploads\/2026\/08\/Spanje-VIDHET-THESARI-3-MIJEVJECAR.png?fit=640%2C356&ssl=1&resize=350%2C200 1x, https:\/\/i0.wp.com\/www.shqiperia.com\/blog\/wp-content\/uploads\/2026\/08\/Spanje-VIDHET-THESARI-3-MIJEVJECAR.png?fit=640%2C356&ssl=1&resize=525%2C300 1.5x"},"classes":[]}],"_links":{"self":[{"href":"https:\/\/www.shqiperia.com\/blog\/wp-json\/wp\/v2\/posts\/105601","targetHints":{"allow":["GET"]}}],"collection":[{"href":"https:\/\/www.shqiperia.com\/blog\/wp-json\/wp\/v2\/posts"}],"about":[{"href":"https:\/\/www.shqiperia.com\/blog\/wp-json\/wp\/v2\/types\/post"}],"author":[{"embeddable":true,"href":"https:\/\/www.shqiperia.com\/blog\/wp-json\/wp\/v2\/users\/9"}],"replies":[{"embeddable":true,"href":"https:\/\/www.shqiperia.com\/blog\/wp-json\/wp\/v2\/comments?post=105601"}],"version-history":[{"count":2,"href":"https:\/\/www.shqiperia.com\/blog\/wp-json\/wp\/v2\/posts\/105601\/revisions"}],"predecessor-version":[{"id":105604,"href":"https:\/\/www.shqiperia.com\/blog\/wp-json\/wp\/v2\/posts\/105601\/revisions\/105604"}],"wp:featuredmedia":[{"embeddable":true,"href":"https:\/\/www.shqiperia.com\/blog\/wp-json\/wp\/v2\/media\/105602"}],"wp:attachment":[{"href":"https:\/\/www.shqiperia.com\/blog\/wp-json\/wp\/v2\/media?parent=105601"}],"wp:term":[{"taxonomy":"category","embeddable":true,"href":"https:\/\/www.shqiperia.com\/blog\/wp-json\/wp\/v2\/categories?post=105601"},{"taxonomy":"post_tag","embeddable":true,"href":"https:\/\/www.shqiperia.com\/blog\/wp-json\/wp\/v2\/tags?post=105601"}],"curies":[{"name":"wp","href":"https:\/\/api.w.org\/{rel}","templated":true}]}}