{"id":105598,"date":"2026-08-31T17:50:10","date_gmt":"2026-08-31T17:50:10","guid":{"rendered":"https:\/\/www.shqiperia.com\/blog\/?p=105598"},"modified":"2026-08-31T17:50:10","modified_gmt":"2026-08-31T17:50:10","slug":"protesta-e-93-te-lush-susaj-zjarret-ne-puke-u-vune-me-qellim-pylli-u-dogj-per-te-bere-biznes-me-parqet-eolike","status":"publish","type":"post","link":"https:\/\/www.shqiperia.com\/blog\/protesta-e-93-te-lush-susaj-zjarret-ne-puke-u-vune-me-qellim-pylli-u-dogj-per-te-bere-biznes-me-parqet-eolike\/","title":{"rendered":"Protesta e 93-t\u00eb, Lush Susaj: &#8211; Zjarret n\u00eb Puk\u00eb u vun\u00eb me q\u00ebllim, pylli u dogj p\u00ebr t\u00eb b\u00ebr\u00eb biznes me parqet eolike"},"content":{"rendered":"<div id=\"attachment_105599\" style=\"width: 677px\" class=\"wp-caption alignnone\"><img data-recalc-dims=\"1\" loading=\"lazy\" decoding=\"async\" aria-describedby=\"caption-attachment-105599\" data-attachment-id=\"105599\" data-permalink=\"https:\/\/www.shqiperia.com\/blog\/protesta-e-93-te-lush-susaj-zjarret-ne-puke-u-vune-me-qellim-pylli-u-dogj-per-te-bere-biznes-me-parqet-eolike\/profesor-lush-susaj-2\/\" data-orig-file=\"https:\/\/i0.wp.com\/www.shqiperia.com\/blog\/wp-content\/uploads\/2026\/08\/Profesor-Lush-Susaj-1.jpg?fit=500%2C261&amp;ssl=1\" data-orig-size=\"500,261\" data-comments-opened=\"1\" data-image-meta=\"{&quot;aperture&quot;:&quot;0&quot;,&quot;credit&quot;:&quot;Redaksia&quot;,&quot;camera&quot;:&quot;&quot;,&quot;caption&quot;:&quot;&quot;,&quot;created_timestamp&quot;:&quot;0&quot;,&quot;copyright&quot;:&quot;&quot;,&quot;focal_length&quot;:&quot;0&quot;,&quot;iso&quot;:&quot;0&quot;,&quot;shutter_speed&quot;:&quot;0&quot;,&quot;title&quot;:&quot;&quot;,&quot;orientation&quot;:&quot;0&quot;}\" data-image-title=\"Profesor Lush Susaj\" data-image-description=\"\" data-image-caption=\"&lt;p&gt;Profesor Lush Susaj&lt;\/p&gt;\n\" data-medium-file=\"https:\/\/i0.wp.com\/www.shqiperia.com\/blog\/wp-content\/uploads\/2026\/08\/Profesor-Lush-Susaj-1.jpg?fit=300%2C157&amp;ssl=1\" data-large-file=\"https:\/\/i0.wp.com\/www.shqiperia.com\/blog\/wp-content\/uploads\/2026\/08\/Profesor-Lush-Susaj-1.jpg?fit=500%2C261&amp;ssl=1\" class=\" wp-image-105599\" alt=\"\" src=\"https:\/\/i0.wp.com\/www.shqiperia.com\/blog\/wp-content\/uploads\/2026\/08\/Profesor-Lush-Susaj-1.jpg?resize=667%2C349&#038;ssl=1\" width=\"667\" height=\"349\" srcset=\"https:\/\/i0.wp.com\/www.shqiperia.com\/blog\/wp-content\/uploads\/2026\/08\/Profesor-Lush-Susaj-1.jpg?resize=300%2C157&amp;ssl=1 300w, https:\/\/i0.wp.com\/www.shqiperia.com\/blog\/wp-content\/uploads\/2026\/08\/Profesor-Lush-Susaj-1.jpg?resize=450%2C235&amp;ssl=1 450w, https:\/\/i0.wp.com\/www.shqiperia.com\/blog\/wp-content\/uploads\/2026\/08\/Profesor-Lush-Susaj-1.jpg?resize=400%2C209&amp;ssl=1 400w, https:\/\/i0.wp.com\/www.shqiperia.com\/blog\/wp-content\/uploads\/2026\/08\/Profesor-Lush-Susaj-1.jpg?w=500&amp;ssl=1 500w\" sizes=\"auto, (max-width: 667px) 100vw, 667px\" \/><p id=\"caption-attachment-105599\" class=\"wp-caption-text\">Profesor Lush Susaj<\/p><\/div>\n<p>31 Gusht 2026<\/p>\n<p>N\u00eb nisje t\u00eb protest\u00ebs s\u00eb 93-t\u00eb radhazi, profesori i njohur Lush Susaj ka denoncuar p\u00ebr mikrofonin e News24 zjarret e fundit q\u00eb p\u00ebrfshin\u00eb Puk\u00ebn, duke akuzuar drejtp\u00ebrdrejt qeverin\u00eb p\u00ebr djegie t\u00eb q\u00ebllimshme n\u00eb favor t\u00eb projekteve private energjetike.<\/p>\n<p>Susaj, i cili n\u00ebnvizoi se e njeh nga af\u00ebr origjin\u00ebn e tij, argumentoi se zjarret n\u00eb Puk\u00eb dhe n\u00eb t\u00eb gjith\u00eb territorin e vendit jan\u00eb pasoj\u00eb e drejtp\u00ebrdrejt\u00eb e interesave biznesore t\u00eb lidhura me pushtetin.<\/p>\n<p>\u201cAi \u00ebsht\u00eb shkaku i zjarreve jo vet\u00ebm n\u00eb Puk\u00eb, por n\u00eb gjith\u00eb Shqip\u00ebrin\u00eb. Un\u00eb jam rritur n\u00eb Puk\u00eb dhe e njoh mir\u00eb. Duhet t\u00eb dini se Puka ka 3500 vite aty dhe nuk u dogj; nga u dogj aty tani?\u201d \u2013 u shpreh ai.<\/p>\n<p>M\u00eb tej, profesori lidhi djegien e sip\u00ebrfaqeve t\u00eb gjelbra me hapat ligjore q\u00eb ndiqen p\u00ebr t\u2019i hap\u00eb rrug\u00eb projekteve t\u00eb reja fotovoltaike dhe eolike.<\/p>\n<p>\u201cPik\u00ebrisht p\u00ebr t\u00eb shpallur tok\u00ebn joproduktive dhe t\u00eb b\u00ebjn\u00eb parqe eolike p\u00ebr t\u00eb prodhuar energji. U dogj pylli q\u00eb t\u00eb b\u00ebhet biznes,\u201d \u2013 p\u00ebrfundoi Susaj.<\/p>\n","protected":false},"excerpt":{"rendered":"<p>31 Gusht 2026 N\u00eb nisje t\u00eb protest\u00ebs s\u00eb 93-t\u00eb radhazi, profesori i njohur Lush Susaj ka denoncuar p\u00ebr mikrofonin e News24 zjarret e fundit q\u00eb p\u00ebrfshin\u00eb Puk\u00ebn, duke akuzuar drejtp\u00ebrdrejt qeverin\u00eb p\u00ebr djegie t\u00eb q\u00ebllimshme n\u00eb favor t\u00eb projekteve private energjetike. Susaj, i cili n\u00ebnvizoi se e njeh nga af\u00ebr origjin\u00ebn e tij, argumentoi se [&hellip;]<\/p>\n","protected":false},"author":9,"featured_media":105599,"comment_status":"open","ping_status":"open","sticky":false,"template":"","format":"standard","meta":{"jetpack_post_was_ever_published":false,"_jetpack_newsletter_access":"","_jetpack_dont_email_post_to_subs":false,"_jetpack_newsletter_tier_id":0,"_jetpack_memberships_contains_paywalled_content":false,"_jetpack_memberships_contains_paid_content":false,"footnotes":"","jetpack_publicize_message":"","jetpack_publicize_feature_enabled":true,"jetpack_social_post_already_shared":true,"jetpack_social_options":{"image_generator_settings":{"template":"highway","default_image_id":0,"font":"","enabled":false},"version":2}},"categories":[27,1,35],"tags":[],"class_list":["post-105598","post","type-post","status-publish","format-standard","has-post-thumbnail","hentry","category-blogu-i-udhetarit","category-njoftime-shtypi","category-shoqerore"],"jetpack_publicize_connections":[],"jetpack_featured_media_url":"https:\/\/i0.wp.com\/www.shqiperia.com\/blog\/wp-content\/uploads\/2026\/08\/Profesor-Lush-Susaj-1.jpg?fit=500%2C261&ssl=1","jetpack_sharing_enabled":true,"jetpack_shortlink":"https:\/\/wp.me\/p5Z6wp-rtc","jetpack-related-posts":[{"id":104732,"url":"https:\/\/www.shqiperia.com\/blog\/zjarret-vijojne-te-shkaterrojne-pyjet-ne-puke-autoritetet-ne-terren-ne-lufte-me-flaket-pamjet-tregojne-katastrofen\/","url_meta":{"origin":105598,"position":0},"title":"Zjarret vijojn\u00eb t\u00eb shkat\u00ebrrojn\u00eb pyjet n\u00eb Puk\u00eb, autoritetet n\u00eb terren n\u00eb luft\u00eb me flak\u00ebt, pamjet tregojn\u00eb katastrof\u00ebn","author":"Kurt Farka","date":"August 19, 2026","format":false,"excerpt":"18 Gusht 2026 Dhjet\u00ebra hektar\u00eb pyje po digjen prej or\u00ebsh n\u00eb Puk\u00eb, nd\u00ebrsa zjarri vijon t\u00eb p\u00ebrhapet duke shkat\u00ebrruar sip\u00ebrfaqe t\u00eb konsiderueshme t\u00eb gjelb\u00ebrta. Flak\u00ebt jan\u00eb p\u00ebrhapur n\u00eb zonat e Gojanit, Gjegjanit dhe Haxhiajve, duke p\u00ebrfshir\u00eb sip\u00ebrfaqe t\u00eb m\u00ebdha pyjore dhe duke krijuar nj\u00eb situat\u00eb shqet\u00ebsuese p\u00ebr banor\u00ebt dhe mjedisin.\u2026","rel":"","context":"In &quot;Blogu i Udh\u00ebtarit&quot;","block_context":{"text":"Blogu i Udh\u00ebtarit","link":"https:\/\/www.shqiperia.com\/blog\/category\/blogu-i-udhetarit\/"},"img":{"alt_text":"","src":"https:\/\/i0.wp.com\/www.shqiperia.com\/blog\/wp-content\/uploads\/2026\/08\/800-0-img-1152-6a85acab1e313.jpeg?fit=800%2C457&ssl=1&resize=350%2C200","width":350,"height":200,"srcset":"https:\/\/i0.wp.com\/www.shqiperia.com\/blog\/wp-content\/uploads\/2026\/08\/800-0-img-1152-6a85acab1e313.jpeg?fit=800%2C457&ssl=1&resize=350%2C200 1x, https:\/\/i0.wp.com\/www.shqiperia.com\/blog\/wp-content\/uploads\/2026\/08\/800-0-img-1152-6a85acab1e313.jpeg?fit=800%2C457&ssl=1&resize=525%2C300 1.5x, https:\/\/i0.wp.com\/www.shqiperia.com\/blog\/wp-content\/uploads\/2026\/08\/800-0-img-1152-6a85acab1e313.jpeg?fit=800%2C457&ssl=1&resize=700%2C400 2x"},"classes":[]},{"id":104934,"url":"https:\/\/www.shqiperia.com\/blog\/situata-me-zjarret-ne-shqiperi-gojani-ne-puke-zona-me-problematike\/","url_meta":{"origin":105598,"position":1},"title":"Situata me zjarret n\u00eb Shqip\u00ebri: &#8211; Gojani n\u00eb Puk\u00eb zona m\u00eb problematike","author":"Kurt Farka","date":"August 22, 2026","format":false,"excerpt":"22 Gusht 2026 N\u00eb Gojan\u2013Gjegjan\u2013T\u00ebrbun, Puk\u00eb, vijon nj\u00eb angazhim i p\u00ebrforcuar me 255 forca dhe 11 mjete zjarrfik\u00ebse. Konkretisht, jan\u00eb angazhuar 50 efektiv\u00eb MZSH nga Puka, Fush\u00eb-Arr\u00ebzi, Kamza, Kuk\u00ebsi, Hasi dhe Shkodra, 14 punonj\u00ebs t\u00eb Sh\u00ebrbimit Pyjor, 68 punonj\u00ebs t\u00eb sh\u00ebrbimeve vendore, 70 vullnetar\u00eb dhe banor\u00eb t\u00eb zon\u00ebs, si dhe\u2026","rel":"","context":"In &quot;Blogu i Udh\u00ebtarit&quot;","block_context":{"text":"Blogu i Udh\u00ebtarit","link":"https:\/\/www.shqiperia.com\/blog\/category\/blogu-i-udhetarit\/"},"img":{"alt_text":"","src":"https:\/\/i0.wp.com\/www.shqiperia.com\/blog\/wp-content\/uploads\/2026\/08\/640-0-4-1787329376.png?fit=640%2C361&ssl=1&resize=350%2C200","width":350,"height":200,"srcset":"https:\/\/i0.wp.com\/www.shqiperia.com\/blog\/wp-content\/uploads\/2026\/08\/640-0-4-1787329376.png?fit=640%2C361&ssl=1&resize=350%2C200 1x, https:\/\/i0.wp.com\/www.shqiperia.com\/blog\/wp-content\/uploads\/2026\/08\/640-0-4-1787329376.png?fit=640%2C361&ssl=1&resize=525%2C300 1.5x"},"classes":[]},{"id":104324,"url":"https:\/\/www.shqiperia.com\/blog\/zjarret-ne-shkoder-nen-kontroll-disa-vatra-vijon-operacioni-per-shuarjen-e-flakeve-ne-vaun-e-dejes\/","url_meta":{"origin":105598,"position":2},"title":"Zjarret n\u00eb Shkod\u00ebr, n\u00ebn kontroll disa vatra, vijon operacioni p\u00ebr shuarjen e flak\u00ebve n\u00eb Vaun e Dej\u00ebs","author":"Kurt Farka","date":"August 13, 2026","format":false,"excerpt":"13 Gusht 2026 Disa vatra zjarri jan\u00eb aktivizuar gjat\u00eb nat\u00ebs n\u00eb Qarkun e Shkodr\u00ebs, n\u00eb zonat e Vaut t\u00eb Dej\u00ebs, Shkodr\u00ebs dhe Mal\u00ebsis\u00eb s\u00eb Madhe. Fal\u00eb nd\u00ebrhyrjes s\u00eb forcave zjarrfik\u00ebse, zjarret n\u00eb Shkod\u00ebr, Mal\u00ebsi t\u00eb Madhe dhe Vau Dej\u00ebs u vun\u00eb n\u00ebn kontroll brenda disa or\u00ebsh. N\u00eb Vau Dej\u00ebs, operacioni\u2026","rel":"","context":"In &quot;Blogu i Udh\u00ebtarit&quot;","block_context":{"text":"Blogu i Udh\u00ebtarit","link":"https:\/\/www.shqiperia.com\/blog\/category\/blogu-i-udhetarit\/"},"img":{"alt_text":"","src":"https:\/\/i0.wp.com\/www.shqiperia.com\/blog\/wp-content\/uploads\/2026\/08\/zjarr_sd-4.webp?fit=1200%2C675&ssl=1&resize=350%2C200","width":350,"height":200,"srcset":"https:\/\/i0.wp.com\/www.shqiperia.com\/blog\/wp-content\/uploads\/2026\/08\/zjarr_sd-4.webp?fit=1200%2C675&ssl=1&resize=350%2C200 1x, https:\/\/i0.wp.com\/www.shqiperia.com\/blog\/wp-content\/uploads\/2026\/08\/zjarr_sd-4.webp?fit=1200%2C675&ssl=1&resize=525%2C300 1.5x, https:\/\/i0.wp.com\/www.shqiperia.com\/blog\/wp-content\/uploads\/2026\/08\/zjarr_sd-4.webp?fit=1200%2C675&ssl=1&resize=700%2C400 2x, https:\/\/i0.wp.com\/www.shqiperia.com\/blog\/wp-content\/uploads\/2026\/08\/zjarr_sd-4.webp?fit=1200%2C675&ssl=1&resize=1050%2C600 3x"},"classes":[]},{"id":104656,"url":"https:\/\/www.shqiperia.com\/blog\/zjarret-ne-shqiperi-ministria-e-mbrojtjes-ben-bilancin-7-vatra-ende-aktive-ne-territorin-e-vendit\/","url_meta":{"origin":105598,"position":3},"title":"Zjarret n\u00eb Shqip\u00ebri, Ministria e Mbrojtjes b\u00ebn bilancin: 7 vatra ende aktive n\u00eb territorin e vendit!","author":"Kurt Farka","date":"August 18, 2026","format":false,"excerpt":"18 Gusht 2026 Shtat\u00eb vatra zjarri vijojn\u00eb t\u00eb jen\u00eb aktive n\u00eb Shqip\u00ebri, nd\u00ebrsa tre t\u00eb tjera jan\u00eb n\u00eb monitorim. Ministria e Mbrojtjes ka publikuar p\u00ebrdit\u00ebsimin e situat\u00ebs deri n\u00eb or\u00ebn 20:00 t\u00eb 17 gushtit. Gjat\u00eb dit\u00ebs jan\u00eb regjistruar 13 vatra zjarri n\u00eb t\u00eb gjith\u00eb territorin e vendit. N\u00eb operacionet p\u00ebr\u2026","rel":"","context":"In &quot;Blogu i Udh\u00ebtarit&quot;","block_context":{"text":"Blogu i Udh\u00ebtarit","link":"https:\/\/www.shqiperia.com\/blog\/category\/blogu-i-udhetarit\/"},"img":{"alt_text":"","src":"https:\/\/i0.wp.com\/www.shqiperia.com\/blog\/wp-content\/uploads\/2026\/08\/Pamje-nga-Tirana-e-Zjarrit-ne-Dajt.jpeg?fit=661%2C441&ssl=1&resize=350%2C200","width":350,"height":200,"srcset":"https:\/\/i0.wp.com\/www.shqiperia.com\/blog\/wp-content\/uploads\/2026\/08\/Pamje-nga-Tirana-e-Zjarrit-ne-Dajt.jpeg?fit=661%2C441&ssl=1&resize=350%2C200 1x, https:\/\/i0.wp.com\/www.shqiperia.com\/blog\/wp-content\/uploads\/2026\/08\/Pamje-nga-Tirana-e-Zjarrit-ne-Dajt.jpeg?fit=661%2C441&ssl=1&resize=525%2C300 1.5x"},"classes":[]},{"id":102691,"url":"https:\/\/www.shqiperia.com\/blog\/edhe-nje-tjeter-pikez-e-vockel-mbushet-me-shtepi\/","url_meta":{"origin":105598,"position":4},"title":"Edhe nj\u00eb tjet\u00ebr \u201cpik\u00ebz e vo\u00e7k\u00ebl\u201d mbushet me sht\u00ebpi!","author":"Kurt Farka","date":"July 14, 2026","format":false,"excerpt":"14 Korrik 2026 Nga Mentor Kikia Edhe nj\u00eb tjet\u00ebr \u201cpik\u00ebz e vo\u00e7k\u00ebl\u201d mbushet me sht\u00ebpi! Nj\u00eb kod\u00ebr pran\u00eb Gjirit t\u00eb Llamanit n\u00eb Himar\u00eb u dogj dje dhe gjat\u00eb nat\u00ebs s\u00eb mbr\u00ebmshme. Mediat raportojn\u00eb se gjurma e zjarrti p\u00ebrputhet me gjurm\u00ebn e nj\u00eb lejeje nd\u00ebrtimi dhen\u00eb nga qeveria p\u00ebr nj\u00eb kompani,\u2026","rel":"","context":"In &quot;Blogu i Udh\u00ebtarit&quot;","block_context":{"text":"Blogu i Udh\u00ebtarit","link":"https:\/\/www.shqiperia.com\/blog\/category\/blogu-i-udhetarit\/"},"img":{"alt_text":"","src":"https:\/\/i0.wp.com\/www.shqiperia.com\/blog\/wp-content\/uploads\/2026\/07\/747613371_2803003820105248_6699254000567700576_n.jpg?fit=590%2C332&ssl=1&resize=350%2C200","width":350,"height":200,"srcset":"https:\/\/i0.wp.com\/www.shqiperia.com\/blog\/wp-content\/uploads\/2026\/07\/747613371_2803003820105248_6699254000567700576_n.jpg?fit=590%2C332&ssl=1&resize=350%2C200 1x, https:\/\/i0.wp.com\/www.shqiperia.com\/blog\/wp-content\/uploads\/2026\/07\/747613371_2803003820105248_6699254000567700576_n.jpg?fit=590%2C332&ssl=1&resize=525%2C300 1.5x"},"classes":[]},{"id":104725,"url":"https:\/\/www.shqiperia.com\/blog\/zjarri-puke-vijon-ne-terbun-gojan-te-madh-dhe-gjegjan\/","url_meta":{"origin":105598,"position":5},"title":"Zjarri Puk\u00eb vijon n\u00eb T\u00ebrbun, Gojan t\u00eb Madh dhe Gjegjan.","author":"Kurt Farka","date":"August 19, 2026","format":false,"excerpt":"19 Gusht 2026 Tri vatra zjarri vijojn\u00eb t\u00eb jen\u00eb aktive n\u00eb territorin e Puk\u00ebs, nd\u00ebrsa situata mbetet problematike pas gjasht\u00eb dit\u00ebsh p\u00ebrpjekjesh p\u00ebr shuarjen e flak\u00ebve. Zjarri ka p\u00ebrfshir\u00eb malin e T\u00ebrbunit, n\u00eb zon\u00ebn e Kabashit, si dhe Gojanin e Madh e Gjegjanin, ku p\u00ebrhapja \u00ebsht\u00eb favorizuar nga er\u00ebrat e\u2026","rel":"","context":"In &quot;Blogu i Udh\u00ebtarit&quot;","block_context":{"text":"Blogu i Udh\u00ebtarit","link":"https:\/\/www.shqiperia.com\/blog\/category\/blogu-i-udhetarit\/"},"img":{"alt_text":"","src":"https:\/\/i0.wp.com\/www.shqiperia.com\/blog\/wp-content\/uploads\/2026\/08\/zjarr-ulishte-patos-763x450-1.jpg?fit=763%2C450&ssl=1&resize=350%2C200","width":350,"height":200,"srcset":"https:\/\/i0.wp.com\/www.shqiperia.com\/blog\/wp-content\/uploads\/2026\/08\/zjarr-ulishte-patos-763x450-1.jpg?fit=763%2C450&ssl=1&resize=350%2C200 1x, https:\/\/i0.wp.com\/www.shqiperia.com\/blog\/wp-content\/uploads\/2026\/08\/zjarr-ulishte-patos-763x450-1.jpg?fit=763%2C450&ssl=1&resize=525%2C300 1.5x, https:\/\/i0.wp.com\/www.shqiperia.com\/blog\/wp-content\/uploads\/2026\/08\/zjarr-ulishte-patos-763x450-1.jpg?fit=763%2C450&ssl=1&resize=700%2C400 2x"},"classes":[]}],"_links":{"self":[{"href":"https:\/\/www.shqiperia.com\/blog\/wp-json\/wp\/v2\/posts\/105598","targetHints":{"allow":["GET"]}}],"collection":[{"href":"https:\/\/www.shqiperia.com\/blog\/wp-json\/wp\/v2\/posts"}],"about":[{"href":"https:\/\/www.shqiperia.com\/blog\/wp-json\/wp\/v2\/types\/post"}],"author":[{"embeddable":true,"href":"https:\/\/www.shqiperia.com\/blog\/wp-json\/wp\/v2\/users\/9"}],"replies":[{"embeddable":true,"href":"https:\/\/www.shqiperia.com\/blog\/wp-json\/wp\/v2\/comments?post=105598"}],"version-history":[{"count":1,"href":"https:\/\/www.shqiperia.com\/blog\/wp-json\/wp\/v2\/posts\/105598\/revisions"}],"predecessor-version":[{"id":105600,"href":"https:\/\/www.shqiperia.com\/blog\/wp-json\/wp\/v2\/posts\/105598\/revisions\/105600"}],"wp:featuredmedia":[{"embeddable":true,"href":"https:\/\/www.shqiperia.com\/blog\/wp-json\/wp\/v2\/media\/105599"}],"wp:attachment":[{"href":"https:\/\/www.shqiperia.com\/blog\/wp-json\/wp\/v2\/media?parent=105598"}],"wp:term":[{"taxonomy":"category","embeddable":true,"href":"https:\/\/www.shqiperia.com\/blog\/wp-json\/wp\/v2\/categories?post=105598"},{"taxonomy":"post_tag","embeddable":true,"href":"https:\/\/www.shqiperia.com\/blog\/wp-json\/wp\/v2\/tags?post=105598"}],"curies":[{"name":"wp","href":"https:\/\/api.w.org\/{rel}","templated":true}]}}