{"id":105595,"date":"2026-08-31T17:24:09","date_gmt":"2026-08-31T17:24:09","guid":{"rendered":"https:\/\/www.shqiperia.com\/blog\/?p=105595"},"modified":"2026-08-31T17:24:09","modified_gmt":"2026-08-31T17:24:09","slug":"rama-lamtumire-shqiptaret-nuk-ndalen-dita-e-93-te-e-protestes-kunder-edi-rames","status":"publish","type":"post","link":"https:\/\/www.shqiperia.com\/blog\/rama-lamtumire-shqiptaret-nuk-ndalen-dita-e-93-te-e-protestes-kunder-edi-rames\/","title":{"rendered":"\u2018Rama Lamtumir\u00eb\/ Shqiptar\u00ebt nuk ndalen, dita e 93-t\u00eb e protest\u00ebs kund\u00ebr Edi Ram\u00ebs"},"content":{"rendered":"<p><img data-recalc-dims=\"1\" loading=\"lazy\" decoding=\"async\" data-attachment-id=\"105596\" data-permalink=\"https:\/\/www.shqiperia.com\/blog\/rama-lamtumire-shqiptaret-nuk-ndalen-dita-e-93-te-e-protestes-kunder-edi-rames\/auto_protesta-1-11788193327\/\" data-orig-file=\"https:\/\/i0.wp.com\/www.shqiperia.com\/blog\/wp-content\/uploads\/2026\/08\/auto_protesta-1-11788193327.jpg?fit=900%2C602&amp;ssl=1\" data-orig-size=\"900,602\" data-comments-opened=\"1\" data-image-meta=\"{&quot;aperture&quot;:&quot;0&quot;,&quot;credit&quot;:&quot;&quot;,&quot;camera&quot;:&quot;&quot;,&quot;caption&quot;:&quot;&quot;,&quot;created_timestamp&quot;:&quot;0&quot;,&quot;copyright&quot;:&quot;&quot;,&quot;focal_length&quot;:&quot;0&quot;,&quot;iso&quot;:&quot;0&quot;,&quot;shutter_speed&quot;:&quot;0&quot;,&quot;title&quot;:&quot;&quot;,&quot;orientation&quot;:&quot;0&quot;}\" data-image-title=\"auto_protesta-1-11788193327\" data-image-description=\"\" data-image-caption=\"\" data-medium-file=\"https:\/\/i0.wp.com\/www.shqiperia.com\/blog\/wp-content\/uploads\/2026\/08\/auto_protesta-1-11788193327.jpg?fit=300%2C201&amp;ssl=1\" data-large-file=\"https:\/\/i0.wp.com\/www.shqiperia.com\/blog\/wp-content\/uploads\/2026\/08\/auto_protesta-1-11788193327.jpg?fit=900%2C602&amp;ssl=1\" class=\"alignnone  wp-image-105596\" alt=\"\" src=\"https:\/\/i0.wp.com\/www.shqiperia.com\/blog\/wp-content\/uploads\/2026\/08\/auto_protesta-1-11788193327.jpg?resize=619%2C415&#038;ssl=1\" width=\"619\" height=\"415\" srcset=\"https:\/\/i0.wp.com\/www.shqiperia.com\/blog\/wp-content\/uploads\/2026\/08\/auto_protesta-1-11788193327.jpg?resize=300%2C201&amp;ssl=1 300w, https:\/\/i0.wp.com\/www.shqiperia.com\/blog\/wp-content\/uploads\/2026\/08\/auto_protesta-1-11788193327.jpg?resize=768%2C514&amp;ssl=1 768w, https:\/\/i0.wp.com\/www.shqiperia.com\/blog\/wp-content\/uploads\/2026\/08\/auto_protesta-1-11788193327.jpg?resize=450%2C301&amp;ssl=1 450w, https:\/\/i0.wp.com\/www.shqiperia.com\/blog\/wp-content\/uploads\/2026\/08\/auto_protesta-1-11788193327.jpg?resize=600%2C401&amp;ssl=1 600w, https:\/\/i0.wp.com\/www.shqiperia.com\/blog\/wp-content\/uploads\/2026\/08\/auto_protesta-1-11788193327.jpg?resize=400%2C268&amp;ssl=1 400w, https:\/\/i0.wp.com\/www.shqiperia.com\/blog\/wp-content\/uploads\/2026\/08\/auto_protesta-1-11788193327.jpg?w=900&amp;ssl=1 900w\" sizes=\"auto, (max-width: 619px) 100vw, 619px\" \/><\/p>\n<p>31 Gusht 2926<\/p>\n<p>Protesta qytetare kund\u00ebr qeveris\u00eb Rama hyn sot n\u00eb dit\u00ebn e saj t\u00eb 93-t\u00eb radhazi, duke sh\u00ebnuar mbi tre muaj mobilizim t\u00eb pand\u00ebrprer\u00eb n\u00eb rrug\u00ebt e Tiran\u00ebs.<\/p>\n<p>Qytetar\u00ebt pritet t\u00eb mblidhen s\u00ebrish n\u00eb sheshin \u2018Sk\u00ebnderbej\u2019, p\u00ebr t\u00eb marshuar m\u00eb pas p\u00ebrgjat\u00eb Bulevardit \u2018D\u00ebshmor\u00ebt e Kombit\u2019 drejt Kryeministris\u00eb, aty ku prej m\u00eb shum\u00eb se tre muajsh \u00ebsht\u00eb artikuluar e nj\u00ebjta k\u00ebrkes\u00eb: largimi i Edi Ram\u00ebs dhe i qeveris\u00eb s\u00eb tij nga pushteti.<\/p>\n<p>Prej 93 dit\u00ebsh, protestuesit kan\u00eb deklaruar se nuk do t\u00eb t\u00ebrhiqen dhe se protesta do t\u00eb vijoj\u00eb deri n\u00eb realizimin e k\u00ebrkesave t\u00eb tyre. P\u00ebrve\u00e7 dor\u00ebheqjes s\u00eb kryeministrit dhe largimit t\u00eb kabinetit qeveritar, qytetar\u00ebt k\u00ebrkojn\u00eb ngritjen e nj\u00eb qeverie transitore.<\/p>\n<p>Edhe protesta e nj\u00eb dite m\u00eb par\u00eb u shoq\u00ebrua me thirrje t\u00eb forta kund\u00ebr qeveris\u00eb. Qytetar\u00ebt marshuan nga sheshi \u2018Sk\u00ebnderbej\u2019 drejt Kryeministris\u00eb me pankarta, bilbila dhe thirrje p\u00ebr dor\u00ebheqjen e Edi Ram\u00ebs.<\/p>\n<p>Gjat\u00eb marshimit qytetar\u00ebt kan\u00eb b\u00ebr\u00eb thirrje \u2018arresto Ballukun\u2019, nd\u00ebrsa protestuesit akuzuan qeverin\u00eb p\u00ebr korrupsion, keqqeverisje dhe largimin masiv t\u00eb shqiptar\u00ebve nga vendi.<\/p>\n<p>Pas 93 dit\u00ebsh, mesazhi i qytetar\u00ebve mbetet i pandryshuar: protesta do t\u00eb vazhdoj\u00eb dhe presioni ndaj qeveris\u00eb do t\u00eb rritet, nd\u00ebrsa k\u00ebrkesa p\u00ebr largimin e Edi Ram\u00ebs mbetet n\u00eb qend\u00ebr t\u00eb revolt\u00ebs qytetare.<\/p>\n","protected":false},"excerpt":{"rendered":"<p>31 Gusht 2926 Protesta qytetare kund\u00ebr qeveris\u00eb Rama hyn sot n\u00eb dit\u00ebn e saj t\u00eb 93-t\u00eb radhazi, duke sh\u00ebnuar mbi tre muaj mobilizim t\u00eb pand\u00ebrprer\u00eb n\u00eb rrug\u00ebt e Tiran\u00ebs. Qytetar\u00ebt pritet t\u00eb mblidhen s\u00ebrish n\u00eb sheshin \u2018Sk\u00ebnderbej\u2019, p\u00ebr t\u00eb marshuar m\u00eb pas p\u00ebrgjat\u00eb Bulevardit \u2018D\u00ebshmor\u00ebt e Kombit\u2019 drejt Kryeministris\u00eb, aty ku prej m\u00eb shum\u00eb se [&hellip;]<\/p>\n","protected":false},"author":9,"featured_media":105596,"comment_status":"open","ping_status":"open","sticky":false,"template":"","format":"standard","meta":{"jetpack_post_was_ever_published":false,"_jetpack_newsletter_access":"","_jetpack_dont_email_post_to_subs":false,"_jetpack_newsletter_tier_id":0,"_jetpack_memberships_contains_paywalled_content":false,"_jetpack_memberships_contains_paid_content":false,"footnotes":"","jetpack_publicize_message":"","jetpack_publicize_feature_enabled":true,"jetpack_social_post_already_shared":true,"jetpack_social_options":{"image_generator_settings":{"template":"highway","default_image_id":0,"font":"","enabled":false},"version":2}},"categories":[27,1,2,35],"tags":[],"class_list":["post-105595","post","type-post","status-publish","format-standard","has-post-thumbnail","hentry","category-blogu-i-udhetarit","category-njoftime-shtypi","category-politika","category-shoqerore"],"jetpack_publicize_connections":[],"jetpack_featured_media_url":"https:\/\/i0.wp.com\/www.shqiperia.com\/blog\/wp-content\/uploads\/2026\/08\/auto_protesta-1-11788193327.jpg?fit=900%2C602&ssl=1","jetpack_sharing_enabled":true,"jetpack_shortlink":"https:\/\/wp.me\/p5Z6wp-rt9","jetpack-related-posts":[{"id":103929,"url":"https:\/\/www.shqiperia.com\/blog\/mbyllet-protesta-e-68-te-kunder-qeverise-paralajmerojne-pershkallezim-dhe-bllokim-rrugesh\/","url_meta":{"origin":105595,"position":0},"title":"Mbyllet protesta e 68-t\u00eb kund\u00ebr qeveris\u00eb. &#8211;  Paralajm\u00ebrojn\u00eb p\u00ebrshkall\u00ebzim dhe bllokim rrug\u00ebsh","author":"Kurt Farka","date":"August 7, 2026","format":false,"excerpt":"7 Gusht 2026 Pas nj\u00eb marshimi t\u00eb gjat\u00eb n\u00eb rrug\u00ebt e kryeqytetit dhe me nj\u00eb pjes\u00ebmarrje masive t\u00eb qytetar\u00ebve, \u00ebsht\u00eb mbyllur protesta e sotme. Shqiptar\u00ebt prej 68 dit\u00ebsh kan\u00eb protestuar kund\u00ebr qeveris\u00eb, duke b\u00ebr\u00eb thirrje p\u00ebr largimin e kryeministrit Edi Rama. Qytetar\u00ebt jan\u00eb shprehur t\u00eb vendosur se nuk do t\u00eb\u2026","rel":"","context":"In &quot;Blogu i Udh\u00ebtarit&quot;","block_context":{"text":"Blogu i Udh\u00ebtarit","link":"https:\/\/www.shqiperia.com\/blog\/category\/blogu-i-udhetarit\/"},"img":{"alt_text":"","src":"https:\/\/i0.wp.com\/www.shqiperia.com\/blog\/wp-content\/uploads\/2026\/08\/750439618_4639048496318417_4366432659659716152_n.jpg?fit=720%2C540&ssl=1&resize=350%2C200","width":350,"height":200,"srcset":"https:\/\/i0.wp.com\/www.shqiperia.com\/blog\/wp-content\/uploads\/2026\/08\/750439618_4639048496318417_4366432659659716152_n.jpg?fit=720%2C540&ssl=1&resize=350%2C200 1x, https:\/\/i0.wp.com\/www.shqiperia.com\/blog\/wp-content\/uploads\/2026\/08\/750439618_4639048496318417_4366432659659716152_n.jpg?fit=720%2C540&ssl=1&resize=525%2C300 1.5x, https:\/\/i0.wp.com\/www.shqiperia.com\/blog\/wp-content\/uploads\/2026\/08\/750439618_4639048496318417_4366432659659716152_n.jpg?fit=720%2C540&ssl=1&resize=700%2C400 2x"},"classes":[]},{"id":103166,"url":"https:\/\/www.shqiperia.com\/blog\/jepi-besen-rames-te-pasurohet-belinda-e-te-ngreje-vila-zeqineja-pankartat-pikante-godasin-kryeministrin-edhe-sa-here-do-na-presesh-ne-bese\/","url_meta":{"origin":105595,"position":1},"title":"\u201cJepi bes\u00ebn Ram\u00ebs, t\u00eb pasurohet Belinda e t\u00eb ngrej\u00eb vila Zeqineja\u201d- Pankartat pikante godasin kryeministrin: Edhe sa her\u00eb do na pres\u00ebsh n\u00eb bes\u00eb?","author":"Kurt Farka","date":"July 24, 2026","format":false,"excerpt":"24 Korrik 2026 N\u00eb protest\u00ebn e 55-t\u00eb kund\u00ebr kryeministrit Edi Rama dhe mazhoranc\u00ebs, qytetar\u00ebt kan\u00eb ironizuar me pankartat e tyre dokumentin e prezantuar sot nga kryeministri para grupit parlamentar t\u00eb Partis\u00eb Socialiste. Rama tha se e ka pag\u00ebzuar \u201clibrin\u201d me emrin \u201cBesa\u201d dhe sipas tij\u00a0p\u00ebrfaq\u00ebson nj\u00eb reflektim t\u00eb thell\u00eb p\u00ebr\u2026","rel":"","context":"In &quot;Blogu i Udh\u00ebtarit&quot;","block_context":{"text":"Blogu i Udh\u00ebtarit","link":"https:\/\/www.shqiperia.com\/blog\/category\/blogu-i-udhetarit\/"},"img":{"alt_text":"","src":"https:\/\/i0.wp.com\/www.shqiperia.com\/blog\/wp-content\/uploads\/2026\/07\/edi-rama-pankarta-protesta-55-besa-18-1.jpeg?fit=837%2C490&ssl=1&resize=350%2C200","width":350,"height":200,"srcset":"https:\/\/i0.wp.com\/www.shqiperia.com\/blog\/wp-content\/uploads\/2026\/07\/edi-rama-pankarta-protesta-55-besa-18-1.jpeg?fit=837%2C490&ssl=1&resize=350%2C200 1x, https:\/\/i0.wp.com\/www.shqiperia.com\/blog\/wp-content\/uploads\/2026\/07\/edi-rama-pankarta-protesta-55-besa-18-1.jpeg?fit=837%2C490&ssl=1&resize=525%2C300 1.5x, https:\/\/i0.wp.com\/www.shqiperia.com\/blog\/wp-content\/uploads\/2026\/07\/edi-rama-pankarta-protesta-55-besa-18-1.jpeg?fit=837%2C490&ssl=1&resize=700%2C400 2x"},"classes":[]},{"id":104868,"url":"https:\/\/www.shqiperia.com\/blog\/protesta-nuk-ndalet-sot-dita-e-83-te-qytetaret-serish-ne-shesh-kunder-qeverise-rama-jep-doreheqjen\/","url_meta":{"origin":105595,"position":2},"title":"Protesta nuk ndalet\/ Sot dita e 83-t\u00eb, qytetar\u00ebt s\u00ebrish n\u00eb shesh kund\u00ebr qeveris\u00eb: Rama jep dor\u00ebheqjen!","author":"Kurt Farka","date":"August 21, 2026","format":false,"excerpt":"21 Gusht 2026 Qytetar\u00ebt do t\u00eb mblidhen s\u00ebrish sot n\u00eb Tiran\u00eb, duke vijuar p\u00ebr t\u00eb 83-\u00ebn dit\u00eb radhazi protest\u00ebn kund\u00ebr qeveris\u00eb dhe kast\u00ebs politike. Ashtu si n\u00eb dit\u00ebt e fundit, protestuesit pritet t\u00eb grumbullohen fillimisht n\u00eb sheshin \u201cSk\u00ebnderbej\u201d dhe m\u00eb pas t\u00eb marshojn\u00eb drejt Kryeministris\u00eb, ku do t\u00eb vijojn\u00eb tubimin\u2026","rel":"","context":"In &quot;Blogu i Udh\u00ebtarit&quot;","block_context":{"text":"Blogu i Udh\u00ebtarit","link":"https:\/\/www.shqiperia.com\/blog\/category\/blogu-i-udhetarit\/"},"img":{"alt_text":"","src":"https:\/\/i0.wp.com\/www.shqiperia.com\/blog\/wp-content\/uploads\/2026\/08\/770985824_3285727254921661_236673638084350325_n-1.jpg?fit=1200%2C800&ssl=1&resize=350%2C200","width":350,"height":200,"srcset":"https:\/\/i0.wp.com\/www.shqiperia.com\/blog\/wp-content\/uploads\/2026\/08\/770985824_3285727254921661_236673638084350325_n-1.jpg?fit=1200%2C800&ssl=1&resize=350%2C200 1x, https:\/\/i0.wp.com\/www.shqiperia.com\/blog\/wp-content\/uploads\/2026\/08\/770985824_3285727254921661_236673638084350325_n-1.jpg?fit=1200%2C800&ssl=1&resize=525%2C300 1.5x, https:\/\/i0.wp.com\/www.shqiperia.com\/blog\/wp-content\/uploads\/2026\/08\/770985824_3285727254921661_236673638084350325_n-1.jpg?fit=1200%2C800&ssl=1&resize=700%2C400 2x, https:\/\/i0.wp.com\/www.shqiperia.com\/blog\/wp-content\/uploads\/2026\/08\/770985824_3285727254921661_236673638084350325_n-1.jpg?fit=1200%2C800&ssl=1&resize=1050%2C600 3x"},"classes":[]},{"id":103852,"url":"https:\/\/www.shqiperia.com\/blog\/sot-dita-e-67-e-protestes-kunder-rames\/","url_meta":{"origin":105595,"position":3},"title":"Sot dita e 67 e protest\u00ebs kund\u00ebr Ram\u00ebs","author":"Kurt Farka","date":"August 5, 2026","format":false,"excerpt":"5 Gusht 2026 Dita e 67-t\u00eb e protest\u00ebs, qytetar\u00ebt marshojn\u00eb s\u00ebrish drejt Kryeministris\u00eb: \u201cRama, jep dor\u00ebheqjen\u201d Protesta qytetare kund\u00ebr qeveris\u00eb hyn sot n\u00eb dit\u00ebn e 67-t\u00eb radhazi, nd\u00ebrsa qytetar\u00ebt pritet t\u00eb mblidhen s\u00ebrish n\u00eb mbr\u00ebmje n\u00eb sheshin \u201cSk\u00ebnderbej\u201d. Pas grumbullimit n\u00eb shesh, protestuesit do t\u00eb marshojn\u00eb drejt Kryeministris\u00eb, ku do\u2026","rel":"","context":"In &quot;Blogu i Udh\u00ebtarit&quot;","block_context":{"text":"Blogu i Udh\u00ebtarit","link":"https:\/\/www.shqiperia.com\/blog\/category\/blogu-i-udhetarit\/"},"img":{"alt_text":"","src":"https:\/\/i0.wp.com\/www.shqiperia.com\/blog\/wp-content\/uploads\/2026\/08\/auto_Protesta-foto-masive11785863100.jpg?fit=900%2C506&ssl=1&resize=350%2C200","width":350,"height":200,"srcset":"https:\/\/i0.wp.com\/www.shqiperia.com\/blog\/wp-content\/uploads\/2026\/08\/auto_Protesta-foto-masive11785863100.jpg?fit=900%2C506&ssl=1&resize=350%2C200 1x, https:\/\/i0.wp.com\/www.shqiperia.com\/blog\/wp-content\/uploads\/2026\/08\/auto_Protesta-foto-masive11785863100.jpg?fit=900%2C506&ssl=1&resize=525%2C300 1.5x, https:\/\/i0.wp.com\/www.shqiperia.com\/blog\/wp-content\/uploads\/2026\/08\/auto_Protesta-foto-masive11785863100.jpg?fit=900%2C506&ssl=1&resize=700%2C400 2x"},"classes":[]},{"id":103955,"url":"https:\/\/www.shqiperia.com\/blog\/me-te-bashkuar-se-kurre-pankartat-nga-protesta-e-69-te-qytetaret-i-drejtohen-rames-nuk-eshte-prona\/","url_meta":{"origin":105595,"position":4},"title":"\u201cM\u00eb t\u00eb bashkuar se kurr\u00eb!\u201d, pankartat nga protesta e 69-t\u00eb, qytetar\u00ebt i drejtohen Ram\u00ebs: &#8211; Nuk \u00ebsht\u00eb prona\u2026","author":"Kurt Farka","date":"August 7, 2026","format":false,"excerpt":"7 Gusht 2026 Edhe k\u00ebt\u00eb t\u00eb premte, n\u00eb protest\u00ebn e 69-t\u00eb kund\u00ebr qeveris\u00eb, qytetar\u00ebt kan\u00eb p\u00ebrcjell\u00eb mesazhet e tyre p\u00ebrmes pankartave t\u00eb shfaqura n\u00eb shesh. Nj\u00eb prej pankartave mbante mbishkrimin: \u201c69, m\u00eb t\u00eb fort\u00eb se kurr\u00eb\u201d, nd\u00ebrsa nj\u00eb tjet\u00ebr pankart\u00eb, e shoq\u00ebruar me imazhin e nj\u00eb tufe korbash, shkruante: \u201cEnde\u2026","rel":"","context":"In &quot;Blogu i Udh\u00ebtarit&quot;","block_context":{"text":"Blogu i Udh\u00ebtarit","link":"https:\/\/www.shqiperia.com\/blog\/category\/blogu-i-udhetarit\/"},"img":{"alt_text":"","src":"https:\/\/i0.wp.com\/www.shqiperia.com\/blog\/wp-content\/uploads\/2026\/08\/pankarta-69-433x300-1.jpg?fit=433%2C300&ssl=1&resize=350%2C200","width":350,"height":200},"classes":[]},{"id":101407,"url":"https:\/\/www.shqiperia.com\/blog\/socialistet-e-vertete-jane-ne-proteste-jo-ne-antimitingun-e-organizuar-nga-pushteti-arta-dade-shuplake-rames-kerkon-te-tjetersoje-ps-revolta-edhe-kunder-zaptimi\/","url_meta":{"origin":105595,"position":5},"title":"\u201cShqip\u00ebria nuk shitet\u201d\/ Sot protesta e 13-t\u00eb, mij\u00ebra qytetar\u00eb k\u00ebrkojn\u00eb dor\u00ebheqjen e Ram\u00ebs","author":"Kurt Farka","date":"June 12, 2026","format":false,"excerpt":"Mbahet sot n\u00eb Tiran\u00eb protesta e 13 ku qytetar\u00ebt k\u00ebrkojn\u00eb largimin e qeveris\u00eb dhe dor\u00ebheqjen e kryeministrit Edi Rama. Ashtu si edhe n\u00eb protestat e m\u00ebparshme, grumbullimi do t\u00eb nis\u00eb n\u00eb sheshin \u201cSk\u00ebnderbej\u201d dhe m\u00eb pas do t\u00eb marshohet drejt Kryeministris\u00eb. Prej 12 dit\u00ebsh qytetar\u00ebt k\u00ebrkojn\u00eb largimin e qeveris\u00eb dhe\u2026","rel":"","context":"In &quot;Blogu i Udh\u00ebtarit&quot;","block_context":{"text":"Blogu i Udh\u00ebtarit","link":"https:\/\/www.shqiperia.com\/blog\/category\/blogu-i-udhetarit\/"},"img":{"alt_text":"","src":"https:\/\/i0.wp.com\/www.shqiperia.com\/blog\/wp-content\/uploads\/2026\/06\/protestaa.jpg?fit=768%2C432&ssl=1&resize=350%2C200","width":350,"height":200,"srcset":"https:\/\/i0.wp.com\/www.shqiperia.com\/blog\/wp-content\/uploads\/2026\/06\/protestaa.jpg?fit=768%2C432&ssl=1&resize=350%2C200 1x, https:\/\/i0.wp.com\/www.shqiperia.com\/blog\/wp-content\/uploads\/2026\/06\/protestaa.jpg?fit=768%2C432&ssl=1&resize=525%2C300 1.5x, https:\/\/i0.wp.com\/www.shqiperia.com\/blog\/wp-content\/uploads\/2026\/06\/protestaa.jpg?fit=768%2C432&ssl=1&resize=700%2C400 2x"},"classes":[]}],"_links":{"self":[{"href":"https:\/\/www.shqiperia.com\/blog\/wp-json\/wp\/v2\/posts\/105595","targetHints":{"allow":["GET"]}}],"collection":[{"href":"https:\/\/www.shqiperia.com\/blog\/wp-json\/wp\/v2\/posts"}],"about":[{"href":"https:\/\/www.shqiperia.com\/blog\/wp-json\/wp\/v2\/types\/post"}],"author":[{"embeddable":true,"href":"https:\/\/www.shqiperia.com\/blog\/wp-json\/wp\/v2\/users\/9"}],"replies":[{"embeddable":true,"href":"https:\/\/www.shqiperia.com\/blog\/wp-json\/wp\/v2\/comments?post=105595"}],"version-history":[{"count":1,"href":"https:\/\/www.shqiperia.com\/blog\/wp-json\/wp\/v2\/posts\/105595\/revisions"}],"predecessor-version":[{"id":105597,"href":"https:\/\/www.shqiperia.com\/blog\/wp-json\/wp\/v2\/posts\/105595\/revisions\/105597"}],"wp:featuredmedia":[{"embeddable":true,"href":"https:\/\/www.shqiperia.com\/blog\/wp-json\/wp\/v2\/media\/105596"}],"wp:attachment":[{"href":"https:\/\/www.shqiperia.com\/blog\/wp-json\/wp\/v2\/media?parent=105595"}],"wp:term":[{"taxonomy":"category","embeddable":true,"href":"https:\/\/www.shqiperia.com\/blog\/wp-json\/wp\/v2\/categories?post=105595"},{"taxonomy":"post_tag","embeddable":true,"href":"https:\/\/www.shqiperia.com\/blog\/wp-json\/wp\/v2\/tags?post=105595"}],"curies":[{"name":"wp","href":"https:\/\/api.w.org\/{rel}","templated":true}]}}