{"id":105592,"date":"2026-08-31T17:18:50","date_gmt":"2026-08-31T17:18:50","guid":{"rendered":"https:\/\/www.shqiperia.com\/blog\/?p=105592"},"modified":"2026-08-31T17:18:50","modified_gmt":"2026-08-31T17:18:50","slug":"edi-rama-ligjeron-cifutizimin-e-vlores","status":"publish","type":"post","link":"https:\/\/www.shqiperia.com\/blog\/edi-rama-ligjeron-cifutizimin-e-vlores\/","title":{"rendered":"Edi Rama ligj\u00ebron \u00e7ifutizimin e Vlor\u00ebs"},"content":{"rendered":"<div class=\"xdj266r x14z9mp xat24cr x1lziwak x1vvkbs x126k92a\">\n<div><img data-recalc-dims=\"1\" loading=\"lazy\" decoding=\"async\" data-attachment-id=\"105593\" data-permalink=\"https:\/\/www.shqiperia.com\/blog\/edi-rama-ligjeron-cifutizimin-e-vlores\/790226070_1119745073729709_304740451447980800_n-1\/\" data-orig-file=\"https:\/\/i0.wp.com\/www.shqiperia.com\/blog\/wp-content\/uploads\/2026\/08\/790226070_1119745073729709_304740451447980800_n-1.jpg?fit=1795%2C1031&amp;ssl=1\" data-orig-size=\"1795,1031\" data-comments-opened=\"1\" data-image-meta=\"{&quot;aperture&quot;:&quot;0&quot;,&quot;credit&quot;:&quot;&quot;,&quot;camera&quot;:&quot;&quot;,&quot;caption&quot;:&quot;&quot;,&quot;created_timestamp&quot;:&quot;0&quot;,&quot;copyright&quot;:&quot;&quot;,&quot;focal_length&quot;:&quot;0&quot;,&quot;iso&quot;:&quot;0&quot;,&quot;shutter_speed&quot;:&quot;0&quot;,&quot;title&quot;:&quot;&quot;,&quot;orientation&quot;:&quot;0&quot;}\" data-image-title=\"790226070_1119745073729709_304740451447980800_n (1)\" data-image-description=\"\" data-image-caption=\"\" data-medium-file=\"https:\/\/i0.wp.com\/www.shqiperia.com\/blog\/wp-content\/uploads\/2026\/08\/790226070_1119745073729709_304740451447980800_n-1.jpg?fit=300%2C172&amp;ssl=1\" data-large-file=\"https:\/\/i0.wp.com\/www.shqiperia.com\/blog\/wp-content\/uploads\/2026\/08\/790226070_1119745073729709_304740451447980800_n-1.jpg?fit=1024%2C588&amp;ssl=1\" class=\"alignnone  wp-image-105593\" alt=\"\" src=\"https:\/\/i0.wp.com\/www.shqiperia.com\/blog\/wp-content\/uploads\/2026\/08\/790226070_1119745073729709_304740451447980800_n-1.jpg?resize=677%2C388&#038;ssl=1\" width=\"677\" height=\"388\" srcset=\"https:\/\/i0.wp.com\/www.shqiperia.com\/blog\/wp-content\/uploads\/2026\/08\/790226070_1119745073729709_304740451447980800_n-1.jpg?resize=300%2C172&amp;ssl=1 300w, https:\/\/i0.wp.com\/www.shqiperia.com\/blog\/wp-content\/uploads\/2026\/08\/790226070_1119745073729709_304740451447980800_n-1.jpg?resize=1024%2C588&amp;ssl=1 1024w, https:\/\/i0.wp.com\/www.shqiperia.com\/blog\/wp-content\/uploads\/2026\/08\/790226070_1119745073729709_304740451447980800_n-1.jpg?resize=768%2C441&amp;ssl=1 768w, https:\/\/i0.wp.com\/www.shqiperia.com\/blog\/wp-content\/uploads\/2026\/08\/790226070_1119745073729709_304740451447980800_n-1.jpg?resize=1536%2C882&amp;ssl=1 1536w, https:\/\/i0.wp.com\/www.shqiperia.com\/blog\/wp-content\/uploads\/2026\/08\/790226070_1119745073729709_304740451447980800_n-1.jpg?resize=450%2C258&amp;ssl=1 450w, https:\/\/i0.wp.com\/www.shqiperia.com\/blog\/wp-content\/uploads\/2026\/08\/790226070_1119745073729709_304740451447980800_n-1.jpg?resize=600%2C345&amp;ssl=1 600w, https:\/\/i0.wp.com\/www.shqiperia.com\/blog\/wp-content\/uploads\/2026\/08\/790226070_1119745073729709_304740451447980800_n-1.jpg?resize=1500%2C862&amp;ssl=1 1500w, https:\/\/i0.wp.com\/www.shqiperia.com\/blog\/wp-content\/uploads\/2026\/08\/790226070_1119745073729709_304740451447980800_n-1.jpg?resize=1300%2C747&amp;ssl=1 1300w, https:\/\/i0.wp.com\/www.shqiperia.com\/blog\/wp-content\/uploads\/2026\/08\/790226070_1119745073729709_304740451447980800_n-1.jpg?resize=400%2C230&amp;ssl=1 400w, https:\/\/i0.wp.com\/www.shqiperia.com\/blog\/wp-content\/uploads\/2026\/08\/790226070_1119745073729709_304740451447980800_n-1.jpg?w=1795&amp;ssl=1 1795w\" sizes=\"auto, (max-width: 677px) 100vw, 677px\" \/><\/div>\n<div>31 Gusht 2026<\/div>\n<div>Nga: G\u00ebzim Zilja<\/div>\n<div>Muzeu Ebriak do t\u00eb pasqyroj\u00eb historin\u00eb e \u00e7ifut\u00ebve n\u00eb Shqip\u00ebri q\u00eb nga koha romake.<\/div>\n<\/div>\n<div class=\"x14z9mp xat24cr x1lziwak x1vvkbs xtlvy1s x126k92a\">\n<div>Tradh\u00ebtari dhe varmih\u00ebsi i historis\u00eb dhe tradit\u00ebs shqiptare Edi Rama deklaroi m\u00eb 10.09.2025 n\u00eb Vlor\u00eb: \u201cKa nisur puna p\u00ebr nd\u00ebrtimin (shiko foton) e Muzeut ebraik\u2026. Godina do t\u00eb ngrihet n\u00eb ambientet e ish-klubit patriotik \u201cLab\u00ebria\u201d n\u00eb qendr\u00ebn historike t\u00eb qytetit, n\u00eb lagjen ku dikur kan\u00eb jetuar hebrenjt\u00eb\u2026.\u201d Ky kryeminist\u00ebr njeri q\u00eb urren shqiptar\u00ebt me gjithsej, g\u00ebnjen dit\u00ebn p\u00ebr diell. Hebrenjt\u00eb nuk kan\u00eb jetuar n\u00eb lagjen Muze, ku ndodhet klubi \u201cLab\u00ebria\u201d, kan\u00eb jetuar n\u00eb an\u00ebn tjet\u00ebr t\u00eb rrug\u00ebs, nja pes\u00eb a gjasht\u00eb familje. Ky qenbirqeni q\u00ebllimisht thot\u00eb nj\u00eb t\u00eb pav\u00ebrtet\u00eb, sikur kjo godin\u00eb gjendet n\u00eb sokakun e \u00e7ifut\u00ebve. Jo rast\u00ebsisht t\u00eb dashur miq vlonjat\u00eb, q\u00eb ende nuk u \u00ebsht\u00eb b\u00ebr\u00eb gjaku shurr\u00eb, ai e shpreh k\u00ebt\u00eb g\u00ebnjesht\u00ebr.<\/div>\n<div>Nes\u00ebr kur t\u00eb b\u00ebhen llogarit\u00eb sipas planeve t\u00eb Ram\u00ebs, me Netanjahun q\u00eb e vler\u00ebsoi me dekorat\u00ebn m\u00eb t\u00eb lart\u00eb \u00e7ifute, do t\u00eb dal\u00eb q\u00eb gjith\u00eb ajo lagje \u00ebsht\u00eb banuar me \u00e7ifut\u00eb, madje ka pasur dhe nj\u00eb sinagog\u00eb.<\/div>\n<div>Ai llap p\u00ebr teknologjin\u00eb, arkitektur\u00ebn, struktur\u00ebn, arkitetektonik\u00ebn dizajnin, teknologjin\u00eb moderne t\u00eb ekspozimit, p\u00ebrdorimin e gur\u00ebve lokal dhe \u201cguri i Jeruzalemit\u201d p\u00ebr fasad\u00ebn e jashtme, etj. p\u00ebr t\u00eb fshehur planin e tij antivlor\u00eb dhe antishqiptar. Ky bolshevik llapaqen pa dogan\u00eb, do t\u00eb fsheh\u00eb me k\u00ebto llafe di\u00e7ka tjet\u00ebr t\u00eb tmerrshme q\u00eb e thot\u00eb shtypi italian.<\/div>\n<div>Sipas medias italiane shum\u00eb t\u00eb besueshme Atribune, lexojm\u00eb: \u201c Muzeu \u00ebsht\u00eb projektuar nga studioja izraelite Kimmel Eshkolot dhe do t\u00eb pasqyroj\u00eb historin\u00eb e komunitetit hebre n\u00eb Shqip\u00ebri q\u00eb nga koha romake deri n\u00eb dit\u00ebt e sotme\u2026 \u201c Duke kujtuar dhe th\u00ebnien e tij m\u00eb 15.07.2026 se : \u201cVlora, do t\u00eb jet\u00eb qytet i gjith\u00eb bot\u00ebs\u2026\u201d vlonjat\u00ebt duhet t\u00eb ngren\u00eb leckat dhe o burra p\u00ebr n\u00eb syq\u00ebn prapa bot\u00ebs. Pyes s\u00ebrish: do ta lejojm\u00eb??? Ne nj\u00eb grup vullnetar\u00ebsh po p\u00ebrgatitim nj\u00eb protest\u00eb k\u00ebt\u00eb jav\u00eb ( p\u00ebr dit\u00ebn e or\u00ebn do ju lajm\u00ebrojm\u00eb) ku t\u00eb k\u00ebrkojm\u00eb nga Bashkia dhe k\u00ebshilli Bashkiak Vlor\u00eb anullimin e nd\u00ebrtimit n\u00eb at\u00eb godin\u00eb t\u00eb muzeut ebraik. Ajo godin\u00eb ka pritur Ismail Qemalin, ishte dall\u00ebndyshja e par\u00eb q\u00eb p\u00ebrgatiti pavar\u00ebsin\u00eb e Shqip\u00ebris\u00eb, aty \u00ebsht\u00eb gritur shkolla e par\u00eb shqipe etj, etj, dhe i p\u00ebrket historis\u00eb s\u00eb popullit ton\u00eb.<\/div>\n<\/div>\n","protected":false},"excerpt":{"rendered":"<p>31 Gusht 2026 Nga: G\u00ebzim Zilja Muzeu Ebriak do t\u00eb pasqyroj\u00eb historin\u00eb e \u00e7ifut\u00ebve n\u00eb Shqip\u00ebri q\u00eb nga koha romake. Tradh\u00ebtari dhe varmih\u00ebsi i historis\u00eb dhe tradit\u00ebs shqiptare Edi Rama deklaroi m\u00eb 10.09.2025 n\u00eb Vlor\u00eb: \u201cKa nisur puna p\u00ebr nd\u00ebrtimin (shiko foton) e Muzeut ebraik\u2026. Godina do t\u00eb ngrihet n\u00eb ambientet e ish-klubit patriotik \u201cLab\u00ebria\u201d [&hellip;]<\/p>\n","protected":false},"author":9,"featured_media":105593,"comment_status":"open","ping_status":"open","sticky":false,"template":"","format":"standard","meta":{"jetpack_post_was_ever_published":false,"_jetpack_newsletter_access":"","_jetpack_dont_email_post_to_subs":false,"_jetpack_newsletter_tier_id":0,"_jetpack_memberships_contains_paywalled_content":false,"_jetpack_memberships_contains_paid_content":false,"footnotes":"","jetpack_publicize_message":"","jetpack_publicize_feature_enabled":true,"jetpack_social_post_already_shared":true,"jetpack_social_options":{"image_generator_settings":{"template":"highway","default_image_id":0,"font":"","enabled":false},"version":2}},"categories":[27,85,10,1,2,35],"tags":[],"class_list":["post-105592","post","type-post","status-publish","format-standard","has-post-thumbnail","hentry","category-blogu-i-udhetarit","category-histori","category-kultura","category-njoftime-shtypi","category-politika","category-shoqerore"],"jetpack_publicize_connections":[],"jetpack_featured_media_url":"https:\/\/i0.wp.com\/www.shqiperia.com\/blog\/wp-content\/uploads\/2026\/08\/790226070_1119745073729709_304740451447980800_n-1.jpg?fit=1795%2C1031&ssl=1","jetpack_sharing_enabled":true,"jetpack_shortlink":"https:\/\/wp.me\/p5Z6wp-rt6","jetpack-related-posts":[{"id":102229,"url":"https:\/\/www.shqiperia.com\/blog\/media-e-njohur-italiane-il-foglio-edi-rama-ne-burg-e-konsiderojne-kriminel-qe-ka-hedhur-shqiperine-ne-gojen-e-peshkaqeneve\/","url_meta":{"origin":105592,"position":0},"title":"Media e njohur italiane, \u201cIl Foglio\u201d &#8211; Edi Rama n\u00eb burg\u201d, e konsiderojn\u00eb kriminel q\u00eb ka hedhur Shqip\u00ebrin\u00eb n\u00eb goj\u00ebn e \u2018peshkaqen\u00ebve\u2019","author":"Kurt Farka","date":"July 4, 2026","format":false,"excerpt":"4 Koriik 2026 Nga \u201cIl Foglio\u201d Nj\u00eb protest\u00eb q\u00eb nisi p\u00ebr t\u00eb mbrojtur flamingot roz\u00eb \u00ebsht\u00eb shnd\u00ebrruar n\u00eb revolt\u00ebn m\u00eb t\u00eb madhe qytetare kund\u00ebr qeveris\u00eb s\u00eb Edi Ram\u00ebs. N\u00eb nj\u00eb analiz\u00eb t\u00eb gjat\u00eb t\u00eb botuar nga e p\u00ebrditshmja italiane \u201cIl Foglio\u201d, Shqip\u00ebria p\u00ebrshkruhet si nj\u00eb vend ku zem\u00ebrimi ndaj korrupsionit,\u2026","rel":"","context":"In &quot;Blogu i Udh\u00ebtarit&quot;","block_context":{"text":"Blogu i Udh\u00ebtarit","link":"https:\/\/www.shqiperia.com\/blog\/category\/blogu-i-udhetarit\/"},"img":{"alt_text":"","src":"https:\/\/i0.wp.com\/www.shqiperia.com\/blog\/wp-content\/uploads\/2026\/07\/edi-rama-protesta-1.jpeg?fit=948%2C580&ssl=1&resize=350%2C200","width":350,"height":200,"srcset":"https:\/\/i0.wp.com\/www.shqiperia.com\/blog\/wp-content\/uploads\/2026\/07\/edi-rama-protesta-1.jpeg?fit=948%2C580&ssl=1&resize=350%2C200 1x, https:\/\/i0.wp.com\/www.shqiperia.com\/blog\/wp-content\/uploads\/2026\/07\/edi-rama-protesta-1.jpeg?fit=948%2C580&ssl=1&resize=525%2C300 1.5x, https:\/\/i0.wp.com\/www.shqiperia.com\/blog\/wp-content\/uploads\/2026\/07\/edi-rama-protesta-1.jpeg?fit=948%2C580&ssl=1&resize=700%2C400 2x"},"classes":[]},{"id":100123,"url":"https:\/\/www.shqiperia.com\/blog\/fundi-i-nje-perandorie-roma-nuk-u-shkaterrua-nga-barbaret-thone-te-dhenat-nga-antropologjia-molekulare\/","url_meta":{"origin":105592,"position":1},"title":"Fundi i nj\u00eb Perandorie &#8211; Roma nuk u shkat\u00ebrrua nga barbar\u00ebt, thon\u00eb t\u00eb dh\u00ebnat nga antropologjia molekulare","author":"Kurt Farka","date":"May 11, 2026","format":false,"excerpt":"11 Maji 2026 Fundi i Perandoris\u00eb Romake t\u00eb Per\u00ebndimit u verifikua n\u00eb vitin 476 dhe gjithnj\u00eb \u00ebsht\u00eb lidhur me migrimet n\u00eb mas\u00eb t\u00eb popullsive t\u00eb evrop\u00ebs veriore. Pushtimet barbare dhe momenti i mb\u00ebrritjes s\u00eb klaneve sh\u00ebnoi fundin e dominimit romak duke ndryshuar asetet shoq\u00ebrore dhe demografike t\u00eb gjith\u00eb konintentit. Por\u2026","rel":"","context":"In &quot;Blogu i Udh\u00ebtarit&quot;","block_context":{"text":"Blogu i Udh\u00ebtarit","link":"https:\/\/www.shqiperia.com\/blog\/category\/blogu-i-udhetarit\/"},"img":{"alt_text":"","src":"https:\/\/i0.wp.com\/www.shqiperia.com\/blog\/wp-content\/uploads\/2026\/05\/perandoria-romake.jpg?fit=1024%2C684&ssl=1&resize=350%2C200","width":350,"height":200,"srcset":"https:\/\/i0.wp.com\/www.shqiperia.com\/blog\/wp-content\/uploads\/2026\/05\/perandoria-romake.jpg?fit=1024%2C684&ssl=1&resize=350%2C200 1x, https:\/\/i0.wp.com\/www.shqiperia.com\/blog\/wp-content\/uploads\/2026\/05\/perandoria-romake.jpg?fit=1024%2C684&ssl=1&resize=525%2C300 1.5x, https:\/\/i0.wp.com\/www.shqiperia.com\/blog\/wp-content\/uploads\/2026\/05\/perandoria-romake.jpg?fit=1024%2C684&ssl=1&resize=700%2C400 2x"},"classes":[]},{"id":101258,"url":"https:\/\/www.shqiperia.com\/blog\/edi-rama-i-rri-qeverise-si-zhele-e-zgjyrosur-gabi-pas-13-vitesh-pushtet-te-degraduar\/","url_meta":{"origin":105592,"position":2},"title":"Edi Rama i rri qeveris\u00eb si zhele e zgjyrosur gabi pas 13 vitesh pushtet t\u00eb degraduar","author":"Kurt Farka","date":"June 8, 2026","format":false,"excerpt":"8 Qershor 2026 Nga: Ilir Dako Pas 13 vitesh pushtet ka filluar t\u00eb ndihet degradimi i Edi Ram\u00ebs n\u00eb raport me qeverisjen dhe realitetin. K\u00ebto dit\u00eb protestash, kryeministri shqiptar ka filluar t\u00eb flas\u00eb me engj\u00ebjt dhe po manifeston qartazi degradimin e tij mental si nj\u00eb personazh q\u00eb jeton n\u00eb nj\u00eb\u2026","rel":"","context":"In &quot;Njoftime Shtypi&quot;","block_context":{"text":"Njoftime Shtypi","link":"https:\/\/www.shqiperia.com\/blog\/category\/njoftime-shtypi\/"},"img":{"alt_text":"","src":"https:\/\/i0.wp.com\/www.shqiperia.com\/blog\/wp-content\/uploads\/2026\/06\/edi-rama.jpg?fit=1200%2C785&ssl=1&resize=350%2C200","width":350,"height":200,"srcset":"https:\/\/i0.wp.com\/www.shqiperia.com\/blog\/wp-content\/uploads\/2026\/06\/edi-rama.jpg?fit=1200%2C785&ssl=1&resize=350%2C200 1x, https:\/\/i0.wp.com\/www.shqiperia.com\/blog\/wp-content\/uploads\/2026\/06\/edi-rama.jpg?fit=1200%2C785&ssl=1&resize=525%2C300 1.5x, https:\/\/i0.wp.com\/www.shqiperia.com\/blog\/wp-content\/uploads\/2026\/06\/edi-rama.jpg?fit=1200%2C785&ssl=1&resize=700%2C400 2x, https:\/\/i0.wp.com\/www.shqiperia.com\/blog\/wp-content\/uploads\/2026\/06\/edi-rama.jpg?fit=1200%2C785&ssl=1&resize=1050%2C600 3x"},"classes":[]},{"id":103027,"url":"https:\/\/www.shqiperia.com\/blog\/rama-ata-qe-bertasin-per-shqiperine-e-shqiptareve-jane-e-keqja-me-e-madhe-qe-mund-ti-ndodhe-ketij-vendi\/","url_meta":{"origin":105592,"position":3},"title":"Rama: &#8211; Ata q\u00eb b\u00ebrtasin p\u00ebr \u201cShqip\u00ebrin\u00eb e shqiptar\u00ebve\u201d jan\u00eb e keqja m\u00eb e madhe q\u00eb mund t\u2019i ndodh\u00eb k\u00ebtij vendi","author":"Kurt Farka","date":"July 21, 2026","format":false,"excerpt":"21 Korrik 2026 Kryeministri Edi Rama refuzon k\u00ebrkes\u00ebn e protestuesve p\u00ebr t\u00eb anuluar Paket\u00ebn e Maleve. N\u00eb nj\u00eb video live n\u00eb Facebook,\u00a0kryeministri deklaroi se\u00a0Paketa e Maleve po shitet si nj\u00eb \u201cakt tradhtie\u201d nga ana e tij, nd\u00ebrsa e mbrojti ligjin duke th\u00ebn\u00eb se \u00ebsht\u00eb nj\u00eb mund\u00ebsi p\u00ebr emigrant\u00ebt q\u00eb duan\u2026","rel":"","context":"In &quot;Blogu i Udh\u00ebtarit&quot;","block_context":{"text":"Blogu i Udh\u00ebtarit","link":"https:\/\/www.shqiperia.com\/blog\/category\/blogu-i-udhetarit\/"},"img":{"alt_text":"","src":"https:\/\/i0.wp.com\/www.shqiperia.com\/blog\/wp-content\/uploads\/2026\/07\/Edi-Rama-3-1.jpg?fit=640%2C487&ssl=1&resize=350%2C200","width":350,"height":200,"srcset":"https:\/\/i0.wp.com\/www.shqiperia.com\/blog\/wp-content\/uploads\/2026\/07\/Edi-Rama-3-1.jpg?fit=640%2C487&ssl=1&resize=350%2C200 1x, https:\/\/i0.wp.com\/www.shqiperia.com\/blog\/wp-content\/uploads\/2026\/07\/Edi-Rama-3-1.jpg?fit=640%2C487&ssl=1&resize=525%2C300 1.5x"},"classes":[]},{"id":100460,"url":"https:\/\/www.shqiperia.com\/blog\/shqiperia-po-ndahet-si-dubai-muci-bregdeti-po-u-jepet-resorteve-ndersa-banoret-mbeten-pa-prona\/","url_meta":{"origin":105592,"position":4},"title":"\u201cShqip\u00ebria po ndahet si Dubai\u201d\/Mu\u00e7i: Bregdeti po u jepet resorteve, nd\u00ebrsa banor\u00ebt mbeten pa prona","author":"Kurt Farka","date":"May 20, 2026","format":false,"excerpt":"20 Maji 2026 Deputeti i \u201cL\u00ebvizja Bashk\u00eb\u201d, Redi Mu\u00e7i, i ftuar n\u00eb emisionin \u201cOra e Betit\u201d n\u00eb Ora News, foli p\u00ebr zhvillimin e bregdetit shqiptar dhe problemet me pronat, duke ngritur shqet\u00ebsimin p\u00ebr m\u00ebnyr\u00ebn se si po nd\u00ebrtohen resortet turistike n\u00eb zonat bregdetare. Sipas tij, Shqip\u00ebria po trajtohet si nj\u00eb\u2026","rel":"","context":"In &quot;Politika&quot;","block_context":{"text":"Politika","link":"https:\/\/www.shqiperia.com\/blog\/category\/politika\/"},"img":{"alt_text":"","src":"https:\/\/i0.wp.com\/www.shqiperia.com\/blog\/wp-content\/uploads\/2026\/05\/600-388-redijpg-1779218156.jpg?fit=600%2C388&ssl=1&resize=350%2C200","width":350,"height":200,"srcset":"https:\/\/i0.wp.com\/www.shqiperia.com\/blog\/wp-content\/uploads\/2026\/05\/600-388-redijpg-1779218156.jpg?fit=600%2C388&ssl=1&resize=350%2C200 1x, https:\/\/i0.wp.com\/www.shqiperia.com\/blog\/wp-content\/uploads\/2026\/05\/600-388-redijpg-1779218156.jpg?fit=600%2C388&ssl=1&resize=525%2C300 1.5x"},"classes":[]},{"id":102322,"url":"https:\/\/www.shqiperia.com\/blog\/alimehmeti-rama-eshte-ne-momentin-e-tij-me-te-keq-qeveria-teknike-zgjidhja-e-vetme-per-krizen\/","url_meta":{"origin":105592,"position":5},"title":"Alimehmeti: &#8211; Rama \u00ebsht\u00eb n\u00eb momentin e tij m\u00eb t\u00eb keq, qeveria teknike zgjidhja e vetme p\u00ebr kriz\u00ebn","author":"Kurt Farka","date":"July 6, 2026","format":false,"excerpt":"6 Korrik 2026 Alimehmeti thot\u00eb se kryeministri po p\u00ebrpiqet t\u00eb largoj\u00eb v\u00ebmendjen nga akuzat ndaj tij, nd\u00ebrsa zgjidhja, mbetet largimi i Ram\u00ebs dhe krijimi i nj\u00eb qeverie teknike \u201cRama \u00ebsht\u00eb n\u00eb momentin e tij m\u00eb t\u00eb keq dhe, si \u00e7do bish\u00eb e plagosur, tenton t\u00eb b\u00ebj\u00eb sa m\u00eb shum\u00eb d\u00ebme\u201d,\u00a0u\u2026","rel":"","context":"In &quot;Blogu i Udh\u00ebtarit&quot;","block_context":{"text":"Blogu i Udh\u00ebtarit","link":"https:\/\/www.shqiperia.com\/blog\/category\/blogu-i-udhetarit\/"},"img":{"alt_text":"","src":"https:\/\/i0.wp.com\/www.shqiperia.com\/blog\/wp-content\/uploads\/2026\/07\/Ilir-Alimehmeti.webp?fit=660%2C330&ssl=1&resize=350%2C200","width":350,"height":200,"srcset":"https:\/\/i0.wp.com\/www.shqiperia.com\/blog\/wp-content\/uploads\/2026\/07\/Ilir-Alimehmeti.webp?fit=660%2C330&ssl=1&resize=350%2C200 1x, https:\/\/i0.wp.com\/www.shqiperia.com\/blog\/wp-content\/uploads\/2026\/07\/Ilir-Alimehmeti.webp?fit=660%2C330&ssl=1&resize=525%2C300 1.5x"},"classes":[]}],"_links":{"self":[{"href":"https:\/\/www.shqiperia.com\/blog\/wp-json\/wp\/v2\/posts\/105592","targetHints":{"allow":["GET"]}}],"collection":[{"href":"https:\/\/www.shqiperia.com\/blog\/wp-json\/wp\/v2\/posts"}],"about":[{"href":"https:\/\/www.shqiperia.com\/blog\/wp-json\/wp\/v2\/types\/post"}],"author":[{"embeddable":true,"href":"https:\/\/www.shqiperia.com\/blog\/wp-json\/wp\/v2\/users\/9"}],"replies":[{"embeddable":true,"href":"https:\/\/www.shqiperia.com\/blog\/wp-json\/wp\/v2\/comments?post=105592"}],"version-history":[{"count":1,"href":"https:\/\/www.shqiperia.com\/blog\/wp-json\/wp\/v2\/posts\/105592\/revisions"}],"predecessor-version":[{"id":105594,"href":"https:\/\/www.shqiperia.com\/blog\/wp-json\/wp\/v2\/posts\/105592\/revisions\/105594"}],"wp:featuredmedia":[{"embeddable":true,"href":"https:\/\/www.shqiperia.com\/blog\/wp-json\/wp\/v2\/media\/105593"}],"wp:attachment":[{"href":"https:\/\/www.shqiperia.com\/blog\/wp-json\/wp\/v2\/media?parent=105592"}],"wp:term":[{"taxonomy":"category","embeddable":true,"href":"https:\/\/www.shqiperia.com\/blog\/wp-json\/wp\/v2\/categories?post=105592"},{"taxonomy":"post_tag","embeddable":true,"href":"https:\/\/www.shqiperia.com\/blog\/wp-json\/wp\/v2\/tags?post=105592"}],"curies":[{"name":"wp","href":"https:\/\/api.w.org\/{rel}","templated":true}]}}