{"id":105589,"date":"2026-08-31T17:11:18","date_gmt":"2026-08-31T17:11:18","guid":{"rendered":"https:\/\/www.shqiperia.com\/blog\/?p=105589"},"modified":"2026-08-31T17:11:18","modified_gmt":"2026-08-31T17:11:18","slug":"cunami-politik-ne-tirane-grid-rroji-zbulon-planin-sekret-te-qeverise-per-te-inskenuar-trazira-ne-proteste-ja-si-po-pergatitet-perplasja-e-madhe","status":"publish","type":"post","link":"https:\/\/www.shqiperia.com\/blog\/cunami-politik-ne-tirane-grid-rroji-zbulon-planin-sekret-te-qeverise-per-te-inskenuar-trazira-ne-proteste-ja-si-po-pergatitet-perplasja-e-madhe\/","title":{"rendered":"Cunami politik n\u00eb Tiran\u00eb, Grid Rroji zbulon planin sekret t\u00eb qeveris\u00eb p\u00ebr t\u00eb inskenuar trazira n\u00eb protest\u00eb, ja si po p\u00ebrgatitet p\u00ebrplasja e madhe"},"content":{"rendered":"<p><img data-recalc-dims=\"1\" loading=\"lazy\" decoding=\"async\" data-attachment-id=\"105590\" data-permalink=\"https:\/\/www.shqiperia.com\/blog\/cunami-politik-ne-tirane-grid-rroji-zbulon-planin-sekret-te-qeverise-per-te-inskenuar-trazira-ne-proteste-ja-si-po-pergatitet-perplasja-e-madhe\/800-0-foto-5-6a9539341ab63\/\" data-orig-file=\"https:\/\/i0.wp.com\/www.shqiperia.com\/blog\/wp-content\/uploads\/2026\/08\/800-0-foto-5-6a9539341ab63.jpg?fit=800%2C506&amp;ssl=1\" data-orig-size=\"800,506\" data-comments-opened=\"1\" data-image-meta=\"{&quot;aperture&quot;:&quot;0&quot;,&quot;credit&quot;:&quot;&quot;,&quot;camera&quot;:&quot;&quot;,&quot;caption&quot;:&quot;&quot;,&quot;created_timestamp&quot;:&quot;0&quot;,&quot;copyright&quot;:&quot;&quot;,&quot;focal_length&quot;:&quot;0&quot;,&quot;iso&quot;:&quot;0&quot;,&quot;shutter_speed&quot;:&quot;0&quot;,&quot;title&quot;:&quot;&quot;,&quot;orientation&quot;:&quot;0&quot;}\" data-image-title=\"-800-0-foto-5-6a9539341ab63\" data-image-description=\"\" data-image-caption=\"\" data-medium-file=\"https:\/\/i0.wp.com\/www.shqiperia.com\/blog\/wp-content\/uploads\/2026\/08\/800-0-foto-5-6a9539341ab63.jpg?fit=300%2C190&amp;ssl=1\" data-large-file=\"https:\/\/i0.wp.com\/www.shqiperia.com\/blog\/wp-content\/uploads\/2026\/08\/800-0-foto-5-6a9539341ab63.jpg?fit=800%2C506&amp;ssl=1\" class=\"alignnone  wp-image-105590\" alt=\"\" src=\"https:\/\/i0.wp.com\/www.shqiperia.com\/blog\/wp-content\/uploads\/2026\/08\/800-0-foto-5-6a9539341ab63.jpg?resize=707%2C448&#038;ssl=1\" width=\"707\" height=\"448\" srcset=\"https:\/\/i0.wp.com\/www.shqiperia.com\/blog\/wp-content\/uploads\/2026\/08\/800-0-foto-5-6a9539341ab63.jpg?resize=300%2C190&amp;ssl=1 300w, https:\/\/i0.wp.com\/www.shqiperia.com\/blog\/wp-content\/uploads\/2026\/08\/800-0-foto-5-6a9539341ab63.jpg?resize=768%2C486&amp;ssl=1 768w, https:\/\/i0.wp.com\/www.shqiperia.com\/blog\/wp-content\/uploads\/2026\/08\/800-0-foto-5-6a9539341ab63.jpg?resize=450%2C285&amp;ssl=1 450w, https:\/\/i0.wp.com\/www.shqiperia.com\/blog\/wp-content\/uploads\/2026\/08\/800-0-foto-5-6a9539341ab63.jpg?resize=600%2C380&amp;ssl=1 600w, https:\/\/i0.wp.com\/www.shqiperia.com\/blog\/wp-content\/uploads\/2026\/08\/800-0-foto-5-6a9539341ab63.jpg?resize=400%2C253&amp;ssl=1 400w, https:\/\/i0.wp.com\/www.shqiperia.com\/blog\/wp-content\/uploads\/2026\/08\/800-0-foto-5-6a9539341ab63.jpg?w=800&amp;ssl=1 800w\" sizes=\"auto, (max-width: 707px) 100vw, 707px\" \/><\/p>\n<p>31 Gusht 2026<\/p>\n<p>Grid Rroji, pedagog i shkencave politike n\u00eb universitetin CUNY-New York n\u00eb Shtetet e Bashkuara t\u00eb Amerik\u00ebs (SHBA) ka paralajm\u00ebruar opinionin publik se kasta politike n\u00eb pushtet po zbaton skenar\u00eb t\u00eb rreziksh\u00ebm p\u00ebr t\u00eb mbajtur kontrollin e vendit dhe p\u00ebr t\u00eb shp\u00ebrqendruar v\u00ebmendjen nga skandalet e m\u00ebdha.<\/p>\n<p>Sipas tij, e gjith\u00eb elita e Tiran\u00ebs \u00ebsht\u00eb b\u00ebr\u00eb bashk\u00eb n\u00eb nj\u00eb front t\u00eb p\u00ebrbashk\u00ebt me sindikatat nd\u00ebrkomb\u00ebtare t\u00eb krimit, t\u00eb cilat tashm\u00eb e kan\u00eb marr\u00eb shtetin shqiptar n\u00ebn kontroll t\u00eb plot\u00eb, duke tjet\u00ebrsuar pronat dhe pasurit\u00eb publike. N\u00eb fokus t\u00eb denoncimit t\u00eb tij jan\u00eb planet e err\u00ebta q\u00eb po thuren p\u00ebr t\u00eb d\u00ebmtuar protest\u00ebn qytetare.<\/p>\n<p>Rroji thekson se ekziston rreziku i p\u00ebrdorimit t\u00eb sulmeve t\u00eb rreme ose skenar\u00ebve t\u00eb dhun\u00ebs s\u00eb inskenuar nga vet\u00eb qeveria, t\u00eb cilat m\u00eb pas do t&#8217;i faturohen protestuesve p\u00ebr t\u00eb delegjitimuar l\u00ebvizjen. Kjo loj\u00eb psikologjike, sipas tij, synon t\u00eb hutoj\u00eb qytetar\u00ebt, nd\u00ebrkoh\u00eb q\u00eb institucionet e drejt\u00ebsis\u00eb, dhe n\u00eb ve\u00e7anti SPAK-u, po veprojn\u00eb me nj\u00eb ngadal\u00ebsi skandaloze p\u00ebrball\u00eb abuzimeve t\u00eb pushtetit.<\/p>\n<p><strong>Pjes\u00eb nga analiza e Grid Rrojit<\/strong><\/p>\n<p>\u201cLe ta fillojm\u00eb me pyetjen q\u00eb ka \u00e7dokush q\u00eb e do Shqip\u00ebrin\u00eb ende sot, \u00e7dokush q\u00eb ka nj\u00eb pik\u00eb gjak shqiptari n\u00eb vena, q\u00eb \u00ebsht\u00eb pyetja: Jemi k\u00ebtu ku jemi, e kuptojm\u00eb hallin ton\u00eb, ku duhet t\u00eb shkojm\u00eb, \u00e7far\u00eb duhet t\u00eb b\u00ebjm\u00eb? P\u00ebr t&#8217;ju p\u00ebrgjigjur k\u00ebsaj pyetjeje, dua t\u00eb filloj me disa ndodhi t\u00eb fundit q\u00eb kan\u00eb ndodhur.<\/p>\n<p>T\u00eb cilat jo vet\u00ebm q\u00eb e kan\u00eb p\u00ebrforcuar, por e kan\u00eb b\u00ebr\u00eb sinjalin e alarmit, kushtrimin q\u00eb duhet t\u00eb ken\u00eb shqiptar\u00ebt, duhet t&#8217;ju vij\u00eb nga brenda. \u00cbsht\u00eb nj\u00eb kushtrim q\u00eb nuk ta jep dot un\u00eb, s&#8217;ta jep dot asnj\u00eb profesor, asnj\u00eb njeri i rrug\u00ebs. \u00cbsht\u00eb nj\u00eb kushtrim q\u00eb duhet pasur brenda p\u00ebrbrenda. Kush e ka e ndjen, kush nuk e ka nuk e ndjen. K\u00ebshtu q\u00eb kjo \u00ebsht\u00eb nj\u00eb \u00e7\u00ebshtje shum\u00eb e qart\u00eb dhe s&#8217;ka nevoj\u00eb p\u00ebr shum\u00eb shpjegime.<\/p>\n<p>Por ajo q\u00eb duhet t\u00eb them \u00ebsht\u00eb kjo: N\u00eb k\u00ebto koh\u00eb ne ju kemi th\u00ebn\u00eb q\u00eb paria e Tiran\u00ebs punon e gjitha bashk\u00eb. Ju ka dal\u00eb se paria e Tiran\u00ebs punon e gjitha bashk\u00eb. S\u00eb dyti, Sindikata Nd\u00ebrkomb\u00ebtare e Krimit ka vite dhe dekada q\u00eb dep\u00ebrton brenda shtetit shqiptar dhe sot e ka shtetin shqiptar me tapi. K\u00ebt\u00eb po e kuptoni sepse po ju dalin shitjet e ishullit p\u00ebr interesat e k\u00ebsaj apo asaj sindikate nd\u00ebrkomb\u00ebtare t\u00eb krimit, pra tjet\u00ebrsimi i pronave \u2014 po ju del gjith\u00e7ka q\u00eb ju kemi th\u00ebn\u00eb para shum\u00eb kohe.<\/p>\n<p>Por k\u00ebt\u00eb po e l\u00ebm\u00eb, nuk ka dhe fort r\u00ebnd\u00ebsi \u00e7far\u00eb ju kemi th\u00ebn\u00eb. R\u00ebnd\u00ebsi ka q\u00eb k\u00ebto po v\u00ebrtetohen. Gj\u00ebja m\u00eb e fundit q\u00eb kemi theksuar, q\u00eb kam theksuar, \u00ebsht\u00eb rreziku i tmerrsh\u00ebm i nj\u00eb lufte fetare libanizuese q\u00eb do ta b\u00ebj\u00eb Shqip\u00ebrin\u00eb si Libani. Mund t\u00eb b\u00ebhet edhe si Somalia, mund t\u00eb b\u00ebhet si Libani \u2014 ka shum\u00eb shembuj t\u00eb ndrysh\u00ebm, por nga pik\u00ebpamja fetare ne i p\u00ebrngjasojm\u00eb Libanit sepse sigurisht q\u00eb nuk kemi druz\u00ebt, por kemi ata revolucionar\u00ebt iranian\u00eb dhe pastaj kemi disa lloje grupesh t\u00eb ndryshme t\u00eb kultivuara e t\u00eb tjer\u00eb e t\u00eb tjer\u00eb.<\/p>\n<p>Pra, \u00e7\u00ebshtja e shtetit bektashi ka dal\u00eb n\u00eb pah dhe po e shihni. \u00c7\u00ebshtja e munges\u00ebs s\u00eb drejt\u00ebsis\u00eb ka dal\u00eb n\u00eb pah dhe po e shihni. Pra, nuk ka drejt\u00ebsi, SPAK-u \u00ebsht\u00eb jasht\u00ebzakonisht shum\u00eb i ngadalt\u00eb. Interesat e huaja shtyjn\u00eb vet\u00ebm deri aty ku ju intereson atyre dhe jo shqiptar\u00ebve. At\u00ebher\u00eb, jemi n\u00eb k\u00ebt\u00eb pik\u00eb: Kemi nj\u00eb qeveri e cila tallet me protest\u00ebn, nj\u00eb kryeqeveritar q\u00eb tallet me protest\u00ebn.<\/p>\n<p>Nd\u00ebrkoh\u00eb q\u00eb, sipas disa raportimeve t\u00eb nj\u00eb gazetareje, p\u00ebrgatit edhe ato q\u00eb n\u00eb anglisht quhen false flag attacks (sulme n\u00ebn flamur t\u00eb rrem\u00eb), dometh\u00ebn\u00eb sulme t\u00eb cilat do t&#8217;ia vesh\u00eb protest\u00ebs. Nuk e dim\u00eb a \u00ebsht\u00eb e v\u00ebrtet\u00eb kjo. Nuk e dim\u00eb a \u00ebsht\u00eb ky nj\u00eb lajm q\u00eb vjen nga ndonj\u00eb sh\u00ebrbim tjet\u00ebr, i cili k\u00ebrkon t\u00eb luaj\u00eb loj\u00ebra me mend\u00ebsin\u00eb e shqiptar\u00ebve. Kjo duhet t&#8217;ju b\u00ebj\u00eb t&#8217;i kuptoni q\u00eb n\u00eb Shqip\u00ebri sot me mendjen tuaj po b\u00ebhet nj\u00eb loj\u00eb e frikshme. Po luajn\u00eb ata me t\u00eb gjith\u00eb ne.<\/p>\n<p>Dikush thot\u00eb k\u00ebshtu, dikush thot\u00eb ashtu, dikush del me nj\u00eb lajm t\u00eb till\u00eb; del nj\u00eb gazetare q\u00eb nuk njihet, t\u00eb cil\u00ebn e merr nj\u00eb portal i cili i ka sh\u00ebrbyer X-it, Y-it apo Z-it, ecin p\u00ebrpara, dalin me lajme se \u00e7dokush d\u00ebgjon nga nj\u00eb lajm, raporton nga nj\u00eb lajm tek shoku ose shoqja, ose e dashura, ose gruaja, bashk\u00ebshortja, kunati, baxhanaku \u2014 nuk ka shum\u00eb r\u00ebnd\u00ebsi. R\u00ebnd\u00ebsi ka q\u00eb t\u00eb gjitha k\u00ebto qarkullojn\u00eb dhe t\u00eb gjitha k\u00ebto b\u00ebhen p\u00ebr t\u00eb hutuar mendjen e shqiptar\u00ebve. Dhe tani s\u00eb fundmi, p\u00ebr t\u00eb mos u zgjatur shum\u00eb se dua t\u00eb dal pastaj tek zgjidhja, tani s\u00eb fundmi ka dal\u00eb problemi q\u00eb po ka p\u00ebrplasje brenda p\u00ebr brenda.<\/p>\n<p>Ka disa njer\u00ebz q\u00eb quhen t\u00eb Sorosit, ka disa njer\u00ebz q\u00eb e quajn\u00eb veten e kombit, patriot\u00ebt e t\u00eb tjera e t\u00eb tjera. Aty brenda ka shum\u00eb t\u00eb v\u00ebrteta, por ka dhe shum\u00eb gj\u00ebra t\u00eb cilat sajohen p\u00ebr arsye t\u00eb ndryshme. Problemi nuk \u00ebsht\u00eb k\u00ebtu. Problemi nuk \u00ebsht\u00eb cilat grupe jan\u00eb n\u00eb at\u00eb protest\u00eb, sepse k\u00ebt\u00eb jua kemi th\u00ebn\u00eb q\u00eb n\u00eb fillim. Problemi nuk \u00ebsht\u00eb se a ka grupe q\u00eb rremojn\u00eb e i japin bark\u00ebs n\u00eb drejtim t\u00eb Erion Veliajt, n\u00eb drejtim t\u00eb Ilir Met\u00ebs, n\u00eb drejtim t\u00eb grupeve sorosiane, n\u00eb drejtim t\u00eb ushunj\u00ebzave t\u00eb ndryshme q\u00eb vijn\u00eb nga Partia Demokratike ose q\u00eb vijn\u00eb nga njer\u00ebz t\u00eb tjer\u00eb \u2014 ka. Nuk \u00ebsht\u00eb ky thelbi. Je ti, jam un\u00eb; thelbi nuk \u00ebsht\u00eb ky.<\/p>\n<p>\u00c7dokush ka nj\u00eb histori t\u00eb cil\u00ebs i rri, \u00e7dokush ka besueshm\u00ebri apo jo n\u00eb syt\u00eb e shqiptar\u00ebve. Ajo q\u00eb protesta ka nxjerr\u00eb n\u00eb pah, q\u00eb e shohim t\u00eb gjith\u00eb, \u00ebsht\u00eb pik\u00ebrisht kjo: q\u00eb shqiptar\u00ebt duan nj\u00eb shtet q\u00eb punon p\u00ebr shqiptar\u00ebt. Pra, duan me fjal\u00eb t\u00eb tjera nj\u00eb shtet-komb.<\/p>\n<p>Pavar\u00ebsisht se fjala shtet-komb ju tremb juve pak, por le ta quajm\u00eb nj\u00eb shtet t\u00eb ri t\u00eb shqiptar\u00ebve, me rregullat tona, q\u00eb t\u00eb na mbroj\u00eb ne, q\u00eb t\u00eb mbroj\u00eb identitetin, q\u00eb t\u00eb na mbroj\u00eb nderin, q\u00eb t\u00eb na vendos\u00eb n\u00eb nj\u00eb rrug\u00eb ekonomike ku t\u00eb gjith\u00eb kemi nderin q\u00eb jetojm\u00eb dhe punojm\u00eb, q\u00eb t\u00eb rikthej\u00eb shqiptar\u00ebt n\u00eb Shqip\u00ebri dhe t\u00eb mos i largoj\u00eb.<\/p>\n<p>T\u00eb gjitha k\u00ebto jan\u00eb gj\u00ebra q\u00eb shqiptar\u00ebt i duan. A i artikulojn\u00eb dot n\u00ebp\u00ebr intervista e t\u00eb tjera e t\u00eb tjera? Nuk ka r\u00ebnd\u00ebsi. A ka dal\u00eb ndonj\u00eb mashtrues themelor q\u00eb del e thot\u00eb n\u00ebp\u00ebr televizione se &#8216;e kam th\u00ebn\u00eb un\u00eb&#8217; e t\u00eb tjera? Nuk ka kurrfar\u00eb r\u00ebnd\u00ebsie, nuk kan\u00eb r\u00ebnd\u00ebsi ato. R\u00ebnd\u00ebsi ka q\u00eb ideja e popullit \u00ebsht\u00eb tani m\u00eb e qart\u00eb. Populli nuk e do m\u00eb k\u00ebt\u00eb, po e quajm\u00eb, pocaqill\u00ebk. Nuk e do m\u00eb k\u00ebt\u00eb zallamahi\u201d, u shpreh nd\u00ebr t\u00eb tjera Grid Rroji n\u00eb podcastin e tij.<\/p>\n<p>Nga: Gazeta Sot<\/p>\n","protected":false},"excerpt":{"rendered":"<p>31 Gusht 2026 Grid Rroji, pedagog i shkencave politike n\u00eb universitetin CUNY-New York n\u00eb Shtetet e Bashkuara t\u00eb Amerik\u00ebs (SHBA) ka paralajm\u00ebruar opinionin publik se kasta politike n\u00eb pushtet po zbaton skenar\u00eb t\u00eb rreziksh\u00ebm p\u00ebr t\u00eb mbajtur kontrollin e vendit dhe p\u00ebr t\u00eb shp\u00ebrqendruar v\u00ebmendjen nga skandalet e m\u00ebdha. Sipas tij, e gjith\u00eb elita e [&hellip;]<\/p>\n","protected":false},"author":9,"featured_media":105590,"comment_status":"open","ping_status":"open","sticky":false,"template":"","format":"standard","meta":{"jetpack_post_was_ever_published":false,"_jetpack_newsletter_access":"","_jetpack_dont_email_post_to_subs":false,"_jetpack_newsletter_tier_id":0,"_jetpack_memberships_contains_paywalled_content":false,"_jetpack_memberships_contains_paid_content":false,"footnotes":"","jetpack_publicize_message":"","jetpack_publicize_feature_enabled":true,"jetpack_social_post_already_shared":true,"jetpack_social_options":{"image_generator_settings":{"template":"highway","default_image_id":0,"font":"","enabled":false},"version":2}},"categories":[27,1,2,35],"tags":[],"class_list":["post-105589","post","type-post","status-publish","format-standard","has-post-thumbnail","hentry","category-blogu-i-udhetarit","category-njoftime-shtypi","category-politika","category-shoqerore"],"jetpack_publicize_connections":[],"jetpack_featured_media_url":"https:\/\/i0.wp.com\/www.shqiperia.com\/blog\/wp-content\/uploads\/2026\/08\/800-0-foto-5-6a9539341ab63.jpg?fit=800%2C506&ssl=1","jetpack_sharing_enabled":true,"jetpack_shortlink":"https:\/\/wp.me\/p5Z6wp-rt3","jetpack-related-posts":[{"id":104356,"url":"https:\/\/www.shqiperia.com\/blog\/edi-rama-ne-gjunje-para-sorosit-per-te-shuar-protestat-aleksi-therret-organizatat-sorosiane-per-sabotimin\/","url_meta":{"origin":105589,"position":0},"title":"Edi Rama \u201cn\u00eb gjunj\u00eb\u201d para Sorosit p\u00ebr t\u00eb shuar protestat, Aleksi th\u00ebrret organizatat sorosiane p\u00ebr sabotimin\u2026","author":"Kurt Farka","date":"August 13, 2026","format":false,"excerpt":"13 Gusht 2026 Kryeministri Edi Rama ndodhet n\u00eb qend\u00ebr t\u00eb nj\u00eb stuhie t\u00eb fuqishme politike q\u00eb po dridh themelet e pushtetit t\u00eb tij. Prej m\u00eb shum\u00eb se dy muajsh kryeministri Rama po p\u00ebrballet me dit\u00ebt m\u00eb t\u00eb v\u00ebshtira t\u00eb karrier\u00ebs, ku zem\u00ebrimi popullor (qytetar\u00ebt) n\u00eb rrug\u00ebt dhe sheshet e Tiran\u00ebs\u2026","rel":"","context":"In &quot;Blogu i Udh\u00ebtarit&quot;","block_context":{"text":"Blogu i Udh\u00ebtarit","link":"https:\/\/www.shqiperia.com\/blog\/category\/blogu-i-udhetarit\/"},"img":{"alt_text":"","src":"https:\/\/i0.wp.com\/www.shqiperia.com\/blog\/wp-content\/uploads\/2026\/08\/Edi-Rama-ne-gjunje-para-Sorosit-per-te-shuar-protestat.jpg?fit=579%2C426&ssl=1&resize=350%2C200","width":350,"height":200,"srcset":"https:\/\/i0.wp.com\/www.shqiperia.com\/blog\/wp-content\/uploads\/2026\/08\/Edi-Rama-ne-gjunje-para-Sorosit-per-te-shuar-protestat.jpg?fit=579%2C426&ssl=1&resize=350%2C200 1x, https:\/\/i0.wp.com\/www.shqiperia.com\/blog\/wp-content\/uploads\/2026\/08\/Edi-Rama-ne-gjunje-para-Sorosit-per-te-shuar-protestat.jpg?fit=579%2C426&ssl=1&resize=525%2C300 1.5x"},"classes":[]},{"id":102266,"url":"https:\/\/www.shqiperia.com\/blog\/pas-kesaj-pyetjeje-rama-nisi-te-sillet-cuditshem-gazetari-i-bbc-se-zbardh-prapaskenat-e-intervistes-me-ramen-syte-e-tij-u\/","url_meta":{"origin":105589,"position":1},"title":"Pas k\u00ebsaj pyetjeje Rama nisi t\u00eb sillet \u00e7uditsh\u00ebm! Gazetari i BBC-s\u00eb zbardh prapaskenat e intervist\u00ebs me Ram\u00ebn: \u201cSyt\u00eb e tij u\u2026\u201d","author":"Kurt Farka","date":"July 5, 2026","format":false,"excerpt":"5 Korrik 2026 Nj\u00eb pyetje e drejtp\u00ebrdrejt\u00eb e korrespondentit t\u00eb njohur t\u00eb BBC-s\u00eb, Guy De Launey, duket se ka krijuar nj\u00eb moment tensioni t\u00eb paprecedent\u00eb gjat\u00eb nj\u00eb interviste me Kryeministrin e Shqip\u00ebris\u00eb, Edi Rama. P\u00ebrmes nj\u00eb postimi n\u00eb rrjetet sociale, De Launey ka ndar\u00eb me ndjek\u00ebsit e tij reagimin e\u2026","rel":"","context":"In &quot;Blogu i Udh\u00ebtarit&quot;","block_context":{"text":"Blogu i Udh\u00ebtarit","link":"https:\/\/www.shqiperia.com\/blog\/category\/blogu-i-udhetarit\/"},"img":{"alt_text":"","src":"https:\/\/i0.wp.com\/www.shqiperia.com\/blog\/wp-content\/uploads\/2026\/07\/736921988_1321743976790785_3314059344482884128_n.jpg?fit=1038%2C580&ssl=1&resize=350%2C200","width":350,"height":200,"srcset":"https:\/\/i0.wp.com\/www.shqiperia.com\/blog\/wp-content\/uploads\/2026\/07\/736921988_1321743976790785_3314059344482884128_n.jpg?fit=1038%2C580&ssl=1&resize=350%2C200 1x, https:\/\/i0.wp.com\/www.shqiperia.com\/blog\/wp-content\/uploads\/2026\/07\/736921988_1321743976790785_3314059344482884128_n.jpg?fit=1038%2C580&ssl=1&resize=525%2C300 1.5x, https:\/\/i0.wp.com\/www.shqiperia.com\/blog\/wp-content\/uploads\/2026\/07\/736921988_1321743976790785_3314059344482884128_n.jpg?fit=1038%2C580&ssl=1&resize=700%2C400 2x"},"classes":[]},{"id":104507,"url":"https:\/\/www.shqiperia.com\/blog\/kryeministri-duhet-te-largohet-si-i-paafte-fjalimi-i-harruar-i-rames-ne-opozite-dhe-pergjigjja-e-tij-sot-kur-qytetaret-i-kerkojne-te-largohet\/","url_meta":{"origin":105589,"position":2},"title":"\u201cKryeministri duhet t\u00eb largohet si i paaft\u00eb\u201d\/ Fjalimi i harruar i Ram\u00ebs n\u00eb opozit\u00eb dhe p\u00ebrgjigjja e tij sot kur qytetar\u00ebt i k\u00ebrkojn\u00eb t\u00eb largohet","author":"Kurt Farka","date":"August 15, 2026","format":false,"excerpt":"15 Gusht 2026 P\u00ebrballja e retorik\u00ebs politike nd\u00ebr vite nxjerr n\u00eb pah nj\u00eb kontrast t\u00eb thell\u00eb mes standardeve q\u00eb Edi Rama k\u00ebrkonte nga kund\u00ebrshtar\u00ebt e tij kur ndodhej n\u00eb opozit\u00eb dhe q\u00ebndrimit q\u00eb mban sot si kryeminist\u00ebr. Rreth 15 vite m\u00eb par\u00eb, gjat\u00eb aksioneve politike kund\u00ebr qeverisjes s\u00eb Sali Berish\u00ebs,\u2026","rel":"","context":"In &quot;Blogu i Udh\u00ebtarit&quot;","block_context":{"text":"Blogu i Udh\u00ebtarit","link":"https:\/\/www.shqiperia.com\/blog\/category\/blogu-i-udhetarit\/"},"img":{"alt_text":"","src":"https:\/\/i0.wp.com\/www.shqiperia.com\/blog\/wp-content\/uploads\/2026\/08\/edi-rama.png?fit=780%2C440&ssl=1&resize=350%2C200","width":350,"height":200,"srcset":"https:\/\/i0.wp.com\/www.shqiperia.com\/blog\/wp-content\/uploads\/2026\/08\/edi-rama.png?fit=780%2C440&ssl=1&resize=350%2C200 1x, https:\/\/i0.wp.com\/www.shqiperia.com\/blog\/wp-content\/uploads\/2026\/08\/edi-rama.png?fit=780%2C440&ssl=1&resize=525%2C300 1.5x, https:\/\/i0.wp.com\/www.shqiperia.com\/blog\/wp-content\/uploads\/2026\/08\/edi-rama.png?fit=780%2C440&ssl=1&resize=700%2C400 2x"},"classes":[]},{"id":100364,"url":"https:\/\/www.shqiperia.com\/blog\/ish-ministri-socialist-kritika-te-forta-ndaj-kryeministrit-eshte-viktime-e-perbindeshave-te-rama-nuk-e-njeh-shtetin\/","url_meta":{"origin":105589,"position":3},"title":"Ish-ministri socialist kritika t\u00eb forta ndaj kryeministrit:- \u00cbsht\u00eb viktim\u00eb e p\u00ebrbind\u00ebshave t\u00eb.. \u201cRama nuk e njeh shtetin\u201d.","author":"Kurt Farka","date":"May 17, 2026","format":false,"excerpt":"17 Maji 2026 Ish-ministri i Financave, Arben Malaj, n\u00eb qeverin\u00eb socialiste kur kryeminist\u00ebr ishte Fatos Nano, ka folur n\u00eb nj\u00eb intervist\u00eb n\u00eb Euronews Albania lidhur me jet\u00ebn e tij politike dhe partiake.Malaj \u00ebsht\u00eb ndalur edhe te mendimi i tij p\u00ebr kryeministrin Edi Rama. Sipas tij, Rama nuk ka dije shtetformuese\u2026","rel":"","context":"In &quot;Blogu i Udh\u00ebtarit&quot;","block_context":{"text":"Blogu i Udh\u00ebtarit","link":"https:\/\/www.shqiperia.com\/blog\/category\/blogu-i-udhetarit\/"},"img":{"alt_text":"","src":"https:\/\/i0.wp.com\/www.shqiperia.com\/blog\/wp-content\/uploads\/2026\/05\/1200-630-Rama-Malaj-900x600-1-900x570-1.jpg?fit=900%2C570&ssl=1&resize=350%2C200","width":350,"height":200,"srcset":"https:\/\/i0.wp.com\/www.shqiperia.com\/blog\/wp-content\/uploads\/2026\/05\/1200-630-Rama-Malaj-900x600-1-900x570-1.jpg?fit=900%2C570&ssl=1&resize=350%2C200 1x, https:\/\/i0.wp.com\/www.shqiperia.com\/blog\/wp-content\/uploads\/2026\/05\/1200-630-Rama-Malaj-900x600-1-900x570-1.jpg?fit=900%2C570&ssl=1&resize=525%2C300 1.5x, https:\/\/i0.wp.com\/www.shqiperia.com\/blog\/wp-content\/uploads\/2026\/05\/1200-630-Rama-Malaj-900x600-1-900x570-1.jpg?fit=900%2C570&ssl=1&resize=700%2C400 2x"},"classes":[]},{"id":100750,"url":"https:\/\/www.shqiperia.com\/blog\/mesazhet-e-be-fikin-shpresat-per-anetaresimin-e-shqiperise-pa-largimin-e-elites-politike-dyert-e-integrimit-do\/","url_meta":{"origin":105589,"position":4},"title":"Mesazhet e BE fikin shpresat p\u00ebr an\u00ebtar\u00ebsimin e Shqip\u00ebris\u00eb, pa largimin e elit\u00ebs politike dyert e integrimit do\u2026","author":"Kurt Farka","date":"May 30, 2026","format":false,"excerpt":"30 Maji 2026 Nga: Gazeta Sot Rruga e Shqip\u00ebris\u00eb drejt Bashkimit Europian ka hyr\u00eb n\u00eb nj\u00eb faz\u00eb p\u00ebrcaktuese, ku mesazhet q\u00eb vijn\u00eb nga Brukseli nuk jan\u00eb m\u00eb thjesht kritika, por d\u00ebshmi e faktit se dyert e integrimit do t\u00eb q\u00ebndrojn\u00eb t\u00eb mbyllura p\u00ebr aq koh\u00eb sa vendi mbetet n\u00ebn kontrollin\u2026","rel":"","context":"In &quot;Blogu i Udh\u00ebtarit&quot;","block_context":{"text":"Blogu i Udh\u00ebtarit","link":"https:\/\/www.shqiperia.com\/blog\/category\/blogu-i-udhetarit\/"},"img":{"alt_text":"","src":"https:\/\/i0.wp.com\/www.shqiperia.com\/blog\/wp-content\/uploads\/2026\/05\/IMG_9705-1011x570-1.jpeg?fit=1011%2C570&ssl=1&resize=350%2C200","width":350,"height":200,"srcset":"https:\/\/i0.wp.com\/www.shqiperia.com\/blog\/wp-content\/uploads\/2026\/05\/IMG_9705-1011x570-1.jpeg?fit=1011%2C570&ssl=1&resize=350%2C200 1x, https:\/\/i0.wp.com\/www.shqiperia.com\/blog\/wp-content\/uploads\/2026\/05\/IMG_9705-1011x570-1.jpeg?fit=1011%2C570&ssl=1&resize=525%2C300 1.5x, https:\/\/i0.wp.com\/www.shqiperia.com\/blog\/wp-content\/uploads\/2026\/05\/IMG_9705-1011x570-1.jpeg?fit=1011%2C570&ssl=1&resize=700%2C400 2x"},"classes":[]},{"id":101789,"url":"https:\/\/www.shqiperia.com\/blog\/zoti-ali-ahmeti-kunder-qytetarve-te-shqiperise\/","url_meta":{"origin":105589,"position":5},"title":"Zoti Ali Ahmeti kunder Qytetarve te Shqiperise.","author":"Kurt Farka","date":"June 25, 2026","format":false,"excerpt":"25 Qershor 2026 Ai (Zoti Ahmeti) thote\u00a0 se po i ndjek me shqet\u00ebsim zhvillimet n\u00eb Shqip\u00ebri dhe se protestat po i shkaktojn\u00eb vendit \u201cdy goditje t\u00eb forta\u201d, duke ve\u00e7uar ndikimin q\u00eb ato mund t\u00eb ken\u00eb n\u00eb turiz\u00ebm dhe n\u00eb klim\u00ebn e investimeve. Sipas Ahmetit, turizmi, si nj\u00eb nga shtyllat kryesore\u2026","rel":"","context":"In &quot;Blogu i Udh\u00ebtarit&quot;","block_context":{"text":"Blogu i Udh\u00ebtarit","link":"https:\/\/www.shqiperia.com\/blog\/category\/blogu-i-udhetarit\/"},"img":{"alt_text":"","src":"https:\/\/i0.wp.com\/www.shqiperia.com\/blog\/wp-content\/uploads\/2026\/06\/aLI-Ahmeti.jpg?fit=1200%2C800&ssl=1&resize=350%2C200","width":350,"height":200,"srcset":"https:\/\/i0.wp.com\/www.shqiperia.com\/blog\/wp-content\/uploads\/2026\/06\/aLI-Ahmeti.jpg?fit=1200%2C800&ssl=1&resize=350%2C200 1x, https:\/\/i0.wp.com\/www.shqiperia.com\/blog\/wp-content\/uploads\/2026\/06\/aLI-Ahmeti.jpg?fit=1200%2C800&ssl=1&resize=525%2C300 1.5x, https:\/\/i0.wp.com\/www.shqiperia.com\/blog\/wp-content\/uploads\/2026\/06\/aLI-Ahmeti.jpg?fit=1200%2C800&ssl=1&resize=700%2C400 2x, https:\/\/i0.wp.com\/www.shqiperia.com\/blog\/wp-content\/uploads\/2026\/06\/aLI-Ahmeti.jpg?fit=1200%2C800&ssl=1&resize=1050%2C600 3x"},"classes":[]}],"_links":{"self":[{"href":"https:\/\/www.shqiperia.com\/blog\/wp-json\/wp\/v2\/posts\/105589","targetHints":{"allow":["GET"]}}],"collection":[{"href":"https:\/\/www.shqiperia.com\/blog\/wp-json\/wp\/v2\/posts"}],"about":[{"href":"https:\/\/www.shqiperia.com\/blog\/wp-json\/wp\/v2\/types\/post"}],"author":[{"embeddable":true,"href":"https:\/\/www.shqiperia.com\/blog\/wp-json\/wp\/v2\/users\/9"}],"replies":[{"embeddable":true,"href":"https:\/\/www.shqiperia.com\/blog\/wp-json\/wp\/v2\/comments?post=105589"}],"version-history":[{"count":1,"href":"https:\/\/www.shqiperia.com\/blog\/wp-json\/wp\/v2\/posts\/105589\/revisions"}],"predecessor-version":[{"id":105591,"href":"https:\/\/www.shqiperia.com\/blog\/wp-json\/wp\/v2\/posts\/105589\/revisions\/105591"}],"wp:featuredmedia":[{"embeddable":true,"href":"https:\/\/www.shqiperia.com\/blog\/wp-json\/wp\/v2\/media\/105590"}],"wp:attachment":[{"href":"https:\/\/www.shqiperia.com\/blog\/wp-json\/wp\/v2\/media?parent=105589"}],"wp:term":[{"taxonomy":"category","embeddable":true,"href":"https:\/\/www.shqiperia.com\/blog\/wp-json\/wp\/v2\/categories?post=105589"},{"taxonomy":"post_tag","embeddable":true,"href":"https:\/\/www.shqiperia.com\/blog\/wp-json\/wp\/v2\/tags?post=105589"}],"curies":[{"name":"wp","href":"https:\/\/api.w.org\/{rel}","templated":true}]}}