{"id":105581,"date":"2026-08-31T16:24:36","date_gmt":"2026-08-31T16:24:36","guid":{"rendered":"https:\/\/www.shqiperia.com\/blog\/?p=105581"},"modified":"2026-08-31T16:24:36","modified_gmt":"2026-08-31T16:24:36","slug":"organizata-europiane-hap-gjyq-ne-shqiperi-per-te-mbledhur-borxhet","status":"publish","type":"post","link":"https:\/\/www.shqiperia.com\/blog\/organizata-europiane-hap-gjyq-ne-shqiperi-per-te-mbledhur-borxhet\/","title":{"rendered":"Organizata Europiane hap gjyq n\u00eb Shqip\u00ebri p\u00ebr t\u00eb mbledhur borxhet"},"content":{"rendered":"<p><img data-recalc-dims=\"1\" loading=\"lazy\" decoding=\"async\" data-attachment-id=\"105584\" data-permalink=\"https:\/\/www.shqiperia.com\/blog\/organizata-europiane-hap-gjyq-ne-shqiperi-per-te-mbledhur-borxhet\/auto_-900-0-1788162559xsinua-8821788173393\/\" data-orig-file=\"https:\/\/i0.wp.com\/www.shqiperia.com\/blog\/wp-content\/uploads\/2026\/08\/auto_-900-0-1788162559xsinua-8821788173393.jpg?fit=787%2C508&amp;ssl=1\" data-orig-size=\"787,508\" data-comments-opened=\"1\" data-image-meta=\"{&quot;aperture&quot;:&quot;0&quot;,&quot;credit&quot;:&quot;&quot;,&quot;camera&quot;:&quot;&quot;,&quot;caption&quot;:&quot;&quot;,&quot;created_timestamp&quot;:&quot;1788192978&quot;,&quot;copyright&quot;:&quot;&quot;,&quot;focal_length&quot;:&quot;0&quot;,&quot;iso&quot;:&quot;0&quot;,&quot;shutter_speed&quot;:&quot;0&quot;,&quot;title&quot;:&quot;&quot;,&quot;orientation&quot;:&quot;0&quot;}\" data-image-title=\"auto_-900-0-1788162559xsinua-8821788173393\" data-image-description=\"\" data-image-caption=\"\" data-medium-file=\"https:\/\/i0.wp.com\/www.shqiperia.com\/blog\/wp-content\/uploads\/2026\/08\/auto_-900-0-1788162559xsinua-8821788173393.jpg?fit=300%2C194&amp;ssl=1\" data-large-file=\"https:\/\/i0.wp.com\/www.shqiperia.com\/blog\/wp-content\/uploads\/2026\/08\/auto_-900-0-1788162559xsinua-8821788173393.jpg?fit=787%2C508&amp;ssl=1\" class=\"alignnone  wp-image-105584\" alt=\"\" src=\"https:\/\/i0.wp.com\/www.shqiperia.com\/blog\/wp-content\/uploads\/2026\/08\/auto_-900-0-1788162559xsinua-8821788173393.jpg?resize=665%2C430&#038;ssl=1\" width=\"665\" height=\"430\" srcset=\"https:\/\/i0.wp.com\/www.shqiperia.com\/blog\/wp-content\/uploads\/2026\/08\/auto_-900-0-1788162559xsinua-8821788173393.jpg?resize=300%2C194&amp;ssl=1 300w, https:\/\/i0.wp.com\/www.shqiperia.com\/blog\/wp-content\/uploads\/2026\/08\/auto_-900-0-1788162559xsinua-8821788173393.jpg?resize=768%2C496&amp;ssl=1 768w, https:\/\/i0.wp.com\/www.shqiperia.com\/blog\/wp-content\/uploads\/2026\/08\/auto_-900-0-1788162559xsinua-8821788173393.jpg?resize=450%2C290&amp;ssl=1 450w, https:\/\/i0.wp.com\/www.shqiperia.com\/blog\/wp-content\/uploads\/2026\/08\/auto_-900-0-1788162559xsinua-8821788173393.jpg?resize=600%2C387&amp;ssl=1 600w, https:\/\/i0.wp.com\/www.shqiperia.com\/blog\/wp-content\/uploads\/2026\/08\/auto_-900-0-1788162559xsinua-8821788173393.jpg?resize=400%2C258&amp;ssl=1 400w, https:\/\/i0.wp.com\/www.shqiperia.com\/blog\/wp-content\/uploads\/2026\/08\/auto_-900-0-1788162559xsinua-8821788173393.jpg?w=787&amp;ssl=1 787w\" sizes=\"auto, (max-width: 665px) 100vw, 665px\" \/><\/p>\n<p>31 Gusht 2026<\/p>\n<p>Mes viktimave t\u00eb shumta financiare t\u00eb kompanis\u00eb flamur t\u00eb Shqip\u00ebris\u00eb, Air Albania, me sa duket \u00ebsht\u00eb edhe Eurocontrol. Organizata Europiane p\u00ebr Sigurin\u00eb e Navigimit Ajror ka hapur nj\u00eb gjyq n\u00eb Shqip\u00ebri p\u00ebr t\u00eb mbledhur borxhet e papaguara q\u00eb Air Albania ka ndaj saj.<\/p>\n<p>Nuk dihet se sa \u00ebsht\u00eb shuma e borxheve q\u00eb Air Albania ka ndaj Eurocontrol. Por padia me objekt &#8220;p\u00ebrmbushje detyrimi&#8221; do t\u00eb gjykohet nga gjyqtari Flamur Kapllani dhe \u00ebsht\u00eb shpallur zyrtarisht nga Gjykata e Shkall\u00ebs s\u00eb Par\u00eb n\u00eb Tiran\u00eb. Seanca e par\u00eb e saj \u00ebsht\u00eb caktuar n\u00eb dat\u00ebn 20 tetor.<\/p>\n<div id=\"rekl-61\"><\/div>\n<p><img data-recalc-dims=\"1\" decoding=\"async\" alt=\"Image\" src=\"https:\/\/i0.wp.com\/www.syri.net\/uploads\/syri.net\/images\/2026\/August\/31\/auto_-900-0-1788162555xair-alb-4791788173393.png?ssl=1\" \/><\/p>\n<div id=\"rekl-13\"><\/div>\n<div id=\"rekl-4\"><\/div>\n<div id=\"rekl-62\"><\/div>\n<div id=\"rekl-56\"><\/div>\n<p>E lan\u00e7uar me shum\u00eb buj\u00eb nga kryeministri, u themelua n\u00eb maj t\u00eb vitit 2018 me tre aksioner\u00eb. Turkish Airlines me 49 p\u00ebr qind, MDN Investment e Sinan Idrizit me 41 p\u00ebr qind dhe qeveria shqiptare me 10 p\u00ebr qind.<\/p>\n<p>Por shum\u00eb shpejt, e ashtuquajtura krenaria e qiellit shqiptar, u shnd\u00ebrrua n\u00eb nj\u00eb grop\u00eb financiare, q\u00eb akumuloi nj\u00eb mal borxhesh dhe humbjesh. Tashm\u00eb debitor\u00ebt e saj jan\u00eb duke u p\u00ebrpjekur p\u00ebrmes pro\u00e7eseve gjyq\u00ebsore t\u00eb rekuperojn\u00eb \u00e7far\u00eb t\u00eb mundin nga detyrimet q\u00eb Air Albania ka ndaj tyre.<\/p>\n<p>Por tashm\u00eb tek Air Albania ka mbetur vet\u00ebm Sinan Idrizi, gjurm\u00ebt e charterit personal t\u00eb Edi Rama, Ismailit dhe nj\u00eb mal me abuzime financiare, t\u00eb cilat nuk po i heton askush.\/<strong>Kapitali<\/strong><\/p>\n","protected":false},"excerpt":{"rendered":"<p>31 Gusht 2026 Mes viktimave t\u00eb shumta financiare t\u00eb kompanis\u00eb flamur t\u00eb Shqip\u00ebris\u00eb, Air Albania, me sa duket \u00ebsht\u00eb edhe Eurocontrol. Organizata Europiane p\u00ebr Sigurin\u00eb e Navigimit Ajror ka hapur nj\u00eb gjyq n\u00eb Shqip\u00ebri p\u00ebr t\u00eb mbledhur borxhet e papaguara q\u00eb Air Albania ka ndaj saj. Nuk dihet se sa \u00ebsht\u00eb shuma e borxheve q\u00eb [&hellip;]<\/p>\n","protected":false},"author":9,"featured_media":105584,"comment_status":"open","ping_status":"open","sticky":false,"template":"","format":"standard","meta":{"jetpack_post_was_ever_published":false,"_jetpack_newsletter_access":"","_jetpack_dont_email_post_to_subs":false,"_jetpack_newsletter_tier_id":0,"_jetpack_memberships_contains_paywalled_content":false,"_jetpack_memberships_contains_paid_content":false,"footnotes":"","jetpack_publicize_message":"","jetpack_publicize_feature_enabled":true,"jetpack_social_post_already_shared":true,"jetpack_social_options":{"image_generator_settings":{"template":"highway","default_image_id":0,"font":"","enabled":false},"version":2}},"categories":[27,1,2,35],"tags":[],"class_list":["post-105581","post","type-post","status-publish","format-standard","has-post-thumbnail","hentry","category-blogu-i-udhetarit","category-njoftime-shtypi","category-politika","category-shoqerore"],"jetpack_publicize_connections":[],"jetpack_featured_media_url":"https:\/\/i0.wp.com\/www.shqiperia.com\/blog\/wp-content\/uploads\/2026\/08\/auto_-900-0-1788162559xsinua-8821788173393.jpg?fit=787%2C508&ssl=1","jetpack_sharing_enabled":true,"jetpack_shortlink":"https:\/\/wp.me\/p5Z6wp-rsV","jetpack-related-posts":[{"id":101492,"url":"https:\/\/www.shqiperia.com\/blog\/diaspora-vijon-te-bashkohet-ne-proteste-sot-thirrje-per-tu-mbledhur-ne-shesh-ne-torino-pisa-e-parma\/","url_meta":{"origin":105581,"position":0},"title":"Diaspora vijon t\u00eb bashkohet n\u00eb protest\u00eb, sot thirrje p\u00ebr tu mbledhur n\u00eb shesh n\u00eb Torino, Pisa e Parma","author":"Kurt Farka","date":"June 14, 2026","format":false,"excerpt":"Nga Alba Kepi Novara, Fermo, Torino, Pistoia, Pisa, Padova, Parma, Milano, Nettuno, Roma. Jan\u00eb me dhjet\u00ebra sheshe italiane ku emigrant\u00ebt shqiptar\u00eb po shprehin solidaritetin dhe zem\u00ebrimin e tyre ndaj qeveris\u00eb s\u00eb Tiran\u00ebs, duke iu bashkuar protestave q\u00eb prej dit\u00ebsh kan\u00eb p\u00ebrfshir\u00eb Shqip\u00ebrin\u00eb. Nj\u00eb jav\u00eb m\u00eb par\u00eb nisi vala e reagimeve\u2026","rel":"","context":"In &quot;Kultura&quot;","block_context":{"text":"Kultura","link":"https:\/\/www.shqiperia.com\/blog\/category\/kultura\/"},"img":{"alt_text":"","src":"https:\/\/i0.wp.com\/www.shqiperia.com\/blog\/wp-content\/uploads\/2026\/06\/auto_93091a9e-06c5-4a5d-a348-76d2c53d80261781418265.jpg?fit=900%2C600&ssl=1&resize=350%2C200","width":350,"height":200,"srcset":"https:\/\/i0.wp.com\/www.shqiperia.com\/blog\/wp-content\/uploads\/2026\/06\/auto_93091a9e-06c5-4a5d-a348-76d2c53d80261781418265.jpg?fit=900%2C600&ssl=1&resize=350%2C200 1x, https:\/\/i0.wp.com\/www.shqiperia.com\/blog\/wp-content\/uploads\/2026\/06\/auto_93091a9e-06c5-4a5d-a348-76d2c53d80261781418265.jpg?fit=900%2C600&ssl=1&resize=525%2C300 1.5x, https:\/\/i0.wp.com\/www.shqiperia.com\/blog\/wp-content\/uploads\/2026\/06\/auto_93091a9e-06c5-4a5d-a348-76d2c53d80261781418265.jpg?fit=900%2C600&ssl=1&resize=700%2C400 2x"},"classes":[]},{"id":103764,"url":"https:\/\/www.shqiperia.com\/blog\/skandali-i-kazinose-te-stadiumi-kush-fshihet-pas-99-te-aksioneve-ja-e-verteta-e-venezuelianit-cudiberes-te\/","url_meta":{"origin":105581,"position":1},"title":"Skandali i kazinos\u00eb te stadiumi, kush fshihet pas 99% t\u00eb aksioneve, ja e v\u00ebrteta e \u201cVenezuelianit \u00e7udib\u00ebr\u00ebs\u201d te\u2026","author":"Kurt Farka","date":"August 4, 2026","format":false,"excerpt":"4 Gusht 2026 N\u00ebnkryetari i Partis\u00eb Demokratike, Belind K\u00eblli\u00e7i, ka rikthyer n\u00eb v\u00ebmendje \u00e7\u00ebshtjen e aksioneve t\u00eb kazinos\u00eb n\u00eb Air Albania, duke ngritur akuza dhe pik\u00ebpyetje t\u00eb reja lidhur me Olsi Ram\u00ebn, v\u00ebllain e kryeministrit Edi Rama. P\u00ebrmes nj\u00eb reagimi t\u00eb publikuar n\u00eb rrjetet sociale, K\u00eblli\u00e7i pretendon se Olsi Rama\u2026","rel":"","context":"In &quot;Blogu i Udh\u00ebtarit&quot;","block_context":{"text":"Blogu i Udh\u00ebtarit","link":"https:\/\/www.shqiperia.com\/blog\/category\/blogu-i-udhetarit\/"},"img":{"alt_text":"","src":"https:\/\/i0.wp.com\/www.shqiperia.com\/blog\/wp-content\/uploads\/2026\/08\/Capture-6-944x570-1.jpg?fit=944%2C570&ssl=1&resize=350%2C200","width":350,"height":200,"srcset":"https:\/\/i0.wp.com\/www.shqiperia.com\/blog\/wp-content\/uploads\/2026\/08\/Capture-6-944x570-1.jpg?fit=944%2C570&ssl=1&resize=350%2C200 1x, https:\/\/i0.wp.com\/www.shqiperia.com\/blog\/wp-content\/uploads\/2026\/08\/Capture-6-944x570-1.jpg?fit=944%2C570&ssl=1&resize=525%2C300 1.5x, https:\/\/i0.wp.com\/www.shqiperia.com\/blog\/wp-content\/uploads\/2026\/08\/Capture-6-944x570-1.jpg?fit=944%2C570&ssl=1&resize=700%2C400 2x"},"classes":[]},{"id":101125,"url":"https:\/\/www.shqiperia.com\/blog\/3-qershor-rama-publikon-projektin-5-qershor-thote-nuk-ka-projekt-cilin-edi-rama-te-besojme\/","url_meta":{"origin":105581,"position":2},"title":"3 Qershor- Rama Publikon projektin. 5 Qershor, thote nuk ka Projekt. &#8211; Cilin Edi Rama te besojme?","author":"Kurt Farka","date":"June 5, 2026","format":false,"excerpt":"5 Qershor 2026 \u2018Zv\u00ebrneci\u2019- Rama publikon pamjet e 2 projekteve t\u00eb realizuara nga 2 v\u00ebllez\u00ebrit nga Katari: K\u00ebshtu e kuptojn\u00eb zhvillimin n\u00eb harmoni me natyr\u00ebn ata q\u00eb trondit\u00ebn armiqt\u00eb e Shqip\u00ebris\u00eb europiane. (3 Qershor 2026). Kryeministri Edi Rama ka publikuar n\u00eb rrjetet sociale 2 projekte t\u00eb realizuara n\u00eb shtete t\u00eb\u2026","rel":"","context":"In &quot;Arte&quot;","block_context":{"text":"Arte","link":"https:\/\/www.shqiperia.com\/blog\/category\/arte\/"},"img":{"alt_text":"","src":"https:\/\/i0.wp.com\/www.shqiperia.com\/blog\/wp-content\/uploads\/2026\/06\/1780653587_edirama_sd.webp?fit=1200%2C675&ssl=1&resize=350%2C200","width":350,"height":200,"srcset":"https:\/\/i0.wp.com\/www.shqiperia.com\/blog\/wp-content\/uploads\/2026\/06\/1780653587_edirama_sd.webp?fit=1200%2C675&ssl=1&resize=350%2C200 1x, https:\/\/i0.wp.com\/www.shqiperia.com\/blog\/wp-content\/uploads\/2026\/06\/1780653587_edirama_sd.webp?fit=1200%2C675&ssl=1&resize=525%2C300 1.5x, https:\/\/i0.wp.com\/www.shqiperia.com\/blog\/wp-content\/uploads\/2026\/06\/1780653587_edirama_sd.webp?fit=1200%2C675&ssl=1&resize=700%2C400 2x, https:\/\/i0.wp.com\/www.shqiperia.com\/blog\/wp-content\/uploads\/2026\/06\/1780653587_edirama_sd.webp?fit=1200%2C675&ssl=1&resize=1050%2C600 3x"},"classes":[]},{"id":101958,"url":"https:\/\/www.shqiperia.com\/blog\/fluturimet-sekrete-ne-izrael-kush-e-pagoi-avionin-privat-media-izraelite-marredhenia-e-rames-me-biznesmenin-ron-yeffet-ne-qender-te-akuzave-per-projektin-kayo\/","url_meta":{"origin":105581,"position":3},"title":"Fluturimet sekrete n\u00eb Izrael, kush e pagoi avionin privat? Media izraelite: &#8211; Marr\u00ebdh\u00ebnia e Ram\u00ebs me biznesmenin Ron Yeffet n\u00eb qend\u00ebr t\u00eb akuzave p\u00ebr projektin \u201cKayo\u201d!","author":"Kurt Farka","date":"June 28, 2026","format":false,"excerpt":"29 Qershor 2026 Yeffet nuk \u00ebsht\u00eb i vetmi i njohur i Ram\u00ebs n\u00eb komunitetin e biznesit n\u00eb Izrael. Biznesmeni Sani Sanilevich, i cili sh\u00ebrben si Konsull Nderi i Shqip\u00ebris\u00eb n\u00eb Izrael, \u00ebsht\u00eb gjithashtu i af\u00ebrt me t\u00eb dhe \u00ebsht\u00eb aktiv n\u00eb Shqip\u00ebri, ku po punon p\u00ebr ngritjen e nj\u00eb spitali.\u2026","rel":"","context":"In &quot;Blogu i Udh\u00ebtarit&quot;","block_context":{"text":"Blogu i Udh\u00ebtarit","link":"https:\/\/www.shqiperia.com\/blog\/category\/blogu-i-udhetarit\/"},"img":{"alt_text":"","src":"https:\/\/i0.wp.com\/www.shqiperia.com\/blog\/wp-content\/uploads\/2026\/06\/Ron-Yeffet-edi-rama-1-1.jpg?fit=1200%2C695&ssl=1&resize=350%2C200","width":350,"height":200,"srcset":"https:\/\/i0.wp.com\/www.shqiperia.com\/blog\/wp-content\/uploads\/2026\/06\/Ron-Yeffet-edi-rama-1-1.jpg?fit=1200%2C695&ssl=1&resize=350%2C200 1x, https:\/\/i0.wp.com\/www.shqiperia.com\/blog\/wp-content\/uploads\/2026\/06\/Ron-Yeffet-edi-rama-1-1.jpg?fit=1200%2C695&ssl=1&resize=525%2C300 1.5x, https:\/\/i0.wp.com\/www.shqiperia.com\/blog\/wp-content\/uploads\/2026\/06\/Ron-Yeffet-edi-rama-1-1.jpg?fit=1200%2C695&ssl=1&resize=700%2C400 2x, https:\/\/i0.wp.com\/www.shqiperia.com\/blog\/wp-content\/uploads\/2026\/06\/Ron-Yeffet-edi-rama-1-1.jpg?fit=1200%2C695&ssl=1&resize=1050%2C600 3x"},"classes":[]},{"id":101679,"url":"https:\/\/www.shqiperia.com\/blog\/edi-rama-kerkon-te-terheqe-shba-ne-luften-ndaj-protestuesve-duke-e-konsideruar-levizjen-anti-trumpiste-ja\/","url_meta":{"origin":105581,"position":4},"title":"Edi Rama k\u00ebrkon t\u00eb t\u00ebrheq\u00eb SHBA n\u00eb \u201cluft\u00ebn\u201d ndaj protestuesve duke e konsideruar l\u00ebvizjen anti-Trumpiste, ja\u2026","author":"Kurt Farka","date":"June 21, 2026","format":false,"excerpt":"Kryeministri Edi Rama po tenton me \u00e7do kusht t\u00eb manipuloj\u00eb opinionin publik nd\u00ebrkomb\u00ebtar, duke i m\u00ebshuar fort faktit se protestat masive q\u00eb kan\u00eb mb\u00ebrthyer Shqip\u00ebrin\u00eb prej m\u00eb shum\u00eb se dy jav\u00ebsh jan\u00eb n\u00eb t\u00eb v\u00ebrtet\u00eb nj\u00eb l\u00ebvizje e organizuar kund\u00ebr Presidentit t\u00eb SHBA-ve, Donald Trump, dhe investimeve t\u00eb dh\u00ebndrit t\u00eb\u2026","rel":"","context":"In &quot;Blogu i Udh\u00ebtarit&quot;","block_context":{"text":"Blogu i Udh\u00ebtarit","link":"https:\/\/www.shqiperia.com\/blog\/category\/blogu-i-udhetarit\/"},"img":{"alt_text":"","src":"https:\/\/i0.wp.com\/www.shqiperia.com\/blog\/wp-content\/uploads\/2026\/06\/foto-6-6-750x375-1.jpg?fit=750%2C375&ssl=1&resize=350%2C200","width":350,"height":200,"srcset":"https:\/\/i0.wp.com\/www.shqiperia.com\/blog\/wp-content\/uploads\/2026\/06\/foto-6-6-750x375-1.jpg?fit=750%2C375&ssl=1&resize=350%2C200 1x, https:\/\/i0.wp.com\/www.shqiperia.com\/blog\/wp-content\/uploads\/2026\/06\/foto-6-6-750x375-1.jpg?fit=750%2C375&ssl=1&resize=525%2C300 1.5x, https:\/\/i0.wp.com\/www.shqiperia.com\/blog\/wp-content\/uploads\/2026\/06\/foto-6-6-750x375-1.jpg?fit=750%2C375&ssl=1&resize=700%2C400 2x"},"classes":[]},{"id":104000,"url":"https:\/\/www.shqiperia.com\/blog\/rama-si-putini-lubonja-per-gazeten-franceze-krimi-i-organizuar-eshte-integruar-ne-qeveri-be-mbyll-syte\/","url_meta":{"origin":105581,"position":5},"title":"&#8216;Rama si Putini&#8217;\/ Lubonja p\u00ebr gazet\u00ebn franceze: &#8211; Krimi i organizuar \u00ebsht\u00eb integruar n\u00eb qeveri, BE mbyll syt\u00eb","author":"Kurt Farka","date":"August 8, 2026","format":false,"excerpt":"8 Gusht 2026 \u201cRevolucioni i flamingove\u201d vazhdon n\u00eb Shqip\u00ebri p\u00ebr t\u00eb protestuar kund\u00ebr nj\u00eb projekti imobiliar t\u00eb mb\u00ebshtetur nga Jared Kushner, dh\u00ebndri i Donald Trumpit. Nj\u00eb tjet\u00ebr protest\u00eb \u00ebsht\u00eb parashikuar n\u00eb Tiran\u00eb k\u00ebt\u00eb t\u00eb shtun\u00eb, m\u00eb 8 gusht. Sipas historianit shqiptar Fatos Lubonj\u00ebs, popullsia po shpreh kund\u00ebrshtimin ndaj regjimit kleptokratik\u2026","rel":"","context":"In &quot;Blogu i Udh\u00ebtarit&quot;","block_context":{"text":"Blogu i Udh\u00ebtarit","link":"https:\/\/www.shqiperia.com\/blog\/category\/blogu-i-udhetarit\/"},"img":{"alt_text":"","src":"https:\/\/i0.wp.com\/www.shqiperia.com\/blog\/wp-content\/uploads\/2026\/08\/auto_rama-51786175542.webp?fit=1000%2C600&ssl=1&resize=350%2C200","width":350,"height":200,"srcset":"https:\/\/i0.wp.com\/www.shqiperia.com\/blog\/wp-content\/uploads\/2026\/08\/auto_rama-51786175542.webp?fit=1000%2C600&ssl=1&resize=350%2C200 1x, https:\/\/i0.wp.com\/www.shqiperia.com\/blog\/wp-content\/uploads\/2026\/08\/auto_rama-51786175542.webp?fit=1000%2C600&ssl=1&resize=525%2C300 1.5x, https:\/\/i0.wp.com\/www.shqiperia.com\/blog\/wp-content\/uploads\/2026\/08\/auto_rama-51786175542.webp?fit=1000%2C600&ssl=1&resize=700%2C400 2x"},"classes":[]}],"_links":{"self":[{"href":"https:\/\/www.shqiperia.com\/blog\/wp-json\/wp\/v2\/posts\/105581","targetHints":{"allow":["GET"]}}],"collection":[{"href":"https:\/\/www.shqiperia.com\/blog\/wp-json\/wp\/v2\/posts"}],"about":[{"href":"https:\/\/www.shqiperia.com\/blog\/wp-json\/wp\/v2\/types\/post"}],"author":[{"embeddable":true,"href":"https:\/\/www.shqiperia.com\/blog\/wp-json\/wp\/v2\/users\/9"}],"replies":[{"embeddable":true,"href":"https:\/\/www.shqiperia.com\/blog\/wp-json\/wp\/v2\/comments?post=105581"}],"version-history":[{"count":1,"href":"https:\/\/www.shqiperia.com\/blog\/wp-json\/wp\/v2\/posts\/105581\/revisions"}],"predecessor-version":[{"id":105585,"href":"https:\/\/www.shqiperia.com\/blog\/wp-json\/wp\/v2\/posts\/105581\/revisions\/105585"}],"wp:featuredmedia":[{"embeddable":true,"href":"https:\/\/www.shqiperia.com\/blog\/wp-json\/wp\/v2\/media\/105584"}],"wp:attachment":[{"href":"https:\/\/www.shqiperia.com\/blog\/wp-json\/wp\/v2\/media?parent=105581"}],"wp:term":[{"taxonomy":"category","embeddable":true,"href":"https:\/\/www.shqiperia.com\/blog\/wp-json\/wp\/v2\/categories?post=105581"},{"taxonomy":"post_tag","embeddable":true,"href":"https:\/\/www.shqiperia.com\/blog\/wp-json\/wp\/v2\/tags?post=105581"}],"curies":[{"name":"wp","href":"https:\/\/api.w.org\/{rel}","templated":true}]}}