{"id":105575,"date":"2026-08-31T15:16:08","date_gmt":"2026-08-31T15:16:08","guid":{"rendered":"https:\/\/www.shqiperia.com\/blog\/?p=105575"},"modified":"2026-08-31T15:16:38","modified_gmt":"2026-08-31T15:16:38","slug":"per-ke-bie-kembana","status":"publish","type":"post","link":"https:\/\/www.shqiperia.com\/blog\/per-ke-bie-kembana\/","title":{"rendered":"P\u00cbR K\u00cb BIE K\u00cbMBANA?"},"content":{"rendered":"<div class=\"html-div xdj266r x14z9mp xat24cr x1lziwak xexx8yu xyri2b x18d9i69 x1c1uobl\">\n<div class=\"html-div xdj266r x14z9mp xat24cr x1lziwak xexx8yu xyri2b x18d9i69 x1c1uobl\" id=\"_r_ne_\" data-ad-rendering-role=\"story_message\">\n<div class=\"x1l90r2v x1iorvi4 x1g0dm76 xpdmqnj\" data-ad-comet-preview=\"message\" data-ad-preview=\"message\">\n<div class=\"x78zum5 xdt5ytf xz62fqu x16ldp7u\">\n<div class=\"xu06os2 x1ok221b\">\n<div class=\"html-div xdj266r x14z9mp xat24cr x1lziwak xexx8yu xyri2b x18d9i69 x1c1uobl\">\n<div class=\"xdj266r x14z9mp xat24cr x1lziwak x1vvkbs x126k92a\">\n<div><img data-recalc-dims=\"1\" loading=\"lazy\" decoding=\"async\" data-attachment-id=\"105576\" data-permalink=\"https:\/\/www.shqiperia.com\/blog\/per-ke-bie-kembana\/640-0-3-1787329377\/\" data-orig-file=\"https:\/\/i0.wp.com\/www.shqiperia.com\/blog\/wp-content\/uploads\/2026\/08\/640-0-3-1787329377.png?fit=640%2C362&amp;ssl=1\" data-orig-size=\"640,362\" data-comments-opened=\"1\" data-image-meta=\"{&quot;aperture&quot;:&quot;0&quot;,&quot;credit&quot;:&quot;&quot;,&quot;camera&quot;:&quot;&quot;,&quot;caption&quot;:&quot;&quot;,&quot;created_timestamp&quot;:&quot;0&quot;,&quot;copyright&quot;:&quot;&quot;,&quot;focal_length&quot;:&quot;0&quot;,&quot;iso&quot;:&quot;0&quot;,&quot;shutter_speed&quot;:&quot;0&quot;,&quot;title&quot;:&quot;&quot;,&quot;orientation&quot;:&quot;0&quot;}\" data-image-title=\"-640-0-3-1787329377\" data-image-description=\"\" data-image-caption=\"\" data-medium-file=\"https:\/\/i0.wp.com\/www.shqiperia.com\/blog\/wp-content\/uploads\/2026\/08\/640-0-3-1787329377.png?fit=300%2C170&amp;ssl=1\" data-large-file=\"https:\/\/i0.wp.com\/www.shqiperia.com\/blog\/wp-content\/uploads\/2026\/08\/640-0-3-1787329377.png?fit=640%2C362&amp;ssl=1\" class=\"alignnone wp-image-105576\" alt=\"\" src=\"https:\/\/i0.wp.com\/www.shqiperia.com\/blog\/wp-content\/uploads\/2026\/08\/640-0-3-1787329377.png?resize=586%2C332&#038;ssl=1\" width=\"586\" height=\"332\" srcset=\"https:\/\/i0.wp.com\/www.shqiperia.com\/blog\/wp-content\/uploads\/2026\/08\/640-0-3-1787329377.png?resize=300%2C170&amp;ssl=1 300w, https:\/\/i0.wp.com\/www.shqiperia.com\/blog\/wp-content\/uploads\/2026\/08\/640-0-3-1787329377.png?resize=450%2C255&amp;ssl=1 450w, https:\/\/i0.wp.com\/www.shqiperia.com\/blog\/wp-content\/uploads\/2026\/08\/640-0-3-1787329377.png?resize=600%2C339&amp;ssl=1 600w, https:\/\/i0.wp.com\/www.shqiperia.com\/blog\/wp-content\/uploads\/2026\/08\/640-0-3-1787329377.png?resize=400%2C226&amp;ssl=1 400w, https:\/\/i0.wp.com\/www.shqiperia.com\/blog\/wp-content\/uploads\/2026\/08\/640-0-3-1787329377.png?w=640&amp;ssl=1 640w\" sizes=\"auto, (max-width: 586px) 100vw, 586px\" \/><\/div>\n<div>31 Gusht 2026<\/div>\n<div>Nga Fatmira Nikoll<\/div>\n<div>P\u00cbR K\u00cb BIE K\u00cbMBANA?<\/div>\n<div>Te romani i Hemingway-t, sugjerohet se asnj\u00eb njeri nuk \u00ebsht\u00eb nj\u00eb ishull, i t\u00ebri m\u00eb vete; p\u00ebrkundrazi, \u00e7do njeri \u00ebsht\u00eb pjes\u00eb e kontinentit, pjes\u00eb e s\u00eb t\u00ebr\u00ebs. Vdekja e \u00e7dokujt, m\u00eb zvog\u00eblon, sepse jam i p\u00ebrfshir\u00eb n\u00eb t\u00eb t\u00ebr\u00ebn e njer\u00ebzimit, e p\u00ebr rrjedhoj\u00eb kurr\u00eb mos k\u00ebrko t\u00eb dish p\u00ebr k\u00eb bie k\u00ebmbana, ajo bie p\u00ebr ty.<\/div>\n<\/div>\n<\/div>\n<\/div>\n<\/div>\n<\/div>\n<\/div>\n<\/div>\n<p><span class=\"html-span xdj266r x14z9mp xat24cr x1lziwak xexx8yu xyri2b x18d9i69 x1c1uobl x1hl2dhg x16tdsg8 x1vvkbs xzpqnlu x1hyvwdk xjm9jq1 x6ikm8r x10wlt62 x10l6tqk xuxw1ft x1i1rx1s\" id=\"_r_nn_\">Postim i ndar\u00eb nga News2<\/span><\/p>\n<div class=\"html-div xdj266r xat24cr xexx8yu xyri2b x18d9i69 x1c1uobl x1jx94hy x8cjs6t x3sou0m x80vd3b x12u81az x13fuv20 x18b5jzi x1q0q8m5 x1t7ytsu x178xt8z x1lun4ml xso031l xpilrb4 x6ikm8r x10wlt62 x1diwwjn xbmvrgn xbjudin xnlwouz xpp8er5 xs9wviy\">\n<div class=\"html-div xdj266r x14z9mp xat24cr x1lziwak xsag5q8 xz9dl7a xv54qhq xf7dkkf x1jx94hy\">\n<div class=\"html-div xdj266r x14z9mp xat24cr x1lziwak xexx8yu xyri2b x18d9i69 x1c1uobl x78zum5 x1q0g3np x1ba4aug\">\n<div class=\"html-div xdj266r x14z9mp xat24cr x1lziwak xexx8yu xyri2b x18d9i69 x1c1uobl x1iyjqo2 xeuugli\">\n<div class=\"x78zum5 xdt5ytf xz62fqu x16ldp7u\">\n<div class=\"xu06os2 x1ok221b\">\n<div class=\"xt0psk2\"><a class=\"x1i10hfl xjbqb8w x1ejq31n x18oe1m7 x1sy0etr xstzfhl x972fbf x10w94by x1qhh985 x14e42zd x9f619 x1ypdohk xt0psk2 x3ct3a4 xdj266r x14z9mp xat24cr x1lziwak xexx8yu xyri2b x18d9i69 x1c1uobl x16tdsg8 x1hl2dhg xggy1nq x1a2a7pz xkrqix3 x1sur9pj xzsf02u x1s688f\" href=\"https:\/\/www.facebook.com\/news24alb?__cft__[0]=AZY5eFrMWkmMzZzeW0x5yb7LD7h1UcLxGdRKiTP3J-pS0eyM5nOWgITzYrDpNfCKCm_P2Bo2WPoUHKD__3jAUqfY-t9M3QP5hxd7aC1y9ajFvVSrvpsmOzRUwkfmNc45_nsR9YZyAnK9x4kQ4tgoTpFLp20ei58azZy-lvG7Ad89Z-qfwa5W474VfAqr4gbi-b11q1ZGTFzZS2c67uSiNhQt&amp;__tn__=-UC%2CP-y-R\"><b class=\"html-b xdj266r x14z9mp xat24cr x1lziwak xexx8yu xyri2b x18d9i69 x1c1uobl x1hl2dhg x16tdsg8 x1vvkbs x1s688f\"><span class=\"html-span xdj266r x14z9mp xat24cr x1lziwak xexx8yu xyri2b x18d9i69 x1c1uobl x1hl2dhg x16tdsg8 x1vvkbs\">News24<\/span><\/b><\/a><\/div>\n<h5 class=\"html-h5 x14z9mp xat24cr x1lziwak xexx8yu xyri2b x18d9i69 x1c1uobl x1vvkbs x1heor9g x1qlqyl8 x1pd3egz x1a2a7pz x1gslohp x1yc453h\" id=\"_r_nj_\"><span style=\"color: #333333;font-family: 'Open Sans', 'Helvetica Neue', Helvetica, Arial, sans-serif;font-size: 19px\">Flak\u00ebt kan\u00eb p\u00ebrpir\u00eb masive t\u00eb t\u00ebra me pyje n\u00eb zon\u00ebn e Puk\u00ebs gjat\u00eb jav\u00ebve t\u00eb fundit. Nd\u00ebrkoh\u00eb q\u00eb zjarrfik\u00ebsit dhe banor\u00ebt luftonin me flak\u00ebt, Bashkia shpall konsultime publike p\u00ebr nd\u00ebrtimin e parqeve Eolike pik\u00ebrisht n\u00eb malet ku pati d\u00ebme m\u00eb t\u00eb m\u00ebdha nga zjarri. Banor\u00ebt i konsiderojn\u00eb zjarret t\u00eb q\u00ebllimshme p\u00ebr t\u00eb ngritur parqet e prodhimit t\u00eb energjis\u00eb nga era.<\/span><\/h5>\n<\/div>\n<\/div>\n<\/div>\n<\/div>\n<\/div>\n<div class=\"html-div xdj266r x14z9mp xat24cr x1lziwak xexx8yu xyri2b x18d9i69 x1c1uobl\">\n<div class=\"html-div xdj266r x14z9mp xat24cr x1lziwak xexx8yu xyri2b x18d9i69 x1c1uobl\">\n<div class=\"html-div xdj266r x14z9mp xat24cr x1lziwak xexx8yu xyri2b x18d9i69 x1c1uobl\" id=\"_r_nl_\" data-ad-rendering-role=\"story_message\">\n<div class=\"x1l90r2v x1iorvi4 x1g0dm76 xpdmqnj\" data-ad-comet-preview=\"message\" data-ad-preview=\"message\">\n<div class=\"x78zum5 xdt5ytf xz62fqu x16ldp7u\">\n<div class=\"xu06os2 x1ok221b\">\n<div class=\"html-div xdj266r x14z9mp xat24cr x1lziwak xexx8yu xyri2b x18d9i69 x1c1uobl\">\n<div class=\"x14z9mp xat24cr x1lziwak x1vvkbs xtlvy1s x126k92a\">\n<div>Pak dit\u00eb pasi zjarret masive p\u00ebrfshin\u00eb pyjet e mbrojtura t\u00eb Puk\u00ebs, m\u00ebsohet se bashkia e qytetit, ka njoftuar hapjen e konsultimeve publike, p\u00ebr P\u00ebrdorimin e Fondit Pyjor p\u00ebr Instalimin e Turbinave Eolike. Konsultimet publike p\u00ebr at\u00eb q\u00eb bashkia e cil\u00ebson ekonomi pyjore, b\u00ebhen pik\u00ebrisht p\u00ebr zonat e p\u00ebrfshira nga zjarret si: \u201cT\u00ebrbun\u201d, \u201cLivadh-Ham\u00ebz\u201d, \u201cKuzhnen\u201d, \u201cGojan-Shkoz\u00eb\u201d dhe \u201cGomsiqe\u201d. Nga uebsajti zyrtar i bashkis\u00eb, rezulton se njoftimi \u00ebsht\u00eb publikuar n\u00eb dat\u00ebn 20 gusht, koh\u00eb kur banor\u00ebt dhe zjarrfik\u00ebset ishin n\u00eb luft\u00eb me flak\u00ebt. Datat e publikuara p\u00ebr mbajtjen e konsultimeve jan\u00eb 9-10 shtator, por banor\u00ebt e zonave t\u00eb prekura nga zjarret dhe nisma, kan\u00eb shprehur indinjat\u00ebn e tyre, duke e lidhur r\u00ebnien e zjarreve, me projektet e zhvillimit.<\/div>\n<\/div>\n<\/div>\n<\/div>\n<\/div>\n<\/div>\n<\/div>\n<\/div>\n<\/div>\n<\/div>\n","protected":false},"excerpt":{"rendered":"<p>31 Gusht 2026 Nga Fatmira Nikoll P\u00cbR K\u00cb BIE K\u00cbMBANA? Te romani i Hemingway-t, sugjerohet se asnj\u00eb njeri nuk \u00ebsht\u00eb nj\u00eb ishull, i t\u00ebri m\u00eb vete; p\u00ebrkundrazi, \u00e7do njeri \u00ebsht\u00eb pjes\u00eb e kontinentit, pjes\u00eb e s\u00eb t\u00ebr\u00ebs. Vdekja e \u00e7dokujt, m\u00eb zvog\u00eblon, sepse jam i p\u00ebrfshir\u00eb n\u00eb t\u00eb t\u00ebr\u00ebn e njer\u00ebzimit, e p\u00ebr rrjedhoj\u00eb kurr\u00eb [&hellip;]<\/p>\n","protected":false},"author":9,"featured_media":105576,"comment_status":"open","ping_status":"open","sticky":false,"template":"","format":"standard","meta":{"jetpack_post_was_ever_published":false,"_jetpack_newsletter_access":"","_jetpack_dont_email_post_to_subs":false,"_jetpack_newsletter_tier_id":0,"_jetpack_memberships_contains_paywalled_content":false,"_jetpack_memberships_contains_paid_content":false,"footnotes":"","jetpack_publicize_message":"","jetpack_publicize_feature_enabled":true,"jetpack_social_post_already_shared":true,"jetpack_social_options":{"image_generator_settings":{"template":"highway","default_image_id":0,"font":"","enabled":false},"version":2}},"categories":[27,10,1,2,35],"tags":[],"class_list":["post-105575","post","type-post","status-publish","format-standard","has-post-thumbnail","hentry","category-blogu-i-udhetarit","category-kultura","category-njoftime-shtypi","category-politika","category-shoqerore"],"jetpack_publicize_connections":[],"jetpack_featured_media_url":"https:\/\/i0.wp.com\/www.shqiperia.com\/blog\/wp-content\/uploads\/2026\/08\/640-0-3-1787329377.png?fit=640%2C362&ssl=1","jetpack_sharing_enabled":true,"jetpack_shortlink":"https:\/\/wp.me\/p5Z6wp-rsP","jetpack-related-posts":[{"id":101701,"url":"https:\/\/www.shqiperia.com\/blog\/kriza-politike-lidhet-me-kapjen-e-pushtetit-shkullaku-kushti-numer-1-eshte-doreheqje-e-panegociueshme-e-edi-rames\/","url_meta":{"origin":105575,"position":0},"title":"\u201cKriza politike, lidhet me kapjen e pushtetit\u201d\/ Shkullaku: &#8211; Kushti num\u00ebr 1 \u00ebsht\u00eb dor\u00ebheqje e panegociueshme e Edi Ram\u00ebs","author":"Kurt Farka","date":"June 22, 2026","format":false,"excerpt":"Gazetari Armand Shkullaku, i ftuar n\u00eb nje studio televizive ka folur p\u00ebr protest\u00ebn qytetare n\u00eb dit\u00ebn e 23-t\u00eb t\u00eb saj n\u00eb Tiran\u00eb, duke e vendosur theksin te p\u00ebrgjegj\u00ebsia politike dhe situata brenda mazhoranc\u00ebs. Shkullaku u shpreh se k\u00ebrkesa kryesore e protest\u00ebs p\u00ebr largimin e qeveris\u00eb ka rr\u00ebzuar, sipas tij, narrativ\u00ebn\u2026","rel":"","context":"In &quot;Njoftime Shtypi&quot;","block_context":{"text":"Njoftime Shtypi","link":"https:\/\/www.shqiperia.com\/blog\/category\/njoftime-shtypi\/"},"img":{"alt_text":"","src":"https:\/\/i0.wp.com\/www.shqiperia.com\/blog\/wp-content\/uploads\/2026\/06\/rama-shkullaku.jpg?fit=900%2C500&ssl=1&resize=350%2C200","width":350,"height":200,"srcset":"https:\/\/i0.wp.com\/www.shqiperia.com\/blog\/wp-content\/uploads\/2026\/06\/rama-shkullaku.jpg?fit=900%2C500&ssl=1&resize=350%2C200 1x, https:\/\/i0.wp.com\/www.shqiperia.com\/blog\/wp-content\/uploads\/2026\/06\/rama-shkullaku.jpg?fit=900%2C500&ssl=1&resize=525%2C300 1.5x, https:\/\/i0.wp.com\/www.shqiperia.com\/blog\/wp-content\/uploads\/2026\/06\/rama-shkullaku.jpg?fit=900%2C500&ssl=1&resize=700%2C400 2x"},"classes":[]},{"id":11805,"url":"https:\/\/www.shqiperia.com\/blog\/kembana-me-e-madhe-e-botes-zbulohet-ne-poloni\/","url_meta":{"origin":105575,"position":1},"title":"K\u00ebmbana m\u00eb e madhe e bot\u00ebs prezantohet n\u00eb Poloni. &#8211;","author":"Kurt Farka","date":"September 21, 2018","format":false,"excerpt":"K\u00ebmbana m\u00eb e madhe e bot\u00ebs zbulohet n\u00eb Poloni. - K\u00ebmbana m\u00eb e madhe n\u00eb bot\u00eb \u00ebsht\u00eb punuar n\u00eb qytetin polak t\u00eb Krakov\u00ebs. K\u00ebmbana peshon 55 ton dhe do t\u00eb instalohet n\u00eb nj\u00eb vend t\u00eb pelegrinazhit t\u00eb madh n\u00eb Brazil. \u201cVox Patris\u201d, 4 metra e lart\u00eb dhe me diamet\u00ebr 4.5\u2026","rel":"","context":"In &quot;Blogu i Udh\u00ebtarit&quot;","block_context":{"text":"Blogu i Udh\u00ebtarit","link":"https:\/\/www.shqiperia.com\/blog\/category\/blogu-i-udhetarit\/"},"img":{"alt_text":"","src":"https:\/\/i0.wp.com\/www.shqiperia.com\/blog\/wp-content\/uploads\/2018\/09\/kembane1.jpg?fit=746%2C458&ssl=1&resize=350%2C200","width":350,"height":200,"srcset":"https:\/\/i0.wp.com\/www.shqiperia.com\/blog\/wp-content\/uploads\/2018\/09\/kembane1.jpg?fit=746%2C458&ssl=1&resize=350%2C200 1x, https:\/\/i0.wp.com\/www.shqiperia.com\/blog\/wp-content\/uploads\/2018\/09\/kembane1.jpg?fit=746%2C458&ssl=1&resize=525%2C300 1.5x, https:\/\/i0.wp.com\/www.shqiperia.com\/blog\/wp-content\/uploads\/2018\/09\/kembane1.jpg?fit=746%2C458&ssl=1&resize=700%2C400 2x"},"classes":[]},{"id":26072,"url":"https:\/\/www.shqiperia.com\/blog\/proteste-kembana-zemerimi-nga-180-femije-te-peqinit\/","url_meta":{"origin":105575,"position":2},"title":"Proteste- K\u00ebmbana zem\u00ebrimi nga 180 f\u00ebmij\u00eb t\u00eb Peqinit","author":"Kurt Farka","date":"September 19, 2019","format":false,"excerpt":"Proteste- K\u00ebmbana zem\u00ebrimi nga 180 f\u00ebmij\u00eb t\u00eb Peqinit 19\/09\/2019 \u201cDuam shkoll\u00ebn ton\u00eb!\u201d Me protest\u00eb n\u00eb vend t\u00eb g\u00ebzimit, e kan\u00eb nisur dit\u00ebn e par\u00eb t\u00eb shkoll\u00ebs, 180 nx\u00ebn\u00ebs peqinas, t\u00eb shoq\u00ebruar nga prind\u00ebrit e tyre, q\u00eb kan\u00eb m\u00ebsuar n\u00eb shkoll\u00ebn 9-vje\u00e7are t\u00eb fshatit Shez\u00eb. Ata kan\u00eb zhvilluar s\u00ebrish protest\u00eb\u00a0n\u00eb q\u00ebnd\u00ebr\u2026","rel":"","context":"In &quot;Blogu i Udh\u00ebtarit&quot;","block_context":{"text":"Blogu i Udh\u00ebtarit","link":"https:\/\/www.shqiperia.com\/blog\/category\/blogu-i-udhetarit\/"},"img":{"alt_text":"","src":"https:\/\/i0.wp.com\/www.shqiperia.com\/blog\/wp-content\/uploads\/2019\/09\/Proteste-nga-180-nxenes.jpg?fit=900%2C456&ssl=1&resize=350%2C200","width":350,"height":200,"srcset":"https:\/\/i0.wp.com\/www.shqiperia.com\/blog\/wp-content\/uploads\/2019\/09\/Proteste-nga-180-nxenes.jpg?fit=900%2C456&ssl=1&resize=350%2C200 1x, https:\/\/i0.wp.com\/www.shqiperia.com\/blog\/wp-content\/uploads\/2019\/09\/Proteste-nga-180-nxenes.jpg?fit=900%2C456&ssl=1&resize=525%2C300 1.5x, https:\/\/i0.wp.com\/www.shqiperia.com\/blog\/wp-content\/uploads\/2019\/09\/Proteste-nga-180-nxenes.jpg?fit=900%2C456&ssl=1&resize=700%2C400 2x"},"classes":[]},{"id":105074,"url":"https:\/\/www.shqiperia.com\/blog\/rama-po-shqyen-atdheun-pjese-pjese\/","url_meta":{"origin":105575,"position":3},"title":"Rama po shqyen atdheun pjes\u00eb-pjes\u00eb.","author":"Kurt Farka","date":"August 24, 2026","format":false,"excerpt":"24 Gusht 2026 Gent Kaprata, Sekretar i Departamentit t\u00eb Infrastruktur\u00ebs n\u00eb PD, u shpreh n\u00eb nj\u00eb media se qeverisja e Edi Ram\u00ebs ka p\u00ebrqendruar pushtetin dhe ka boshatisur territorin, duke sjell\u00eb largimin e shqiptar\u00ebve jasht\u00eb vendit. Ai tha se kjo situat\u00eb ka prodhuar edhe protestat q\u00eb po zhvillohen n\u00eb qytete\u2026","rel":"","context":"In &quot;Blogu i Udh\u00ebtarit&quot;","block_context":{"text":"Blogu i Udh\u00ebtarit","link":"https:\/\/www.shqiperia.com\/blog\/category\/blogu-i-udhetarit\/"},"img":{"alt_text":"","src":"https:\/\/i0.wp.com\/www.shqiperia.com\/blog\/wp-content\/uploads\/2026\/08\/727126107_27791819013775577_4523875627734286620_n.jpg?fit=1200%2C867&ssl=1&resize=350%2C200","width":350,"height":200,"srcset":"https:\/\/i0.wp.com\/www.shqiperia.com\/blog\/wp-content\/uploads\/2026\/08\/727126107_27791819013775577_4523875627734286620_n.jpg?fit=1200%2C867&ssl=1&resize=350%2C200 1x, https:\/\/i0.wp.com\/www.shqiperia.com\/blog\/wp-content\/uploads\/2026\/08\/727126107_27791819013775577_4523875627734286620_n.jpg?fit=1200%2C867&ssl=1&resize=525%2C300 1.5x, https:\/\/i0.wp.com\/www.shqiperia.com\/blog\/wp-content\/uploads\/2026\/08\/727126107_27791819013775577_4523875627734286620_n.jpg?fit=1200%2C867&ssl=1&resize=700%2C400 2x, https:\/\/i0.wp.com\/www.shqiperia.com\/blog\/wp-content\/uploads\/2026\/08\/727126107_27791819013775577_4523875627734286620_n.jpg?fit=1200%2C867&ssl=1&resize=1050%2C600 3x"},"classes":[]},{"id":101884,"url":"https:\/\/www.shqiperia.com\/blog\/vjen-ai-me-cd-mesazhet-ne-dosjen-aruba-si-trafikohej-kokaine-me-makinat-e-ambasadave-shqiptare\/","url_meta":{"origin":105575,"position":4},"title":"\u2018Vjen ai me CD\u2019\/ Mesazhet n\u00eb dosjen \u2018Aruba\u2019, si trafikohej kokain\u00eb me makinat e Ambasadave Shqiptare","author":"Kurt Farka","date":"June 27, 2026","format":false,"excerpt":"27 Qershor 2026 Nuk kan\u00eb munguar prej dekadash akuzat mes politik\u00ebs se n\u00eb trafikun e drog\u00ebs jan\u00eb p\u00ebrfshir\u00eb edhe ambasador\u00eb e seli diplomatike. Nd\u00ebrsa SPAK dhe Byroja Komb\u00ebtare e Hetimit kan\u00eb mundur t\u00eb faktojn\u00eb se personi i p\u00ebrdorur si korrier (transportues) i kokain\u00ebs dhe parave nga Anversa, Belgjik\u00eb, drejt Zvicr\u00ebs\u2026","rel":"","context":"In &quot;Blogu i Udh\u00ebtarit&quot;","block_context":{"text":"Blogu i Udh\u00ebtarit","link":"https:\/\/www.shqiperia.com\/blog\/category\/blogu-i-udhetarit\/"},"img":{"alt_text":"","src":"https:\/\/i0.wp.com\/www.shqiperia.com\/blog\/wp-content\/uploads\/2026\/06\/auto_diplomatic-car1782499933.jpg?fit=900%2C600&ssl=1&resize=350%2C200","width":350,"height":200,"srcset":"https:\/\/i0.wp.com\/www.shqiperia.com\/blog\/wp-content\/uploads\/2026\/06\/auto_diplomatic-car1782499933.jpg?fit=900%2C600&ssl=1&resize=350%2C200 1x, https:\/\/i0.wp.com\/www.shqiperia.com\/blog\/wp-content\/uploads\/2026\/06\/auto_diplomatic-car1782499933.jpg?fit=900%2C600&ssl=1&resize=525%2C300 1.5x, https:\/\/i0.wp.com\/www.shqiperia.com\/blog\/wp-content\/uploads\/2026\/06\/auto_diplomatic-car1782499933.jpg?fit=900%2C600&ssl=1&resize=700%2C400 2x"},"classes":[]},{"id":100879,"url":"https:\/\/www.shqiperia.com\/blog\/jeton-me-makthin-e-mafies-qe-kur-u-nda-nga-une-lubonja-per-deklaraten-e-rames-ia-la-shqiperine-krimit-te\/","url_meta":{"origin":105575,"position":5},"title":"\u201cJeton me makthin e mafies q\u00eb kur u nda nga un\u00eb!\u201d\/ Lubonja p\u00ebr deklarat\u00ebn e Ram\u00ebs: Ia la Shqip\u00ebrin\u00eb krimit t\u00eb\u2026","author":"Kurt Farka","date":"June 1, 2026","format":false,"excerpt":"1 Qershor 2026 Analisti Fatos Lubonja ka reaguar ndaj deklaratave t\u00eb kryeministrit Edi Rama lidhur me debatin p\u00ebr projektin n\u00eb Zv\u00ebrnec, duke e akuzuar se ka braktisur vizionin q\u00eb dikur i bashkonte dhe se ka favorizuar interesa t\u00eb lidhura me krimin e organizuar. Duke folur n\u00eb nj\u00eb intervist\u00eb televizive, Lubonja\u2026","rel":"","context":"In &quot;Blogu i Udh\u00ebtarit&quot;","block_context":{"text":"Blogu i Udh\u00ebtarit","link":"https:\/\/www.shqiperia.com\/blog\/category\/blogu-i-udhetarit\/"},"img":{"alt_text":"","src":"https:\/\/i0.wp.com\/www.shqiperia.com\/blog\/wp-content\/uploads\/2026\/06\/IMG_1800.jpeg?fit=599%2C378&ssl=1&resize=350%2C200","width":350,"height":200,"srcset":"https:\/\/i0.wp.com\/www.shqiperia.com\/blog\/wp-content\/uploads\/2026\/06\/IMG_1800.jpeg?fit=599%2C378&ssl=1&resize=350%2C200 1x, https:\/\/i0.wp.com\/www.shqiperia.com\/blog\/wp-content\/uploads\/2026\/06\/IMG_1800.jpeg?fit=599%2C378&ssl=1&resize=525%2C300 1.5x"},"classes":[]}],"_links":{"self":[{"href":"https:\/\/www.shqiperia.com\/blog\/wp-json\/wp\/v2\/posts\/105575","targetHints":{"allow":["GET"]}}],"collection":[{"href":"https:\/\/www.shqiperia.com\/blog\/wp-json\/wp\/v2\/posts"}],"about":[{"href":"https:\/\/www.shqiperia.com\/blog\/wp-json\/wp\/v2\/types\/post"}],"author":[{"embeddable":true,"href":"https:\/\/www.shqiperia.com\/blog\/wp-json\/wp\/v2\/users\/9"}],"replies":[{"embeddable":true,"href":"https:\/\/www.shqiperia.com\/blog\/wp-json\/wp\/v2\/comments?post=105575"}],"version-history":[{"count":2,"href":"https:\/\/www.shqiperia.com\/blog\/wp-json\/wp\/v2\/posts\/105575\/revisions"}],"predecessor-version":[{"id":105578,"href":"https:\/\/www.shqiperia.com\/blog\/wp-json\/wp\/v2\/posts\/105575\/revisions\/105578"}],"wp:featuredmedia":[{"embeddable":true,"href":"https:\/\/www.shqiperia.com\/blog\/wp-json\/wp\/v2\/media\/105576"}],"wp:attachment":[{"href":"https:\/\/www.shqiperia.com\/blog\/wp-json\/wp\/v2\/media?parent=105575"}],"wp:term":[{"taxonomy":"category","embeddable":true,"href":"https:\/\/www.shqiperia.com\/blog\/wp-json\/wp\/v2\/categories?post=105575"},{"taxonomy":"post_tag","embeddable":true,"href":"https:\/\/www.shqiperia.com\/blog\/wp-json\/wp\/v2\/tags?post=105575"}],"curies":[{"name":"wp","href":"https:\/\/api.w.org\/{rel}","templated":true}]}}