{"id":105573,"date":"2026-08-31T14:54:29","date_gmt":"2026-08-31T14:54:29","guid":{"rendered":"https:\/\/www.shqiperia.com\/blog\/?p=105573"},"modified":"2026-08-31T15:34:28","modified_gmt":"2026-08-31T15:34:28","slug":"pajisjet-izraelite-qe-bllokuan-tiktok-un-dyshohet-se-pergjuan-spak-un-nen-hetim-igli-tafa-dhe-gentian-sala","status":"publish","type":"post","link":"https:\/\/www.shqiperia.com\/blog\/pajisjet-izraelite-qe-bllokuan-tiktok-un-dyshohet-se-pergjuan-spak-un-nen-hetim-igli-tafa-dhe-gentian-sala\/","title":{"rendered":"Pajisjet izraelite q\u00eb bllokuan TikTok-un dyshohet se p\u00ebrgjuan SPAK-un, n\u00ebn hetim Igli Tafa dhe Gentian Sala"},"content":{"rendered":"<p data-a11y-orig-inline=\"\" data-a11y-base-fs=\"18\"><img data-recalc-dims=\"1\" loading=\"lazy\" decoding=\"async\" data-attachment-id=\"105579\" data-permalink=\"https:\/\/www.shqiperia.com\/blog\/pajisjet-izraelite-qe-bllokuan-tiktok-un-dyshohet-se-pergjuan-spak-un-nen-hetim-igli-tafa-dhe-gentian-sala\/640-0-f0f9f5fdd848216169a3b5ae991e4098\/\" data-orig-file=\"https:\/\/i0.wp.com\/www.shqiperia.com\/blog\/wp-content\/uploads\/2026\/08\/640-0-f0f9f5fdd848216169a3b5ae991e4098.png?fit=640%2C336&amp;ssl=1\" data-orig-size=\"640,336\" data-comments-opened=\"1\" data-image-meta=\"{&quot;aperture&quot;:&quot;0&quot;,&quot;credit&quot;:&quot;&quot;,&quot;camera&quot;:&quot;&quot;,&quot;caption&quot;:&quot;&quot;,&quot;created_timestamp&quot;:&quot;0&quot;,&quot;copyright&quot;:&quot;&quot;,&quot;focal_length&quot;:&quot;0&quot;,&quot;iso&quot;:&quot;0&quot;,&quot;shutter_speed&quot;:&quot;0&quot;,&quot;title&quot;:&quot;&quot;,&quot;orientation&quot;:&quot;0&quot;}\" data-image-title=\"-640-0-f0f9f5fdd848216169a3b5ae991e4098\" data-image-description=\"\" data-image-caption=\"\" data-medium-file=\"https:\/\/i0.wp.com\/www.shqiperia.com\/blog\/wp-content\/uploads\/2026\/08\/640-0-f0f9f5fdd848216169a3b5ae991e4098.png?fit=300%2C158&amp;ssl=1\" data-large-file=\"https:\/\/i0.wp.com\/www.shqiperia.com\/blog\/wp-content\/uploads\/2026\/08\/640-0-f0f9f5fdd848216169a3b5ae991e4098.png?fit=640%2C336&amp;ssl=1\" class=\"alignnone  wp-image-105579\" alt=\"\" src=\"https:\/\/i0.wp.com\/www.shqiperia.com\/blog\/wp-content\/uploads\/2026\/08\/640-0-f0f9f5fdd848216169a3b5ae991e4098.png?resize=534%2C281&#038;ssl=1\" width=\"534\" height=\"281\" srcset=\"https:\/\/i0.wp.com\/www.shqiperia.com\/blog\/wp-content\/uploads\/2026\/08\/640-0-f0f9f5fdd848216169a3b5ae991e4098.png?resize=300%2C158&amp;ssl=1 300w, https:\/\/i0.wp.com\/www.shqiperia.com\/blog\/wp-content\/uploads\/2026\/08\/640-0-f0f9f5fdd848216169a3b5ae991e4098.png?resize=450%2C236&amp;ssl=1 450w, https:\/\/i0.wp.com\/www.shqiperia.com\/blog\/wp-content\/uploads\/2026\/08\/640-0-f0f9f5fdd848216169a3b5ae991e4098.png?resize=600%2C315&amp;ssl=1 600w, https:\/\/i0.wp.com\/www.shqiperia.com\/blog\/wp-content\/uploads\/2026\/08\/640-0-f0f9f5fdd848216169a3b5ae991e4098.png?resize=400%2C210&amp;ssl=1 400w, https:\/\/i0.wp.com\/www.shqiperia.com\/blog\/wp-content\/uploads\/2026\/08\/640-0-f0f9f5fdd848216169a3b5ae991e4098.png?w=640&amp;ssl=1 640w\" sizes=\"auto, (max-width: 534px) 100vw, 534px\" \/><\/p>\n<p data-a11y-orig-inline=\"\" data-a11y-base-fs=\"18\">31 Gusht 2026<\/p>\n<p data-a11y-orig-inline=\"\" data-a11y-base-fs=\"18\">Nj\u00eb hetim i fort\u00eb \u00a0i Prokuroris\u00eb s\u00eb Posa\u00e7me po zhvillohet mbi instalimin dhe p\u00ebrdorimin e pajisjeve izraelite \u201cDeep Packet Inspection\u201d n\u00eb rrjetet e komunikimeve elektronike shqiptare gjat\u00eb vitit 2025.<\/p>\n<p data-a11y-orig-inline=\"\" data-a11y-base-fs=\"18\">Burime konfidenciale brenda Byros\u00eb Komb\u00ebtare t\u00eb Hetimit i than\u00eb redaktorit t\u00eb Publik.al se SPAK ka regjistruar nj\u00eb \u00e7\u00ebshtje lidhur me veprimet e Autoritetit Komb\u00ebtar p\u00ebr Sigurin\u00eb Kibernetike dhe Autoritetit t\u00eb Komunikimeve Elektronike dhe Postare. Sipas t\u00eb nj\u00ebjtit burim, n\u00eb fokus t\u00eb hetimit jan\u00eb Igli Tafa, n\u00eb at\u00eb koh\u00eb drejtor i p\u00ebrgjithsh\u00ebm i AKSK-s\u00eb dhe aktualisht drejtor i AKSHI-t, si dhe Gentian Sala\u00a0, kryetar i K\u00ebshillit Drejtues t\u00eb AKEP-it.<\/p>\n<p data-a11y-orig-inline=\"\" data-a11y-base-fs=\"18\">Burimi thot\u00eb se pajisjet e p\u00ebrdorura fillimisht me justifikimin e bllokimit t\u00eb TikTok-ut jan\u00eb sekuestruar dhe i jan\u00eb n\u00ebnshtruar ekspertimit teknik. P\u00ebrfundimet e ekspertiz\u00ebs, t\u00eb ardhura nga Shtetet e Bashkuara t\u00eb Amerik\u00ebs, sipas burimit, kan\u00eb evidentuar p\u00ebrdorim t\u00eb sistemit p\u00ebrtej q\u00ebllimit t\u00eb deklaruar publikisht.<\/p>\n<p data-a11y-orig-inline=\"\" data-a11y-base-fs=\"18\">SPAK nuk ka b\u00ebr\u00eb ende nj\u00eb njoftim zyrtar p\u00ebr regjistrimin e procedimit, por i sigurt\u00eb \u00ebsht\u00eb se dy personat jan\u00eb n\u00ebn hetim dhe \u00a0rezultatet e ekspertiz\u00ebs tregojn\u00eb se me paisjet izraelite \u00ebsht\u00eb p\u00ebrgjuar BKH dhe SPAK-u. P\u00ebr k\u00ebt\u00eb arsye, t\u00eb dh\u00ebnat mbi faz\u00ebn aktuale t\u00eb hetimit paraqiten si informacion i rezervuar.<\/p>\n<p data-a11y-orig-inline=\"\" data-a11y-base-fs=\"18\"><strong data-a11y-orig-inline=\"\" data-a11y-base-fs=\"18\">Po \u00e7far\u00eb jan\u00eb pajisjet q\u00eb SPAK-u i ka \u00a0sekuestruar<\/strong><\/p>\n<p data-a11y-orig-inline=\"\" data-a11y-base-fs=\"18\"><strong data-a11y-orig-inline=\"\" data-a11y-base-fs=\"18\"><img data-recalc-dims=\"1\" loading=\"lazy\" decoding=\"async\" class=\"\" alt=\"Pajisjet izraelite q\u00eb bllokuan TikTok-un dyshohet se p\u00ebrgjuan SPAK-un,\" src=\"https:\/\/i0.wp.com\/media.oranews.tv\/oranews.tv\/media3\/-640-0-pergji-640x361-1788177540.jpg?resize=779%2C439&#038;ssl=1\" width=\"779\" height=\"439\" data-size=\"x\" data-id=\"867711\" data-a11y-orig-inline=\"\" data-a11y-base-fs=\"18\" \/><\/strong><\/p>\n<p data-a11y-orig-inline=\"\" data-a11y-base-fs=\"18\">Sipas burimit t\u00eb Publik.al, hetuesit kan\u00eb sekuestruar pajisjet DPI, t\u00eb cilat gjat\u00eb vitit 2025 u instaluan n\u00eb infrastruktur\u00ebn e operator\u00ebve t\u00eb komunikimeve elektronike.<\/p>\n<p data-a11y-orig-inline=\"\" data-a11y-base-fs=\"18\">Hetimi synon t\u00eb p\u00ebrcaktoj\u00eb:<\/p>\n<p data-a11y-orig-inline=\"\" data-a11y-base-fs=\"18\"><em data-a11y-orig-inline=\"\" data-a11y-base-fs=\"18\">mbi \u00e7far\u00eb procedure ligjore u soll\u00ebn pajisjet n\u00eb Shqip\u00ebri;<\/em><\/p>\n<p data-a11y-orig-inline=\"\" data-a11y-base-fs=\"18\"><em data-a11y-orig-inline=\"\" data-a11y-base-fs=\"18\">kush autorizoi instalimin e tyre;<\/em><\/p>\n<p data-a11y-orig-inline=\"\" data-a11y-base-fs=\"18\"><em data-a11y-orig-inline=\"\" data-a11y-base-fs=\"18\">kush kishte akses administrativ n\u00eb sistem;<\/em><\/p>\n<p data-a11y-orig-inline=\"\" data-a11y-base-fs=\"18\"><em data-a11y-orig-inline=\"\" data-a11y-base-fs=\"18\">cil\u00ebt persona jepnin urdhra p\u00ebr filtrimin ose monitorimin e trafikut;<\/em><\/p>\n<p data-a11y-orig-inline=\"\" data-a11y-base-fs=\"18\"><em data-a11y-orig-inline=\"\" data-a11y-base-fs=\"18\">n\u00ebse ekzistonin urdhra me shkrim apo nd\u00ebrhyrjet kryheshin me porosi verbale;<\/em><\/p>\n<p data-a11y-orig-inline=\"\" data-a11y-base-fs=\"18\"><em data-a11y-orig-inline=\"\" data-a11y-base-fs=\"18\">n\u00ebse operator\u00ebt celular\u00eb kishin dijeni p\u00ebr t\u00eb gjith\u00eb funksionalitetin e sistemit;<\/em><\/p>\n<p data-a11y-orig-inline=\"\" data-a11y-base-fs=\"18\"><em data-a11y-orig-inline=\"\" data-a11y-base-fs=\"18\">\u00e7far\u00eb t\u00eb dh\u00ebnash jan\u00eb mbledhur, ruajtur apo transferuar;<\/em><\/p>\n<p data-a11y-orig-inline=\"\" data-a11y-base-fs=\"18\"><em data-a11y-orig-inline=\"\" data-a11y-base-fs=\"18\">n\u00ebse t\u00eb dh\u00ebnat jan\u00eb administruar jasht\u00eb territorit shqiptar.<\/em><\/p>\n<p data-a11y-orig-inline=\"\" data-a11y-base-fs=\"18\">Dyshimi kryesor \u00ebsht\u00eb se nj\u00eb teknologji e sjell\u00eb p\u00ebr bllokimin e TikTok-ut \u00ebsht\u00eb p\u00ebrdorur pa procedur\u00eb t\u00eb p\u00ebrcaktuar, pa kontroll gjyq\u00ebsor dhe pa mekanizma t\u00eb verifikuesh\u00ebm p\u00ebr mbrojtjen e t\u00eb dh\u00ebnave.<\/p>\n<p data-a11y-orig-inline=\"\" data-a11y-base-fs=\"18\"><strong data-a11y-orig-inline=\"\" data-a11y-base-fs=\"18\">Ekspertiza amerikane dhe regjistrat elektronik\u00eb<\/strong><\/p>\n<p data-a11y-orig-inline=\"\" data-a11y-base-fs=\"18\">Burimi brenda BKH-s\u00eb deklaroi p\u00ebr Publik.al se ekspertiza e pajisjeve \u00ebsht\u00eb kryer me asistenc\u00eb nga Shtetet e Bashkuara.<\/p>\n<p data-a11y-orig-inline=\"\" data-a11y-base-fs=\"18\">Pjes\u00eb thelb\u00ebsore e ekspertimit kan\u00eb qen\u00eb regjistrat elektronik\u00eb t\u00eb sistemit, t\u00eb njohur si \u201clogs\u201d. K\u00ebta regjistra mund t\u00eb tregojn\u00eb kur \u00ebsht\u00eb p\u00ebrdorur nj\u00eb pajisje, \u00e7far\u00eb komandash jan\u00eb ekzekutuar, \u00e7far\u00eb filtrash jan\u00eb vendosur dhe drejt cilave segmente t\u00eb trafikut \u00ebsht\u00eb orientuar monitorimi.<\/p>\n<p data-a11y-orig-inline=\"\" data-a11y-base-fs=\"18\">Sipas burimit, analizimi i \u201clogs\u201d-eve ka evidentuar p\u00ebrdorim t\u00eb pajisjeve p\u00ebr monitorime q\u00eb nuk lidheshin vet\u00ebm me TikTok-un.<\/p>\n<p data-a11y-orig-inline=\"\" data-a11y-base-fs=\"18\">M\u00eb r\u00ebnd\u00eb akoma, burimi pretendon se nga ekspertiza rezulton se \u00ebsht\u00eb prekur edhe trafiku i komunikimeve q\u00eb lidhej me strukturat e BKH-s\u00eb dhe SPAK-ut.<\/p>\n<p data-a11y-orig-inline=\"\" data-a11y-base-fs=\"18\">N\u00ebse ky konstatim dokumentohet p\u00ebrfundimisht n\u00eb dosjen penale, \u00e7\u00ebshtja nuk kufizohet m\u00eb te nj\u00eb dyshim p\u00ebr shp\u00ebrdorim detyre apo cenim t\u00eb privat\u00ebsis\u00eb. Nd\u00ebrhyrja n\u00eb komunikimet e institucioneve q\u00eb hetojn\u00eb krimin e organizuar dhe korrupsionin mund t\u00eb p\u00ebrb\u00ebj\u00eb cenim t\u00eb siguris\u00eb komb\u00ebtare, pengim t\u00eb hetimeve dhe komprometim t\u00eb informacionit t\u00eb klasifikuar.<\/p>\n<p data-a11y-orig-inline=\"\" data-a11y-base-fs=\"18\"><strong data-a11y-orig-inline=\"\" data-a11y-base-fs=\"18\">Dyshimet p\u00ebr urdhra verbal\u00eb<\/strong><\/p>\n<p data-a11y-orig-inline=\"\" data-a11y-base-fs=\"18\">Sipas informacionit t\u00eb siguruar nga Publik.al, hetuesit po verifikojn\u00eb dyshimet se pajisjet jan\u00eb p\u00ebrdorur n\u00eb baz\u00eb t\u00eb urdhrave verbal\u00eb, pa dokumentacion shoq\u00ebrues dhe jasht\u00eb nj\u00eb zinxhiri t\u00eb kontrolluesh\u00ebm institucional.<\/p>\n<p data-a11y-orig-inline=\"\" data-a11y-base-fs=\"18\">Objekt hetimi \u00ebsht\u00eb identifikimi i personave q\u00eb kishin kredencialet teknike dhe kompetenc\u00ebn faktike p\u00ebr t\u00eb aktivizuar filtrat, p\u00ebr t\u00eb p\u00ebrcaktuar objektivat dhe p\u00ebr t\u00eb administruar t\u00eb dh\u00ebnat e prodhuara nga sistemi.<\/p>\n<p data-a11y-orig-inline=\"\" data-a11y-base-fs=\"18\">Hetuesit po analizojn\u00eb gjithashtu komunikimet nd\u00ebrmjet drejtuesve dhe punonj\u00ebsve t\u00eb AKSK-s\u00eb, AKEP-it, operator\u00ebve celular\u00eb dhe personave t\u00eb p\u00ebrfshir\u00eb n\u00eb instalimin e pajisjeve.<\/p>\n<p data-a11y-orig-inline=\"\" data-a11y-base-fs=\"18\"><strong data-a11y-orig-inline=\"\" data-a11y-base-fs=\"18\">Si nisi gjith\u00e7ka<\/strong><\/p>\n<p data-a11y-orig-inline=\"\" data-a11y-base-fs=\"18\">M\u00eb 6 mars 2025, K\u00ebshilli i Ministrave miratoi vendimin nr. 151 p\u00ebr nd\u00ebrprerjen p\u00ebr nj\u00eb vit t\u00eb aksesit n\u00eb platform\u00ebn TikTok.<\/p>\n<p data-a11y-orig-inline=\"\" data-a11y-base-fs=\"18\">M\u00eb 10 mars 2025, AKSK i k\u00ebrkoi AKEP-it marrjen e masave p\u00ebr bllokimin e platform\u00ebs dhe t\u00eb infrastruktur\u00ebs s\u00eb saj digjitale.<\/p>\n<p data-a11y-orig-inline=\"\" data-a11y-base-fs=\"18\">AKEP u k\u00ebrkoi operator\u00ebve t\u00eb internetit q\u00eb deri m\u00eb 13 mars t\u00eb bllokonin:<\/p>\n<p data-a11y-orig-inline=\"\" data-a11y-base-fs=\"18\"><em data-a11y-orig-inline=\"\" data-a11y-base-fs=\"18\">adresat IP t\u00eb TikTok-ut;<\/em><\/p>\n<p data-a11y-orig-inline=\"\" data-a11y-base-fs=\"18\"><em data-a11y-orig-inline=\"\" data-a11y-base-fs=\"18\">sistemin DNS t\u00eb platform\u00ebs;<\/em><\/p>\n<p data-a11y-orig-inline=\"\" data-a11y-base-fs=\"18\"><em data-a11y-orig-inline=\"\" data-a11y-base-fs=\"18\">identifikuesit SNI;<\/em><\/p>\n<p data-a11y-orig-inline=\"\" data-a11y-base-fs=\"18\"><em data-a11y-orig-inline=\"\" data-a11y-base-fs=\"18\">adresat IP t\u00eb kompanis\u00eb ByteDance.<\/em><\/p>\n<p data-a11y-orig-inline=\"\" data-a11y-base-fs=\"18\">Por krahas k\u00ebtyre metodave t\u00eb zakonshme, n\u00eb rrjetet e Vodafone Albania dhe One Albania u instaluan pajisje DPI, t\u00eb afta t\u00eb analizonin dhe filtronin trafikun e internetit n\u00eb nj\u00eb nivel shum\u00eb m\u00eb t\u00eb avancuar.<\/p>\n<p data-a11y-orig-inline=\"\" data-a11y-base-fs=\"18\">Instalimi u krye pa transparenc\u00eb publike. Nuk u publikuan kontrat\u00eb, procedur\u00eb prokurimi, akt dhurimi, inventar pajisjesh, modeli teknik apo protokoll p\u00ebr administrimin e t\u00eb dh\u00ebnave.<\/p>\n<p data-a11y-orig-inline=\"\" data-a11y-base-fs=\"18\"><strong data-a11y-orig-inline=\"\" data-a11y-base-fs=\"18\">AKSK pranoi se pajisjet erdh\u00ebn nga Izraeli<\/strong><\/p>\n<p data-a11y-orig-inline=\"\" data-a11y-base-fs=\"18\"><strong data-a11y-orig-inline=\"\" data-a11y-base-fs=\"18\"><img data-recalc-dims=\"1\" loading=\"lazy\" decoding=\"async\" class=\"\" alt=\"Pajisjet izraelite q\u00eb bllokuan TikTok-un dyshohet se p\u00ebrgjuan SPAK-un,\" src=\"https:\/\/i0.wp.com\/media.oranews.tv\/oranews.tv\/media3\/-640-0-img-3832-640x748-1788177461.jpeg?resize=903%2C1055&#038;ssl=1\" width=\"903\" height=\"1055\" data-size=\"x\" data-id=\"867710\" data-a11y-orig-inline=\"\" data-a11y-base-fs=\"18\" \/><\/strong><\/p>\n<p data-a11y-orig-inline=\"\" data-a11y-base-fs=\"18\">Pas denoncimeve t\u00eb ekspert\u00ebve dhe gazetar\u00ebve, AKSK pranoi n\u00eb prill 2025 se pajisjet DPI ishin instaluar n\u00eb rrjetet e Vodafone dhe One.<\/p>\n<p data-a11y-orig-inline=\"\" data-a11y-base-fs=\"18\">N\u00eb p\u00ebrgjigjen zyrtare dh\u00ebn\u00eb gazetarit Emirjon Senja, institucioni i drejtuar at\u00ebher\u00eb nga Igli Tafa deklaroi se pajisjet ishin siguruar nga Izraeli dhe nuk ishin bler\u00eb. Sipas AKSK-s\u00eb, ato ishin marr\u00eb n\u00eb p\u00ebrdorim p\u00ebr nj\u00eb vit dhe do t\u2019i ktheheshin Autoritetit t\u00eb Siguris\u00eb Kibernetike t\u00eb Izraelit.<\/p>\n<p data-a11y-orig-inline=\"\" data-a11y-base-fs=\"18\">AKSK e lidhi sigurimin e tyre me nj\u00eb marr\u00ebveshje bashk\u00ebpunimi t\u00eb n\u00ebnshkruar n\u00eb shkurt 2023 me autoritetin izraelit.<\/p>\n<p data-a11y-orig-inline=\"\" data-a11y-base-fs=\"18\">Megjithat\u00eb, dokumenti i plot\u00eb i marr\u00ebveshjes, kushtet e huazimit, prodhuesi, modelet, numrat serial\u00eb dhe protokollet e p\u00ebrdorimit nuk u b\u00ebn\u00eb publike.<\/p>\n<p data-a11y-orig-inline=\"\" data-a11y-base-fs=\"18\">AKSK deklaroi se teknologjia analizonte vet\u00ebm pjes\u00ebn orientuese t\u00eb paketave t\u00eb internetit dhe nuk mund t\u00eb lexonte p\u00ebrmbajtjen e komunikimeve t\u00eb enkriptuara.<\/p>\n<p data-a11y-orig-inline=\"\" data-a11y-base-fs=\"18\">Ekspert\u00ebt e teknologjis\u00eb ngrit\u00ebn q\u00eb at\u00ebher\u00eb alarmin se, pa transparenc\u00eb mbi konfigurimin, funksionalitetet dhe personat q\u00eb kishin akses, deklaratat e institucionit nuk p\u00ebrb\u00ebnin garanci teknike apo ligjore.<\/p>\n<p data-a11y-orig-inline=\"\" data-a11y-base-fs=\"18\"><strong data-a11y-orig-inline=\"\" data-a11y-base-fs=\"18\">Igli Tafa, nga AKSK-ja n\u00eb krye t\u00eb AKSHI-t<\/strong><\/p>\n<p data-a11y-orig-inline=\"\" data-a11y-base-fs=\"18\"><strong data-a11y-orig-inline=\"\" data-a11y-base-fs=\"18\"><img data-recalc-dims=\"1\" loading=\"lazy\" decoding=\"async\" class=\"\" alt=\"Pajisjet izraelite q\u00eb bllokuan TikTok-un dyshohet se p\u00ebrgjuan SPAK-un,\" src=\"https:\/\/i0.wp.com\/media.oranews.tv\/oranews.tv\/media3\/-640-0-images-7-2-1788177443.jpeg?resize=748%2C532&#038;ssl=1\" width=\"748\" height=\"532\" data-size=\"x\" data-id=\"867709\" data-a11y-orig-inline=\"\" data-a11y-base-fs=\"18\" \/><\/strong><\/p>\n<p data-a11y-orig-inline=\"\" data-a11y-base-fs=\"18\">N\u00eb koh\u00ebn e instalimit dhe p\u00ebrdorimit t\u00eb sistemit DPI, AKSK drejtohej nga Igli Tafa.<\/p>\n<p data-a11y-orig-inline=\"\" data-a11y-base-fs=\"18\">N\u00eb shkurt 2026, Tafa u em\u00ebrua drejtor i p\u00ebrgjithsh\u00ebm i AKSHI-t, institucioni q\u00eb administron nj\u00eb pjes\u00eb t\u00eb r\u00ebnd\u00ebsishme t\u00eb sistemeve dhe t\u00eb dh\u00ebnave digjitale t\u00eb shtetit shqiptar.<\/p>\n<p data-a11y-orig-inline=\"\" data-a11y-base-fs=\"18\">Sipas burimit t\u00eb Publik.al, SPAK po heton p\u00ebrgjegj\u00ebsin\u00eb e tij si ish-drejtues i AKSK-s\u00eb lidhur me sigurimin, instalimin, administrimin dhe kontrollin e pajisjeve.<\/p>\n<p data-a11y-orig-inline=\"\" data-a11y-base-fs=\"18\">Fakti q\u00eb Tafa mban sot drejtimin e AKSHI-t i jep hetimit r\u00ebnd\u00ebsi t\u00eb posa\u00e7me, pasi b\u00ebhet fjal\u00eb p\u00ebr drejtuesin e institucionit q\u00eb administron infrastruktur\u00ebn m\u00eb kritike digjitale t\u00eb vendit.<\/p>\n<p data-a11y-orig-inline=\"\" data-a11y-base-fs=\"18\"><strong data-a11y-orig-inline=\"\" data-a11y-base-fs=\"18\">Gentian Sala dhe roli i AKEP-it<\/strong><\/p>\n<p data-a11y-orig-inline=\"\" data-a11y-base-fs=\"18\"><strong data-a11y-orig-inline=\"\" data-a11y-base-fs=\"18\"><img data-recalc-dims=\"1\" loading=\"lazy\" decoding=\"async\" class=\"\" alt=\"Pajisjet izraelite q\u00eb bllokuan TikTok-un dyshohet se p\u00ebrgjuan SPAK-un,\" src=\"https:\/\/i0.wp.com\/media.oranews.tv\/oranews.tv\/media3\/-640-0-gentian-sala-850x450-1-640x339-1788177423.png?resize=840%2C445&#038;ssl=1\" width=\"840\" height=\"445\" data-size=\"x\" data-id=\"867708\" data-a11y-orig-inline=\"\" data-a11y-base-fs=\"18\" \/><\/strong><\/p>\n<p data-a11y-orig-inline=\"\" data-a11y-base-fs=\"18\">Gentian Sala u zgjodh nga Kuvendi n\u00eb krye t\u00eb AKEP-it m\u00eb 17 shkurt 2025, pak jav\u00eb p\u00ebrpara vendimit p\u00ebr bllokimin e TikTok-ut.<\/p>\n<p data-a11y-orig-inline=\"\" data-a11y-base-fs=\"18\">Sipas burimit t\u00eb Publik.al, SPAK po verifikon rolin e Sal\u00ebs dhe t\u00eb strukturave t\u00eb AKEP-it n\u00eb urdh\u00ebrimin e operator\u00ebve, lejimin e instalimit t\u00eb pajisjeve, kontrollin teknik dhe p\u00ebrdorimin e tyre.<\/p>\n<p data-a11y-orig-inline=\"\" data-a11y-base-fs=\"18\">Nj\u00eb nga \u00e7\u00ebshtjet q\u00eb duhet sqaruar \u00ebsht\u00eb se ku p\u00ebrfundonte roli rregullator i AKEP-it dhe ku fillonte kontrolli operacional mbi pajisjet.<\/p>\n<p data-a11y-orig-inline=\"\" data-a11y-base-fs=\"18\">Publikisht nuk \u00ebsht\u00eb sqaruar se cili institucion zot\u00ebronte fjal\u00ebkalimet administrative, kush mund t\u00eb ndryshonte parametrat e filtrimit dhe kush kontrollonte regjistrat e p\u00ebrdorimit.<\/p>\n<p data-a11y-orig-inline=\"\" data-a11y-base-fs=\"18\"><strong data-a11y-orig-inline=\"\" data-a11y-base-fs=\"18\">Paralajm\u00ebrimet q\u00eb u shp\u00ebrfill\u00ebn<\/strong><\/p>\n<p data-a11y-orig-inline=\"\" data-a11y-base-fs=\"18\">Q\u00eb n\u00eb mars dhe prill 2025, ekspert\u00eb t\u00eb teknologjis\u00eb paralajm\u00ebruan se pajisjet DPI mund t\u00eb shnd\u00ebrroheshin n\u00eb instrument mbik\u00ebqyrjeje, n\u00ebse p\u00ebrdoreshin pa kontroll ligjor dhe teknik.<\/p>\n<div class=\"horizontal imazhiim\" data-mce-contenteditable=\"false\" data-a11y-orig-inline=\"\" data-a11y-base-fs=\"18\">\n<p><img data-recalc-dims=\"1\" loading=\"lazy\" decoding=\"async\" class=\"\" alt=\"Pajisjet izraelite q\u00eb bllokuan TikTok-un dyshohet se p\u00ebrgjuan SPAK-un,\" src=\"https:\/\/i0.wp.com\/media.oranews.tv\/oranews.tv\/media3\/-640-0-besmir-semanaj-640x374-1788177388.jpeg?resize=856%2C500&#038;ssl=1\" width=\"856\" height=\"500\" data-size=\"x\" data-id=\"867707\" data-mce-contenteditable=\"true\" data-a11y-orig-inline=\"\" data-a11y-base-fs=\"18\" \/><\/p>\n<div class=\"captionposhte\" data-a11y-orig-inline=\"\" data-a11y-base-fs=\"18\"><span class=\"tit\" data-a11y-orig-inline=\"\" data-a11y-base-fs=\"12\"><strong data-a11y-orig-inline=\"\" data-a11y-base-fs=\"12\">Eksperti Besmir Semanaj<\/strong><\/span><\/div>\n<\/div>\n<p data-a11y-orig-inline=\"\" data-a11y-base-fs=\"18\">Eksperti Besmir Semanaj deklaroi publikisht se n\u00eb Shqip\u00ebri ndodheshin shtat\u00eb pajisje DPI, nd\u00ebrsa burimet fillestare kishin konfirmuar instalimin e sistemit te dy operator\u00ebt kryesor\u00eb celular\u00eb.<\/p>\n<p data-a11y-orig-inline=\"\" data-a11y-base-fs=\"18\">Publik Media\u00a0 ngriti pik\u00ebpyetje mbi procedur\u00ebn e instalimit, pron\u00ebsin\u00eb, personat me akses dhe rrezikun e monitorimit t\u00eb trafikut t\u00eb qytetar\u00ebve.<\/p>\n<p data-a11y-orig-inline=\"\" data-a11y-base-fs=\"18\">N\u00eb tetor 2025, deputeti Saimir Korreshi deklaroi n\u00eb emisionin \u201cOpinion\u201d se kishte informacion se nj\u00eb pajisje e p\u00ebrdorur p\u00ebr bllokimin e TikTok-ut kishte p\u00ebrgjuar task-forc\u00ebn e ngritur nga SPAK p\u00ebr zgjedhjet.<\/p>\n<p data-a11y-orig-inline=\"\" data-a11y-base-fs=\"18\">N\u00eb at\u00eb koh\u00eb deklarata mbeti nj\u00eb pretendim politik i pakonfirmuar. Informacioni i ri i siguruar nga Publik.al tregon se pik\u00ebrisht p\u00ebrdorimi i pajisjeve ndaj strukturave t\u00eb posa\u00e7me \u00ebsht\u00eb sot pjes\u00eb e verifikimeve hetimore.<\/p>\n<p data-a11y-orig-inline=\"\" data-a11y-base-fs=\"18\"><img data-recalc-dims=\"1\" loading=\"lazy\" decoding=\"async\" class=\"\" alt=\"Pajisjet izraelite q\u00eb bllokuan TikTok-un dyshohet se p\u00ebrgjuan SPAK-un,\" src=\"https:\/\/i0.wp.com\/media.oranews.tv\/oranews.tv\/media3\/-640-0-6254bfcd9a131803a5e5aa2492bf8410.jpeg?resize=741%2C286&#038;ssl=1\" width=\"741\" height=\"286\" data-size=\"x\" data-id=\"867706\" data-a11y-orig-inline=\"\" data-a11y-base-fs=\"18\" \/><\/p>\n<p data-a11y-orig-inline=\"\" data-a11y-base-fs=\"18\"><strong data-a11y-orig-inline=\"\" data-a11y-base-fs=\"18\">Dosja mund t\u00eb prek\u00eb sigurin\u00eb komb\u00ebtare<\/strong><\/p>\n<p data-a11y-orig-inline=\"\" data-a11y-base-fs=\"18\">P\u00ebrdorimi i paautorizuar i teknologjis\u00eb DPI mund t\u00eb ekspozoj\u00eb:<\/p>\n<p data-a11y-orig-inline=\"\" data-a11y-base-fs=\"18\"><em data-a11y-orig-inline=\"\" data-a11y-base-fs=\"18\">komunikime institucionale;<\/em><\/p>\n<p data-a11y-orig-inline=\"\" data-a11y-base-fs=\"18\"><em data-a11y-orig-inline=\"\" data-a11y-base-fs=\"18\">identitetin e hetuesve;<\/em><\/p>\n<p data-a11y-orig-inline=\"\" data-a11y-base-fs=\"18\"><em data-a11y-orig-inline=\"\" data-a11y-base-fs=\"18\">burimet konfidenciale;<\/em><\/p>\n<p data-a11y-orig-inline=\"\" data-a11y-base-fs=\"18\"><em data-a11y-orig-inline=\"\" data-a11y-base-fs=\"18\">objektet e hetimeve penale;<\/em><\/p>\n<p data-a11y-orig-inline=\"\" data-a11y-base-fs=\"18\"><em data-a11y-orig-inline=\"\" data-a11y-base-fs=\"18\">l\u00ebvizjet e strukturave operacionale;<\/em><\/p>\n<p data-a11y-orig-inline=\"\" data-a11y-base-fs=\"18\"><em data-a11y-orig-inline=\"\" data-a11y-base-fs=\"18\">komunikimet me partner\u00ebt nd\u00ebrkomb\u00ebtar\u00eb;<\/em><\/p>\n<p data-a11y-orig-inline=\"\" data-a11y-base-fs=\"18\"><em data-a11y-orig-inline=\"\" data-a11y-base-fs=\"18\">t\u00eb dh\u00ebna t\u00eb klasifikuara;<\/em><\/p>\n<p data-a11y-orig-inline=\"\" data-a11y-base-fs=\"18\"><em data-a11y-orig-inline=\"\" data-a11y-base-fs=\"18\">strategjin\u00eb e hetimeve t\u00eb SPAK-ut dhe BKH-s\u00eb.<\/em><\/p>\n<p data-a11y-orig-inline=\"\" data-a11y-base-fs=\"18\"><em data-a11y-orig-inline=\"\" data-a11y-base-fs=\"18\">N\u00ebse provohet se sistemi \u00ebsht\u00eb p\u00ebrdorur p\u00ebr mo<\/em>nitorimin e strukturave t\u00eb drejt\u00ebsis\u00eb, hetimi mund t\u00eb shtrihet p\u00ebrtej shp\u00ebrdorimit t\u00eb detyr\u00ebs dhe cenimit t\u00eb t\u00eb dh\u00ebnave personale.<\/p>\n<p data-a11y-orig-inline=\"\" data-a11y-base-fs=\"18\">SPAK duhet t\u00eb p\u00ebrcaktoj\u00eb n\u00ebse jan\u00eb konsumuar vepra penale q\u00eb lidhen me nd\u00ebrhyrjen e paautorizuar n\u00eb t\u00eb dh\u00ebnat kompjuterike, p\u00ebrgjimin e paligjsh\u00ebm, pengimin e drejt\u00ebsis\u00eb, nxjerrjen e informacionit t\u00eb mbrojtur dhe cenimin e siguris\u00eb komb\u00ebtare.<\/p>\n<p data-a11y-orig-inline=\"\" data-a11y-base-fs=\"18\">Pyetjet q\u00eb k\u00ebrkojn\u00eb p\u00ebrgjigje nga SPAK dhe Gjykata<\/p>\n<p data-a11y-orig-inline=\"\" data-a11y-base-fs=\"18\"><strong data-a11y-orig-inline=\"\" data-a11y-base-fs=\"18\">Hetimi duhet t\u00eb zbardh\u00eb:<\/strong><\/p>\n<p data-a11y-orig-inline=\"\" data-a11y-base-fs=\"18\"><em data-a11y-orig-inline=\"\" data-a11y-base-fs=\"18\">Sa pajisje DPI hyn\u00eb realisht n\u00eb Shqip\u00ebri?<\/em><\/p>\n<p data-a11y-orig-inline=\"\" data-a11y-base-fs=\"18\"><em data-a11y-orig-inline=\"\" data-a11y-base-fs=\"18\">Kush i solli dhe me \u00e7far\u00eb dokumentacioni doganor?<\/em><\/p>\n<p data-a11y-orig-inline=\"\" data-a11y-base-fs=\"18\"><em data-a11y-orig-inline=\"\" data-a11y-base-fs=\"18\">Cila kompani i prodhoi dhe \u00e7far\u00eb kapacitetesh kishin?<\/em><\/p>\n<p data-a11y-orig-inline=\"\" data-a11y-base-fs=\"18\"><em data-a11y-orig-inline=\"\" data-a11y-base-fs=\"18\">A ekzistonte marr\u00ebveshje e shkruar me autoritetin izraelit?<\/em><\/p>\n<p data-a11y-orig-inline=\"\" data-a11y-base-fs=\"18\"><em data-a11y-orig-inline=\"\" data-a11y-base-fs=\"18\">Kush e autorizoi instalimin n\u00eb rrjetet e Vodafone dhe One?<\/em><\/p>\n<p data-a11y-orig-inline=\"\" data-a11y-base-fs=\"18\"><em data-a11y-orig-inline=\"\" data-a11y-base-fs=\"18\">Kush zot\u00ebronte aksesin administrativ?<\/em><\/p>\n<p data-a11y-orig-inline=\"\" data-a11y-base-fs=\"18\"><em data-a11y-orig-inline=\"\" data-a11y-base-fs=\"18\">Ku ruheshin regjistrat dhe t\u00eb dh\u00ebnat e sistemit?<\/em><\/p>\n<p data-a11y-orig-inline=\"\" data-a11y-base-fs=\"18\"><em data-a11y-orig-inline=\"\" data-a11y-base-fs=\"18\">A u d\u00ebrguan t\u00eb dh\u00ebna jasht\u00eb Shqip\u00ebris\u00eb?<\/em><\/p>\n<p data-a11y-orig-inline=\"\" data-a11y-base-fs=\"18\"><em data-a11y-orig-inline=\"\" data-a11y-base-fs=\"18\">Cil\u00ebt persona apo institucione u monitoruan?<\/em><\/p>\n<p data-a11y-orig-inline=\"\" data-a11y-base-fs=\"18\"><em data-a11y-orig-inline=\"\" data-a11y-base-fs=\"18\">A u p\u00ebrgjuan realisht komunikimet e BKH-s\u00eb dhe SPAK-ut?<\/em><\/p>\n<p data-a11y-orig-inline=\"\" data-a11y-base-fs=\"18\"><em data-a11y-orig-inline=\"\" data-a11y-base-fs=\"18\">Kush dha urdhrat verbal\u00eb p\u00ebr p\u00ebrdorimin e pajisjeve?<\/em><\/p>\n<p data-a11y-orig-inline=\"\" data-a11y-base-fs=\"18\"><em data-a11y-orig-inline=\"\" data-a11y-base-fs=\"18\">P\u00ebrse u zgjodh DPI kur TikTok-u mund t\u00eb bllokohej me metoda m\u00eb pak nd\u00ebrhyr\u00ebse?<\/em><\/p>\n<p data-a11y-orig-inline=\"\" data-a11y-base-fs=\"18\"><em data-a11y-orig-inline=\"\" data-a11y-base-fs=\"18\">P\u00ebrse pajisjet u hoq\u00ebn nga rrjetet e operator\u00ebve vet\u00ebm pak muaj pas instalimit?<\/em><\/p>\n<p data-a11y-orig-inline=\"\" data-a11y-base-fs=\"18\"><em data-a11y-orig-inline=\"\" data-a11y-base-fs=\"18\">A \u00ebsht\u00eb cenuar ndonj\u00eb hetim penal n\u00eb zhvillim?<\/em><\/p>\n<p data-a11y-orig-inline=\"\" data-a11y-base-fs=\"18\"><em data-a11y-orig-inline=\"\" data-a11y-base-fs=\"18\">Kush p\u00ebrfitoi nga informacioni i mbledhur?<\/em><\/p>\n<p data-a11y-orig-inline=\"\" data-a11y-base-fs=\"18\">Publik.al do t\u2019u k\u00ebrkoj\u00eb t\u00eb h\u00ebn\u00ebn zyrtarisht SPAK-ut, AKSHI-t, AKSK-s\u00eb, AKEP-it, Vodafone Albania dhe One Albania sqarime mbi hetimin, sekuestrimin e pajisjeve dhe rezultatet e ekspertiz\u00ebs. \u201cBig Brother-i\u201d izraelit ka p\u00ebrgjuar SPAK-un; kjo \u00ebsht\u00eb pak, por e sigurt.<a href=\"https:\/\/publik.al\/paisjet-izraelite-qe-bllokuan-tiktok-un-pergjuan-spak-un\/?fbclid=IwdGRjcAUBZGhjbGNrBQFkZXBkb2YFZXh0bgNhZW0CMTEAc3J0YwZhcHBfaWQMMzUwNjg1NTMxNzI4AAEeO0rd1QMRXNiZH7guMP0TjzdpxgY0eWxDd2QUsXROs90WHqlqzhrCdkkNedI_aem_DZjsnWiIEvVX4miQETPg_w\" data-a11y-orig-inline=\"\" data-a11y-base-fs=\"18\">\/<strong data-a11y-orig-inline=\"\" data-a11y-base-fs=\"18\">Publik.al<\/strong><\/a><\/p>\n<p data-a11y-orig-inline=\"\" data-a11y-base-fs=\"18\"><strong data-a11y-orig-inline=\"\" data-a11y-base-fs=\"18\">Sh\u00ebnim:\u00a0<\/strong><em data-a11y-orig-inline=\"\" data-a11y-base-fs=\"18\">Ky material nuk \u00ebsht\u00eb prodhim editorial i &#8220;Oranews.tv&#8221;, por \u00ebsht\u00eb ripublikuar nga &#8220;<a href=\"https:\/\/publik.al\/paisjet-izraelite-qe-bllokuan-tiktok-un-pergjuan-spak-un\/?fbclid=IwdGRjcAUBZGhjbGNrBQFkZXBkb2YFZXh0bgNhZW0CMTEAc3J0YwZhcHBfaWQMMzUwNjg1NTMxNzI4AAEeO0rd1QMRXNiZH7guMP0TjzdpxgY0eWxDd2QUsXROs90WHqlqzhrCdkkNedI_aem_DZjsnWiIEvVX4miQETPg_w\" data-a11y-orig-inline=\"\" data-a11y-base-fs=\"18\">Publik.al<\/a>&#8221;\u00a0p\u00ebr q\u00ebllim informimin e publikut mbi nj\u00eb \u00e7\u00ebshtje t\u00eb pretenduar me interes publik. P\u00ebrmbajtja e tij, p\u00ebrfshir\u00eb \u00e7do pretendim, deklarat\u00eb, akuz\u00eb dhe opinion i atribuohet\u00a0&#8220;<a href=\"https:\/\/publik.al\/paisjet-izraelite-qe-bllokuan-tiktok-un-pergjuan-spak-un\/?fbclid=IwdGRjcAUBZGhjbGNrBQFkZXBkb2YFZXh0bgNhZW0CMTEAc3J0YwZhcHBfaWQMMzUwNjg1NTMxNzI4AAEeO0rd1QMRXNiZH7guMP0TjzdpxgY0eWxDd2QUsXROs90WHqlqzhrCdkkNedI_aem_DZjsnWiIEvVX4miQETPg_w\" data-a11y-orig-inline=\"\" data-a11y-base-fs=\"18\">Publik.al<\/a>&#8220;. &#8220;Oranews.tv&#8221; mbetet e hapur p\u00ebr t\u00eb publikuar \u00e7do reagim, sqarim ose p\u00ebrg\u00ebnjeshtrim nga personat, apo subjektet e p\u00ebrmendura n\u00eb material, n\u00eb p\u00ebrputhje me legjislacionin n\u00eb fuqi.<\/em><\/p>\n<p><span>Nga OraNews<\/span><\/p>\n","protected":false},"excerpt":{"rendered":"<p>31 Gusht 2026 Nj\u00eb hetim i fort\u00eb \u00a0i Prokuroris\u00eb s\u00eb Posa\u00e7me po zhvillohet mbi instalimin dhe p\u00ebrdorimin e pajisjeve izraelite \u201cDeep Packet Inspection\u201d n\u00eb rrjetet e komunikimeve elektronike shqiptare gjat\u00eb vitit 2025. Burime konfidenciale brenda Byros\u00eb Komb\u00ebtare t\u00eb Hetimit i than\u00eb redaktorit t\u00eb Publik.al se SPAK ka regjistruar nj\u00eb \u00e7\u00ebshtje lidhur me veprimet e Autoritetit [&hellip;]<\/p>\n","protected":false},"author":9,"featured_media":105579,"comment_status":"open","ping_status":"open","sticky":false,"template":"","format":"standard","meta":{"jetpack_post_was_ever_published":false,"_jetpack_newsletter_access":"","_jetpack_dont_email_post_to_subs":false,"_jetpack_newsletter_tier_id":0,"_jetpack_memberships_contains_paywalled_content":false,"_jetpack_memberships_contains_paid_content":false,"footnotes":"","jetpack_publicize_message":"","jetpack_publicize_feature_enabled":true,"jetpack_social_post_already_shared":true,"jetpack_social_options":{"image_generator_settings":{"template":"highway","default_image_id":0,"font":"","enabled":false},"version":2}},"categories":[27,1,2,35],"tags":[],"class_list":["post-105573","post","type-post","status-publish","format-standard","has-post-thumbnail","hentry","category-blogu-i-udhetarit","category-njoftime-shtypi","category-politika","category-shoqerore"],"jetpack_publicize_connections":[],"jetpack_featured_media_url":"https:\/\/i0.wp.com\/www.shqiperia.com\/blog\/wp-content\/uploads\/2026\/08\/640-0-f0f9f5fdd848216169a3b5ae991e4098.png?fit=640%2C336&ssl=1","jetpack_sharing_enabled":true,"jetpack_shortlink":"https:\/\/wp.me\/p5Z6wp-rsN","jetpack-related-posts":[{"id":104121,"url":"https:\/\/www.shqiperia.com\/blog\/pas-dhermiut-belinda-vile-edhe-ne-palase-spak-sekuestron-projektin-e-arredimit-dyshime-si-pasuri-e-fshehur-e-ballukut\/","url_meta":{"origin":105573,"position":0},"title":"Pas Dh\u00ebrmiut, Belinda vil\u00eb edhe n\u00eb Palas\u00eb, SPAK sekuestron projektin e arredimit: Dyshime si pasuri e fshehur e Ballukut","author":"Kurt Farka","date":"August 10, 2026","format":false,"excerpt":"10 Gusht 2026\u00a0 Nga zb\u00ebrthimi i pajisjeve elektronike jan\u00eb zbuluar komunikime dhe t\u00eb dh\u00ebna trondit\u00ebse q\u00eb drit\u00ebsojn\u00eb nj\u00eb skem\u00eb t\u00eb frikshme korrupsioni. Me vendim t\u00eb Gjykat\u00ebs s\u00eb Posa\u00e7me, hetuesit zbarkuan n\u00eb ambientet e kompanis\u00eb Atelier 4, ku sekuestruan nj\u00eb s\u00ebr\u00eb dokumentesh q\u00eb lidheshin me projektin e arredimit t\u00eb nj\u00eb vile\u2026","rel":"","context":"In &quot;Blogu i Udh\u00ebtarit&quot;","block_context":{"text":"Blogu i Udh\u00ebtarit","link":"https:\/\/www.shqiperia.com\/blog\/category\/blogu-i-udhetarit\/"},"img":{"alt_text":"","src":"https:\/\/i0.wp.com\/www.shqiperia.com\/blog\/wp-content\/uploads\/2026\/08\/Screenshot_20260810_060018_Gallery.jpg?fit=720%2C601&ssl=1&resize=350%2C200","width":350,"height":200,"srcset":"https:\/\/i0.wp.com\/www.shqiperia.com\/blog\/wp-content\/uploads\/2026\/08\/Screenshot_20260810_060018_Gallery.jpg?fit=720%2C601&ssl=1&resize=350%2C200 1x, https:\/\/i0.wp.com\/www.shqiperia.com\/blog\/wp-content\/uploads\/2026\/08\/Screenshot_20260810_060018_Gallery.jpg?fit=720%2C601&ssl=1&resize=525%2C300 1.5x, https:\/\/i0.wp.com\/www.shqiperia.com\/blog\/wp-content\/uploads\/2026\/08\/Screenshot_20260810_060018_Gallery.jpg?fit=720%2C601&ssl=1&resize=700%2C400 2x"},"classes":[]},{"id":103797,"url":"https:\/\/www.shqiperia.com\/blog\/arrestimi-i-ermal-beqirit-ne-france-ne-panik-rrjeti-i-akshi-t\/","url_meta":{"origin":105573,"position":1},"title":"Arrestimi i Ermal Beqirit n\u00eb Franc\u00eb, n\u00eb panik rrjeti i AKSHI-t","author":"Kurt Farka","date":"August 4, 2026","format":false,"excerpt":"4 Gusht 2026 Sipas raportimeve t\u00eb mediave franceze, si Journal du Dimanche, pajisjet dhe mesazhet e sekuestruara p\u00ebrfshijn\u00eb komunikimet e Beqirit gjat\u00eb gjith\u00eb periudh\u00ebs s\u00eb arratis\u00eb, duke rrezikuar t\u00eb hapin nj\u00eb kapitull t\u00eb ri n\u00eb dosjet e drejt\u00ebsis\u00eb p\u00ebr abuzimet me tender\u00ebt dhe kontratat e AKSHI-t. Ermal Beqiri, ish-pjes\u00eb e\u2026","rel":"","context":"In &quot;Blogu i Udh\u00ebtarit&quot;","block_context":{"text":"Blogu i Udh\u00ebtarit","link":"https:\/\/www.shqiperia.com\/blog\/category\/blogu-i-udhetarit\/"},"img":{"alt_text":"","src":"https:\/\/i0.wp.com\/www.shqiperia.com\/blog\/wp-content\/uploads\/2026\/08\/640-0-2445048789f7cce936e6afa796b4be6b.jpeg?fit=640%2C405&ssl=1&resize=350%2C200","width":350,"height":200,"srcset":"https:\/\/i0.wp.com\/www.shqiperia.com\/blog\/wp-content\/uploads\/2026\/08\/640-0-2445048789f7cce936e6afa796b4be6b.jpeg?fit=640%2C405&ssl=1&resize=350%2C200 1x, https:\/\/i0.wp.com\/www.shqiperia.com\/blog\/wp-content\/uploads\/2026\/08\/640-0-2445048789f7cce936e6afa796b4be6b.jpeg?fit=640%2C405&ssl=1&resize=525%2C300 1.5x"},"classes":[]},{"id":102316,"url":"https:\/\/www.shqiperia.com\/blog\/spak-zbarkon-ne-kadaster-nen-hetim-drejtues-dhe-zyrtare-te-larte\/","url_meta":{"origin":105573,"position":2},"title":"SPAK zbarkon n\u00eb Kadast\u00ebr, n\u00ebn hetim drejtues dhe zyrtar\u00eb t\u00eb lart\u00eb","author":"Kurt Farka","date":"July 6, 2026","format":false,"excerpt":"6 Korrik 2026 Byroja Komb\u00ebtore e Hetimit (BKH), ka zbarkuar n\u00eb ASHK, nj\u00eb nga institucionet m\u00eb t\u00eb akuzuara p\u00ebr korrupsion dhe veprime t\u00eb kund\u00ebrligjshme. Sipas burimeve kontrollet jan\u00eb n\u00eb kuad\u00ebr t\u00eb nj\u00eb hetimi t\u00eb gjer\u00eb p\u00ebr disa drejtues dhe zyrtar\u00eb t\u00eb Kadastr\u00ebs n\u00eb disa qytete t\u00eb vendit. Dyshohet p\u00ebr nj\u00eb\u2026","rel":"","context":"In &quot;Blogu i Udh\u00ebtarit&quot;","block_context":{"text":"Blogu i Udh\u00ebtarit","link":"https:\/\/www.shqiperia.com\/blog\/category\/blogu-i-udhetarit\/"},"img":{"alt_text":"","src":"https:\/\/i0.wp.com\/www.shqiperia.com\/blog\/wp-content\/uploads\/2026\/07\/640-0-foto-8-900x570-1783340685-e1783344868937.jpeg?fit=562%2C405&ssl=1&resize=350%2C200","width":350,"height":200,"srcset":"https:\/\/i0.wp.com\/www.shqiperia.com\/blog\/wp-content\/uploads\/2026\/07\/640-0-foto-8-900x570-1783340685-e1783344868937.jpeg?fit=562%2C405&ssl=1&resize=350%2C200 1x, https:\/\/i0.wp.com\/www.shqiperia.com\/blog\/wp-content\/uploads\/2026\/07\/640-0-foto-8-900x570-1783340685-e1783344868937.jpeg?fit=562%2C405&ssl=1&resize=525%2C300 1.5x"},"classes":[]},{"id":103103,"url":"https:\/\/www.shqiperia.com\/blog\/fox-news-cnn-the-new-york-times-cbs-news-the-times-anadolu-agency-mediat-nderkombetare-zbarkojne-ne-spak\/","url_meta":{"origin":105573,"position":3},"title":"Fox News, CNN, The New York Times, CBS News, The Times, Anadolu Agency\/ Mediat nd\u00ebrkomb\u00ebtare \u201czbarkojn\u00eb\u201d n\u00eb SPAK","author":"Kurt Farka","date":"July 22, 2026","format":false,"excerpt":"22 Korrik 2026 Interesi i mediave\u00a0nd\u00ebrkomb\u00ebtare p\u00ebr projektet n\u00eb\u00a0bregdetin shqiptar, t\u00eb\u00a0lidhura me Jared\u00a0Kushner, dh\u00ebndrin e Presidentit amerikan Donald\u00a0Trump, kan\u00eb sjell\u00eb\u00a0nj\u00eb bresh\u00ebri pyetjesh p\u00ebr Prokurorin\u00eb e Posa\u00e7me. Mediat si\u00a0Fox News, CNN, The New York\u00a0Times, CBS News, The Times, Anadolu\u00a0Agency\u00a0dhe disa t\u00eb tjera\u00a0kan\u00eb k\u00ebrkuar\u00a0konfirmim n\u00ebse Prokuroria\u00a0e\u00a0Posa\u00e7me po heton\u00a0projektet turistike n\u00eb\u00a0Sazan, Zv\u00ebrnec apo\u00a0Vjos\u00eb-Nart\u00eb,\u2026","rel":"","context":"In &quot;Blogu i Udh\u00ebtarit&quot;","block_context":{"text":"Blogu i Udh\u00ebtarit","link":"https:\/\/www.shqiperia.com\/blog\/category\/blogu-i-udhetarit\/"},"img":{"alt_text":"","src":"https:\/\/i0.wp.com\/www.shqiperia.com\/blog\/wp-content\/uploads\/2026\/07\/6a60cd6da34ec-1.png?fit=1200%2C630&ssl=1&resize=350%2C200","width":350,"height":200,"srcset":"https:\/\/i0.wp.com\/www.shqiperia.com\/blog\/wp-content\/uploads\/2026\/07\/6a60cd6da34ec-1.png?fit=1200%2C630&ssl=1&resize=350%2C200 1x, https:\/\/i0.wp.com\/www.shqiperia.com\/blog\/wp-content\/uploads\/2026\/07\/6a60cd6da34ec-1.png?fit=1200%2C630&ssl=1&resize=525%2C300 1.5x, https:\/\/i0.wp.com\/www.shqiperia.com\/blog\/wp-content\/uploads\/2026\/07\/6a60cd6da34ec-1.png?fit=1200%2C630&ssl=1&resize=700%2C400 2x, https:\/\/i0.wp.com\/www.shqiperia.com\/blog\/wp-content\/uploads\/2026\/07\/6a60cd6da34ec-1.png?fit=1200%2C630&ssl=1&resize=1050%2C600 3x"},"classes":[]},{"id":96093,"url":"https:\/\/www.shqiperia.com\/blog\/spak-perfundon-kontrollet-ne-banesat-dhe-zyrat-e-34-zyrtareve-dhe-biznesmeneve-te-perfshire-ne-dosjen-balluku-mes-tyre-shefja-e-kabinetit-sindi-dushku\/","url_meta":{"origin":105573,"position":4},"title":"SPAK p\u00ebrfundon kontrollet n\u00eb banesat dhe zyrat e 34 zyrtar\u00ebve dhe biznesmen\u00ebve t\u00eb p\u00ebrfshir\u00eb n\u00eb dosjen \u201cBalluku\u201d, mes tyre shefja e kabinetit Sindi Dushku","author":"Kurt Farka","date":"December 27, 2025","format":false,"excerpt":"27 Dhjetor 2025 Jan\u00eb t\u00eb pakt\u00ebn 54 kontrolle n\u00ebp\u00ebr banesa zyra dhe biznese q\u00eb po kryen nga agjent\u00ebt e Byros\u00eb Komb\u00ebtare t\u00eb Hetimit me urdh\u00ebr t\u00eb prokuroreve t\u00eb SPAK. Kontrollet po b\u00ebhen si pjes\u00eb t\u00eb hetimit p\u00ebr dosjen me akuzat ndaj zv.kryeministres Belinda Balluku dhe bashk\u00ebpun\u00ebtor\u00ebve t\u00eb saj, nj\u00eb pjes\u00eb\u2026","rel":"","context":"In &quot;Blogu i Udh\u00ebtarit&quot;","block_context":{"text":"Blogu i Udh\u00ebtarit","link":"https:\/\/www.shqiperia.com\/blog\/category\/blogu-i-udhetarit\/"},"img":{"alt_text":"","src":"https:\/\/i0.wp.com\/www.shqiperia.com\/blog\/wp-content\/uploads\/2025\/12\/balluku.webp?fit=1043%2C582&ssl=1&resize=350%2C200","width":350,"height":200,"srcset":"https:\/\/i0.wp.com\/www.shqiperia.com\/blog\/wp-content\/uploads\/2025\/12\/balluku.webp?fit=1043%2C582&ssl=1&resize=350%2C200 1x, https:\/\/i0.wp.com\/www.shqiperia.com\/blog\/wp-content\/uploads\/2025\/12\/balluku.webp?fit=1043%2C582&ssl=1&resize=525%2C300 1.5x, https:\/\/i0.wp.com\/www.shqiperia.com\/blog\/wp-content\/uploads\/2025\/12\/balluku.webp?fit=1043%2C582&ssl=1&resize=700%2C400 2x"},"classes":[]},{"id":103156,"url":"https:\/\/www.shqiperia.com\/blog\/bkh-ne-banesen-e-biznesmenit-te-farmaceutikes-dyshime-per-korrupsion-me-familjarin-e-ogerta-manastirliut\/","url_meta":{"origin":105573,"position":5},"title":"BKH n\u00eb banes\u00ebn e biznesmenit t\u00eb farmaceutik\u00ebs, dyshime p\u00ebr korrupsion me familjarin e Ogerta Manastirliut","author":"Kurt Farka","date":"July 24, 2026","format":false,"excerpt":"24 Korrik 2026 Nj\u00eb biznesmen q\u00eb kontrollon nj\u00eb prej depove farmaceutike m\u00eb t\u00eb njohura n\u00eb Shqip\u00ebri \u00ebsht\u00eb v\u00ebn\u00eb n\u00ebn hetimin e Prokuroris\u00eb s\u00eb Posa\u00e7me Kund\u00ebr Korrupsionit dhe Krimit t\u00eb Organizuar. Burime t\u00eb VOX News pran\u00eb SPAK b\u00ebjn\u00eb me dije se agjent\u00ebt e BKH-s\u00eb kan\u00eb ushtruar kontroll n\u00eb banes\u00ebn e biznesmenit\u2026","rel":"","context":"In &quot;Blogu i Udh\u00ebtarit&quot;","block_context":{"text":"Blogu i Udh\u00ebtarit","link":"https:\/\/www.shqiperia.com\/blog\/category\/blogu-i-udhetarit\/"},"img":{"alt_text":"","src":"https:\/\/i0.wp.com\/www.shqiperia.com\/blog\/wp-content\/uploads\/2026\/07\/580-403-chatgpt-image-jul-24-2026-11-23-05-am-1784885824.webp?fit=580%2C403&ssl=1&resize=350%2C200","width":350,"height":200,"srcset":"https:\/\/i0.wp.com\/www.shqiperia.com\/blog\/wp-content\/uploads\/2026\/07\/580-403-chatgpt-image-jul-24-2026-11-23-05-am-1784885824.webp?fit=580%2C403&ssl=1&resize=350%2C200 1x, https:\/\/i0.wp.com\/www.shqiperia.com\/blog\/wp-content\/uploads\/2026\/07\/580-403-chatgpt-image-jul-24-2026-11-23-05-am-1784885824.webp?fit=580%2C403&ssl=1&resize=525%2C300 1.5x"},"classes":[]}],"_links":{"self":[{"href":"https:\/\/www.shqiperia.com\/blog\/wp-json\/wp\/v2\/posts\/105573","targetHints":{"allow":["GET"]}}],"collection":[{"href":"https:\/\/www.shqiperia.com\/blog\/wp-json\/wp\/v2\/posts"}],"about":[{"href":"https:\/\/www.shqiperia.com\/blog\/wp-json\/wp\/v2\/types\/post"}],"author":[{"embeddable":true,"href":"https:\/\/www.shqiperia.com\/blog\/wp-json\/wp\/v2\/users\/9"}],"replies":[{"embeddable":true,"href":"https:\/\/www.shqiperia.com\/blog\/wp-json\/wp\/v2\/comments?post=105573"}],"version-history":[{"count":2,"href":"https:\/\/www.shqiperia.com\/blog\/wp-json\/wp\/v2\/posts\/105573\/revisions"}],"predecessor-version":[{"id":105580,"href":"https:\/\/www.shqiperia.com\/blog\/wp-json\/wp\/v2\/posts\/105573\/revisions\/105580"}],"wp:featuredmedia":[{"embeddable":true,"href":"https:\/\/www.shqiperia.com\/blog\/wp-json\/wp\/v2\/media\/105579"}],"wp:attachment":[{"href":"https:\/\/www.shqiperia.com\/blog\/wp-json\/wp\/v2\/media?parent=105573"}],"wp:term":[{"taxonomy":"category","embeddable":true,"href":"https:\/\/www.shqiperia.com\/blog\/wp-json\/wp\/v2\/categories?post=105573"},{"taxonomy":"post_tag","embeddable":true,"href":"https:\/\/www.shqiperia.com\/blog\/wp-json\/wp\/v2\/tags?post=105573"}],"curies":[{"name":"wp","href":"https:\/\/api.w.org\/{rel}","templated":true}]}}