{"id":105569,"date":"2026-08-31T14:47:56","date_gmt":"2026-08-31T14:47:56","guid":{"rendered":"https:\/\/www.shqiperia.com\/blog\/?p=105569"},"modified":"2026-08-31T14:51:30","modified_gmt":"2026-08-31T14:51:30","slug":"albin-kurti-dhe-lumir-abdixhiku-arrijne-marreveshjen-ja-emri-i-kandidatit-per-president-te-kosoves","status":"publish","type":"post","link":"https:\/\/www.shqiperia.com\/blog\/albin-kurti-dhe-lumir-abdixhiku-arrijne-marreveshjen-ja-emri-i-kandidatit-per-president-te-kosoves\/","title":{"rendered":"Albin Kurti dhe Lumir Abdixhiku arrijn\u00eb marr\u00ebveshjen, ja emri i kandidatit p\u00ebr President t\u00eb Kosov\u00ebs"},"content":{"rendered":"<p><img data-recalc-dims=\"1\" loading=\"lazy\" decoding=\"async\" data-attachment-id=\"105571\" data-permalink=\"https:\/\/www.shqiperia.com\/blog\/albin-kurti-dhe-lumir-abdixhiku-arrijne-marreveshjen-ja-emri-i-kandidatit-per-president-te-kosoves\/1-41\/\" data-orig-file=\"https:\/\/i0.wp.com\/www.shqiperia.com\/blog\/wp-content\/uploads\/2026\/08\/1-1.webp?fit=852%2C480&amp;ssl=1\" data-orig-size=\"852,480\" data-comments-opened=\"1\" data-image-meta=\"{&quot;aperture&quot;:&quot;0&quot;,&quot;credit&quot;:&quot;&quot;,&quot;camera&quot;:&quot;&quot;,&quot;caption&quot;:&quot;&quot;,&quot;created_timestamp&quot;:&quot;0&quot;,&quot;copyright&quot;:&quot;&quot;,&quot;focal_length&quot;:&quot;0&quot;,&quot;iso&quot;:&quot;0&quot;,&quot;shutter_speed&quot;:&quot;0&quot;,&quot;title&quot;:&quot;&quot;,&quot;orientation&quot;:&quot;0&quot;}\" data-image-title=\"1\" data-image-description=\"\" data-image-caption=\"\" data-medium-file=\"https:\/\/i0.wp.com\/www.shqiperia.com\/blog\/wp-content\/uploads\/2026\/08\/1-1.webp?fit=300%2C169&amp;ssl=1\" data-large-file=\"https:\/\/i0.wp.com\/www.shqiperia.com\/blog\/wp-content\/uploads\/2026\/08\/1-1.webp?fit=852%2C480&amp;ssl=1\" class=\"alignnone wp-image-105571\" alt=\"\" src=\"https:\/\/i0.wp.com\/www.shqiperia.com\/blog\/wp-content\/uploads\/2026\/08\/1-1.webp?resize=469%2C264&#038;ssl=1\" width=\"469\" height=\"264\" srcset=\"https:\/\/i0.wp.com\/www.shqiperia.com\/blog\/wp-content\/uploads\/2026\/08\/1-1.webp?resize=300%2C169&amp;ssl=1 300w, https:\/\/i0.wp.com\/www.shqiperia.com\/blog\/wp-content\/uploads\/2026\/08\/1-1.webp?resize=768%2C433&amp;ssl=1 768w, https:\/\/i0.wp.com\/www.shqiperia.com\/blog\/wp-content\/uploads\/2026\/08\/1-1.webp?resize=450%2C254&amp;ssl=1 450w, https:\/\/i0.wp.com\/www.shqiperia.com\/blog\/wp-content\/uploads\/2026\/08\/1-1.webp?resize=600%2C338&amp;ssl=1 600w, https:\/\/i0.wp.com\/www.shqiperia.com\/blog\/wp-content\/uploads\/2026\/08\/1-1.webp?resize=400%2C225&amp;ssl=1 400w, https:\/\/i0.wp.com\/www.shqiperia.com\/blog\/wp-content\/uploads\/2026\/08\/1-1.webp?w=852&amp;ssl=1 852w\" sizes=\"auto, (max-width: 469px) 100vw, 469px\" \/><\/p>\n<p><strong>31 Gusht 2026<\/strong><\/p>\n<p><strong>Kryetari i L\u00ebvizjes Vet\u00ebvendosje, Albin Kurti dhe ai i LDK-s\u00eb, Lumir Abdixhiku kan\u00eb arritur marr\u00ebveshjen p\u00ebr presidentin.<\/strong><\/p>\n<p>Ata kane rene dakord qe kandidati p\u00ebr president t\u00eb jet\u00eb<strong><span>\u00a0<\/span>Bekim Sejdiu.<\/strong><\/p>\n<p>Abdixhiku deklaroi per mediat se\u00a0bisedimet nuk kan\u00eb qen\u00eb t\u00eb lehta, por kan\u00eb qen\u00eb shteruese dhe se pal\u00ebt kan\u00eb qen\u00eb t\u00eb p\u00ebrkushtuara p\u00ebr t\u00eb gjetur nj\u00eb em\u00ebr konsensual.<\/p>\n<p>\u201cNga t\u00eb gjith\u00eb emrat q\u00eb jan\u00eb propozuar e shqyrtuar, gjat\u00eb diskutimeve tona t\u00eb p\u00ebrbashk\u00ebta jemi dakorduar p\u00ebr nj\u00eb em\u00ebr e ai \u00ebsht\u00eb profesor doktor Bekim Sejdiu\u201d, deklaroi Abdixhiku.<\/p>\n<p>Kreu i LDK-s\u00eb e vler\u00ebsoi lart karrier\u00ebn e Sejdiut, duke e p\u00ebrshkruar at\u00eb si nj\u00eb figur\u00eb me p\u00ebrvoj\u00eb dhe karrier\u00eb t\u00eb shquar.<\/p>\n<p>\u201cBisedimet nuk ishin t\u00eb lehta, por ishin shteruese. Kemi qen\u00eb t\u00eb p\u00ebrkushtuar t\u00eb p\u00ebrcaktohemi p\u00ebr nj\u00eb em\u00ebr konsensual p\u00ebr president\u201d, tha Abdixhiku.<\/p>\n","protected":false},"excerpt":{"rendered":"<p>31 Gusht 2026 Kryetari i L\u00ebvizjes Vet\u00ebvendosje, Albin Kurti dhe ai i LDK-s\u00eb, Lumir Abdixhiku kan\u00eb arritur marr\u00ebveshjen p\u00ebr presidentin. Ata kane rene dakord qe kandidati p\u00ebr president t\u00eb jet\u00eb\u00a0Bekim Sejdiu. Abdixhiku deklaroi per mediat se\u00a0bisedimet nuk kan\u00eb qen\u00eb t\u00eb lehta, por kan\u00eb qen\u00eb shteruese dhe se pal\u00ebt kan\u00eb qen\u00eb t\u00eb p\u00ebrkushtuara p\u00ebr t\u00eb gjetur [&hellip;]<\/p>\n","protected":false},"author":9,"featured_media":105571,"comment_status":"open","ping_status":"open","sticky":false,"template":"","format":"standard","meta":{"jetpack_post_was_ever_published":false,"_jetpack_newsletter_access":"","_jetpack_dont_email_post_to_subs":false,"_jetpack_newsletter_tier_id":0,"_jetpack_memberships_contains_paywalled_content":false,"_jetpack_memberships_contains_paid_content":false,"footnotes":"","jetpack_publicize_message":"","jetpack_publicize_feature_enabled":true,"jetpack_social_post_already_shared":true,"jetpack_social_options":{"image_generator_settings":{"template":"highway","default_image_id":0,"font":"","enabled":false},"version":2}},"categories":[27,10,1,2,35],"tags":[],"class_list":["post-105569","post","type-post","status-publish","format-standard","has-post-thumbnail","hentry","category-blogu-i-udhetarit","category-kultura","category-njoftime-shtypi","category-politika","category-shoqerore"],"jetpack_publicize_connections":[],"jetpack_featured_media_url":"https:\/\/i0.wp.com\/www.shqiperia.com\/blog\/wp-content\/uploads\/2026\/08\/1-1.webp?fit=852%2C480&ssl=1","jetpack_sharing_enabled":true,"jetpack_shortlink":"https:\/\/wp.me\/p5Z6wp-rsJ","jetpack-related-posts":[{"id":103973,"url":"https:\/\/www.shqiperia.com\/blog\/negociatat-e-deshtuara-ne-kosove-ldk-kerkon-presidentin-per-vjosa-osmanin-kurti-i-ofron-vetem-minist\/","url_meta":{"origin":105569,"position":0},"title":"Negociatat e d\u00ebshtuara n\u00eb Kosov\u00eb. LDK k\u00ebrkon Presidentin p\u00ebr Vjosa Osmanin, Kurti i ofron vet\u00ebm minist","author":"Kurt Farka","date":"August 8, 2026","format":false,"excerpt":"8 Gusht 2026 Seanca p\u00ebr konstituimin e Kuvendit t\u00eb Kosov\u00ebs do t\u00eb mbahet s\u00ebrish so n\u00eb or\u00ebn 11:00. Posti i presidentit \u00ebsht\u00eb shkaktari i mosmarr\u00ebveshjes mes L\u00ebvizjes Vet\u00ebvendosje dhe Lidhjes Demokratike t\u00eb Kosov\u00ebs. Edhe takimi i s\u00eb m\u00ebrkur\u00ebs mes Albin Kurtit dhe Lumir Abdixhikut, i mbajtur n\u00eb or\u00ebt e fundit\u2026","rel":"","context":"In &quot;Blogu i Udh\u00ebtarit&quot;","block_context":{"text":"Blogu i Udh\u00ebtarit","link":"https:\/\/www.shqiperia.com\/blog\/category\/blogu-i-udhetarit\/"},"img":{"alt_text":"","src":"https:\/\/i0.wp.com\/www.shqiperia.com\/blog\/wp-content\/uploads\/2026\/08\/554747-800x450-1.webp?fit=800%2C450&ssl=1&resize=350%2C200","width":350,"height":200,"srcset":"https:\/\/i0.wp.com\/www.shqiperia.com\/blog\/wp-content\/uploads\/2026\/08\/554747-800x450-1.webp?fit=800%2C450&ssl=1&resize=350%2C200 1x, https:\/\/i0.wp.com\/www.shqiperia.com\/blog\/wp-content\/uploads\/2026\/08\/554747-800x450-1.webp?fit=800%2C450&ssl=1&resize=525%2C300 1.5x, https:\/\/i0.wp.com\/www.shqiperia.com\/blog\/wp-content\/uploads\/2026\/08\/554747-800x450-1.webp?fit=800%2C450&ssl=1&resize=700%2C400 2x"},"classes":[]},{"id":100554,"url":"https:\/\/www.shqiperia.com\/blog\/fati-i-martinajt-gazetari-ata-qe-organizuan-rrembimin-e-tij-ishin-aq-shume-sa-mund-te-pushtonin-parlamentin\/","url_meta":{"origin":105569,"position":1},"title":"Fati i Martinajt\/ Gazetari: &#8211; Ata q\u00eb organizuan rr\u00ebmbimin e tij ishin aq shum\u00eb sa mund t\u00eb pushtonin parlamentin\u2026","author":"Kurt Farka","date":"May 22, 2026","format":false,"excerpt":"22 Maji 2026 Gazetari Ferdinand Dervishi ka folur p\u00ebr zhdukjen e Ervis Martinajt. Sipas gazetarit ka nj\u00eb sabotim t\u00eb mir\u00eborganizuar q\u00eb ngjarja t\u00eb mbetet n\u00eb err\u00ebsir\u00eb. Gazetari ka deklaruar se n\u00eb rr\u00ebmbimin e Ervis Martinajt nuk kan\u00eb marr\u00eb pjes\u00eb nj\u00eb apo 2 persona por mund t\u00eb ken\u00eb qen\u00eb 100 apo\u2026","rel":"","context":"In &quot;Kultura&quot;","block_context":{"text":"Kultura","link":"https:\/\/www.shqiperia.com\/blog\/category\/kultura\/"},"img":{"alt_text":"","src":"https:\/\/i0.wp.com\/www.shqiperia.com\/blog\/wp-content\/uploads\/2026\/05\/Ferdinand-Dervishi.jpg?fit=640%2C444&ssl=1&resize=350%2C200","width":350,"height":200,"srcset":"https:\/\/i0.wp.com\/www.shqiperia.com\/blog\/wp-content\/uploads\/2026\/05\/Ferdinand-Dervishi.jpg?fit=640%2C444&ssl=1&resize=350%2C200 1x, https:\/\/i0.wp.com\/www.shqiperia.com\/blog\/wp-content\/uploads\/2026\/05\/Ferdinand-Dervishi.jpg?fit=640%2C444&ssl=1&resize=525%2C300 1.5x"},"classes":[]},{"id":103364,"url":"https:\/\/www.shqiperia.com\/blog\/odisea-i-matt-damon-dhe-odisea-i-bekim-fehmiut\/","url_meta":{"origin":105569,"position":2},"title":"ODISEA I MATT DAMON DHE ODISEA I BEKIM FEHMIUT","author":"Kurt Farka","date":"July 28, 2026","format":false,"excerpt":"28 Korrik 2026 Nga Ben Blushi Dy dit\u00ebt e fundit pash\u00eb dy Odise. At\u00eb t\u00eb Matt Damon q\u00eb po p\u00ebrmbyt kinemat\u00eb e bot\u00ebs dhe Odisean e aktorit kosovar Bekim Fehmiu t\u00eb xhiruar n\u00eb vitin 1968 nga italian\u00ebt. Me nj\u00eb sy t\u00eb shpejt\u00eb, versioni i ri ngjan me bagazhin e nj\u00eb\u2026","rel":"","context":"In &quot;Arte&quot;","block_context":{"text":"Arte","link":"https:\/\/www.shqiperia.com\/blog\/category\/arte\/"},"img":{"alt_text":"","src":"https:\/\/i0.wp.com\/www.shqiperia.com\/blog\/wp-content\/uploads\/2026\/07\/Bekim-Fehmiu.jpg?fit=1000%2C800&ssl=1&resize=350%2C200","width":350,"height":200,"srcset":"https:\/\/i0.wp.com\/www.shqiperia.com\/blog\/wp-content\/uploads\/2026\/07\/Bekim-Fehmiu.jpg?fit=1000%2C800&ssl=1&resize=350%2C200 1x, https:\/\/i0.wp.com\/www.shqiperia.com\/blog\/wp-content\/uploads\/2026\/07\/Bekim-Fehmiu.jpg?fit=1000%2C800&ssl=1&resize=525%2C300 1.5x, https:\/\/i0.wp.com\/www.shqiperia.com\/blog\/wp-content\/uploads\/2026\/07\/Bekim-Fehmiu.jpg?fit=1000%2C800&ssl=1&resize=700%2C400 2x"},"classes":[]},{"id":101381,"url":"https:\/\/www.shqiperia.com\/blog\/protesta-ka-zgjuar-nervin-qytetar-dhe-ka-promovuar-shqiperine-pozitivisht\/","url_meta":{"origin":105569,"position":3},"title":"Protesta ka zgjuar nervin qytetar dhe ka promovuar Shqip\u00ebrin\u00eb pozitivisht","author":"Kurt Farka","date":"June 10, 2026","format":false,"excerpt":"10 Qershor 2026 Gazetari Flori Gjini, i ftuar n\u00eb nje studio televizive, komentoi protestat qytetare q\u00eb po zhvillohen n\u00eb Tiran\u00eb, duke i cil\u00ebsuar ato si nj\u00eb shprehje t\u00eb nj\u00eb fryme t\u00eb gjer\u00eb demokratike q\u00eb ka angazhuar shtresa t\u00eb ndryshme t\u00eb shoq\u00ebris\u00eb shqiptare, brenda dhe jasht\u00eb vendit. Sipas Gjinit, protestat kan\u00eb\u2026","rel":"","context":"In &quot;Blogu i Udh\u00ebtarit&quot;","block_context":{"text":"Blogu i Udh\u00ebtarit","link":"https:\/\/www.shqiperia.com\/blog\/category\/blogu-i-udhetarit\/"},"img":{"alt_text":"","src":"https:\/\/i0.wp.com\/www.shqiperia.com\/blog\/wp-content\/uploads\/2026\/06\/protesta-tirane-zverneci-696x386-1.png?fit=696%2C386&ssl=1&resize=350%2C200","width":350,"height":200,"srcset":"https:\/\/i0.wp.com\/www.shqiperia.com\/blog\/wp-content\/uploads\/2026\/06\/protesta-tirane-zverneci-696x386-1.png?fit=696%2C386&ssl=1&resize=350%2C200 1x, https:\/\/i0.wp.com\/www.shqiperia.com\/blog\/wp-content\/uploads\/2026\/06\/protesta-tirane-zverneci-696x386-1.png?fit=696%2C386&ssl=1&resize=525%2C300 1.5x"},"classes":[]},{"id":102530,"url":"https:\/\/www.shqiperia.com\/blog\/investitoret-nuk-kane-qene-ne-dijeni-the-daily-beast-artur-shehu-dyshohet-se-ndertoi-perandorine-e-pronave-ne-zvernec-me-dokumente-te-falsifikuara\/","url_meta":{"origin":105569,"position":4},"title":"\u201cInvestitor\u00ebt nuk kan\u00eb qen\u00eb n\u00eb dijeni\u201d\/ The Daily Beast: Artur Shehu, dyshohet se nd\u00ebrtoi perandorin\u00eb e pronave n\u00eb Zv\u00ebrnec me dokumente t\u00eb falsifikuara","author":"Kurt Farka","date":"July 12, 2026","format":false,"excerpt":"12 Korrik 2026 Artikulli i publikuar nga The Daily Beast i kushton v\u00ebmendje zhvillimeve t\u00eb fundit rreth projektit luksoz turistik t\u00eb Jared Kushner dhe Ivanka Trump n\u00eb Shqip\u00ebri, duke raportuar se investimi \u00ebsht\u00eb p\u00ebrballur me nj\u00eb penges\u00eb t\u00eb re pas hetimeve t\u00eb Prokuroris\u00eb s\u00eb Posa\u00e7me (SPAK). Sipas artikullit, SPAK po\u2026","rel":"","context":"In &quot;Blogu i Udh\u00ebtarit&quot;","block_context":{"text":"Blogu i Udh\u00ebtarit","link":"https:\/\/www.shqiperia.com\/blog\/category\/blogu-i-udhetarit\/"},"img":{"alt_text":"","src":"https:\/\/i0.wp.com\/www.shqiperia.com\/blog\/wp-content\/uploads\/2026\/07\/zverneci2.jpg?fit=665%2C426&ssl=1&resize=350%2C200","width":350,"height":200,"srcset":"https:\/\/i0.wp.com\/www.shqiperia.com\/blog\/wp-content\/uploads\/2026\/07\/zverneci2.jpg?fit=665%2C426&ssl=1&resize=350%2C200 1x, https:\/\/i0.wp.com\/www.shqiperia.com\/blog\/wp-content\/uploads\/2026\/07\/zverneci2.jpg?fit=665%2C426&ssl=1&resize=525%2C300 1.5x"},"classes":[]},{"id":99783,"url":"https:\/\/www.shqiperia.com\/blog\/takohen-lumir-abdixhiku-dhe-vjosa-osmani\/","url_meta":{"origin":105569,"position":5},"title":"Takohen Lumir Abdixhiku dhe Vjosa Osmani","author":"Kurt Farka","date":"April 30, 2026","format":false,"excerpt":"30 Prill 2026 Kryetari i LDK-s\u00eb, Lumir Abdixhiku dhe ish-presidentja Vjosa Osmani po zhvillojn\u00eb takim sonte n\u00eb nj\u00eb restorant n\u00eb Prishtin\u00eb, rrug\u00ebs p\u00ebr G\u00ebrmi, si\u00e7 shihet edhe n\u00eb k\u00ebt\u00eb fotografi, t\u00eb siguruar nga KosovaPress. Abdixhiku tashm\u00eb e ka b\u00ebr\u00eb publike q\u00ebndrimin partiak p\u00ebr kthimin e Osmanit n\u00eb LDK. Nd\u00ebrkoh\u00eb, Osmani\u2026","rel":"","context":"In &quot;Njoftime Shtypi&quot;","block_context":{"text":"Njoftime Shtypi","link":"https:\/\/www.shqiperia.com\/blog\/category\/njoftime-shtypi\/"},"img":{"alt_text":"","src":"https:\/\/i0.wp.com\/www.shqiperia.com\/blog\/wp-content\/uploads\/2026\/04\/auto_lumjir-vjosa-presidence1777573937.jpg?fit=900%2C601&ssl=1&resize=350%2C200","width":350,"height":200,"srcset":"https:\/\/i0.wp.com\/www.shqiperia.com\/blog\/wp-content\/uploads\/2026\/04\/auto_lumjir-vjosa-presidence1777573937.jpg?fit=900%2C601&ssl=1&resize=350%2C200 1x, https:\/\/i0.wp.com\/www.shqiperia.com\/blog\/wp-content\/uploads\/2026\/04\/auto_lumjir-vjosa-presidence1777573937.jpg?fit=900%2C601&ssl=1&resize=525%2C300 1.5x, https:\/\/i0.wp.com\/www.shqiperia.com\/blog\/wp-content\/uploads\/2026\/04\/auto_lumjir-vjosa-presidence1777573937.jpg?fit=900%2C601&ssl=1&resize=700%2C400 2x"},"classes":[]}],"_links":{"self":[{"href":"https:\/\/www.shqiperia.com\/blog\/wp-json\/wp\/v2\/posts\/105569","targetHints":{"allow":["GET"]}}],"collection":[{"href":"https:\/\/www.shqiperia.com\/blog\/wp-json\/wp\/v2\/posts"}],"about":[{"href":"https:\/\/www.shqiperia.com\/blog\/wp-json\/wp\/v2\/types\/post"}],"author":[{"embeddable":true,"href":"https:\/\/www.shqiperia.com\/blog\/wp-json\/wp\/v2\/users\/9"}],"replies":[{"embeddable":true,"href":"https:\/\/www.shqiperia.com\/blog\/wp-json\/wp\/v2\/comments?post=105569"}],"version-history":[{"count":1,"href":"https:\/\/www.shqiperia.com\/blog\/wp-json\/wp\/v2\/posts\/105569\/revisions"}],"predecessor-version":[{"id":105572,"href":"https:\/\/www.shqiperia.com\/blog\/wp-json\/wp\/v2\/posts\/105569\/revisions\/105572"}],"wp:featuredmedia":[{"embeddable":true,"href":"https:\/\/www.shqiperia.com\/blog\/wp-json\/wp\/v2\/media\/105571"}],"wp:attachment":[{"href":"https:\/\/www.shqiperia.com\/blog\/wp-json\/wp\/v2\/media?parent=105569"}],"wp:term":[{"taxonomy":"category","embeddable":true,"href":"https:\/\/www.shqiperia.com\/blog\/wp-json\/wp\/v2\/categories?post=105569"},{"taxonomy":"post_tag","embeddable":true,"href":"https:\/\/www.shqiperia.com\/blog\/wp-json\/wp\/v2\/tags?post=105569"}],"curies":[{"name":"wp","href":"https:\/\/api.w.org\/{rel}","templated":true}]}}