{"id":105565,"date":"2026-08-31T14:40:44","date_gmt":"2026-08-31T14:40:44","guid":{"rendered":"https:\/\/www.shqiperia.com\/blog\/?p=105565"},"modified":"2026-08-31T14:40:59","modified_gmt":"2026-08-31T14:40:59","slug":"duhet-te-mobilizohemi-per-mosbindje-civile-me-12-shtator-diaspora-zbarkon-fuqimisht-ne-tirane","status":"publish","type":"post","link":"https:\/\/www.shqiperia.com\/blog\/duhet-te-mobilizohemi-per-mosbindje-civile-me-12-shtator-diaspora-zbarkon-fuqimisht-ne-tirane\/","title":{"rendered":"&#8220;Duhet t\u00eb mobilizohemi p\u00ebr mosbindje civile&#8221;\/ M\u00eb 12 shtator diaspora &#8216;zbarkon&#8217; fuqimisht n\u00eb Tiran\u00eb."},"content":{"rendered":"<div id=\"attachment_105566\" style=\"width: 722px\" class=\"wp-caption alignnone\"><img data-recalc-dims=\"1\" loading=\"lazy\" decoding=\"async\" aria-describedby=\"caption-attachment-105566\" data-attachment-id=\"105566\" data-permalink=\"https:\/\/www.shqiperia.com\/blog\/duhet-te-mobilizohemi-per-mosbindje-civile-me-12-shtator-diaspora-zbarkon-fuqimisht-ne-tirane\/mijera-emigrante-shqiptare-proteste-ne-londer-foto-arkiv\/\" data-orig-file=\"https:\/\/i0.wp.com\/www.shqiperia.com\/blog\/wp-content\/uploads\/2026\/08\/Mijera-emigrante-shqiptare-proteste-ne-Londer.-Foto-Arkiv.jpg?fit=1280%2C720&amp;ssl=1\" data-orig-size=\"1280,720\" data-comments-opened=\"1\" data-image-meta=\"{&quot;aperture&quot;:&quot;0&quot;,&quot;credit&quot;:&quot;&quot;,&quot;camera&quot;:&quot;&quot;,&quot;caption&quot;:&quot;&quot;,&quot;created_timestamp&quot;:&quot;0&quot;,&quot;copyright&quot;:&quot;&quot;,&quot;focal_length&quot;:&quot;0&quot;,&quot;iso&quot;:&quot;0&quot;,&quot;shutter_speed&quot;:&quot;0&quot;,&quot;title&quot;:&quot;&quot;,&quot;orientation&quot;:&quot;0&quot;}\" data-image-title=\"Mij\u00ebra emigrant\u00eb shqiptar\u00eb protest\u00eb n\u00eb Lond\u00ebr. Foto Arkiv\" data-image-description=\"\" data-image-caption=\"&lt;p&gt;Mij\u00ebra emigrant\u00eb shqiptar\u00eb protest\u00eb n\u00eb Lond\u00ebr. Foto Arkiv&lt;\/p&gt;\n\" data-medium-file=\"https:\/\/i0.wp.com\/www.shqiperia.com\/blog\/wp-content\/uploads\/2026\/08\/Mijera-emigrante-shqiptare-proteste-ne-Londer.-Foto-Arkiv.jpg?fit=300%2C169&amp;ssl=1\" data-large-file=\"https:\/\/i0.wp.com\/www.shqiperia.com\/blog\/wp-content\/uploads\/2026\/08\/Mijera-emigrante-shqiptare-proteste-ne-Londer.-Foto-Arkiv.jpg?fit=1024%2C576&amp;ssl=1\" class=\" wp-image-105566\" alt=\"\" src=\"https:\/\/i0.wp.com\/www.shqiperia.com\/blog\/wp-content\/uploads\/2026\/08\/Mijera-emigrante-shqiptare-proteste-ne-Londer.-Foto-Arkiv.jpg?resize=712%2C401&#038;ssl=1\" width=\"712\" height=\"401\" srcset=\"https:\/\/i0.wp.com\/www.shqiperia.com\/blog\/wp-content\/uploads\/2026\/08\/Mijera-emigrante-shqiptare-proteste-ne-Londer.-Foto-Arkiv.jpg?resize=300%2C169&amp;ssl=1 300w, https:\/\/i0.wp.com\/www.shqiperia.com\/blog\/wp-content\/uploads\/2026\/08\/Mijera-emigrante-shqiptare-proteste-ne-Londer.-Foto-Arkiv.jpg?resize=1024%2C576&amp;ssl=1 1024w, https:\/\/i0.wp.com\/www.shqiperia.com\/blog\/wp-content\/uploads\/2026\/08\/Mijera-emigrante-shqiptare-proteste-ne-Londer.-Foto-Arkiv.jpg?resize=768%2C432&amp;ssl=1 768w, https:\/\/i0.wp.com\/www.shqiperia.com\/blog\/wp-content\/uploads\/2026\/08\/Mijera-emigrante-shqiptare-proteste-ne-Londer.-Foto-Arkiv.jpg?resize=450%2C253&amp;ssl=1 450w, https:\/\/i0.wp.com\/www.shqiperia.com\/blog\/wp-content\/uploads\/2026\/08\/Mijera-emigrante-shqiptare-proteste-ne-Londer.-Foto-Arkiv.jpg?resize=600%2C338&amp;ssl=1 600w, https:\/\/i0.wp.com\/www.shqiperia.com\/blog\/wp-content\/uploads\/2026\/08\/Mijera-emigrante-shqiptare-proteste-ne-Londer.-Foto-Arkiv.jpg?resize=400%2C225&amp;ssl=1 400w, https:\/\/i0.wp.com\/www.shqiperia.com\/blog\/wp-content\/uploads\/2026\/08\/Mijera-emigrante-shqiptare-proteste-ne-Londer.-Foto-Arkiv.jpg?w=1280&amp;ssl=1 1280w\" sizes=\"auto, (max-width: 712px) 100vw, 712px\" \/><p id=\"caption-attachment-105566\" class=\"wp-caption-text\">Mij\u00ebra emigrant\u00eb shqiptar\u00eb protest\u00eb n\u00eb Lond\u00ebr. Foto Arkiv<\/p><\/div>\n<p>31 Gusht 2026<\/p>\n<p>Aktivisti shqiptar q\u00eb jeton n\u00eb Britani, Ilir Dedej, i ftuar ne nje lidhje te drejteperdrejte televizive ka komentuar protestat kund\u00ebr qeveris\u00eb, duke deklaruar se pas 93 dit\u00ebsh mobilizimi qytetar, sipas tij, pushteti i kryeministrit Edi Rama \u00ebsht\u00eb dob\u00ebsuar.<\/p>\n<p>Dedej tha se protesta duhet t\u00eb shkoj\u00eb p\u00ebrtej tubimeve dhe marshimeve, duke b\u00ebr\u00eb thirrje p\u00ebr mosbindje civile. Sipas tij, synimi duhet t\u00eb jet\u00eb largimi i qeveris\u00eb dhe ndryshimi i sistemit politik. Aktivisti pretendoi gjithashtu se politikan\u00ebt tashm\u00eb po shmangin daljet publike dhe l\u00ebvizjet e zakonshme, duke e lidhur k\u00ebt\u00eb me reagimin e qytetar\u00ebve ndaj qeveris\u00eb.<\/p>\n<p>Dedej kritikoi ashp\u00ebr qeverisjen e Ram\u00ebs, duke p\u00ebrmendur nd\u00ebr t\u00eb tjera edhe \u00e7mimet e larta t\u00eb karburanteve dhe largimin e shqiptar\u00ebve nga vendi.<\/p>\n<p>Ai tha se protestuesit nuk k\u00ebrkojn\u00eb thjesht nj\u00eb rotacion politik, por nj\u00eb ndryshim m\u00eb t\u00eb thell\u00eb t\u00eb m\u00ebnyr\u00ebs s\u00eb qeverisjes. Dedej u ndal edhe te protesta e paralajm\u00ebruar p\u00ebr 12 shtator, duke deklaruar se synimi \u00ebsht\u00eb q\u00eb qytetar\u00ebt t\u00eb q\u00ebndrojn\u00eb n\u00eb shesh deri n\u00eb dor\u00ebheqjen e kryeministrit.<\/p>\n<p>Ai theksoi se protestuesit duhet t\u00eb jen\u00eb t\u00eb gatsh\u00ebm edhe p\u00ebr forma t\u00eb mosbindjes civile, nd\u00ebrsa k\u00ebrkoi m\u00eb shum\u00eb mb\u00ebshtetje nga qytetar\u00ebt brenda vendit.<\/p>\n<p>Sipas Dedejt, n\u00eb takimet dhe bisedat q\u00eb ka zhvilluar me qytetar\u00eb, ka konstatuar nj\u00eb mb\u00ebshtetje p\u00ebr vazhdimin e protestave deri n\u00eb largimin e Ram\u00ebs. Dedej u b\u00ebri thirrje qytetar\u00ebve t\u00eb bashkohen dhe t\u00eb marrin pjes\u00eb n\u00eb protest\u00ebn e 12 shtatorit, duke e cil\u00ebsuar at\u00eb si nj\u00eb moment t\u00eb r\u00ebnd\u00ebsish\u00ebm p\u00ebr vijimin e l\u00ebvizjes kund\u00ebr qeveris\u00eb.<\/p>\n<p><em>\u201cEnergjia duket dhe sot n\u00eb dit\u00ebn e 93. Pjes\u00ebmarrja ka qen\u00eb m\u00eb se e mjaftueshme ku mendohej nga pushteti se kjo protest\u00eb do t\u00eb d\u00ebshtonte. Personalisht, duke qen\u00eb pjes\u00ebmarr\u00ebs n\u00eb protest\u00eb prej 3 muajsh, jam p\u00ebrpjekur q\u00eb t\u00eb p\u00ebrbashkoj frym\u00ebn pro protest\u00ebs, kund\u00ebr pushtetit korruptiv.<\/em><\/p>\n<p><em>Kjo t\u00eb konkretizohet me nj\u00eb mosbindje civile qytetare, demokratike q\u00eb do t\u00eb \u00e7oj\u00eb deri n\u00eb rr\u00ebzimin e kryeministrit dhe k\u00ebtij sistemi. Kemi pasur takime me njer\u00ebz, dhe bashk\u00ebbisedime online. Do t\u00eb p\u00ebrgatitemi p\u00ebr t\u2019i dh\u00ebn\u00eb goditjen p\u00ebrfundimtare k\u00ebtij pushteti korruptiv. nuk do t\u00eb jemi p\u00ebrher\u00eb n\u00eb rrug\u00eb, te mikrofoni apo marshimi. E gjith\u00eb politika \u00ebsht\u00eb vendosur n\u00eb mision p\u00ebr t\u00eb shuar protest\u00ebn.<\/em><\/p>\n<p><em>T\u00eb gjitha rrug\u00ebt t\u00eb \u00e7ojn\u00eb q\u00eb ata duan ta shuajn\u00eb k\u00ebt\u00eb protest\u00eb, por kjo urrejtja e brendshme q\u00eb qytetar\u00ebt kan\u00eb krijuar prej koh\u00ebsh ndaj korrupsionit, me shpres\u00ebn p\u00ebr t\u00eb larguar k\u00ebt\u00eb qeveri apo k\u00ebt\u00eb kryeminist\u00ebr, delirant, manipulator, nj\u00eb njeri q\u00eb gjoja b\u00ebn p\u00ebr popullin, por s\u2019ka b\u00ebr\u00eb asgj\u00eb.<\/em><\/p>\n<p><em>\u00c7do dit\u00eb shqiptar\u00ebt vuajn\u00eb, si\u00e7 \u00ebsht\u00eb \u00e7mimi i karburantit, shum\u00eb i lart\u00eb. Nj\u00eb nga arsyet q\u00eb ky kryeminist\u00ebr duhet t\u00eb largohet. Qeverisja e Ram\u00ebs \u00ebsht\u00eb dob\u00ebsuar. Po t\u00eb shihni gjuh\u00ebn e trupit n\u00eb fillim nga Rama, q\u00eb kishte mb\u00ebshtetje dhe nga opozita. Sot shohim q\u00eb ka dh\u00ebn\u00eb efekte kjo protest\u00eb. Si\u00e7 ishte dhe frika q\u00eb pat\u00ebn socialist\u00ebt p\u00ebr t\u00eb ndryshuar takimin e tyre, nga frika e protestuesve.<\/em><\/p>\n<p><em>Politikan\u00ebt para protest\u00ebs l\u00ebviznin lirsh\u00ebm. Pinin kafe n\u00ebp\u00ebr kafene. Sot i tremben popullit. Pse fshihen? \u00c7far\u00eb e mban t\u00eb stepur k\u00ebt\u00eb qeveri? Kjo protest\u00eb e ka dh\u00ebn\u00eb efektin e saj. Shum\u00eb intelektual\u00eb e kan\u00eb d\u00ebshir\u00ebn q\u00eb t\u00eb jen\u00eb aty, t\u00eb flasin, por ka dhe nga ata q\u00eb i kan\u00eb q\u00ebndruar larg tubimit. Kur flitet dhe t\u00eb akuzohet duhet t\u00eb flitet me fakte dhe prova. Pjesa tjet\u00ebr d\u00ebrrmuese kan\u00eb qen\u00eb, kemi folur, kemi shk\u00ebmbyer mendime.<\/em><\/p>\n<div id=\"attachment_105566\" style=\"width: 962px\" class=\"wp-caption alignnone\"><img data-recalc-dims=\"1\" loading=\"lazy\" decoding=\"async\" aria-describedby=\"caption-attachment-105566\" data-attachment-id=\"105566\" data-permalink=\"https:\/\/www.shqiperia.com\/blog\/duhet-te-mobilizohemi-per-mosbindje-civile-me-12-shtator-diaspora-zbarkon-fuqimisht-ne-tirane\/mijera-emigrante-shqiptare-proteste-ne-londer-foto-arkiv\/\" data-orig-file=\"https:\/\/i0.wp.com\/www.shqiperia.com\/blog\/wp-content\/uploads\/2026\/08\/Mijera-emigrante-shqiptare-proteste-ne-Londer.-Foto-Arkiv.jpg?fit=1280%2C720&amp;ssl=1\" data-orig-size=\"1280,720\" data-comments-opened=\"1\" data-image-meta=\"{&quot;aperture&quot;:&quot;0&quot;,&quot;credit&quot;:&quot;&quot;,&quot;camera&quot;:&quot;&quot;,&quot;caption&quot;:&quot;&quot;,&quot;created_timestamp&quot;:&quot;0&quot;,&quot;copyright&quot;:&quot;&quot;,&quot;focal_length&quot;:&quot;0&quot;,&quot;iso&quot;:&quot;0&quot;,&quot;shutter_speed&quot;:&quot;0&quot;,&quot;title&quot;:&quot;&quot;,&quot;orientation&quot;:&quot;0&quot;}\" data-image-title=\"Mij\u00ebra emigrant\u00eb shqiptar\u00eb protest\u00eb n\u00eb Lond\u00ebr. Foto Arkiv\" data-image-description=\"\" data-image-caption=\"&lt;p&gt;Mij\u00ebra emigrant\u00eb shqiptar\u00eb protest\u00eb n\u00eb Lond\u00ebr. Foto Arkiv&lt;\/p&gt;\n\" data-medium-file=\"https:\/\/i0.wp.com\/www.shqiperia.com\/blog\/wp-content\/uploads\/2026\/08\/Mijera-emigrante-shqiptare-proteste-ne-Londer.-Foto-Arkiv.jpg?fit=300%2C169&amp;ssl=1\" data-large-file=\"https:\/\/i0.wp.com\/www.shqiperia.com\/blog\/wp-content\/uploads\/2026\/08\/Mijera-emigrante-shqiptare-proteste-ne-Londer.-Foto-Arkiv.jpg?fit=1024%2C576&amp;ssl=1\" class=\" wp-image-105566\" alt=\"\" src=\"https:\/\/i0.wp.com\/www.shqiperia.com\/blog\/wp-content\/uploads\/2026\/08\/Mijera-emigrante-shqiptare-proteste-ne-Londer.-Foto-Arkiv.jpg?resize=952%2C536&#038;ssl=1\" width=\"952\" height=\"536\" srcset=\"https:\/\/i0.wp.com\/www.shqiperia.com\/blog\/wp-content\/uploads\/2026\/08\/Mijera-emigrante-shqiptare-proteste-ne-Londer.-Foto-Arkiv.jpg?resize=300%2C169&amp;ssl=1 300w, https:\/\/i0.wp.com\/www.shqiperia.com\/blog\/wp-content\/uploads\/2026\/08\/Mijera-emigrante-shqiptare-proteste-ne-Londer.-Foto-Arkiv.jpg?resize=1024%2C576&amp;ssl=1 1024w, https:\/\/i0.wp.com\/www.shqiperia.com\/blog\/wp-content\/uploads\/2026\/08\/Mijera-emigrante-shqiptare-proteste-ne-Londer.-Foto-Arkiv.jpg?resize=768%2C432&amp;ssl=1 768w, https:\/\/i0.wp.com\/www.shqiperia.com\/blog\/wp-content\/uploads\/2026\/08\/Mijera-emigrante-shqiptare-proteste-ne-Londer.-Foto-Arkiv.jpg?resize=450%2C253&amp;ssl=1 450w, https:\/\/i0.wp.com\/www.shqiperia.com\/blog\/wp-content\/uploads\/2026\/08\/Mijera-emigrante-shqiptare-proteste-ne-Londer.-Foto-Arkiv.jpg?resize=600%2C338&amp;ssl=1 600w, https:\/\/i0.wp.com\/www.shqiperia.com\/blog\/wp-content\/uploads\/2026\/08\/Mijera-emigrante-shqiptare-proteste-ne-Londer.-Foto-Arkiv.jpg?resize=400%2C225&amp;ssl=1 400w, https:\/\/i0.wp.com\/www.shqiperia.com\/blog\/wp-content\/uploads\/2026\/08\/Mijera-emigrante-shqiptare-proteste-ne-Londer.-Foto-Arkiv.jpg?w=1280&amp;ssl=1 1280w\" sizes=\"auto, (max-width: 952px) 100vw, 952px\" \/><p id=\"caption-attachment-105566\" class=\"wp-caption-text\">Mij\u00ebra emigrant\u00eb shqiptar\u00eb protest\u00eb n\u00eb Lond\u00ebr. Foto Arkiv<\/p><\/div>\n<p><em>Pjesa m\u00eb e madhe jan\u00eb pro largimit t\u00eb k\u00ebtij sistemi. Flitet p\u00ebr ndryshim politik dhe jo rrotacion. Ne nuk kemi arsye q\u00eb t\u00eb largohemi nga vendi. Duhet t\u00eb largojm\u00eb k\u00ebt\u00eb lloj qeverisje, sistemi, q\u00eb ka larguar shqiptar\u00ebve nga vendi. Shqip\u00ebria 1 euro, q\u00eb ka dekada q\u00eb po aplikohet, tregon se duhet t\u00eb jemi t\u00eb vendosur q\u00eb t\u00eb largojm\u00eb k\u00ebt\u00eb sistem. Ne duam t\u00eb vijm\u00eb m\u00eb 12 shtator, dhe t\u00eb q\u00ebndrojm\u00eb aty deri n\u00eb rr\u00ebzimin e Ram\u00ebs.<\/em><\/p>\n<p><em>Dor\u00ebheqja e tij \u00ebsht\u00eb e panegociueshme. Duhet t\u00eb jemi t\u00eb gatsh\u00ebm p\u00ebr nj\u00eb mosbindje civile, q\u00eb mos t\u00eb b\u00ebjm\u00eb pas. Na duhet mb\u00ebshtetje, mb\u00ebshtetje e brendshme. Me ata q\u00eb kemi biseduar, ata kan\u00eb shprehur q\u00ebndrimin p\u00ebr t\u00eb q\u00ebndruar aty, deri n\u00eb dor\u00ebheqjen e Ram\u00ebs. K\u00ebto jan\u00eb parashikime, q\u00eb do t\u00eb tregojn\u00eb se \u00e7far\u00eb do t\u00eb b\u00ebhet m\u00eb 12 shtator, e m\u00eb pas. Duhet t\u00eb jet\u00eb dhe mb\u00ebshtetja e njer\u00ebzve q\u00eb jan\u00eb aty.<\/em><\/p>\n<p><em>Se duhet mb\u00ebshtetje e plot\u00eb. Rama \u00ebsht\u00eb n\u00eb delir, pasi ka pasur bindjen se \u00ebsht\u00eb pronari i vet\u00ebm i Shqip\u00ebris\u00eb. Nj\u00eb kryeminist\u00ebr, q\u00eb brenda territorit t\u00eb Shqip\u00ebris\u00eb, \u00ebsht\u00eb mosp\u00ebrfill\u00ebs. Jasht\u00eb territorit shprehte at\u00eb fobull\u00ebkun e tij, q\u00eb tregonte se; un\u00eb vendos. Por sot nuk \u00ebsht\u00eb m\u00eb ai q\u00eb ka qen\u00eb.<\/em><\/p>\n<p><em>Efekti i protest\u00ebs e ka b\u00ebr\u00eb pun\u00ebn e vet\u00eb. Ndaj duhet t\u00eb jemi t\u00eb bashkuar, q\u00eb t\u2019i tregojm\u00eb Ram\u00ebs se jemi t\u00eb vendosur. Dhe n\u00eb nivel bot\u00ebror, kredibiliteti i tij ka r\u00ebn\u00eb. Nj\u00eb kryeminist\u00ebr ku askush nuk \u00ebsht\u00eb i interesuar q\u00eb t\u00eb d\u00ebgjoj\u00eb gj\u00eb p\u00ebr t\u00eb.\u201d<\/em>, tha ai.<\/p>\n","protected":false},"excerpt":{"rendered":"<p>31 Gusht 2026 Aktivisti shqiptar q\u00eb jeton n\u00eb Britani, Ilir Dedej, i ftuar ne nje lidhje te drejteperdrejte televizive ka komentuar protestat kund\u00ebr qeveris\u00eb, duke deklaruar se pas 93 dit\u00ebsh mobilizimi qytetar, sipas tij, pushteti i kryeministrit Edi Rama \u00ebsht\u00eb dob\u00ebsuar. Dedej tha se protesta duhet t\u00eb shkoj\u00eb p\u00ebrtej tubimeve dhe marshimeve, duke b\u00ebr\u00eb thirrje [&hellip;]<\/p>\n","protected":false},"author":9,"featured_media":105566,"comment_status":"open","ping_status":"open","sticky":false,"template":"","format":"standard","meta":{"jetpack_post_was_ever_published":false,"_jetpack_newsletter_access":"","_jetpack_dont_email_post_to_subs":false,"_jetpack_newsletter_tier_id":0,"_jetpack_memberships_contains_paywalled_content":false,"_jetpack_memberships_contains_paid_content":false,"footnotes":"","jetpack_publicize_message":"","jetpack_publicize_feature_enabled":true,"jetpack_social_post_already_shared":true,"jetpack_social_options":{"image_generator_settings":{"template":"highway","default_image_id":0,"font":"","enabled":false},"version":2}},"categories":[27,85,10,1,2,35],"tags":[],"class_list":["post-105565","post","type-post","status-publish","format-standard","has-post-thumbnail","hentry","category-blogu-i-udhetarit","category-histori","category-kultura","category-njoftime-shtypi","category-politika","category-shoqerore"],"jetpack_publicize_connections":[],"jetpack_featured_media_url":"https:\/\/i0.wp.com\/www.shqiperia.com\/blog\/wp-content\/uploads\/2026\/08\/Mijera-emigrante-shqiptare-proteste-ne-Londer.-Foto-Arkiv.jpg?fit=1280%2C720&ssl=1","jetpack_sharing_enabled":true,"jetpack_shortlink":"https:\/\/wp.me\/p5Z6wp-rsF","jetpack-related-posts":[{"id":103730,"url":"https:\/\/www.shqiperia.com\/blog\/lubonja-jemi-ne-nje-regjim-kriminal-ne-nje-shtet-normal-rama-do-te-kishte-dhene-doreheqjen-dhe-ps-do-e-largonte\/","url_meta":{"origin":105565,"position":0},"title":"Lubonja: &#8211; Jemi n\u00eb nj\u00eb regjim kriminal  &#8211; N\u00eb nj\u00eb shtet normal, Rama do t\u00eb kishte dh\u00ebn\u00eb dor\u00ebheqjen dhe PS do e largonte.","author":"Kurt Farka","date":"August 4, 2026","format":false,"excerpt":"4 Gusht 2026 Analisti i njohur Fatos Lubonja, i ftuar n\u00eb\u00a0 nj\u00eb studio televizive ka b\u00ebr\u00eb nj\u00eb analiz\u00eb t\u00eb ashp\u00ebr t\u00eb situat\u00ebs politike n\u00eb vend dhe val\u00ebs s\u00eb protestave masive kund\u00ebr kryeministrit Edi Rama dhe qeveris\u00eb s\u00eb tij. Gjat\u00eb fjal\u00ebs s\u00eb tij, Lubonja u shpreh se n\u00eb nj\u00eb shtet normal\u2026","rel":"","context":"In &quot;Blogu i Udh\u00ebtarit&quot;","block_context":{"text":"Blogu i Udh\u00ebtarit","link":"https:\/\/www.shqiperia.com\/blog\/category\/blogu-i-udhetarit\/"},"img":{"alt_text":"","src":"https:\/\/i0.wp.com\/www.shqiperia.com\/blog\/wp-content\/uploads\/2026\/08\/Lubonja-Rama.webp?fit=1200%2C700&ssl=1&resize=350%2C200","width":350,"height":200,"srcset":"https:\/\/i0.wp.com\/www.shqiperia.com\/blog\/wp-content\/uploads\/2026\/08\/Lubonja-Rama.webp?fit=1200%2C700&ssl=1&resize=350%2C200 1x, https:\/\/i0.wp.com\/www.shqiperia.com\/blog\/wp-content\/uploads\/2026\/08\/Lubonja-Rama.webp?fit=1200%2C700&ssl=1&resize=525%2C300 1.5x, https:\/\/i0.wp.com\/www.shqiperia.com\/blog\/wp-content\/uploads\/2026\/08\/Lubonja-Rama.webp?fit=1200%2C700&ssl=1&resize=700%2C400 2x, https:\/\/i0.wp.com\/www.shqiperia.com\/blog\/wp-content\/uploads\/2026\/08\/Lubonja-Rama.webp?fit=1200%2C700&ssl=1&resize=1050%2C600 3x"},"classes":[]},{"id":102232,"url":"https:\/\/www.shqiperia.com\/blog\/protesta-nuk-kemi-plan-te-ulemi-ne-tryeze-jo-negociata-me-ramen\/","url_meta":{"origin":105565,"position":1},"title":"Protesta &#8211; Nuk kemi plan t\u00eb ulemi n\u00eb tryez\u00eb, jo negociata me Ram\u00ebn.","author":"Kurt Farka","date":"July 4, 2026","format":false,"excerpt":"4 Korrik 2026 Aktivisti Erjon Murataj ka deklaruar se protestuesit nuk kan\u00eb nd\u00ebrmend q\u00eb t\u00eb ulen n\u00eb nj\u00eb tryez\u00eb p\u00ebr t\u00eb negociuar me kryeministrin Rama. I ftuar n\u00eb News24, aktivisti p\u00ebrs\u00ebriti q\u00ebndrimin e pal\u00ebkundur t\u00eb dor\u00ebheqjes s\u00eb kryeministrit Rama. Madje e k\u00ebshilloi q\u00eb dor\u00ebheqjen kreu i qeveris\u00eb t\u2019ia b\u00ebj\u00eb dhurat\u00eb\u2026","rel":"","context":"In &quot;Blogu i Udh\u00ebtarit&quot;","block_context":{"text":"Blogu i Udh\u00ebtarit","link":"https:\/\/www.shqiperia.com\/blog\/category\/blogu-i-udhetarit\/"},"img":{"alt_text":"","src":"https:\/\/i0.wp.com\/www.shqiperia.com\/blog\/wp-content\/uploads\/2026\/07\/erjon-murataj.jpg?fit=645%2C468&ssl=1&resize=350%2C200","width":350,"height":200,"srcset":"https:\/\/i0.wp.com\/www.shqiperia.com\/blog\/wp-content\/uploads\/2026\/07\/erjon-murataj.jpg?fit=645%2C468&ssl=1&resize=350%2C200 1x, https:\/\/i0.wp.com\/www.shqiperia.com\/blog\/wp-content\/uploads\/2026\/07\/erjon-murataj.jpg?fit=645%2C468&ssl=1&resize=525%2C300 1.5x"},"classes":[]},{"id":101893,"url":"https:\/\/www.shqiperia.com\/blog\/spartak-ngjela-paralajmeron-fundin-e-edi-rames-ja-levizja-e-gabuar-qe-do-ta-coje-kryeministrin-para-spak-ut\/","url_meta":{"origin":105565,"position":2},"title":"Spartak Ngjela paralajm\u00ebron fundin e Edi Ram\u00ebs, ja l\u00ebvizja e gabuar q\u00eb do ta \u00e7oj\u00eb kryeministrin para SPAK-ut","author":"Kurt Farka","date":"June 27, 2026","format":false,"excerpt":"28 Qershor 2026 Avokati i njohur, Spartak Ngjela, ka reaguar dje ashp\u00ebr n\u00eb rrjetet sociale, duke l\u00ebshuar paralajm\u00ebrime t\u00eb r\u00ebnda p\u00ebr telashe t\u00eb m\u00ebdha politike dhe juridike ndaj kryeministrit Edi Rama. P\u00ebrmes nj\u00eb analize t\u00eb prer\u00eb, z. Ngjela ka theksuar se Gjiri i Vlor\u00ebs dhe Ishulli i Sazanit p\u00ebrb\u00ebjn\u00eb territore\u2026","rel":"","context":"In &quot;Blogu i Udh\u00ebtarit&quot;","block_context":{"text":"Blogu i Udh\u00ebtarit","link":"https:\/\/www.shqiperia.com\/blog\/category\/blogu-i-udhetarit\/"},"img":{"alt_text":"","src":"https:\/\/i0.wp.com\/www.shqiperia.com\/blog\/wp-content\/uploads\/2026\/06\/ngjela-rama-1-1.jpg?fit=863%2C432&ssl=1&resize=350%2C200","width":350,"height":200,"srcset":"https:\/\/i0.wp.com\/www.shqiperia.com\/blog\/wp-content\/uploads\/2026\/06\/ngjela-rama-1-1.jpg?fit=863%2C432&ssl=1&resize=350%2C200 1x, https:\/\/i0.wp.com\/www.shqiperia.com\/blog\/wp-content\/uploads\/2026\/06\/ngjela-rama-1-1.jpg?fit=863%2C432&ssl=1&resize=525%2C300 1.5x, https:\/\/i0.wp.com\/www.shqiperia.com\/blog\/wp-content\/uploads\/2026\/06\/ngjela-rama-1-1.jpg?fit=863%2C432&ssl=1&resize=700%2C400 2x"},"classes":[]},{"id":101504,"url":"https:\/\/www.shqiperia.com\/blog\/proteste-masive-ne-new-york-shqiptaret-kerkojne-doreheqjen-e-edi-rames\/","url_meta":{"origin":105565,"position":3},"title":"Protest\u00eb masive n\u00eb New York, shqiptar\u00ebt k\u00ebrkojn\u00eb dor\u00ebheqjen e Edi Ram\u00ebs","author":"Kurt Farka","date":"June 15, 2026","format":false,"excerpt":"Protestat e shqiptar\u00ebve prej dit\u00ebsh kan\u00eb kaluar tashm\u00eb kufijt\u00eb e Shqip\u00ebris\u00eb, duke u shtrir\u00eb n\u00eb shum\u00eb vende t\u00eb bot\u00ebs ku jeton diaspora shqiptare. Revolta e nisur n\u00eb Tiran\u00eb ka gjetur jehon\u00eb edhe jasht\u00eb vendit, me tubime dhe protesta t\u00eb organizuara nga shqiptar\u00ebt n\u00eb qytete t\u00eb ndryshme. Nj\u00eb protest\u00eb e madhe\u2026","rel":"","context":"In &quot;Blogu i Udh\u00ebtarit&quot;","block_context":{"text":"Blogu i Udh\u00ebtarit","link":"https:\/\/www.shqiperia.com\/blog\/category\/blogu-i-udhetarit\/"},"img":{"alt_text":"","src":"https:\/\/i0.wp.com\/www.shqiperia.com\/blog\/wp-content\/uploads\/2026\/06\/auto_Screenshot_191781469688.jpg?fit=900%2C518&ssl=1&resize=350%2C200","width":350,"height":200,"srcset":"https:\/\/i0.wp.com\/www.shqiperia.com\/blog\/wp-content\/uploads\/2026\/06\/auto_Screenshot_191781469688.jpg?fit=900%2C518&ssl=1&resize=350%2C200 1x, https:\/\/i0.wp.com\/www.shqiperia.com\/blog\/wp-content\/uploads\/2026\/06\/auto_Screenshot_191781469688.jpg?fit=900%2C518&ssl=1&resize=525%2C300 1.5x, https:\/\/i0.wp.com\/www.shqiperia.com\/blog\/wp-content\/uploads\/2026\/06\/auto_Screenshot_191781469688.jpg?fit=900%2C518&ssl=1&resize=700%2C400 2x"},"classes":[]},{"id":103014,"url":"https:\/\/www.shqiperia.com\/blog\/marjana-koceku-shqiptaret-jane-kunder-qeverise-dhe-pro-be-se\/","url_meta":{"origin":105565,"position":4},"title":"Marjana Ko\u00e7eku: &#8211; Shqiptar\u00ebt jan\u00eb kund\u00ebr qeveris\u00eb dhe pro BE-s\u00eb","author":"Kurt Farka","date":"July 21, 2026","format":false,"excerpt":"21 Korrik 2026 Deputetja e pavarur Marjana Ko\u00e7eku, e njohur edhe si \u201cNeomalsore\u201d, ka rr\u00ebfyer arsyet e largimit nga Partia Socialiste, vizionin e saj p\u00ebr zhvillimin e Shqip\u00ebris\u00eb dhe q\u00ebndrimin ndaj protestave qytetare, n\u00eb nj\u00eb intervist\u00eb p\u00ebr\u00a0Osservatorio Balcani e Caucaso Transeuropa. Ko\u00e7eku tregon se u kthye n\u00eb Shqip\u00ebri n\u00eb vitin\u2026","rel":"","context":"In &quot;Blogu i Udh\u00ebtarit&quot;","block_context":{"text":"Blogu i Udh\u00ebtarit","link":"https:\/\/www.shqiperia.com\/blog\/category\/blogu-i-udhetarit\/"},"img":{"alt_text":"","src":"https:\/\/i0.wp.com\/www.shqiperia.com\/blog\/wp-content\/uploads\/2026\/07\/WhatsApp-Image-2026-07-17-at-09.59.50-800x533-1.webp?fit=800%2C533&ssl=1&resize=350%2C200","width":350,"height":200,"srcset":"https:\/\/i0.wp.com\/www.shqiperia.com\/blog\/wp-content\/uploads\/2026\/07\/WhatsApp-Image-2026-07-17-at-09.59.50-800x533-1.webp?fit=800%2C533&ssl=1&resize=350%2C200 1x, https:\/\/i0.wp.com\/www.shqiperia.com\/blog\/wp-content\/uploads\/2026\/07\/WhatsApp-Image-2026-07-17-at-09.59.50-800x533-1.webp?fit=800%2C533&ssl=1&resize=525%2C300 1.5x, https:\/\/i0.wp.com\/www.shqiperia.com\/blog\/wp-content\/uploads\/2026\/07\/WhatsApp-Image-2026-07-17-at-09.59.50-800x533-1.webp?fit=800%2C533&ssl=1&resize=700%2C400 2x"},"classes":[]},{"id":101766,"url":"https:\/\/www.shqiperia.com\/blog\/kryeministri-edi-rama-i-quan-shqiptaret-e-kosoves-dhe-maqedonise-se-veriut-qe-moren-pjese-ne-protestehordhi-pushtuese\/","url_meta":{"origin":105565,"position":5},"title":"Kryeministri Edi Rama i quan shqiptar\u00ebt e Kosov\u00ebs dhe Maqedonis\u00eb s\u00eb Veriut q\u00eb mor\u00ebn pjes\u00eb n\u00eb protest\u00eb,\u2018Hordhi pushtuese\u2019","author":"Kurt Farka","date":"June 24, 2026","format":false,"excerpt":"Ai shkoi m\u00eb tej duke e cil\u00ebsuar p\u00ebrdorimin e flamurit t\u00eb U\u00c7K-s\u00eb n\u00eb protest\u00eb si \u201cp\u00ebrdhosje\u201d, duke e paraqitur at\u00eb jo si simbol komb\u00ebtar apo politik, por si instrument urrejtjeje kund\u00ebr qeveris\u00eb s\u00eb Tiran\u00ebs. Ai p\u00ebrdori vazhdimisht terma p\u00ebr\u00e7mues p\u00ebr aktivist\u00ebt e lidhur me Vet\u00ebvendosjen, edhe pse n\u00eb fund ai\u2026","rel":"","context":"In &quot;Blogu i Udh\u00ebtarit&quot;","block_context":{"text":"Blogu i Udh\u00ebtarit","link":"https:\/\/www.shqiperia.com\/blog\/category\/blogu-i-udhetarit\/"},"img":{"alt_text":"","src":"https:\/\/i0.wp.com\/www.shqiperia.com\/blog\/wp-content\/uploads\/2026\/06\/Edi-Rama2-1440x960-1.jpg?fit=1200%2C800&ssl=1&resize=350%2C200","width":350,"height":200,"srcset":"https:\/\/i0.wp.com\/www.shqiperia.com\/blog\/wp-content\/uploads\/2026\/06\/Edi-Rama2-1440x960-1.jpg?fit=1200%2C800&ssl=1&resize=350%2C200 1x, https:\/\/i0.wp.com\/www.shqiperia.com\/blog\/wp-content\/uploads\/2026\/06\/Edi-Rama2-1440x960-1.jpg?fit=1200%2C800&ssl=1&resize=525%2C300 1.5x, https:\/\/i0.wp.com\/www.shqiperia.com\/blog\/wp-content\/uploads\/2026\/06\/Edi-Rama2-1440x960-1.jpg?fit=1200%2C800&ssl=1&resize=700%2C400 2x, https:\/\/i0.wp.com\/www.shqiperia.com\/blog\/wp-content\/uploads\/2026\/06\/Edi-Rama2-1440x960-1.jpg?fit=1200%2C800&ssl=1&resize=1050%2C600 3x"},"classes":[]}],"_links":{"self":[{"href":"https:\/\/www.shqiperia.com\/blog\/wp-json\/wp\/v2\/posts\/105565","targetHints":{"allow":["GET"]}}],"collection":[{"href":"https:\/\/www.shqiperia.com\/blog\/wp-json\/wp\/v2\/posts"}],"about":[{"href":"https:\/\/www.shqiperia.com\/blog\/wp-json\/wp\/v2\/types\/post"}],"author":[{"embeddable":true,"href":"https:\/\/www.shqiperia.com\/blog\/wp-json\/wp\/v2\/users\/9"}],"replies":[{"embeddable":true,"href":"https:\/\/www.shqiperia.com\/blog\/wp-json\/wp\/v2\/comments?post=105565"}],"version-history":[{"count":2,"href":"https:\/\/www.shqiperia.com\/blog\/wp-json\/wp\/v2\/posts\/105565\/revisions"}],"predecessor-version":[{"id":105568,"href":"https:\/\/www.shqiperia.com\/blog\/wp-json\/wp\/v2\/posts\/105565\/revisions\/105568"}],"wp:featuredmedia":[{"embeddable":true,"href":"https:\/\/www.shqiperia.com\/blog\/wp-json\/wp\/v2\/media\/105566"}],"wp:attachment":[{"href":"https:\/\/www.shqiperia.com\/blog\/wp-json\/wp\/v2\/media?parent=105565"}],"wp:term":[{"taxonomy":"category","embeddable":true,"href":"https:\/\/www.shqiperia.com\/blog\/wp-json\/wp\/v2\/categories?post=105565"},{"taxonomy":"post_tag","embeddable":true,"href":"https:\/\/www.shqiperia.com\/blog\/wp-json\/wp\/v2\/tags?post=105565"}],"curies":[{"name":"wp","href":"https:\/\/api.w.org\/{rel}","templated":true}]}}