{"id":105562,"date":"2026-08-31T09:54:07","date_gmt":"2026-08-31T09:54:07","guid":{"rendered":"https:\/\/www.shqiperia.com\/blog\/?p=105562"},"modified":"2026-08-31T09:54:07","modified_gmt":"2026-08-31T09:54:07","slug":"permbytje-te-befasishme-ne-grand-canyon-shba-rreth-15-alpiniste-dyshohet-se-jane-te-zhdukur-vijojne-kerkimet","status":"publish","type":"post","link":"https:\/\/www.shqiperia.com\/blog\/permbytje-te-befasishme-ne-grand-canyon-shba-rreth-15-alpiniste-dyshohet-se-jane-te-zhdukur-vijojne-kerkimet\/","title":{"rendered":"P\u00ebrmbytje t\u00eb befasishme n\u00eb Grand Canyon, ShBA\/ Rreth 15 alpinist\u00eb dyshohet se jan\u00eb t\u00eb zhdukur, vijojn\u00eb k\u00ebrkimet"},"content":{"rendered":"<p data-a11y-orig-inline=\"\" data-a11y-base-fs=\"18\"><img data-recalc-dims=\"1\" loading=\"lazy\" decoding=\"async\" data-attachment-id=\"105563\" data-permalink=\"https:\/\/www.shqiperia.com\/blog\/permbytje-te-befasishme-ne-grand-canyon-shba-rreth-15-alpiniste-dyshohet-se-jane-te-zhdukur-vijojne-kerkimet\/640-0-capturepng-1788166971\/\" data-orig-file=\"https:\/\/i0.wp.com\/www.shqiperia.com\/blog\/wp-content\/uploads\/2026\/08\/640-0-capturepng-1788166971.png?fit=640%2C363&amp;ssl=1\" data-orig-size=\"640,363\" data-comments-opened=\"1\" data-image-meta=\"{&quot;aperture&quot;:&quot;0&quot;,&quot;credit&quot;:&quot;&quot;,&quot;camera&quot;:&quot;&quot;,&quot;caption&quot;:&quot;&quot;,&quot;created_timestamp&quot;:&quot;0&quot;,&quot;copyright&quot;:&quot;&quot;,&quot;focal_length&quot;:&quot;0&quot;,&quot;iso&quot;:&quot;0&quot;,&quot;shutter_speed&quot;:&quot;0&quot;,&quot;title&quot;:&quot;&quot;,&quot;orientation&quot;:&quot;0&quot;}\" data-image-title=\"-640-0-capturepng-1788166971\" data-image-description=\"\" data-image-caption=\"\" data-medium-file=\"https:\/\/i0.wp.com\/www.shqiperia.com\/blog\/wp-content\/uploads\/2026\/08\/640-0-capturepng-1788166971.png?fit=300%2C170&amp;ssl=1\" data-large-file=\"https:\/\/i0.wp.com\/www.shqiperia.com\/blog\/wp-content\/uploads\/2026\/08\/640-0-capturepng-1788166971.png?fit=640%2C363&amp;ssl=1\" class=\"alignnone  wp-image-105563\" alt=\"\" src=\"https:\/\/i0.wp.com\/www.shqiperia.com\/blog\/wp-content\/uploads\/2026\/08\/640-0-capturepng-1788166971.png?resize=623%2C353&#038;ssl=1\" width=\"623\" height=\"353\" srcset=\"https:\/\/i0.wp.com\/www.shqiperia.com\/blog\/wp-content\/uploads\/2026\/08\/640-0-capturepng-1788166971.png?resize=300%2C170&amp;ssl=1 300w, https:\/\/i0.wp.com\/www.shqiperia.com\/blog\/wp-content\/uploads\/2026\/08\/640-0-capturepng-1788166971.png?resize=450%2C255&amp;ssl=1 450w, https:\/\/i0.wp.com\/www.shqiperia.com\/blog\/wp-content\/uploads\/2026\/08\/640-0-capturepng-1788166971.png?resize=600%2C340&amp;ssl=1 600w, https:\/\/i0.wp.com\/www.shqiperia.com\/blog\/wp-content\/uploads\/2026\/08\/640-0-capturepng-1788166971.png?resize=400%2C227&amp;ssl=1 400w, https:\/\/i0.wp.com\/www.shqiperia.com\/blog\/wp-content\/uploads\/2026\/08\/640-0-capturepng-1788166971.png?w=640&amp;ssl=1 640w\" sizes=\"auto, (max-width: 623px) 100vw, 623px\" \/><\/p>\n<p data-a11y-orig-inline=\"\" data-a11y-base-fs=\"18\">31 Gusht 2026<\/p>\n<p data-a11y-orig-inline=\"\" data-a11y-base-fs=\"18\">Ngjarja ndodhi t\u00eb shtun\u00ebn n\u00eb zon\u00ebn e Bright Angel Canyon dhe Phantom Ranch, ku reshjet e dendura shkaktuan v\u00ebrshime t\u00eb fuqishme, d\u00ebmtuan shtigjet dhe shkat\u00ebrruan pothuajse t\u00eb gjitha urat mbi Bright Angel Creek.<\/p>\n<p data-a11y-orig-inline=\"\" data-a11y-base-fs=\"18\">Autoritetet kan\u00eb evakuuar t\u00eb pakt\u00ebn 62 persona me helikopter, nd\u00ebrsa trupi i nj\u00eb 46-vje\u00e7ari u gjet pran\u00eb Crystal Rapids, p\u00ebrgjat\u00eb lumit Colorado. Sh\u00ebrbimi i Parqeve Komb\u00ebtare u ka b\u00ebr\u00eb thirrje qytetar\u00ebve t\u00eb japin \u00e7do informacion p\u00ebr alpinist\u00ebt apo kampist\u00ebt q\u00eb mund t\u00eb ndodheshin n\u00eb zon\u00ebn e prekur.<\/p>\n<p data-a11y-orig-inline=\"\" data-a11y-base-fs=\"18\">P\u00ebr shkak t\u00eb d\u00ebmtimit t\u00eb linj\u00ebs kryesore t\u00eb uj\u00ebsjell\u00ebsit, autoritetet kan\u00eb vendosur masa t\u00eb forta p\u00ebr kursimin e ujit dhe kan\u00eb mbyllur disa zona turistike deri n\u00eb nj\u00eb njoftim t\u00eb dyt\u00eb.<\/p>\n<p data-a11y-orig-inline=\"\" data-a11y-base-fs=\"18\">Parashikimet p\u00ebr reshje dhe stuhi t\u00eb tjera kan\u00eb rritur gjithashtu rrezikun p\u00ebr p\u00ebrmbytje t\u00eb reja.<\/p>\n","protected":false},"excerpt":{"rendered":"<p>31 Gusht 2026 Ngjarja ndodhi t\u00eb shtun\u00ebn n\u00eb zon\u00ebn e Bright Angel Canyon dhe Phantom Ranch, ku reshjet e dendura shkaktuan v\u00ebrshime t\u00eb fuqishme, d\u00ebmtuan shtigjet dhe shkat\u00ebrruan pothuajse t\u00eb gjitha urat mbi Bright Angel Creek. Autoritetet kan\u00eb evakuuar t\u00eb pakt\u00ebn 62 persona me helikopter, nd\u00ebrsa trupi i nj\u00eb 46-vje\u00e7ari u gjet pran\u00eb Crystal Rapids, [&hellip;]<\/p>\n","protected":false},"author":9,"featured_media":105563,"comment_status":"open","ping_status":"open","sticky":false,"template":"","format":"standard","meta":{"jetpack_post_was_ever_published":false,"_jetpack_newsletter_access":"","_jetpack_dont_email_post_to_subs":false,"_jetpack_newsletter_tier_id":0,"_jetpack_memberships_contains_paywalled_content":false,"_jetpack_memberships_contains_paid_content":false,"footnotes":"","jetpack_publicize_message":"","jetpack_publicize_feature_enabled":true,"jetpack_social_post_already_shared":true,"jetpack_social_options":{"image_generator_settings":{"template":"highway","default_image_id":0,"font":"","enabled":false},"version":2}},"categories":[27,1,35],"tags":[],"class_list":["post-105562","post","type-post","status-publish","format-standard","has-post-thumbnail","hentry","category-blogu-i-udhetarit","category-njoftime-shtypi","category-shoqerore"],"jetpack_publicize_connections":[],"jetpack_featured_media_url":"https:\/\/i0.wp.com\/www.shqiperia.com\/blog\/wp-content\/uploads\/2026\/08\/640-0-capturepng-1788166971.png?fit=640%2C363&ssl=1","jetpack_sharing_enabled":true,"jetpack_shortlink":"https:\/\/wp.me\/p5Z6wp-rsC","jetpack-related-posts":[{"id":102550,"url":"https:\/\/www.shqiperia.com\/blog\/topa-hapesinore-bien-ne-plazhet-e-australise-nisin-hetimet\/","url_meta":{"origin":105562,"position":0},"title":"\u201cTopa hap\u00ebsinor\u00eb\u201d bien n\u00eb plazhet e Australis\u00eb, nisin hetimet&#8230;","author":"Kurt Farka","date":"July 12, 2026","format":false,"excerpt":"12 Korrik 2026 Gjasht\u00eb objekte t\u00eb m\u00ebdha metalike dhe misterioze jan\u00eb gjetur n\u00eb plazhet e veriut t\u00eb Queensland-it n\u00eb Australi, duke shkaktuar kuriozitet dhe shqet\u00ebsim tek autoritetet. Dyshimet e para jan\u00eb se b\u00ebhet fjal\u00eb p\u00ebr t\u00eb ashtuquajturat \u201ctopa hap\u00ebsinor\u00eb\u201d \u2013 pjes\u00eb t\u00eb raketave q\u00eb kan\u00eb mbetur pas misioneve hap\u00ebsinore dhe\u2026","rel":"","context":"In &quot;Blogu i Udh\u00ebtarit&quot;","block_context":{"text":"Blogu i Udh\u00ebtarit","link":"https:\/\/www.shqiperia.com\/blog\/category\/blogu-i-udhetarit\/"},"img":{"alt_text":"","src":"https:\/\/i0.wp.com\/www.shqiperia.com\/blog\/wp-content\/uploads\/2026\/07\/640-0-baustralia-1783713757.png?fit=640%2C365&ssl=1&resize=350%2C200","width":350,"height":200,"srcset":"https:\/\/i0.wp.com\/www.shqiperia.com\/blog\/wp-content\/uploads\/2026\/07\/640-0-baustralia-1783713757.png?fit=640%2C365&ssl=1&resize=350%2C200 1x, https:\/\/i0.wp.com\/www.shqiperia.com\/blog\/wp-content\/uploads\/2026\/07\/640-0-baustralia-1783713757.png?fit=640%2C365&ssl=1&resize=525%2C300 1.5x"},"classes":[]},{"id":103487,"url":"https:\/\/www.shqiperia.com\/blog\/rendohet-zjarri-ne-shkozet-zjarrfikeset-pa-uje\/","url_meta":{"origin":105562,"position":1},"title":"R\u00ebndohet zjarri n\u00eb Shkozet. &#8211; Zjarrfik\u00ebset pa uj\u00eb","author":"Kurt Farka","date":"July 30, 2026","format":false,"excerpt":"30 Korrik 2026 Aksi rrugor Plepa-Durr\u00ebs \u00ebsht\u00eb bllokuar nga t\u00eb dyja an\u00ebt e qarkullimit, p\u00ebr shkak t\u00eb situat\u00ebs s\u00eb r\u00ebnduar nga zjarri masiv q\u00eb ka p\u00ebrfshir\u00eb magazinat n\u00eb zon\u00ebn e Shkozetit. Policia ka nd\u00ebrprer\u00eb l\u00ebvizjen e automjeteve n\u00eb t\u00eb dyja korsit\u00eb e aksit, duke krijuar nj\u00eb perimet\u00ebr sigurie p\u00ebr shkak\u2026","rel":"","context":"In &quot;Blogu i Udh\u00ebtarit&quot;","block_context":{"text":"Blogu i Udh\u00ebtarit","link":"https:\/\/www.shqiperia.com\/blog\/category\/blogu-i-udhetarit\/"},"img":{"alt_text":"","src":"https:\/\/i0.wp.com\/www.shqiperia.com\/blog\/wp-content\/uploads\/2026\/07\/auto_Screenshot_91785425480.jpg?fit=900%2C508&ssl=1&resize=350%2C200","width":350,"height":200,"srcset":"https:\/\/i0.wp.com\/www.shqiperia.com\/blog\/wp-content\/uploads\/2026\/07\/auto_Screenshot_91785425480.jpg?fit=900%2C508&ssl=1&resize=350%2C200 1x, https:\/\/i0.wp.com\/www.shqiperia.com\/blog\/wp-content\/uploads\/2026\/07\/auto_Screenshot_91785425480.jpg?fit=900%2C508&ssl=1&resize=525%2C300 1.5x, https:\/\/i0.wp.com\/www.shqiperia.com\/blog\/wp-content\/uploads\/2026\/07\/auto_Screenshot_91785425480.jpg?fit=900%2C508&ssl=1&resize=700%2C400 2x"},"classes":[]},{"id":101027,"url":"https:\/\/www.shqiperia.com\/blog\/dy-te-rinjte-nga-kosova-humben-jeten-ne-shengjin\/","url_meta":{"origin":105562,"position":2},"title":"Dy t\u00eb rinjt\u00eb nga Kosova humb\u00ebn jet\u00ebn n\u00eb Sh\u00ebngjin&#8230;","author":"Kurt Farka","date":"June 3, 2026","format":false,"excerpt":"3 Qershor 2026 Tre t\u00eb tjer\u00eb vijojn\u00eb t\u00eb marrin ndihm\u00eb mjek\u00ebsore. Nj\u00eb tragjedi \u00ebsht\u00eb sh\u00ebnuar pasditen e k\u00ebsaj t\u00eb m\u00ebrkure n\u00eb zon\u00ebn e Ran\u00ebs s\u00eb Hedhun n\u00eb Sh\u00ebngjin, ku dy t\u00eb rinj nga Kosova kan\u00eb humbur jet\u00ebn pasi u mor\u00ebn nga dallg\u00ebt e forta t\u00eb detit. Viktimat jan\u00eb identifikuar si\u00a0Leonid\u2026","rel":"","context":"In &quot;Njoftime Shtypi&quot;","block_context":{"text":"Njoftime Shtypi","link":"https:\/\/www.shqiperia.com\/blog\/category\/njoftime-shtypi\/"},"img":{"alt_text":"","src":"https:\/\/i0.wp.com\/www.shqiperia.com\/blog\/wp-content\/uploads\/2026\/06\/sd-696x392-1.webp?fit=696%2C392&ssl=1&resize=350%2C200","width":350,"height":200,"srcset":"https:\/\/i0.wp.com\/www.shqiperia.com\/blog\/wp-content\/uploads\/2026\/06\/sd-696x392-1.webp?fit=696%2C392&ssl=1&resize=350%2C200 1x, https:\/\/i0.wp.com\/www.shqiperia.com\/blog\/wp-content\/uploads\/2026\/06\/sd-696x392-1.webp?fit=696%2C392&ssl=1&resize=525%2C300 1.5x"},"classes":[]},{"id":104417,"url":"https:\/\/www.shqiperia.com\/blog\/flaket-perfshijne-pyjet-e-terbunit-ne-puke-dyshohet-per-zjarrvenie-te-qellimshme\/","url_meta":{"origin":105562,"position":3},"title":"Flak\u00ebt p\u00ebrfshijn\u00eb pyjet e T\u00ebrbunit n\u00eb Puk\u00eb, dyshohet p\u00ebr zjarrv\u00ebnie t\u00eb q\u00ebllimshme","author":"Kurt Farka","date":"August 14, 2026","format":false,"excerpt":"14 Gusht 2026 Nj\u00eb vat\u00ebr zjarri \u00ebsht\u00eb aktivizuar mesdit\u00ebn e sotme n\u00eb sip\u00ebrfaqet pyjore t\u00eb malit t\u00eb T\u00ebrbunit, n\u00eb Puk\u00eb. Sh\u00ebrbimet zjarrfik\u00ebse dhe strukturat pyjore kan\u00eb mb\u00ebrritur n\u00eb zon\u00eb, por terreni i v\u00ebshtir\u00eb dhe mungesa e rrug\u00ebve q\u00eb lejojn\u00eb kalimin e mjeteve zjarrfik\u00ebse po e v\u00ebshtir\u00ebsojn\u00eb nd\u00ebrhyrjen. P\u00ebr momentin, zjarrfik\u00ebsit\u2026","rel":"","context":"In &quot;Blogu i Udh\u00ebtarit&quot;","block_context":{"text":"Blogu i Udh\u00ebtarit","link":"https:\/\/www.shqiperia.com\/blog\/category\/blogu-i-udhetarit\/"},"img":{"alt_text":"","src":"https:\/\/i0.wp.com\/www.shqiperia.com\/blog\/wp-content\/uploads\/2026\/08\/1786713992_xgfyuu.jpeg?fit=780%2C440&ssl=1&resize=350%2C200","width":350,"height":200,"srcset":"https:\/\/i0.wp.com\/www.shqiperia.com\/blog\/wp-content\/uploads\/2026\/08\/1786713992_xgfyuu.jpeg?fit=780%2C440&ssl=1&resize=350%2C200 1x, https:\/\/i0.wp.com\/www.shqiperia.com\/blog\/wp-content\/uploads\/2026\/08\/1786713992_xgfyuu.jpeg?fit=780%2C440&ssl=1&resize=525%2C300 1.5x, https:\/\/i0.wp.com\/www.shqiperia.com\/blog\/wp-content\/uploads\/2026\/08\/1786713992_xgfyuu.jpeg?fit=780%2C440&ssl=1&resize=700%2C400 2x"},"classes":[]},{"id":103529,"url":"https:\/\/www.shqiperia.com\/blog\/vater-zjarri-qe-ka-9-vite-qe-perseritet-ne-te-njejten-zone-prane-rruges-se-kombit\/","url_meta":{"origin":105562,"position":4},"title":"Vater Zjarri  qe ka 9 vite qe perseritet ne te njejten zone pran\u00eb Rrug\u00ebs s\u00eb Kombit","author":"Kurt Farka","date":"July 31, 2026","format":false,"excerpt":"31 Korrik 2026 Nj\u00eb vat\u00ebr zjarri \u00ebsht\u00eb rishfaqur edhe sot, zjarri ketu eshte i pranishem per 9 vite rrjesht\u00eb. Kjo vater \u00ebshte mes nj\u00ebsive administrative Kolsh dhe Surroj, n\u00eb af\u00ebrsi t\u00eb Rrug\u00ebs s\u00eb Kombit, rreth dy kilometra larg tunelit t\u00eb Kalimashit. Flak\u00ebt kan\u00eb p\u00ebrfshir\u00eb nj\u00eb sip\u00ebrfaqe me bim\u00ebsi dhe shkurre,\u2026","rel":"","context":"In &quot;Blogu i Udh\u00ebtarit&quot;","block_context":{"text":"Blogu i Udh\u00ebtarit","link":"https:\/\/www.shqiperia.com\/blog\/category\/blogu-i-udhetarit\/"},"img":{"alt_text":"","src":"https:\/\/i0.wp.com\/www.shqiperia.com\/blog\/wp-content\/uploads\/2026\/07\/Screenshot-2026-07-31-201319.jpg?fit=654%2C315&ssl=1&resize=350%2C200","width":350,"height":200,"srcset":"https:\/\/i0.wp.com\/www.shqiperia.com\/blog\/wp-content\/uploads\/2026\/07\/Screenshot-2026-07-31-201319.jpg?fit=654%2C315&ssl=1&resize=350%2C200 1x, https:\/\/i0.wp.com\/www.shqiperia.com\/blog\/wp-content\/uploads\/2026\/07\/Screenshot-2026-07-31-201319.jpg?fit=654%2C315&ssl=1&resize=525%2C300 1.5x"},"classes":[]},{"id":103474,"url":"https:\/\/www.shqiperia.com\/blog\/shperthime-te-fuqishme-ne-magazinen-qe-u-perfshi-nga-flaket-ne-shkozet-situata-jashte-kontrollit\/","url_meta":{"origin":105562,"position":5},"title":"Shp\u00ebrthime t\u00eb fuqishme n\u00eb magazin\u00ebn q\u00eb u p\u00ebrfshi nga flak\u00ebt n\u00eb Shkozet, situata jasht\u00eb kontrollit","author":"Kurt Farka","date":"July 30, 2026","format":false,"excerpt":"30 Korrik 2026 Situata n\u00eb magazin\u00ebn e p\u00ebrfshir\u00eb nga flak\u00ebt n\u00eb zon\u00ebn e Shkozetit, n\u00eb Durr\u00ebs, \u00ebsht\u00eb r\u00ebnduar ndjesh\u00ebm, teksa nga objekti vijojn\u00eb shp\u00ebrthime t\u00eb fuqishme q\u00eb kan\u00eb detyruar zjarrfik\u00ebsit dhe policin\u00eb t\u00eb t\u00ebrhiqen nga perimetri i rrezikut. Sipas informacioneve nga vendngjarja, brenda magazin\u00ebs ndodhen sasi t\u00eb konsiderueshme fishekzjarresh, gjithashtu\u2026","rel":"","context":"In &quot;Blogu i Udh\u00ebtarit&quot;","block_context":{"text":"Blogu i Udh\u00ebtarit","link":"https:\/\/www.shqiperia.com\/blog\/category\/blogu-i-udhetarit\/"},"img":{"alt_text":"","src":"https:\/\/i0.wp.com\/www.shqiperia.com\/blog\/wp-content\/uploads\/2026\/07\/Screenshot-2026-07-30-170904_sd-1.webp?fit=1200%2C675&ssl=1&resize=350%2C200","width":350,"height":200,"srcset":"https:\/\/i0.wp.com\/www.shqiperia.com\/blog\/wp-content\/uploads\/2026\/07\/Screenshot-2026-07-30-170904_sd-1.webp?fit=1200%2C675&ssl=1&resize=350%2C200 1x, https:\/\/i0.wp.com\/www.shqiperia.com\/blog\/wp-content\/uploads\/2026\/07\/Screenshot-2026-07-30-170904_sd-1.webp?fit=1200%2C675&ssl=1&resize=525%2C300 1.5x, https:\/\/i0.wp.com\/www.shqiperia.com\/blog\/wp-content\/uploads\/2026\/07\/Screenshot-2026-07-30-170904_sd-1.webp?fit=1200%2C675&ssl=1&resize=700%2C400 2x, https:\/\/i0.wp.com\/www.shqiperia.com\/blog\/wp-content\/uploads\/2026\/07\/Screenshot-2026-07-30-170904_sd-1.webp?fit=1200%2C675&ssl=1&resize=1050%2C600 3x"},"classes":[]}],"_links":{"self":[{"href":"https:\/\/www.shqiperia.com\/blog\/wp-json\/wp\/v2\/posts\/105562","targetHints":{"allow":["GET"]}}],"collection":[{"href":"https:\/\/www.shqiperia.com\/blog\/wp-json\/wp\/v2\/posts"}],"about":[{"href":"https:\/\/www.shqiperia.com\/blog\/wp-json\/wp\/v2\/types\/post"}],"author":[{"embeddable":true,"href":"https:\/\/www.shqiperia.com\/blog\/wp-json\/wp\/v2\/users\/9"}],"replies":[{"embeddable":true,"href":"https:\/\/www.shqiperia.com\/blog\/wp-json\/wp\/v2\/comments?post=105562"}],"version-history":[{"count":1,"href":"https:\/\/www.shqiperia.com\/blog\/wp-json\/wp\/v2\/posts\/105562\/revisions"}],"predecessor-version":[{"id":105564,"href":"https:\/\/www.shqiperia.com\/blog\/wp-json\/wp\/v2\/posts\/105562\/revisions\/105564"}],"wp:featuredmedia":[{"embeddable":true,"href":"https:\/\/www.shqiperia.com\/blog\/wp-json\/wp\/v2\/media\/105563"}],"wp:attachment":[{"href":"https:\/\/www.shqiperia.com\/blog\/wp-json\/wp\/v2\/media?parent=105562"}],"wp:term":[{"taxonomy":"category","embeddable":true,"href":"https:\/\/www.shqiperia.com\/blog\/wp-json\/wp\/v2\/categories?post=105562"},{"taxonomy":"post_tag","embeddable":true,"href":"https:\/\/www.shqiperia.com\/blog\/wp-json\/wp\/v2\/tags?post=105562"}],"curies":[{"name":"wp","href":"https:\/\/api.w.org\/{rel}","templated":true}]}}