{"id":105559,"date":"2026-08-31T09:48:51","date_gmt":"2026-08-31T09:48:51","guid":{"rendered":"https:\/\/www.shqiperia.com\/blog\/?p=105559"},"modified":"2026-08-31T09:48:51","modified_gmt":"2026-08-31T09:48:51","slug":"rikthimi-i-kalit-te-qyqes-dhe-nje-lajm-i-madh-nga-ministria-e-mjedisit","status":"publish","type":"post","link":"https:\/\/www.shqiperia.com\/blog\/rikthimi-i-kalit-te-qyqes-dhe-nje-lajm-i-madh-nga-ministria-e-mjedisit\/","title":{"rendered":"\u201cRikthimi i Kalit te Qyqes dhe nj\u00eb lajm i madh nga Ministria e Mjedisit\u201d"},"content":{"rendered":"<p data-a11y-orig-inline=\"\" data-a11y-base-fs=\"18\"><img data-recalc-dims=\"1\" loading=\"lazy\" decoding=\"async\" data-attachment-id=\"105560\" data-permalink=\"https:\/\/www.shqiperia.com\/blog\/rikthimi-i-kalit-te-qyqes-dhe-nje-lajm-i-madh-nga-ministria-e-mjedisit\/640-0-6f5b8eac8647006ae543b153b0c727c1\/\" data-orig-file=\"https:\/\/i0.wp.com\/www.shqiperia.com\/blog\/wp-content\/uploads\/2026\/08\/640-0-6f5b8eac8647006ae543b153b0c727c1.jpg?fit=640%2C327&amp;ssl=1\" data-orig-size=\"640,327\" data-comments-opened=\"1\" data-image-meta=\"{&quot;aperture&quot;:&quot;0&quot;,&quot;credit&quot;:&quot;&quot;,&quot;camera&quot;:&quot;&quot;,&quot;caption&quot;:&quot;&quot;,&quot;created_timestamp&quot;:&quot;0&quot;,&quot;copyright&quot;:&quot;&quot;,&quot;focal_length&quot;:&quot;0&quot;,&quot;iso&quot;:&quot;0&quot;,&quot;shutter_speed&quot;:&quot;0&quot;,&quot;title&quot;:&quot;&quot;,&quot;orientation&quot;:&quot;0&quot;}\" data-image-title=\"-640-0-6f5b8eac8647006ae543b153b0c727c1\" data-image-description=\"\" data-image-caption=\"\" data-medium-file=\"https:\/\/i0.wp.com\/www.shqiperia.com\/blog\/wp-content\/uploads\/2026\/08\/640-0-6f5b8eac8647006ae543b153b0c727c1.jpg?fit=300%2C153&amp;ssl=1\" data-large-file=\"https:\/\/i0.wp.com\/www.shqiperia.com\/blog\/wp-content\/uploads\/2026\/08\/640-0-6f5b8eac8647006ae543b153b0c727c1.jpg?fit=640%2C327&amp;ssl=1\" class=\"alignnone  wp-image-105560\" alt=\"\" src=\"https:\/\/i0.wp.com\/www.shqiperia.com\/blog\/wp-content\/uploads\/2026\/08\/640-0-6f5b8eac8647006ae543b153b0c727c1.jpg?resize=661%2C337&#038;ssl=1\" width=\"661\" height=\"337\" srcset=\"https:\/\/i0.wp.com\/www.shqiperia.com\/blog\/wp-content\/uploads\/2026\/08\/640-0-6f5b8eac8647006ae543b153b0c727c1.jpg?resize=300%2C153&amp;ssl=1 300w, https:\/\/i0.wp.com\/www.shqiperia.com\/blog\/wp-content\/uploads\/2026\/08\/640-0-6f5b8eac8647006ae543b153b0c727c1.jpg?resize=450%2C230&amp;ssl=1 450w, https:\/\/i0.wp.com\/www.shqiperia.com\/blog\/wp-content\/uploads\/2026\/08\/640-0-6f5b8eac8647006ae543b153b0c727c1.jpg?resize=600%2C307&amp;ssl=1 600w, https:\/\/i0.wp.com\/www.shqiperia.com\/blog\/wp-content\/uploads\/2026\/08\/640-0-6f5b8eac8647006ae543b153b0c727c1.jpg?resize=400%2C204&amp;ssl=1 400w, https:\/\/i0.wp.com\/www.shqiperia.com\/blog\/wp-content\/uploads\/2026\/08\/640-0-6f5b8eac8647006ae543b153b0c727c1.jpg?w=640&amp;ssl=1 640w\" sizes=\"auto, (max-width: 661px) 100vw, 661px\" \/><\/p>\n<p data-a11y-orig-inline=\"\" data-a11y-base-fs=\"18\">31 Gusht 2026<\/p>\n<p data-a11y-orig-inline=\"\" data-a11y-base-fs=\"18\">\u00cbsht\u00eb e diel. Gusht. Vapa ka z\u00ebn\u00eb vend mbi Shqip\u00ebri me at\u00eb k\u00ebmb\u00ebnguljen e nj\u00eb zyrtari t\u00eb sot\u00ebm q\u00eb nuk di kur duhet t\u00eb largohet. Gjinkallat, t\u00eb cilat duket se nuk e kan\u00eb marr\u00eb ende vesh lajmin e ardhjes s\u00eb vjesht\u00ebs, vazhdojn\u00eb koncertin e tyre t\u00eb paduruesh\u00ebm.<\/p>\n<p data-a11y-orig-inline=\"\" data-a11y-base-fs=\"18\">N\u00eb k\u00ebt\u00eb qet\u00ebsi mbyt\u00ebse m\u00eb vjen nj\u00eb mesazh nga nj\u00eb mik:<\/p>\n<p data-a11y-orig-inline=\"\" data-a11y-base-fs=\"18\">\u201cJo\u201d, i p\u00ebrgjigjem. \u201cKu?\u201d<\/p>\n<p data-a11y-orig-inline=\"\" data-a11y-base-fs=\"18\">Shoh lajmet p\u00ebr t\u00eb m\u00ebsuar se \u00e7\u2019ka ndodhur.<\/p>\n<p data-a11y-orig-inline=\"\" data-a11y-base-fs=\"18\">Dhe, si\u00e7 ndodh r\u00ebndom n\u00eb k\u00ebt\u00eb vend, p\u00ebrpara se t\u00eb gjesh lajmin q\u00eb k\u00ebrkon, ndesh nj\u00eb lajm shum\u00eb m\u00eb t\u00eb r\u00ebnd\u00ebsish\u00ebm. Ministria e Mjedisit kishte dh\u00ebn\u00eb nj\u00eb njoftim.<\/p>\n<p data-a11y-orig-inline=\"\" data-a11y-base-fs=\"18\">Nj\u00eb shkab\u00eb egjiptiane (Kali i Qyqes) ishte par\u00eb n\u00eb Vjos\u00eb.<\/p>\n<p data-a11y-orig-inline=\"\" data-a11y-base-fs=\"18\">Ngjarja, sipas njoftimit, ishte nj\u00eb prej atyre ngjarjeve t\u00eb bukura q\u00eb na kujtojn\u00eb se natyra shqiptare ende di t\u00eb na befasoj\u00eb dhe, sigurisht, fal\u00eb pun\u00ebve t\u00eb mira q\u00eb kryhen n\u00eb dobi t\u00eb mjedisit ton\u00eb, shkaba, e ikur kushedi se kur, kishte vendosur t\u00eb rikthehej.<\/p>\n<p data-a11y-orig-inline=\"\" data-a11y-base-fs=\"18\">Lexoj m\u00eb tej p\u00ebr t\u00ebrmetin. Nuk kishte ndodhur gj\u00eb dhe kjo m\u00eb qet\u00ebsoi. Porosita kafen\u00eb e m\u00ebngjesit dhe iu riktheva lajmit t\u00eb shkab\u00ebs. E rilexova dhe vura buz\u00ebn n\u00eb gaz. Jo nga g\u00ebzimi, por nga nj\u00eb trishtim i thell\u00eb kur shikoj se si nj\u00eb institucion i shtetit nuk ka iden\u00eb se \u00e7far\u00eb shkruan dhe hedh n\u00eb publik.<\/p>\n<p data-a11y-orig-inline=\"\" data-a11y-base-fs=\"18\">Nuk kam ndonj\u00eb njohje me Ministrin e Mjedisit (dhe jam i bindur se dikush, ndonj\u00eb nga ata burokrat\u00ebt e parfumosur, ia ka p\u00ebrgatitur at\u00eb dalje publike), por shkabat egjiptiane i njoh disi m\u00eb mir\u00eb.<\/p>\n<p data-a11y-orig-inline=\"\" data-a11y-base-fs=\"18\">Para rreth dhjet\u00eb vjet\u00ebsh, bashk\u00eb me disa specialist\u00eb t\u00eb mjedisit, u p\u00ebrpoq\u00ebm t\u00eb b\u00ebnim di\u00e7ka p\u00ebr k\u00ebt\u00eb shpend t\u00eb rrall\u00eb, i cili dikur ishte pjes\u00eb e zakonshme e peizazhit shqiptar dhe sot \u00ebsht\u00eb b\u00ebr\u00eb pothuajse nj\u00eb kujtim.<\/p>\n<p data-a11y-orig-inline=\"\" data-a11y-base-fs=\"18\">N\u00eb malet e Nivic\u00ebs ngrit\u00ebm nj\u00eb stacion modest ushqimi. Modest ishte edhe buxheti, natyrisht. Shqip\u00ebria nuk ka qen\u00eb kurr\u00eb bujare me gj\u00ebrat q\u00eb nuk b\u00ebjn\u00eb zhurm\u00eb.<\/p>\n<p data-a11y-orig-inline=\"\" data-a11y-base-fs=\"18\">Disa djem q\u00eb merren seriozisht me shkabat vazhdojn\u00eb ende t\u00eb ngjiten \u00e7do vit n\u00eb malet e jugut. I v\u00ebzhgojn\u00eb, i fotografojn\u00eb, i num\u00ebrojn\u00eb, i ndjekin nga sezoni n\u00eb sezon. U flasin barinjve. Shp\u00ebrndajn\u00eb flet\u00ebpalosje. B\u00ebjn\u00eb bluza. P\u00ebrpiqen t\u2019u shpjegojn\u00eb njer\u00ebzve at\u00eb q\u00eb dikur nuk kishte nevoj\u00eb p\u00ebr shpjegim: se shkaba nuk \u00ebsht\u00eb armik i njeriut, por nj\u00eb nga pastruesit m\u00eb t\u00eb dobish\u00ebm t\u00eb natyr\u00ebs.<\/p>\n<p data-a11y-orig-inline=\"\" data-a11y-base-fs=\"18\">N\u00eb k\u00ebt\u00eb pun\u00eb kam qen\u00eb i p\u00ebrfshir\u00eb edhe un\u00eb, fare modestisht. Prandaj e njoh disi k\u00ebt\u00eb specie dhe mund t\u00eb them se, n\u00eb fund t\u00eb gushtit, shkaba egjiptiane nuk \u00ebsht\u00eb ndonj\u00eb mysafire e papritur q\u00eb sapo ka mb\u00ebrritur n\u00eb Vjos\u00eb. Ajo ka ardhur n\u00eb pranver\u00eb dhe tani \u00ebsht\u00eb koha kur p\u00ebrgatitet t\u00eb largohet drejt Afrik\u00ebs.<\/p>\n<p data-a11y-orig-inline=\"\" data-a11y-base-fs=\"18\">Sipas t\u00eb dh\u00ebnave t\u00eb specialist\u00ebve q\u00eb e ndjekin k\u00ebt\u00eb specie, p\u00ebrgjat\u00eb Vjos\u00ebs n\u00eb k\u00ebt\u00eb periudh\u00eb duhet t\u00eb kishte tre \u00e7ifte dhe nj\u00eb individ t\u00eb pa\u00e7ift\u00ebzuar, gjithsej shtat\u00eb individ\u00eb.<\/p>\n<p data-a11y-orig-inline=\"\" data-a11y-base-fs=\"18\">Kali i Qyqes q\u00eb u filmua nga turist\u00ebt nuk \u00ebsht\u00eb pra ndonj\u00eb emigrant i ri q\u00eb ka vendosur t\u00eb b\u00ebj\u00eb jet\u00ebn e tij n\u00eb Shqip\u00ebri fal\u00eb pun\u00ebve t\u00eb mira. Ai \u00ebsht\u00eb nj\u00eb banor i vjet\u00ebr i zon\u00ebs, i cili, me siguri i tmerruar nga flak\u00ebt q\u00eb djegin habitatin e tij, ka zbritur m\u00eb posht\u00eb, buz\u00eb Vjos\u00ebs, p\u00ebr t\u2019u mbrojtur apo p\u00ebr t\u00eb pir\u00eb uj\u00eb.<\/p>\n<p data-a11y-orig-inline=\"\" data-a11y-base-fs=\"18\">Kali i Qyqes, si\u00e7 quhet shkaba egjiptiane, ushqehet n\u00eb shum\u00eb raste me mbeturinat q\u00eb hidhen nga bizneset p\u00ebrreth \u201czon\u00ebs s\u00eb mbrojtur t\u00eb Vjos\u00ebs\u201d.<\/p>\n<p data-a11y-orig-inline=\"\" data-a11y-base-fs=\"18\">P\u00ebr ushqimin e k\u00ebtyre pak shpend\u00ebve, sipas njer\u00ebzve q\u00eb merren realisht me mbrojtjen e tyre, shteti nuk ka gjetur dot as disa kacidhe. Sidomos kur shohim se si, p\u00ebrgjat\u00eb Vjos\u00ebs, gjen investime turistike q\u00eb ndryshken apo kalben pa asnj\u00eb dobi p\u00ebr komunitetet, e kupton ironin\u00eb e k\u00ebtij fakti.<\/p>\n<p data-a11y-orig-inline=\"\" data-a11y-base-fs=\"18\">Mjafton t\u00eb shikosh kioskat e shtrenjta t\u00eb Ministris\u00eb s\u00eb Turizmit q\u00eb po rr\u00ebnohen, betonet e hedhura p\u00ebr \u201csporte aventure\u201d apo shpartallimin e Kanionit t\u00eb Langaric\u00ebs, p\u00ebr t\u00eb kuptuar se, p\u00ebrtej shp\u00ebrdorimit arrogant t\u00eb fondeve publike, askush nuk gjeti nj\u00eb fond modest p\u00ebr t\u00eb mbrojtur k\u00ebt\u00eb shpend kaq t\u00eb rrall\u00eb.<\/p>\n<p data-a11y-orig-inline=\"\" data-a11y-base-fs=\"18\">Kjo \u00ebsht\u00eb e v\u00ebrteta e dukshme. Prandaj do t\u00eb ishte mir\u00eb q\u00eb Ministri i Mjedisit, n\u00ebse i bie ndonj\u00ebher\u00eb n\u00eb dor\u00eb ky shkrim, t\u00eb mos zem\u00ebrohet me autorin, por t\u00eb zem\u00ebrohej pak me sistemin q\u00eb i sjell lajmet.<\/p>\n<p data-a11y-orig-inline=\"\" data-a11y-base-fs=\"18\">Sepse, n\u00ebse informacioni im \u00ebsht\u00eb i sakt\u00eb, deri tani Ministria e Mjedisit nuk ka dh\u00ebn\u00eb asnj\u00eb fond p\u00ebr mbrojtjen e k\u00ebsaj specieje. Zero!<\/p>\n<p data-a11y-orig-inline=\"\" data-a11y-base-fs=\"18\">Dhe kjo \u00ebsht\u00eb ndoshta shifra m\u00eb interesante e gjith\u00eb historis\u00eb s\u00eb shkab\u00ebs egjiptiane, e cila, sipas deklarat\u00ebs s\u00eb Ministrit, \u201ckishte vendosur q\u00eb pas kaq kohe t\u00eb rikthehej\u201d, a thua se edhe shkaba e shkret\u00eb lexon agjencit\u00eb e ATSH-s\u00eb apo RTSH-s\u00eb.<\/p>\n<p data-a11y-orig-inline=\"\" data-a11y-base-fs=\"18\">Nj\u00eb specie kaq e rrall\u00eb, q\u00eb \u00e7do vit rikthehet n\u00eb vendlindjen e vet, nuk mund t\u00eb mbrohet me nj\u00eb deklarat\u00eb p\u00ebr shtyp. Ato shtat\u00eb individ\u00eb q\u00eb kan\u00eb mbetur p\u00ebrgjat\u00eb Vjos\u00ebs duan ushqim dhe pun\u00eb n\u00eb mbrojtjen e tyre, dhe jo zhurm\u00eb, fotografi apo lavdi administrative.<\/p>\n<p data-a11y-orig-inline=\"\" data-a11y-base-fs=\"18\">Disa thone se Kali i Qyqes nuk \u00ebsht\u00eb larguar nga Shqiperia asnj\u00ebher\u00eb, por tani u fotografu dhe konfirmu q\u00eb ajo vazhdon te jet\u00eb n\u00eb vendin ton\u00eb<\/p>\n<p data-a11y-orig-inline=\"\" data-a11y-base-fs=\"18\">Dhe, mbi t\u00eb gjitha, \u00e7far\u00eb duhet b\u00ebr\u00eb q\u00eb t\u00eb mos na duhet nj\u00eb dit\u00eb t\u00eb nxjerrim nj\u00eb tjet\u00ebr deklarat\u00eb p\u00ebr shtyp me titull:<\/p>\n<p data-a11y-orig-inline=\"\" data-a11y-base-fs=\"18\">\u201cShkaba egjiptiane m\u00eb n\u00eb fund u zhduk nga Shqip\u00ebria.\u201d<\/p>\n","protected":false},"excerpt":{"rendered":"<p>31 Gusht 2026 \u00cbsht\u00eb e diel. Gusht. Vapa ka z\u00ebn\u00eb vend mbi Shqip\u00ebri me at\u00eb k\u00ebmb\u00ebnguljen e nj\u00eb zyrtari t\u00eb sot\u00ebm q\u00eb nuk di kur duhet t\u00eb largohet. Gjinkallat, t\u00eb cilat duket se nuk e kan\u00eb marr\u00eb ende vesh lajmin e ardhjes s\u00eb vjesht\u00ebs, vazhdojn\u00eb koncertin e tyre t\u00eb paduruesh\u00ebm. N\u00eb k\u00ebt\u00eb qet\u00ebsi mbyt\u00ebse m\u00eb [&hellip;]<\/p>\n","protected":false},"author":9,"featured_media":105560,"comment_status":"open","ping_status":"open","sticky":false,"template":"","format":"standard","meta":{"jetpack_post_was_ever_published":false,"_jetpack_newsletter_access":"","_jetpack_dont_email_post_to_subs":false,"_jetpack_newsletter_tier_id":0,"_jetpack_memberships_contains_paywalled_content":false,"_jetpack_memberships_contains_paid_content":false,"footnotes":"","jetpack_publicize_message":"","jetpack_publicize_feature_enabled":true,"jetpack_social_post_already_shared":true,"jetpack_social_options":{"image_generator_settings":{"template":"highway","default_image_id":0,"font":"","enabled":false},"version":2}},"categories":[27,1,14,35],"tags":[],"class_list":["post-105559","post","type-post","status-publish","format-standard","has-post-thumbnail","hentry","category-blogu-i-udhetarit","category-njoftime-shtypi","category-press-releases","category-shoqerore"],"jetpack_publicize_connections":[],"jetpack_featured_media_url":"https:\/\/i0.wp.com\/www.shqiperia.com\/blog\/wp-content\/uploads\/2026\/08\/640-0-6f5b8eac8647006ae543b153b0c727c1.jpg?fit=640%2C327&ssl=1","jetpack_sharing_enabled":true,"jetpack_shortlink":"https:\/\/wp.me\/p5Z6wp-rsz","jetpack-related-posts":[{"id":101050,"url":"https:\/\/www.shqiperia.com\/blog\/rama-perplaset-me-gazetaren-e-cnn-per-projektin-ne-zvernec-po-me-akuzon-per-lajm-te-rreme-do-me-degjosh-apo-jo\/","url_meta":{"origin":105559,"position":0},"title":"Rama p\u00ebrplaset me gazetaren e CNN p\u00ebr projektin n\u00eb Zv\u00ebrnec: &#8211; Po m\u00eb akuzon p\u00ebr lajm t\u00eb rrem\u00eb! &#8211; Do m\u00eb d\u00ebgjosh apo jo\u2026","author":"Kurt Farka","date":"June 3, 2026","format":false,"excerpt":"3 Qershor 2026 Kryeministri Edi Rama foli sot n\u00eb nj\u00eb intervist\u00eb p\u00ebr CNN International, ku u pyet p\u00ebr projektin n\u00eb Zv\u00ebrnec. Gjat\u00eb fjal\u00ebs s\u00eb tij Rama u p\u00ebrplas edhe me gazetaren e cila e pyeste vazhdimisht\u00eb p\u00ebr projektin, nd\u00ebrsa kryeministri thekson se nuk ka asnj\u00eb projekt dhe k\u00ebto jan\u00eb lajme\u2026","rel":"","context":"In &quot;Kultura&quot;","block_context":{"text":"Kultura","link":"https:\/\/www.shqiperia.com\/blog\/category\/kultura\/"},"img":{"alt_text":"","src":"https:\/\/i0.wp.com\/www.shqiperia.com\/blog\/wp-content\/uploads\/2026\/06\/Edi-Rama-2.jpg?fit=780%2C440&ssl=1&resize=350%2C200","width":350,"height":200,"srcset":"https:\/\/i0.wp.com\/www.shqiperia.com\/blog\/wp-content\/uploads\/2026\/06\/Edi-Rama-2.jpg?fit=780%2C440&ssl=1&resize=350%2C200 1x, https:\/\/i0.wp.com\/www.shqiperia.com\/blog\/wp-content\/uploads\/2026\/06\/Edi-Rama-2.jpg?fit=780%2C440&ssl=1&resize=525%2C300 1.5x, https:\/\/i0.wp.com\/www.shqiperia.com\/blog\/wp-content\/uploads\/2026\/06\/Edi-Rama-2.jpg?fit=780%2C440&ssl=1&resize=700%2C400 2x"},"classes":[]},{"id":101024,"url":"https:\/\/www.shqiperia.com\/blog\/mijera-protestues-ne-shesh-kerkojne-doreheqjen-e-rames-kryeministri-per-cnn-eshte-lufte-hibride-shqiperia-po-sulmohet-nga-armiqte\/","url_meta":{"origin":105559,"position":1},"title":"Mij\u00ebra protestues n\u00eb shesh k\u00ebrkojn\u00eb dor\u00ebheqjen e Ram\u00ebs, kryeministri p\u00ebr CNN: &#8211; \u00cbsht\u00eb luft\u00eb hibride, Shqip\u00ebria po sulmohet nga armiqt\u00eb","author":"Kurt Farka","date":"June 3, 2026","format":false,"excerpt":"3 Qershor 2026 N\u00eb deklarat\u00ebn e tij p\u00ebr CNN, Rama i ka cil\u00ebsuar protestat dhe raportimet si pjes\u00eb t\u00eb nj\u00eb \u201clufte hibride\u201d, duke pretenduar se Shqip\u00ebria po sulmohet nga\u00a0\u201carmiq dhe konkurrenc\u00eb e fort\u00eb n\u00eb rajon\u201d,\u00a0si dhe nga fushata dezinformimi n\u00eb rrjete sociale. \u201cNuk ka protesta n\u00eb t\u00eb gjith\u00eb Shqip\u00ebrin\u00eb. Ka\u2026","rel":"","context":"In &quot;Blogu i Udh\u00ebtarit&quot;","block_context":{"text":"Blogu i Udh\u00ebtarit","link":"https:\/\/www.shqiperia.com\/blog\/category\/blogu-i-udhetarit\/"},"img":{"alt_text":"","src":"https:\/\/i0.wp.com\/www.shqiperia.com\/blog\/wp-content\/uploads\/2026\/06\/images-1.webp?fit=678%2C452&ssl=1&resize=350%2C200","width":350,"height":200,"srcset":"https:\/\/i0.wp.com\/www.shqiperia.com\/blog\/wp-content\/uploads\/2026\/06\/images-1.webp?fit=678%2C452&ssl=1&resize=350%2C200 1x, https:\/\/i0.wp.com\/www.shqiperia.com\/blog\/wp-content\/uploads\/2026\/06\/images-1.webp?fit=678%2C452&ssl=1&resize=525%2C300 1.5x"},"classes":[]},{"id":104193,"url":"https:\/\/www.shqiperia.com\/blog\/robert-papa-plas-bomben-alex-soros-mban-peng-edi-ramen-me-materiale-shantazhimi-hetimet-e-cia-dhe-fbi-po-e-cojne\/","url_meta":{"origin":105559,"position":2},"title":"Robert Papa plas \u201cbomb\u00ebn\u201d: &#8211; Alex Soros mban peng Edi Ram\u00ebn me materiale shantazhimi, hetimet e CIA dhe FBI po e \u00e7ojn\u00eb\u2026","author":"Kurt Farka","date":"August 11, 2026","format":false,"excerpt":"11 Gusht 2026 Gazetari i njohur shqiptaro-amerikan, Robert Papa ka deklaruar se Senati Amerikan ka miratuar em\u00ebrimin e nj\u00eb ish-gjenerali si ambasador n\u00eb Tiran\u00eb, duke e ngritur zyrtarisht nivelin e ambasad\u00ebs pasi Amerika e konsideron Tiran\u00ebn si nj\u00eb vend, ku rrezikohet siguria komb\u00ebtare e amerikan\u00ebve. Sipas tij, misioni i ri\u2026","rel":"","context":"In &quot;Blogu i Udh\u00ebtarit&quot;","block_context":{"text":"Blogu i Udh\u00ebtarit","link":"https:\/\/www.shqiperia.com\/blog\/category\/blogu-i-udhetarit\/"},"img":{"alt_text":"","src":"https:\/\/i0.wp.com\/www.shqiperia.com\/blog\/wp-content\/uploads\/2026\/08\/Edi-Rama.jpg?fit=736%2C476&ssl=1&resize=350%2C200","width":350,"height":200,"srcset":"https:\/\/i0.wp.com\/www.shqiperia.com\/blog\/wp-content\/uploads\/2026\/08\/Edi-Rama.jpg?fit=736%2C476&ssl=1&resize=350%2C200 1x, https:\/\/i0.wp.com\/www.shqiperia.com\/blog\/wp-content\/uploads\/2026\/08\/Edi-Rama.jpg?fit=736%2C476&ssl=1&resize=525%2C300 1.5x, https:\/\/i0.wp.com\/www.shqiperia.com\/blog\/wp-content\/uploads\/2026\/08\/Edi-Rama.jpg?fit=736%2C476&ssl=1&resize=700%2C400 2x"},"classes":[]},{"id":104722,"url":"https:\/\/www.shqiperia.com\/blog\/shqiperia-nuk-do-te-pasurohet-nga-turizmi-dhe-as-duke-shkaterruar-ate-qe-e-ben-unike\/","url_meta":{"origin":105559,"position":3},"title":"Shqip\u00ebria nuk do t\u00eb pasurohet nga turizmi dhe as duke shkat\u00ebrruar at\u00eb q\u00eb e b\u00ebn unike","author":"Kurt Farka","date":"August 19, 2026","format":false,"excerpt":"19 Gusht 2026 Panajota Seva \u2013 Agolli\u00a0 Shqip\u00ebria po p\u00ebrjeton nj\u00eb bum turistik. Numri i vizitor\u00ebve rritet, hotelet shtohen, \u00e7mimet e tok\u00ebs n\u00eb bregdet shum\u00ebfishohen dhe investimet turistike paraqiten pothuajse \u00e7do dit\u00eb si prova se vendi po ec\u00ebn drejt prosperitetit. N\u00eb k\u00ebt\u00eb atmosfer\u00eb, kund\u00ebrshtimi ndaj nd\u00ebrtimeve n\u00eb zona si Narta\u2026","rel":"","context":"In &quot;Histori&quot;","block_context":{"text":"Histori","link":"https:\/\/www.shqiperia.com\/blog\/category\/histori\/"},"img":{"alt_text":"","src":"https:\/\/i0.wp.com\/www.shqiperia.com\/blog\/wp-content\/uploads\/2026\/08\/IMG_5686-1.jpeg?fit=1200%2C801&ssl=1&resize=350%2C200","width":350,"height":200,"srcset":"https:\/\/i0.wp.com\/www.shqiperia.com\/blog\/wp-content\/uploads\/2026\/08\/IMG_5686-1.jpeg?fit=1200%2C801&ssl=1&resize=350%2C200 1x, https:\/\/i0.wp.com\/www.shqiperia.com\/blog\/wp-content\/uploads\/2026\/08\/IMG_5686-1.jpeg?fit=1200%2C801&ssl=1&resize=525%2C300 1.5x, https:\/\/i0.wp.com\/www.shqiperia.com\/blog\/wp-content\/uploads\/2026\/08\/IMG_5686-1.jpeg?fit=1200%2C801&ssl=1&resize=700%2C400 2x, https:\/\/i0.wp.com\/www.shqiperia.com\/blog\/wp-content\/uploads\/2026\/08\/IMG_5686-1.jpeg?fit=1200%2C801&ssl=1&resize=1050%2C600 3x"},"classes":[]},{"id":101662,"url":"https:\/\/www.shqiperia.com\/blog\/lajm-arkiv-shteti-mysliman-i-rames-nje-mikroshtet-per-bektashinjte-brenda-tiranes\/","url_meta":{"origin":105559,"position":4},"title":"Lajm Arkiv: &#8211; Shteti mysliman i Rames  &#8211; Nj\u00eb mikroshtet p\u00ebr bektashinjt\u00eb brenda Tiran\u00ebs","author":"Kurt Farka","date":"June 21, 2026","format":false,"excerpt":"21 Shtator 2024 New York Times i ka kushtuar nj\u00eb artikull mund\u00ebsis\u00eb s\u00eb krijimit t\u00eb nj\u00eb shteti t\u00eb stilit t\u00eb Vatikanit n\u00eb Shqip\u00ebri. Sipas NYT kryeministri Edi Rama d\u00ebshiron t\u2019u jap\u00eb an\u00ebtar\u00ebve t\u00eb Bektashinjve enklav\u00ebn e tyre t\u00eb stilit t\u00eb Vatikanit si nj\u00eb m\u00ebnyr\u00eb p\u00ebr t\u00eb promovuar toleranc\u00ebn fetare. Kleriku\u2026","rel":"","context":"In &quot;Blogu i Udh\u00ebtarit&quot;","block_context":{"text":"Blogu i Udh\u00ebtarit","link":"https:\/\/www.shqiperia.com\/blog\/category\/blogu-i-udhetarit\/"},"img":{"alt_text":"","src":"https:\/\/i0.wp.com\/www.shqiperia.com\/blog\/wp-content\/uploads\/2026\/06\/Rama-Baba-Mondi-1.jpg?fit=753%2C450&ssl=1&resize=350%2C200","width":350,"height":200,"srcset":"https:\/\/i0.wp.com\/www.shqiperia.com\/blog\/wp-content\/uploads\/2026\/06\/Rama-Baba-Mondi-1.jpg?fit=753%2C450&ssl=1&resize=350%2C200 1x, https:\/\/i0.wp.com\/www.shqiperia.com\/blog\/wp-content\/uploads\/2026\/06\/Rama-Baba-Mondi-1.jpg?fit=753%2C450&ssl=1&resize=525%2C300 1.5x, https:\/\/i0.wp.com\/www.shqiperia.com\/blog\/wp-content\/uploads\/2026\/06\/Rama-Baba-Mondi-1.jpg?fit=753%2C450&ssl=1&resize=700%2C400 2x"},"classes":[]},{"id":102918,"url":"https:\/\/www.shqiperia.com\/blog\/auron-tare-shpella-e-ciklopit-ne-himare-mes-filmit-te-nolan-dhe-lavazhit-te-makinave\/","url_meta":{"origin":105559,"position":5},"title":"Auron Tare: &#8211; Shpella e Ciklopit n\u00eb Himar\u00eb, mes filmit t\u00eb Nolan dhe lavazhit t\u00eb makinave","author":"Kurt Farka","date":"July 19, 2026","format":false,"excerpt":"19 Korrik 2026 Nga Auron Tare Shfaqja e filmit \u201cOdiseu\u201d nga regjisori Christopher Nolan ka hapur nj\u00eb debat t\u00eb gjer\u00eb n\u00eb t\u00eb dy an\u00ebt e Atlantikut mbi nj\u00eb nga veprat m\u00eb identifikuese t\u00eb let\u00ebrsis\u00eb bot\u00ebrore \u201cOdisea\u201d e Homerit. N\u00eb podcast-et m\u00eb t\u00eb njohura, studiues dhe ekspert\u00eb me fam\u00eb bot\u00ebrore kan\u00eb\u2026","rel":"","context":"In &quot;Blogu i Udh\u00ebtarit&quot;","block_context":{"text":"Blogu i Udh\u00ebtarit","link":"https:\/\/www.shqiperia.com\/blog\/category\/blogu-i-udhetarit\/"},"img":{"alt_text":"","src":"https:\/\/i0.wp.com\/www.shqiperia.com\/blog\/wp-content\/uploads\/2026\/07\/WhatsApp-Image-2026-07-19-at-11.08.08.jpeg?fit=780%2C440&ssl=1&resize=350%2C200","width":350,"height":200,"srcset":"https:\/\/i0.wp.com\/www.shqiperia.com\/blog\/wp-content\/uploads\/2026\/07\/WhatsApp-Image-2026-07-19-at-11.08.08.jpeg?fit=780%2C440&ssl=1&resize=350%2C200 1x, https:\/\/i0.wp.com\/www.shqiperia.com\/blog\/wp-content\/uploads\/2026\/07\/WhatsApp-Image-2026-07-19-at-11.08.08.jpeg?fit=780%2C440&ssl=1&resize=525%2C300 1.5x, https:\/\/i0.wp.com\/www.shqiperia.com\/blog\/wp-content\/uploads\/2026\/07\/WhatsApp-Image-2026-07-19-at-11.08.08.jpeg?fit=780%2C440&ssl=1&resize=700%2C400 2x"},"classes":[]}],"_links":{"self":[{"href":"https:\/\/www.shqiperia.com\/blog\/wp-json\/wp\/v2\/posts\/105559","targetHints":{"allow":["GET"]}}],"collection":[{"href":"https:\/\/www.shqiperia.com\/blog\/wp-json\/wp\/v2\/posts"}],"about":[{"href":"https:\/\/www.shqiperia.com\/blog\/wp-json\/wp\/v2\/types\/post"}],"author":[{"embeddable":true,"href":"https:\/\/www.shqiperia.com\/blog\/wp-json\/wp\/v2\/users\/9"}],"replies":[{"embeddable":true,"href":"https:\/\/www.shqiperia.com\/blog\/wp-json\/wp\/v2\/comments?post=105559"}],"version-history":[{"count":1,"href":"https:\/\/www.shqiperia.com\/blog\/wp-json\/wp\/v2\/posts\/105559\/revisions"}],"predecessor-version":[{"id":105561,"href":"https:\/\/www.shqiperia.com\/blog\/wp-json\/wp\/v2\/posts\/105559\/revisions\/105561"}],"wp:featuredmedia":[{"embeddable":true,"href":"https:\/\/www.shqiperia.com\/blog\/wp-json\/wp\/v2\/media\/105560"}],"wp:attachment":[{"href":"https:\/\/www.shqiperia.com\/blog\/wp-json\/wp\/v2\/media?parent=105559"}],"wp:term":[{"taxonomy":"category","embeddable":true,"href":"https:\/\/www.shqiperia.com\/blog\/wp-json\/wp\/v2\/categories?post=105559"},{"taxonomy":"post_tag","embeddable":true,"href":"https:\/\/www.shqiperia.com\/blog\/wp-json\/wp\/v2\/tags?post=105559"}],"curies":[{"name":"wp","href":"https:\/\/api.w.org\/{rel}","templated":true}]}}