{"id":105556,"date":"2026-08-31T09:34:12","date_gmt":"2026-08-31T09:34:12","guid":{"rendered":"https:\/\/www.shqiperia.com\/blog\/?p=105556"},"modified":"2026-08-31T09:34:12","modified_gmt":"2026-08-31T09:34:12","slug":"banesat-monument-kulture-ne-gjirokaster-prej-vitesh-pa-nderhyrje-rreth-90-ne-rrezik","status":"publish","type":"post","link":"https:\/\/www.shqiperia.com\/blog\/banesat-monument-kulture-ne-gjirokaster-prej-vitesh-pa-nderhyrje-rreth-90-ne-rrezik\/","title":{"rendered":"Banesat monument kulture n\u00eb Gjirokast\u00ebr prej vitesh pa nd\u00ebrhyrje, rreth 90 n\u00eb rrezik"},"content":{"rendered":"<p><img data-recalc-dims=\"1\" loading=\"lazy\" decoding=\"async\" data-attachment-id=\"105557\" data-permalink=\"https:\/\/www.shqiperia.com\/blog\/banesat-monument-kulture-ne-gjirokaster-prej-vitesh-pa-nderhyrje-rreth-90-ne-rrezik\/800-0-capture-6a92723022d22\/\" data-orig-file=\"https:\/\/i0.wp.com\/www.shqiperia.com\/blog\/wp-content\/uploads\/2026\/08\/800-0-capture-6a92723022d22.png?fit=800%2C446&amp;ssl=1\" data-orig-size=\"800,446\" data-comments-opened=\"1\" data-image-meta=\"{&quot;aperture&quot;:&quot;0&quot;,&quot;credit&quot;:&quot;&quot;,&quot;camera&quot;:&quot;&quot;,&quot;caption&quot;:&quot;&quot;,&quot;created_timestamp&quot;:&quot;0&quot;,&quot;copyright&quot;:&quot;&quot;,&quot;focal_length&quot;:&quot;0&quot;,&quot;iso&quot;:&quot;0&quot;,&quot;shutter_speed&quot;:&quot;0&quot;,&quot;title&quot;:&quot;&quot;,&quot;orientation&quot;:&quot;0&quot;}\" data-image-title=\"-800-0-capture-6a92723022d22\" data-image-description=\"\" data-image-caption=\"\" data-medium-file=\"https:\/\/i0.wp.com\/www.shqiperia.com\/blog\/wp-content\/uploads\/2026\/08\/800-0-capture-6a92723022d22.png?fit=300%2C167&amp;ssl=1\" data-large-file=\"https:\/\/i0.wp.com\/www.shqiperia.com\/blog\/wp-content\/uploads\/2026\/08\/800-0-capture-6a92723022d22.png?fit=800%2C446&amp;ssl=1\" class=\"alignnone  wp-image-105557\" alt=\"\" src=\"https:\/\/i0.wp.com\/www.shqiperia.com\/blog\/wp-content\/uploads\/2026\/08\/800-0-capture-6a92723022d22.png?resize=523%2C291&#038;ssl=1\" width=\"523\" height=\"291\" srcset=\"https:\/\/i0.wp.com\/www.shqiperia.com\/blog\/wp-content\/uploads\/2026\/08\/800-0-capture-6a92723022d22.png?resize=300%2C167&amp;ssl=1 300w, https:\/\/i0.wp.com\/www.shqiperia.com\/blog\/wp-content\/uploads\/2026\/08\/800-0-capture-6a92723022d22.png?resize=768%2C428&amp;ssl=1 768w, https:\/\/i0.wp.com\/www.shqiperia.com\/blog\/wp-content\/uploads\/2026\/08\/800-0-capture-6a92723022d22.png?resize=450%2C251&amp;ssl=1 450w, https:\/\/i0.wp.com\/www.shqiperia.com\/blog\/wp-content\/uploads\/2026\/08\/800-0-capture-6a92723022d22.png?resize=600%2C335&amp;ssl=1 600w, https:\/\/i0.wp.com\/www.shqiperia.com\/blog\/wp-content\/uploads\/2026\/08\/800-0-capture-6a92723022d22.png?resize=400%2C223&amp;ssl=1 400w, https:\/\/i0.wp.com\/www.shqiperia.com\/blog\/wp-content\/uploads\/2026\/08\/800-0-capture-6a92723022d22.png?w=800&amp;ssl=1 800w\" sizes=\"auto, (max-width: 523px) 100vw, 523px\" \/><\/p>\n<p>31 Gusht 2026<\/p>\n<p><strong>Nga Julia Vrapi<\/strong><\/p>\n<p>Banesat monument kulture n\u00eb Gjirokast\u00ebr prej vitesh p\u00ebrballen me probleme t\u00eb shumta q\u00eb rrezikojn\u00eb ruajtjen e vlerave t\u00eb tyre historike dhe arkitekturore. Dhjet\u00ebra prej tyre kan\u00eb nevoj\u00eb p\u00ebr nd\u00ebrhyrje, nd\u00ebrsa pronar\u00ebt shpesh p\u00ebrballen me v\u00ebshtir\u00ebsi p\u00ebr t\u2019i mir\u00ebmbajtur.<\/p>\n<p>Nga 390 banesa monument kulture n\u00eb Gjirokast\u00ebr, rreth 90 prej tyre jan\u00eb aktualisht n\u00eb rrezik. Ministri Blendi Gonxhja thot\u00eb se shteti do t\u00eb nd\u00ebrhyj\u00eb p\u00ebr shp\u00ebtimin, restaurimin dhe mbrojtjen e tyre, duke marr\u00eb p\u00ebrsip\u00ebr punimet dhe duke ndihmuar ndjesh\u00ebm qytetar\u00ebt.<\/p>\n<p>\u201cShteti do t\u00eb nd\u00ebrhyj\u00eb energjikisht p\u00ebr shp\u00ebtimin, restaurimin dhe mbrojtjen e banesave monument kulture q\u00eb rrezikojn\u00eb t\u00eb degradojn\u00eb apo t\u00eb humbasin p\u00ebr shkak t\u00eb neglizhenc\u00ebs, fragmentimit t\u00eb pron\u00ebsis\u00eb, braktisjes nga pamund\u00ebsia p\u00ebr t\u2019i dal\u00eb zot apo mosveprimit t\u00eb q\u00ebllimsh\u00ebm, duke marr\u00eb p\u00ebrsip\u00ebr gjith\u00eb punimet dhe duke ndihmuar ndjesh\u00ebm qytetar\u00ebt, por edhe duke ngarkuar pronarin me pjes\u00ebn e arsyeshme t\u00eb kostos s\u00eb detyrimit p\u00ebrkat\u00ebs!\u201d, shprehet ministri i Turizmit, Kultur\u00ebs dhe Sportit.<\/p>\n<p>Puna p\u00ebr shp\u00ebtimin dhe restaurimin e banesave monument kulture n\u00eb Gjirokast\u00ebr tashm\u00eb ka nisur, por ministri Blendi Gonxhja shprehet se kantieret e para pritet t\u00eb hapen n\u00eb fillim t\u00eb vitit t\u00eb ardhsh\u00ebm, me projekte t\u00eb hartuara sipas manualeve zyrtare t\u00eb restaurimit dhe t\u00eb miratuara nga KKTKM. \u201cNisim nga Gjirokastra, pasuri bot\u00ebrore n\u00eb UNESCO, ku nga 390 banesa monument kulture, rreth 90 jan\u00eb n\u00eb rrezik!<\/p>\n<p>Nuk ka m\u00eb: ra, se u la n\u00eb m\u00ebshir\u00eb t\u00eb fatit! Puna teknike dhe administrative ka nisur, nd\u00ebrsa kantieret e para do t\u00eb hapen n\u00eb fillim t\u00eb vitit t\u00eb ardhsh\u00ebm, ku projektet do t\u00eb jen\u00eb t\u00eb hartuara me manualet zyrtare t\u00eb restaurimit dhe me aprovim nga \u00a0KKTKM\u201d, vijon Gonxhja.<\/p>\n<p>Gjirokastra, e p\u00ebrfshir\u00eb n\u00eb List\u00ebn e Trash\u00ebgimis\u00eb Bot\u00ebrore t\u00eb UNESCO-s, mbart nj\u00eb vler\u00eb t\u00eb ve\u00e7ant\u00eb historike dhe arkitekturore, \u00e7ka e b\u00ebn ruajtjen e banesave monument kulture nj\u00eb \u00e7\u00ebshtje t\u00eb r\u00ebnd\u00ebsishme p\u00ebr trash\u00ebgimin\u00eb kulturore.<\/p>\n<p><strong>Procesi do t\u00eb ndiqet nga af\u00ebr nga strukturat p\u00ebrgjegj\u00ebse p\u00ebr trash\u00ebgimin\u00eb kulturore<\/strong><\/p>\n<p>Procesi do t\u00eb ndiqet nga af\u00ebr nga strukturat p\u00ebrgjegj\u00ebse p\u00ebr trash\u00ebgimin\u00eb kulturore, p\u00ebr t\u00eb garantuar zbatimin korrekt t\u00eb nd\u00ebrhyrjeve dhe respektimin e standardeve t\u00eb restaurimit. Gonxhja thekson se nisma do t\u00eb mb\u00ebshtetet \u00e7do vit me fonde nga buxheti i shtetit dhe do t\u00eb mbik\u00ebqyret nga strukturat p\u00ebrgjegj\u00ebse t\u00eb trash\u00ebgimis\u00eb kulturore, duke n\u00ebnvizuar r\u00ebnd\u00ebsin\u00eb e k\u00ebtyre banesave p\u00ebr identitetin, trash\u00ebgimin\u00eb, turizmin dhe zhvillimin ekonomik.<\/p>\n<p>\u201cDRTK-t\u00eb rajonale dhe IKTK q\u00ebndrore do t\u00eb ndjekin e mbik\u00ebqyrin procesin, praktikat dhe komunikimin me \u00e7do t\u00eb interesuar. Nisma e shum\u00ebpritur vjen me mb\u00ebshtetje vjetore buxhetore dhe zbatohet nga MTKS, n\u00eb kuadrin e r\u00ebnd\u00ebsis\u00eb strategjike, identitare, vler\u00ebs universale e kolektive, potencialit promovues turistik e ekonomik q\u00eb banesat monumente kulture mbartin e evokojn\u00eb, si pasuri arkitektonike dhe etnografike e si d\u00ebshmi t\u00eb gjalla t\u00eb trash\u00ebgimis\u00eb dhe tradit\u00ebs\u201d, shprehet ai.<\/p>\n<p>Nd\u00ebr vite, edhe specialist\u00eb t\u00eb fush\u00ebs s\u00eb trash\u00ebgimis\u00eb kulturore kan\u00eb k\u00ebrkuar m\u00eb shum\u00eb v\u00ebmendje dhe nd\u00ebrhyrje konkrete p\u00ebr ruajtjen, mir\u00ebmbajtjen dhe restaurimin e banesave monument kulture n\u00eb Gjirokast\u00ebr. Ekspert\u00ebt kan\u00eb v\u00ebn\u00eb n\u00eb dukje se shp\u00ebtimi i tyre \u00ebsht\u00eb i r\u00ebnd\u00ebsish\u00ebm jo vet\u00ebm p\u00ebr ruajtjen e vlerave arkitekturore dhe historike t\u00eb qytetit, por edhe p\u00ebr mbrojtjen e identitetit t\u00eb Gjirokastr\u00ebs si nj\u00eb prej qendrave m\u00eb t\u00eb r\u00ebnd\u00ebsishme t\u00eb trash\u00ebgimis\u00eb kulturore n\u00eb vend.<\/p>\n","protected":false},"excerpt":{"rendered":"<p>31 Gusht 2026 Nga Julia Vrapi Banesat monument kulture n\u00eb Gjirokast\u00ebr prej vitesh p\u00ebrballen me probleme t\u00eb shumta q\u00eb rrezikojn\u00eb ruajtjen e vlerave t\u00eb tyre historike dhe arkitekturore. Dhjet\u00ebra prej tyre kan\u00eb nevoj\u00eb p\u00ebr nd\u00ebrhyrje, nd\u00ebrsa pronar\u00ebt shpesh p\u00ebrballen me v\u00ebshtir\u00ebsi p\u00ebr t\u2019i mir\u00ebmbajtur. Nga 390 banesa monument kulture n\u00eb Gjirokast\u00ebr, rreth 90 prej tyre [&hellip;]<\/p>\n","protected":false},"author":9,"featured_media":105557,"comment_status":"open","ping_status":"open","sticky":false,"template":"","format":"standard","meta":{"jetpack_post_was_ever_published":false,"_jetpack_newsletter_access":"","_jetpack_dont_email_post_to_subs":false,"_jetpack_newsletter_tier_id":0,"_jetpack_memberships_contains_paywalled_content":false,"_jetpack_memberships_contains_paid_content":false,"footnotes":"","jetpack_publicize_message":"","jetpack_publicize_feature_enabled":true,"jetpack_social_post_already_shared":true,"jetpack_social_options":{"image_generator_settings":{"template":"highway","default_image_id":0,"font":"","enabled":false},"version":2}},"categories":[27,85,10,35,86],"tags":[],"class_list":["post-105556","post","type-post","status-publish","format-standard","has-post-thumbnail","hentry","category-blogu-i-udhetarit","category-histori","category-kultura","category-shoqerore","category-trashegimi-kulturore"],"jetpack_publicize_connections":[],"jetpack_featured_media_url":"https:\/\/i0.wp.com\/www.shqiperia.com\/blog\/wp-content\/uploads\/2026\/08\/800-0-capture-6a92723022d22.png?fit=800%2C446&ssl=1","jetpack_sharing_enabled":true,"jetpack_shortlink":"https:\/\/wp.me\/p5Z6wp-rsw","jetpack-related-posts":[{"id":100229,"url":"https:\/\/www.shqiperia.com\/blog\/godinat-ne-zonen-muzeale-ne-gjirokaster-ne-rrezik-shembje\/","url_meta":{"origin":105556,"position":0},"title":"Godinat n\u00eb Zon\u00ebn muzeale n\u00eb Gjirokast\u00ebr n\u00eb rrezik shembje","author":"Kurt Farka","date":"May 13, 2026","format":false,"excerpt":"13 Maji 2026 Shum\u00eb objekte moment kulture n\u00eb zon\u00ebn muzeale n\u00eb Gjirokast\u00ebr rrezikojn\u00eb shembjen p\u00ebr shkak t\u00eb munges\u00ebs s\u00eb restaurimit. Drejtori i Drejtoris\u00eb Rajonale t\u00eb Trash\u00ebgimis\u00eb Kulturore, Ardit Duka u shpreh se nuk mund t\u00eb nd\u00ebrhyjn\u00eb n\u00eb k\u00ebto godina pa zgjidhur ng\u00ebr\u00e7in e pron\u00ebsis\u00eb q\u00eb sipas tij duhet hapa ligjore\u2026","rel":"","context":"In &quot;Blogu i Udh\u00ebtarit&quot;","block_context":{"text":"Blogu i Udh\u00ebtarit","link":"https:\/\/www.shqiperia.com\/blog\/category\/blogu-i-udhetarit\/"},"img":{"alt_text":"","src":"https:\/\/i0.wp.com\/www.shqiperia.com\/blog\/wp-content\/uploads\/2026\/05\/Gjirokastra.jpg?fit=1200%2C675&ssl=1&resize=350%2C200","width":350,"height":200,"srcset":"https:\/\/i0.wp.com\/www.shqiperia.com\/blog\/wp-content\/uploads\/2026\/05\/Gjirokastra.jpg?fit=1200%2C675&ssl=1&resize=350%2C200 1x, https:\/\/i0.wp.com\/www.shqiperia.com\/blog\/wp-content\/uploads\/2026\/05\/Gjirokastra.jpg?fit=1200%2C675&ssl=1&resize=525%2C300 1.5x, https:\/\/i0.wp.com\/www.shqiperia.com\/blog\/wp-content\/uploads\/2026\/05\/Gjirokastra.jpg?fit=1200%2C675&ssl=1&resize=700%2C400 2x, https:\/\/i0.wp.com\/www.shqiperia.com\/blog\/wp-content\/uploads\/2026\/05\/Gjirokastra.jpg?fit=1200%2C675&ssl=1&resize=1050%2C600 3x"},"classes":[]},{"id":104464,"url":"https:\/\/www.shqiperia.com\/blog\/zjarret-shkrumbojne-masivet-pyjore-arusha-me-kelyshin-shfaqen-ne-elbasan-kafshet-ne-rrezik-nga-flaket\/","url_meta":{"origin":105556,"position":1},"title":"Zjarret shkrumbojn\u00eb masivet pyjore, arusha me k\u00eblyshin shfaqen n\u00eb Elbasan. &#8211; Kafsh\u00ebt n\u00eb rrezik nga flak\u00ebt","author":"Kurt Farka","date":"August 14, 2026","format":false,"excerpt":"14 Gusht 2026 \u201cLufta\u201d me flak\u00ebt e zjarreve n\u00eb masivet pyjore nuk b\u00ebhet vet\u00ebm p\u00ebr t\u00eb mbrojtur jet\u00ebn e qytetar\u00ebve, banesat dhe pasurit\u00eb e tyre, por edhe p\u00ebr t\u00eb shp\u00ebtuar faun\u00ebn e eg\u00ebr dhe habitatet natyrore q\u00eb k\u00ebrc\u00ebnohen nga zjarret Nj\u00eb d\u00ebshmi e ve\u00e7ant\u00eb vjen nga zona e Shmilit n\u00eb\u2026","rel":"","context":"In &quot;Blogu i Udh\u00ebtarit&quot;","block_context":{"text":"Blogu i Udh\u00ebtarit","link":"https:\/\/www.shqiperia.com\/blog\/category\/blogu-i-udhetarit\/"},"img":{"alt_text":"","src":"https:\/\/i0.wp.com\/www.shqiperia.com\/blog\/wp-content\/uploads\/2026\/08\/photo-output-6-1536x1107-1.jpeg?fit=1200%2C865&ssl=1&resize=350%2C200","width":350,"height":200,"srcset":"https:\/\/i0.wp.com\/www.shqiperia.com\/blog\/wp-content\/uploads\/2026\/08\/photo-output-6-1536x1107-1.jpeg?fit=1200%2C865&ssl=1&resize=350%2C200 1x, https:\/\/i0.wp.com\/www.shqiperia.com\/blog\/wp-content\/uploads\/2026\/08\/photo-output-6-1536x1107-1.jpeg?fit=1200%2C865&ssl=1&resize=525%2C300 1.5x, https:\/\/i0.wp.com\/www.shqiperia.com\/blog\/wp-content\/uploads\/2026\/08\/photo-output-6-1536x1107-1.jpeg?fit=1200%2C865&ssl=1&resize=700%2C400 2x, https:\/\/i0.wp.com\/www.shqiperia.com\/blog\/wp-content\/uploads\/2026\/08\/photo-output-6-1536x1107-1.jpeg?fit=1200%2C865&ssl=1&resize=1050%2C600 3x"},"classes":[]},{"id":100117,"url":"https:\/\/www.shqiperia.com\/blog\/banoret-e-fshatit-ane-vjose-ne-memaliaj-prej-vitesh-perballen-me-nje-nga-problemet-me-jetike-mungesen-e-ujit-te-pijshem\/","url_meta":{"origin":105556,"position":2},"title":"Banor\u00ebt e fshatit An\u00eb Vjos\u00eb, n\u00eb Memaliaj, prej vitesh p\u00ebrballen me nj\u00eb nga problemet m\u00eb jetike: munges\u00ebn e ujit t\u00eb pijsh\u00ebm.","author":"Kurt Farka","date":"May 11, 2026","format":false,"excerpt":"11 Maji 2026 Dikur me mbi 350 banor\u00eb, sot fshati num\u00ebron vet\u00ebm rreth 30. Ironikisht, vet\u00ebm pak metra larg sht\u00ebpive t\u00eb tyre rrjedh lumi Vjosa, por n\u00eb rubinet\u00ebt e tyre nuk ka asnj\u00eb pik\u00eb uj\u00eb. T\u00eb detyruar nga kushtet e v\u00ebshtira, disa familje kan\u00eb hapur puse p\u00ebr t\u00eb siguruar uj\u00eb,\u2026","rel":"","context":"In &quot;Blogu i Udh\u00ebtarit&quot;","block_context":{"text":"Blogu i Udh\u00ebtarit","link":"https:\/\/www.shqiperia.com\/blog\/category\/blogu-i-udhetarit\/"},"img":{"alt_text":"","src":"https:\/\/i0.wp.com\/www.shqiperia.com\/blog\/wp-content\/uploads\/2026\/05\/vlcsnap-2026-05-09-15h46m18s990_sd-800x450-1.webp?fit=800%2C450&ssl=1&resize=350%2C200","width":350,"height":200,"srcset":"https:\/\/i0.wp.com\/www.shqiperia.com\/blog\/wp-content\/uploads\/2026\/05\/vlcsnap-2026-05-09-15h46m18s990_sd-800x450-1.webp?fit=800%2C450&ssl=1&resize=350%2C200 1x, https:\/\/i0.wp.com\/www.shqiperia.com\/blog\/wp-content\/uploads\/2026\/05\/vlcsnap-2026-05-09-15h46m18s990_sd-800x450-1.webp?fit=800%2C450&ssl=1&resize=525%2C300 1.5x, https:\/\/i0.wp.com\/www.shqiperia.com\/blog\/wp-content\/uploads\/2026\/05\/vlcsnap-2026-05-09-15h46m18s990_sd-800x450-1.webp?fit=800%2C450&ssl=1&resize=700%2C400 2x"},"classes":[]},{"id":103281,"url":"https:\/\/www.shqiperia.com\/blog\/rruga-rrezikon-shtepine-rreshqitja-e-tokes-ka-alarmuar-te-moshuaren-qe-jeton-e-vetme-ne-gjirokaster\/","url_meta":{"origin":105556,"position":3},"title":"Rruga rrezikon sht\u00ebpin\u00eb, rr\u00ebshqitja e tok\u00ebs ka alarmuar t\u00eb moshuar\u00ebn q\u00eb jeton e vetme n\u00eb Gjirokast\u00ebr","author":"Kurt Farka","date":"July 27, 2026","format":false,"excerpt":"27 Korrik 2026 Posht\u00eb Kalas\u00eb s\u00eb Argjiros, n\u00eb zem\u00ebr t\u00eb qytetit muze t\u00eb Gjirokastr\u00ebs, Robert dhe Vasilika Arseni, n\u00ebn\u00eb e bir, jetojn\u00eb \u00e7do dit\u00eb me frik\u00ebn se sht\u00ebpia e tyre mund t\u00eb rrezikohet nga shembja e murit mbajt\u00ebs t\u00eb rrug\u00ebs. B\u00ebhet fjal\u00eb p\u00ebr rrug\u00ebn e njohur nga banor\u00ebt si \u201cRruga\u2026","rel":"","context":"In &quot;Blogu i Udh\u00ebtarit&quot;","block_context":{"text":"Blogu i Udh\u00ebtarit","link":"https:\/\/www.shqiperia.com\/blog\/category\/blogu-i-udhetarit\/"},"img":{"alt_text":"","src":"https:\/\/i0.wp.com\/www.shqiperia.com\/blog\/wp-content\/uploads\/2026\/07\/rruga_sd-800x450-1.webp?fit=800%2C450&ssl=1&resize=350%2C200","width":350,"height":200,"srcset":"https:\/\/i0.wp.com\/www.shqiperia.com\/blog\/wp-content\/uploads\/2026\/07\/rruga_sd-800x450-1.webp?fit=800%2C450&ssl=1&resize=350%2C200 1x, https:\/\/i0.wp.com\/www.shqiperia.com\/blog\/wp-content\/uploads\/2026\/07\/rruga_sd-800x450-1.webp?fit=800%2C450&ssl=1&resize=525%2C300 1.5x, https:\/\/i0.wp.com\/www.shqiperia.com\/blog\/wp-content\/uploads\/2026\/07\/rruga_sd-800x450-1.webp?fit=800%2C450&ssl=1&resize=700%2C400 2x"},"classes":[]},{"id":100662,"url":"https:\/\/www.shqiperia.com\/blog\/fshati-qe-po-thahet-iliras-pa-uje-prej-5-vitesh-emigrimi-ka-lene-vetem-50-banore\/","url_meta":{"origin":105556,"position":4},"title":"Fshati q\u00eb po \u201cthahet\u201d\/ Iliras pa uj\u00eb prej 5 vitesh, emigrimi ka l\u00ebn\u00eb vet\u00ebm 50 banor\u00eb","author":"Kurt Farka","date":"May 26, 2026","format":false,"excerpt":"26 Maji 2026 Banor\u00ebt e fshatit An\u00eb Vjos\u00eb, n\u00eb Memaliaj, prej vitesh p\u00ebrballen me nj\u00eb nga problemet m\u00eb jetike: munges\u00ebn e ujit t\u00eb pijsh\u00ebm. Ironikisht, vet\u00ebm pak metra larg sht\u00ebpive t\u00eb tyre rrjedh lumi Vjosa, por n\u00eb rubinet\u00ebt e tyre nuk ka asnj\u00eb pik\u00eb uj\u00eb. T\u00eb detyruar nga kushtet e\u2026","rel":"","context":"In &quot;Blogu i Udh\u00ebtarit&quot;","block_context":{"text":"Blogu i Udh\u00ebtarit","link":"https:\/\/www.shqiperia.com\/blog\/category\/blogu-i-udhetarit\/"},"img":{"alt_text":"","src":"https:\/\/i0.wp.com\/www.shqiperia.com\/blog\/wp-content\/uploads\/2026\/05\/Capture_sd-1-2-800x450-1.webp?fit=800%2C450&ssl=1&resize=350%2C200","width":350,"height":200,"srcset":"https:\/\/i0.wp.com\/www.shqiperia.com\/blog\/wp-content\/uploads\/2026\/05\/Capture_sd-1-2-800x450-1.webp?fit=800%2C450&ssl=1&resize=350%2C200 1x, https:\/\/i0.wp.com\/www.shqiperia.com\/blog\/wp-content\/uploads\/2026\/05\/Capture_sd-1-2-800x450-1.webp?fit=800%2C450&ssl=1&resize=525%2C300 1.5x, https:\/\/i0.wp.com\/www.shqiperia.com\/blog\/wp-content\/uploads\/2026\/05\/Capture_sd-1-2-800x450-1.webp?fit=800%2C450&ssl=1&resize=700%2C400 2x"},"classes":[]},{"id":104023,"url":"https:\/\/www.shqiperia.com\/blog\/po-digjet-qyteti-situate-dramatike-ne-kruje-flaket-gjigante-perparojne-drejt-banesave-digjen-disa-prej-tyre\/","url_meta":{"origin":105556,"position":5},"title":"\u201cPo digjet qyteti!\u201d\/ Situat\u00eb dramatike n\u00eb Kruj\u00eb, flak\u00ebt gjigante p\u00ebrparojn\u00eb drejt banesave, digjen disa prej tyre","author":"Kurt Farka","date":"August 9, 2026","format":false,"excerpt":"9 Korrik 2025 Nga Ballkanweb Sipas lajmit t\u00eb mbrmshem\u00a0 08 Gusht, 2026 22:20. Situata paraqitet tejet dramatike n\u00eb Kruj\u00eb, ku flak\u00ebt e zjarrit po p\u00ebrhapen me shpejt\u00ebsi n\u00eb drejtim t\u00eb zonave t\u00eb banuara, duke rrezikuar seriozisht banesat dhe qytetar\u00ebt. Sipas raportimeve t\u00eb qytetar\u00ebve pran\u00eb\u00a0BalkanWeb, zjarri ka dal\u00eb jasht\u00eb kontrollit n\u00eb\u2026","rel":"","context":"In &quot;Blogu i Udh\u00ebtarit&quot;","block_context":{"text":"Blogu i Udh\u00ebtarit","link":"https:\/\/www.shqiperia.com\/blog\/category\/blogu-i-udhetarit\/"},"img":{"alt_text":"","src":"https:\/\/i0.wp.com\/www.shqiperia.com\/blog\/wp-content\/uploads\/2026\/08\/Krujaa.jpg?fit=596%2C524&ssl=1&resize=350%2C200","width":350,"height":200,"srcset":"https:\/\/i0.wp.com\/www.shqiperia.com\/blog\/wp-content\/uploads\/2026\/08\/Krujaa.jpg?fit=596%2C524&ssl=1&resize=350%2C200 1x, https:\/\/i0.wp.com\/www.shqiperia.com\/blog\/wp-content\/uploads\/2026\/08\/Krujaa.jpg?fit=596%2C524&ssl=1&resize=525%2C300 1.5x"},"classes":[]}],"_links":{"self":[{"href":"https:\/\/www.shqiperia.com\/blog\/wp-json\/wp\/v2\/posts\/105556","targetHints":{"allow":["GET"]}}],"collection":[{"href":"https:\/\/www.shqiperia.com\/blog\/wp-json\/wp\/v2\/posts"}],"about":[{"href":"https:\/\/www.shqiperia.com\/blog\/wp-json\/wp\/v2\/types\/post"}],"author":[{"embeddable":true,"href":"https:\/\/www.shqiperia.com\/blog\/wp-json\/wp\/v2\/users\/9"}],"replies":[{"embeddable":true,"href":"https:\/\/www.shqiperia.com\/blog\/wp-json\/wp\/v2\/comments?post=105556"}],"version-history":[{"count":1,"href":"https:\/\/www.shqiperia.com\/blog\/wp-json\/wp\/v2\/posts\/105556\/revisions"}],"predecessor-version":[{"id":105558,"href":"https:\/\/www.shqiperia.com\/blog\/wp-json\/wp\/v2\/posts\/105556\/revisions\/105558"}],"wp:featuredmedia":[{"embeddable":true,"href":"https:\/\/www.shqiperia.com\/blog\/wp-json\/wp\/v2\/media\/105557"}],"wp:attachment":[{"href":"https:\/\/www.shqiperia.com\/blog\/wp-json\/wp\/v2\/media?parent=105556"}],"wp:term":[{"taxonomy":"category","embeddable":true,"href":"https:\/\/www.shqiperia.com\/blog\/wp-json\/wp\/v2\/categories?post=105556"},{"taxonomy":"post_tag","embeddable":true,"href":"https:\/\/www.shqiperia.com\/blog\/wp-json\/wp\/v2\/tags?post=105556"}],"curies":[{"name":"wp","href":"https:\/\/api.w.org\/{rel}","templated":true}]}}