{"id":105550,"date":"2026-08-31T09:28:32","date_gmt":"2026-08-31T09:28:32","guid":{"rendered":"https:\/\/www.shqiperia.com\/blog\/?p=105550"},"modified":"2026-08-31T09:28:32","modified_gmt":"2026-08-31T09:28:32","slug":"si-dukej-burri-qe-i-mbijetoi-pushtimit-norman-ekspertet-rindertojne-fytyren-e-tij-pas-1000-vitesh","status":"publish","type":"post","link":"https:\/\/www.shqiperia.com\/blog\/si-dukej-burri-qe-i-mbijetoi-pushtimit-norman-ekspertet-rindertojne-fytyren-e-tij-pas-1000-vitesh\/","title":{"rendered":"Si dukej burri q\u00eb i mbijetoi Pushtimit Norman? Ekspert\u00ebt rind\u00ebrtojn\u00eb fytyr\u00ebn e tij pas 1,000 vitesh"},"content":{"rendered":"<p><img data-recalc-dims=\"1\" loading=\"lazy\" decoding=\"async\" data-attachment-id=\"105551\" data-permalink=\"https:\/\/www.shqiperia.com\/blog\/si-dukej-burri-qe-i-mbijetoi-pushtimit-norman-ekspertet-rindertojne-fytyren-e-tij-pas-1000-vitesh\/auto_11788086742\/\" data-orig-file=\"https:\/\/i0.wp.com\/www.shqiperia.com\/blog\/wp-content\/uploads\/2026\/08\/auto_11788086742.jpeg?fit=900%2C506&amp;ssl=1\" data-orig-size=\"900,506\" data-comments-opened=\"1\" data-image-meta=\"{&quot;aperture&quot;:&quot;0&quot;,&quot;credit&quot;:&quot;&quot;,&quot;camera&quot;:&quot;&quot;,&quot;caption&quot;:&quot;&quot;,&quot;created_timestamp&quot;:&quot;0&quot;,&quot;copyright&quot;:&quot;&quot;,&quot;focal_length&quot;:&quot;0&quot;,&quot;iso&quot;:&quot;0&quot;,&quot;shutter_speed&quot;:&quot;0&quot;,&quot;title&quot;:&quot;&quot;,&quot;orientation&quot;:&quot;0&quot;}\" data-image-title=\"auto_11788086742\" data-image-description=\"\" data-image-caption=\"\" data-medium-file=\"https:\/\/i0.wp.com\/www.shqiperia.com\/blog\/wp-content\/uploads\/2026\/08\/auto_11788086742.jpeg?fit=300%2C169&amp;ssl=1\" data-large-file=\"https:\/\/i0.wp.com\/www.shqiperia.com\/blog\/wp-content\/uploads\/2026\/08\/auto_11788086742.jpeg?fit=900%2C506&amp;ssl=1\" class=\"alignnone  wp-image-105551\" alt=\"\" src=\"https:\/\/i0.wp.com\/www.shqiperia.com\/blog\/wp-content\/uploads\/2026\/08\/auto_11788086742.jpeg?resize=641%2C361&#038;ssl=1\" width=\"641\" height=\"361\" srcset=\"https:\/\/i0.wp.com\/www.shqiperia.com\/blog\/wp-content\/uploads\/2026\/08\/auto_11788086742.jpeg?resize=300%2C169&amp;ssl=1 300w, https:\/\/i0.wp.com\/www.shqiperia.com\/blog\/wp-content\/uploads\/2026\/08\/auto_11788086742.jpeg?resize=768%2C432&amp;ssl=1 768w, https:\/\/i0.wp.com\/www.shqiperia.com\/blog\/wp-content\/uploads\/2026\/08\/auto_11788086742.jpeg?resize=450%2C253&amp;ssl=1 450w, https:\/\/i0.wp.com\/www.shqiperia.com\/blog\/wp-content\/uploads\/2026\/08\/auto_11788086742.jpeg?resize=600%2C337&amp;ssl=1 600w, https:\/\/i0.wp.com\/www.shqiperia.com\/blog\/wp-content\/uploads\/2026\/08\/auto_11788086742.jpeg?resize=400%2C225&amp;ssl=1 400w, https:\/\/i0.wp.com\/www.shqiperia.com\/blog\/wp-content\/uploads\/2026\/08\/auto_11788086742.jpeg?w=900&amp;ssl=1 900w\" sizes=\"auto, (max-width: 641px) 100vw, 641px\" \/><\/p>\n<p><strong>31 Gusht 2026<\/strong><\/p>\n<p><strong>Hulumtimet e reja kan\u00eb zbuluar se si mund t\u00eb ket\u00eb dukur nj\u00eb burr\u00eb q\u00eb jetoi gjat\u00eb pushtimit norman t\u00eb Britanis\u00eb, duke nxjerr\u00eb n\u00eb drit\u00eb detaje t\u00eb reja p\u00ebr jet\u00ebn e tij m\u00eb shum\u00eb se 1,000 vjet m\u00eb par\u00eb.<\/strong><\/p>\n<p>I njohur si \u201cBurri i Pushtimit\u201d, mbetjet e tij u analizuan nga studiues t\u00eb English Heritage dhe Heritage England, duke p\u00ebrdorur analiza osteologjike, ADN-n\u00eb e lasht\u00eb dhe testime t\u00eb izotopeve, s\u00eb bashku me nj\u00eb rind\u00ebrtim digjital t\u00eb fytyr\u00ebs.<\/p>\n<p>Rezultatet nga ADN-ja e tij sugjerojn\u00eb se ai kishte nj\u00eb prejardhje t\u00eb konsiderueshme nga Evropa kontinentale.<\/p>\n<p>Ai u p\u00ebrshkrua si \u201ci sh\u00ebndosh\u00eb dhe muskuloz\u201d, mbi pes\u00eb k\u00ebmb\u00eb i gjat\u00eb dhe rreth 50 deri n\u00eb 60 vje\u00e7, me d\u00ebshmi t\u00eb frakturave t\u00eb shumta t\u00eb sh\u00ebruara.<\/p>\n<p>Atij iu b\u00eb gjithashtu nj\u00eb varrim i privilegjuar n\u00eb nj\u00eb kish\u00eb normane q\u00eb n\u00eb at\u00eb koh\u00eb ishte n\u00eb pron\u00ebsi t\u00eb nj\u00ebrit prej kalor\u00ebsve t\u00eb William Pushtuesit, n\u00eb kish\u00ebn e Sh\u00ebn Pjetrit n\u00eb Barton-upon-Humber, dhe u vendos p\u00ebr prehje n\u00eb nj\u00eb arkivol t\u00eb b\u00ebr\u00eb nga nj\u00eb pem\u00eb lisi e prer\u00eb rreth vitit 1079.<\/p>\n<p>Krah\u00ebt e tij ishin t\u00eb palosur, nd\u00ebrsa koka mb\u00ebshtetej mbi nj\u00eb jast\u00ebk prej bari dhe mbahej q\u00eb t\u00eb mos binte anash nga dy copa g\u00eblqerori vendas. Pran\u00eb tij ndodheshin tri shkopinj prej druri molle t\u00eb cil\u00ebt n\u00eb tradit\u00ebn skandinave konsideroheshin t\u00eb shenjt\u00eb.<\/p>\n<p>P\u00ebrpara hapjes s\u00eb ekspozit\u00ebs s\u00eb sixhades\u00eb s\u00eb Bayeux-it dhe rikrijimit t\u00eb Betej\u00ebs s\u00eb Hastingsit, English Heritage bashk\u00ebpunoi me studiues nga Historic England, Instituti Crick, Sh\u00ebrbimi Gjeologjik Britanik, Universiteti i Southampton-it, muVIS dhe FaceLab p\u00ebr t\u00eb ekzaminuar \u201cBurrin e Pushtimit\u201d.<\/p>\n<p><strong>Kevin Booth, kuratori kryesor i koleksioneve n\u00eb English Heritage, i cili koordinoi studimin, tha:<\/strong><\/p>\n<p><em>\u201cJam magjepsur nga ky individ, ky burr\u00eb i Pushtimit p\u00ebr 20 vjet. Kush ishte ai, \u00e7far\u00eb p\u00ebrjetoi, a mund t\u00eb ket\u00eb qen\u00eb n\u00eb Betej\u00ebn e Hastingsit, \u00e7far\u00eb lloj personi mund t\u00eb ket\u00eb qen\u00eb?&#8221;<\/em><\/p>\n<p><em>\u201cMe k\u00ebt\u00eb analiz\u00eb t\u00eb re, duket sikur mund t\u2019i afrohemi v\u00ebrtet atij. T\u00eb jesh n\u00eb gjendje tani t\u00eb shoh\u00ebsh fytyr\u00ebn e tij do t\u00eb thot\u00eb t\u00eb ndjesh se pothuajse mund t\u00eb flasim me t\u00eb.&#8221;<\/em><\/p>\n<p><em>\u201cAi \u00ebsht\u00eb nj\u00eb i mbijetuar magjeps\u00ebs i nj\u00eb periudhe kataklizmike n\u00eb histori; i lindur gjat\u00eb mbret\u00ebrimit t\u00eb mbretit viking Knut, ai i mbijetoi Pushtimit Norman p\u00ebr t\u2019u varrosur me nder pran\u00eb nj\u00eb kishe t\u00eb periudh\u00ebs para pushtimit, pjes\u00eb e bot\u00ebs s\u00eb re normane.&#8221;<\/em><\/p>\n<p><em>\u201cM\u00eb duket se trash\u00ebgimia e tij \u00ebsht\u00eb ajo e mbijetes\u00ebs, q\u00ebndrueshm\u00ebris\u00eb dhe p\u00ebrshtatjes, dhe shpresoj q\u00eb, duke ndar\u00eb historin\u00eb e tij n\u00eb k\u00ebt\u00eb m\u00ebnyr\u00eb, kur njer\u00ebzit t\u00eb shkojn\u00eb n\u00eb rikrijimin e Betej\u00ebs s\u00eb Hastingsit ose t\u00eb vizitojn\u00eb sixhaden\u00eb e Bayeux-it\u00a0sigurisht q\u00eb mund t\u00eb brohorasin p\u00ebr k\u00eb t\u00eb duan\u00a0por ndoshta ai mund t\u00eb na ndihmoj\u00eb t\u00eb mos i fusim n\u00eb nj\u00eb kall\u00ebp ata q\u00eb luftuan dhe vdiq\u00ebn atje, por t\u2019i kuptojm\u00eb ata mbi t\u00eb gjitha si njer\u00ebz.\u201d<\/em>\/<a href=\"https:\/\/www.dpa-international.com\/culture-and-science\/urn:newsml:dpa.com:20090101:260830-930-603936\/\">DPA News<\/a><\/p>\n","protected":false},"excerpt":{"rendered":"<p>31 Gusht 2026 Hulumtimet e reja kan\u00eb zbuluar se si mund t\u00eb ket\u00eb dukur nj\u00eb burr\u00eb q\u00eb jetoi gjat\u00eb pushtimit norman t\u00eb Britanis\u00eb, duke nxjerr\u00eb n\u00eb drit\u00eb detaje t\u00eb reja p\u00ebr jet\u00ebn e tij m\u00eb shum\u00eb se 1,000 vjet m\u00eb par\u00eb. I njohur si \u201cBurri i Pushtimit\u201d, mbetjet e tij u analizuan nga studiues t\u00eb [&hellip;]<\/p>\n","protected":false},"author":9,"featured_media":105551,"comment_status":"open","ping_status":"open","sticky":false,"template":"","format":"standard","meta":{"jetpack_post_was_ever_published":false,"_jetpack_newsletter_access":"","_jetpack_dont_email_post_to_subs":false,"_jetpack_newsletter_tier_id":0,"_jetpack_memberships_contains_paywalled_content":false,"_jetpack_memberships_contains_paid_content":false,"footnotes":"","jetpack_publicize_message":"","jetpack_publicize_feature_enabled":true,"jetpack_social_post_already_shared":true,"jetpack_social_options":{"image_generator_settings":{"template":"highway","default_image_id":0,"font":"","enabled":false},"version":2}},"categories":[27,85,35],"tags":[],"class_list":["post-105550","post","type-post","status-publish","format-standard","has-post-thumbnail","hentry","category-blogu-i-udhetarit","category-histori","category-shoqerore"],"jetpack_publicize_connections":[],"jetpack_featured_media_url":"https:\/\/i0.wp.com\/www.shqiperia.com\/blog\/wp-content\/uploads\/2026\/08\/auto_11788086742.jpeg?fit=900%2C506&ssl=1","jetpack_sharing_enabled":true,"jetpack_shortlink":"https:\/\/wp.me\/p5Z6wp-rsq","jetpack-related-posts":[{"id":104634,"url":"https:\/\/www.shqiperia.com\/blog\/kush-ishte-burri-lakuriq-ne-ungjillin-e-markut-dhe-pse-i-ka-habitur-studiuesit-prej-shekujsh\/","url_meta":{"origin":105550,"position":0},"title":"Kush ishte burri lakuriq n\u00eb Ungjillin e Markut dhe pse i ka habitur studiuesit prej shekujsh?","author":"Kurt Farka","date":"August 17, 2026","format":false,"excerpt":"17 Gusht 2026 Nj\u00eb teori sugjeron se burri lakuriq n\u00eb Ungjillin e Markut ishte vet\u00eb autori i supozuar, Gjon Marku. Bibla p\u00ebrmban kat\u00ebr p\u00ebrshkrime t\u00eb arrestimit t\u00eb Jezusit. Vet\u00ebm nj\u00ebri prej tyre p\u00ebrmend nj\u00eb burr\u00eb lakuriq dhe, prej shekujsh, studiuesit jan\u00eb p\u00ebrpjekur t\u00eb kuptojn\u00eb pse. Nd\u00ebrsa Jezusi arrestohet n\u00eb kopshtin\u2026","rel":"","context":"In &quot;Blogu i Udh\u00ebtarit&quot;","block_context":{"text":"Blogu i Udh\u00ebtarit","link":"https:\/\/www.shqiperia.com\/blog\/category\/blogu-i-udhetarit\/"},"img":{"alt_text":"","src":"https:\/\/i0.wp.com\/www.shqiperia.com\/blog\/wp-content\/uploads\/2026\/08\/auto_jesus-in-the-garden-of-gethsemane1786962539.jpg?fit=900%2C693&ssl=1&resize=350%2C200","width":350,"height":200,"srcset":"https:\/\/i0.wp.com\/www.shqiperia.com\/blog\/wp-content\/uploads\/2026\/08\/auto_jesus-in-the-garden-of-gethsemane1786962539.jpg?fit=900%2C693&ssl=1&resize=350%2C200 1x, https:\/\/i0.wp.com\/www.shqiperia.com\/blog\/wp-content\/uploads\/2026\/08\/auto_jesus-in-the-garden-of-gethsemane1786962539.jpg?fit=900%2C693&ssl=1&resize=525%2C300 1.5x, https:\/\/i0.wp.com\/www.shqiperia.com\/blog\/wp-content\/uploads\/2026\/08\/auto_jesus-in-the-garden-of-gethsemane1786962539.jpg?fit=900%2C693&ssl=1&resize=700%2C400 2x"},"classes":[]},{"id":101472,"url":"https:\/\/www.shqiperia.com\/blog\/national-geographic-beteja-mijevjecare-per-te-kontrolluar-ishullin-e-sazanit-ne-shqiperi\/","url_meta":{"origin":105550,"position":1},"title":"National Geographic &#8211; Beteja mij\u00ebvje\u00e7are p\u00ebr t\u00eb kontrolluar ishullin e Sazanit n\u00eb Shqip\u00ebri","author":"Kurt Farka","date":"June 14, 2026","format":false,"excerpt":"P\u00ebr mij\u00ebra vjet, fuqit\u00eb bot\u00ebrore kan\u00eb shk\u00ebmbyer kontroll mbi nj\u00eb ishull t\u00eb vog\u00ebl e t\u00eb harlisur pran\u00eb bregut jugper\u00ebndimor t\u00eb Shqip\u00ebris\u00eb. Ishulli i Sazanit, nj\u00eb hap\u00ebsir\u00eb \u200b\u200btoke prej 2.2 miljesh katror\u00eb, shtrihet brenda Ngushtic\u00ebs s\u00eb Otrantos, nj\u00eb kanal i ngusht\u00eb q\u00eb ndan Italin\u00eb dhe\u00a0Shqip\u00ebrin\u00eb, dhe ka sh\u00ebrbyer si nj\u00eb baz\u00eb\u2026","rel":"","context":"In &quot;Blogu i Udh\u00ebtarit&quot;","block_context":{"text":"Blogu i Udh\u00ebtarit","link":"https:\/\/www.shqiperia.com\/blog\/category\/blogu-i-udhetarit\/"},"img":{"alt_text":"","src":"https:\/\/i0.wp.com\/www.shqiperia.com\/blog\/wp-content\/uploads\/2026\/06\/maxresdefault-1.jpg?fit=1200%2C675&ssl=1&resize=350%2C200","width":350,"height":200,"srcset":"https:\/\/i0.wp.com\/www.shqiperia.com\/blog\/wp-content\/uploads\/2026\/06\/maxresdefault-1.jpg?fit=1200%2C675&ssl=1&resize=350%2C200 1x, https:\/\/i0.wp.com\/www.shqiperia.com\/blog\/wp-content\/uploads\/2026\/06\/maxresdefault-1.jpg?fit=1200%2C675&ssl=1&resize=525%2C300 1.5x, https:\/\/i0.wp.com\/www.shqiperia.com\/blog\/wp-content\/uploads\/2026\/06\/maxresdefault-1.jpg?fit=1200%2C675&ssl=1&resize=700%2C400 2x, https:\/\/i0.wp.com\/www.shqiperia.com\/blog\/wp-content\/uploads\/2026\/06\/maxresdefault-1.jpg?fit=1200%2C675&ssl=1&resize=1050%2C600 3x"},"classes":[]},{"id":103751,"url":"https:\/\/www.shqiperia.com\/blog\/nje-vorbulle-gjigante-jeshile-rrotullohet-ne-liqenin-e-shkodres\/","url_meta":{"origin":105550,"position":2},"title":"Nj\u00eb vorbull\u00eb gjigante jeshile rrotullohet n\u00eb liqenin e Shkodr\u00ebs","author":"Kurt Farka","date":"August 4, 2026","format":false,"excerpt":"4 Gusht 2026 Fotoja e nj\u00eb astronauti nga viti 2020 tregon nj\u00eb vorbull t\u00eb madhe, jeshile t\u00eb hapur n\u00eb liqenin e Shkodr\u00ebs. Kjo foto mbres\u00ebl\u00ebn\u00ebse tregon nj\u00eb re sedimentesh q\u00eb rrotullohen duke formuar nj\u00eb vorbull t\u00eb madhe n\u00eb nj\u00eb nga liqenet m\u00eb t\u00eb m\u00ebdhenj t\u00eb Europ\u00ebs. Liqeni i Shkodr\u00ebs \u00ebsht\u00eb\u2026","rel":"","context":"In &quot;Blogu i Udh\u00ebtarit&quot;","block_context":{"text":"Blogu i Udh\u00ebtarit","link":"https:\/\/www.shqiperia.com\/blog\/category\/blogu-i-udhetarit\/"},"img":{"alt_text":"","src":"https:\/\/i0.wp.com\/www.shqiperia.com\/blog\/wp-content\/uploads\/2026\/08\/auto_Ms8Uoi2GdfsT4KxfAnocbi-1024-80.jpg1785157537.webp?fit=1024%2C576&ssl=1&resize=350%2C200","width":350,"height":200,"srcset":"https:\/\/i0.wp.com\/www.shqiperia.com\/blog\/wp-content\/uploads\/2026\/08\/auto_Ms8Uoi2GdfsT4KxfAnocbi-1024-80.jpg1785157537.webp?fit=1024%2C576&ssl=1&resize=350%2C200 1x, https:\/\/i0.wp.com\/www.shqiperia.com\/blog\/wp-content\/uploads\/2026\/08\/auto_Ms8Uoi2GdfsT4KxfAnocbi-1024-80.jpg1785157537.webp?fit=1024%2C576&ssl=1&resize=525%2C300 1.5x, https:\/\/i0.wp.com\/www.shqiperia.com\/blog\/wp-content\/uploads\/2026\/08\/auto_Ms8Uoi2GdfsT4KxfAnocbi-1024-80.jpg1785157537.webp?fit=1024%2C576&ssl=1&resize=700%2C400 2x"},"classes":[]},{"id":100145,"url":"https:\/\/www.shqiperia.com\/blog\/sekreti-i-erret-i-familjes-holandeze-zbulohet-pas-80-vitesh-piktura-e-grabitur-nga-nazistet-e-koleksionistit-hebre\/","url_meta":{"origin":105550,"position":3},"title":"Sekreti i err\u00ebt i familjes holandeze, zbulohet pas 80 vitesh piktura e grabitur nga nazist\u00ebt e koleksionistit hebre","author":"Kurt Farka","date":"May 12, 2026","format":false,"excerpt":"12 Maji 2026 Nj\u00eb piktur\u00eb e vjedhur nga nazist\u00ebt gjat\u00eb Luft\u00ebs s\u00eb Dyt\u00eb Bot\u00ebrore \u00ebsht\u00eb zbuluar n\u00eb sht\u00ebpin\u00eb e pasardh\u00ebsve t\u00eb nj\u00eb bashk\u00ebpun\u00ebtori t\u00eb njohur holandez t\u00eb regjimit nazist, duke rikthyer n\u00eb v\u00ebmendje plag\u00ebt e grabitjes s\u00eb veprave t\u00eb artit gjat\u00eb luft\u00ebs. B\u00ebhet fjal\u00eb p\u00ebr vepr\u00ebn \u201cPortreti i nj\u00eb Vajze\u2026","rel":"","context":"In &quot;Arte&quot;","block_context":{"text":"Arte","link":"https:\/\/www.shqiperia.com\/blog\/category\/arte\/"},"img":{"alt_text":"","src":"https:\/\/i0.wp.com\/www.shqiperia.com\/blog\/wp-content\/uploads\/2026\/05\/portreti.webp?fit=1024%2C576&ssl=1&resize=350%2C200","width":350,"height":200,"srcset":"https:\/\/i0.wp.com\/www.shqiperia.com\/blog\/wp-content\/uploads\/2026\/05\/portreti.webp?fit=1024%2C576&ssl=1&resize=350%2C200 1x, https:\/\/i0.wp.com\/www.shqiperia.com\/blog\/wp-content\/uploads\/2026\/05\/portreti.webp?fit=1024%2C576&ssl=1&resize=525%2C300 1.5x, https:\/\/i0.wp.com\/www.shqiperia.com\/blog\/wp-content\/uploads\/2026\/05\/portreti.webp?fit=1024%2C576&ssl=1&resize=700%2C400 2x"},"classes":[]},{"id":105331,"url":"https:\/\/www.shqiperia.com\/blog\/ndodh-ne-austri-alpinisti-gjen-canten-e-shpines-qe-humbi-60-vjet-me-pare-gjate-shkrirjes-se-akullnajes\/","url_meta":{"origin":105550,"position":4},"title":"Ndodh n\u00eb Austri! Alpinisti gjen \u00e7ant\u00ebn e shpin\u00ebs q\u00eb humbi 60 vjet m\u00eb par\u00eb gjat\u00eb shkrirjes s\u00eb akullnaj\u00ebs","author":"Kurt Farka","date":"August 27, 2026","format":false,"excerpt":"27 Gusht 2026 Nj\u00eb alpinist 86-vje\u00e7ar n\u00eb Austri \u00ebsht\u00eb ribashkuar me \u00e7ant\u00ebn e shpin\u00ebs dhe pajisjet e tij t\u00eb alpinizmit, m\u00eb shum\u00eb se 60 vjet pasi i kishte humbur n\u00eb nj\u00eb \u00e7arje t\u00eb akullnaj\u00ebs. Sendet u zbuluan n\u00eb muajin korrik n\u00eb akullnaj\u00ebn Sulztalferner, n\u00eb Tirol, n\u00eb nj\u00eb lart\u00ebsi prej rreth\u2026","rel":"","context":"In &quot;Blogu i Udh\u00ebtarit&quot;","block_context":{"text":"Blogu i Udh\u00ebtarit","link":"https:\/\/www.shqiperia.com\/blog\/category\/blogu-i-udhetarit\/"},"img":{"alt_text":"","src":"https:\/\/i0.wp.com\/www.shqiperia.com\/blog\/wp-content\/uploads\/2026\/08\/orivatis.jpg?fit=1200%2C569&ssl=1&resize=350%2C200","width":350,"height":200,"srcset":"https:\/\/i0.wp.com\/www.shqiperia.com\/blog\/wp-content\/uploads\/2026\/08\/orivatis.jpg?fit=1200%2C569&ssl=1&resize=350%2C200 1x, https:\/\/i0.wp.com\/www.shqiperia.com\/blog\/wp-content\/uploads\/2026\/08\/orivatis.jpg?fit=1200%2C569&ssl=1&resize=525%2C300 1.5x, https:\/\/i0.wp.com\/www.shqiperia.com\/blog\/wp-content\/uploads\/2026\/08\/orivatis.jpg?fit=1200%2C569&ssl=1&resize=700%2C400 2x, https:\/\/i0.wp.com\/www.shqiperia.com\/blog\/wp-content\/uploads\/2026\/08\/orivatis.jpg?fit=1200%2C569&ssl=1&resize=1050%2C600 3x"},"classes":[]},{"id":105337,"url":"https:\/\/www.shqiperia.com\/blog\/ndahet-nga-jeta-piktori-kujtim-buza\/","url_meta":{"origin":105550,"position":5},"title":"Ndahet nga jeta Piktori Kujtim Buza","author":"Kurt Farka","date":"August 27, 2026","format":false,"excerpt":"27 Gusht 2026 Lamtumir\u00eb, profesor dhe mik i shtrenjt\u00eb, Kujtim Buza Sonte arti shqiptar humbi nj\u00eb nga bijt\u00eb e tij m\u00eb t\u00eb \u00e7muar. U nda nga jeta Kujtim Buza, artisti i madh, profesori yn\u00eb, kolegu yn\u00eb dhe, mbi t\u00eb gjitha, miku yn\u00eb i shtrenjt\u00eb. \u00cbsht\u00eb e v\u00ebshtir\u00eb t\u00eb flas\u00ebsh p\u00ebr\u2026","rel":"","context":"In &quot;Arte&quot;","block_context":{"text":"Arte","link":"https:\/\/www.shqiperia.com\/blog\/category\/arte\/"},"img":{"alt_text":"","src":"https:\/\/i0.wp.com\/www.shqiperia.com\/blog\/wp-content\/uploads\/2026\/08\/Kujtim-Buza.jpg?fit=1200%2C800&ssl=1&resize=350%2C200","width":350,"height":200,"srcset":"https:\/\/i0.wp.com\/www.shqiperia.com\/blog\/wp-content\/uploads\/2026\/08\/Kujtim-Buza.jpg?fit=1200%2C800&ssl=1&resize=350%2C200 1x, https:\/\/i0.wp.com\/www.shqiperia.com\/blog\/wp-content\/uploads\/2026\/08\/Kujtim-Buza.jpg?fit=1200%2C800&ssl=1&resize=525%2C300 1.5x, https:\/\/i0.wp.com\/www.shqiperia.com\/blog\/wp-content\/uploads\/2026\/08\/Kujtim-Buza.jpg?fit=1200%2C800&ssl=1&resize=700%2C400 2x, https:\/\/i0.wp.com\/www.shqiperia.com\/blog\/wp-content\/uploads\/2026\/08\/Kujtim-Buza.jpg?fit=1200%2C800&ssl=1&resize=1050%2C600 3x"},"classes":[]}],"_links":{"self":[{"href":"https:\/\/www.shqiperia.com\/blog\/wp-json\/wp\/v2\/posts\/105550","targetHints":{"allow":["GET"]}}],"collection":[{"href":"https:\/\/www.shqiperia.com\/blog\/wp-json\/wp\/v2\/posts"}],"about":[{"href":"https:\/\/www.shqiperia.com\/blog\/wp-json\/wp\/v2\/types\/post"}],"author":[{"embeddable":true,"href":"https:\/\/www.shqiperia.com\/blog\/wp-json\/wp\/v2\/users\/9"}],"replies":[{"embeddable":true,"href":"https:\/\/www.shqiperia.com\/blog\/wp-json\/wp\/v2\/comments?post=105550"}],"version-history":[{"count":1,"href":"https:\/\/www.shqiperia.com\/blog\/wp-json\/wp\/v2\/posts\/105550\/revisions"}],"predecessor-version":[{"id":105552,"href":"https:\/\/www.shqiperia.com\/blog\/wp-json\/wp\/v2\/posts\/105550\/revisions\/105552"}],"wp:featuredmedia":[{"embeddable":true,"href":"https:\/\/www.shqiperia.com\/blog\/wp-json\/wp\/v2\/media\/105551"}],"wp:attachment":[{"href":"https:\/\/www.shqiperia.com\/blog\/wp-json\/wp\/v2\/media?parent=105550"}],"wp:term":[{"taxonomy":"category","embeddable":true,"href":"https:\/\/www.shqiperia.com\/blog\/wp-json\/wp\/v2\/categories?post=105550"},{"taxonomy":"post_tag","embeddable":true,"href":"https:\/\/www.shqiperia.com\/blog\/wp-json\/wp\/v2\/tags?post=105550"}],"curies":[{"name":"wp","href":"https:\/\/api.w.org\/{rel}","templated":true}]}}