{"id":105547,"date":"2026-08-31T09:26:15","date_gmt":"2026-08-31T09:26:15","guid":{"rendered":"https:\/\/www.shqiperia.com\/blog\/?p=105547"},"modified":"2026-08-31T09:26:15","modified_gmt":"2026-08-31T09:26:15","slug":"qeveria-kater-dite-pa-kryeminister-arratisja-e-mistershme-e-edi-rames-jashte-vendit-pa-njoftim-zyrtar-kush-e-thirri-me-urgjence-kryeministrin","status":"publish","type":"post","link":"https:\/\/www.shqiperia.com\/blog\/qeveria-kater-dite-pa-kryeminister-arratisja-e-mistershme-e-edi-rames-jashte-vendit-pa-njoftim-zyrtar-kush-e-thirri-me-urgjence-kryeministrin\/","title":{"rendered":"Qeveria kat\u00ebr dit\u00eb pa kryeminist\u00ebr, arratisja e mistershme e Edi Ram\u00ebs jasht\u00eb vendit pa njoftim zyrtar, kush e thirri me urgjenc\u00eb kryeministrin?"},"content":{"rendered":"<div id=\"attachment_105548\" style=\"width: 651px\" class=\"wp-caption alignnone\"><img data-recalc-dims=\"1\" loading=\"lazy\" decoding=\"async\" aria-describedby=\"caption-attachment-105548\" data-attachment-id=\"105548\" data-permalink=\"https:\/\/www.shqiperia.com\/blog\/qeveria-kater-dite-pa-kryeminister-arratisja-e-mistershme-e-edi-rames-jashte-vendit-pa-njoftim-zyrtar-kush-e-thirri-me-urgjence-kryeministrin\/edi-rama-171\/\" data-orig-file=\"https:\/\/i0.wp.com\/www.shqiperia.com\/blog\/wp-content\/uploads\/2026\/08\/Edi-Rama-2.jpg?fit=1068%2C712&amp;ssl=1\" data-orig-size=\"1068,712\" data-comments-opened=\"1\" data-image-meta=\"{&quot;aperture&quot;:&quot;0&quot;,&quot;credit&quot;:&quot;&quot;,&quot;camera&quot;:&quot;&quot;,&quot;caption&quot;:&quot;&quot;,&quot;created_timestamp&quot;:&quot;0&quot;,&quot;copyright&quot;:&quot;&quot;,&quot;focal_length&quot;:&quot;0&quot;,&quot;iso&quot;:&quot;0&quot;,&quot;shutter_speed&quot;:&quot;0&quot;,&quot;title&quot;:&quot;&quot;,&quot;orientation&quot;:&quot;0&quot;}\" data-image-title=\"Edi-Rama\" data-image-description=\"\" data-image-caption=\"&lt;p&gt;Edi-Rama&lt;\/p&gt;\n\" data-medium-file=\"https:\/\/i0.wp.com\/www.shqiperia.com\/blog\/wp-content\/uploads\/2026\/08\/Edi-Rama-2.jpg?fit=300%2C200&amp;ssl=1\" data-large-file=\"https:\/\/i0.wp.com\/www.shqiperia.com\/blog\/wp-content\/uploads\/2026\/08\/Edi-Rama-2.jpg?fit=1024%2C683&amp;ssl=1\" class=\" wp-image-105548\" alt=\"\" src=\"https:\/\/i0.wp.com\/www.shqiperia.com\/blog\/wp-content\/uploads\/2026\/08\/Edi-Rama-2.jpg?resize=641%2C427&#038;ssl=1\" width=\"641\" height=\"427\" srcset=\"https:\/\/i0.wp.com\/www.shqiperia.com\/blog\/wp-content\/uploads\/2026\/08\/Edi-Rama-2.jpg?resize=300%2C200&amp;ssl=1 300w, https:\/\/i0.wp.com\/www.shqiperia.com\/blog\/wp-content\/uploads\/2026\/08\/Edi-Rama-2.jpg?resize=1024%2C683&amp;ssl=1 1024w, https:\/\/i0.wp.com\/www.shqiperia.com\/blog\/wp-content\/uploads\/2026\/08\/Edi-Rama-2.jpg?resize=768%2C512&amp;ssl=1 768w, https:\/\/i0.wp.com\/www.shqiperia.com\/blog\/wp-content\/uploads\/2026\/08\/Edi-Rama-2.jpg?resize=600%2C400&amp;ssl=1 600w, https:\/\/i0.wp.com\/www.shqiperia.com\/blog\/wp-content\/uploads\/2026\/08\/Edi-Rama-2.jpg?resize=450%2C300&amp;ssl=1 450w, https:\/\/i0.wp.com\/www.shqiperia.com\/blog\/wp-content\/uploads\/2026\/08\/Edi-Rama-2.jpg?resize=400%2C267&amp;ssl=1 400w, https:\/\/i0.wp.com\/www.shqiperia.com\/blog\/wp-content\/uploads\/2026\/08\/Edi-Rama-2.jpg?w=1068&amp;ssl=1 1068w\" sizes=\"auto, (max-width: 641px) 100vw, 641px\" \/><p id=\"caption-attachment-105548\" class=\"wp-caption-text\">Edi-Rama<\/p><\/div>\n<p>31 Gusht 2026<\/p>\n<p>Kat\u00ebr dit\u00eb t\u00eb axhend\u00ebs s\u00eb Edi Ram\u00ebs kan\u00eb mbetur n\u00eb nj\u00eb pik\u00ebpyetje t\u00eb madhe. B\u00ebhet fjal\u00eb p\u00ebr dit\u00ebt nga e marta deri t\u00eb premten e jav\u00ebs q\u00eb lam\u00eb pas. N\u00eb publik, gjat\u00eb k\u00ebsaj periudhe, \u00ebsht\u00eb krijuar p\u00ebrshtypja se kryeministri ka vijuar normalisht aktivitetin politik n\u00eb Tiran\u00eb, me mbledhje dhe takime me ministrat dhe drejtuesit e Partis\u00eb Socialiste. Por pamjet mungojn\u00eb. Dhe pik\u00ebrisht k\u00ebtu nis historia.<\/p>\n<p>Sipas burimeve t\u00eb gazet\u00ebs \u201cSOT\u201d, Rama gjat\u00eb k\u00ebtyre dit\u00ebve thuhet se ka qen\u00eb n\u00eb Shtetet e Bashkuara t\u00eb Amerik\u00ebs. Madje e sigurt \u00ebsht\u00eb q\u00eb djali i tij ka q\u00ebndruar n\u00eb hotel n\u00eb SHBA te miqt\u00eb e kryeministrit. Nga ana tjet\u00ebr, n\u00eb Tiran\u00eb, nd\u00ebrkoh\u00eb, jan\u00eb komunikuar takime t\u00eb Ram\u00ebs me socialist\u00ebt. Por nga aktivitetet e tij gjat\u00eb k\u00ebtyre dit\u00ebve nuk \u00ebsht\u00eb publikuar dokumentimi i zakonsh\u00ebm. Asnj\u00eb seri pamjesh nga mbledhjet.<\/p>\n<p>Asnj\u00eb fotografi q\u00eb t\u00eb tregoj\u00eb qart\u00eb se ku ndodhej kryeministri n\u00eb dit\u00ebt p\u00ebr t\u00eb cilat flitet. Nj\u00eb prej takimeve q\u00eb u b\u00eb publike ishte mbledhja me ministrat dhe drejtuesit politik\u00eb t\u00eb PS-s\u00eb, e zhvilluar m\u00eb 28 gusht. Takimi ishte parashikuar fillimisht t\u00eb zhvillohej n\u00eb or\u00ebn 17:30 n\u00eb selin\u00eb e PS-s\u00eb, por vendi dhe orari ndryshuan. Gjat\u00eb dit\u00ebs qarkulloi fillimisht varianti se takimi mund t\u00eb zhvillohej n\u00eb Pallatin e Brigadave. P\u00ebrfundimisht, Rama i mblodhi ministrat dhe drejtuesit politik\u00eb n\u00eb Vil\u00ebn Qeveritare n\u00eb Sauk.<\/p>\n<p><strong>Misteri<\/strong><\/p>\n<p>Publikut iu komunikua se Rama kishte zhvilluar mbledhjen, por pamjet nga brenda saj nuk u b\u00ebn\u00eb publike. N\u00ebse Rama ka qen\u00eb realisht n\u00eb Tiran\u00eb, kjo nuk p\u00ebrb\u00ebn domosdoshm\u00ebrisht ndonj\u00eb mister. Por pyetja q\u00eb mbetet \u00ebsht\u00eb pse nj\u00eb pjes\u00eb kaq e r\u00ebnd\u00ebsishme e aktivitetit t\u00eb tij politik nuk u shoq\u00ebrua me pamje.<\/p>\n<p>Nd\u00ebrsa n\u00ebse burimet p\u00ebr udh\u00ebtimin n\u00eb SHBA q\u00ebndrojn\u00eb, at\u00ebher\u00eb \u00e7\u00ebshtja merr tjet\u00ebr p\u00ebrmas\u00eb. Sepse b\u00ebhet fjal\u00eb p\u00ebr kat\u00ebr dit\u00eb t\u00eb plota, nga e marta deri t\u00eb premten, gjat\u00eb t\u00eb cilave kryeministri i Shqip\u00ebris\u00eb thuhet se ka qen\u00eb jasht\u00eb vendit, nd\u00ebrkoh\u00eb q\u00eb n\u00eb Tiran\u00eb vijonin raportimet p\u00ebr angazhimet e tij politike. Kush e ka thirrur? Kjo \u00ebsht\u00eb pyetja kryesore. Nj\u00eb udh\u00ebtim n\u00eb SHBA i kryeministrit shqiptar mund t\u00eb ket\u00eb shum\u00eb arsye.<\/p>\n<p>Mund t\u00eb lidhet me politik\u00ebn, diplomacin\u00eb, drejt\u00ebsin\u00eb, arsye sh\u00ebndet\u00ebsore apo nj\u00eb \u00e7\u00ebshtje q\u00eb nuk \u00ebsht\u00eb b\u00ebr\u00eb publike. Por deri tani nuk ka nj\u00eb shpjegim zyrtar q\u00eb t\u00eb sqaroj\u00eb se p\u00ebrse Rama do t\u00eb largohej nga Shqip\u00ebria pik\u00ebrisht n\u00eb k\u00ebto dit\u00eb dhe pse udh\u00ebtimi nuk \u00ebsht\u00eb b\u00ebr\u00eb pjes\u00eb e axhend\u00ebs publike. N\u00eb politik\u00ebn shqiptare, mungesa e informacionit shpesh krijon m\u00eb shum\u00eb pyetje sesa vet\u00eb informacioni.<\/p>\n<p>Dhe n\u00eb k\u00ebt\u00eb rast, pyetjet jan\u00eb t\u00eb shumta. N\u00ebse kryeministri ishte n\u00eb SHBA, pse nuk u njoftua udh\u00ebtimi? N\u00ebse ishte n\u00eb Tiran\u00eb, ku jan\u00eb pamjet e mbledhjeve? N\u00ebse takimet me socialist\u00ebt jan\u00eb zhvilluar realisht, pse u mbajt\u00ebn n\u00eb nj\u00eb form\u00eb kaq t\u00eb mbyllur? Dhe n\u00ebse gjat\u00eb k\u00ebtyre kat\u00ebr dit\u00ebve ka pasur nj\u00eb axhend\u00eb tjet\u00ebr, pse ajo nuk iu b\u00eb e ditur publikut? Pik\u00ebrisht k\u00ebtu q\u00ebndron misteri. Kush e k\u00ebrkoi Ram\u00ebn n\u00eb SHBA? Me k\u00eb u takua? Dhe pse shqiptar\u00ebt nuk u informuan p\u00ebr l\u00ebvizjen e kryeministrit?<\/p>\n<p><strong>Kthesa<\/strong><\/p>\n<p>Por historia merr nj\u00eb kthes\u00eb t\u00eb shtun\u00ebn. N\u00eb fundjav\u00eb, u njoftua s\u00ebrish mbledhje me socialist\u00ebt dhe k\u00ebt\u00eb her\u00eb Edi Rama publikoi n\u00eb Facebook pamje nga takimi me deputet\u00ebt dhe drejtuesit e tjer\u00eb t\u00eb nj\u00ebsive organizative t\u00eb Partis\u00eb Socialiste n\u00eb Qarkun e Tiran\u00ebs. N\u00eb postimin e tij, Rama shkruan se gjat\u00eb takimit u diskutua p\u00ebr organizimin e \u201cPranis\u00eb Besnike\u201d, metodologjin\u00eb e \u201cBes\u00ebs\u201d dhe sistemin e ri t\u00eb \u201cPasqyrAlbania\u201d.<\/p>\n<p>\u201cMe deputet\u00ebt dhe drejtuesit e tjer\u00eb t\u00eb nj\u00ebsive organizative t\u00eb Partis\u00eb Socialiste t\u00eb Qarkut Tiran\u00eb, pat\u00ebm sot nj\u00eb diskutim t\u00eb dobish\u00ebm p\u00ebr organizimin e Pranis\u00eb Besnike, metodologjin\u00eb e BES\u00cbS dhe sistemin e ri t\u00eb PasqyrAlbania, duke hedhur nj\u00eb hap t\u00eb nevojsh\u00ebm n\u00eb p\u00ebrgatitjen e sezonit t\u00eb ri politik t\u00eb Partis\u00eb Socialiste\u201d, shkruan Rama.<\/p>\n<p>Nga: Gazeta Sot<\/p>\n","protected":false},"excerpt":{"rendered":"<p>31 Gusht 2026 Kat\u00ebr dit\u00eb t\u00eb axhend\u00ebs s\u00eb Edi Ram\u00ebs kan\u00eb mbetur n\u00eb nj\u00eb pik\u00ebpyetje t\u00eb madhe. B\u00ebhet fjal\u00eb p\u00ebr dit\u00ebt nga e marta deri t\u00eb premten e jav\u00ebs q\u00eb lam\u00eb pas. N\u00eb publik, gjat\u00eb k\u00ebsaj periudhe, \u00ebsht\u00eb krijuar p\u00ebrshtypja se kryeministri ka vijuar normalisht aktivitetin politik n\u00eb Tiran\u00eb, me mbledhje dhe takime me ministrat [&hellip;]<\/p>\n","protected":false},"author":9,"featured_media":105548,"comment_status":"open","ping_status":"open","sticky":false,"template":"","format":"standard","meta":{"jetpack_post_was_ever_published":false,"_jetpack_newsletter_access":"","_jetpack_dont_email_post_to_subs":false,"_jetpack_newsletter_tier_id":0,"_jetpack_memberships_contains_paywalled_content":false,"_jetpack_memberships_contains_paid_content":false,"footnotes":"","jetpack_publicize_message":"","jetpack_publicize_feature_enabled":true,"jetpack_social_post_already_shared":true,"jetpack_social_options":{"image_generator_settings":{"template":"highway","default_image_id":0,"font":"","enabled":false},"version":2}},"categories":[27,1,2,14],"tags":[],"class_list":["post-105547","post","type-post","status-publish","format-standard","has-post-thumbnail","hentry","category-blogu-i-udhetarit","category-njoftime-shtypi","category-politika","category-press-releases"],"jetpack_publicize_connections":[],"jetpack_featured_media_url":"https:\/\/i0.wp.com\/www.shqiperia.com\/blog\/wp-content\/uploads\/2026\/08\/Edi-Rama-2.jpg?fit=1068%2C712&ssl=1","jetpack_sharing_enabled":true,"jetpack_shortlink":"https:\/\/wp.me\/p5Z6wp-rsn","jetpack-related-posts":[{"id":101258,"url":"https:\/\/www.shqiperia.com\/blog\/edi-rama-i-rri-qeverise-si-zhele-e-zgjyrosur-gabi-pas-13-vitesh-pushtet-te-degraduar\/","url_meta":{"origin":105547,"position":0},"title":"Edi Rama i rri qeveris\u00eb si zhele e zgjyrosur gabi pas 13 vitesh pushtet t\u00eb degraduar","author":"Kurt Farka","date":"June 8, 2026","format":false,"excerpt":"8 Qershor 2026 Nga: Ilir Dako Pas 13 vitesh pushtet ka filluar t\u00eb ndihet degradimi i Edi Ram\u00ebs n\u00eb raport me qeverisjen dhe realitetin. K\u00ebto dit\u00eb protestash, kryeministri shqiptar ka filluar t\u00eb flas\u00eb me engj\u00ebjt dhe po manifeston qartazi degradimin e tij mental si nj\u00eb personazh q\u00eb jeton n\u00eb nj\u00eb\u2026","rel":"","context":"In &quot;Njoftime Shtypi&quot;","block_context":{"text":"Njoftime Shtypi","link":"https:\/\/www.shqiperia.com\/blog\/category\/njoftime-shtypi\/"},"img":{"alt_text":"","src":"https:\/\/i0.wp.com\/www.shqiperia.com\/blog\/wp-content\/uploads\/2026\/06\/edi-rama.jpg?fit=1200%2C785&ssl=1&resize=350%2C200","width":350,"height":200,"srcset":"https:\/\/i0.wp.com\/www.shqiperia.com\/blog\/wp-content\/uploads\/2026\/06\/edi-rama.jpg?fit=1200%2C785&ssl=1&resize=350%2C200 1x, https:\/\/i0.wp.com\/www.shqiperia.com\/blog\/wp-content\/uploads\/2026\/06\/edi-rama.jpg?fit=1200%2C785&ssl=1&resize=525%2C300 1.5x, https:\/\/i0.wp.com\/www.shqiperia.com\/blog\/wp-content\/uploads\/2026\/06\/edi-rama.jpg?fit=1200%2C785&ssl=1&resize=700%2C400 2x, https:\/\/i0.wp.com\/www.shqiperia.com\/blog\/wp-content\/uploads\/2026\/06\/edi-rama.jpg?fit=1200%2C785&ssl=1&resize=1050%2C600 3x"},"classes":[]},{"id":101435,"url":"https:\/\/www.shqiperia.com\/blog\/masoni-i-pasuruar-nga-fatos-nano-pellumbi-dade-malaj-ahmetaj-dhe-ben-blushi-si-e-shohin-transformimin-e-figures-se-edi-rames-ata-qe-politika-i-ndau\/","url_meta":{"origin":105547,"position":1},"title":"\u201cMasoni i pasuruar\u201d\/ Nga Fatos Nano, P\u00ebllumbi, Dade, Malaj, Ahmetaj dhe Ben Blushi. &#8211; Si e shohin \u2018transformimin\u2019 e figur\u00ebs s\u00eb Edi Ram\u00ebs ata q\u00eb politika i ndau","author":"Kurt Farka","date":"June 13, 2026","format":false,"excerpt":"Teksa vendi \u00ebsht\u00eb p\u00ebrfshir\u00eb nga protesta masive, ku k\u00ebrkohet dor\u00ebheqja e kryeministrit Edi Rama, m\u00eb posht\u00eb sjellim nj\u00eb d\u00ebshmi te asaj se \u00e7far\u00eb mendojn\u00eb ish-bashk\u00ebpun\u00ebtor\u00eb t\u00eb tij me t\u00eb cil\u00ebt ka ndar\u00eb dhe rrug\u00eb t\u00eb p\u00ebrbashk\u00ebta n\u00eb politik\u00eb. Lideri historik i PS-s\u00eb, i ndjeri Fatos Nano e ka cil\u00ebsuar Ram\u00ebn\u2026","rel":"","context":"In &quot;Blogu i Udh\u00ebtarit&quot;","block_context":{"text":"Blogu i Udh\u00ebtarit","link":"https:\/\/www.shqiperia.com\/blog\/category\/blogu-i-udhetarit\/"},"img":{"alt_text":"","src":"https:\/\/i0.wp.com\/www.shqiperia.com\/blog\/wp-content\/uploads\/2026\/06\/rama-protesta-770x432-1.jpg?fit=770%2C432&ssl=1&resize=350%2C200","width":350,"height":200,"srcset":"https:\/\/i0.wp.com\/www.shqiperia.com\/blog\/wp-content\/uploads\/2026\/06\/rama-protesta-770x432-1.jpg?fit=770%2C432&ssl=1&resize=350%2C200 1x, https:\/\/i0.wp.com\/www.shqiperia.com\/blog\/wp-content\/uploads\/2026\/06\/rama-protesta-770x432-1.jpg?fit=770%2C432&ssl=1&resize=525%2C300 1.5x, https:\/\/i0.wp.com\/www.shqiperia.com\/blog\/wp-content\/uploads\/2026\/06\/rama-protesta-770x432-1.jpg?fit=770%2C432&ssl=1&resize=700%2C400 2x"},"classes":[]},{"id":101209,"url":"https:\/\/www.shqiperia.com\/blog\/lajthit-rama-sulmon-mediet-nderkombetare-dhe-i-urdheron-mos-beni-lajm-per-2-mije-protestues\/","url_meta":{"origin":105547,"position":2},"title":"Lajthit Rama, sulmon mediet nd\u00ebrkomb\u00ebtare dhe i urdh\u00ebron: Mos b\u00ebni lajm p\u00ebr 2 mije protestues","author":"Kurt Farka","date":"June 6, 2026","format":false,"excerpt":"6 Qershor 2026 Protesta qytetare e ka nxjerr\u00eb Edi Ram\u00ebn te dal\u00eb nga shinat. Me nj\u00eb reagim t\u00eb gjat\u00eb n\u00eb rrjetin social \u2018X\u2019, t\u00eb cilin e ka ndar\u00eb n\u00eb dy pjes\u00eb, Edi Rama ka vendosur t\u00eb sulmoj\u00eb mediet nd\u00ebrkomb\u00ebtare, se pse kan\u00eb b\u00ebr\u00eb lajme p\u00ebr Shqip\u00ebrin\u00eb. Duke cituar t\u00eb parin\u2026","rel":"","context":"In &quot;Blogu i Udh\u00ebtarit&quot;","block_context":{"text":"Blogu i Udh\u00ebtarit","link":"https:\/\/www.shqiperia.com\/blog\/category\/blogu-i-udhetarit\/"},"img":{"alt_text":"","src":"https:\/\/i0.wp.com\/www.shqiperia.com\/blog\/wp-content\/uploads\/2026\/06\/auto_rt-11780771342.jpg?fit=900%2C580&ssl=1&resize=350%2C200","width":350,"height":200,"srcset":"https:\/\/i0.wp.com\/www.shqiperia.com\/blog\/wp-content\/uploads\/2026\/06\/auto_rt-11780771342.jpg?fit=900%2C580&ssl=1&resize=350%2C200 1x, https:\/\/i0.wp.com\/www.shqiperia.com\/blog\/wp-content\/uploads\/2026\/06\/auto_rt-11780771342.jpg?fit=900%2C580&ssl=1&resize=525%2C300 1.5x, https:\/\/i0.wp.com\/www.shqiperia.com\/blog\/wp-content\/uploads\/2026\/06\/auto_rt-11780771342.jpg?fit=900%2C580&ssl=1&resize=700%2C400 2x"},"classes":[]},{"id":101566,"url":"https:\/\/www.shqiperia.com\/blog\/te-tjera-ben-te-tjera-thote-ina-zhupa-pyet-ramen-pse-e-le-ne-sirtaret-e-kuvendit-shfuqizimin-e-ligjit-nr-21-2024\/","url_meta":{"origin":105547,"position":3},"title":"\u201cT\u00eb tjera b\u00ebn, t\u00eb tjera thot\u00eb\u201d, Ina Zhupa pyet Ram\u00ebn: &#8211; Pse e l\u00eb n\u00eb sirtar\u00ebt e Kuvendit shfuqizimin e ligjit nr. 21\/2024?","author":"Kurt Farka","date":"June 17, 2026","format":false,"excerpt":"Kryetarja e Komisionit p\u00ebr Kultur\u00ebn, Turizmin dhe Diaspor\u00ebn, Ina Zhupa, ka akuzuar kryeministrin Edi Rama p\u00ebr q\u00ebndrime kontradiktore lidhur me rezolut\u00ebn e Parlamentit Europian dhe \u00e7\u00ebshtjen e zonave t\u00eb mbrojtura. N\u00eb nj\u00eb reagim publik, Zhupa deklaroi se \u201cRama t\u00eb tjera b\u00ebn, t\u00eb tjera thot\u00eb\u201d, duke ngritur pyetjen se p\u00ebrse mazhoranca\u2026","rel":"","context":"In &quot;Blogu i Udh\u00ebtarit&quot;","block_context":{"text":"Blogu i Udh\u00ebtarit","link":"https:\/\/www.shqiperia.com\/blog\/category\/blogu-i-udhetarit\/"},"img":{"alt_text":"","src":"https:\/\/i0.wp.com\/www.shqiperia.com\/blog\/wp-content\/uploads\/2026\/06\/edi-Rama-1.jpg?fit=1200%2C675&ssl=1&resize=350%2C200","width":350,"height":200,"srcset":"https:\/\/i0.wp.com\/www.shqiperia.com\/blog\/wp-content\/uploads\/2026\/06\/edi-Rama-1.jpg?fit=1200%2C675&ssl=1&resize=350%2C200 1x, https:\/\/i0.wp.com\/www.shqiperia.com\/blog\/wp-content\/uploads\/2026\/06\/edi-Rama-1.jpg?fit=1200%2C675&ssl=1&resize=525%2C300 1.5x, https:\/\/i0.wp.com\/www.shqiperia.com\/blog\/wp-content\/uploads\/2026\/06\/edi-Rama-1.jpg?fit=1200%2C675&ssl=1&resize=700%2C400 2x, https:\/\/i0.wp.com\/www.shqiperia.com\/blog\/wp-content\/uploads\/2026\/06\/edi-Rama-1.jpg?fit=1200%2C675&ssl=1&resize=1050%2C600 3x"},"classes":[]},{"id":103700,"url":"https:\/\/www.shqiperia.com\/blog\/fishekzjarre-ne-qiellin-e-tiranes-gjate-marshimit-kunder-rames-protestuesit-njezeri-jepe-doreheqjen\/","url_meta":{"origin":105547,"position":4},"title":"Fishekzjarre n\u00eb qiellin e Tiran\u00ebs gjat\u00eb marshimit kund\u00ebr Ram\u00ebs, protestuesit nj\u00ebz\u00ebri: Jepe dor\u00ebheqjen","author":"Kurt Farka","date":"August 3, 2026","format":false,"excerpt":"3 Gusht 2026 Nj\u00eb moment i ve\u00e7ant\u00eb \u00ebsht\u00eb regjistruar gjat\u00eb marshimit t\u00eb protest\u00ebs s\u00eb 65-t\u00eb kund\u00ebr qeveris\u00eb dhe kryeministrit Edi Rama n\u00eb rrug\u00ebt e Tiran\u00ebs. Teksa qytetar\u00ebt po marshonin n\u00eb Bulevardin \u201cZogu I\u201d, pak metra m\u00eb tej qielli \u00ebsht\u00eb ndri\u00e7uar p\u00ebr disa sekonda nga nj\u00eb spektak\u00ebl fishekzjarr\u00ebsh. Edhe gjat\u00eb k\u00ebtij\u2026","rel":"","context":"In &quot;Blogu i Udh\u00ebtarit&quot;","block_context":{"text":"Blogu i Udh\u00ebtarit","link":"https:\/\/www.shqiperia.com\/blog\/category\/blogu-i-udhetarit\/"},"img":{"alt_text":"","src":"https:\/\/i0.wp.com\/www.shqiperia.com\/blog\/wp-content\/uploads\/2026\/08\/protesta-fishekzjarre-4.jpg?fit=1020%2C497&ssl=1&resize=350%2C200","width":350,"height":200,"srcset":"https:\/\/i0.wp.com\/www.shqiperia.com\/blog\/wp-content\/uploads\/2026\/08\/protesta-fishekzjarre-4.jpg?fit=1020%2C497&ssl=1&resize=350%2C200 1x, https:\/\/i0.wp.com\/www.shqiperia.com\/blog\/wp-content\/uploads\/2026\/08\/protesta-fishekzjarre-4.jpg?fit=1020%2C497&ssl=1&resize=525%2C300 1.5x, https:\/\/i0.wp.com\/www.shqiperia.com\/blog\/wp-content\/uploads\/2026\/08\/protesta-fishekzjarre-4.jpg?fit=1020%2C497&ssl=1&resize=700%2C400 2x"},"classes":[]},{"id":102262,"url":"https:\/\/www.shqiperia.com\/blog\/mijera-pergjime-fbi-i-ka-qepur-dosjen-edi-rames-dhe-bashkepunetoreve-te-tij-nen-monitorim\/","url_meta":{"origin":105547,"position":5},"title":"Mij\u00ebra p\u00ebrgjime,  FBI i ka qepur dosjen Edi Ram\u00ebs dhe bashk\u00ebpun\u00ebtor\u00ebve t\u00eb tij, n\u00ebn monitorim\u2026","author":"Kurt Farka","date":"July 5, 2026","format":false,"excerpt":"5 Korrik 2026 Gazetari Robert Papa pretendon se \u00e7do dit\u00eb dalin mij\u00ebra dosje p\u00ebrgjimesh p\u00ebr miliarda dollar\u00eb t\u00eb kapura n\u00eb Zvic\u00ebr e Dubai dhe se libri \u201cAlbanian files\u201d ka si q\u00ebllim d\u00ebrgimin e kryeministrit n\u00eb burg. Papa shprehet se Rama ka futur njer\u00ebz nga Banka e Shqip\u00ebris\u00eb te SPAK p\u00ebr\u2026","rel":"","context":"In &quot;Blogu i Udh\u00ebtarit&quot;","block_context":{"text":"Blogu i Udh\u00ebtarit","link":"https:\/\/www.shqiperia.com\/blog\/category\/blogu-i-udhetarit\/"},"img":{"alt_text":"","src":"https:\/\/i0.wp.com\/www.shqiperia.com\/blog\/wp-content\/uploads\/2026\/07\/foto-2-rama-papa-pergjime-FBI-AI-1140x570-2.jpg?fit=1140%2C570&ssl=1&resize=350%2C200","width":350,"height":200,"srcset":"https:\/\/i0.wp.com\/www.shqiperia.com\/blog\/wp-content\/uploads\/2026\/07\/foto-2-rama-papa-pergjime-FBI-AI-1140x570-2.jpg?fit=1140%2C570&ssl=1&resize=350%2C200 1x, https:\/\/i0.wp.com\/www.shqiperia.com\/blog\/wp-content\/uploads\/2026\/07\/foto-2-rama-papa-pergjime-FBI-AI-1140x570-2.jpg?fit=1140%2C570&ssl=1&resize=525%2C300 1.5x, https:\/\/i0.wp.com\/www.shqiperia.com\/blog\/wp-content\/uploads\/2026\/07\/foto-2-rama-papa-pergjime-FBI-AI-1140x570-2.jpg?fit=1140%2C570&ssl=1&resize=700%2C400 2x, https:\/\/i0.wp.com\/www.shqiperia.com\/blog\/wp-content\/uploads\/2026\/07\/foto-2-rama-papa-pergjime-FBI-AI-1140x570-2.jpg?fit=1140%2C570&ssl=1&resize=1050%2C600 3x"},"classes":[]}],"_links":{"self":[{"href":"https:\/\/www.shqiperia.com\/blog\/wp-json\/wp\/v2\/posts\/105547","targetHints":{"allow":["GET"]}}],"collection":[{"href":"https:\/\/www.shqiperia.com\/blog\/wp-json\/wp\/v2\/posts"}],"about":[{"href":"https:\/\/www.shqiperia.com\/blog\/wp-json\/wp\/v2\/types\/post"}],"author":[{"embeddable":true,"href":"https:\/\/www.shqiperia.com\/blog\/wp-json\/wp\/v2\/users\/9"}],"replies":[{"embeddable":true,"href":"https:\/\/www.shqiperia.com\/blog\/wp-json\/wp\/v2\/comments?post=105547"}],"version-history":[{"count":1,"href":"https:\/\/www.shqiperia.com\/blog\/wp-json\/wp\/v2\/posts\/105547\/revisions"}],"predecessor-version":[{"id":105549,"href":"https:\/\/www.shqiperia.com\/blog\/wp-json\/wp\/v2\/posts\/105547\/revisions\/105549"}],"wp:featuredmedia":[{"embeddable":true,"href":"https:\/\/www.shqiperia.com\/blog\/wp-json\/wp\/v2\/media\/105548"}],"wp:attachment":[{"href":"https:\/\/www.shqiperia.com\/blog\/wp-json\/wp\/v2\/media?parent=105547"}],"wp:term":[{"taxonomy":"category","embeddable":true,"href":"https:\/\/www.shqiperia.com\/blog\/wp-json\/wp\/v2\/categories?post=105547"},{"taxonomy":"post_tag","embeddable":true,"href":"https:\/\/www.shqiperia.com\/blog\/wp-json\/wp\/v2\/tags?post=105547"}],"curies":[{"name":"wp","href":"https:\/\/api.w.org\/{rel}","templated":true}]}}