{"id":105544,"date":"2026-08-31T09:22:03","date_gmt":"2026-08-31T09:22:03","guid":{"rendered":"https:\/\/www.shqiperia.com\/blog\/?p=105544"},"modified":"2026-08-31T09:22:03","modified_gmt":"2026-08-31T09:22:03","slug":"ja-si-ndryshoi-kurs-edi-rama-pas-ultimatumit-te-alex-soros-per-te-shuar-luften-kunder-erion-veliajt","status":"publish","type":"post","link":"https:\/\/www.shqiperia.com\/blog\/ja-si-ndryshoi-kurs-edi-rama-pas-ultimatumit-te-alex-soros-per-te-shuar-luften-kunder-erion-veliajt\/","title":{"rendered":"Ja si ndryshoi kurs Edi Rama pas ultimatumit t\u00eb Alex Soros p\u00ebr t\u00eb shuar luft\u00ebn kund\u00ebr Erion Veliajt"},"content":{"rendered":"<div id=\"attachment_105545\" style=\"width: 641px\" class=\"wp-caption alignnone\"><img data-recalc-dims=\"1\" loading=\"lazy\" decoding=\"async\" aria-describedby=\"caption-attachment-105545\" data-attachment-id=\"105545\" data-permalink=\"https:\/\/www.shqiperia.com\/blog\/ja-si-ndryshoi-kurs-edi-rama-pas-ultimatumit-te-alex-soros-per-te-shuar-luften-kunder-erion-veliajt\/edi-rama-erion-veliaji\/\" data-orig-file=\"https:\/\/i0.wp.com\/www.shqiperia.com\/blog\/wp-content\/uploads\/2026\/08\/Edi-Rama-Erion-Veliaji.jpg?fit=1200%2C700&amp;ssl=1\" data-orig-size=\"1200,700\" data-comments-opened=\"1\" data-image-meta=\"{&quot;aperture&quot;:&quot;0&quot;,&quot;credit&quot;:&quot;&quot;,&quot;camera&quot;:&quot;&quot;,&quot;caption&quot;:&quot;&quot;,&quot;created_timestamp&quot;:&quot;0&quot;,&quot;copyright&quot;:&quot;&quot;,&quot;focal_length&quot;:&quot;0&quot;,&quot;iso&quot;:&quot;0&quot;,&quot;shutter_speed&quot;:&quot;0&quot;,&quot;title&quot;:&quot;&quot;,&quot;orientation&quot;:&quot;0&quot;}\" data-image-title=\"Edi Rama-Erion Veliaji\" data-image-description=\"\" data-image-caption=\"&lt;p&gt;Edi Rama-Erion Veliaji&lt;\/p&gt;\n\" data-medium-file=\"https:\/\/i0.wp.com\/www.shqiperia.com\/blog\/wp-content\/uploads\/2026\/08\/Edi-Rama-Erion-Veliaji.jpg?fit=300%2C175&amp;ssl=1\" data-large-file=\"https:\/\/i0.wp.com\/www.shqiperia.com\/blog\/wp-content\/uploads\/2026\/08\/Edi-Rama-Erion-Veliaji.jpg?fit=1024%2C597&amp;ssl=1\" class=\" wp-image-105545\" alt=\"\" src=\"https:\/\/i0.wp.com\/www.shqiperia.com\/blog\/wp-content\/uploads\/2026\/08\/Edi-Rama-Erion-Veliaji.jpg?resize=631%2C368&#038;ssl=1\" width=\"631\" height=\"368\" srcset=\"https:\/\/i0.wp.com\/www.shqiperia.com\/blog\/wp-content\/uploads\/2026\/08\/Edi-Rama-Erion-Veliaji.jpg?resize=300%2C175&amp;ssl=1 300w, https:\/\/i0.wp.com\/www.shqiperia.com\/blog\/wp-content\/uploads\/2026\/08\/Edi-Rama-Erion-Veliaji.jpg?resize=1024%2C597&amp;ssl=1 1024w, https:\/\/i0.wp.com\/www.shqiperia.com\/blog\/wp-content\/uploads\/2026\/08\/Edi-Rama-Erion-Veliaji.jpg?resize=768%2C448&amp;ssl=1 768w, https:\/\/i0.wp.com\/www.shqiperia.com\/blog\/wp-content\/uploads\/2026\/08\/Edi-Rama-Erion-Veliaji.jpg?resize=450%2C263&amp;ssl=1 450w, https:\/\/i0.wp.com\/www.shqiperia.com\/blog\/wp-content\/uploads\/2026\/08\/Edi-Rama-Erion-Veliaji.jpg?resize=600%2C350&amp;ssl=1 600w, https:\/\/i0.wp.com\/www.shqiperia.com\/blog\/wp-content\/uploads\/2026\/08\/Edi-Rama-Erion-Veliaji.jpg?resize=400%2C233&amp;ssl=1 400w, https:\/\/i0.wp.com\/www.shqiperia.com\/blog\/wp-content\/uploads\/2026\/08\/Edi-Rama-Erion-Veliaji.jpg?w=1200&amp;ssl=1 1200w\" sizes=\"auto, (max-width: 631px) 100vw, 631px\" \/><p id=\"caption-attachment-105545\" class=\"wp-caption-text\">Edi Rama-Erion Veliaji<\/p><\/div>\n<p>31 Gusht 2026<\/p>\n<p>Vet\u00ebm 24 or\u00eb pasi kryebashkiaku Erion Veliaj vendosi t\u00eb l\u00ebr\u00eb pa kompetenca Anuela Ristanin, e cila drejtonte p\u00ebrkoh\u00ebsisht Bashkin\u00eb e Tiran\u00ebs, ka reaguar edhe kryeministri Edi Rama (Kryeministria). Kjo l\u00ebvizje vjen pas dark\u00ebs sekrete q\u00eb kryeministri Rama zhvilloi pak dit\u00eb m\u00eb par\u00eb n\u00eb Dh\u00ebrmi me Alex Soros, djalin e miliarderit George Soros, ku m\u00ebsohet se Rama, i cili her\u00eb pas here ka qen\u00eb kritik ndaj Veliajt, i cili ndodhet n\u00eb burg, tashm\u00eb ka dal\u00eb hapur n\u00eb mb\u00ebshtetje t\u00eb kryebashkiakut t\u00eb Tiran\u00ebs.<\/p>\n<p>Pra, duke qen\u00eb se Alex Soros njihet si mik i Veliajt, m\u00ebsohet se ai i ka k\u00ebrkuar Ram\u00ebs t\u00eb mb\u00ebshtes\u00eb Veliajn dhe n\u00eb k\u00ebt\u00eb m\u00ebnyr\u00eb t\u00eb shuaj\u00eb luft\u00ebn kund\u00ebr kryebashkiakut. Por vendimi i Veliajt p\u00ebr t\u00eb shkarkuar Ristanin dhe pozicionimi krah kryebashkiakut nga ana e shefit t\u00eb qeveris\u00eb \u00ebsht\u00eb nj\u00eb goditje e fort\u00eb p\u00ebr band\u00ebn e ish-z\u00ebvend\u00ebskryeministres Belinda Balluku, q\u00eb thuhet se kishte uzurpuar Bashkin\u00eb e Tiran\u00ebs.<\/p>\n<p>Nd\u00ebrkoh\u00eb gazeta &#8220;SOT&#8221; ka m\u00ebsuar se, duke qen\u00eb se Veliaj ndodhet n\u00eb burg prej shkurtit t\u00eb vitit 2025, ai pritet t&#8217;ia delegoj\u00eb detyr\u00ebn Vasilika Vjeros. Kjo e fundit mban postin e n\u00ebnkryetares s\u00eb Bashkis\u00eb s\u00eb Tiran\u00ebs dhe \u00ebsht\u00eb kush\u00ebrira e kryeministrit Edi Rama.<\/p>\n<p>K\u00ebshtu q\u00eb burimet p\u00ebr gazet\u00ebn \u201cSOT\u201d thon\u00eb se zonja Vjero pritet t\u00eb ushtroj\u00eb detyr\u00ebn e kryetares s\u00eb komanduar t\u00eb Bashkis\u00eb s\u00eb Tiran\u00ebs, duke marr\u00eb k\u00ebshtu jo vet\u00ebm bekimin e kryeministrit Rama q\u00eb e ka kush\u00ebrir\u00eb, por edhe t\u00eb kryebashkiakut Erion Veliaj. Megjithat\u00eb mbetet t\u00eb shihet se \u00e7far\u00eb do t\u00eb ndodh\u00eb, teksa m\u00eb posht\u00eb po pasqyrojm\u00eb reagimin e plot\u00eb t\u00eb Kryeministris\u00eb sa i takon \u00e7\u00ebshtjes Veliaj-Ristani.<\/p>\n<p><strong>Reagimi i Kryeministris\u00eb<\/strong><\/p>\n<p>Konkretisht Kryeministria ka reaguar k\u00ebt\u00eb fundjav\u00eb (t\u00eb shtun\u00eb) nj\u00eb dit\u00eb pas vendimit t\u00eb kryebashkiakut Erion Veliaj p\u00ebr t\u2019i hequr kompetencat Anuela Ristanit, e cila ushtronte detyr\u00ebn e kryetares s\u00eb komanduar t\u00eb Bashkis\u00eb s\u00eb Tiran\u00ebs. P\u00ebrmes Drejtoresh\u00ebs s\u00eb Agjencis\u00eb p\u00ebr Media dhe Informim, Manjola Hasa, Kryeministria ka dh\u00ebn\u00eb q\u00ebndrimin e saj p\u00ebr situat\u00ebn e krijuar n\u00eb bashkin\u00eb m\u00eb t\u00eb madhe n\u00eb vend, duke e lidhur at\u00eb drejtp\u00ebrdrejt me statusin e Veliajt si kryetar i zgjedhur i Tiran\u00ebs.<\/p>\n<p>Sipas Kryeministris\u00eb, Tirana ka nj\u00eb kryebashkiak dhe ai \u00ebsht\u00eb Erion Veliaj. Qeveria i referohet vendimit t\u00eb Gjykat\u00ebs Kushtetuese, e cila ka rr\u00ebzuar p\u00ebrpjekjet p\u00ebr shkarkimin e tij dhe ka l\u00ebn\u00eb n\u00eb fuqi mandatin e kryebashkiakut t\u00eb zgjedhur. N\u00eb k\u00ebt\u00eb situat\u00eb, Kryeministria thot\u00eb se problemi nuk \u00ebsht\u00eb n\u00ebse Veliaj \u00ebsht\u00eb apo jo kryetar bashkie, por fakti q\u00eb ai ndodhet n\u00eb paraburgim dhe p\u00ebr k\u00ebt\u00eb arsye nuk mund ta ushtroj\u00eb normalisht detyr\u00ebn nga zyra e Bashkis\u00eb.<\/p>\n<div class=\"insertion-box\">\n<div class=\"\">\n<div id=\"t6a95443b8b127\" data-p=\"100\">\n<div class=\"\" id=\"MDA77436\" data-adid=\"mda22379\" data-netid=\"137356148\" data-sizes=\"300x250\" data-google-query-id=\"CP_QlLrEypYDFWexUAYdOTI9ug\">\n<div id=\"google_ads_iframe_\/137356148\/mda22379_0__container__\"><\/div>\n<\/div>\n<\/div>\n<\/div>\n<\/div>\n<p>Kjo, sipas qeveris\u00eb ka krijuar nj\u00eb situat\u00eb t\u00eb pazakont\u00eb ku kryetari i zgjedhur vazhdon t\u00eb ket\u00eb mandatin, nd\u00ebrsa drejtimi i Bashkis\u00eb \u00ebsht\u00eb ushtruar nga nj\u00eb kryetar i komanduar. \u201cP\u00ebr k\u00ebt\u00eb \u00e7\u00ebshtje ka folur Gjykata Kushtetuese dhe vendimi i saj \u00ebsht\u00eb i qart\u00eb: \u00a0Erion Veliaj \u00ebsht\u00eb kryetar i Bashkis\u00eb s\u00eb Tiran\u00ebs dhe ushtrimi i mandatit nga ana e vet, nuk \u00ebsht\u00eb nj\u00eb e drejt\u00eb thjesht e tij si i zgjedhur, po \u00ebsht\u00eb nj\u00eb e drejt\u00eb e zgjedh\u00ebsve t\u00eb kryeqytetit, e cila c\u00ebnohet p\u00ebrdit\u00eb me pasoja jo t\u00eb pap\u00ebrfillshme n\u00eb mbar\u00ebvajtjen e pun\u00ebve dhe sh\u00ebrbimeve t\u00eb Bashkis\u00eb Tiran\u00eb.\u201d, thuhet n\u00eb reagimin e Kryeministris\u00eb.<\/p>\n<p>\u201cP\u00ebr k\u00ebt\u00eb \u00e7\u00ebshtje ka folur Gjykata Kushtetuese dhe vendimi i saj \u00ebsht\u00eb i qart\u00eb: \u00a0Erion Veliaj \u00ebsht\u00eb kryetar i Bashkis\u00eb s\u00eb Tiran\u00ebs dhe ushtrimi i mandatit nga ana e vet, nuk \u00ebsht\u00eb nj\u00eb e drejt\u00eb thjesht e tij si i zgjedhur, po \u00ebsht\u00eb nj\u00eb e drejt\u00eb e zgjedh\u00ebsve t\u00eb kryeqytetit, e cila cenohet p\u00ebrdit\u00eb me pasoja jo t\u00eb pap\u00ebrfillshme n\u00eb mbar\u00ebvajtjen e pun\u00ebve dhe sh\u00ebrbimeve t\u00eb Bashkis\u00eb Tiran\u00eb.<\/p>\n<p>Ky \u00ebsht\u00eb opinioni i kryeministrit dhe kjo \u00ebsht\u00eb nj\u00eb \u00e7\u00ebshtje e respektimit t\u00eb Kushtetut\u00ebs e t\u00eb vullnetit t\u00eb zgjedh\u00ebsve, tek e cila kryeministri nuk sheh hap\u00ebsir\u00eb p\u00ebr interpretime nga askush. Sa p\u00ebr \u201csituat\u00ebn e krijuar\u201d n\u00eb Bashkin\u00eb e Tiran\u00ebs, ajo \u00ebsht\u00eb pjes\u00eb e konfuzionit q\u00eb ka krijuar n\u00eb ecurin\u00eb e kryeqytetit t\u00eb Shqip\u00ebris\u00eb ky\u00e7ja e t\u00eb zgjedhurit n\u00eb qeli, e cila ka imponuar nj\u00eb qeverisje t\u00eb Tiran\u00ebs me vart\u00ebs n\u00eb distanc\u00eb &#8211; \u00a0nj\u00eb absurd \u201cligjor\u201d q\u00eb n\u00eb Evrop\u00ebn demokratike as nuk mund t\u00eb imagjinohet, e jo m\u00eb t\u00eb ndodh\u00eb\u201d, shprehet Kryeministria.<\/p>\n","protected":false},"excerpt":{"rendered":"<p>31 Gusht 2026 Vet\u00ebm 24 or\u00eb pasi kryebashkiaku Erion Veliaj vendosi t\u00eb l\u00ebr\u00eb pa kompetenca Anuela Ristanin, e cila drejtonte p\u00ebrkoh\u00ebsisht Bashkin\u00eb e Tiran\u00ebs, ka reaguar edhe kryeministri Edi Rama (Kryeministria). Kjo l\u00ebvizje vjen pas dark\u00ebs sekrete q\u00eb kryeministri Rama zhvilloi pak dit\u00eb m\u00eb par\u00eb n\u00eb Dh\u00ebrmi me Alex Soros, djalin e miliarderit George Soros, [&hellip;]<\/p>\n","protected":false},"author":9,"featured_media":105545,"comment_status":"open","ping_status":"open","sticky":false,"template":"","format":"standard","meta":{"jetpack_post_was_ever_published":false,"_jetpack_newsletter_access":"","_jetpack_dont_email_post_to_subs":false,"_jetpack_newsletter_tier_id":0,"_jetpack_memberships_contains_paywalled_content":false,"_jetpack_memberships_contains_paid_content":false,"footnotes":"","jetpack_publicize_message":"","jetpack_publicize_feature_enabled":true,"jetpack_social_post_already_shared":true,"jetpack_social_options":{"image_generator_settings":{"template":"highway","default_image_id":0,"font":"","enabled":false},"version":2}},"categories":[27,1,2,14,35],"tags":[],"class_list":["post-105544","post","type-post","status-publish","format-standard","has-post-thumbnail","hentry","category-blogu-i-udhetarit","category-njoftime-shtypi","category-politika","category-press-releases","category-shoqerore"],"jetpack_publicize_connections":[],"jetpack_featured_media_url":"https:\/\/i0.wp.com\/www.shqiperia.com\/blog\/wp-content\/uploads\/2026\/08\/Edi-Rama-Erion-Veliaji.jpg?fit=1200%2C700&ssl=1","jetpack_sharing_enabled":true,"jetpack_shortlink":"https:\/\/wp.me\/p5Z6wp-rsk","jetpack-related-posts":[{"id":104201,"url":"https:\/\/www.shqiperia.com\/blog\/kryeministri-edi-rama-fotografohet-ne-jug-me-alex-soros\/","url_meta":{"origin":105544,"position":0},"title":"Kryeministri Edi Rama fotografohet n\u00eb Jug me Alex Soros!","author":"Kurt Farka","date":"August 12, 2026","format":false,"excerpt":"12 Gusht 2026 Kryeministri Edi Rama prej dit\u00ebsh ndodhet me pushime n\u00eb jug t\u00eb vendit, nd\u00ebrkoh\u00eb q\u00eb n\u00eb kryeqytet vijojn\u00eb pa nd\u00ebrprerje protestat q\u00eb k\u00ebrkojn\u00eb largimin e tij dhe t\u00eb qeveris\u00eb. Dit\u00ebn e sotme, n\u00eb rrjetet sociale jan\u00eb publikuar pamje nga nj\u00eb dark\u00eb q\u00eb kryeministri Rama ka zhvilluar me Alex\u2026","rel":"","context":"In &quot;Blogu i Udh\u00ebtarit&quot;","block_context":{"text":"Blogu i Udh\u00ebtarit","link":"https:\/\/www.shqiperia.com\/blog\/category\/blogu-i-udhetarit\/"},"img":{"alt_text":"","src":"https:\/\/i0.wp.com\/www.shqiperia.com\/blog\/wp-content\/uploads\/2026\/08\/edi-rama-aleks-soros.jpeg?fit=1095%2C830&ssl=1&resize=350%2C200","width":350,"height":200,"srcset":"https:\/\/i0.wp.com\/www.shqiperia.com\/blog\/wp-content\/uploads\/2026\/08\/edi-rama-aleks-soros.jpeg?fit=1095%2C830&ssl=1&resize=350%2C200 1x, https:\/\/i0.wp.com\/www.shqiperia.com\/blog\/wp-content\/uploads\/2026\/08\/edi-rama-aleks-soros.jpeg?fit=1095%2C830&ssl=1&resize=525%2C300 1.5x, https:\/\/i0.wp.com\/www.shqiperia.com\/blog\/wp-content\/uploads\/2026\/08\/edi-rama-aleks-soros.jpeg?fit=1095%2C830&ssl=1&resize=700%2C400 2x, https:\/\/i0.wp.com\/www.shqiperia.com\/blog\/wp-content\/uploads\/2026\/08\/edi-rama-aleks-soros.jpeg?fit=1095%2C830&ssl=1&resize=1050%2C600 3x"},"classes":[]},{"id":104356,"url":"https:\/\/www.shqiperia.com\/blog\/edi-rama-ne-gjunje-para-sorosit-per-te-shuar-protestat-aleksi-therret-organizatat-sorosiane-per-sabotimin\/","url_meta":{"origin":105544,"position":1},"title":"Edi Rama \u201cn\u00eb gjunj\u00eb\u201d para Sorosit p\u00ebr t\u00eb shuar protestat, Aleksi th\u00ebrret organizatat sorosiane p\u00ebr sabotimin\u2026","author":"Kurt Farka","date":"August 13, 2026","format":false,"excerpt":"13 Gusht 2026 Kryeministri Edi Rama ndodhet n\u00eb qend\u00ebr t\u00eb nj\u00eb stuhie t\u00eb fuqishme politike q\u00eb po dridh themelet e pushtetit t\u00eb tij. Prej m\u00eb shum\u00eb se dy muajsh kryeministri Rama po p\u00ebrballet me dit\u00ebt m\u00eb t\u00eb v\u00ebshtira t\u00eb karrier\u00ebs, ku zem\u00ebrimi popullor (qytetar\u00ebt) n\u00eb rrug\u00ebt dhe sheshet e Tiran\u00ebs\u2026","rel":"","context":"In &quot;Blogu i Udh\u00ebtarit&quot;","block_context":{"text":"Blogu i Udh\u00ebtarit","link":"https:\/\/www.shqiperia.com\/blog\/category\/blogu-i-udhetarit\/"},"img":{"alt_text":"","src":"https:\/\/i0.wp.com\/www.shqiperia.com\/blog\/wp-content\/uploads\/2026\/08\/Edi-Rama-ne-gjunje-para-Sorosit-per-te-shuar-protestat.jpg?fit=579%2C426&ssl=1&resize=350%2C200","width":350,"height":200,"srcset":"https:\/\/i0.wp.com\/www.shqiperia.com\/blog\/wp-content\/uploads\/2026\/08\/Edi-Rama-ne-gjunje-para-Sorosit-per-te-shuar-protestat.jpg?fit=579%2C426&ssl=1&resize=350%2C200 1x, https:\/\/i0.wp.com\/www.shqiperia.com\/blog\/wp-content\/uploads\/2026\/08\/Edi-Rama-ne-gjunje-para-Sorosit-per-te-shuar-protestat.jpg?fit=579%2C426&ssl=1&resize=525%2C300 1.5x"},"classes":[]},{"id":103330,"url":"https:\/\/www.shqiperia.com\/blog\/spak-kontrolle-ne-bashkine-e-tiranes-sekuestrohen-dokumente-per-dietat-dhe-udhetimet-zyrtare-te-veliajt\/","url_meta":{"origin":105544,"position":2},"title":"SPAK kontrolle n\u00eb Bashkin\u00eb e Tiran\u00ebs, sekuestrohen dokumente p\u00ebr dietat dhe udh\u00ebtimet zyrtare t\u00eb Veliajt","author":"Kurt Farka","date":"July 28, 2026","format":false,"excerpt":"28 Korrik 2026 Prokuroria e Posa\u00e7me (SPAK) ka zhvilluar kontrolle n\u00eb ambientet e Bashkis\u00eb s\u00eb Tiran\u00ebs, n\u00eb kuad\u00ebr t\u00eb hetimeve p\u00ebr dosjen e njohur si \u201cVeliaj 2\u201d. Gazetarja Klodiana Lala tha p\u00ebr mediat se nga ana e SPAK jan\u00eb kryer kontrolle, por edhe sekuestrime n\u00eb Bashkin\u00eb e Tiran\u00ebs. Sipas burimeve,\u2026","rel":"","context":"In &quot;Blogu i Udh\u00ebtarit&quot;","block_context":{"text":"Blogu i Udh\u00ebtarit","link":"https:\/\/www.shqiperia.com\/blog\/category\/blogu-i-udhetarit\/"},"img":{"alt_text":"","src":"https:\/\/i0.wp.com\/www.shqiperia.com\/blog\/wp-content\/uploads\/2026\/07\/Erion-Veliaj.jpg?fit=924%2C630&ssl=1&resize=350%2C200","width":350,"height":200,"srcset":"https:\/\/i0.wp.com\/www.shqiperia.com\/blog\/wp-content\/uploads\/2026\/07\/Erion-Veliaj.jpg?fit=924%2C630&ssl=1&resize=350%2C200 1x, https:\/\/i0.wp.com\/www.shqiperia.com\/blog\/wp-content\/uploads\/2026\/07\/Erion-Veliaj.jpg?fit=924%2C630&ssl=1&resize=525%2C300 1.5x, https:\/\/i0.wp.com\/www.shqiperia.com\/blog\/wp-content\/uploads\/2026\/07\/Erion-Veliaj.jpg?fit=924%2C630&ssl=1&resize=700%2C400 2x"},"classes":[]},{"id":103391,"url":"https:\/\/www.shqiperia.com\/blog\/tronditet-mazhoranca-rama-ne-alarmin-e-tradhtise-brenda-qeverise-3-ministra-dyshohet-se-financojne-protesten\/","url_meta":{"origin":105544,"position":3},"title":"\u201cTronditet\u201d mazhoranca, Rama n\u00eb alarmin e \u201ctradhtis\u00eb\u201d brenda qeveris\u00eb, 3 ministra dyshohet se financojn\u00eb protest\u00ebn","author":"Kurt Farka","date":"July 29, 2026","format":false,"excerpt":"29 Korrik 2026 3 ministra dyshohet se financojn\u00eb protest\u00ebn kund\u00ebr tij, del n\u00eb sken\u00eb edhe zyrtarja e lart\u00eb e PS q\u00eb po b\u00ebn pazare \"n\u00ebn rrogoz\" me opozit\u00ebn kund\u00ebr kryeministrit Protesta antiqeveritare q\u00eb ka hyr\u00eb dje n\u00eb dit\u00ebn e saj t\u00eb 58-t\u00eb duket se po financohet fuqish\u00ebm edhe nga vet\u00eb\u2026","rel":"","context":"In &quot;Blogu i Udh\u00ebtarit&quot;","block_context":{"text":"Blogu i Udh\u00ebtarit","link":"https:\/\/www.shqiperia.com\/blog\/category\/blogu-i-udhetarit\/"},"img":{"alt_text":"","src":"https:\/\/i0.wp.com\/www.shqiperia.com\/blog\/wp-content\/uploads\/2026\/07\/Edi-Rama-4.jpg?fit=736%2C476&ssl=1&resize=350%2C200","width":350,"height":200,"srcset":"https:\/\/i0.wp.com\/www.shqiperia.com\/blog\/wp-content\/uploads\/2026\/07\/Edi-Rama-4.jpg?fit=736%2C476&ssl=1&resize=350%2C200 1x, https:\/\/i0.wp.com\/www.shqiperia.com\/blog\/wp-content\/uploads\/2026\/07\/Edi-Rama-4.jpg?fit=736%2C476&ssl=1&resize=525%2C300 1.5x, https:\/\/i0.wp.com\/www.shqiperia.com\/blog\/wp-content\/uploads\/2026\/07\/Edi-Rama-4.jpg?fit=736%2C476&ssl=1&resize=700%2C400 2x"},"classes":[]},{"id":103815,"url":"https:\/\/www.shqiperia.com\/blog\/mbi-100-udhetime-te-padeklaruara-dosja-e-re-e-spak-qe-mund-ti-sjelle-veliajt-akuza-te-tjera\/","url_meta":{"origin":105544,"position":4},"title":"Mbi 100 udh\u00ebtime t\u00eb padeklaruara? Dosja e re e SPAK q\u00eb mund t\u2019i sjell\u00eb Veliajt akuza t\u00eb tjera","author":"Kurt Farka","date":"August 5, 2026","format":false,"excerpt":"5 Gusht 2026 Nd\u00ebrsa p\u00ebrpiqet t\u00eb dal\u00eb nga paraburgimi dhe po p\u00ebrballet me gjykimin p\u00ebr 13 akuza penale n\u00eb GJKKO, nj\u00eb tjet\u00ebr front hetimor po ngushton rrethin ndaj Erion Veliajt. SPAK po thellon verifikimet p\u00ebr t\u00eb gjitha udh\u00ebtimet jasht\u00eb vendit t\u00eb kryebashkiakut t\u00eb Tiran\u00ebs gjat\u00eb viteve 2022-2023, si edhe p\u00ebr\u2026","rel":"","context":"In &quot;Njoftime Shtypi&quot;","block_context":{"text":"Njoftime Shtypi","link":"https:\/\/www.shqiperia.com\/blog\/category\/njoftime-shtypi\/"},"img":{"alt_text":"","src":"https:\/\/i0.wp.com\/www.shqiperia.com\/blog\/wp-content\/uploads\/2026\/08\/640-0-fc07e3b9c04416e9975863855ce9bba2.png?fit=640%2C336&ssl=1&resize=350%2C200","width":350,"height":200,"srcset":"https:\/\/i0.wp.com\/www.shqiperia.com\/blog\/wp-content\/uploads\/2026\/08\/640-0-fc07e3b9c04416e9975863855ce9bba2.png?fit=640%2C336&ssl=1&resize=350%2C200 1x, https:\/\/i0.wp.com\/www.shqiperia.com\/blog\/wp-content\/uploads\/2026\/08\/640-0-fc07e3b9c04416e9975863855ce9bba2.png?fit=640%2C336&ssl=1&resize=525%2C300 1.5x"},"classes":[]},{"id":101679,"url":"https:\/\/www.shqiperia.com\/blog\/edi-rama-kerkon-te-terheqe-shba-ne-luften-ndaj-protestuesve-duke-e-konsideruar-levizjen-anti-trumpiste-ja\/","url_meta":{"origin":105544,"position":5},"title":"Edi Rama k\u00ebrkon t\u00eb t\u00ebrheq\u00eb SHBA n\u00eb \u201cluft\u00ebn\u201d ndaj protestuesve duke e konsideruar l\u00ebvizjen anti-Trumpiste, ja\u2026","author":"Kurt Farka","date":"June 21, 2026","format":false,"excerpt":"Kryeministri Edi Rama po tenton me \u00e7do kusht t\u00eb manipuloj\u00eb opinionin publik nd\u00ebrkomb\u00ebtar, duke i m\u00ebshuar fort faktit se protestat masive q\u00eb kan\u00eb mb\u00ebrthyer Shqip\u00ebrin\u00eb prej m\u00eb shum\u00eb se dy jav\u00ebsh jan\u00eb n\u00eb t\u00eb v\u00ebrtet\u00eb nj\u00eb l\u00ebvizje e organizuar kund\u00ebr Presidentit t\u00eb SHBA-ve, Donald Trump, dhe investimeve t\u00eb dh\u00ebndrit t\u00eb\u2026","rel":"","context":"In &quot;Blogu i Udh\u00ebtarit&quot;","block_context":{"text":"Blogu i Udh\u00ebtarit","link":"https:\/\/www.shqiperia.com\/blog\/category\/blogu-i-udhetarit\/"},"img":{"alt_text":"","src":"https:\/\/i0.wp.com\/www.shqiperia.com\/blog\/wp-content\/uploads\/2026\/06\/foto-6-6-750x375-1.jpg?fit=750%2C375&ssl=1&resize=350%2C200","width":350,"height":200,"srcset":"https:\/\/i0.wp.com\/www.shqiperia.com\/blog\/wp-content\/uploads\/2026\/06\/foto-6-6-750x375-1.jpg?fit=750%2C375&ssl=1&resize=350%2C200 1x, https:\/\/i0.wp.com\/www.shqiperia.com\/blog\/wp-content\/uploads\/2026\/06\/foto-6-6-750x375-1.jpg?fit=750%2C375&ssl=1&resize=525%2C300 1.5x, https:\/\/i0.wp.com\/www.shqiperia.com\/blog\/wp-content\/uploads\/2026\/06\/foto-6-6-750x375-1.jpg?fit=750%2C375&ssl=1&resize=700%2C400 2x"},"classes":[]}],"_links":{"self":[{"href":"https:\/\/www.shqiperia.com\/blog\/wp-json\/wp\/v2\/posts\/105544","targetHints":{"allow":["GET"]}}],"collection":[{"href":"https:\/\/www.shqiperia.com\/blog\/wp-json\/wp\/v2\/posts"}],"about":[{"href":"https:\/\/www.shqiperia.com\/blog\/wp-json\/wp\/v2\/types\/post"}],"author":[{"embeddable":true,"href":"https:\/\/www.shqiperia.com\/blog\/wp-json\/wp\/v2\/users\/9"}],"replies":[{"embeddable":true,"href":"https:\/\/www.shqiperia.com\/blog\/wp-json\/wp\/v2\/comments?post=105544"}],"version-history":[{"count":1,"href":"https:\/\/www.shqiperia.com\/blog\/wp-json\/wp\/v2\/posts\/105544\/revisions"}],"predecessor-version":[{"id":105546,"href":"https:\/\/www.shqiperia.com\/blog\/wp-json\/wp\/v2\/posts\/105544\/revisions\/105546"}],"wp:featuredmedia":[{"embeddable":true,"href":"https:\/\/www.shqiperia.com\/blog\/wp-json\/wp\/v2\/media\/105545"}],"wp:attachment":[{"href":"https:\/\/www.shqiperia.com\/blog\/wp-json\/wp\/v2\/media?parent=105544"}],"wp:term":[{"taxonomy":"category","embeddable":true,"href":"https:\/\/www.shqiperia.com\/blog\/wp-json\/wp\/v2\/categories?post=105544"},{"taxonomy":"post_tag","embeddable":true,"href":"https:\/\/www.shqiperia.com\/blog\/wp-json\/wp\/v2\/tags?post=105544"}],"curies":[{"name":"wp","href":"https:\/\/api.w.org\/{rel}","templated":true}]}}