{"id":10408,"date":"2018-07-30T14:51:56","date_gmt":"2018-07-30T14:51:56","guid":{"rendered":"http:\/\/www.shqiperia.com\/blog\/?p=10408"},"modified":"2018-07-30T14:51:56","modified_gmt":"2018-07-30T14:51:56","slug":"hmor-apo-reklame-vlonjatet-gjejne-zgjidhjen-per-turistet-prezantojne-restorant-babalja","status":"publish","type":"post","link":"https:\/\/www.shqiperia.com\/blog\/hmor-apo-reklame-vlonjatet-gjejne-zgjidhjen-per-turistet-prezantojne-restorant-babalja\/","title":{"rendered":"Hmor apo Reklame &#8211;  Vlonjat\u00ebt gjejn\u00eb zgjidhjen p\u00ebr turist\u00ebt, prezantojn\u00eb restorant\u2026 \u201cBabalja\u201d. &#8211;"},"content":{"rendered":"<p><img data-recalc-dims=\"1\" loading=\"lazy\" decoding=\"async\" data-attachment-id=\"10409\" data-permalink=\"https:\/\/www.shqiperia.com\/blog\/hmor-apo-reklame-vlonjatet-gjejne-zgjidhjen-per-turistet-prezantojne-restorant-babalja\/babale-resorant-copy\/\" data-orig-file=\"https:\/\/i0.wp.com\/www.shqiperia.com\/blog\/wp-content\/uploads\/2018\/07\/Babale-Resorant-Copy.jpg?fit=704%2C441&amp;ssl=1\" data-orig-size=\"704,441\" data-comments-opened=\"1\" data-image-meta=\"{&quot;aperture&quot;:&quot;0&quot;,&quot;credit&quot;:&quot;&quot;,&quot;camera&quot;:&quot;&quot;,&quot;caption&quot;:&quot;&quot;,&quot;created_timestamp&quot;:&quot;0&quot;,&quot;copyright&quot;:&quot;&quot;,&quot;focal_length&quot;:&quot;0&quot;,&quot;iso&quot;:&quot;0&quot;,&quot;shutter_speed&quot;:&quot;0&quot;,&quot;title&quot;:&quot;&quot;,&quot;orientation&quot;:&quot;0&quot;}\" data-image-title=\"Babale Resorant &#8211; Copy\" data-image-description=\"\" data-image-caption=\"\" data-medium-file=\"https:\/\/i0.wp.com\/www.shqiperia.com\/blog\/wp-content\/uploads\/2018\/07\/Babale-Resorant-Copy.jpg?fit=300%2C188&amp;ssl=1\" data-large-file=\"https:\/\/i0.wp.com\/www.shqiperia.com\/blog\/wp-content\/uploads\/2018\/07\/Babale-Resorant-Copy.jpg?fit=704%2C441&amp;ssl=1\" class=\"alignnone size-medium wp-image-10409\" alt=\"\" src=\"https:\/\/i0.wp.com\/www.shqiperia.com\/blog\/wp-content\/uploads\/2018\/07\/Babale-Resorant-Copy-300x188.jpg?resize=300%2C188\" width=\"300\" height=\"188\" srcset=\"https:\/\/i0.wp.com\/www.shqiperia.com\/blog\/wp-content\/uploads\/2018\/07\/Babale-Resorant-Copy.jpg?resize=300%2C188&amp;ssl=1 300w, https:\/\/i0.wp.com\/www.shqiperia.com\/blog\/wp-content\/uploads\/2018\/07\/Babale-Resorant-Copy.jpg?w=704&amp;ssl=1 704w\" sizes=\"auto, (max-width: 300px) 100vw, 300px\" \/><\/p>\n<p><strong>\u00a0Vlonjat\u00ebt gjejn\u00eb zgjidhjen p\u00ebr turist\u00ebt, prezantojn\u00eb restorant\u2026 \u201cBabalja\u201d. &#8211;<br \/>\n<\/strong><\/p>\n<p>Pas heshtjes s\u00eb opozit\u00ebs p\u00ebr \u00e7\u00ebshtjen \u201cBabalja\u201d, duket se\u00a0Albert Veliun ka kush e kujton n\u00eb k\u00ebto dit\u00eb t\u00eb v\u00ebshtira p\u00ebr t\u00eb.<\/p>\n<p>N\u00eb qytetin e Vlor\u00ebs, me q\u00ebllim thithjen e turist\u00ebve \u00ebsht\u00eb em\u00ebrtuar nj\u00eb restorant me emrin \u201cBabalja\u201d.<\/p>\n<p><span>\u00a0<\/span><\/p>\n<p>Duket se emri i ri ka sh\u00ebrbyer q\u00eb pronari i lokalit t\u00eb shtoj\u00eb klientel\u00ebn.<\/p>\n<p>Emri 45 vje\u00e7arit nga Novosela u b\u00eb i njohur pas pretendimit se Babalja ka regjistruar nj\u00eb telefonat\u00eb p\u00ebr trafik droge me v\u00ebllain e ministrit t\u00eb Brendsh\u00ebm Fatmir Xhafaj.<\/p>\n<p><img data-recalc-dims=\"1\" loading=\"lazy\" decoding=\"async\" data-attachment-id=\"10410\" data-permalink=\"https:\/\/www.shqiperia.com\/blog\/hmor-apo-reklame-vlonjatet-gjejne-zgjidhjen-per-turistet-prezantojne-restorant-babalja\/babale-resorant\/\" data-orig-file=\"https:\/\/i0.wp.com\/www.shqiperia.com\/blog\/wp-content\/uploads\/2018\/07\/Babale-Resorant.jpg?fit=1024%2C498&amp;ssl=1\" data-orig-size=\"1024,498\" data-comments-opened=\"1\" data-image-meta=\"{&quot;aperture&quot;:&quot;0&quot;,&quot;credit&quot;:&quot;&quot;,&quot;camera&quot;:&quot;&quot;,&quot;caption&quot;:&quot;&quot;,&quot;created_timestamp&quot;:&quot;0&quot;,&quot;copyright&quot;:&quot;&quot;,&quot;focal_length&quot;:&quot;0&quot;,&quot;iso&quot;:&quot;0&quot;,&quot;shutter_speed&quot;:&quot;0&quot;,&quot;title&quot;:&quot;&quot;,&quot;orientation&quot;:&quot;0&quot;}\" data-image-title=\"Babale Resorant\" data-image-description=\"\" data-image-caption=\"\" data-medium-file=\"https:\/\/i0.wp.com\/www.shqiperia.com\/blog\/wp-content\/uploads\/2018\/07\/Babale-Resorant.jpg?fit=300%2C146&amp;ssl=1\" data-large-file=\"https:\/\/i0.wp.com\/www.shqiperia.com\/blog\/wp-content\/uploads\/2018\/07\/Babale-Resorant.jpg?fit=1024%2C498&amp;ssl=1\" class=\"alignnone  wp-image-10410\" alt=\"\" src=\"https:\/\/i0.wp.com\/www.shqiperia.com\/blog\/wp-content\/uploads\/2018\/07\/Babale-Resorant-300x146.jpg?resize=785%2C382\" width=\"785\" height=\"382\" srcset=\"https:\/\/i0.wp.com\/www.shqiperia.com\/blog\/wp-content\/uploads\/2018\/07\/Babale-Resorant.jpg?resize=300%2C146&amp;ssl=1 300w, https:\/\/i0.wp.com\/www.shqiperia.com\/blog\/wp-content\/uploads\/2018\/07\/Babale-Resorant.jpg?resize=768%2C374&amp;ssl=1 768w, https:\/\/i0.wp.com\/www.shqiperia.com\/blog\/wp-content\/uploads\/2018\/07\/Babale-Resorant.jpg?w=1024&amp;ssl=1 1024w\" sizes=\"auto, (max-width: 785px) 100vw, 785px\" \/><\/p>\n<p>Albert Veliu trazoi opinionin publik p\u00ebr rreth nj\u00eb muaj.<\/p>\n","protected":false},"excerpt":{"rendered":"<p>\u00a0Vlonjat\u00ebt gjejn\u00eb zgjidhjen p\u00ebr turist\u00ebt, prezantojn\u00eb restorant\u2026 \u201cBabalja\u201d. &#8211; Pas heshtjes s\u00eb opozit\u00ebs p\u00ebr \u00e7\u00ebshtjen \u201cBabalja\u201d, duket se\u00a0Albert Veliun ka kush e kujton n\u00eb k\u00ebto dit\u00eb t\u00eb v\u00ebshtira p\u00ebr t\u00eb. N\u00eb qytetin e Vlor\u00ebs, me q\u00ebllim thithjen e turist\u00ebve \u00ebsht\u00eb em\u00ebrtuar nj\u00eb restorant me emrin \u201cBabalja\u201d. \u00a0 Duket se emri i ri ka sh\u00ebrbyer q\u00eb [&hellip;]<\/p>\n","protected":false},"author":9,"featured_media":10409,"comment_status":"open","ping_status":"open","sticky":false,"template":"","format":"standard","meta":{"jetpack_post_was_ever_published":false,"_jetpack_newsletter_access":"","_jetpack_dont_email_post_to_subs":false,"_jetpack_newsletter_tier_id":0,"_jetpack_memberships_contains_paywalled_content":false,"_jetpack_memberships_contains_paid_content":false,"footnotes":"","jetpack_publicize_message":"","jetpack_publicize_feature_enabled":true,"jetpack_social_post_already_shared":true,"jetpack_social_options":{"image_generator_settings":{"template":"highway","default_image_id":0,"font":"","enabled":false},"version":2}},"categories":[27,35],"tags":[],"class_list":["post-10408","post","type-post","status-publish","format-standard","has-post-thumbnail","hentry","category-blogu-i-udhetarit","category-shoqerore"],"jetpack_publicize_connections":[],"jetpack_featured_media_url":"https:\/\/i0.wp.com\/www.shqiperia.com\/blog\/wp-content\/uploads\/2018\/07\/Babale-Resorant-Copy.jpg?fit=704%2C441&ssl=1","jetpack_sharing_enabled":true,"jetpack_shortlink":"https:\/\/wp.me\/p5Z6wp-2HS","jetpack-related-posts":[{"id":10412,"url":"https:\/\/www.shqiperia.com\/blog\/humor-apo-reklame-vlonjatet-gjejne-zgjidhjen-per-turistet-prezantojne-restorant-babalja\/","url_meta":{"origin":10408,"position":0},"title":"Humor apo Reklame &#8211;  Vlonjat\u00ebt gjejn\u00eb zgjidhjen p\u00ebr turist\u00ebt, prezantojn\u00eb restorant\u2026 \u201cBabalja\u201d. &#8211;","author":"Kurt Farka","date":"July 30, 2018","format":false,"excerpt":"Vlonjat\u00ebt gjejn\u00eb zgjidhjen p\u00ebr turist\u00ebt, prezantojn\u00eb restorant\u2026 \u201cBabalja\u201d Pas heshtjes s\u00eb opozit\u00ebs p\u00ebr \u00e7\u00ebshtjen \u201cBabalja\u201d, duket se\u00a0Albert Veliun ka kush e kujton n\u00eb k\u00ebto dit\u00eb t\u00eb v\u00ebshtira p\u00ebr t\u00eb. N\u00eb qytetin e Vlor\u00ebs, me q\u00ebllim thithjen e turist\u00ebve \u00ebsht\u00eb em\u00ebrtuar nj\u00eb restorant me emrin \u201cBabalja\u201d. Duket se emri i ri\u2026","rel":"","context":"In &quot;Blogu i Udh\u00ebtarit&quot;","block_context":{"text":"Blogu i Udh\u00ebtarit","link":"https:\/\/www.shqiperia.com\/blog\/category\/blogu-i-udhetarit\/"},"img":{"alt_text":"","src":"https:\/\/i0.wp.com\/www.shqiperia.com\/blog\/wp-content\/uploads\/2018\/07\/Babale-Resorant-Copy-1.jpg?fit=704%2C441&ssl=1&resize=350%2C200","width":350,"height":200,"srcset":"https:\/\/i0.wp.com\/www.shqiperia.com\/blog\/wp-content\/uploads\/2018\/07\/Babale-Resorant-Copy-1.jpg?fit=704%2C441&ssl=1&resize=350%2C200 1x, https:\/\/i0.wp.com\/www.shqiperia.com\/blog\/wp-content\/uploads\/2018\/07\/Babale-Resorant-Copy-1.jpg?fit=704%2C441&ssl=1&resize=525%2C300 1.5x, https:\/\/i0.wp.com\/www.shqiperia.com\/blog\/wp-content\/uploads\/2018\/07\/Babale-Resorant-Copy-1.jpg?fit=704%2C441&ssl=1&resize=700%2C400 2x"},"classes":[]},{"id":85092,"url":"https:\/\/www.shqiperia.com\/blog\/rrahja-ne-dobrac-e-fredi-alizotit-babalja-behari-bajri-ne-sky-ky-eshte-ai-qe-spiunoi-vellain-e-fatmir-xhafajt\/","url_meta":{"origin":10408,"position":1},"title":"Rrahja n\u00eb \u2018Dobra\u00e7\u2019 e Fredi Alizotit (Babalja)\/ Behari Bajri n\u00eb \u2018Sky\u2019: &#8211; Ky \u00ebsht\u00eb ai q\u00eb spiunoi v\u00ebllain e Fatmir Xhafajt","author":"Kurt Farka","date":"September 28, 2024","format":false,"excerpt":"28 Shkurt 2024 Fredi Alizoti (Babalja), d\u00ebshmitari ky\u00e7 i cili p\u00ebrmes rr\u00ebfimit t\u00eb tij t\u00eb dh\u00ebn\u00eb n\u00eb Prokurorin\u00eb e Krimeve t\u00eb R\u00ebnda, ktheu p\u00ebrmbys dosjen \u201cBabale\u201d, duke treguar se p\u00ebrgjimi p\u00ebr Geron Xhafajn, ishte nj\u00eb sajes\u00eb mes (Babales) Albert Veliut dhe vet\u00eb Alizotit, rezulton t\u00eb jet\u00eb rrahur barbarisht nga Behar\u2026","rel":"","context":"In &quot;Blogu i Udh\u00ebtarit&quot;","block_context":{"text":"Blogu i Udh\u00ebtarit","link":"https:\/\/www.shqiperia.com\/blog\/category\/blogu-i-udhetarit\/"},"img":{"alt_text":"","src":"https:\/\/i0.wp.com\/www.shqiperia.com\/blog\/wp-content\/uploads\/2024\/09\/Babalja-1.jpg?fit=881%2C520&ssl=1&resize=350%2C200","width":350,"height":200,"srcset":"https:\/\/i0.wp.com\/www.shqiperia.com\/blog\/wp-content\/uploads\/2024\/09\/Babalja-1.jpg?fit=881%2C520&ssl=1&resize=350%2C200 1x, https:\/\/i0.wp.com\/www.shqiperia.com\/blog\/wp-content\/uploads\/2024\/09\/Babalja-1.jpg?fit=881%2C520&ssl=1&resize=525%2C300 1.5x, https:\/\/i0.wp.com\/www.shqiperia.com\/blog\/wp-content\/uploads\/2024\/09\/Babalja-1.jpg?fit=881%2C520&ssl=1&resize=700%2C400 2x"},"classes":[]},{"id":61579,"url":"https:\/\/www.shqiperia.com\/blog\/helmim-masiv-ne-budva-te-malit-te-zi-turistet-perfundojne-ne-spital-pasi-hengren-ne-nje-restorant\/","url_meta":{"origin":10408,"position":2},"title":"Helmim masiv n\u00eb Budva t\u00eb Malit t\u00eb Zi, turist\u00ebt p\u00ebrfundojn\u00eb n\u00eb spital pasi h\u00ebngr\u00ebn n\u00eb nj\u00eb restorant","author":"Kurt Farka","date":"August 28, 2022","format":false,"excerpt":"28 Gusht 2022 T\u00eb pakt\u00ebn 96 turist\u00eb dyshohet se kan\u00eb p\u00ebsuar helmim nga ushqimi pasi h\u00ebngr\u00ebn n\u00eb nj\u00eb restorant n\u00eb Budva, shkruajn\u00eb mediat vendase. Ata jan\u00eb kryesisht turist\u00eb nga Polonia, Sllovakia dhe Sllovenia, dhe pothuajse t\u00eb gjith\u00eb kan\u00eb qen\u00eb konsumator\u00eb n\u00eb nj\u00eb restorant. Pasi kan\u00eb shfaqur probleme sh\u00ebndet\u00ebsore me simptomat\u2026","rel":"","context":"In &quot;Blogu i Udh\u00ebtarit&quot;","block_context":{"text":"Blogu i Udh\u00ebtarit","link":"https:\/\/www.shqiperia.com\/blog\/category\/blogu-i-udhetarit\/"},"img":{"alt_text":"","src":"https:\/\/i0.wp.com\/www.shqiperia.com\/blog\/wp-content\/uploads\/2022\/08\/640-0-630b5e9b7a6e8-600x360-1.jpg?fit=600%2C360&ssl=1&resize=350%2C200","width":350,"height":200,"srcset":"https:\/\/i0.wp.com\/www.shqiperia.com\/blog\/wp-content\/uploads\/2022\/08\/640-0-630b5e9b7a6e8-600x360-1.jpg?fit=600%2C360&ssl=1&resize=350%2C200 1x, https:\/\/i0.wp.com\/www.shqiperia.com\/blog\/wp-content\/uploads\/2022\/08\/640-0-630b5e9b7a6e8-600x360-1.jpg?fit=600%2C360&ssl=1&resize=525%2C300 1.5x"},"classes":[]},{"id":85072,"url":"https:\/\/www.shqiperia.com\/blog\/pse-ecja-mbrapsht-mund-te-jete-shume-e-mire-per-shendetin-dhe-trurin-tuaj\/","url_meta":{"origin":10408,"position":3},"title":"Pse ecja mbrapsht mund t\u00eb jet\u00eb shum\u00eb e mir\u00eb p\u00ebr sh\u00ebndetin dhe trurin tuaj","author":"Kurt Farka","date":"September 27, 2024","format":false,"excerpt":"27 Shtator 2024 Gjat\u00eb shekullit t\u00eb 19-t\u00eb, aktiviteti i \u201cecjes mbrapsht\u201d ishte nj\u00eb hob i \u00e7uditsh\u00ebm, por sot hulumtimet po zbulojn\u00eb se mund t\u00eb ket\u00eb p\u00ebrfitime reale p\u00ebr sh\u00ebndetin dhe trurin e njeriut. Patrick Harmon, nj\u00eb pronar 50-vje\u00e7ar i dyqanit t\u00eb purove, vendosi nj\u00eb bast n\u00eb vitin 1915 p\u00ebr t\u00eb\u2026","rel":"","context":"In &quot;Blogu i Udh\u00ebtarit&quot;","block_context":{"text":"Blogu i Udh\u00ebtarit","link":"https:\/\/www.shqiperia.com\/blog\/category\/blogu-i-udhetarit\/"},"img":{"alt_text":"","src":"https:\/\/i0.wp.com\/www.shqiperia.com\/blog\/wp-content\/uploads\/2024\/09\/63dcb4a503509.png?fit=911%2C490&ssl=1&resize=350%2C200","width":350,"height":200,"srcset":"https:\/\/i0.wp.com\/www.shqiperia.com\/blog\/wp-content\/uploads\/2024\/09\/63dcb4a503509.png?fit=911%2C490&ssl=1&resize=350%2C200 1x, https:\/\/i0.wp.com\/www.shqiperia.com\/blog\/wp-content\/uploads\/2024\/09\/63dcb4a503509.png?fit=911%2C490&ssl=1&resize=525%2C300 1.5x, https:\/\/i0.wp.com\/www.shqiperia.com\/blog\/wp-content\/uploads\/2024\/09\/63dcb4a503509.png?fit=911%2C490&ssl=1&resize=700%2C400 2x"},"classes":[]},{"id":15103,"url":"https:\/\/www.shqiperia.com\/blog\/rama-pritet-te-beje-ndryshime-te-thella-ne-kabinetin-qeverises\/","url_meta":{"origin":10408,"position":4},"title":"Rama pritet t\u00eb b\u00ebj\u00eb \u2018ndryshime t\u00eb thella\u2019 n\u00eb kabinetin qeveris\u00ebs. &#8211;","author":"Kurt Farka","date":"December 21, 2018","format":false,"excerpt":"Rama pritet t\u00eb b\u00ebj\u00eb \u2018ndryshime t\u00eb thella\u2019 n\u00eb kabinetin qeveris\u00ebs. - 21\/12\/2018, Gazeta MAPO. \u201cE para, protesta i dha nj\u00eb shuplak\u00eb qeveris\u00eb. E dyta, protesta i dha nj\u00eb grusht opozit\u00ebs dhe e treta, protesta i dha nj\u00eb shpres\u00eb shoq\u00ebris\u00eb. Shoq\u00ebria k\u00ebrkon dialog\u201d, do t\u00eb shprehej Rama m\u00eb 13 dhjetor. Protesta\u2026","rel":"","context":"In &quot;Blogu i Udh\u00ebtarit&quot;","block_context":{"text":"Blogu i Udh\u00ebtarit","link":"https:\/\/www.shqiperia.com\/blog\/category\/blogu-i-udhetarit\/"},"img":{"alt_text":"","src":"https:\/\/i0.wp.com\/www.shqiperia.com\/blog\/wp-content\/uploads\/2018\/12\/auto_edi_rama_kryeminister61502779187.jpg?fit=795%2C430&ssl=1&resize=350%2C200","width":350,"height":200,"srcset":"https:\/\/i0.wp.com\/www.shqiperia.com\/blog\/wp-content\/uploads\/2018\/12\/auto_edi_rama_kryeminister61502779187.jpg?fit=795%2C430&ssl=1&resize=350%2C200 1x, https:\/\/i0.wp.com\/www.shqiperia.com\/blog\/wp-content\/uploads\/2018\/12\/auto_edi_rama_kryeminister61502779187.jpg?fit=795%2C430&ssl=1&resize=525%2C300 1.5x, https:\/\/i0.wp.com\/www.shqiperia.com\/blog\/wp-content\/uploads\/2018\/12\/auto_edi_rama_kryeminister61502779187.jpg?fit=795%2C430&ssl=1&resize=700%2C400 2x"},"classes":[]},{"id":45288,"url":"https:\/\/www.shqiperia.com\/blog\/pd-publikon-emrat-dhe-fotot-keta-jane-banditet-e-rames-qe-ushtruan-dhune-ndaj-qytetareve-ne-elbasan\/","url_meta":{"origin":10408,"position":5},"title":"PD publikon emrat dhe fotot: K\u00ebta jan\u00eb bandit\u00ebt e Ram\u00ebs q\u00eb ushtruan dhun\u00eb ndaj qytetar\u00ebve n\u00eb Elbasan","author":"Kurt Farka","date":"March 14, 2021","format":false,"excerpt":"PD publikon emrat dhe fotot: K\u00ebta jan\u00eb bandit\u00ebt e Ram\u00ebs q\u00eb ushtruan dhun\u00eb ndaj qytetar\u00ebve n\u00eb Elbasan 14\/03\/2021 Sekretari i P\u00ebrgjithsh\u00ebm i PD-s\u00eb, Gazmend Bardhi ka publikuar me foto dhe emra, personat q\u00eb ushtruan dhun\u00eb ndaj qytetar\u00ebve dhe militant\u00ebve t\u00eb PD sot n\u00eb Elbasan. Tensionet nis\u00ebn gjat\u00eb vizit\u00ebs s\u00eb Edi\u2026","rel":"","context":"In &quot;Blogu i Udh\u00ebtarit&quot;","block_context":{"text":"Blogu i Udh\u00ebtarit","link":"https:\/\/www.shqiperia.com\/blog\/category\/blogu-i-udhetarit\/"},"img":{"alt_text":"","src":"https:\/\/i0.wp.com\/www.shqiperia.com\/blog\/wp-content\/uploads\/2021\/03\/Emrat-Elbasan-krimi-750x375-1.jpg?fit=750%2C375&ssl=1&resize=350%2C200","width":350,"height":200,"srcset":"https:\/\/i0.wp.com\/www.shqiperia.com\/blog\/wp-content\/uploads\/2021\/03\/Emrat-Elbasan-krimi-750x375-1.jpg?fit=750%2C375&ssl=1&resize=350%2C200 1x, https:\/\/i0.wp.com\/www.shqiperia.com\/blog\/wp-content\/uploads\/2021\/03\/Emrat-Elbasan-krimi-750x375-1.jpg?fit=750%2C375&ssl=1&resize=525%2C300 1.5x, https:\/\/i0.wp.com\/www.shqiperia.com\/blog\/wp-content\/uploads\/2021\/03\/Emrat-Elbasan-krimi-750x375-1.jpg?fit=750%2C375&ssl=1&resize=700%2C400 2x"},"classes":[]}],"_links":{"self":[{"href":"https:\/\/www.shqiperia.com\/blog\/wp-json\/wp\/v2\/posts\/10408","targetHints":{"allow":["GET"]}}],"collection":[{"href":"https:\/\/www.shqiperia.com\/blog\/wp-json\/wp\/v2\/posts"}],"about":[{"href":"https:\/\/www.shqiperia.com\/blog\/wp-json\/wp\/v2\/types\/post"}],"author":[{"embeddable":true,"href":"https:\/\/www.shqiperia.com\/blog\/wp-json\/wp\/v2\/users\/9"}],"replies":[{"embeddable":true,"href":"https:\/\/www.shqiperia.com\/blog\/wp-json\/wp\/v2\/comments?post=10408"}],"version-history":[{"count":1,"href":"https:\/\/www.shqiperia.com\/blog\/wp-json\/wp\/v2\/posts\/10408\/revisions"}],"predecessor-version":[{"id":10411,"href":"https:\/\/www.shqiperia.com\/blog\/wp-json\/wp\/v2\/posts\/10408\/revisions\/10411"}],"wp:featuredmedia":[{"embeddable":true,"href":"https:\/\/www.shqiperia.com\/blog\/wp-json\/wp\/v2\/media\/10409"}],"wp:attachment":[{"href":"https:\/\/www.shqiperia.com\/blog\/wp-json\/wp\/v2\/media?parent=10408"}],"wp:term":[{"taxonomy":"category","embeddable":true,"href":"https:\/\/www.shqiperia.com\/blog\/wp-json\/wp\/v2\/categories?post=10408"},{"taxonomy":"post_tag","embeddable":true,"href":"https:\/\/www.shqiperia.com\/blog\/wp-json\/wp\/v2\/tags?post=10408"}],"curies":[{"name":"wp","href":"https:\/\/api.w.org\/{rel}","templated":true}]}}