{"id":10392,"date":"2018-07-30T10:48:11","date_gmt":"2018-07-30T10:48:11","guid":{"rendered":"http:\/\/www.shqiperia.com\/blog\/?p=10392"},"modified":"2018-07-30T10:48:11","modified_gmt":"2018-07-30T10:48:11","slug":"restauruesit-e-ikonave-nxjerrin-ne-drite-thesaret-e-fjetura-te-beratit","status":"publish","type":"post","link":"https:\/\/www.shqiperia.com\/blog\/restauruesit-e-ikonave-nxjerrin-ne-drite-thesaret-e-fjetura-te-beratit\/","title":{"rendered":"Restauruesit e ikonave nxjerrin n\u00eb drit\u00eb \u2018thesaret e fjetura\u2019 t\u00eb Beratit. &#8211;"},"content":{"rendered":"<p><img data-recalc-dims=\"1\" loading=\"lazy\" decoding=\"async\" data-attachment-id=\"10393\" data-permalink=\"https:\/\/www.shqiperia.com\/blog\/restauruesit-e-ikonave-nxjerrin-ne-drite-thesaret-e-fjetura-te-beratit\/miltiadh-bibo-dhe-altin-tabaku\/\" data-orig-file=\"https:\/\/i0.wp.com\/www.shqiperia.com\/blog\/wp-content\/uploads\/2018\/07\/Miltiadh-Bibo-dhe-Altin-Tabaku.jpg?fit=5184%2C2920&amp;ssl=1\" data-orig-size=\"5184,2920\" data-comments-opened=\"1\" data-image-meta=\"{&quot;aperture&quot;:&quot;2.8&quot;,&quot;credit&quot;:&quot;&quot;,&quot;camera&quot;:&quot;DSC-HX400V&quot;,&quot;caption&quot;:&quot;&quot;,&quot;created_timestamp&quot;:&quot;1502148639&quot;,&quot;copyright&quot;:&quot;&quot;,&quot;focal_length&quot;:&quot;4.3&quot;,&quot;iso&quot;:&quot;400&quot;,&quot;shutter_speed&quot;:&quot;0.033333333333333&quot;,&quot;title&quot;:&quot;&quot;,&quot;orientation&quot;:&quot;1&quot;}\" data-image-title=\"Miltiadh-Bibo-dhe-Altin-Tabaku\" data-image-description=\"\" data-image-caption=\"\" data-medium-file=\"https:\/\/i0.wp.com\/www.shqiperia.com\/blog\/wp-content\/uploads\/2018\/07\/Miltiadh-Bibo-dhe-Altin-Tabaku.jpg?fit=300%2C169&amp;ssl=1\" data-large-file=\"https:\/\/i0.wp.com\/www.shqiperia.com\/blog\/wp-content\/uploads\/2018\/07\/Miltiadh-Bibo-dhe-Altin-Tabaku.jpg?fit=1024%2C577&amp;ssl=1\" class=\"alignnone size-medium wp-image-10393\" alt=\"\" src=\"https:\/\/i0.wp.com\/www.shqiperia.com\/blog\/wp-content\/uploads\/2018\/07\/Miltiadh-Bibo-dhe-Altin-Tabaku-300x169.jpg?resize=300%2C169\" width=\"300\" height=\"169\" srcset=\"https:\/\/i0.wp.com\/www.shqiperia.com\/blog\/wp-content\/uploads\/2018\/07\/Miltiadh-Bibo-dhe-Altin-Tabaku.jpg?resize=300%2C169&amp;ssl=1 300w, https:\/\/i0.wp.com\/www.shqiperia.com\/blog\/wp-content\/uploads\/2018\/07\/Miltiadh-Bibo-dhe-Altin-Tabaku.jpg?resize=768%2C433&amp;ssl=1 768w, https:\/\/i0.wp.com\/www.shqiperia.com\/blog\/wp-content\/uploads\/2018\/07\/Miltiadh-Bibo-dhe-Altin-Tabaku.jpg?resize=1024%2C577&amp;ssl=1 1024w, https:\/\/i0.wp.com\/www.shqiperia.com\/blog\/wp-content\/uploads\/2018\/07\/Miltiadh-Bibo-dhe-Altin-Tabaku.jpg?w=2000&amp;ssl=1 2000w, https:\/\/i0.wp.com\/www.shqiperia.com\/blog\/wp-content\/uploads\/2018\/07\/Miltiadh-Bibo-dhe-Altin-Tabaku.jpg?w=3000&amp;ssl=1 3000w\" sizes=\"auto, (max-width: 300px) 100vw, 300px\" \/><\/p>\n<p><strong>Restauruesit e ikonave nxjerrin n\u00eb drit\u00eb \u2018thesaret e fjetura\u2019 t\u00eb Beratit. &#8211;<br \/>\n<\/strong><\/p>\n<p><strong>\u201cProfeti Ilia\u201d dhe \u2018Hyrja n\u00eb Jeruzalem\u201d jan\u00eb dy ikona me autor\u00eb v\u00ebllez\u00ebrit \u00c7etiri q\u00eb i p\u00ebrkasin shekullit t\u00eb XVIII, t\u00eb cilat jan\u00eb duke u restauruar n\u00eb Laboratorin e Restaurimit t\u00eb Veprave t\u00eb Artit dhe m\u00eb pas do t\u00eb jen\u00eb pjes\u00eb e fondit t\u00eb pavionit \u201cThesare t\u00eb fjetura\u201d n\u00eb Muzeun Komb\u00ebtar Ikonografik Onufri n\u00eb Berat. \u00a0<\/strong><\/p>\n<p>Miltiadh Bibo dhe Altin Tabaku gjat\u00eb restaurimit t\u00eb dy ikonave \u201cProfeti Ilia\u201d dhe \u201cHyrja n\u00eb Jeruzalem\u201d n\u00eb muzeun Onufri t\u00eb Beratit. Foto:Eriola Azizolli.<\/p>\n<p>Miltiadh Bibo dhe Altin Tabaku jan\u00eb t\u00eb p\u00ebrqendruar, me v\u00ebshtrimin e ngulitur mpreht\u00eb mbi dy ikonat q\u00eb i kan\u00eb v\u00ebn\u00eb n\u00eb tavolinat e pun\u00ebs pran\u00eb nj\u00eb dyzine shishesh me dezinfektant\u00eb, vegla dhe l\u00ebnd\u00eb t\u00eb tjera q\u00eb i japin jet\u00eb pun\u00ebs s\u00eb tyre restauruese. Ata jan\u00eb k\u00ebrrusuar prej disa muajsh mbi tavolin\u00ebn e pun\u00ebs si \u201cmjek\u00ebt n\u00eb nj\u00eb operacion zemre\u201d mbi dy ikona t\u00eb shekullit t\u00eb XVIII t\u00eb venitura prej koh\u00ebs, por dal\u00ebngadal\u00eb pamja dhe ngjyrat n\u00eb dy pikturat kishtare kan\u00eb filluar t\u00eb b\u00ebhen s\u00ebrish t\u00eb qarta.<\/p>\n<p><img data-recalc-dims=\"1\" loading=\"lazy\" decoding=\"async\" data-attachment-id=\"10394\" data-permalink=\"https:\/\/www.shqiperia.com\/blog\/restauruesit-e-ikonave-nxjerrin-ne-drite-thesaret-e-fjetura-te-beratit\/katalogu-i-albumit-thesare-te-fjetura\/\" data-orig-file=\"https:\/\/i0.wp.com\/www.shqiperia.com\/blog\/wp-content\/uploads\/2018\/07\/Katalogu-i-albumit-Thesare-te-fjetura.jpg?fit=788%2C768&amp;ssl=1\" data-orig-size=\"788,768\" data-comments-opened=\"1\" data-image-meta=\"{&quot;aperture&quot;:&quot;0&quot;,&quot;credit&quot;:&quot;&quot;,&quot;camera&quot;:&quot;&quot;,&quot;caption&quot;:&quot;&quot;,&quot;created_timestamp&quot;:&quot;0&quot;,&quot;copyright&quot;:&quot;&quot;,&quot;focal_length&quot;:&quot;0&quot;,&quot;iso&quot;:&quot;0&quot;,&quot;shutter_speed&quot;:&quot;0&quot;,&quot;title&quot;:&quot;&quot;,&quot;orientation&quot;:&quot;0&quot;}\" data-image-title=\"Katalogu-i-albumit-Thesare-te-fjetura\" data-image-description=\"\" data-image-caption=\"\" data-medium-file=\"https:\/\/i0.wp.com\/www.shqiperia.com\/blog\/wp-content\/uploads\/2018\/07\/Katalogu-i-albumit-Thesare-te-fjetura.jpg?fit=300%2C292&amp;ssl=1\" data-large-file=\"https:\/\/i0.wp.com\/www.shqiperia.com\/blog\/wp-content\/uploads\/2018\/07\/Katalogu-i-albumit-Thesare-te-fjetura.jpg?fit=788%2C768&amp;ssl=1\" class=\"alignnone  wp-image-10394\" alt=\"\" src=\"https:\/\/i0.wp.com\/www.shqiperia.com\/blog\/wp-content\/uploads\/2018\/07\/Katalogu-i-albumit-Thesare-te-fjetura-300x292.jpg?resize=582%2C566\" width=\"582\" height=\"566\" srcset=\"https:\/\/i0.wp.com\/www.shqiperia.com\/blog\/wp-content\/uploads\/2018\/07\/Katalogu-i-albumit-Thesare-te-fjetura.jpg?resize=300%2C292&amp;ssl=1 300w, https:\/\/i0.wp.com\/www.shqiperia.com\/blog\/wp-content\/uploads\/2018\/07\/Katalogu-i-albumit-Thesare-te-fjetura.jpg?w=788&amp;ssl=1 788w\" sizes=\"auto, (max-width: 582px) 100vw, 582px\" \/><\/p>\n<p>T\u00eb pikturuara nga ikonograf\u00ebt e familjes \u00c7etiri, ikonat \u201cProfeti Ilia\u201d dhe \u2018Hyrja n\u00eb Jeruzalem\u201d do i shtohen n\u00eb fund t\u00eb restaurimit ekspozit\u00ebs \u201cThesaret e fjetura\u201d, n\u00eb katin e dyt\u00eb t\u00eb Muzeut Onufri n\u00eb Berat.<\/p>\n<p>Ekspozita qe nj\u00eb nism\u00eb e drejtorit t\u00eb Qendr\u00ebs Komb\u00ebtare t\u00eb Muzeumeve n\u00eb Berat (QKMB) Agron Polovina, i cili vendosi n\u00eb vitin 2014 t\u00eb nxirrte nga magazinat ku ruheshin disa nga veprat e harruara t\u00eb artit kishtar t\u00eb Beratit p\u00ebr t\u2019i ekspozuar ato.<\/p>\n<p>Polovina, me profesion piktor-restaurues shprehet se fillimisht jan\u00eb identifikuar 15 ikona q\u00eb ishin restauruar dhe u ekspozuan n\u00eb nj\u00eb prej kishave t\u00eb qytetit n\u00eb bashk\u00ebpunim me Drejtorin\u00eb Rajonale t\u00eb Kultur\u00ebs Komb\u00ebtare (DRKK) q\u00eb realizon edhe restaurimet. M\u00eb pas u vendos t\u00eb kthehej n\u00eb nj\u00eb ekspozit\u00eb t\u00eb p\u00ebrhershme, e cila pasurohet vazhdimisht n\u00eb var\u00ebsi t\u00eb restaurimeve.<\/p>\n<p>Deri tani aty jan\u00eb ekspozuar 20 objekte dhe ikona t\u00eb realizuara\u00a0 rreth shekujve\u00a0 XVI \u2013 XIX, t\u00eb cilat kan\u00eb p\u00ebr autor\u00eb ikonograf\u00eb t\u00eb njohur si Nikolla (i biri i Onufrit), Onuf\u00ebr Qiprioti apo familjen \u00c7etiri. N\u00eb ekspozit\u00eb jan\u00eb dhe disa ikona nga autor\u00eb t\u00eb paidentifikuar. Nd\u00ebr to shum\u00eb e vler\u00ebsuar \u00ebsht\u00eb ikona e \u201cKrishtit t\u00eb gjit<\/p>\n<p><img data-recalc-dims=\"1\" loading=\"lazy\" decoding=\"async\" data-attachment-id=\"10393\" data-permalink=\"https:\/\/www.shqiperia.com\/blog\/restauruesit-e-ikonave-nxjerrin-ne-drite-thesaret-e-fjetura-te-beratit\/miltiadh-bibo-dhe-altin-tabaku\/\" data-orig-file=\"https:\/\/i0.wp.com\/www.shqiperia.com\/blog\/wp-content\/uploads\/2018\/07\/Miltiadh-Bibo-dhe-Altin-Tabaku.jpg?fit=5184%2C2920&amp;ssl=1\" data-orig-size=\"5184,2920\" data-comments-opened=\"1\" data-image-meta=\"{&quot;aperture&quot;:&quot;2.8&quot;,&quot;credit&quot;:&quot;&quot;,&quot;camera&quot;:&quot;DSC-HX400V&quot;,&quot;caption&quot;:&quot;&quot;,&quot;created_timestamp&quot;:&quot;1502148639&quot;,&quot;copyright&quot;:&quot;&quot;,&quot;focal_length&quot;:&quot;4.3&quot;,&quot;iso&quot;:&quot;400&quot;,&quot;shutter_speed&quot;:&quot;0.033333333333333&quot;,&quot;title&quot;:&quot;&quot;,&quot;orientation&quot;:&quot;1&quot;}\" data-image-title=\"Miltiadh-Bibo-dhe-Altin-Tabaku\" data-image-description=\"\" data-image-caption=\"\" data-medium-file=\"https:\/\/i0.wp.com\/www.shqiperia.com\/blog\/wp-content\/uploads\/2018\/07\/Miltiadh-Bibo-dhe-Altin-Tabaku.jpg?fit=300%2C169&amp;ssl=1\" data-large-file=\"https:\/\/i0.wp.com\/www.shqiperia.com\/blog\/wp-content\/uploads\/2018\/07\/Miltiadh-Bibo-dhe-Altin-Tabaku.jpg?fit=1024%2C577&amp;ssl=1\" class=\"alignnone  wp-image-10393\" alt=\"\" src=\"https:\/\/i0.wp.com\/www.shqiperia.com\/blog\/wp-content\/uploads\/2018\/07\/Miltiadh-Bibo-dhe-Altin-Tabaku-300x169.jpg?resize=731%2C412\" width=\"731\" height=\"412\" srcset=\"https:\/\/i0.wp.com\/www.shqiperia.com\/blog\/wp-content\/uploads\/2018\/07\/Miltiadh-Bibo-dhe-Altin-Tabaku.jpg?resize=300%2C169&amp;ssl=1 300w, https:\/\/i0.wp.com\/www.shqiperia.com\/blog\/wp-content\/uploads\/2018\/07\/Miltiadh-Bibo-dhe-Altin-Tabaku.jpg?resize=768%2C433&amp;ssl=1 768w, https:\/\/i0.wp.com\/www.shqiperia.com\/blog\/wp-content\/uploads\/2018\/07\/Miltiadh-Bibo-dhe-Altin-Tabaku.jpg?resize=1024%2C577&amp;ssl=1 1024w, https:\/\/i0.wp.com\/www.shqiperia.com\/blog\/wp-content\/uploads\/2018\/07\/Miltiadh-Bibo-dhe-Altin-Tabaku.jpg?w=2000&amp;ssl=1 2000w, https:\/\/i0.wp.com\/www.shqiperia.com\/blog\/wp-content\/uploads\/2018\/07\/Miltiadh-Bibo-dhe-Altin-Tabaku.jpg?w=3000&amp;ssl=1 3000w\" sizes=\"auto, (max-width: 731px) 100vw, 731px\" \/><\/p>\n<p>hpushtetsh\u00ebm\u201d e shek XVI- XVII, e marr\u00eb nga kisha e \u201cSh\u00ebn Todrit\u201dn\u00eb kala.<\/p>\n<p><strong>\u00a0Restaurimi shp\u00ebton veprat<\/strong><\/p>\n<p>Koha q\u00eb merr puna p\u00ebr t\u00eb restauruar nj\u00eb ikon\u00eb, sipas dy specialist\u00ebve t\u00eb Laboratorit dhe Restaurimit t\u00eb Veprave t\u00eb Artit pran\u00eb Drejtoris\u00eb Rajonale t\u00eb Kultur\u00ebs Komb\u00ebtare (DRKK) n\u00eb Berat, varet nga dimesionet q\u00eb ajo ka, por edhe nga shkalla e d\u00ebmtimit.<\/p>\n<p>\u201cP\u00ebr nj\u00eb ikon\u00eb q\u00eb \u00ebsht\u00eb pjes\u00ebrisht e d\u00ebmtuar restaurimi shkon deri n\u00eb tre muaj, nd\u00ebrsa p\u00ebr nj\u00eb ikon\u00eb me shkall\u00eb m\u00eb t\u00eb lart\u00eb d\u00ebmtimi shkon edhe nj\u00eb vit,\u201d tha Altin Tabaku, i cili \u00ebsht\u00eb gati n\u00eb t\u00eb p\u00ebrfunduar me restaurimin e ikon\u00ebs \u201cProfeti Ilia\u201d, ngjyrat e s\u00eb cil\u00ebs ishin zbehur nga vitet. \u201cIkona duhet t\u2019i n\u00ebnshtrohet nj\u00eb restaurimi sepse i ishte dekompozuara verniku gjat\u00eb viteve,\u201d tha Tabaku.<\/p>\n<p><img data-recalc-dims=\"1\" loading=\"lazy\" decoding=\"async\" data-attachment-id=\"10395\" data-permalink=\"https:\/\/www.shqiperia.com\/blog\/restauruesit-e-ikonave-nxjerrin-ne-drite-thesaret-e-fjetura-te-beratit\/ekspozita-thesaret-e-fjetura-ne-muzeun-onufri-ne-berat-600x359\/\" data-orig-file=\"https:\/\/i0.wp.com\/www.shqiperia.com\/blog\/wp-content\/uploads\/2018\/07\/Ekspozita-Thesaret-e-Fjetura-ne-muzeun-Onufri-ne-Berat-600x359.jpg?fit=600%2C359&amp;ssl=1\" data-orig-size=\"600,359\" data-comments-opened=\"1\" data-image-meta=\"{&quot;aperture&quot;:&quot;0&quot;,&quot;credit&quot;:&quot;&quot;,&quot;camera&quot;:&quot;&quot;,&quot;caption&quot;:&quot;&quot;,&quot;created_timestamp&quot;:&quot;0&quot;,&quot;copyright&quot;:&quot;&quot;,&quot;focal_length&quot;:&quot;0&quot;,&quot;iso&quot;:&quot;0&quot;,&quot;shutter_speed&quot;:&quot;0&quot;,&quot;title&quot;:&quot;&quot;,&quot;orientation&quot;:&quot;0&quot;}\" data-image-title=\"Ekspozita-Thesaret-e-Fjetura-ne-muzeun-Onufri-ne-Berat-600&#215;359\" data-image-description=\"\" data-image-caption=\"\" data-medium-file=\"https:\/\/i0.wp.com\/www.shqiperia.com\/blog\/wp-content\/uploads\/2018\/07\/Ekspozita-Thesaret-e-Fjetura-ne-muzeun-Onufri-ne-Berat-600x359.jpg?fit=300%2C180&amp;ssl=1\" data-large-file=\"https:\/\/i0.wp.com\/www.shqiperia.com\/blog\/wp-content\/uploads\/2018\/07\/Ekspozita-Thesaret-e-Fjetura-ne-muzeun-Onufri-ne-Berat-600x359.jpg?fit=600%2C359&amp;ssl=1\" class=\"alignnone  wp-image-10395\" alt=\"\" src=\"https:\/\/i0.wp.com\/www.shqiperia.com\/blog\/wp-content\/uploads\/2018\/07\/Ekspozita-Thesaret-e-Fjetura-ne-muzeun-Onufri-ne-Berat-600x359-300x180.jpg?resize=662%2C397\" width=\"662\" height=\"397\" srcset=\"https:\/\/i0.wp.com\/www.shqiperia.com\/blog\/wp-content\/uploads\/2018\/07\/Ekspozita-Thesaret-e-Fjetura-ne-muzeun-Onufri-ne-Berat-600x359.jpg?resize=300%2C180&amp;ssl=1 300w, https:\/\/i0.wp.com\/www.shqiperia.com\/blog\/wp-content\/uploads\/2018\/07\/Ekspozita-Thesaret-e-Fjetura-ne-muzeun-Onufri-ne-Berat-600x359.jpg?resize=600%2C359&amp;ssl=1 600w\" sizes=\"auto, (max-width: 662px) 100vw, 662px\" \/><\/p>\n<p>Ai shton se \u00e7do proces kalon nj\u00eb procedur\u00eb burokratike t\u00eb domosdoshme. K\u00ebrkohet nj\u00eb miratim nga K\u00ebshilli Shkencor dhe m\u00eb pas n\u00eb K\u00ebshillin Komb\u00ebtar t\u00eb Restaurimeve.<\/p>\n<p>\u201cFillimisht b\u00ebhet konsolidimi total i jasht\u00ebm, p\u00ebr t\u00eb par\u00eb n\u00ebse ka shk\u00ebputje, b\u00ebhet konsolidimi i shtres\u00ebs s\u00eb pelikul\u00ebs, e cila \u00ebsht\u00eb piktura dhe m\u00eb pas kalohet n\u00eb procesin e dezinfektimit, p\u00ebr t\u00eb par\u00eb n\u00ebse ka insekte q\u00eb mund ta d\u00ebmtojn\u00eb drurin dhe faktikisht n\u00eb k\u00ebt\u00eb rast, me k\u00ebt\u00eb ikon\u00eb kemi t\u00eb b\u00ebjm\u00eb edhe \u00a0me d\u00ebmtim nga insektet,\u201d shpjegoi Tabaku, duke treguar hapat e restaurimit.<\/p>\n<p>Tabaku \u00ebsht\u00eb i vet\u00ebdijsh\u00ebm se vepra q\u00eb ka n\u00eb duar ka vlera t\u00eb pap\u00ebrs\u00ebritshme. Ai thot\u00eb se ikona ishte gjetur n\u00eb nj\u00eb nga kishat e qytetit dhe nuk kishte qen\u00eb n\u00eb gjendje t\u00eb keqe, por kishte d\u00ebmtim dhe degradim t\u00eb vernikut.<\/p>\n<p>\u201cPuna ime \u00ebsht\u00eb q\u00eb t\u00eb b\u00ebj nj\u00eb nd\u00ebrhyrje t\u00eb kujdesshme, por pa e d\u00ebmtuar ikon\u00ebn,\u201d shprehet ai.<\/p>\n<p>I ulur n\u00eb krah me kolegun Tabaku, specialisti tjet\u00ebr Miltiadh Bibo \u00ebsht\u00eb duke punuar me \u201cHyrjen n\u00eb Jeruzalem\u201d, e cila ka p\u00ebrfunduar n\u00eb fondin e monumenteve pasi u zbulua gjithashtu n\u00eb nj\u00eb kish\u00eb t\u00eb zon\u00ebs s\u00eb Beratit. \u00a0Bibo thot\u00eb se kishte kryer gjithashtu nj\u00eb pjes\u00eb t\u00eb procesit t\u00eb restaurimit. \u201cTani jam duke b\u00ebr\u00eb pastrimin e vernikut t\u00eb degraduar,\u201d shpjegoi ai.<\/p>\n<p>P\u00ebr drejtorin e Drejtoris\u00eb Rajonale t\u00eb Kultur\u00ebs Komb\u00ebtare, Eugen Kallfani \u00ebsht\u00eb e r\u00ebnd\u00ebsishme q\u00eb puna restauruese t\u00eb ec\u00eb paralel me pun\u00ebn p\u00ebr mbrojtjen e trash\u00ebgimis\u00eb.<\/p>\n<p>\u201cNuk b\u00ebhet fjal\u00eb p\u00ebr investime q\u00eb k\u00ebrkojn\u00eb nd\u00ebrhyrje t\u00eb m\u00ebdha, sepse k\u00ebto restuarime nuk k\u00ebrkojn\u00eb kosto t\u00eb pap\u00ebrballueshme. Por \u00ebsht\u00eb nj\u00eb pun\u00eb q\u00eb k\u00ebrkon profesionaliz\u00ebm tep\u00ebr t\u00eb lart\u00eb, k\u00ebrkon miratim nga instancat m\u00eb t\u00eb larta nga K\u00ebshilli Komb\u00ebtar i Restaurimit \u2013 nga K\u00ebshilli Shkencor pran\u00eb Institutit t\u00eb Monumenteve,\u201d tha Kallfani, duke shpjeguar se restaurimi edhe pse i ngadalt\u00eb, ia kishte dal\u00eb t\u00eb shp\u00ebtonte nj\u00eb pjes\u00eb t\u00eb mir\u00eb t\u00eb ikonave t\u00eb Beratit.<\/p>\n<p>Por nd\u00ebrsa deri m\u00eb tani puna e restauruesve ishte t\u2019i pastronin ikonat dhe t\u2019i rehabilitonin ato p\u00ebr t\u2019i \u00e7uar s\u00ebrish n\u00eb konservim n\u00eb magazina, prej vitit 2014 ikonat e restauruara u prezantohen vizitor\u00ebve n\u00eb muze, pas nj\u00eb marr\u00ebveshje mes QKMB dhe DRKK.<\/p>\n","protected":false},"excerpt":{"rendered":"<p>Restauruesit e ikonave nxjerrin n\u00eb drit\u00eb \u2018thesaret e fjetura\u2019 t\u00eb Beratit. &#8211; \u201cProfeti Ilia\u201d dhe \u2018Hyrja n\u00eb Jeruzalem\u201d jan\u00eb dy ikona me autor\u00eb v\u00ebllez\u00ebrit \u00c7etiri q\u00eb i p\u00ebrkasin shekullit t\u00eb XVIII, t\u00eb cilat jan\u00eb duke u restauruar n\u00eb Laboratorin e Restaurimit t\u00eb Veprave t\u00eb Artit dhe m\u00eb pas do t\u00eb jen\u00eb pjes\u00eb e fondit t\u00eb [&hellip;]<\/p>\n","protected":false},"author":9,"featured_media":10393,"comment_status":"open","ping_status":"open","sticky":false,"template":"","format":"standard","meta":{"jetpack_post_was_ever_published":false,"_jetpack_newsletter_access":"","_jetpack_dont_email_post_to_subs":false,"_jetpack_newsletter_tier_id":0,"_jetpack_memberships_contains_paywalled_content":false,"_jetpack_memberships_contains_paid_content":false,"footnotes":"","jetpack_publicize_message":"","jetpack_publicize_feature_enabled":true,"jetpack_social_post_already_shared":true,"jetpack_social_options":{"image_generator_settings":{"template":"highway","default_image_id":0,"font":"","enabled":false},"version":2}},"categories":[87,10,86],"tags":[],"class_list":["post-10392","post","type-post","status-publish","format-standard","has-post-thumbnail","hentry","category-arte","category-kultura","category-trashegimi-kulturore"],"jetpack_publicize_connections":[],"jetpack_featured_media_url":"https:\/\/i0.wp.com\/www.shqiperia.com\/blog\/wp-content\/uploads\/2018\/07\/Miltiadh-Bibo-dhe-Altin-Tabaku.jpg?fit=5184%2C2920&ssl=1","jetpack_sharing_enabled":true,"jetpack_shortlink":"https:\/\/wp.me\/p5Z6wp-2HC","jetpack-related-posts":[{"id":71613,"url":"https:\/\/www.shqiperia.com\/blog\/ruajtja-e-ikonave-restauruesit-qe-kurojne-thesaret-e-unesco-s-ne-berat-rrefejne-sekretet-si-zgjidhen-ngjyrat-dhe-teknika-qe-aplikohet\/","url_meta":{"origin":10392,"position":0},"title":"Ruajtja e ikonave, restauruesit q\u00eb kurojn\u00eb thesaret e UNESCO-s n\u00eb Berat rr\u00ebfejn\u00eb \u2018sekretet\u2019! &#8211; Si zgjidhen ngjyrat dhe teknika q\u00eb aplikohet","author":"Kurt Farka","date":"May 21, 2023","format":false,"excerpt":"21 Maji 2023 Nga Mimoza Sinanaj Realizimi i nj\u00eb ikone b\u00ebhet sipas nj\u00eb procedure t\u00eb p\u00ebrcaktuar dhe shum\u00eb interesante. Dy restauruesit Altin Tabaku dhe Milto Bibo q\u00eb kurojn\u00eb dhe mbajn\u00eb n\u00eb jet\u00eb thesaret e qytetit t\u00eb UNESKO-S jan\u00eb t\u00eb vetmit q\u00eb punojn\u00eb p\u00ebr restaurimin afreskeve n\u00eb kisha, pikturave murale n\u00eb\u2026","rel":"","context":"In &quot;Arte&quot;","block_context":{"text":"Arte","link":"https:\/\/www.shqiperia.com\/blog\/category\/arte\/"},"img":{"alt_text":"","src":"https:\/\/i0.wp.com\/www.shqiperia.com\/blog\/wp-content\/uploads\/2023\/05\/ikona2.jpg?fit=1200%2C676&ssl=1&resize=350%2C200","width":350,"height":200,"srcset":"https:\/\/i0.wp.com\/www.shqiperia.com\/blog\/wp-content\/uploads\/2023\/05\/ikona2.jpg?fit=1200%2C676&ssl=1&resize=350%2C200 1x, https:\/\/i0.wp.com\/www.shqiperia.com\/blog\/wp-content\/uploads\/2023\/05\/ikona2.jpg?fit=1200%2C676&ssl=1&resize=525%2C300 1.5x, https:\/\/i0.wp.com\/www.shqiperia.com\/blog\/wp-content\/uploads\/2023\/05\/ikona2.jpg?fit=1200%2C676&ssl=1&resize=700%2C400 2x, https:\/\/i0.wp.com\/www.shqiperia.com\/blog\/wp-content\/uploads\/2023\/05\/ikona2.jpg?fit=1200%2C676&ssl=1&resize=1050%2C600 3x"},"classes":[]},{"id":1112,"url":"https:\/\/www.shqiperia.com\/blog\/kisha-e-profet-ilias-1929-foto\/","url_meta":{"origin":10392,"position":1},"title":"Kisha e Profet Ilias, 1929 (+ Foto)","author":"Kurt Farka","date":"January 12, 2018","format":false,"excerpt":"Nga: Kastriot Dervishi Piktor, ish Drejtor i Muzeut Onufri Berat. Kisha e Sh\u00ebn Ilias \u00ebsht\u00eb e vetmja kish\u00eb e nd\u00ebrtuar n\u00eb fillim t\u00eb shekullit t\u00eb XX-t\u00eb n\u00eb Berat. Ajo \u00ebsht\u00eb nd\u00ebrtuar n\u00eb vitin 1929 n\u00eb nj\u00eb nga kodrat m\u00eb t\u00eb bukura t\u00eb Beratit p\u00ebrball\u00eb kalas\u00eb q\u00eb ka mrr\u00eb emrin e\u2026","rel":"","context":"In &quot;Njoftime Shtypi&quot;","block_context":{"text":"Njoftime Shtypi","link":"https:\/\/www.shqiperia.com\/blog\/category\/njoftime-shtypi\/"},"img":{"alt_text":"","src":"https:\/\/i0.wp.com\/www.shqiperia.com\/blog\/wp-content\/uploads\/2018\/01\/KOMUNIZMI.jpg?fit=500%2C331&ssl=1&resize=350%2C200","width":350,"height":200},"classes":[]},{"id":84157,"url":"https:\/\/www.shqiperia.com\/blog\/berat-radhe-per-te-vizituar-muzeun-onufri\/","url_meta":{"origin":10392,"position":2},"title":"Berat, radh\u00eb p\u00ebr t\u00eb vizituar muzeun Onufri","author":"Kurt Farka","date":"September 7, 2024","format":false,"excerpt":"7 Shtator 2024 Berati po p\u00ebrjeton \u00ebndrr\u00ebn turistke, por ky vit i ka tejkaluar parashikimet. 70 mij\u00eb turist\u00eb kan\u00eb prer\u00eb bilet\u00ebn p\u00ebr t\u00eb par\u00eb Muzeun Ikonografik t\u00eb Onufrit nga Janari deri n\u00eb Gusht 2024. \u201cN\u00eb vitin 2023 jam njohur me nj\u00eb reklam\u00eb shqiptare, pastaj mora informacion dhe kam b\u00ebr\u00eb rezervimin\u2026","rel":"","context":"In &quot;Arte&quot;","block_context":{"text":"Arte","link":"https:\/\/www.shqiperia.com\/blog\/category\/arte\/"},"img":{"alt_text":"","src":"https:\/\/i0.wp.com\/www.shqiperia.com\/blog\/wp-content\/uploads\/2024\/09\/muze5.jpg?fit=960%2C567&ssl=1&resize=350%2C200","width":350,"height":200,"srcset":"https:\/\/i0.wp.com\/www.shqiperia.com\/blog\/wp-content\/uploads\/2024\/09\/muze5.jpg?fit=960%2C567&ssl=1&resize=350%2C200 1x, https:\/\/i0.wp.com\/www.shqiperia.com\/blog\/wp-content\/uploads\/2024\/09\/muze5.jpg?fit=960%2C567&ssl=1&resize=525%2C300 1.5x, https:\/\/i0.wp.com\/www.shqiperia.com\/blog\/wp-content\/uploads\/2024\/09\/muze5.jpg?fit=960%2C567&ssl=1&resize=700%2C400 2x"},"classes":[]},{"id":36968,"url":"https:\/\/www.shqiperia.com\/blog\/muzete-e-beratit-ne-vemendjen-e-vizitoreve-vendas-dhe-te-huaj\/","url_meta":{"origin":10392,"position":3},"title":"Muzet\u00eb e Beratit, n\u00eb v\u00ebmendjen e vizitor\u00ebve vendas dhe t\u00eb huaj","author":"Kurt Farka","date":"August 8, 2020","format":false,"excerpt":"Muzet\u00eb e Beratit, n\u00eb v\u00ebmendjen e vizitor\u00ebve vendas dhe t\u00eb huaj 7 GUSHT 2020 Muzet\u00eb n\u00eb qytetin e Beratit vazhdojn\u00eb t\u00eb jen\u00eb n\u00eb v\u00ebmendjen e vizitor\u00ebve. Qendra Komb\u00ebtare e Muzeumeve, Berat, shprehet se dhe pse nj\u00eb i nxeht\u00eb vere vizitor\u00ebt nuk kan\u00eb munguar p\u00ebr t\u00eb par\u00eb pasurin\u00eb, q\u00eb kan\u00eb dy\u2026","rel":"","context":"In &quot;Histori&quot;","block_context":{"text":"Histori","link":"https:\/\/www.shqiperia.com\/blog\/category\/histori\/"},"img":{"alt_text":"","src":"https:\/\/i0.wp.com\/www.shqiperia.com\/blog\/wp-content\/uploads\/2020\/08\/images.jpg?resize=350%2C200&ssl=1","width":350,"height":200,"srcset":"https:\/\/i0.wp.com\/www.shqiperia.com\/blog\/wp-content\/uploads\/2020\/08\/images.jpg?resize=350%2C200&ssl=1 1x, https:\/\/i0.wp.com\/www.shqiperia.com\/blog\/wp-content\/uploads\/2020\/08\/images.jpg?resize=525%2C300&ssl=1 1.5x"},"classes":[]},{"id":28189,"url":"https:\/\/www.shqiperia.com\/blog\/muzeu-onufri-dhe-ai-etnografik-ne-berat-te-preferuar-per-vizitoret-e-huaj\/","url_meta":{"origin":10392,"position":4},"title":"Muzeu \u201cOnufri\u201d dhe ai Etnografik ne Berat, t\u00eb preferuar p\u00ebr vizitor\u00ebt e huaj. &#8211;","author":"Kurt Farka","date":"November 16, 2019","format":false,"excerpt":"Muzeu \u201cOnufri\u201d dhe ai Etnografik ne Berat, t\u00eb preferuar p\u00ebr vizitor\u00ebt e huaj. - 16\/11\/2019 Muzet\u00eb e Beratit gjat\u00eb k\u00ebtij viti kan\u00eb qen\u00eb vende t\u00eb preferuara p\u00ebr vizitor\u00ebt. Qendra Komb\u00ebtare e Muzeumeve ka postuar foto t\u00eb dy muzeve dhe shprehte, se vazhdojn\u00eb t\u00eb jen\u00eb destinacione t\u00eb preferuara p\u00ebr vizitor\u00ebt. \u201cMuzeu\u2026","rel":"","context":"In &quot;Histori&quot;","block_context":{"text":"Histori","link":"https:\/\/www.shqiperia.com\/blog\/category\/histori\/"},"img":{"alt_text":"","src":"https:\/\/i0.wp.com\/www.shqiperia.com\/blog\/wp-content\/uploads\/2019\/11\/Muzeu-Etnografik-Berat.jpg?resize=350%2C200&ssl=1","width":350,"height":200,"srcset":"https:\/\/i0.wp.com\/www.shqiperia.com\/blog\/wp-content\/uploads\/2019\/11\/Muzeu-Etnografik-Berat.jpg?resize=350%2C200&ssl=1 1x, https:\/\/i0.wp.com\/www.shqiperia.com\/blog\/wp-content\/uploads\/2019\/11\/Muzeu-Etnografik-Berat.jpg?resize=525%2C300&ssl=1 1.5x"},"classes":[]},{"id":16403,"url":"https:\/\/www.shqiperia.com\/blog\/vizitoret-e-pare-ne-muzete-e-qytetit-te-beratit\/","url_meta":{"origin":10392,"position":5},"title":"Vizitor\u00ebt e par\u00eb, n\u00eb muzet\u00eb e qytetit t\u00eb Beratit.","author":"Kurt Farka","date":"January 20, 2019","format":false,"excerpt":"Vizitor\u00ebt e par\u00eb, n\u00eb muzet\u00eb e qytetit t\u00eb Beratit. Muzeu Ikonografik \u201cOnufri\u201d dhe Muzeu Etnografik n\u00eb qytetin e Beratit k\u00ebt\u00eb vit e kan\u00eb nisur duke mir\u00ebpritur \u00a0vizitor\u00ebt e par\u00eb t\u00eb vitit 2019. Ministria e Kultur\u00ebs shkruan se temperaturat e ul\u00ebta nuk i kan\u00eb penguar vizitor\u00ebt t\u00eb shikojn\u00eb k\u00ebto dy muze\u2026","rel":"","context":"In &quot;Arte&quot;","block_context":{"text":"Arte","link":"https:\/\/www.shqiperia.com\/blog\/category\/arte\/"},"img":{"alt_text":"","src":"https:\/\/i0.wp.com\/www.shqiperia.com\/blog\/wp-content\/uploads\/2019\/01\/1397895277-DSCN0480.jpg?fit=800%2C429&ssl=1&resize=350%2C200","width":350,"height":200,"srcset":"https:\/\/i0.wp.com\/www.shqiperia.com\/blog\/wp-content\/uploads\/2019\/01\/1397895277-DSCN0480.jpg?fit=800%2C429&ssl=1&resize=350%2C200 1x, https:\/\/i0.wp.com\/www.shqiperia.com\/blog\/wp-content\/uploads\/2019\/01\/1397895277-DSCN0480.jpg?fit=800%2C429&ssl=1&resize=525%2C300 1.5x, https:\/\/i0.wp.com\/www.shqiperia.com\/blog\/wp-content\/uploads\/2019\/01\/1397895277-DSCN0480.jpg?fit=800%2C429&ssl=1&resize=700%2C400 2x"},"classes":[]}],"_links":{"self":[{"href":"https:\/\/www.shqiperia.com\/blog\/wp-json\/wp\/v2\/posts\/10392","targetHints":{"allow":["GET"]}}],"collection":[{"href":"https:\/\/www.shqiperia.com\/blog\/wp-json\/wp\/v2\/posts"}],"about":[{"href":"https:\/\/www.shqiperia.com\/blog\/wp-json\/wp\/v2\/types\/post"}],"author":[{"embeddable":true,"href":"https:\/\/www.shqiperia.com\/blog\/wp-json\/wp\/v2\/users\/9"}],"replies":[{"embeddable":true,"href":"https:\/\/www.shqiperia.com\/blog\/wp-json\/wp\/v2\/comments?post=10392"}],"version-history":[{"count":1,"href":"https:\/\/www.shqiperia.com\/blog\/wp-json\/wp\/v2\/posts\/10392\/revisions"}],"predecessor-version":[{"id":10396,"href":"https:\/\/www.shqiperia.com\/blog\/wp-json\/wp\/v2\/posts\/10392\/revisions\/10396"}],"wp:featuredmedia":[{"embeddable":true,"href":"https:\/\/www.shqiperia.com\/blog\/wp-json\/wp\/v2\/media\/10393"}],"wp:attachment":[{"href":"https:\/\/www.shqiperia.com\/blog\/wp-json\/wp\/v2\/media?parent=10392"}],"wp:term":[{"taxonomy":"category","embeddable":true,"href":"https:\/\/www.shqiperia.com\/blog\/wp-json\/wp\/v2\/categories?post=10392"},{"taxonomy":"post_tag","embeddable":true,"href":"https:\/\/www.shqiperia.com\/blog\/wp-json\/wp\/v2\/tags?post=10392"}],"curies":[{"name":"wp","href":"https:\/\/api.w.org\/{rel}","templated":true}]}}