{"id":10387,"date":"2018-07-30T09:16:10","date_gmt":"2018-07-30T09:16:10","guid":{"rendered":"http:\/\/www.shqiperia.com\/blog\/?p=10387"},"modified":"2018-07-30T09:16:10","modified_gmt":"2018-07-30T09:16:10","slug":"koleget-qe-spiunuan-maks-velon","status":"publish","type":"post","link":"https:\/\/www.shqiperia.com\/blog\/koleget-qe-spiunuan-maks-velon\/","title":{"rendered":"Koleg\u00ebt q\u00eb spiunuan Maks Velon. &#8211;"},"content":{"rendered":"<p><img data-recalc-dims=\"1\" loading=\"lazy\" decoding=\"async\" data-attachment-id=\"10388\" data-permalink=\"https:\/\/www.shqiperia.com\/blog\/koleget-qe-spiunuan-maks-velon\/koleget-spiune-kunder-maksi-velos-copy\/\" data-orig-file=\"https:\/\/i0.wp.com\/www.shqiperia.com\/blog\/wp-content\/uploads\/2018\/07\/KOLEGET-spiune-KUNDER-MAKSI-Velos-Copy.jpg?fit=768%2C488&amp;ssl=1\" data-orig-size=\"768,488\" data-comments-opened=\"1\" data-image-meta=\"{&quot;aperture&quot;:&quot;0&quot;,&quot;credit&quot;:&quot;&quot;,&quot;camera&quot;:&quot;&quot;,&quot;caption&quot;:&quot;&quot;,&quot;created_timestamp&quot;:&quot;0&quot;,&quot;copyright&quot;:&quot;&quot;,&quot;focal_length&quot;:&quot;0&quot;,&quot;iso&quot;:&quot;0&quot;,&quot;shutter_speed&quot;:&quot;0&quot;,&quot;title&quot;:&quot;&quot;,&quot;orientation&quot;:&quot;0&quot;}\" data-image-title=\"KOLEGET-spiune KUNDER-MAKSI Velos &#8211; Copy\" data-image-description=\"\" data-image-caption=\"\" data-medium-file=\"https:\/\/i0.wp.com\/www.shqiperia.com\/blog\/wp-content\/uploads\/2018\/07\/KOLEGET-spiune-KUNDER-MAKSI-Velos-Copy.jpg?fit=300%2C191&amp;ssl=1\" data-large-file=\"https:\/\/i0.wp.com\/www.shqiperia.com\/blog\/wp-content\/uploads\/2018\/07\/KOLEGET-spiune-KUNDER-MAKSI-Velos-Copy.jpg?fit=768%2C488&amp;ssl=1\" class=\"alignnone size-medium wp-image-10388\" alt=\"\" src=\"https:\/\/i0.wp.com\/www.shqiperia.com\/blog\/wp-content\/uploads\/2018\/07\/KOLEGET-spiune-KUNDER-MAKSI-Velos-Copy-300x191.jpg?resize=300%2C191\" width=\"300\" height=\"191\" srcset=\"https:\/\/i0.wp.com\/www.shqiperia.com\/blog\/wp-content\/uploads\/2018\/07\/KOLEGET-spiune-KUNDER-MAKSI-Velos-Copy.jpg?resize=300%2C191&amp;ssl=1 300w, https:\/\/i0.wp.com\/www.shqiperia.com\/blog\/wp-content\/uploads\/2018\/07\/KOLEGET-spiune-KUNDER-MAKSI-Velos-Copy.jpg?w=768&amp;ssl=1 768w\" sizes=\"auto, (max-width: 300px) 100vw, 300px\" \/><\/p>\n<p><strong>Koleg\u00ebt q\u00eb spiunuan Maks Velon. &#8211;<br \/>\n<\/strong><\/p>\n<p>Dosja sekrete e p\u00ebrndjekjes, hetimit dhe d\u00ebnimit t\u00eb Maks Velos ka ardhur n\u00eb nj\u00eb lib\u00ebr me titullin \u201cMaks Velo. Jet\u00eb paralele\u201d p\u00ebrgatitur nga Alda Bardhyli dhe n\u00ebn logon e \u2018UET PRESS\u2019. Libri pati promovimin t\u00eb premten n\u00eb or\u00ebn 13:00 n\u00eb UET. N\u00eb kuad\u00ebr t\u00eb debateve mbi t\u00eb shkuar\u00ebn, \u00ebsht\u00eb hera e par\u00eb q\u00eb publikohet dosja e p\u00ebrndjekjes s\u00eb nj\u00eb artisti gjat\u00eb regjimit komunist. Jan\u00eb 106 dokumente, nj\u00eb pjes\u00eb e t\u00eb cilave shoq\u00ebrohen me rr\u00ebfime t\u00eb vet\u00eb Velos mbi ngjarjet e raportuara. \u201cDosja \u2018Velo\u2019 pritet t\u00eb hap\u00eb debatin e munguar mbi rolin q\u00eb artet dhe kultura ka pasur gjat\u00eb regjimit komunist\u201d, tha dje Bardhyli. Ajo njoftoi se n\u00eb k\u00ebto dosje ka emra artist\u00ebsh t\u00eb njohur t\u00eb artit q\u00eb kan\u00eb spiunuar e kan\u00eb qen\u00eb pjes\u00eb e aparatit t\u00eb Sigurimit t\u00eb Shtetit. \u201cUn\u00eb mendoja se kisha shok\u00eb e artist\u00eb. Ata ishin p\u00ebrbind\u00ebsha. Un\u00eb shkova t\u00eb ngush\u00eblloja Safon se i kishin arrestuar djalin, ajo ia tha t\u00eb gjitha sigurimit. T\u00eb nj\u00ebjt\u00ebt artist\u00eb jan\u00eb edhe sot\u201d, tha Velo gjat\u00eb promovimit ku mori pjes\u00eb edhe Genta Mara Sula nga Autoriteti i Dosjeve. \u201cGSH\u201d po boton pjes\u00eb nga libri dosjen e Velos dhe me nj\u00eb parath\u00ebnie e bised\u00eb me Alda Bardhylin.<\/p>\n<p><strong>DOKUMENTI 6 \u201cSEKRET\u201d<\/strong><br \/>\nSh\u00ebnim operativ Sot m\u00eb dat\u00eb 04.03.1975 pata nj\u00eb bised\u00eb me piktorin stazhier t\u00eb Institutit t\u00eb Arteve, Genc Hajdari. Biseda u zhvillua rreth piktorit Maks Velo, p\u00ebr t\u00eb cilin Genci na ka denoncuar disa gj\u00ebra n\u00eb vitin 1973. Duke folur p\u00ebr k\u00ebt\u00eb \u00e7\u00ebshtje Genci tha: \u201cMaksin e kam pasur pedagog k\u00ebto koh\u00eb. M\u00eb kujtohet q\u00eb n\u00eb leksionet q\u00eb na jepte Maksi n\u00eb at\u00eb koh\u00eb, ai na citonte me zell e pasion t\u00eb madh citate t\u00eb filozof\u00ebve reaksionar\u00eb si: Dideron, Pikaso etj. P\u00ebr t\u00eb na dh\u00ebn\u00eb citatet e k\u00ebtyre filozof\u00ebve, Maksi ishte gati t\u00eb humbiste gjith\u00eb koh\u00ebn e leksionit. P\u00ebr sa i p\u00ebrket krijimtaris\u00eb s\u00eb tij si piktor, Maksi ka qen\u00eb nj\u00eb formalist i theksuar. Ai lexonte mir\u00eb fr\u00ebngjisht e anglisht dhe meqen\u00ebse dinte k\u00ebto gjuh\u00eb lexonte shum\u00eb literatur\u00eb t\u00eb huaj, t\u00eb cil\u00ebn e merrte n\u00eb Bibliotek\u00ebn Shkencore t\u00eb UT-s\u00eb. Maksi n\u00eb k\u00ebt\u00eb koh\u00eb kishte shoq\u00ebri me piktorin Fatmir Mati etj. K\u00ebta t\u00eb gjith\u00eb shk\u00ebmbenin me nj\u00ebri-tjetrin materialet n\u00eb gjuh\u00eb t\u00eb huaj q\u00eb lexonin dhe q\u00eb i merrnin nga drejtori i Bibliotek\u00ebs Shkencore t\u00eb UT-s\u00eb. Shoq\u00ebri shum\u00eb koh\u00eb p\u00ebrpara Maksi ka pasur dhe me skulptorin Hektor Dule. N\u00eb koh\u00ebn q\u00eb Hektori u kthye nga \u00c7ekosllovakia, hynte e dilte n\u00eb sht\u00ebpin\u00eb e Maks Velos, por pastaj u prish\u00ebn me nj\u00ebri-tjetrin dhe q\u00eb nga ajo koh\u00eb e deri m\u00eb sot nuk shkojn\u00eb me nj\u00ebri-tjetrin. Shkakun e prishjes s\u00eb tyre, un\u00eb nuk e di. Maksi ka qen\u00eb nj\u00eb njeri i dh\u00ebn\u00eb pas femrave. M\u00eb kujtohet se nj\u00ebher\u00eb Maksi i ka propozuar nj\u00eb shoqes son\u00eb studente q\u00eb kjo t\u2019i shkonte n\u00eb sht\u00ebpi dhe t\u2019i vizitonte studion e tij. K\u00ebt\u00eb vajz\u00eb Maksi e simpatizonte. Kam marr\u00eb vesh q\u00eb Maksi ka nj\u00eb ose dy vite q\u00eb \u00ebsht\u00eb martuar me nj\u00eb fem\u00ebr q\u00eb ka nj\u00eb baba t\u00eb mir\u00eb, profesor, por q\u00eb jan\u00eb femra t\u00eb degjeneruara si e \u00ebma e saj (e cila \u00ebsht\u00eb franceze me origjin\u00eb) ashtu edhe vet\u00eb kjo. E shoqja e Maksit ka qen\u00eb e fejuar me nj\u00eb tjet\u00ebr, por e ndau at\u00eb dhe mori Maks Velon\u201d. Biseda me Gencin u zhvillua nga un\u00eb dhe shefi, shoku Ilo Noti.<br \/>\nPun\u00ebtori operativ\/ Ropi Postoli\/<\/p>\n<p><img data-recalc-dims=\"1\" loading=\"lazy\" decoding=\"async\" data-attachment-id=\"10389\" data-permalink=\"https:\/\/www.shqiperia.com\/blog\/koleget-qe-spiunuan-maks-velon\/koleget-spiune-kunder-maksi-velos-2\/\" data-orig-file=\"https:\/\/i0.wp.com\/www.shqiperia.com\/blog\/wp-content\/uploads\/2018\/07\/KOLEGET-spiune-KUNDER-MAKSI-Velos-2.jpg?fit=672%2C942&amp;ssl=1\" data-orig-size=\"672,942\" data-comments-opened=\"1\" data-image-meta=\"{&quot;aperture&quot;:&quot;0&quot;,&quot;credit&quot;:&quot;&quot;,&quot;camera&quot;:&quot;&quot;,&quot;caption&quot;:&quot;&quot;,&quot;created_timestamp&quot;:&quot;0&quot;,&quot;copyright&quot;:&quot;&quot;,&quot;focal_length&quot;:&quot;0&quot;,&quot;iso&quot;:&quot;0&quot;,&quot;shutter_speed&quot;:&quot;0&quot;,&quot;title&quot;:&quot;&quot;,&quot;orientation&quot;:&quot;1&quot;}\" data-image-title=\"KOLEGET-spiune KUNDER-MAKSI Velos (2)\" data-image-description=\"\" data-image-caption=\"\" data-medium-file=\"https:\/\/i0.wp.com\/www.shqiperia.com\/blog\/wp-content\/uploads\/2018\/07\/KOLEGET-spiune-KUNDER-MAKSI-Velos-2.jpg?fit=214%2C300&amp;ssl=1\" data-large-file=\"https:\/\/i0.wp.com\/www.shqiperia.com\/blog\/wp-content\/uploads\/2018\/07\/KOLEGET-spiune-KUNDER-MAKSI-Velos-2.jpg?fit=672%2C942&amp;ssl=1\" class=\"alignnone  wp-image-10389\" alt=\"\" src=\"https:\/\/i0.wp.com\/www.shqiperia.com\/blog\/wp-content\/uploads\/2018\/07\/KOLEGET-spiune-KUNDER-MAKSI-Velos-2-214x300.jpg?resize=606%2C850\" width=\"606\" height=\"850\" srcset=\"https:\/\/i0.wp.com\/www.shqiperia.com\/blog\/wp-content\/uploads\/2018\/07\/KOLEGET-spiune-KUNDER-MAKSI-Velos-2.jpg?resize=214%2C300&amp;ssl=1 214w, https:\/\/i0.wp.com\/www.shqiperia.com\/blog\/wp-content\/uploads\/2018\/07\/KOLEGET-spiune-KUNDER-MAKSI-Velos-2.jpg?w=672&amp;ssl=1 672w\" sizes=\"auto, (max-width: 606px) 100vw, 606px\" \/><\/p>\n<p><strong>DOKUMENTI 9 \u201cSEKRET\u201d \/<\/strong><br \/>\n<strong>Tiran\u00eb, m\u00eb 23.01.1975<\/strong><br \/>\nIMPLIKIM NXJERR\u00cb NGA PROCESI I T\u00cb ARRESTUARIT EDISON GJERGO, DAT\u00cb 21.01.1975,<br \/>\n\u2026 P\u00ebr piktur\u00ebn \u2018Epika e yjeve t\u00eb m\u00ebngjesit\u2019 q\u00eb m\u00eb kritikoi me t\u00eb drejt\u00eb Plenumi i Lidhjes s\u00eb Shkrimtar\u00ebve, m\u00eb lavd\u00ebruan edhe shok\u00ebt e mi. Maks Velo m\u00eb tha se jam nj\u00eb njeri me talent dhe se n\u00eb k\u00ebt\u00eb piktur\u00eb un\u00eb kisha p\u00ebrdorur talent e mjesht\u00ebri\u2026 Un\u00eb kisha lexuar disa revista dhe libra t\u00eb huaj n\u00eb bibliotek\u00ebn e institutit, si dhe citate t\u00eb artist\u00ebve dekadent\u00eb mbi \u2018lirin\u00eb e pakufishme\u2019 t\u00eb krijimtaris\u00eb dhe k\u00ebto pik\u00ebpamje t\u00eb tyre i kam komentuar duke biseduar me Maks Velon etj., Emrat e tyre tani nuk m\u00eb kujtohen, duke i lavd\u00ebruar ata p\u00ebr mendimet, krijimet dhe pikturat e tyre. Un\u00eb u kam th\u00ebn\u00eb se piktura nuk duhet t\u00eb ket\u00eb asgj\u00eb t\u00eb p\u00ebrbashk\u00ebt me let\u00ebrsin\u00eb. Piktura duhet t\u00eb shpjegohet me fjal\u00eb dhe se piktura nuk duhet t\u00eb ket\u00eb asgj\u00eb t\u00eb till\u00eb, se piktura d\u00ebmtohet kur merr elemente t\u00eb tilla. Kjo do t\u00eb thot\u00eb q\u00eb piktura t\u00eb jet\u00eb e pavarur. Me k\u00ebto mendime t\u00eb miat qen\u00eb dakord dhe ata. Madje, Maks Velo nj\u00eb dit\u00eb aty nga viti 1972 m\u00eb mori n\u00eb studion e tij dhe m\u00eb citoi disa th\u00ebnie t\u00eb autor\u00ebve dekadent\u00eb t\u00eb Per\u00ebndimit si: Pikaso, Shagall, Renuar etj., dhe un\u00eb i thash\u00eb i entuziazmuar t\u00eb m\u2019i kopjonte k\u00ebto citate dhe t\u00eb m\u2019i jepte. Ai tha mir\u00eb, por un\u00eb nuk shkova t\u2019i merrja dhe nuk ia kam marr\u00eb. Maksit at\u00eb dit\u00eb i pash\u00eb q\u00eb kishte b\u00ebr\u00eb edhe piktura me ndikime nga k\u00ebta autor\u00eb dhe un\u00eb ia lavd\u00ebrova duke e inkurajuar at\u00eb\u201d. Pun\u00ebtori Operativ\/Piro Katro.<\/p>\n<p><img data-recalc-dims=\"1\" loading=\"lazy\" decoding=\"async\" data-attachment-id=\"10390\" data-permalink=\"https:\/\/www.shqiperia.com\/blog\/koleget-qe-spiunuan-maks-velon\/koleget-spiune-kunder-maksi-velos\/\" data-orig-file=\"https:\/\/i0.wp.com\/www.shqiperia.com\/blog\/wp-content\/uploads\/2018\/07\/KOLEGET-spiune-KUNDER-MAKSI-Velos.jpg?fit=768%2C935&amp;ssl=1\" data-orig-size=\"768,935\" data-comments-opened=\"1\" data-image-meta=\"{&quot;aperture&quot;:&quot;0&quot;,&quot;credit&quot;:&quot;&quot;,&quot;camera&quot;:&quot;&quot;,&quot;caption&quot;:&quot;&quot;,&quot;created_timestamp&quot;:&quot;0&quot;,&quot;copyright&quot;:&quot;&quot;,&quot;focal_length&quot;:&quot;0&quot;,&quot;iso&quot;:&quot;0&quot;,&quot;shutter_speed&quot;:&quot;0&quot;,&quot;title&quot;:&quot;&quot;,&quot;orientation&quot;:&quot;0&quot;}\" data-image-title=\"KOLEGET-spiune KUNDER-MAKSI Velos\" data-image-description=\"\" data-image-caption=\"\" data-medium-file=\"https:\/\/i0.wp.com\/www.shqiperia.com\/blog\/wp-content\/uploads\/2018\/07\/KOLEGET-spiune-KUNDER-MAKSI-Velos.jpg?fit=246%2C300&amp;ssl=1\" data-large-file=\"https:\/\/i0.wp.com\/www.shqiperia.com\/blog\/wp-content\/uploads\/2018\/07\/KOLEGET-spiune-KUNDER-MAKSI-Velos.jpg?fit=768%2C935&amp;ssl=1\" class=\"alignnone  wp-image-10390\" alt=\"\" src=\"https:\/\/i0.wp.com\/www.shqiperia.com\/blog\/wp-content\/uploads\/2018\/07\/KOLEGET-spiune-KUNDER-MAKSI-Velos-246x300.jpg?resize=643%2C784\" width=\"643\" height=\"784\" srcset=\"https:\/\/i0.wp.com\/www.shqiperia.com\/blog\/wp-content\/uploads\/2018\/07\/KOLEGET-spiune-KUNDER-MAKSI-Velos.jpg?resize=246%2C300&amp;ssl=1 246w, https:\/\/i0.wp.com\/www.shqiperia.com\/blog\/wp-content\/uploads\/2018\/07\/KOLEGET-spiune-KUNDER-MAKSI-Velos.jpg?w=768&amp;ssl=1 768w\" sizes=\"auto, (max-width: 643px) 100vw, 643px\" \/><\/p>\n<p><strong>DOKUMENTI 14 <\/strong><br \/>\n<strong>SEKRET<\/strong><br \/>\nTiran\u00eb, m\u00eb 02.09.1975<br \/>\nSot m\u00eb dat\u00eb 27.07.1975 u takova n\u00eb studion e tij me skulptorin Hektor Dule. Pasi bisedova p\u00ebr krijimtarin\u00eb e tij n\u00eb fush\u00ebn e skulptur\u00ebs (pasi Hektori ka nj\u00eb krijimtari pozitive dhe partishm\u00ebri e taban komb\u00ebtar) e pyeta at\u00eb p\u00ebr kolegun e tij Maks Velo, p\u00ebr t\u00eb cilin e dija q\u00eb Hektori e ka pasur shok para dy-tri vitesh, por jan\u00eb z\u00ebn\u00eb me t\u00eb dhe tani nuk flasin. P\u00ebr Maks Velon, Hektori m\u00eb tha k\u00ebto gj\u00ebra: \u201cMaks Velo \u00ebsht\u00eb tip borgjezi, njeri i lig. Un\u00eb me t\u00eb kam punuar n\u00eb Komitetin Ekzekutiv t\u00eb Tiran\u00ebs dhe kam pasur nj\u00ebfar\u00eb njohjeje, por jemi z\u00ebn\u00eb dhe tani nuk flasim. Shkaku i z\u00ebnies son\u00eb ka qen\u00eb sepse ai ka tentuar t\u00eb kap\u00eb nj\u00ebher\u00eb motr\u00ebn time me dor\u00eb, n\u00eb koh\u00ebn kur kjo ka ardhur t\u00eb m\u00eb k\u00ebrkonte mua n\u00eb Komitet. N\u00eb at\u00eb koh\u00eb, Maksi ka b\u00ebr\u00eb pjes\u00eb n\u00eb rrethin shoq\u00ebror t\u00eb Fadil Pa\u00e7ramit, Ibrahim Uru\u00e7it, V. K. dhe I. K., dhe mbahej af\u00ebr nga Fadil Pa\u00e7rami. N\u00eb vitin 1962, kur kisha gati nj\u00eb vit q\u00eb isha kthyer nga \u00c7ekia, i kam shkuar p\u00ebr her\u00eb t\u00eb par\u00eb p\u00ebr vizit\u00eb Maksit n\u00eb sht\u00ebpi, me ftes\u00ebn e tij. Kur vajta n\u00eb sht\u00ebpi vura re se aty kishte nj\u00eb luks t\u00eb madh dhe binte er\u00eb ambient komplet borgjez. P\u00ebr sa i p\u00ebrket krijimtaris\u00eb artistike t\u00eb Maksit, ai \u00ebsht\u00eb njeri \u2018snob\u2019 (i paaft\u00eb), por q\u00eb do t\u00eb tregohet se \u00ebsht\u00eb i zoti n\u00eb piktur\u00eb dhe arkitektur\u00eb. M\u00eb kujtohet mir\u00eb se kur \u00ebsht\u00eb b\u00ebr\u00eb diskutimi i veprave me rastin e 30-vjetorit t\u00eb \u00c7lirimit, Maks Velo ka b\u00ebr\u00eb nj\u00eb diskutim shum\u00eb t\u00eb posht\u00ebr\u2026 N\u00eb vitin 1971 \u201872 Maksi mori p\u00ebrsip\u00ebr t\u00eb b\u00ebnte disa punime arkitektonike p\u00ebr hotel \u2018Vollg\u00ebn\u2019 (Drinin). Vizatimet i kishte b\u00ebr\u00eb vet\u00eb, nd\u00ebrsa punimet n\u00eb bronz apo argjend ia b\u00ebri pun\u00ebtori i nd\u00ebrmarrjes artistike \u2018Migjeni\u2019, Nasi Buraci. N\u00eb komisionin e vler\u00ebsimit t\u00eb k\u00ebtyre objekteve isha edhe un\u00eb dhe nuk i pranuam asnj\u00eb, sepse q\u00eb t\u00eb gjitha ishin pun\u00eb pa vler\u00eb, pa kuptim dhe ekstravagante. Maksi \u00ebsht\u00eb shoq\u00ebruar edhe me Mihal Hanxharin. Maks Velo dhe ndonj\u00eb simpatizant i tij, e maskonin krijimtarin\u00eb e tij gjoja se ajo bazohej n\u00eb motive popullore. Kur ka qen\u00eb n\u00eb institut si pedagog Maks Velo gjithashtu ka pasur shfaqje t\u00eb theksuara t\u00eb huaja n\u00eb pun\u00ebn e tij me student\u00ebt. P\u00ebr k\u00ebt\u00eb gj\u00eb mund t\u2019ju flasin m\u00eb mir\u00eb ata q\u00eb e njohin nga af\u00ebr p\u00ebr k\u00ebt\u00eb periudh\u00eb\u201d.<br \/>\nPun\u00ebtori operativ\/ Ropi Postoli\/<br \/>\nHektori m\u00eb tha edhe faktin se e ka par\u00eb Maksin me gruan e tij dhe f\u00ebmij\u00ebn nga sht\u00ebpit\u00eb e gjerman\u00ebve te kodrat.<\/p>\n<p><a href=\"http:\/\/www.gsh.al\/2018\/07\/28\/nga-grezda-te-gjergo-e-dule-koleget-qe-spiunuan-maks-velon\/\">Gazeta Shqiptare<\/a><\/p>\n","protected":false},"excerpt":{"rendered":"<p>Koleg\u00ebt q\u00eb spiunuan Maks Velon. &#8211; Dosja sekrete e p\u00ebrndjekjes, hetimit dhe d\u00ebnimit t\u00eb Maks Velos ka ardhur n\u00eb nj\u00eb lib\u00ebr me titullin \u201cMaks Velo. Jet\u00eb paralele\u201d p\u00ebrgatitur nga Alda Bardhyli dhe n\u00ebn logon e \u2018UET PRESS\u2019. Libri pati promovimin t\u00eb premten n\u00eb or\u00ebn 13:00 n\u00eb UET. N\u00eb kuad\u00ebr t\u00eb debateve mbi t\u00eb shkuar\u00ebn, \u00ebsht\u00eb [&hellip;]<\/p>\n","protected":false},"author":9,"featured_media":10388,"comment_status":"open","ping_status":"open","sticky":false,"template":"","format":"standard","meta":{"jetpack_post_was_ever_published":false,"_jetpack_newsletter_access":"","_jetpack_dont_email_post_to_subs":false,"_jetpack_newsletter_tier_id":0,"_jetpack_memberships_contains_paywalled_content":false,"_jetpack_memberships_contains_paid_content":false,"footnotes":"","jetpack_publicize_message":"","jetpack_publicize_feature_enabled":true,"jetpack_social_post_already_shared":true,"jetpack_social_options":{"image_generator_settings":{"template":"highway","default_image_id":0,"font":"","enabled":false},"version":2}},"categories":[87,85,35],"tags":[],"class_list":["post-10387","post","type-post","status-publish","format-standard","has-post-thumbnail","hentry","category-arte","category-histori","category-shoqerore"],"jetpack_publicize_connections":[],"jetpack_featured_media_url":"https:\/\/i0.wp.com\/www.shqiperia.com\/blog\/wp-content\/uploads\/2018\/07\/KOLEGET-spiune-KUNDER-MAKSI-Velos-Copy.jpg?fit=768%2C488&ssl=1","jetpack_sharing_enabled":true,"jetpack_shortlink":"https:\/\/wp.me\/p5Z6wp-2Hx","jetpack-related-posts":[{"id":11819,"url":"https:\/\/www.shqiperia.com\/blog\/maks-velo-trebeshina-dhe-arshi-pipa-bashkepunetor-te-sigurimit\/","url_meta":{"origin":10387,"position":0},"title":"Maks Velo: -Trebeshina dhe Arshi Pipa bashk\u00ebpun\u00ebtor t\u00eb Sigurimit.-","author":"Kurt Farka","date":"September 22, 2018","format":false,"excerpt":"Maks Velo: Trebeshina dhe Arshi Pipa bashk\u00ebpun\u00ebtor t\u00eb Sigurimit.- Maks Velo e quan Arshi Pip\u00ebn nj\u00eb njeri q\u00eb bashk\u00ebpunoi me Sigurimin e Shtetit. N\u00eb librin \u201cJet\u00eb paralele\u201d, me autor Alda Bardhylin, i pyetur nga gazetarja mbi let\u00ebrsin\u00eb e shkruar nga autor\u00ebt q\u00eb jetuan burgjet komuniste, ai flet me rezerva p\u00ebr\u2026","rel":"","context":"In &quot;Blogu i Udh\u00ebtarit&quot;","block_context":{"text":"Blogu i Udh\u00ebtarit","link":"https:\/\/www.shqiperia.com\/blog\/category\/blogu-i-udhetarit\/"},"img":{"alt_text":"","src":"https:\/\/i0.wp.com\/www.shqiperia.com\/blog\/wp-content\/uploads\/2018\/09\/37848462_2171736513070861_8571157295629598720_n-e1537362091687.jpg?fit=885%2C484&ssl=1&resize=350%2C200","width":350,"height":200,"srcset":"https:\/\/i0.wp.com\/www.shqiperia.com\/blog\/wp-content\/uploads\/2018\/09\/37848462_2171736513070861_8571157295629598720_n-e1537362091687.jpg?fit=885%2C484&ssl=1&resize=350%2C200 1x, https:\/\/i0.wp.com\/www.shqiperia.com\/blog\/wp-content\/uploads\/2018\/09\/37848462_2171736513070861_8571157295629598720_n-e1537362091687.jpg?fit=885%2C484&ssl=1&resize=525%2C300 1.5x, https:\/\/i0.wp.com\/www.shqiperia.com\/blog\/wp-content\/uploads\/2018\/09\/37848462_2171736513070861_8571157295629598720_n-e1537362091687.jpg?fit=885%2C484&ssl=1&resize=700%2C400 2x"},"classes":[]},{"id":12116,"url":"https:\/\/www.shqiperia.com\/blog\/i-veteburgosuri-i-artit\/","url_meta":{"origin":10387,"position":1},"title":"I vet\u00ebburgosuri i artit. &#8211;","author":"Kurt Farka","date":"October 1, 2018","format":false,"excerpt":"I vet\u00ebburgosuri i artit. - Nga Durim Abdullahu - Q\u00eb nga koha e regjimit ngjyr\u00ebkuq q\u00eb e kishte burgosur, ai jeton n\u00eb nj\u00eb bllok banesash t\u00eb nd\u00ebrtuara kaher\u00eb, n\u00eb lagjen e Pazarit t\u00eb Ri n\u00eb Tiran\u00eb. Dy dit\u00eb m\u00eb pas, ai do t\u00eb b\u00ebhet 83 vje\u00e7. Megjith\u00ebse nj\u00ebri nd\u00ebr artist\u00ebt\u2026","rel":"","context":"In &quot;Arte&quot;","block_context":{"text":"Arte","link":"https:\/\/www.shqiperia.com\/blog\/category\/arte\/"},"img":{"alt_text":"","src":"https:\/\/i0.wp.com\/www.shqiperia.com\/blog\/wp-content\/uploads\/2018\/10\/Maks-Velo-1.jpg?fit=1200%2C704&ssl=1&resize=350%2C200","width":350,"height":200,"srcset":"https:\/\/i0.wp.com\/www.shqiperia.com\/blog\/wp-content\/uploads\/2018\/10\/Maks-Velo-1.jpg?fit=1200%2C704&ssl=1&resize=350%2C200 1x, https:\/\/i0.wp.com\/www.shqiperia.com\/blog\/wp-content\/uploads\/2018\/10\/Maks-Velo-1.jpg?fit=1200%2C704&ssl=1&resize=525%2C300 1.5x, https:\/\/i0.wp.com\/www.shqiperia.com\/blog\/wp-content\/uploads\/2018\/10\/Maks-Velo-1.jpg?fit=1200%2C704&ssl=1&resize=700%2C400 2x, https:\/\/i0.wp.com\/www.shqiperia.com\/blog\/wp-content\/uploads\/2018\/10\/Maks-Velo-1.jpg?fit=1200%2C704&ssl=1&resize=1050%2C600 3x"},"classes":[]},{"id":31717,"url":"https:\/\/www.shqiperia.com\/blog\/maks-velo-i-ashper-ndaj-edi-hiles-genjeu-nuk-ka-bere-burg-politik\/","url_meta":{"origin":10387,"position":2},"title":"Maks Velo i ashp\u00ebr ndaj Edi Hil\u00ebs: &#8211; G\u00ebnjeu, nuk ka b\u00ebr\u00eb burg politik","author":"Kurt Farka","date":"February 23, 2020","format":false,"excerpt":"Maks Velo i ashp\u00ebr ndaj Edi Hil\u00ebs: - G\u00ebnjeu, nuk ka b\u00ebr\u00eb burg politik 06.09. 2019 Piktori dhe arkitekti i njohur Maks Velo ishte i ftuari i par\u00eb i k\u00ebtij sezoni t\u00eb ri t\u00eb emisionit \u201cProvokacija\u201d. Velo u ndal t\u00eb fliste p\u00ebr disident\u00ebt shqiptar\u00eb, t\u00eb cil\u00ebt njihen si t\u00eb till\u00eb\u2026","rel":"","context":"In &quot;Blogu i Udh\u00ebtarit&quot;","block_context":{"text":"Blogu i Udh\u00ebtarit","link":"https:\/\/www.shqiperia.com\/blog\/category\/blogu-i-udhetarit\/"},"img":{"alt_text":"","src":"https:\/\/i0.wp.com\/www.shqiperia.com\/blog\/wp-content\/uploads\/2020\/02\/1v1_1567794977.jpg?fit=600%2C300&ssl=1&resize=350%2C200","width":350,"height":200,"srcset":"https:\/\/i0.wp.com\/www.shqiperia.com\/blog\/wp-content\/uploads\/2020\/02\/1v1_1567794977.jpg?fit=600%2C300&ssl=1&resize=350%2C200 1x, https:\/\/i0.wp.com\/www.shqiperia.com\/blog\/wp-content\/uploads\/2020\/02\/1v1_1567794977.jpg?fit=600%2C300&ssl=1&resize=525%2C300 1.5x"},"classes":[]},{"id":40156,"url":"https:\/\/www.shqiperia.com\/blog\/lajm-arkiv-faleminderit-maks-shoqeria-shqiptare-ka-nje-borxh-shume-te-madh-ndaj-teje\/","url_meta":{"origin":10387,"position":3},"title":"Lajm Arkiv: &#8211; Faleminderit, Maks. Shoq\u00ebria shqiptare ka nj\u00eb borxh shum\u00eb t\u00eb madh ndaj teje","author":"Kurt Farka","date":"October 26, 2020","format":false,"excerpt":"Lajm Arkiv: - Faleminderit, Maks. Shoq\u00ebria shqiptare ka nj\u00eb borxh shum\u00eb t\u00eb madh ndaj teje. 14\/05\/2020 \u201cAgjitacion dhe propagand\u00eb kund\u00ebr shtetit\u201d ishte d\u00ebnimi q\u00eb i mori 10 vjet jet\u00eb Maks Velos, gjat\u00eb periudh\u00ebs m\u00eb t\u00eb eg\u00ebr q\u00eb ka par\u00eb Shqip\u00ebria. Arkitekti dhe piktori, Maks Velo sot u nda nga jeta\u2026","rel":"","context":"In &quot;Histori&quot;","block_context":{"text":"Histori","link":"https:\/\/www.shqiperia.com\/blog\/category\/histori\/"},"img":{"alt_text":"","src":"https:\/\/i0.wp.com\/www.shqiperia.com\/blog\/wp-content\/uploads\/2020\/10\/maks-velo.jpg?fit=1200%2C800&ssl=1&resize=350%2C200","width":350,"height":200,"srcset":"https:\/\/i0.wp.com\/www.shqiperia.com\/blog\/wp-content\/uploads\/2020\/10\/maks-velo.jpg?fit=1200%2C800&ssl=1&resize=350%2C200 1x, https:\/\/i0.wp.com\/www.shqiperia.com\/blog\/wp-content\/uploads\/2020\/10\/maks-velo.jpg?fit=1200%2C800&ssl=1&resize=525%2C300 1.5x, https:\/\/i0.wp.com\/www.shqiperia.com\/blog\/wp-content\/uploads\/2020\/10\/maks-velo.jpg?fit=1200%2C800&ssl=1&resize=700%2C400 2x, https:\/\/i0.wp.com\/www.shqiperia.com\/blog\/wp-content\/uploads\/2020\/10\/maks-velo.jpg?fit=1200%2C800&ssl=1&resize=1050%2C600 3x"},"classes":[]},{"id":1780,"url":"https:\/\/www.shqiperia.com\/blog\/maks-velo-dikur-digjnin-veprat-e-mia-tani-kopjojne\/","url_meta":{"origin":10387,"position":4},"title":"Maks Velo: Dikur i digjnin veprat e mia, tani i kopjojn\u00eb","author":"Kurt Farka","date":"January 23, 2018","format":false,"excerpt":"Maks Velo\/ Artisti vjen me nj\u00eb ekspozit\u00eb \u201cRetrospektiv\u00eb\u201d n\u00eb Galerin\u00eb Komb\u00ebtare t\u00eb Arteve n\u00eb 80-vjetorin e lindjes. Nj\u00eb udh\u00ebtim n\u00eb tri koh\u00eb.. q\u00eb nga ngjizja e artit, burgu, djegia e pikturave dhe liria\u2026 Nudot e Maks Velos. Ka nj\u00eb histori p\u00ebrtej \u00e7do gruaje t\u00eb zhveshur. Nj\u00eb histori t\u00eb cil\u00ebn ajo\u2026","rel":"","context":"In &quot;Arte&quot;","block_context":{"text":"Arte","link":"https:\/\/www.shqiperia.com\/blog\/category\/arte\/"},"img":{"alt_text":"","src":"https:\/\/i0.wp.com\/www.shqiperia.com\/blog\/wp-content\/uploads\/2018\/01\/Maks-Velo-piktura-nudo-5-e1441961907224.jpg?fit=1200%2C903&ssl=1&resize=350%2C200","width":350,"height":200,"srcset":"https:\/\/i0.wp.com\/www.shqiperia.com\/blog\/wp-content\/uploads\/2018\/01\/Maks-Velo-piktura-nudo-5-e1441961907224.jpg?fit=1200%2C903&ssl=1&resize=350%2C200 1x, https:\/\/i0.wp.com\/www.shqiperia.com\/blog\/wp-content\/uploads\/2018\/01\/Maks-Velo-piktura-nudo-5-e1441961907224.jpg?fit=1200%2C903&ssl=1&resize=525%2C300 1.5x, https:\/\/i0.wp.com\/www.shqiperia.com\/blog\/wp-content\/uploads\/2018\/01\/Maks-Velo-piktura-nudo-5-e1441961907224.jpg?fit=1200%2C903&ssl=1&resize=700%2C400 2x, https:\/\/i0.wp.com\/www.shqiperia.com\/blog\/wp-content\/uploads\/2018\/01\/Maks-Velo-piktura-nudo-5-e1441961907224.jpg?fit=1200%2C903&ssl=1&resize=1050%2C600 3x"},"classes":[]},{"id":16364,"url":"https:\/\/www.shqiperia.com\/blog\/maks-velo-sjell-ekspoziten-fshati-primitiv-piktori-nuk-kam-modele-per-nudot-s-vjen-njeri-te-pozoje-foto\/","url_meta":{"origin":10387,"position":5},"title":"Maks Velo sjell ekspozit\u00ebn \u201cFshati primitiv\u201d, piktori: Nuk kam modele p\u00ebr nudot, s\u2019 vjen njeri t\u00eb pozoj\u00eb. (+ foto). &#8211;","author":"Kurt Farka","date":"January 19, 2019","format":false,"excerpt":"Maks Velo sjell ekspozit\u00ebn \u201cFshati primitiv\u201d, piktori: Nuk kam modele p\u00ebr nudot, s\u2019 vjen njeri t\u00eb pozoj\u00eb. (+ foto). - Artisti Maks Velo ka \u00e7elur n\u00eb galerin\u00eb e Fakultetit t\u00eb Arteve t\u00eb Bukura ekspozit\u00ebn \u201cFshati primitiv\u00eb ndri\u00e7ohet nga meteor\u00eb\u201d. Piktori k\u00ebsaj here imazhet primitive, \u00ebndrrat, imagjinat\u00ebn dhe persekucionin, q\u00eb e\u2026","rel":"","context":"In &quot;Arte&quot;","block_context":{"text":"Arte","link":"https:\/\/www.shqiperia.com\/blog\/category\/arte\/"},"img":{"alt_text":"","src":"https:\/\/i0.wp.com\/www.shqiperia.com\/blog\/wp-content\/uploads\/2019\/01\/1-Maks-Velo-9-3.jpg?fit=600%2C338&ssl=1&resize=350%2C200","width":350,"height":200,"srcset":"https:\/\/i0.wp.com\/www.shqiperia.com\/blog\/wp-content\/uploads\/2019\/01\/1-Maks-Velo-9-3.jpg?fit=600%2C338&ssl=1&resize=350%2C200 1x, https:\/\/i0.wp.com\/www.shqiperia.com\/blog\/wp-content\/uploads\/2019\/01\/1-Maks-Velo-9-3.jpg?fit=600%2C338&ssl=1&resize=525%2C300 1.5x"},"classes":[]}],"_links":{"self":[{"href":"https:\/\/www.shqiperia.com\/blog\/wp-json\/wp\/v2\/posts\/10387","targetHints":{"allow":["GET"]}}],"collection":[{"href":"https:\/\/www.shqiperia.com\/blog\/wp-json\/wp\/v2\/posts"}],"about":[{"href":"https:\/\/www.shqiperia.com\/blog\/wp-json\/wp\/v2\/types\/post"}],"author":[{"embeddable":true,"href":"https:\/\/www.shqiperia.com\/blog\/wp-json\/wp\/v2\/users\/9"}],"replies":[{"embeddable":true,"href":"https:\/\/www.shqiperia.com\/blog\/wp-json\/wp\/v2\/comments?post=10387"}],"version-history":[{"count":1,"href":"https:\/\/www.shqiperia.com\/blog\/wp-json\/wp\/v2\/posts\/10387\/revisions"}],"predecessor-version":[{"id":10391,"href":"https:\/\/www.shqiperia.com\/blog\/wp-json\/wp\/v2\/posts\/10387\/revisions\/10391"}],"wp:featuredmedia":[{"embeddable":true,"href":"https:\/\/www.shqiperia.com\/blog\/wp-json\/wp\/v2\/media\/10388"}],"wp:attachment":[{"href":"https:\/\/www.shqiperia.com\/blog\/wp-json\/wp\/v2\/media?parent=10387"}],"wp:term":[{"taxonomy":"category","embeddable":true,"href":"https:\/\/www.shqiperia.com\/blog\/wp-json\/wp\/v2\/categories?post=10387"},{"taxonomy":"post_tag","embeddable":true,"href":"https:\/\/www.shqiperia.com\/blog\/wp-json\/wp\/v2\/tags?post=10387"}],"curies":[{"name":"wp","href":"https:\/\/api.w.org\/{rel}","templated":true}]}}