{"id":10384,"date":"2018-07-29T18:57:15","date_gmt":"2018-07-29T18:57:15","guid":{"rendered":"http:\/\/www.shqiperia.com\/blog\/?p=10384"},"modified":"2018-07-29T18:57:15","modified_gmt":"2018-07-29T18:57:15","slug":"edmond-budina-po-behen-ligje-skandaloze-qe-shkaterrojne-institucione-qendrimi-i-kumbaros-fyes-per-artistet","status":"publish","type":"post","link":"https:\/\/www.shqiperia.com\/blog\/edmond-budina-po-behen-ligje-skandaloze-qe-shkaterrojne-institucione-qendrimi-i-kumbaros-fyes-per-artistet\/","title":{"rendered":"Edmond Budina: Po b\u00ebhen ligje skandaloze q\u00eb shkat\u00ebrrojn\u00eb institucione, q\u00ebndrimi i Kumbaros fyes p\u00ebr artist\u00ebt &#8211;"},"content":{"rendered":"<p><img data-recalc-dims=\"1\" loading=\"lazy\" decoding=\"async\" data-attachment-id=\"10385\" data-permalink=\"https:\/\/www.shqiperia.com\/blog\/edmond-budina-po-behen-ligje-skandaloze-qe-shkaterrojne-institucione-qendrimi-i-kumbaros-fyes-per-artistet\/arti-edmond-budina\/\" data-orig-file=\"https:\/\/i0.wp.com\/www.shqiperia.com\/blog\/wp-content\/uploads\/2018\/07\/arti-edmond-budina.jpg?fit=300%2C250&amp;ssl=1\" data-orig-size=\"300,250\" data-comments-opened=\"1\" data-image-meta=\"{&quot;aperture&quot;:&quot;0&quot;,&quot;credit&quot;:&quot;&quot;,&quot;camera&quot;:&quot;&quot;,&quot;caption&quot;:&quot;&quot;,&quot;created_timestamp&quot;:&quot;0&quot;,&quot;copyright&quot;:&quot;&quot;,&quot;focal_length&quot;:&quot;0&quot;,&quot;iso&quot;:&quot;0&quot;,&quot;shutter_speed&quot;:&quot;0&quot;,&quot;title&quot;:&quot;&quot;,&quot;orientation&quot;:&quot;0&quot;}\" data-image-title=\"arti edmond budina\" data-image-description=\"\" data-image-caption=\"\" data-medium-file=\"https:\/\/i0.wp.com\/www.shqiperia.com\/blog\/wp-content\/uploads\/2018\/07\/arti-edmond-budina.jpg?fit=300%2C250&amp;ssl=1\" data-large-file=\"https:\/\/i0.wp.com\/www.shqiperia.com\/blog\/wp-content\/uploads\/2018\/07\/arti-edmond-budina.jpg?fit=300%2C250&amp;ssl=1\" class=\"alignnone size-medium wp-image-10385\" alt=\"\" src=\"https:\/\/i0.wp.com\/www.shqiperia.com\/blog\/wp-content\/uploads\/2018\/07\/arti-edmond-budina-300x250.jpg?resize=300%2C250\" width=\"300\" height=\"250\" \/><\/p>\n<p><strong>Edmond Budina: Po b\u00ebhen ligje skandaloze q\u00eb shkat\u00ebrrojn\u00eb institucione, q\u00ebndrimi i Kumbaros fyes p\u00ebr artist\u00ebt &#8211; <\/strong><\/p>\n<p><strong>Postuar: 22\/07\/2018 &#8211; 07:20-Erdh\u00ebt nga Itali dhe bashk\u00eb me artist\u00ebt jeni n\u00eb mbrojtje t\u00eb Teatrit Komb\u00ebtar. Jeni shprehur se po tentojn\u00eb t\u00eb shuajn\u00eb kujtes\u00ebn komb\u00ebtare?<\/strong><\/p>\n<p>N\u00eb art dhe kultur\u00eb po b\u00ebhen ligje p\u00ebr t\u00eb shkat\u00ebrruar dhe jo nd\u00ebrtuar. Nj\u00eb situat\u00eb e r\u00ebnd\u00ebsi sipas artist\u00ebve, t\u00eb cil\u00ebt n\u00eb reagimet e tyre shprehen se duhen ndalur shkat\u00ebrrimet. N\u00eb intervist\u00ebn p\u00ebr \u201cSOT\u201d regjisori i njohur Edmond Budina tregon se ka abuzime me \u00e7far\u00eb po ndodh. Sipas tij \u00ebsht\u00eb p\u00ebrgjegj\u00ebsi e shtetit, q\u00eb t\u00eb mendoj\u00eb zhvillimin e artit dhe t\u00eb mbroj\u00eb institucionet dhe jo ti shkat\u00ebrroj\u00eb. P\u00ebr regjisorin Budina \u00ebsht\u00eb fyese nga ana e ministres s\u00eb Kultur\u00ebs kur komuniteti artistik e pret n\u00eb sall\u00eb p\u00ebr problemet me artin, ligjin dhe teatrin dhe ajo nuk shkon. Regjisori shprehet se artist\u00ebt nuk duhet t\u00eb n\u00ebp\u00ebrk\u00ebmben, por duhet punuar p\u00ebr t\u00eb mir\u00ebn e komunitetit artistik dhe zhvillimit t\u00eb artit. K\u00ebto dit\u00eb n\u00eb Tiran\u00eb regjisori i njohur Edmond Budina i \u00ebsht\u00eb bashkuar dhe protest\u00eb s\u00eb artist\u00ebve n\u00eb mbrojtje t\u00eb Teatrit Komb\u00ebtar. Ai shprehet se mb\u00ebshtet artist\u00ebt dhe k\u00ebrkon t\u00eb ndalet shembja. Regjisori Edmond Budina pohon se Shqip\u00ebria nuk ka nevoj\u00eb t\u00eb shembi nj\u00eb teat\u00ebr, por duhet t\u00eb nd\u00ebrtoj\u00eb t\u00eb tjer\u00eb.<\/p>\n<p><strong>-Erdh\u00ebt nga Itali dhe bashk\u00eb me artist\u00ebt jeni n\u00eb mbrojtje t\u00eb Teatrit Komb\u00ebtar. Jeni shprehur se po tentojn\u00eb t\u00eb shuajn\u00eb kujtes\u00ebn komb\u00ebtare?<\/strong><\/p>\n<p>\u00cbsht\u00eb nj\u00eb situat\u00eb shum\u00eb e r\u00ebnd\u00eb dhe e mb\u00ebshtes protest\u00ebn e artist\u00ebve. Un\u00eb kam reaguar dhe m\u00eb par\u00eb, dhe tani q\u00eb jam k\u00ebtu n\u00eb Tiran\u00eb mora pjes\u00eb dhe n\u00eb protest\u00eb. E padrejt\u00eb q\u00eb b\u00ebhet nj\u00eb ligj, q\u00eb p\u00ebr mua \u00ebsht\u00eb skandaloz, i ve\u00e7ant\u00eb p\u00ebr t\u00eb shkat\u00ebrruar teatrin. K\u00ebt\u00eb e kam konsultuar dhe me miqt\u00eb e mi kineast\u00eb, gazetar\u00eb dhe shkrimtar\u00eb n\u00eb Rom\u00eb ku un\u00eb jetoj, dhe t\u00eb gjith\u00eb e pohojn\u00eb skandaloz k\u00ebt\u00eb ligj. Tiran\u00ebs i ka humbur kujtesa komb\u00ebtare. Kujtesa ngelet tek objektet jo vet\u00ebm tek kujtimet e fotografive, videove, etj. N\u00ebse do t\u00eb k\u00ebrkojm\u00eb n\u00eb Tiran\u00eb nj\u00eb nd\u00ebrtes\u00eb p\u00ebrshembull t\u00eb vitit 1800 ne nuk kemi. Ajo duhet t\u00eb tregoj\u00eb fazat e zhvillimit t\u00eb qytetit n\u00eb koh\u00eb t\u00eb ndryshme. Por n\u00ebse ne prishim dhe Kull\u00ebn e Sahatit dhe xhamin\u00eb, Tirana nuk ka m\u00eb asnj\u00eb pik\u00eb referimi. Kjo \u00ebsht\u00eb p\u00ebr mua skandaloze. N\u00eb Rom\u00eb ku un\u00eb jetoj ka sht\u00ebpi prej qerpi\u00e7i t\u00eb viteve m\u00eb par\u00eb dhe i ruajn\u00eb me fanatiz\u00ebm, ngren\u00eb struktura t\u00eb ve\u00e7anta p\u00ebr ti mbrojtur, rikonstruktuar dhe mir\u00ebmbajtur. Por dhe objekte t\u00eb ngritura 70 dhe 80 vjet m\u00eb par\u00eb i mir\u00ebmbajn\u00eb. \u00cbsht\u00eb vila ku ka jetuar Musolini dhe ruhet me fanatiz\u00ebm. Aty shkojn\u00eb dhe njer\u00ebz q\u00eb e vizitojn\u00eb vil\u00ebn Torlonia edhe pse ishte fashist. Dikush mund t\u00eb mos e p\u00eblqej\u00eb mendimin tim, por dhe sht\u00ebpia ku u themelua Partia Komuniste Shqiptare duhej t\u00eb ruhej, sepse b\u00ebn pjes\u00eb n\u00eb historin\u00eb e kombit shqiptar, pavar\u00ebsisht dhimbjeve q\u00eb ka krijuar diktatura duhet respektuar historia, sikund\u00ebr duhet t\u00eb ruhet Pallati i Mbretit, etj. Me k\u00ebt\u00eb q\u00eb duan ti b\u00ebjn\u00eb Teatrit Komb\u00ebtar ne po shuajm\u00eb kujtes\u00ebn komb\u00ebtare. Edhe Kinostudion q\u00eb dikur kishte gjith\u00eb at\u00eb hap\u00ebsir\u00eb e kan\u00eb shkat\u00ebrruar, masakruar, vjedhur n\u00eb m\u00ebnyr\u00ebn m\u00eb skandaloze, dhe k\u00ebtu kan\u00eb p\u00ebrgjegj\u00ebsi t\u00eb gjitha qeverit\u00eb. Qeverit\u00eb tona nuk kan\u00eb b\u00ebr\u00eb asgj\u00eb p\u00ebr kultur\u00ebn n\u00eb vend. T\u00eb ruhet Teatri Komb\u00ebtar, t\u00eb rikonstruktohet, t\u00eb b\u00ebhen rregullime. Metodat sot n\u00eb bot\u00eb jan\u00eb nga m\u00eb t\u00eb ndryshmet p\u00ebr ta b\u00ebr\u00eb k\u00ebt\u00eb. Un\u00eb nuk jam arkitekt, por dhe nga bisedat q\u00eb kam b\u00ebr\u00eb me specialist\u00ebt mund t\u00eb ristrukturohet dhe rind\u00ebrtohet nga e para kjo godin\u00eb q\u00eb \u00ebsht\u00eb dhe t\u00eb ruhet historia dhe kujtesa e kombit. Nj\u00eb teat\u00ebr i ri ultramodern t\u00eb nd\u00ebrtohet n\u00eb nj\u00eb vend tjet\u00ebr. Shqip\u00ebria nuk ka nevoj\u00eb t\u00eb shembi nj\u00eb teat\u00ebr, por t\u00eb nd\u00ebrtoj\u00eb t\u00eb tjer\u00eb.<\/p>\n<p><img data-recalc-dims=\"1\" loading=\"lazy\" decoding=\"async\" data-attachment-id=\"10385\" data-permalink=\"https:\/\/www.shqiperia.com\/blog\/edmond-budina-po-behen-ligje-skandaloze-qe-shkaterrojne-institucione-qendrimi-i-kumbaros-fyes-per-artistet\/arti-edmond-budina\/\" data-orig-file=\"https:\/\/i0.wp.com\/www.shqiperia.com\/blog\/wp-content\/uploads\/2018\/07\/arti-edmond-budina.jpg?fit=300%2C250&amp;ssl=1\" data-orig-size=\"300,250\" data-comments-opened=\"1\" data-image-meta=\"{&quot;aperture&quot;:&quot;0&quot;,&quot;credit&quot;:&quot;&quot;,&quot;camera&quot;:&quot;&quot;,&quot;caption&quot;:&quot;&quot;,&quot;created_timestamp&quot;:&quot;0&quot;,&quot;copyright&quot;:&quot;&quot;,&quot;focal_length&quot;:&quot;0&quot;,&quot;iso&quot;:&quot;0&quot;,&quot;shutter_speed&quot;:&quot;0&quot;,&quot;title&quot;:&quot;&quot;,&quot;orientation&quot;:&quot;0&quot;}\" data-image-title=\"arti edmond budina\" data-image-description=\"\" data-image-caption=\"\" data-medium-file=\"https:\/\/i0.wp.com\/www.shqiperia.com\/blog\/wp-content\/uploads\/2018\/07\/arti-edmond-budina.jpg?fit=300%2C250&amp;ssl=1\" data-large-file=\"https:\/\/i0.wp.com\/www.shqiperia.com\/blog\/wp-content\/uploads\/2018\/07\/arti-edmond-budina.jpg?fit=300%2C250&amp;ssl=1\" class=\"alignnone  wp-image-10385\" alt=\"\" src=\"https:\/\/i0.wp.com\/www.shqiperia.com\/blog\/wp-content\/uploads\/2018\/07\/arti-edmond-budina-300x250.jpg?resize=659%2C549\" width=\"659\" height=\"549\" \/><\/p>\n<p><strong>-Akuzat e artist\u00ebve jan\u00eb dhe p\u00ebr munges\u00eb transparence drejtuar institucioneve&#8230;<\/strong><\/p>\n<p>K\u00ebtu ka mjaft abuzime. Mos harrojm\u00eb se \u00ebsht\u00eb dhe Teatri Eksperimental p\u00ebr t\u00eb cilin nuk flet askush dhe \u00ebsht\u00eb e padrejt\u00eb. N\u00eb koh\u00ebn kur un\u00eb kam qen\u00eb n\u00eb Teatrin Popullor e gjitha ka qen\u00eb teat\u00ebr komb\u00ebtar, dhe k\u00ebtu \u00ebsht\u00eb dhe pishina dhe sheshi brenda teatrit. \u00cbsht\u00eb e turpshme dhe luajn\u00eb me inteligjenc\u00ebn ton\u00eb ata q\u00eb thon\u00eb jan\u00eb 1 mij\u00eb metra aktor\u00eb dhe do t\u2019ju japim 9 mij\u00eb metra. T\u00eb pakt\u00ebn pak respekt p\u00ebr inteligjenc\u00ebn e njer\u00ebzve q\u00eb i kan\u00eb votuar, sepse kjo \u00ebsht\u00eb skandaloze. E kuptoni q\u00eb k\u00ebtu \u00ebsht\u00eb abuzim i jasht\u00ebzakonsh\u00ebm. Kjo m\u00eb shqet\u00ebson shum\u00eb, sepse un\u00eb dua t\u00eb vij t\u00eb jetoj n\u00eb vendin tim me kuptimin e v\u00ebrtet\u00eb t\u00eb fjal\u00ebs, ku t\u00eb respektohet dhe ai q\u00eb ka mendimin e kund\u00ebrt.<\/p>\n<p><strong>-Situata me probleme n\u00eb art dhe kultur\u00eb ka qen\u00eb shqet\u00ebsuese prej vitesh. Sipas jush a duhet t\u00eb kishin reaguar m\u00eb her\u00ebt artist\u00ebt dhe sindikatat?<\/strong><\/p>\n<p>Padyshim q\u00eb edhe artist\u00ebt n\u00eb gjith\u00eb k\u00ebto vite nuk e kan\u00eb ngritur z\u00ebrin p\u00ebr artin dhe kultur\u00ebn sa duhet. Por dhe n\u00eb ato raste kur e kan\u00eb ngritur nuk i kan\u00eb d\u00ebgjuar. Fatkeq\u00ebsia e k\u00ebtij vendi \u00ebsht\u00eb, q\u00eb ne kemi nj\u00eb demokraci false. N\u00eb momentin q\u00eb nj\u00eb kryeminist\u00ebr b\u00ebn thirrje dhe thot\u00eb q\u00eb ejani investitor\u00eb t\u00eb huaj dhe investoni n\u00eb Shqip\u00ebri sepse nuk ka sindikata, n\u00ebse do t\u00eb ishte n\u00eb Itali do t\u00eb jepte dor\u00ebheqjen. Sindikata nuk \u00ebsht\u00eb thjesht p\u00ebr t\u00eb kund\u00ebrshtuar, por p\u00ebr t\u00eb mbrojtur dinjitetin e njeriut q\u00eb punon q\u00eb nga fshesaxhiu e deri tek punonj\u00ebsi i kryeministris\u00eb. Sindikata \u00ebsht\u00eb emancipim jo ndalim. Dhe ti t\u00eb flas\u00ebsh n\u00eb k\u00ebt\u00eb m\u00ebnyr\u00eb do t\u00eb thot\u00eb t\u00eb dhunosh lirit\u00eb e t\u00eb tjer\u00ebve. N\u00eb k\u00ebt\u00eb aspekt p\u00ebr mua \u00ebsht\u00eb e r\u00ebnd\u00ebsishme ky emancipim, q\u00eb duhet t\u00eb ndodh\u00eb. Artist\u00ebt si kan\u00eb pasur k\u00ebto sindikata m\u00eb p\u00ebrpara, tani jan\u00eb formuar m\u00eb fuqish\u00ebm. P\u00ebr mua \u00ebsht\u00eb nj\u00eb rast i mir\u00eb, q\u00eb artist\u00ebt duhet t\u00eb mblidhen t\u00eb gjith\u00eb s\u00eb toku jo vet\u00ebm p\u00ebr t\u00eb mbrojtur Teatrin Komb\u00ebtar, por dhe dinjitetin e tyre. P\u00ebr t\u00eb b\u00ebr\u00eb nj\u00eb ligj t\u00eb mir\u00eb p\u00ebr teatrin dhe mos ti n\u00ebp\u00ebrk\u00ebmbin m\u00eb. N\u00eb k\u00ebto vite \u00ebsht\u00eb investuar jasht\u00ebzakonisht pak n\u00eb fush\u00ebn e kultur\u00ebs, t\u00eb teatrit, kinemas\u00eb, librit, arteve pamore, etj.<\/p>\n<p><strong>-Ju p\u00ebrmend\u00ebt ligjin e artit, artist\u00ebt k\u00ebrkuan pezullimin e tij, munges\u00eb transparence dhe konsultimi n\u00eb hartimin e tij. Artist\u00ebt pohojn\u00eb se ministrja e Kultur\u00ebs ka munges\u00eb dialogu me ata. Ky q\u00ebndrim i ministres sipas jush?<\/strong><\/p>\n<p>E gjej fyese nga ana e ministres s\u00eb Kultur\u00ebs dhe nj\u00eb gabim trashanik politik t\u00eb saj n\u00eb faktin ku n\u00eb sall\u00eb prisnin 200 veta dhe ajo th\u00ebrret kat\u00ebr ma\u00e7ok\u00eb n\u00eb ministri dhe bisedon. Komuniteti artistik \u00ebsht\u00eb ai q\u00eb e priste n\u00eb sall\u00eb. Ajo duhej t\u00eb shkonte atje dhe askush nuk do ta lin\u00e7onte apo fjal\u00eb t\u00eb r\u00ebnda, jam i sigurt p\u00ebr k\u00ebt\u00eb. Artist\u00ebt nuk jan\u00eb agresiv\u00eb, secili padyshim ka mendimin e vet por ajo duhej t\u00eb respektonte mendimin e t\u00eb gjith\u00ebve. Kumbaro ka gabuar r\u00ebnd\u00eb dhe i ka hequr pik\u00eb vetes s\u00eb saj n\u00eb t\u00eb gjitha gj\u00ebrat q\u00eb ka b\u00ebr\u00eb. Kur un\u00eb them kryeministri kam p\u00ebrshtypjen q\u00eb n\u00eb Shqip\u00ebri \u00ebsht\u00eb p\u00ebr t\u00eb ardhur keq, sepse un\u00eb pash\u00eb dhe parlamentin q\u00eb votoi dhe k\u00ebtu jan\u00eb t\u00eb gjith\u00eb kukulla, vendos vet\u00ebm nj\u00eb njeri dhe nuk ka demokraci. K\u00ebtu ka nj\u00eb munges\u00eb transparence dhe demokracie. Kryeministri th\u00ebrret nj\u00eb grup t\u00eb shquar artist\u00ebsh dhe nuk i merr mendim. N\u00eb asnj\u00eb vend t\u00eb bot\u00ebs nuk ndodh kjo. Un\u00eb kam qen\u00eb dikur n\u00eb nj\u00eb takim me presidentin e rajonit t\u00eb Lacios q\u00eb kishte ftuar kineast\u00eb, producent\u00eb sepse shp\u00ebrndaheshin disa financime p\u00ebr filmin dhe ai i d\u00ebgjoi sepse ata jan\u00eb votuesit e tij nes\u00ebr. Kushdo q\u00eb drejton \u00ebsht\u00eb drejtuesi i radh\u00ebs, por n\u00eb fund t\u00eb fundit \u00ebsht\u00eb sh\u00ebrb\u00ebtor i atyre njer\u00ebzve q\u00eb\u00a0 e kan\u00eb v\u00ebn\u00eb atje dhe jo pronar i tyre. T\u00eb fyesh komunitetin artistik \u00ebsht\u00eb skandaloze. Meq\u00eb po flasim p\u00ebr ligjin e artit q\u00eb k\u00ebrkua u pezullimi nga artist\u00ebt, theksoj se duhet decentralizim jo centralizim sepse kjo t\u00eb jep liri veprimi. Kujtoj q\u00eb dhe kineast\u00ebt n\u00eb fillim dol\u00ebn kund\u00ebr projektligjit t\u00eb artit q\u00eb b\u00ebri Ministria e Kultur\u00ebs. Centralizimi sjell vepra, q\u00eb duan ti b\u00ebjn\u00eb pushtetit, pro nj\u00ebri apo tjetrit. Por kjo kthehet n\u00eb bumerang. P\u00ebr teatrin desha t\u00eb shtoj q\u00eb n\u00eb Lacio kan\u00eb rikonstruktuar 75 teatro t\u00eb vjet\u00ebr, nga t\u00eb cil\u00ebt 38 i kan\u00eb dh\u00ebn\u00eb p\u00ebr ti drejtuar publiku, dhe 37 jan\u00eb private. Shikoni se \u00e7far\u00eb b\u00ebn nj\u00eb qeveri e majt\u00eb kur do t\u00eb b\u00ebj\u00eb, nd\u00ebrsa p\u00ebr fatin ton\u00eb t\u00eb keq qeveria jon\u00eb e majt\u00eb nuk b\u00ebn asgj\u00eb p\u00ebr kultur\u00ebn, p\u00ebrkundrazi k\u00ebrkon t\u00eb shemb\u00eb. Kjo p\u00ebr mua \u00ebsht\u00eb kriminale. M\u00eb vjen keq, sepse Partia Socialiste nuk ka asgj\u00eb t\u00eb majt\u00eb. Jam i bindur se n\u00eb at\u00eb parti ka njer\u00ebz t\u00eb ndersh\u00ebm dhe me bindje t\u00eb majta, por nuk kan\u00eb guximin t\u00eb ngrihen. Nuk m\u00eb vjen turp ta them, q\u00eb un\u00eb jam nj\u00eb nga themeluesit e Partis\u00eb Demokratike shqiptare, por dhe ajo nuk \u00ebsht\u00eb e djatht\u00eb. Bindjet e mia personale jan\u00eb t\u00eb majta n\u00eb esenc\u00eb, sepse e kam provuar vuajtjen dhe shtypjen, shfryt\u00ebzimin dhe nuk gjej asgj\u00eb t\u00eb majt\u00eb n\u00eb Shqip\u00ebri dhe m\u00eb vjen keq sidomos n\u00eb trajtimin q\u00eb i b\u00ebhet artist\u00ebve, popullit, ku ai q\u00eb \u00ebsht\u00eb n\u00eb pushtet \u00ebsht\u00eb padroni i popullit. Kjo nuk \u00ebsht\u00eb k\u00ebshtu sidomos n\u00eb konceptin e s\u00eb majt\u00ebs. \u00cbsht\u00eb e papranueshme p\u00ebr mua. K\u00ebta po b\u00ebjn\u00eb ligje p\u00ebr t\u00eb shkat\u00ebrruar, pra nuk jan\u00eb t\u00eb majt\u00eb. Me t\u00eb gjitha \u00e7far\u00eb po ndodhin ne po shkojm\u00eb drejt diktatur\u00ebs. Un\u00eb k\u00ebt\u00eb nuk dua ta pranoj ashtu si dhe pjesa m\u00eb e madhe e shqiptar\u00ebve, q\u00eb jan\u00eb kundra me siguri.<\/p>\n<p><strong>-Si\u00a0 e keni par\u00eb funksionimin e QKK me projektet e filmave?<\/strong><\/p>\n<p>Qendra Komb\u00ebtare e Kinematografis\u00eb duke qen\u00eb pak m\u00eb e pavarur p\u00ebr mendimin tim ka funksionuar dhe mir\u00eb. Un\u00eb shikoj dhe filmat e koleg\u00ebve t\u00eb mi, q\u00eb shkojn\u00eb n\u00eb festivale. Secili ka mendimin e tij, por n\u00eb aren\u00ebn nd\u00ebrkomb\u00ebtare ne njihemi dhe kemi bashk\u00ebproduksionet me vendet e ndryshme, ku tashm\u00eb ne jemi b\u00ebr\u00eb t\u00eb njohur. N\u00eb vendet e ndryshme, ku filmat tan\u00eb shkojn\u00eb n\u00eb festivale flitet p\u00ebr ne. Nuk kemi arritur t\u00eb marrim \u00e7mime n\u00eb festivale t\u00eb r\u00ebnd\u00ebsishme si n\u00eb Kan\u00eb apo Venecia, por kjo nuk do t\u00eb thot\u00eb gj\u00eb. \u00cbsht\u00eb e r\u00ebnd\u00ebsishme, sepse dhe n\u00eb vendet e tjera n\u00ebse kan\u00eb arritur rezultate kjo ka ndodhur, sepse kan\u00eb investuar n\u00eb at\u00eb fush\u00eb. Natyrisht q\u00eb tek ne investimi n\u00eb fush\u00ebn e artit dhe kultur\u00ebs nga Ministria e Kultur\u00ebs, nga shteti shqiptar duhet t\u00eb jet\u00eb shum\u00eb her\u00eb m\u00eb e madhe se sa \u00ebsht\u00eb sot. Ne kemi investimet m\u00eb t\u00eb ul\u00ebta n\u00eb art dhe kultur\u00eb n\u00eb t\u00eb gjith\u00eb Europ\u00ebn.<\/p>\n<p><strong>-Me filmin tuaj t\u00eb fundit \u201cBroken\u201d (T\u00eb thyer) shtypi dhe kritika italiane ishte me vler\u00ebsime p\u00ebr ju. Sa r\u00ebnd\u00ebsi merr kjo p\u00ebr ju?<\/strong><\/p>\n<p>Filmi \u00ebsht\u00eb pritur jasht\u00ebzakonisht mir\u00eb dhe p\u00ebr mua kjo \u00ebsht\u00eb shum\u00eb pozitive, ku dhe agjencit\u00eb e m\u00ebdha t\u00eb lajmeve italiane si ANSA etj, i kushtuan v\u00ebmendje trajtimit t\u00eb filmit. Televizionet si RAI dhe m\u00eb tej i kan\u00eb kushtuar gjithashtu v\u00ebmendje, artikuj t\u00eb ndrysh\u00ebm p\u00ebr filmin po ashtu nuk mungua. Jam ndjer\u00eb shum\u00eb mir\u00eb, dhe sigurisht kjo ka shum\u00eb r\u00ebnd\u00ebsi n\u00eb aktivitetin dhe pun\u00eb time me filmin.<\/p>\n<p><strong>Intervistoi: Julia Vrapi<\/strong><\/p>\n","protected":false},"excerpt":{"rendered":"<p>Edmond Budina: Po b\u00ebhen ligje skandaloze q\u00eb shkat\u00ebrrojn\u00eb institucione, q\u00ebndrimi i Kumbaros fyes p\u00ebr artist\u00ebt &#8211; Postuar: 22\/07\/2018 &#8211; 07:20-Erdh\u00ebt nga Itali dhe bashk\u00eb me artist\u00ebt jeni n\u00eb mbrojtje t\u00eb Teatrit Komb\u00ebtar. Jeni shprehur se po tentojn\u00eb t\u00eb shuajn\u00eb kujtes\u00ebn komb\u00ebtare? N\u00eb art dhe kultur\u00eb po b\u00ebhen ligje p\u00ebr t\u00eb shkat\u00ebrruar dhe jo nd\u00ebrtuar. Nj\u00eb [&hellip;]<\/p>\n","protected":false},"author":9,"featured_media":10385,"comment_status":"open","ping_status":"open","sticky":false,"template":"","format":"standard","meta":{"jetpack_post_was_ever_published":false,"_jetpack_newsletter_access":"","_jetpack_dont_email_post_to_subs":false,"_jetpack_newsletter_tier_id":0,"_jetpack_memberships_contains_paywalled_content":false,"_jetpack_memberships_contains_paid_content":false,"footnotes":"","jetpack_publicize_message":"","jetpack_publicize_feature_enabled":true,"jetpack_social_post_already_shared":true,"jetpack_social_options":{"image_generator_settings":{"template":"highway","default_image_id":0,"font":"","enabled":false},"version":2}},"categories":[87,10],"tags":[],"class_list":["post-10384","post","type-post","status-publish","format-standard","has-post-thumbnail","hentry","category-arte","category-kultura"],"jetpack_publicize_connections":[],"jetpack_featured_media_url":"https:\/\/i0.wp.com\/www.shqiperia.com\/blog\/wp-content\/uploads\/2018\/07\/arti-edmond-budina.jpg?fit=300%2C250&ssl=1","jetpack_sharing_enabled":true,"jetpack_shortlink":"https:\/\/wp.me\/p5Z6wp-2Hu","jetpack-related-posts":[{"id":23297,"url":"https:\/\/www.shqiperia.com\/blog\/nis-boshatisja-e-teatrit-kombetar-aktoreve-u-ndalohet-hyrja-regjisori-edmond-budina-qendron-perballe-deres-kryesore\/","url_meta":{"origin":10384,"position":0},"title":"Nis boshatisja e Teatrit Komb\u00ebtar, aktor\u00ebve u ndalohet hyrja. Regjisori Edmond Budina q\u00ebndron p\u00ebrball\u00eb der\u00ebs kryesore","author":"Kurt Farka","date":"July 19, 2019","format":false,"excerpt":"Nis boshatisja e Teatrit Komb\u00ebtar, aktor\u00ebve u ndalohet hyrja. Regjisori Edmond Budina q\u00ebndron p\u00ebrball\u00eb der\u00ebs kryesore Jul 19, 2019 ANILA DEDAJ\/\u00a0Nuk jan\u00eb regjisor\u00eb e as artist\u00eb, vizitor\u00ebt q\u00eb shky\u00e7\u00ebn dit\u00ebn e djeshme dyert e Teatrit Komb\u00ebtar preferojn\u00eb t\u00eb mos tregojn\u00eb se kush i sjell. Shumica jan\u00eb gra, \u00ebsht\u00eb b\u00ebr\u00eb tipike\u2026","rel":"","context":"In &quot;Kultura&quot;","block_context":{"text":"Kultura","link":"https:\/\/www.shqiperia.com\/blog\/category\/kultura\/"},"img":{"alt_text":"","src":"https:\/\/i0.wp.com\/www.shqiperia.com\/blog\/wp-content\/uploads\/2019\/07\/images-3-300x168.jpg?resize=350%2C200","width":350,"height":200},"classes":[]},{"id":34870,"url":"https:\/\/www.shqiperia.com\/blog\/budina-prokuroria-te-hetoje-dhunen-e-17-majit-ose-qytetaret-do-mbrojne-veten\/","url_meta":{"origin":10384,"position":1},"title":"Budina: &#8211; Prokuroria t\u00eb hetoj\u00eb dhun\u00ebn e 17 majit, ose qytetar\u00ebt do mbrojn\u00eb veten &#8230;","author":"Kurt Farka","date":"May 21, 2020","format":false,"excerpt":"Budina: - Prokuroria t\u00eb hetoj\u00eb dhun\u00ebn e 17 majit, ose qytetar\u00ebt do mbrojn\u00eb veten... 20 maji 2020 Regjisori Robert Budina tha sot n\u00eb fjal\u00ebn e tij n\u00eb protest\u00ebn e dyt\u00eb p\u00ebr shembjen e Teatrit se Aleanca p\u00ebr Mbrojtjen e tij nuk do t\u00eb t\u00ebrhiqet.\u00a0\u201cNe nuk do t\u00ebrhiqemi se jemi kock\u00eb\u2026","rel":"","context":"In &quot;Blogu i Udh\u00ebtarit&quot;","block_context":{"text":"Blogu i Udh\u00ebtarit","link":"https:\/\/www.shqiperia.com\/blog\/category\/blogu-i-udhetarit\/"},"img":{"alt_text":"","src":"https:\/\/i0.wp.com\/www.shqiperia.com\/blog\/wp-content\/uploads\/2020\/05\/Edmond-Budina-2.jpg?fit=1107%2C645&ssl=1&resize=350%2C200","width":350,"height":200,"srcset":"https:\/\/i0.wp.com\/www.shqiperia.com\/blog\/wp-content\/uploads\/2020\/05\/Edmond-Budina-2.jpg?fit=1107%2C645&ssl=1&resize=350%2C200 1x, https:\/\/i0.wp.com\/www.shqiperia.com\/blog\/wp-content\/uploads\/2020\/05\/Edmond-Budina-2.jpg?fit=1107%2C645&ssl=1&resize=525%2C300 1.5x, https:\/\/i0.wp.com\/www.shqiperia.com\/blog\/wp-content\/uploads\/2020\/05\/Edmond-Budina-2.jpg?fit=1107%2C645&ssl=1&resize=700%2C400 2x, https:\/\/i0.wp.com\/www.shqiperia.com\/blog\/wp-content\/uploads\/2020\/05\/Edmond-Budina-2.jpg?fit=1107%2C645&ssl=1&resize=1050%2C600 3x"},"classes":[]},{"id":82695,"url":"https:\/\/www.shqiperia.com\/blog\/protesta-e-pd-edmond-budina-skandalet-ketu-jane-bere-normalitet-te-radikalizojme-protestat\/","url_meta":{"origin":10384,"position":2},"title":"Protesta e PD, Edmond Budina: &#8211; Skandalet k\u00ebtu jan\u00eb b\u00ebr\u00eb normalitet. &#8211; T\u00eb radikalizojm\u00eb protestat","author":"Kurt Farka","date":"July 11, 2024","format":false,"excerpt":"11 Korrik 2024 Nj\u00eb nga themeluesit e PD-s\u00eb Edmond Budina duke iu drejtuar mb\u00ebshtet\u00ebsve t\u00eb opozit\u00ebs n\u00eb tubimin komb\u00ebtar q\u00eb po zhvillohet n\u00eb bulevardin \u201cD\u00ebshmor\u00ebt e Kombit\u201d tha se sot protestohet p\u00ebr familjet tona, sepse ky pushtet e ka n\u00ebp\u00ebrk\u00ebmbur qytetarin, e ka shkat\u00ebrruar k\u00ebt\u00eb vend si askush tjet\u00ebr. \u201cSkandalet\u2026","rel":"","context":"In &quot;Blogu i Udh\u00ebtarit&quot;","block_context":{"text":"Blogu i Udh\u00ebtarit","link":"https:\/\/www.shqiperia.com\/blog\/category\/blogu-i-udhetarit\/"},"img":{"alt_text":"","src":"https:\/\/i0.wp.com\/www.shqiperia.com\/blog\/wp-content\/uploads\/2024\/07\/edmond-budina-770x382-1.jpg?fit=770%2C382&ssl=1&resize=350%2C200","width":350,"height":200,"srcset":"https:\/\/i0.wp.com\/www.shqiperia.com\/blog\/wp-content\/uploads\/2024\/07\/edmond-budina-770x382-1.jpg?fit=770%2C382&ssl=1&resize=350%2C200 1x, https:\/\/i0.wp.com\/www.shqiperia.com\/blog\/wp-content\/uploads\/2024\/07\/edmond-budina-770x382-1.jpg?fit=770%2C382&ssl=1&resize=525%2C300 1.5x, https:\/\/i0.wp.com\/www.shqiperia.com\/blog\/wp-content\/uploads\/2024\/07\/edmond-budina-770x382-1.jpg?fit=770%2C382&ssl=1&resize=700%2C400 2x"},"classes":[]},{"id":24163,"url":"https:\/\/www.shqiperia.com\/blog\/edmond-budina-per-zerin-e-amerikes-aktori-i-shquar-italian-michele-placido-do-te-vije-te-jape-shfaqje-placido-eshte-kunder-rrenimit-te-teatrit\/","url_meta":{"origin":10384,"position":3},"title":"Edmond Budina p\u00ebr Z\u00ebrin e Amerik\u00ebs: Aktori i shquar italian Michele Placido do t\u00eb vij\u00eb t\u00eb jap\u00eb shfaqje \u2013 Placido \u00ebsht\u00eb kund\u00ebr rr\u00ebnimit t\u00eb Teatrit!","author":"Kurt Farka","date":"August 2, 2019","format":false,"excerpt":"\u00a0Aktori i shquar italian Michele Placido do t\u00eb vij\u00eb t\u00eb jap\u00eb shfaqje \u2013 Placido \u00ebsht\u00eb kund\u00ebr rr\u00ebnimit t\u00eb Teatrit! Regjizori i njohur Edmond Budina p\u00ebr Z\u00ebrin e Amerik\u00ebs thot\u00eb se n\u00eb Tiran\u00eb do t\u00eb vij\u00eb aktori i shquar italian Michele Placido dhe do t\u00eb jap\u00eb shfaqje \u2013 Placido \u00ebsht\u00eb kund\u00ebr\u2026","rel":"","context":"In &quot;Blogu i Udh\u00ebtarit&quot;","block_context":{"text":"Blogu i Udh\u00ebtarit","link":"https:\/\/www.shqiperia.com\/blog\/category\/blogu-i-udhetarit\/"},"img":{"alt_text":"","src":"https:\/\/i0.wp.com\/www.shqiperia.com\/blog\/wp-content\/uploads\/2019\/08\/Michele-Placido.jpg?fit=800%2C445&ssl=1&resize=350%2C200","width":350,"height":200,"srcset":"https:\/\/i0.wp.com\/www.shqiperia.com\/blog\/wp-content\/uploads\/2019\/08\/Michele-Placido.jpg?fit=800%2C445&ssl=1&resize=350%2C200 1x, https:\/\/i0.wp.com\/www.shqiperia.com\/blog\/wp-content\/uploads\/2019\/08\/Michele-Placido.jpg?fit=800%2C445&ssl=1&resize=525%2C300 1.5x, https:\/\/i0.wp.com\/www.shqiperia.com\/blog\/wp-content\/uploads\/2019\/08\/Michele-Placido.jpg?fit=800%2C445&ssl=1&resize=700%2C400 2x"},"classes":[]},{"id":34919,"url":"https:\/\/www.shqiperia.com\/blog\/presidenti-do-e-shperndaje-parlamentin-nese-populli-regjisori-edmond-budina-thirrje-nga-durresi-qytetareve-mos-kini-frike-ngrijeni-koken\/","url_meta":{"origin":10384,"position":4},"title":"\u201cPresidenti do e shp\u00ebrndaj\u00eb parlamentin n\u00ebse populli\u2026\u201d, regjisori Edmond Budina thirrje nga Durr\u00ebsi qytetar\u00ebve: Mos kini frik\u00eb, ngrijeni kok\u00ebn","author":"Kurt Farka","date":"May 22, 2020","format":false,"excerpt":"\u201cPresidenti do e shp\u00ebrndaj\u00eb parlamentin n\u00ebse populli\u2026\u201d, regjisori Edmond Budina thirrje nga Durr\u00ebsi qytetar\u00ebve: Mos kini frik\u00eb, ngrijeni kok\u00ebn 22 maji 2020 Regjisori dhe aktori Edmond Budina nga Durr\u00ebsi ku Aleanca p\u00ebr Mbrojtjen e Teatrit zhvendosi sot protest\u00ebn, i \u00ebsht\u00eb referuar fjal\u00ebs s\u00eb kreut t\u00eb shtetit Ilir Meta q\u00eb tha\u2026","rel":"","context":"In &quot;Njoftime Shtypi&quot;","block_context":{"text":"Njoftime Shtypi","link":"https:\/\/www.shqiperia.com\/blog\/category\/njoftime-shtypi\/"},"img":{"alt_text":"","src":"https:\/\/i0.wp.com\/www.shqiperia.com\/blog\/wp-content\/uploads\/2020\/05\/budina-3-770x425-1.png?fit=770%2C425&ssl=1&resize=350%2C200","width":350,"height":200,"srcset":"https:\/\/i0.wp.com\/www.shqiperia.com\/blog\/wp-content\/uploads\/2020\/05\/budina-3-770x425-1.png?fit=770%2C425&ssl=1&resize=350%2C200 1x, https:\/\/i0.wp.com\/www.shqiperia.com\/blog\/wp-content\/uploads\/2020\/05\/budina-3-770x425-1.png?fit=770%2C425&ssl=1&resize=525%2C300 1.5x, https:\/\/i0.wp.com\/www.shqiperia.com\/blog\/wp-content\/uploads\/2020\/05\/budina-3-770x425-1.png?fit=770%2C425&ssl=1&resize=700%2C400 2x"},"classes":[]},{"id":35120,"url":"https:\/\/www.shqiperia.com\/blog\/artistet-avancojne-kerkesat-do-kerkojme-rrezimin-e-edi-rames\/","url_meta":{"origin":10384,"position":5},"title":"Artist\u00ebt avancojn\u00eb k\u00ebrkesat: &#8211; Do k\u00ebrkojm\u00eb rr\u00ebzimin e Edi Ram\u00ebs","author":"Kurt Farka","date":"May 27, 2020","format":false,"excerpt":"Artist\u00ebt avancojn\u00eb k\u00ebrkesat: - Do k\u00ebrkojm\u00eb rr\u00ebzimin e Edi Ram\u00ebs - 27\/05\/20 | Gazeta\u00a0 mapo.al M\u00eb shum\u00eb se mbledhja e firmave p\u00ebr nj\u00eb peticion, i cili k\u00ebrkon nd\u00ebrtimin e teatrit sipas modelit origjinal, atje ku ka qen\u00eb, takimet e artist\u00ebve n\u00eb rrethe kan\u00eb t\u00eb b\u00ebjn\u00eb me thirrjen n\u00eb nj\u00eb protest\u00eb\u2026","rel":"","context":"In &quot;Blogu i Udh\u00ebtarit&quot;","block_context":{"text":"Blogu i Udh\u00ebtarit","link":"https:\/\/www.shqiperia.com\/blog\/category\/blogu-i-udhetarit\/"},"img":{"alt_text":"","src":"https:\/\/i0.wp.com\/www.shqiperia.com\/blog\/wp-content\/uploads\/2020\/05\/Protesta-e-artisteve-1.jpg?fit=1024%2C567&ssl=1&resize=350%2C200","width":350,"height":200,"srcset":"https:\/\/i0.wp.com\/www.shqiperia.com\/blog\/wp-content\/uploads\/2020\/05\/Protesta-e-artisteve-1.jpg?fit=1024%2C567&ssl=1&resize=350%2C200 1x, https:\/\/i0.wp.com\/www.shqiperia.com\/blog\/wp-content\/uploads\/2020\/05\/Protesta-e-artisteve-1.jpg?fit=1024%2C567&ssl=1&resize=525%2C300 1.5x, https:\/\/i0.wp.com\/www.shqiperia.com\/blog\/wp-content\/uploads\/2020\/05\/Protesta-e-artisteve-1.jpg?fit=1024%2C567&ssl=1&resize=700%2C400 2x"},"classes":[]}],"_links":{"self":[{"href":"https:\/\/www.shqiperia.com\/blog\/wp-json\/wp\/v2\/posts\/10384","targetHints":{"allow":["GET"]}}],"collection":[{"href":"https:\/\/www.shqiperia.com\/blog\/wp-json\/wp\/v2\/posts"}],"about":[{"href":"https:\/\/www.shqiperia.com\/blog\/wp-json\/wp\/v2\/types\/post"}],"author":[{"embeddable":true,"href":"https:\/\/www.shqiperia.com\/blog\/wp-json\/wp\/v2\/users\/9"}],"replies":[{"embeddable":true,"href":"https:\/\/www.shqiperia.com\/blog\/wp-json\/wp\/v2\/comments?post=10384"}],"version-history":[{"count":1,"href":"https:\/\/www.shqiperia.com\/blog\/wp-json\/wp\/v2\/posts\/10384\/revisions"}],"predecessor-version":[{"id":10386,"href":"https:\/\/www.shqiperia.com\/blog\/wp-json\/wp\/v2\/posts\/10384\/revisions\/10386"}],"wp:featuredmedia":[{"embeddable":true,"href":"https:\/\/www.shqiperia.com\/blog\/wp-json\/wp\/v2\/media\/10385"}],"wp:attachment":[{"href":"https:\/\/www.shqiperia.com\/blog\/wp-json\/wp\/v2\/media?parent=10384"}],"wp:term":[{"taxonomy":"category","embeddable":true,"href":"https:\/\/www.shqiperia.com\/blog\/wp-json\/wp\/v2\/categories?post=10384"},{"taxonomy":"post_tag","embeddable":true,"href":"https:\/\/www.shqiperia.com\/blog\/wp-json\/wp\/v2\/tags?post=10384"}],"curies":[{"name":"wp","href":"https:\/\/api.w.org\/{rel}","templated":true}]}}