{"id":103084,"date":"2026-07-22T11:51:19","date_gmt":"2026-07-22T11:51:19","guid":{"rendered":"https:\/\/www.shqiperia.com\/blog\/?p=103084"},"modified":"2026-07-22T11:51:19","modified_gmt":"2026-07-22T11:51:19","slug":"ndahet-nga-jeta-akademiku-emin-riza-studiuesi-i-shquar-i-trashegimise-kulturore-shqiptare","status":"publish","type":"post","link":"https:\/\/www.shqiperia.com\/blog\/ndahet-nga-jeta-akademiku-emin-riza-studiuesi-i-shquar-i-trashegimise-kulturore-shqiptare\/","title":{"rendered":"Ndahet nga jeta akademiku Emin Riza, studiuesi i shquar i trash\u00ebgimis\u00eb kulturore shqiptare"},"content":{"rendered":"<p><img data-recalc-dims=\"1\" loading=\"lazy\" decoding=\"async\" data-attachment-id=\"103085\" data-permalink=\"https:\/\/www.shqiperia.com\/blog\/ndahet-nga-jeta-akademiku-emin-riza-studiuesi-i-shquar-i-trashegimise-kulturore-shqiptare\/emin-riza-6\/\" data-orig-file=\"https:\/\/i0.wp.com\/www.shqiperia.com\/blog\/wp-content\/uploads\/2026\/07\/Emin-Riza.webp?fit=900%2C500&amp;ssl=1\" data-orig-size=\"900,500\" data-comments-opened=\"1\" data-image-meta=\"{&quot;aperture&quot;:&quot;0&quot;,&quot;credit&quot;:&quot;&quot;,&quot;camera&quot;:&quot;&quot;,&quot;caption&quot;:&quot;&quot;,&quot;created_timestamp&quot;:&quot;0&quot;,&quot;copyright&quot;:&quot;&quot;,&quot;focal_length&quot;:&quot;0&quot;,&quot;iso&quot;:&quot;0&quot;,&quot;shutter_speed&quot;:&quot;0&quot;,&quot;title&quot;:&quot;&quot;,&quot;orientation&quot;:&quot;0&quot;}\" data-image-title=\"Emin Riza\" data-image-description=\"\" data-image-caption=\"\" data-medium-file=\"https:\/\/i0.wp.com\/www.shqiperia.com\/blog\/wp-content\/uploads\/2026\/07\/Emin-Riza.webp?fit=300%2C167&amp;ssl=1\" data-large-file=\"https:\/\/i0.wp.com\/www.shqiperia.com\/blog\/wp-content\/uploads\/2026\/07\/Emin-Riza.webp?fit=900%2C500&amp;ssl=1\" class=\"alignnone  wp-image-103085\" alt=\"\" src=\"https:\/\/i0.wp.com\/www.shqiperia.com\/blog\/wp-content\/uploads\/2026\/07\/Emin-Riza.webp?resize=753%2C419&#038;ssl=1\" width=\"753\" height=\"419\" srcset=\"https:\/\/i0.wp.com\/www.shqiperia.com\/blog\/wp-content\/uploads\/2026\/07\/Emin-Riza.webp?resize=300%2C167&amp;ssl=1 300w, https:\/\/i0.wp.com\/www.shqiperia.com\/blog\/wp-content\/uploads\/2026\/07\/Emin-Riza.webp?resize=768%2C427&amp;ssl=1 768w, https:\/\/i0.wp.com\/www.shqiperia.com\/blog\/wp-content\/uploads\/2026\/07\/Emin-Riza.webp?resize=450%2C250&amp;ssl=1 450w, https:\/\/i0.wp.com\/www.shqiperia.com\/blog\/wp-content\/uploads\/2026\/07\/Emin-Riza.webp?resize=600%2C333&amp;ssl=1 600w, https:\/\/i0.wp.com\/www.shqiperia.com\/blog\/wp-content\/uploads\/2026\/07\/Emin-Riza.webp?resize=400%2C222&amp;ssl=1 400w, https:\/\/i0.wp.com\/www.shqiperia.com\/blog\/wp-content\/uploads\/2026\/07\/Emin-Riza.webp?w=900&amp;ssl=1 900w\" sizes=\"auto, (max-width: 753px) 100vw, 753px\" \/><\/p>\n<p>22 Korrik 2026<\/p>\n<p>\u00cbsht\u00eb ndar\u00eb nga jeta n\u00eb mosh\u00ebn 89-vje\u00e7are akademik Emin Riza, nj\u00eb nga studiuesit m\u00eb t\u00eb njohur shqiptar\u00eb n\u00eb fush\u00ebn e trash\u00ebgimis\u00eb kulturore dhe arkitektur\u00ebs tradicionale.<\/p>\n<p>Akademia e Shkencave e Shqip\u00ebris\u00eb dhe Komisioni i P\u00ebrhersh\u00ebm i Trash\u00ebgimis\u00eb Kulturore shpreh\u00ebn ngush\u00ebllimet p\u00ebr familjen, t\u00eb af\u00ebrmit, komunitetin akademik dhe bashk\u00ebpun\u00ebtor\u00ebt e tij, duke e cil\u00ebsuar ndarjen nga jeta t\u00eb akademik Riz\u00ebs si nj\u00eb humbje t\u00eb madhe p\u00ebr shkenc\u00ebn dhe kultur\u00ebn shqiptare.<\/p>\n<p>Emin Riza lindi m\u00eb 3 korrik 1937 n\u00eb Shkod\u00ebr. Me nj\u00eb karriere t\u00eb gjat\u00eb si studiues, pedagog dhe specialist pran\u00eb Institutit t\u00eb Monumenteve t\u00eb Kultur\u00ebs, ai dha nj\u00eb kontribut t\u00eb spikatur n\u00eb dokumentimin, mbrojtjen dhe promovimin e trash\u00ebgimis\u00eb materiale t\u00eb Shqip\u00ebris\u00eb.<\/p>\n<p>Nd\u00ebr veprat e tij m\u00eb t\u00eb r\u00ebnd\u00ebsishme renditen monografia \u201cQyteti-Muze i Gjirokastr\u00ebs\u201d (1980), nj\u00eb studim themelor mbi arkitektur\u00ebn dhe vlerat e qytetit historik, si edhe \u201cBanesa shqiptare me qoshk\u201d (2018), botuar nga Akademia e Shkencave, ku trajtohen tipologjia dhe vlerat arkitektonike t\u00eb banesave tradicionale shqiptare.<\/p>\n<p>Akademik Riza ishte autor i 16 monografive, pes\u00eb prej tyre n\u00eb bashkautor\u00ebsi, si dhe i 134 artikujve shkencor\u00eb t\u00eb botuar n\u00eb revista t\u00eb specializuara, mes t\u00eb cilave \u201cStudia Albanica\u201d, \u201cArkitektura popullore shqiptare\u201d dhe \u201cMonumentet\u201d. N\u00eb k\u00ebto botime ai analizoi tipologjit\u00eb e banesave popullore, strukturat tradicionale t\u00eb nd\u00ebrtimit dhe trash\u00ebgimin\u00eb e qyteteve historike shqiptare.<\/p>\n<p>Ai drejtoi gjithashtu si kryeredaktor revistat \u201cStudia Albanica\u201d dhe \u201cMonumentet\u201d, duke dh\u00ebn\u00eb nj\u00eb kontribut t\u00eb r\u00ebnd\u00ebsish\u00ebm n\u00eb promovimin e studimeve mbi trash\u00ebgimin\u00eb kulturore. Akademik Riza ishte nd\u00ebr nism\u00ebtar\u00ebt e Ligjit \u201cP\u00ebr trash\u00ebgimin\u00eb kulturore\u201d dhe kryesoi grupin e pun\u00ebs p\u00ebr p\u00ebrgatitjen e dosjeve t\u00eb Gjirokastr\u00ebs dhe Beratit p\u00ebr UNESCO, proces q\u00eb \u00e7oi n\u00eb p\u00ebrfshirjen e tyre n\u00eb List\u00ebn e Trash\u00ebgimis\u00eb Bot\u00ebrore.<\/p>\n<p>P\u00ebr veprimtarin\u00eb dhe kontributin e tij t\u00eb jasht\u00ebzakonsh\u00ebm n\u00eb ruajtjen dhe promovimin e trash\u00ebgimis\u00eb kulturore shqiptare, Emin Riza u nderua me titullin \u201cQytetar Nderi\u201d i Gjirokastr\u00ebs dhe i Beratit.<\/p>\n","protected":false},"excerpt":{"rendered":"<p>22 Korrik 2026 \u00cbsht\u00eb ndar\u00eb nga jeta n\u00eb mosh\u00ebn 89-vje\u00e7are akademik Emin Riza, nj\u00eb nga studiuesit m\u00eb t\u00eb njohur shqiptar\u00eb n\u00eb fush\u00ebn e trash\u00ebgimis\u00eb kulturore dhe arkitektur\u00ebs tradicionale. Akademia e Shkencave e Shqip\u00ebris\u00eb dhe Komisioni i P\u00ebrhersh\u00ebm i Trash\u00ebgimis\u00eb Kulturore shpreh\u00ebn ngush\u00ebllimet p\u00ebr familjen, t\u00eb af\u00ebrmit, komunitetin akademik dhe bashk\u00ebpun\u00ebtor\u00ebt e tij, duke e cil\u00ebsuar [&hellip;]<\/p>\n","protected":false},"author":9,"featured_media":103085,"comment_status":"open","ping_status":"open","sticky":false,"template":"","format":"standard","meta":{"jetpack_post_was_ever_published":false,"_jetpack_newsletter_access":"","_jetpack_dont_email_post_to_subs":false,"_jetpack_newsletter_tier_id":0,"_jetpack_memberships_contains_paywalled_content":false,"_jetpack_memberships_contains_paid_content":false,"footnotes":"","jetpack_publicize_message":"","jetpack_publicize_feature_enabled":true,"jetpack_social_post_already_shared":true,"jetpack_social_options":{"image_generator_settings":{"template":"highway","default_image_id":0,"font":"","enabled":false},"version":2}},"categories":[27,1,35],"tags":[],"class_list":["post-103084","post","type-post","status-publish","format-standard","has-post-thumbnail","hentry","category-blogu-i-udhetarit","category-njoftime-shtypi","category-shoqerore"],"jetpack_publicize_connections":[],"jetpack_featured_media_url":"https:\/\/i0.wp.com\/www.shqiperia.com\/blog\/wp-content\/uploads\/2026\/07\/Emin-Riza.webp?fit=900%2C500&ssl=1","jetpack_sharing_enabled":true,"jetpack_shortlink":"https:\/\/wp.me\/p5Z6wp-qOE","jetpack-related-posts":[{"id":105294,"url":"https:\/\/www.shqiperia.com\/blog\/ndahet-nga-jeta-ne-moshen-88-vjecare-akademiku-dhe-studiuesi-i-shquar-mark-tirta\/","url_meta":{"origin":103084,"position":0},"title":"Ndahet nga jeta n\u00eb mosh\u00ebn 88-vje\u00e7are akademiku dhe studiuesi i shquar Mark Tirta","author":"Kurt Farka","date":"August 27, 2026","format":false,"excerpt":"27 Gusht 2027 U nda sot nga jeta akademik emeritus Mark Tirta, nj\u00eb prej studiuesve m\u00eb t\u00eb shquar t\u00eb etnologjis\u00eb dhe antropologjis\u00eb shqiptare, nj\u00eb personalitet i r\u00ebnd\u00ebsish\u00ebm i albanologjis\u00eb dhe nj\u00eb nga z\u00ebrat m\u00eb t\u00eb spikatur t\u00eb studimit t\u00eb trash\u00ebgimis\u00eb kulturore shqiptare. Me largimin e tij, shkenca dhe kultura shqiptare\u2026","rel":"","context":"In &quot;Blogu i Udh\u00ebtarit&quot;","block_context":{"text":"Blogu i Udh\u00ebtarit","link":"https:\/\/www.shqiperia.com\/blog\/category\/blogu-i-udhetarit\/"},"img":{"alt_text":"","src":"https:\/\/i0.wp.com\/www.shqiperia.com\/blog\/wp-content\/uploads\/2026\/08\/Capture-87.jpg?fit=847%2C611&ssl=1&resize=350%2C200","width":350,"height":200,"srcset":"https:\/\/i0.wp.com\/www.shqiperia.com\/blog\/wp-content\/uploads\/2026\/08\/Capture-87.jpg?fit=847%2C611&ssl=1&resize=350%2C200 1x, https:\/\/i0.wp.com\/www.shqiperia.com\/blog\/wp-content\/uploads\/2026\/08\/Capture-87.jpg?fit=847%2C611&ssl=1&resize=525%2C300 1.5x, https:\/\/i0.wp.com\/www.shqiperia.com\/blog\/wp-content\/uploads\/2026\/08\/Capture-87.jpg?fit=847%2C611&ssl=1&resize=700%2C400 2x"},"classes":[]},{"id":105656,"url":"https:\/\/www.shqiperia.com\/blog\/mbi-45-ikona-nga-muzeu-kombetar-i-artit-mesjetar-te-korces-pjese-e-ekspozites-ne-chambery\/","url_meta":{"origin":103084,"position":1},"title":"Mbi 45 ikona nga Muzeu Komb\u00ebtar i Artit Mesjetar t\u00eb Kor\u00e7\u00ebs, pjes\u00eb e ekspozit\u00ebs n\u00eb Chamb\u00e9ry","author":"Kurt Farka","date":"September 1, 2026","format":false,"excerpt":"1 Shtator 2026 Mbi 45 ikona t\u00eb p\u00ebrzgjedhura nga Muzeu Komb\u00ebtar i Artit Mesjetar t\u00eb Kor\u00e7\u00ebs vijojn\u00eb t\u00eb prezantojn\u00eb n\u00eb Franc\u00eb vlerat e trash\u00ebgimis\u00eb dhe artit shqiptar. Ekspozita \u201cIkonat e Shqip\u00ebris\u00eb- Thesaret e Muzeut Komb\u00ebtar t\u00eb Artit Mesjetar t\u00eb Kor\u00e7\u00eb\u201d mbetet e hapur p\u00ebr publikun n\u00eb Chamb\u00e9ry, duke sjell\u00eb n\u00eb\u2026","rel":"","context":"In &quot;Arte&quot;","block_context":{"text":"Arte","link":"https:\/\/www.shqiperia.com\/blog\/category\/arte\/"},"img":{"alt_text":"","src":"https:\/\/i0.wp.com\/www.shqiperia.com\/blog\/wp-content\/uploads\/2026\/09\/800-0-ikonaaaa-faqe-18-2-6a96655973341.jpg?fit=800%2C458&ssl=1&resize=350%2C200","width":350,"height":200,"srcset":"https:\/\/i0.wp.com\/www.shqiperia.com\/blog\/wp-content\/uploads\/2026\/09\/800-0-ikonaaaa-faqe-18-2-6a96655973341.jpg?fit=800%2C458&ssl=1&resize=350%2C200 1x, https:\/\/i0.wp.com\/www.shqiperia.com\/blog\/wp-content\/uploads\/2026\/09\/800-0-ikonaaaa-faqe-18-2-6a96655973341.jpg?fit=800%2C458&ssl=1&resize=525%2C300 1.5x, https:\/\/i0.wp.com\/www.shqiperia.com\/blog\/wp-content\/uploads\/2026\/09\/800-0-ikonaaaa-faqe-18-2-6a96655973341.jpg?fit=800%2C458&ssl=1&resize=700%2C400 2x"},"classes":[]},{"id":101854,"url":"https:\/\/www.shqiperia.com\/blog\/ndahet-nga-jeta-pal-dedgjonaj-mjeshter-i-folklorit-shqiptar\/","url_meta":{"origin":103084,"position":2},"title":"Ndahet nga jeta Pal Dedgjonaj, Mjeshter i Folklorit Shqiptar","author":"Kurt Farka","date":"June 26, 2026","format":false,"excerpt":"26 Qershor 2026 Bashkia Lezh\u00eb shpreh me pik\u00ebllim t\u00eb thell\u00eb lajmin p\u00ebr ndarjen nga jeta t\u00eb Mjeshtrit t\u00eb Madh t\u00eb artit dhe kultur\u00ebs lezhjane. Ai ishte nj\u00eb figur\u00eb e shquar e trash\u00ebgimis\u00eb son\u00eb kulturore, nj\u00eb mjesht\u00ebr i rrall\u00eb i instrumenteve folklorike frymore t\u00eb trev\u00ebs s\u00eb Lezh\u00ebs, t\u00eb cilat i punoi\u2026","rel":"","context":"In &quot;Arte&quot;","block_context":{"text":"Arte","link":"https:\/\/www.shqiperia.com\/blog\/category\/arte\/"},"img":{"alt_text":"","src":"https:\/\/i0.wp.com\/www.shqiperia.com\/blog\/wp-content\/uploads\/2026\/06\/Pal-Dedgjonaj.jpg?fit=483%2C368&ssl=1&resize=350%2C200","width":350,"height":200},"classes":[]},{"id":103395,"url":"https:\/\/www.shqiperia.com\/blog\/ndertimet-ne-pogradec-e-tushemisht-shkojne-ne-unesco-shkalle-alarmante-kercenimi\/","url_meta":{"origin":103084,"position":3},"title":"Nd\u00ebrtimet n\u00eb Pogradec e Tushemisht shkojn\u00eb n\u00eb UNESCO: &#8211; Shkall\u00eb alarmante k\u00ebrc\u00ebnimi","author":"Kurt Farka","date":"July 29, 2026","format":false,"excerpt":"29 Korrik 2026 Nga; Fatmira Nikolli Nd\u00ebrtimet n\u00eb Pogradec dhe Tushemisht, kan\u00eb mb\u00ebrritur deri n\u00eb Sesionin e 48-t\u00eb t\u00eb Komitetit t\u00eb Trash\u00ebgimis\u00eb Bot\u00ebrore t\u00eb UNESCO-s. Projektet e propozuara duket se rrezikojn\u00eb statutin e Liqenit ne UNESCO. Rrjeti Global i V\u00ebzhgimit t\u00eb Trash\u00ebgimis\u00eb Bot\u00ebrore ka shprehur n\u00eb Sesionin e 48-t\u00eb t\u00eb\u2026","rel":"","context":"In &quot;Blogu i Udh\u00ebtarit&quot;","block_context":{"text":"Blogu i Udh\u00ebtarit","link":"https:\/\/www.shqiperia.com\/blog\/category\/blogu-i-udhetarit\/"},"img":{"alt_text":"","src":"https:\/\/i0.wp.com\/www.shqiperia.com\/blog\/wp-content\/uploads\/2026\/07\/Pogradec-Marina-1536x864-1.webp?fit=1200%2C675&ssl=1&resize=350%2C200","width":350,"height":200,"srcset":"https:\/\/i0.wp.com\/www.shqiperia.com\/blog\/wp-content\/uploads\/2026\/07\/Pogradec-Marina-1536x864-1.webp?fit=1200%2C675&ssl=1&resize=350%2C200 1x, https:\/\/i0.wp.com\/www.shqiperia.com\/blog\/wp-content\/uploads\/2026\/07\/Pogradec-Marina-1536x864-1.webp?fit=1200%2C675&ssl=1&resize=525%2C300 1.5x, https:\/\/i0.wp.com\/www.shqiperia.com\/blog\/wp-content\/uploads\/2026\/07\/Pogradec-Marina-1536x864-1.webp?fit=1200%2C675&ssl=1&resize=700%2C400 2x, https:\/\/i0.wp.com\/www.shqiperia.com\/blog\/wp-content\/uploads\/2026\/07\/Pogradec-Marina-1536x864-1.webp?fit=1200%2C675&ssl=1&resize=1050%2C600 3x"},"classes":[]},{"id":100762,"url":"https:\/\/www.shqiperia.com\/blog\/rikthehet-ne-shkelqimin-e-tij-muzeu-etnografik-i-beratit-1300-objekte-deshmojne-pjese-te-historise-se-qytetit\/","url_meta":{"origin":103084,"position":4},"title":"Rikthehet n\u00eb shk\u00eblqimin e tij Muzeu Etnografik i Beratit, 1300 objekte d\u00ebshmojn\u00eb pjese te historis\u00eb se qytetit","author":"Kurt Farka","date":"May 30, 2026","format":false,"excerpt":"30 Maji 2026 Pas nj\u00eb procesi t\u00eb kujdessh\u00ebm restaurimi dhe konservimi, \u00ebsht\u00eb rihapur\u00a0Muzeu Etnografik i Beratit, nj\u00eb nga institucionet m\u00eb t\u00eb r\u00ebnd\u00ebsishme t\u00eb trash\u00ebgimis\u00eb kulturore n\u00eb vend, duke pasuruar ofert\u00ebn turistike t\u00eb qytetit t\u00eb\u00a0Berat. Ministri i Turizmit, Kultur\u00ebs dhe Sporteve,\u00a0Blendi Gonxhja\u00a0theksoi se rihapja e muzeut p\u00ebrfaq\u00ebson nj\u00eb investim t\u00eb r\u00ebnd\u00ebsish\u00ebm\u2026","rel":"","context":"In &quot;Arte&quot;","block_context":{"text":"Arte","link":"https:\/\/www.shqiperia.com\/blog\/category\/arte\/"},"img":{"alt_text":"","src":"https:\/\/i0.wp.com\/www.shqiperia.com\/blog\/wp-content\/uploads\/2026\/05\/Muzeu-Etnografik-Berat.webp?fit=1200%2C675&ssl=1&resize=350%2C200","width":350,"height":200,"srcset":"https:\/\/i0.wp.com\/www.shqiperia.com\/blog\/wp-content\/uploads\/2026\/05\/Muzeu-Etnografik-Berat.webp?fit=1200%2C675&ssl=1&resize=350%2C200 1x, https:\/\/i0.wp.com\/www.shqiperia.com\/blog\/wp-content\/uploads\/2026\/05\/Muzeu-Etnografik-Berat.webp?fit=1200%2C675&ssl=1&resize=525%2C300 1.5x, https:\/\/i0.wp.com\/www.shqiperia.com\/blog\/wp-content\/uploads\/2026\/05\/Muzeu-Etnografik-Berat.webp?fit=1200%2C675&ssl=1&resize=700%2C400 2x, https:\/\/i0.wp.com\/www.shqiperia.com\/blog\/wp-content\/uploads\/2026\/05\/Muzeu-Etnografik-Berat.webp?fit=1200%2C675&ssl=1&resize=1050%2C600 3x"},"classes":[]},{"id":103326,"url":"https:\/\/www.shqiperia.com\/blog\/piktori-anastas-kostandini-vjen-me-ekspoziten-e-tij-qyteti-i-dehur-frymezohet-nga-copeza-jete-te-pogradecit\/","url_meta":{"origin":103084,"position":5},"title":"Piktori Anastas Kostandini vjen me ekspozit\u00ebn e tij \u201cQyteti i Dehur\u201d frym\u00ebzohet nga cop\u00ebza jete t\u00eb Pogradecit","author":"Kurt Farka","date":"July 28, 2026","format":false,"excerpt":"28 Korrik 2026 Piktori Anastas Kostandini \u00e7eli ekspozit\u00ebn e tij t\u00eb radh\u00ebs. \"Qyteti i Dehur\"p\u00ebrcjell rreth 50 punime n\u00eb pastel si nj\u00eb pasqyrim i qytetit t\u00eb Pogradecit, detaje t\u00eb qytetit t\u00eb dikursh\u00ebm dhe elemente t\u00eb trash\u00ebgimis\u00eb artistike e kulturore. N\u00eb Galerin\u00eb e Arteve n\u00eb\u00a0Pogradec\u00a0\u00ebsht\u00eb \u00e7elur mbr\u00ebmjen e s\u00eb premtes ekspozita\u2026","rel":"","context":"In &quot;Arte&quot;","block_context":{"text":"Arte","link":"https:\/\/www.shqiperia.com\/blog\/category\/arte\/"},"img":{"alt_text":"","src":"https:\/\/i0.wp.com\/www.shqiperia.com\/blog\/wp-content\/uploads\/2026\/07\/Anastas-Kostandini.jpg?fit=780%2C440&ssl=1&resize=350%2C200","width":350,"height":200,"srcset":"https:\/\/i0.wp.com\/www.shqiperia.com\/blog\/wp-content\/uploads\/2026\/07\/Anastas-Kostandini.jpg?fit=780%2C440&ssl=1&resize=350%2C200 1x, https:\/\/i0.wp.com\/www.shqiperia.com\/blog\/wp-content\/uploads\/2026\/07\/Anastas-Kostandini.jpg?fit=780%2C440&ssl=1&resize=525%2C300 1.5x, https:\/\/i0.wp.com\/www.shqiperia.com\/blog\/wp-content\/uploads\/2026\/07\/Anastas-Kostandini.jpg?fit=780%2C440&ssl=1&resize=700%2C400 2x"},"classes":[]}],"_links":{"self":[{"href":"https:\/\/www.shqiperia.com\/blog\/wp-json\/wp\/v2\/posts\/103084","targetHints":{"allow":["GET"]}}],"collection":[{"href":"https:\/\/www.shqiperia.com\/blog\/wp-json\/wp\/v2\/posts"}],"about":[{"href":"https:\/\/www.shqiperia.com\/blog\/wp-json\/wp\/v2\/types\/post"}],"author":[{"embeddable":true,"href":"https:\/\/www.shqiperia.com\/blog\/wp-json\/wp\/v2\/users\/9"}],"replies":[{"embeddable":true,"href":"https:\/\/www.shqiperia.com\/blog\/wp-json\/wp\/v2\/comments?post=103084"}],"version-history":[{"count":1,"href":"https:\/\/www.shqiperia.com\/blog\/wp-json\/wp\/v2\/posts\/103084\/revisions"}],"predecessor-version":[{"id":103086,"href":"https:\/\/www.shqiperia.com\/blog\/wp-json\/wp\/v2\/posts\/103084\/revisions\/103086"}],"wp:featuredmedia":[{"embeddable":true,"href":"https:\/\/www.shqiperia.com\/blog\/wp-json\/wp\/v2\/media\/103085"}],"wp:attachment":[{"href":"https:\/\/www.shqiperia.com\/blog\/wp-json\/wp\/v2\/media?parent=103084"}],"wp:term":[{"taxonomy":"category","embeddable":true,"href":"https:\/\/www.shqiperia.com\/blog\/wp-json\/wp\/v2\/categories?post=103084"},{"taxonomy":"post_tag","embeddable":true,"href":"https:\/\/www.shqiperia.com\/blog\/wp-json\/wp\/v2\/tags?post=103084"}],"curies":[{"name":"wp","href":"https:\/\/api.w.org\/{rel}","templated":true}]}}