{"id":103077,"date":"2026-07-22T11:42:35","date_gmt":"2026-07-22T11:42:35","guid":{"rendered":"https:\/\/www.shqiperia.com\/blog\/?p=103077"},"modified":"2026-07-22T11:42:35","modified_gmt":"2026-07-22T11:42:35","slug":"alarmi-u-dha-nga-gjermania-aku-thirrje-konsumatoreve-te-mos-konsumojne-kete-pije","status":"publish","type":"post","link":"https:\/\/www.shqiperia.com\/blog\/alarmi-u-dha-nga-gjermania-aku-thirrje-konsumatoreve-te-mos-konsumojne-kete-pije\/","title":{"rendered":"Alarmi u dha nga Gjermania, AKU thirrje konsumator\u00ebve t\u00eb mos konsumojn\u00eb k\u00ebt\u00eb pije"},"content":{"rendered":"<p><img data-recalc-dims=\"1\" loading=\"lazy\" decoding=\"async\" data-attachment-id=\"103078\" data-permalink=\"https:\/\/www.shqiperia.com\/blog\/alarmi-u-dha-nga-gjermania-aku-thirrje-konsumatoreve-te-mos-konsumojne-kete-pije\/img_4289\/\" data-orig-file=\"https:\/\/i0.wp.com\/www.shqiperia.com\/blog\/wp-content\/uploads\/2026\/07\/IMG_4289.jpeg?fit=800%2C700&amp;ssl=1\" data-orig-size=\"800,700\" data-comments-opened=\"1\" data-image-meta=\"{&quot;aperture&quot;:&quot;0&quot;,&quot;credit&quot;:&quot;&quot;,&quot;camera&quot;:&quot;&quot;,&quot;caption&quot;:&quot;&quot;,&quot;created_timestamp&quot;:&quot;0&quot;,&quot;copyright&quot;:&quot;&quot;,&quot;focal_length&quot;:&quot;0&quot;,&quot;iso&quot;:&quot;0&quot;,&quot;shutter_speed&quot;:&quot;0&quot;,&quot;title&quot;:&quot;&quot;,&quot;orientation&quot;:&quot;0&quot;}\" data-image-title=\"IMG_4289\" data-image-description=\"\" data-image-caption=\"\" data-medium-file=\"https:\/\/i0.wp.com\/www.shqiperia.com\/blog\/wp-content\/uploads\/2026\/07\/IMG_4289.jpeg?fit=300%2C263&amp;ssl=1\" data-large-file=\"https:\/\/i0.wp.com\/www.shqiperia.com\/blog\/wp-content\/uploads\/2026\/07\/IMG_4289.jpeg?fit=800%2C700&amp;ssl=1\" class=\"alignnone  wp-image-103078\" alt=\"\" src=\"https:\/\/i0.wp.com\/www.shqiperia.com\/blog\/wp-content\/uploads\/2026\/07\/IMG_4289.jpeg?resize=433%2C380&#038;ssl=1\" width=\"433\" height=\"380\" srcset=\"https:\/\/i0.wp.com\/www.shqiperia.com\/blog\/wp-content\/uploads\/2026\/07\/IMG_4289.jpeg?resize=300%2C263&amp;ssl=1 300w, https:\/\/i0.wp.com\/www.shqiperia.com\/blog\/wp-content\/uploads\/2026\/07\/IMG_4289.jpeg?resize=768%2C672&amp;ssl=1 768w, https:\/\/i0.wp.com\/www.shqiperia.com\/blog\/wp-content\/uploads\/2026\/07\/IMG_4289.jpeg?resize=450%2C394&amp;ssl=1 450w, https:\/\/i0.wp.com\/www.shqiperia.com\/blog\/wp-content\/uploads\/2026\/07\/IMG_4289.jpeg?resize=600%2C525&amp;ssl=1 600w, https:\/\/i0.wp.com\/www.shqiperia.com\/blog\/wp-content\/uploads\/2026\/07\/IMG_4289.jpeg?resize=400%2C350&amp;ssl=1 400w, https:\/\/i0.wp.com\/www.shqiperia.com\/blog\/wp-content\/uploads\/2026\/07\/IMG_4289.jpeg?w=800&amp;ssl=1 800w\" sizes=\"auto, (max-width: 433px) 100vw, 433px\" \/><\/p>\n<p class=\"isSelectedEnd\">22 Korrik 2026<\/p>\n<p class=\"isSelectedEnd\">Autoriteti Komb\u00ebtar i Ushqimit (AKU) ka l\u00ebshuar nj\u00eb njoftim urgjent p\u00ebr t\u00ebrheqjen nga tregu t\u00eb nj\u00eb pije, pasi \u00ebsht\u00eb identifikuar nj\u00eb rrezik potencial serioz p\u00ebr sh\u00ebndetin e konsumator\u00ebve.<\/p>\n<p class=\"isSelectedEnd\">B\u00ebhet fjal\u00eb p\u00ebr aperitivin pa alkool \u201cPizzolato Spritz aperitivo 0.0\u201d, me origjin\u00eb nga Italia, p\u00ebr t\u00eb cilin autoritetet gjermane kan\u00eb sinjalizuar pranin\u00eb e mundshme t\u00eb cop\u00ebzave t\u00eb xhamit n\u00eb produkt.<\/p>\n<p class=\"isSelectedEnd\">Shqip\u00ebria \u00ebsht\u00eb p\u00ebrfshir\u00eb n\u00eb procedur\u00ebn e ndjekjes p\u00ebrmes sistemit evropian t\u00eb alarmit t\u00eb shpejt\u00eb p\u00ebr ushqimin dhe ushqimin p\u00ebr kafsh\u00eb (RASFF).<\/p>\n<p><img data-recalc-dims=\"1\" loading=\"lazy\" decoding=\"async\" data-attachment-id=\"103078\" data-permalink=\"https:\/\/www.shqiperia.com\/blog\/alarmi-u-dha-nga-gjermania-aku-thirrje-konsumatoreve-te-mos-konsumojne-kete-pije\/img_4289\/\" data-orig-file=\"https:\/\/i0.wp.com\/www.shqiperia.com\/blog\/wp-content\/uploads\/2026\/07\/IMG_4289.jpeg?fit=800%2C700&amp;ssl=1\" data-orig-size=\"800,700\" data-comments-opened=\"1\" data-image-meta=\"{&quot;aperture&quot;:&quot;0&quot;,&quot;credit&quot;:&quot;&quot;,&quot;camera&quot;:&quot;&quot;,&quot;caption&quot;:&quot;&quot;,&quot;created_timestamp&quot;:&quot;0&quot;,&quot;copyright&quot;:&quot;&quot;,&quot;focal_length&quot;:&quot;0&quot;,&quot;iso&quot;:&quot;0&quot;,&quot;shutter_speed&quot;:&quot;0&quot;,&quot;title&quot;:&quot;&quot;,&quot;orientation&quot;:&quot;0&quot;}\" data-image-title=\"IMG_4289\" data-image-description=\"\" data-image-caption=\"\" data-medium-file=\"https:\/\/i0.wp.com\/www.shqiperia.com\/blog\/wp-content\/uploads\/2026\/07\/IMG_4289.jpeg?fit=300%2C263&amp;ssl=1\" data-large-file=\"https:\/\/i0.wp.com\/www.shqiperia.com\/blog\/wp-content\/uploads\/2026\/07\/IMG_4289.jpeg?fit=800%2C700&amp;ssl=1\" class=\"alignnone  wp-image-103078\" alt=\"\" src=\"https:\/\/i0.wp.com\/www.shqiperia.com\/blog\/wp-content\/uploads\/2026\/07\/IMG_4289.jpeg?resize=711%2C623&#038;ssl=1\" width=\"711\" height=\"623\" srcset=\"https:\/\/i0.wp.com\/www.shqiperia.com\/blog\/wp-content\/uploads\/2026\/07\/IMG_4289.jpeg?resize=300%2C263&amp;ssl=1 300w, https:\/\/i0.wp.com\/www.shqiperia.com\/blog\/wp-content\/uploads\/2026\/07\/IMG_4289.jpeg?resize=768%2C672&amp;ssl=1 768w, https:\/\/i0.wp.com\/www.shqiperia.com\/blog\/wp-content\/uploads\/2026\/07\/IMG_4289.jpeg?resize=450%2C394&amp;ssl=1 450w, https:\/\/i0.wp.com\/www.shqiperia.com\/blog\/wp-content\/uploads\/2026\/07\/IMG_4289.jpeg?resize=600%2C525&amp;ssl=1 600w, https:\/\/i0.wp.com\/www.shqiperia.com\/blog\/wp-content\/uploads\/2026\/07\/IMG_4289.jpeg?resize=400%2C350&amp;ssl=1 400w, https:\/\/i0.wp.com\/www.shqiperia.com\/blog\/wp-content\/uploads\/2026\/07\/IMG_4289.jpeg?w=800&amp;ssl=1 800w\" sizes=\"auto, (max-width: 711px) 100vw, 711px\" \/><\/p>\n<p class=\"isSelectedEnd\">Sipas AKU-s\u00eb, produkti i prekur \u00ebsht\u00eb:<\/p>\n<p class=\"isSelectedEnd\">Produkti \u00ebsht\u00eb eksportuar nga kompania PETER RIEGEL WEINIMPORT GMBH, nd\u00ebrsa n\u00eb Shqip\u00ebri \u00ebsht\u00eb importuar nga operatori Jurrei.<\/p>\n<p class=\"isSelectedEnd\">AKU u b\u00ebn thirrje t\u00eb gjith\u00eb konsumator\u00ebve q\u00eb kan\u00eb bler\u00eb k\u00ebt\u00eb produkt t\u00eb mos e konsumojn\u00eb dhe ta kthejn\u00eb pran\u00eb pik\u00ebs s\u00eb shitjes, n\u00eb m\u00ebnyr\u00eb q\u00eb t\u00eb shmanget \u00e7do rrezik i mundsh\u00ebm p\u00ebr sh\u00ebndetin.<\/p>\n<p>Autoriteti thekson se vijon monitorimin e situat\u00ebs dhe ndjekjen e procedurave t\u00eb parashikuara p\u00ebr garantimin e siguris\u00eb ushqimore n\u00eb vend.<\/p>\n","protected":false},"excerpt":{"rendered":"<p>22 Korrik 2026 Autoriteti Komb\u00ebtar i Ushqimit (AKU) ka l\u00ebshuar nj\u00eb njoftim urgjent p\u00ebr t\u00ebrheqjen nga tregu t\u00eb nj\u00eb pije, pasi \u00ebsht\u00eb identifikuar nj\u00eb rrezik potencial serioz p\u00ebr sh\u00ebndetin e konsumator\u00ebve. B\u00ebhet fjal\u00eb p\u00ebr aperitivin pa alkool \u201cPizzolato Spritz aperitivo 0.0\u201d, me origjin\u00eb nga Italia, p\u00ebr t\u00eb cilin autoritetet gjermane kan\u00eb sinjalizuar pranin\u00eb e mundshme [&hellip;]<\/p>\n","protected":false},"author":9,"featured_media":103078,"comment_status":"open","ping_status":"open","sticky":false,"template":"","format":"standard","meta":{"jetpack_post_was_ever_published":false,"_jetpack_newsletter_access":"","_jetpack_dont_email_post_to_subs":false,"_jetpack_newsletter_tier_id":0,"_jetpack_memberships_contains_paywalled_content":false,"_jetpack_memberships_contains_paid_content":false,"footnotes":"","jetpack_publicize_message":"","jetpack_publicize_feature_enabled":true,"jetpack_social_post_already_shared":true,"jetpack_social_options":{"image_generator_settings":{"template":"highway","default_image_id":0,"font":"","enabled":false},"version":2}},"categories":[27,10,1,35],"tags":[],"class_list":["post-103077","post","type-post","status-publish","format-standard","has-post-thumbnail","hentry","category-blogu-i-udhetarit","category-kultura","category-njoftime-shtypi","category-shoqerore"],"jetpack_publicize_connections":[],"jetpack_featured_media_url":"https:\/\/i0.wp.com\/www.shqiperia.com\/blog\/wp-content\/uploads\/2026\/07\/IMG_4289.jpeg?fit=800%2C700&ssl=1","jetpack_sharing_enabled":true,"jetpack_shortlink":"https:\/\/wp.me\/p5Z6wp-qOx","jetpack-related-posts":[{"id":103682,"url":"https:\/\/www.shqiperia.com\/blog\/peshk-i-ngrire-me-kimikate-mbi-normat-e-lejuara-aku-kthejeni-ne-pikat-e-shitjes\/","url_meta":{"origin":103077,"position":0},"title":"Peshk i ngrir\u00eb me kimikate mbi normat e lejuara, AKU: &#8211; Kthejeni n\u00eb pikat e shitjes!","author":"Kurt Farka","date":"August 3, 2026","format":false,"excerpt":"3 Gusht 2026 Peshk i ngrir\u00eb me origjin\u00eb nga Turqia, i eksportuar n\u00eb Shqip\u00ebri p\u00ebrmes Greqis\u00eb, \u00ebsht\u00eb identifikuar me nivele t\u00eb larta t\u00eb substancave perfluoroalkile (PFAS), mbi kufijt\u00eb e lejuar nga ligji. P\u00ebr k\u00ebt\u00eb arsye, Autoriteti Komb\u00ebtar i Ushqimit u ka b\u00ebr\u00eb thirrje qytetar\u00ebve t\u00eb mos e konsumojn\u00eb produktin dhe\u2026","rel":"","context":"In &quot;Blogu i Udh\u00ebtarit&quot;","block_context":{"text":"Blogu i Udh\u00ebtarit","link":"https:\/\/www.shqiperia.com\/blog\/category\/blogu-i-udhetarit\/"},"img":{"alt_text":"","src":"https:\/\/i0.wp.com\/www.shqiperia.com\/blog\/wp-content\/uploads\/2026\/08\/1785756598_peshk-2.jpg?fit=780%2C440&ssl=1&resize=350%2C200","width":350,"height":200,"srcset":"https:\/\/i0.wp.com\/www.shqiperia.com\/blog\/wp-content\/uploads\/2026\/08\/1785756598_peshk-2.jpg?fit=780%2C440&ssl=1&resize=350%2C200 1x, https:\/\/i0.wp.com\/www.shqiperia.com\/blog\/wp-content\/uploads\/2026\/08\/1785756598_peshk-2.jpg?fit=780%2C440&ssl=1&resize=525%2C300 1.5x, https:\/\/i0.wp.com\/www.shqiperia.com\/blog\/wp-content\/uploads\/2026\/08\/1785756598_peshk-2.jpg?fit=780%2C440&ssl=1&resize=700%2C400 2x"},"classes":[]},{"id":103087,"url":"https:\/\/www.shqiperia.com\/blog\/shqiperia-kosh-mbetjesh-te-rrezikshme-ne-treg-alarm-per-nje-produkt-me-perime-te-ngrira-te-prodhuar-ne-itali\/","url_meta":{"origin":103077,"position":1},"title":"Shqiperia kosh mbetjesh te rrezikshme ne treg. Alarm p\u00ebr nj\u00eb produkt me perime t\u00eb ngrira t\u00eb prodhuar n\u00eb Itali","author":"Kurt Farka","date":"July 22, 2026","format":false,"excerpt":"22 Korrik 2026 N\u00eb momentin e njoftimit p\u00ebr t\u00ebrheqje, e gjith\u00eb sasia ishte shitur. Autoritetet europiane kan\u00eb l\u00ebshuar nj\u00eb alarm p\u00ebr sigurin\u00eb ushqimore lidhur me nj\u00eb produkt perimesh t\u00eb ngrira t\u00eb prodhuar n\u00eb Itali. B\u00ebhet fjal\u00eb p\u00ebr produktin e ngrir\u00eb \u201cMINESTRONE 16 Verdure\u201d me pesh\u00eb 750 gram, me num\u00ebr loti\u2026","rel":"","context":"In &quot;Blogu i Udh\u00ebtarit&quot;","block_context":{"text":"Blogu i Udh\u00ebtarit","link":"https:\/\/www.shqiperia.com\/blog\/category\/blogu-i-udhetarit\/"},"img":{"alt_text":"","src":"https:\/\/i0.wp.com\/www.shqiperia.com\/blog\/wp-content\/uploads\/2026\/07\/produkti.jpg?fit=882%2C753&ssl=1&resize=350%2C200","width":350,"height":200,"srcset":"https:\/\/i0.wp.com\/www.shqiperia.com\/blog\/wp-content\/uploads\/2026\/07\/produkti.jpg?fit=882%2C753&ssl=1&resize=350%2C200 1x, https:\/\/i0.wp.com\/www.shqiperia.com\/blog\/wp-content\/uploads\/2026\/07\/produkti.jpg?fit=882%2C753&ssl=1&resize=525%2C300 1.5x, https:\/\/i0.wp.com\/www.shqiperia.com\/blog\/wp-content\/uploads\/2026\/07\/produkti.jpg?fit=882%2C753&ssl=1&resize=700%2C400 2x"},"classes":[]},{"id":105236,"url":"https:\/\/www.shqiperia.com\/blog\/grate-e-martuara-si-i-kontrollonin-burrat-dhe-mbronin-martesen-nje-histori-nga-mesjeta\/","url_meta":{"origin":103077,"position":2},"title":"Grat\u00eb e martuara, si i \u201ckontrollonin\u201d burrat dhe mbronin martes\u00ebn? Nj\u00eb histori nga mesjeta","author":"Kurt Farka","date":"August 26, 2026","format":false,"excerpt":"26 Gusht 2026 Ka histori q\u00eb mbijetojn\u00eb jo sepse jan\u00eb domosdoshm\u00ebrisht t\u00eb v\u00ebrteta, por sepse jan\u00eb tep\u00ebr t\u00eb bukura, t\u00eb \u00e7uditshme ose ironike p\u00ebr t\u2019u harruar. Mes tyre qarkullon edhe nj\u00eb rr\u00ebfim i pazakont\u00eb, q\u00eb pretendon se disa gra n\u00eb Mesjet\u00eb p\u00ebrdornin nj\u00eb m\u00ebnyr\u00eb t\u00eb fsheht\u00eb p\u00ebr t\u2019i mbajtur burrat\u2026","rel":"","context":"In &quot;Blogu i Udh\u00ebtarit&quot;","block_context":{"text":"Blogu i Udh\u00ebtarit","link":"https:\/\/www.shqiperia.com\/blog\/category\/blogu-i-udhetarit\/"},"img":{"alt_text":"","src":"https:\/\/i0.wp.com\/www.shqiperia.com\/blog\/wp-content\/uploads\/2026\/08\/640-0-gr-1787642714.jpg?fit=640%2C515&ssl=1&resize=350%2C200","width":350,"height":200,"srcset":"https:\/\/i0.wp.com\/www.shqiperia.com\/blog\/wp-content\/uploads\/2026\/08\/640-0-gr-1787642714.jpg?fit=640%2C515&ssl=1&resize=350%2C200 1x, https:\/\/i0.wp.com\/www.shqiperia.com\/blog\/wp-content\/uploads\/2026\/08\/640-0-gr-1787642714.jpg?fit=640%2C515&ssl=1&resize=525%2C300 1.5x"},"classes":[]},{"id":105153,"url":"https:\/\/www.shqiperia.com\/blog\/zbulim-i-rralle-prane-murit-te-madh-te-kines\/","url_meta":{"origin":103077,"position":3},"title":"Zbulim i rrall\u00eb pran\u00eb Murit t\u00eb Madh t\u00eb Kin\u00ebs&#8230;","author":"Kurt Farka","date":"August 25, 2026","format":false,"excerpt":"25 Gusht 2026 Nj\u00eb en\u00eb bronzi e vulosur prej rreth 2,300 vitesh ka ruajtur brenda saj nj\u00eb zbulim t\u00eb pazakont\u00eb, 3.74 litra t\u00eb nj\u00eb pijeje alkoolike t\u00eb lasht\u00eb, t\u00eb ngjashme me birr\u00ebn. Zbulimi \u00ebsht\u00eb b\u00ebr\u00eb nga arkeolog\u00ebt n\u00eb varrez\u00ebn Shanjiabao, n\u00eb rajonin Ningxia Hui t\u00eb Kin\u00ebs, pran\u00eb nj\u00eb prej segmenteve\u2026","rel":"","context":"In &quot;Blogu i Udh\u00ebtarit&quot;","block_context":{"text":"Blogu i Udh\u00ebtarit","link":"https:\/\/www.shqiperia.com\/blog\/category\/blogu-i-udhetarit\/"},"img":{"alt_text":"","src":"https:\/\/i0.wp.com\/www.shqiperia.com\/blog\/wp-content\/uploads\/2026\/08\/640-0-4c5bd957a0010e4b79341d51bc61be38.jpg?fit=640%2C360&ssl=1&resize=350%2C200","width":350,"height":200,"srcset":"https:\/\/i0.wp.com\/www.shqiperia.com\/blog\/wp-content\/uploads\/2026\/08\/640-0-4c5bd957a0010e4b79341d51bc61be38.jpg?fit=640%2C360&ssl=1&resize=350%2C200 1x, https:\/\/i0.wp.com\/www.shqiperia.com\/blog\/wp-content\/uploads\/2026\/08\/640-0-4c5bd957a0010e4b79341d51bc61be38.jpg?fit=640%2C360&ssl=1&resize=525%2C300 1.5x"},"classes":[]},{"id":103748,"url":"https:\/\/www.shqiperia.com\/blog\/nxehtesia-po-vret-midhjet-dhe-molusqet-ndersa-gaforrja-blu-po-shumohet-pa-pushim\/","url_meta":{"origin":103077,"position":4},"title":"Nxeht\u00ebsia po vret midhjet dhe molusqet, nd\u00ebrsa gaforrja blu po shumohet pa pushim","author":"Kurt Farka","date":"August 4, 2026","format":false,"excerpt":"4 Gusht 2026 Val\u00ebt e t\u00eb nxehtit po i mbytin midhjet, molusqet dhe prodhimin e peshkut n\u00eb laguna dhe pellgje, por jo gaforren blu, e cila, p\u00ebrkundrazi, vazhdon t\u00eb zgjerohet pa probleme. Konfirmimi vjen p\u00ebr ANSA-n nga Confcooperative Agroalimentare e Pesca, duke raportuar nj\u00eb p\u00ebrkeq\u00ebsim t\u00eb emergjenc\u00ebs nga Adriatiku i\u2026","rel":"","context":"In &quot;Blogu i Udh\u00ebtarit&quot;","block_context":{"text":"Blogu i Udh\u00ebtarit","link":"https:\/\/www.shqiperia.com\/blog\/category\/blogu-i-udhetarit\/"},"img":{"alt_text":"","src":"https:\/\/i0.wp.com\/www.shqiperia.com\/blog\/wp-content\/uploads\/2026\/08\/auto_GAFORRJA1785655123.jpg?fit=900%2C600&ssl=1&resize=350%2C200","width":350,"height":200,"srcset":"https:\/\/i0.wp.com\/www.shqiperia.com\/blog\/wp-content\/uploads\/2026\/08\/auto_GAFORRJA1785655123.jpg?fit=900%2C600&ssl=1&resize=350%2C200 1x, https:\/\/i0.wp.com\/www.shqiperia.com\/blog\/wp-content\/uploads\/2026\/08\/auto_GAFORRJA1785655123.jpg?fit=900%2C600&ssl=1&resize=525%2C300 1.5x, https:\/\/i0.wp.com\/www.shqiperia.com\/blog\/wp-content\/uploads\/2026\/08\/auto_GAFORRJA1785655123.jpg?fit=900%2C600&ssl=1&resize=700%2C400 2x"},"classes":[]},{"id":104785,"url":"https:\/\/www.shqiperia.com\/blog\/semundja-e-lopes-se-cmendur-rikthehet-ne-skoci-konfirmohet-rasti-i-bse-ne-nje-ferme\/","url_meta":{"origin":103077,"position":5},"title":"\u201cS\u00ebmundja e lop\u00ebs s\u00eb \u00e7mendur\u201d rikthehet n\u00eb Skoci, konfirmohet rasti i BSE n\u00eb nj\u00eb ferm\u00eb","author":"Kurt Farka","date":"August 20, 2026","format":false,"excerpt":"20 Gusht 2026 Nj\u00eb rast i encefalopatis\u00eb sfungjerore t\u00eb gjedhit (BSE), e njohur gjer\u00ebsisht si \u201cs\u00ebmundja e lop\u00ebs s\u00eb \u00e7mendur\u201d, \u00ebsht\u00eb konfirmuar n\u00eb nj\u00eb ferm\u00eb n\u00eb Dumfries dhe Galloway, n\u00eb Skoci. Autoritetet skoceze kan\u00eb marr\u00eb masa parandaluese p\u00ebr kufizimin e l\u00ebvizjes s\u00eb kafsh\u00ebs s\u00eb prekur, si dhe t\u00eb kafsh\u00ebve t\u00eb\u2026","rel":"","context":"In &quot;Blogu i Udh\u00ebtarit&quot;","block_context":{"text":"Blogu i Udh\u00ebtarit","link":"https:\/\/www.shqiperia.com\/blog\/category\/blogu-i-udhetarit\/"},"img":{"alt_text":"","src":"https:\/\/i0.wp.com\/www.shqiperia.com\/blog\/wp-content\/uploads\/2026\/08\/agelades-xroma.jpg?fit=1200%2C674&ssl=1&resize=350%2C200","width":350,"height":200,"srcset":"https:\/\/i0.wp.com\/www.shqiperia.com\/blog\/wp-content\/uploads\/2026\/08\/agelades-xroma.jpg?fit=1200%2C674&ssl=1&resize=350%2C200 1x, https:\/\/i0.wp.com\/www.shqiperia.com\/blog\/wp-content\/uploads\/2026\/08\/agelades-xroma.jpg?fit=1200%2C674&ssl=1&resize=525%2C300 1.5x, https:\/\/i0.wp.com\/www.shqiperia.com\/blog\/wp-content\/uploads\/2026\/08\/agelades-xroma.jpg?fit=1200%2C674&ssl=1&resize=700%2C400 2x, https:\/\/i0.wp.com\/www.shqiperia.com\/blog\/wp-content\/uploads\/2026\/08\/agelades-xroma.jpg?fit=1200%2C674&ssl=1&resize=1050%2C600 3x"},"classes":[]}],"_links":{"self":[{"href":"https:\/\/www.shqiperia.com\/blog\/wp-json\/wp\/v2\/posts\/103077","targetHints":{"allow":["GET"]}}],"collection":[{"href":"https:\/\/www.shqiperia.com\/blog\/wp-json\/wp\/v2\/posts"}],"about":[{"href":"https:\/\/www.shqiperia.com\/blog\/wp-json\/wp\/v2\/types\/post"}],"author":[{"embeddable":true,"href":"https:\/\/www.shqiperia.com\/blog\/wp-json\/wp\/v2\/users\/9"}],"replies":[{"embeddable":true,"href":"https:\/\/www.shqiperia.com\/blog\/wp-json\/wp\/v2\/comments?post=103077"}],"version-history":[{"count":1,"href":"https:\/\/www.shqiperia.com\/blog\/wp-json\/wp\/v2\/posts\/103077\/revisions"}],"predecessor-version":[{"id":103079,"href":"https:\/\/www.shqiperia.com\/blog\/wp-json\/wp\/v2\/posts\/103077\/revisions\/103079"}],"wp:featuredmedia":[{"embeddable":true,"href":"https:\/\/www.shqiperia.com\/blog\/wp-json\/wp\/v2\/media\/103078"}],"wp:attachment":[{"href":"https:\/\/www.shqiperia.com\/blog\/wp-json\/wp\/v2\/media?parent=103077"}],"wp:term":[{"taxonomy":"category","embeddable":true,"href":"https:\/\/www.shqiperia.com\/blog\/wp-json\/wp\/v2\/categories?post=103077"},{"taxonomy":"post_tag","embeddable":true,"href":"https:\/\/www.shqiperia.com\/blog\/wp-json\/wp\/v2\/tags?post=103077"}],"curies":[{"name":"wp","href":"https:\/\/api.w.org\/{rel}","templated":true}]}}