{"id":103070,"date":"2026-07-22T03:25:19","date_gmt":"2026-07-22T03:25:19","guid":{"rendered":"https:\/\/www.shqiperia.com\/blog\/?p=103070"},"modified":"2026-07-22T03:25:19","modified_gmt":"2026-07-22T03:25:19","slug":"cfare-e-vrau-muzen-e-boticelit-a-eshte-zgjidhur-rasti-mjekesor-550-vjecar","status":"publish","type":"post","link":"https:\/\/www.shqiperia.com\/blog\/cfare-e-vrau-muzen-e-boticelit-a-eshte-zgjidhur-rasti-mjekesor-550-vjecar\/","title":{"rendered":"\u00c7far\u00eb e vrau muz\u00ebn e Boti\u00e7elit: A \u00ebsht\u00eb zgjidhur rasti mjek\u00ebsor 550-vje\u00e7ar?"},"content":{"rendered":"<p><img data-recalc-dims=\"1\" loading=\"lazy\" decoding=\"async\" data-attachment-id=\"103071\" data-permalink=\"https:\/\/www.shqiperia.com\/blog\/cfare-e-vrau-muzen-e-boticelit-a-eshte-zgjidhur-rasti-mjekesor-550-vjecar\/1-37\/\" data-orig-file=\"https:\/\/i0.wp.com\/www.shqiperia.com\/blog\/wp-content\/uploads\/2026\/07\/1.jpg?fit=513%2C396&amp;ssl=1\" data-orig-size=\"513,396\" data-comments-opened=\"1\" data-image-meta=\"{&quot;aperture&quot;:&quot;0&quot;,&quot;credit&quot;:&quot;Alessandro Botticelli&quot;,&quot;camera&quot;:&quot;&quot;,&quot;caption&quot;:&quot;&quot;,&quot;created_timestamp&quot;:&quot;0&quot;,&quot;copyright&quot;:&quot;&quot;,&quot;focal_length&quot;:&quot;0&quot;,&quot;iso&quot;:&quot;0&quot;,&quot;shutter_speed&quot;:&quot;0&quot;,&quot;title&quot;:&quot;&quot;,&quot;orientation&quot;:&quot;1&quot;}\" data-image-title=\"1\" data-image-description=\"\" data-image-caption=\"\" data-medium-file=\"https:\/\/i0.wp.com\/www.shqiperia.com\/blog\/wp-content\/uploads\/2026\/07\/1.jpg?fit=300%2C232&amp;ssl=1\" data-large-file=\"https:\/\/i0.wp.com\/www.shqiperia.com\/blog\/wp-content\/uploads\/2026\/07\/1.jpg?fit=513%2C396&amp;ssl=1\" class=\"alignnone  wp-image-103071\" alt=\"\" src=\"https:\/\/i0.wp.com\/www.shqiperia.com\/blog\/wp-content\/uploads\/2026\/07\/1.jpg?resize=575%2C445&#038;ssl=1\" width=\"575\" height=\"445\" srcset=\"https:\/\/i0.wp.com\/www.shqiperia.com\/blog\/wp-content\/uploads\/2026\/07\/1.jpg?resize=300%2C232&amp;ssl=1 300w, https:\/\/i0.wp.com\/www.shqiperia.com\/blog\/wp-content\/uploads\/2026\/07\/1.jpg?resize=450%2C347&amp;ssl=1 450w, https:\/\/i0.wp.com\/www.shqiperia.com\/blog\/wp-content\/uploads\/2026\/07\/1.jpg?resize=400%2C309&amp;ssl=1 400w, https:\/\/i0.wp.com\/www.shqiperia.com\/blog\/wp-content\/uploads\/2026\/07\/1.jpg?w=513&amp;ssl=1 513w\" sizes=\"auto, (max-width: 575px) 100vw, 575px\" \/><\/p>\n<p>22 Korrik 2026<\/p>\n<p><span><strong>Nga Paolo Pozzilli\/<\/strong><\/span><\/p>\n<p>Simoneta Vespu\u00e7i \u00ebsht\u00eb ndoshta nj\u00eb nga grat\u00eb m\u00eb t\u00eb pikturuara t\u00eb Rilindjes Italiane. Besohet gjer\u00ebsisht se Sandro Boti\u00e7eli e p\u00ebrdori at\u00eb si model p\u00ebr Venusin dhe ajo shfaqet, e shnd\u00ebrruar dhe e idealizuar, n\u00eb disa nga veprat e tij m\u00eb t\u00eb famshme.<\/p>\n<p>Ajo vdiq n\u00eb vitin 1476, vet\u00ebm 23 vje\u00e7e. P\u00ebr shekuj me radh\u00eb, historian\u00ebt kan\u00eb supozuar se shkaku ishte tuberkulozi, nj\u00eb s\u00ebmundje e zakonshme dhe shpesh vdekjeprur\u00ebse, q\u00eb p\u00ebrputhej me historin\u00eb e nj\u00eb gruaje t\u00eb re q\u00eb u dob\u00ebsua shpejt.<\/p>\n<p>N\u00eb vitin 2019, un\u00eb dhe koleg\u00ebt e mi propozuam nj\u00eb shpjegim tjet\u00ebr. Ne shqyrtuam portretet q\u00eb i atribuohen Boti\u00e7elit, s\u00eb bashku me p\u00ebrshkrimet e shkruara t\u00eb koh\u00ebs, p\u00ebr t\u00eb par\u00eb n\u00ebse fytyra e s\u00eb nj\u00ebjt\u00ebs grua ndryshonte n\u00eb m\u00ebnyra q\u00eb mund t\u00eb pasqyronin nj\u00eb s\u00ebmundje t\u00eb fsheht\u00eb.<\/p>\n<p>Ajo q\u00eb zbuluam ishte nj\u00eb ndryshim i ngadalt\u00eb i tipareve t\u00eb saj n\u00eb disa piktura, ndryshime t\u00eb lehta n\u00eb nofull, ball\u00eb dhe indet e buta t\u00eb fytyr\u00ebs. K\u00ebto jan\u00eb llojet e ndryshimeve q\u00eb shihen te pacient\u00ebt me adenom\u00eb t\u00eb hipofiz\u00ebs, nj\u00eb tumor i gjendr\u00ebs s\u00eb vog\u00ebl n\u00eb baz\u00ebn e trurit q\u00eb kontrollon prodhimin e hormoneve.<\/p>\n<p>M\u00eb konkretisht, dyshuam p\u00ebr nj\u00eb tumor q\u00eb prodhonte si hormonin e rritjes, ashtu edhe prolaktin\u00ebn. Sasia e tep\u00ebrt e k\u00ebtyre hormoneve mund t\u00eb ndryshoj\u00eb gradualisht konturet e fytyr\u00ebs dhe, n\u00eb disa raste, t\u00eb shkaktoj\u00eb prodhim qum\u00ebshti pa shtatz\u00ebni. Nj\u00eb figur\u00eb alegorike n\u00eb nj\u00eb nga veprat e Boti\u00e7elit duket se paraqet pik\u00ebrisht k\u00ebt\u00eb simptom\u00eb.<\/p>\n<p>Studimi yn\u00eb i vitit 2019 ishte i kujdessh\u00ebm. Ne nuk pretendonim se kishim prova p\u00ebrfundimtare, vet\u00ebm ofronim nj\u00eb interpretim t\u00eb besuesh\u00ebm mjek\u00ebsor t\u00eb d\u00ebshmive vizuale, duke nd\u00ebrthurur historin\u00eb e artit me endokrinologjin\u00eb klinike.<\/p>\n<p>Tani, n\u00eb nj\u00eb studim t\u00eb ri t\u00eb botuar n\u00eb revist\u00ebn Endocrinology, Diabetesand Metabolism, ekipi im dhe un\u00eb kemi shkuar edhe m\u00eb tej. Ne besojm\u00eb se vet\u00eb vdekja e Simonet\u00ebs, e papritur, e shpejt\u00eb dhe dramatike sipas d\u00ebshmive t\u00eb koh\u00ebs, p\u00ebrputhet me nj\u00eb urgjenc\u00eb t\u00eb ve\u00e7ant\u00eb mjek\u00ebsore: apopleksin\u00eb e tumorit t\u00eb hipofiz\u00ebs.<\/p>\n<p>Apopleksia ndodh kur nj\u00eb tumor i hipofiz\u00ebs p\u00ebson hemorragji ose fryhet me shpejt\u00ebsi. Zakonisht shkakton nj\u00eb dhimbje koke t\u00eb fort\u00eb dhe t\u00eb menj\u00ebhershme, humbje t\u00eb shikimit, konfuzion dhe nj\u00eb p\u00ebrkeq\u00ebsim t\u00eb shpejt\u00eb, pasi sistemi hormonal i trupit d\u00ebshton t\u00eb funksionoj\u00eb normalisht.<\/p>\n<p>Ne argumentojm\u00eb se kjo do t\u00eb shpjegonte di\u00e7ka q\u00eb vet\u00ebm tuberkulozi e ka t\u00eb v\u00ebshtir\u00eb ta shpjegoj\u00eb: si nj\u00eb grua e re, q\u00eb dukej e sh\u00ebndetshme, kaloi nga gjendja normale n\u00eb vdekje brenda nj\u00eb periudhe t\u00eb shkurt\u00ebr. Infeksionet kronike si tuberkulozi zakonisht shkaktojn\u00eb nj\u00eb p\u00ebrkeq\u00ebsim m\u00eb t\u00eb ngadalt\u00eb dhe m\u00eb t\u00eb duksh\u00ebm.<\/p>\n<p><span><strong>Tri linja provash<\/strong><\/span><\/p>\n<p><img decoding=\"async\" alt=\"Image\" src=\"https:\/\/www.syri.net\/uploads\/syri.net\/images\/2026\/July\/21\/auto_file-20260707-71-92wb8y1784618981.avif\" \/><\/p>\n<p>Argumenti yn\u00eb mb\u00ebshtetet n\u00eb tri linja provash. S\u00eb pari, ndryshimet fizike q\u00eb shihen n\u00eb portretet e saj, Boti\u00e7eli e pikturoi disa her\u00eb, nga vitet 1470 deri te Lindja e Venusit e realizuar pas vdekjes s\u00eb saj (1482\u20131485), t\u00eb cilat sugjerojn\u00eb nj\u00eb tumor q\u00eb \u00ebsht\u00eb zhvilluar gjat\u00eb muajve ose viteve.<\/p>\n<p>S\u00eb dyti, simptomat e p\u00ebrshkruara n\u00eb kronikat e s\u00ebmundjes s\u00eb saj t\u00eb fundit (letrat e shk\u00ebmbyera midis Piero Vespu\u00e7it dhe Lorenco de&#8217; Medi\u00e7it, q\u00eb p\u00ebrshkruajn\u00eb rr\u00ebzimin e saj gjat\u00eb nj\u00eb balloje dhe dhimbjet e kok\u00ebs, halucinacionet, t\u00eb vjellat dhe temperatur\u00ebn q\u00eb pasuan), p\u00ebrputhen ngusht\u00eb me paraqitjen klinike t\u00eb apopleksis\u00eb.<\/p>\n<p>S\u00eb treti, dy ngjarje t\u00eb dokumentuara n\u00eb muajt para vdekjes s\u00eb saj, rr\u00ebzimi gjat\u00eb nj\u00eb k\u00ebrcimi energjik n\u00eb nj\u00eb ballo dhe nj\u00eb p\u00ebrplasje e dhunshme e pretenduar me Alfonso II t\u00eb Aragon\u00ebs, Duka i Kalabris\u00eb, mund t\u00eb ken\u00eb shkaktuar hemorragjin\u00eb ose zgjerimin e menj\u00ebhersh\u00ebm t\u00eb tumorit.<\/p>\n<p>Asnj\u00ebra prej k\u00ebtyre nuk p\u00ebrb\u00ebn siguri absolute. Nuk ekziston asnj\u00eb most\u00ebr indi nga viti 1476, as skanime dhe as ndonj\u00eb m\u00ebnyr\u00eb p\u00ebr ta ekzaminuar drejtp\u00ebrdrejt Simonet\u00ebn. Kemi vet\u00ebm pikturat, letrat dhe arsyetimin klinik t\u00eb zbatuar pes\u00eb shekuj m\u00eb von\u00eb.<\/p>\n<p>Ajo q\u00eb mund t\u00eb themi \u00ebsht\u00eb se nj\u00eb tumor i aft\u00eb t\u00eb ndryshoj\u00eb ngadal\u00eb tiparet e fytyr\u00ebs s\u00eb nj\u00eb personi \u00ebsht\u00eb gjithashtu i aft\u00eb, n\u00ebse \u00e7ahet ose p\u00ebson hemorragji, ta vras\u00eb at\u00eb shum\u00eb shpejt. T\u00eb marra s\u00eb bashku, portretet dhe t\u00eb dh\u00ebnat historike tregojn\u00eb nj\u00eb histori m\u00eb t\u00eb plot\u00eb sesa mund t\u00eb tregonte secila prej tyre m\u00eb vete.<\/p>\n<p>Shpresojm\u00eb q\u00eb kjo t&#8217;i nxis\u00eb si historian\u00ebt, ashtu edhe profesionist\u00ebt e mjek\u00ebsis\u00eb, ta rishqyrtojn\u00eb raste si ai i Simonet\u00ebs. Njohurit\u00eb mjek\u00ebsore ndonj\u00ebher\u00eb mund t&#8217;u japin p\u00ebrgjigje pyetjeve q\u00eb dokumentet historike nuk mund t&#8217;i zgjidhin. Nga ana tjet\u00ebr, misteret historike mund ta shtyjn\u00eb mjek\u00ebsin\u00eb t\u00eb mendoj\u00eb ndryshe p\u00ebr m\u00ebnyr\u00ebn se si s\u00ebmundjet zhvillohen n\u00eb trup me kalimin e koh\u00ebs.<strong><span>\u00a0<\/span>\/ The Conversation<span>\u00a0<\/span><\/strong><\/p>\n","protected":false},"excerpt":{"rendered":"<p>22 Korrik 2026 Nga Paolo Pozzilli\/ Simoneta Vespu\u00e7i \u00ebsht\u00eb ndoshta nj\u00eb nga grat\u00eb m\u00eb t\u00eb pikturuara t\u00eb Rilindjes Italiane. Besohet gjer\u00ebsisht se Sandro Boti\u00e7eli e p\u00ebrdori at\u00eb si model p\u00ebr Venusin dhe ajo shfaqet, e shnd\u00ebrruar dhe e idealizuar, n\u00eb disa nga veprat e tij m\u00eb t\u00eb famshme. Ajo vdiq n\u00eb vitin 1476, vet\u00ebm 23 [&hellip;]<\/p>\n","protected":false},"author":9,"featured_media":103071,"comment_status":"open","ping_status":"open","sticky":false,"template":"","format":"standard","meta":{"jetpack_post_was_ever_published":false,"_jetpack_newsletter_access":"","_jetpack_dont_email_post_to_subs":false,"_jetpack_newsletter_tier_id":0,"_jetpack_memberships_contains_paywalled_content":false,"_jetpack_memberships_contains_paid_content":false,"footnotes":"","jetpack_publicize_message":"","jetpack_publicize_feature_enabled":true,"jetpack_social_post_already_shared":true,"jetpack_social_options":{"image_generator_settings":{"template":"highway","default_image_id":0,"font":"","enabled":false},"version":2}},"categories":[27,85,10,86],"tags":[],"class_list":["post-103070","post","type-post","status-publish","format-standard","has-post-thumbnail","hentry","category-blogu-i-udhetarit","category-histori","category-kultura","category-trashegimi-kulturore"],"jetpack_publicize_connections":[],"jetpack_featured_media_url":"https:\/\/i0.wp.com\/www.shqiperia.com\/blog\/wp-content\/uploads\/2026\/07\/1.jpg?fit=513%2C396&ssl=1","jetpack_sharing_enabled":true,"jetpack_shortlink":"https:\/\/wp.me\/p5Z6wp-qOq","jetpack-related-posts":[{"id":104824,"url":"https:\/\/www.shqiperia.com\/blog\/5-figura-te-njohura-historike-qe-nuk-kane-ekzistuar\/","url_meta":{"origin":103070,"position":0},"title":"5 figura t\u00eb njohura historike q\u00eb nuk kan\u00eb ekzistuar","author":"Kurt Farka","date":"August 20, 2026","format":false,"excerpt":"20 Gusht 2026 Historia \u00ebsht\u00eb plot me figura t\u00eb famshme, fjal\u00ebt dhe veprat e t\u00eb cilave kan\u00eb jehuar nd\u00ebr shekuj. Por her\u00eb pas here, nj\u00eb personazh imagjinar futet aq thell\u00eb n\u00eb nd\u00ebrgjegjen e publikut, saq\u00eb nis t\u00eb besohet si nj\u00eb figur\u00eb reale. Ka edhe raste t\u00eb debatueshme, si mbreti Artur,\u2026","rel":"","context":"In &quot;Blogu i Udh\u00ebtarit&quot;","block_context":{"text":"Blogu i Udh\u00ebtarit","link":"https:\/\/www.shqiperia.com\/blog\/category\/blogu-i-udhetarit\/"},"img":{"alt_text":"","src":"https:\/\/i0.wp.com\/www.shqiperia.com\/blog\/wp-content\/uploads\/2026\/08\/auto_images_GettyImages_mmsport_mentalfloss_01kx0yvv60r4shtjneg81787216504.webp?fit=720%2C405&ssl=1&resize=350%2C200","width":350,"height":200,"srcset":"https:\/\/i0.wp.com\/www.shqiperia.com\/blog\/wp-content\/uploads\/2026\/08\/auto_images_GettyImages_mmsport_mentalfloss_01kx0yvv60r4shtjneg81787216504.webp?fit=720%2C405&ssl=1&resize=350%2C200 1x, https:\/\/i0.wp.com\/www.shqiperia.com\/blog\/wp-content\/uploads\/2026\/08\/auto_images_GettyImages_mmsport_mentalfloss_01kx0yvv60r4shtjneg81787216504.webp?fit=720%2C405&ssl=1&resize=525%2C300 1.5x, https:\/\/i0.wp.com\/www.shqiperia.com\/blog\/wp-content\/uploads\/2026\/08\/auto_images_GettyImages_mmsport_mentalfloss_01kx0yvv60r4shtjneg81787216504.webp?fit=720%2C405&ssl=1&resize=700%2C400 2x"},"classes":[]},{"id":102467,"url":"https:\/\/www.shqiperia.com\/blog\/fytyrat-e-protestes-13-nga-agjentet-me-te-rrezikshem-ankohen-per-korrupsionin-sistemin-shendetesor-arsimor-te-dobet-mungesen-e-lirise-se-medias-dhe-nje-sistem-drejtesie-jofunksi\/","url_meta":{"origin":103070,"position":1},"title":"Fytyrat e protest\u00ebs: 13 nga \u201cagjent\u00ebt m\u00eb t\u00eb rreziksh\u00ebm\u201c  ankohen p\u00ebr korrupsionin, sistemin sh\u00ebndet\u00ebsor, arsimor t\u00eb dob\u00ebt, munges\u00ebn e liris\u00eb s\u00eb medias dhe nj\u00eb sistem drejt\u00ebsie jofunksional.","author":"Kurt Farka","date":"July 10, 2026","format":false,"excerpt":"10 Korrik 2026 Kryeministri Rama pretendon se protestat e p\u00ebrditshme q\u00eb po tronditin Tiran\u00ebn jan\u00eb t\u00eb gabuara ose t\u00eb manipuluara nga jasht\u00eb. BIRN bisedoi me disa nga protestuesit m\u00eb t\u00eb p\u00ebrkushtuar p\u00ebr t\u00eb m\u00ebsuar m\u00eb shum\u00eb rreth shpresave t\u00eb tyre p\u00ebr ndryshim Ajo q\u00eb nisi si nj\u00eb protest\u00eb kund\u00ebr nd\u00ebrtimit\u2026","rel":"","context":"In &quot;Blogu i Udh\u00ebtarit&quot;","block_context":{"text":"Blogu i Udh\u00ebtarit","link":"https:\/\/www.shqiperia.com\/blog\/category\/blogu-i-udhetarit\/"},"img":{"alt_text":"","src":"https:\/\/i0.wp.com\/www.shqiperia.com\/blog\/wp-content\/uploads\/2026\/07\/v2-cover-750x450-1.webp?fit=750%2C450&ssl=1&resize=350%2C200","width":350,"height":200,"srcset":"https:\/\/i0.wp.com\/www.shqiperia.com\/blog\/wp-content\/uploads\/2026\/07\/v2-cover-750x450-1.webp?fit=750%2C450&ssl=1&resize=350%2C200 1x, https:\/\/i0.wp.com\/www.shqiperia.com\/blog\/wp-content\/uploads\/2026\/07\/v2-cover-750x450-1.webp?fit=750%2C450&ssl=1&resize=525%2C300 1.5x, https:\/\/i0.wp.com\/www.shqiperia.com\/blog\/wp-content\/uploads\/2026\/07\/v2-cover-750x450-1.webp?fit=750%2C450&ssl=1&resize=700%2C400 2x"},"classes":[]},{"id":102599,"url":"https:\/\/www.shqiperia.com\/blog\/der-standard-rama-ka-rikthyer-hijet-e-diktatures-ne-shqiperi\/","url_meta":{"origin":103070,"position":2},"title":"\u2018Der Standard\u2019: &#8211; Rama ka rikthyer hijet e diktatur\u00ebs n\u00eb Shqip\u00ebri","author":"Kurt Farka","date":"July 13, 2026","format":false,"excerpt":"13 Korrik 2026 Mbik\u00ebqyrje e popullsis\u00eb, frik\u00ebsim dhe abuzim me strukturat publike. Vendi nuk \u00ebsht\u00eb ende i lir\u00eb. Shkruan nga Tirana Adelheid W\u00f6lfl\/ Patroni jo vet\u00ebm q\u00eb kontrollon pun\u00ebt e vendit, por edhe ato t\u00eb kryeqytetit, Tiran\u00ebs. Meqen\u00ebse kryetari i bashkis\u00eb, Erion Veliaj, \u00ebsht\u00eb burgosur q\u00eb nga shkurti i vitit\u2026","rel":"","context":"In &quot;Blogu i Udh\u00ebtarit&quot;","block_context":{"text":"Blogu i Udh\u00ebtarit","link":"https:\/\/www.shqiperia.com\/blog\/category\/blogu-i-udhetarit\/"},"img":{"alt_text":"","src":"https:\/\/i0.wp.com\/www.shqiperia.com\/blog\/wp-content\/uploads\/2026\/07\/auto_sxsxsxeeeeeeee-6a53c1a9bf3e71783928270.jpg?fit=900%2C597&ssl=1&resize=350%2C200","width":350,"height":200,"srcset":"https:\/\/i0.wp.com\/www.shqiperia.com\/blog\/wp-content\/uploads\/2026\/07\/auto_sxsxsxeeeeeeee-6a53c1a9bf3e71783928270.jpg?fit=900%2C597&ssl=1&resize=350%2C200 1x, https:\/\/i0.wp.com\/www.shqiperia.com\/blog\/wp-content\/uploads\/2026\/07\/auto_sxsxsxeeeeeeee-6a53c1a9bf3e71783928270.jpg?fit=900%2C597&ssl=1&resize=525%2C300 1.5x, https:\/\/i0.wp.com\/www.shqiperia.com\/blog\/wp-content\/uploads\/2026\/07\/auto_sxsxsxeeeeeeee-6a53c1a9bf3e71783928270.jpg?fit=900%2C597&ssl=1&resize=700%2C400 2x"},"classes":[]},{"id":103714,"url":"https:\/\/www.shqiperia.com\/blog\/koleksioni-misterioz-qe-nisi-nga-nje-sy-i-pikturuar\/","url_meta":{"origin":103070,"position":3},"title":"Koleksioni misterioz q\u00eb nisi nga nj\u00eb sy i pikturuar","author":"Kurt Farka","date":"August 3, 2026","format":false,"excerpt":"3 Gusht 2026 Ajo q\u00eb nisi si nj\u00eb blerje e rast\u00ebsishme n\u00eb nj\u00eb panair antikesh n\u00eb Boston, u shnd\u00ebrrua n\u00eb nj\u00eb pasion q\u00eb zgjati prej m\u00eb shum\u00eb se kat\u00ebr dekadash. David dhe Nan Skier, nj\u00eb \u00e7ift nga Alabama e SHBA-ve, kan\u00eb krijuar at\u00eb q\u00eb konsiderohet koleksioni m\u00eb i madh n\u00eb\u2026","rel":"","context":"In &quot;Blogu i Udh\u00ebtarit&quot;","block_context":{"text":"Blogu i Udh\u00ebtarit","link":"https:\/\/www.shqiperia.com\/blog\/category\/blogu-i-udhetarit\/"},"img":{"alt_text":"","src":"https:\/\/i0.wp.com\/www.shqiperia.com\/blog\/wp-content\/uploads\/2026\/08\/image-30-1024x683-1.png?fit=1024%2C683&ssl=1&resize=350%2C200","width":350,"height":200,"srcset":"https:\/\/i0.wp.com\/www.shqiperia.com\/blog\/wp-content\/uploads\/2026\/08\/image-30-1024x683-1.png?fit=1024%2C683&ssl=1&resize=350%2C200 1x, https:\/\/i0.wp.com\/www.shqiperia.com\/blog\/wp-content\/uploads\/2026\/08\/image-30-1024x683-1.png?fit=1024%2C683&ssl=1&resize=525%2C300 1.5x, https:\/\/i0.wp.com\/www.shqiperia.com\/blog\/wp-content\/uploads\/2026\/08\/image-30-1024x683-1.png?fit=1024%2C683&ssl=1&resize=700%2C400 2x"},"classes":[]},{"id":102286,"url":"https:\/\/www.shqiperia.com\/blog\/ditmir-bushati-fryma-e-revoltes-nuk-do-te-shuhet\/","url_meta":{"origin":103070,"position":4},"title":"Ditmir Bushati: &#8211; Fryma e revolt\u00ebs nuk do t\u00eb shuhet","author":"Kurt Farka","date":"July 6, 2026","format":false,"excerpt":"6 Korrik 2026 Nga Ditmir Bushati E ARDHMJA \u00cbSHT\u00cb K\u00cbTU Kudo ku kam udh\u00ebtuar gjat\u00eb k\u00ebtyre jav\u00ebve p\u00ebr arsye pune, n\u00eb takime apo telefonata me miq anemban\u00eb bot\u00ebs, jam ndier krenar\u00eb p\u00ebr fjal\u00ebt e mira q\u00eb kam d\u00ebgjuar p\u00ebr Shqip\u00ebrin\u00eb. Pasqyrimi i protestave disa javore nga mediat prestigjioze nd\u00ebrkomb\u00ebtare e\u2026","rel":"","context":"In &quot;Blogu i Udh\u00ebtarit&quot;","block_context":{"text":"Blogu i Udh\u00ebtarit","link":"https:\/\/www.shqiperia.com\/blog\/category\/blogu-i-udhetarit\/"},"img":{"alt_text":"","src":"https:\/\/i0.wp.com\/www.shqiperia.com\/blog\/wp-content\/uploads\/2026\/07\/Capture-71-1.jpg?fit=1195%2C681&ssl=1&resize=350%2C200","width":350,"height":200,"srcset":"https:\/\/i0.wp.com\/www.shqiperia.com\/blog\/wp-content\/uploads\/2026\/07\/Capture-71-1.jpg?fit=1195%2C681&ssl=1&resize=350%2C200 1x, https:\/\/i0.wp.com\/www.shqiperia.com\/blog\/wp-content\/uploads\/2026\/07\/Capture-71-1.jpg?fit=1195%2C681&ssl=1&resize=525%2C300 1.5x, https:\/\/i0.wp.com\/www.shqiperia.com\/blog\/wp-content\/uploads\/2026\/07\/Capture-71-1.jpg?fit=1195%2C681&ssl=1&resize=700%2C400 2x, https:\/\/i0.wp.com\/www.shqiperia.com\/blog\/wp-content\/uploads\/2026\/07\/Capture-71-1.jpg?fit=1195%2C681&ssl=1&resize=1050%2C600 3x"},"classes":[]},{"id":105939,"url":"https:\/\/www.shqiperia.com\/blog\/piktura-e-grabitur-nga-nazistet-ne-ankand-me-cmim-fillestar-25-milione-euro\/","url_meta":{"origin":103070,"position":5},"title":"Piktura e grabitur nga nazist\u00ebt, n\u00eb ankand me \u00e7mim fillestar 25 milion\u00eb euro","author":"Kurt Farka","date":"September 4, 2026","format":false,"excerpt":"4 Shtator 2026 Nj\u00eb piktur\u00eb e Wassily Kandinskyt, e l\u00ebn\u00eb nga nj\u00eb familje holandeze q\u00eb u arratis nga pushtimi nazist dhe q\u00eb m\u00eb von\u00eb u ekspozua p\u00ebr dekada n\u00eb nj\u00eb muze gjerman, do t\u00eb dal\u00eb n\u00eb ankandin e \u201cChristie\u2019s\u201d n\u00eb Lond\u00ebr m\u00eb 14 tetor. Me nj\u00eb vler\u00eb t\u00eb parashikuar mbi\u2026","rel":"","context":"In &quot;Arte&quot;","block_context":{"text":"Arte","link":"https:\/\/www.shqiperia.com\/blog\/category\/arte\/"},"img":{"alt_text":"","src":"https:\/\/i0.wp.com\/www.shqiperia.com\/blog\/wp-content\/uploads\/2026\/09\/Wassily-Kandinsky.webp?fit=927%2C716&ssl=1&resize=350%2C200","width":350,"height":200,"srcset":"https:\/\/i0.wp.com\/www.shqiperia.com\/blog\/wp-content\/uploads\/2026\/09\/Wassily-Kandinsky.webp?fit=927%2C716&ssl=1&resize=350%2C200 1x, https:\/\/i0.wp.com\/www.shqiperia.com\/blog\/wp-content\/uploads\/2026\/09\/Wassily-Kandinsky.webp?fit=927%2C716&ssl=1&resize=525%2C300 1.5x, https:\/\/i0.wp.com\/www.shqiperia.com\/blog\/wp-content\/uploads\/2026\/09\/Wassily-Kandinsky.webp?fit=927%2C716&ssl=1&resize=700%2C400 2x"},"classes":[]}],"_links":{"self":[{"href":"https:\/\/www.shqiperia.com\/blog\/wp-json\/wp\/v2\/posts\/103070","targetHints":{"allow":["GET"]}}],"collection":[{"href":"https:\/\/www.shqiperia.com\/blog\/wp-json\/wp\/v2\/posts"}],"about":[{"href":"https:\/\/www.shqiperia.com\/blog\/wp-json\/wp\/v2\/types\/post"}],"author":[{"embeddable":true,"href":"https:\/\/www.shqiperia.com\/blog\/wp-json\/wp\/v2\/users\/9"}],"replies":[{"embeddable":true,"href":"https:\/\/www.shqiperia.com\/blog\/wp-json\/wp\/v2\/comments?post=103070"}],"version-history":[{"count":1,"href":"https:\/\/www.shqiperia.com\/blog\/wp-json\/wp\/v2\/posts\/103070\/revisions"}],"predecessor-version":[{"id":103073,"href":"https:\/\/www.shqiperia.com\/blog\/wp-json\/wp\/v2\/posts\/103070\/revisions\/103073"}],"wp:featuredmedia":[{"embeddable":true,"href":"https:\/\/www.shqiperia.com\/blog\/wp-json\/wp\/v2\/media\/103071"}],"wp:attachment":[{"href":"https:\/\/www.shqiperia.com\/blog\/wp-json\/wp\/v2\/media?parent=103070"}],"wp:term":[{"taxonomy":"category","embeddable":true,"href":"https:\/\/www.shqiperia.com\/blog\/wp-json\/wp\/v2\/categories?post=103070"},{"taxonomy":"post_tag","embeddable":true,"href":"https:\/\/www.shqiperia.com\/blog\/wp-json\/wp\/v2\/tags?post=103070"}],"curies":[{"name":"wp","href":"https:\/\/api.w.org\/{rel}","templated":true}]}}