{"id":103066,"date":"2026-07-22T03:11:31","date_gmt":"2026-07-22T03:11:31","guid":{"rendered":"https:\/\/www.shqiperia.com\/blog\/?p=103066"},"modified":"2026-07-22T03:11:42","modified_gmt":"2026-07-22T03:11:42","slug":"stuhia-e-fuqishme-mberthen-shqiperine-pushuesit-largohen-me-vrap-nga-lungomarja-ne-vlore-situate-e-veshtire-edhe-ne-kosove-e-maqedonine-e-veriut","status":"publish","type":"post","link":"https:\/\/www.shqiperia.com\/blog\/stuhia-e-fuqishme-mberthen-shqiperine-pushuesit-largohen-me-vrap-nga-lungomarja-ne-vlore-situate-e-veshtire-edhe-ne-kosove-e-maqedonine-e-veriut\/","title":{"rendered":"Stuhia e fuqishme \u201cmb\u00ebrthen\u201d Shqip\u00ebrin\u00eb, pushuesit largohen me vrap nga Lungomarja n\u00eb Vlor\u00eb. Situat\u00eb e v\u00ebshtir\u00eb edhe n\u00eb Kosov\u00eb e Maqedonin\u00eb e Veriut"},"content":{"rendered":"<div class=\"firstP\">\n<p><img data-recalc-dims=\"1\" loading=\"lazy\" decoding=\"async\" data-attachment-id=\"103067\" data-permalink=\"https:\/\/www.shqiperia.com\/blog\/stuhia-e-fuqishme-mberthen-shqiperine-pushuesit-largohen-me-vrap-nga-lungomarja-ne-vlore-situate-e-veshtire-edhe-ne-kosove-e-maqedonine-e-veriut\/01468870-f736-44ea-9dcc-9011430808c9_sd-800x450\/\" data-orig-file=\"https:\/\/i0.wp.com\/www.shqiperia.com\/blog\/wp-content\/uploads\/2026\/07\/01468870-f736-44ea-9dcc-9011430808c9_sd-800x450-1.webp?fit=800%2C450&amp;ssl=1\" data-orig-size=\"800,450\" data-comments-opened=\"1\" data-image-meta=\"{&quot;aperture&quot;:&quot;0&quot;,&quot;credit&quot;:&quot;&quot;,&quot;camera&quot;:&quot;&quot;,&quot;caption&quot;:&quot;&quot;,&quot;created_timestamp&quot;:&quot;0&quot;,&quot;copyright&quot;:&quot;&quot;,&quot;focal_length&quot;:&quot;0&quot;,&quot;iso&quot;:&quot;0&quot;,&quot;shutter_speed&quot;:&quot;0&quot;,&quot;title&quot;:&quot;&quot;,&quot;orientation&quot;:&quot;0&quot;}\" data-image-title=\"01468870-f736-44ea-9dcc-9011430808c9_sd-800&#215;450\" data-image-description=\"\" data-image-caption=\"\" data-medium-file=\"https:\/\/i0.wp.com\/www.shqiperia.com\/blog\/wp-content\/uploads\/2026\/07\/01468870-f736-44ea-9dcc-9011430808c9_sd-800x450-1.webp?fit=300%2C169&amp;ssl=1\" data-large-file=\"https:\/\/i0.wp.com\/www.shqiperia.com\/blog\/wp-content\/uploads\/2026\/07\/01468870-f736-44ea-9dcc-9011430808c9_sd-800x450-1.webp?fit=800%2C450&amp;ssl=1\" class=\"alignnone  wp-image-103067\" alt=\"\" src=\"https:\/\/i0.wp.com\/www.shqiperia.com\/blog\/wp-content\/uploads\/2026\/07\/01468870-f736-44ea-9dcc-9011430808c9_sd-800x450-1.webp?resize=659%2C371&#038;ssl=1\" width=\"659\" height=\"371\" srcset=\"https:\/\/i0.wp.com\/www.shqiperia.com\/blog\/wp-content\/uploads\/2026\/07\/01468870-f736-44ea-9dcc-9011430808c9_sd-800x450-1.webp?resize=300%2C169&amp;ssl=1 300w, https:\/\/i0.wp.com\/www.shqiperia.com\/blog\/wp-content\/uploads\/2026\/07\/01468870-f736-44ea-9dcc-9011430808c9_sd-800x450-1.webp?resize=768%2C432&amp;ssl=1 768w, https:\/\/i0.wp.com\/www.shqiperia.com\/blog\/wp-content\/uploads\/2026\/07\/01468870-f736-44ea-9dcc-9011430808c9_sd-800x450-1.webp?resize=450%2C253&amp;ssl=1 450w, https:\/\/i0.wp.com\/www.shqiperia.com\/blog\/wp-content\/uploads\/2026\/07\/01468870-f736-44ea-9dcc-9011430808c9_sd-800x450-1.webp?resize=600%2C338&amp;ssl=1 600w, https:\/\/i0.wp.com\/www.shqiperia.com\/blog\/wp-content\/uploads\/2026\/07\/01468870-f736-44ea-9dcc-9011430808c9_sd-800x450-1.webp?resize=400%2C225&amp;ssl=1 400w, https:\/\/i0.wp.com\/www.shqiperia.com\/blog\/wp-content\/uploads\/2026\/07\/01468870-f736-44ea-9dcc-9011430808c9_sd-800x450-1.webp?w=800&amp;ssl=1 800w\" sizes=\"auto, (max-width: 659px) 100vw, 659px\" \/><\/p>\n<p>22 Korrik 2026<\/p>\n<p>Ashtu si\u00e7 ishte paralajm\u00ebruar, nj\u00eb stuhi e fuqishme ka mb\u00ebrritur n\u00eb Shqip\u00ebri dhe vendet fqinje.<\/p>\n<\/div>\n<p>Era e fort\u00eb p\u00ebrfshiu mbr\u00ebmjen e t\u00eb mart\u00ebs qytetin e Vlor\u00ebs, duke shkaktuar probleme n\u00eb zona t\u00eb ndryshme, nd\u00ebrsa qytetar\u00ebt dhe pushuesit u larguan me shpejt\u00ebsi nga bregdeti, p\u00ebr shkak t\u00eb rrezikut nga rr\u00ebzimi i pem\u00ebve dhe objekteve t\u00eb ndryshme.<\/p>\n<p>N\u00eb zon\u00ebn e Lungomares, bizneset mblodh\u00ebn \u00e7adrat dhe karriget, p\u00ebr shkak t\u00eb er\u00ebs s\u00eb fuqishme, q\u00eb v\u00ebshtir\u00ebsoi aktivitetin normal.<\/p>\n<p>Edhe n\u00eb qarkun e Kuk\u00ebsit, reshjet e shiut, er\u00ebrat me intensitet mesatar dhe shkarkesat elektrike i kan\u00eb dh\u00ebn\u00eb fund val\u00ebs s\u00eb t\u00eb nxehtit.<\/p>\n<p>Stuhia e fuqishme ka p\u00ebrfshir\u00eb edhe Kosov\u00ebn, duke shkaktuar d\u00ebme materiale n\u00eb disa komuna dhe qytete t\u00eb vendit. Nd\u00ebr zonat m\u00eb t\u00eb prekura jan\u00eb fshatra t\u00eb komun\u00ebs s\u00eb Suharek\u00ebs, p\u00ebrfshir\u00eb Vraniqin, ku er\u00ebrat e forta kan\u00eb d\u00ebmtuar banesa, biznese dhe sektorin e bujq\u00ebsis\u00eb.<\/p>\n<p>Stuhia ka p\u00ebrfshir\u00eb edhe Maqedonin\u00eb e Veriut. N\u00eb Shkup, er\u00ebrat e fuqishme kan\u00eb d\u00ebmtuar \u00e7ati banesash, kan\u00eb k\u00ebputur kabllo elektrike dhe kan\u00eb rr\u00ebzuar pem\u00eb, duke shkaktuar probleme n\u00eb disa pjes\u00eb t\u00eb qytetit.<\/p>\n<p>Deri n\u00eb k\u00ebto momente nuk raportohen d\u00ebme apo probleme, nd\u00ebrsa n\u00eb Kosov\u00eb pasojat e stuhis\u00eb mbeten t\u00eb konsiderueshme.<\/p>\n<p><img data-recalc-dims=\"1\" loading=\"lazy\" decoding=\"async\" class=\"alignnone size-medium wp-image-3395884\" alt=\"\" src=\"https:\/\/i0.wp.com\/top-channel.tv\/wp-content\/uploads\/2026\/07\/WhatsApp-Image-2026-07-21-at-9.09.25-PM-1-600x450.jpeg?resize=600%2C450&#038;ssl=1\" width=\"600\" height=\"450\" \/><span>\u00a0<\/span><img data-recalc-dims=\"1\" loading=\"lazy\" decoding=\"async\" class=\"alignnone size-medium wp-image-3395885\" alt=\"\" src=\"https:\/\/i0.wp.com\/top-channel.tv\/wp-content\/uploads\/2026\/07\/WhatsApp-Image-2026-07-21-at-9.09.25-PM-600x450.jpeg?resize=600%2C450&#038;ssl=1\" width=\"600\" height=\"450\" \/><\/p>\n","protected":false},"excerpt":{"rendered":"<p>22 Korrik 2026 Ashtu si\u00e7 ishte paralajm\u00ebruar, nj\u00eb stuhi e fuqishme ka mb\u00ebrritur n\u00eb Shqip\u00ebri dhe vendet fqinje. Era e fort\u00eb p\u00ebrfshiu mbr\u00ebmjen e t\u00eb mart\u00ebs qytetin e Vlor\u00ebs, duke shkaktuar probleme n\u00eb zona t\u00eb ndryshme, nd\u00ebrsa qytetar\u00ebt dhe pushuesit u larguan me shpejt\u00ebsi nga bregdeti, p\u00ebr shkak t\u00eb rrezikut nga rr\u00ebzimi i pem\u00ebve dhe [&hellip;]<\/p>\n","protected":false},"author":9,"featured_media":103067,"comment_status":"open","ping_status":"open","sticky":false,"template":"","format":"standard","meta":{"jetpack_post_was_ever_published":false,"_jetpack_newsletter_access":"","_jetpack_dont_email_post_to_subs":false,"_jetpack_newsletter_tier_id":0,"_jetpack_memberships_contains_paywalled_content":false,"_jetpack_memberships_contains_paid_content":false,"footnotes":"","jetpack_publicize_message":"","jetpack_publicize_feature_enabled":true,"jetpack_social_post_already_shared":true,"jetpack_social_options":{"image_generator_settings":{"template":"highway","default_image_id":0,"font":"","enabled":false},"version":2}},"categories":[27,1],"tags":[],"class_list":["post-103066","post","type-post","status-publish","format-standard","has-post-thumbnail","hentry","category-blogu-i-udhetarit","category-njoftime-shtypi"],"jetpack_publicize_connections":[],"jetpack_featured_media_url":"https:\/\/i0.wp.com\/www.shqiperia.com\/blog\/wp-content\/uploads\/2026\/07\/01468870-f736-44ea-9dcc-9011430808c9_sd-800x450-1.webp?fit=800%2C450&ssl=1","jetpack_sharing_enabled":true,"jetpack_shortlink":"https:\/\/wp.me\/p5Z6wp-qOm","jetpack-related-posts":[{"id":103474,"url":"https:\/\/www.shqiperia.com\/blog\/shperthime-te-fuqishme-ne-magazinen-qe-u-perfshi-nga-flaket-ne-shkozet-situata-jashte-kontrollit\/","url_meta":{"origin":103066,"position":0},"title":"Shp\u00ebrthime t\u00eb fuqishme n\u00eb magazin\u00ebn q\u00eb u p\u00ebrfshi nga flak\u00ebt n\u00eb Shkozet, situata jasht\u00eb kontrollit","author":"Kurt Farka","date":"July 30, 2026","format":false,"excerpt":"30 Korrik 2026 Situata n\u00eb magazin\u00ebn e p\u00ebrfshir\u00eb nga flak\u00ebt n\u00eb zon\u00ebn e Shkozetit, n\u00eb Durr\u00ebs, \u00ebsht\u00eb r\u00ebnduar ndjesh\u00ebm, teksa nga objekti vijojn\u00eb shp\u00ebrthime t\u00eb fuqishme q\u00eb kan\u00eb detyruar zjarrfik\u00ebsit dhe policin\u00eb t\u00eb t\u00ebrhiqen nga perimetri i rrezikut. Sipas informacioneve nga vendngjarja, brenda magazin\u00ebs ndodhen sasi t\u00eb konsiderueshme fishekzjarresh, gjithashtu\u2026","rel":"","context":"In &quot;Blogu i Udh\u00ebtarit&quot;","block_context":{"text":"Blogu i Udh\u00ebtarit","link":"https:\/\/www.shqiperia.com\/blog\/category\/blogu-i-udhetarit\/"},"img":{"alt_text":"","src":"https:\/\/i0.wp.com\/www.shqiperia.com\/blog\/wp-content\/uploads\/2026\/07\/Screenshot-2026-07-30-170904_sd-1.webp?fit=1200%2C675&ssl=1&resize=350%2C200","width":350,"height":200,"srcset":"https:\/\/i0.wp.com\/www.shqiperia.com\/blog\/wp-content\/uploads\/2026\/07\/Screenshot-2026-07-30-170904_sd-1.webp?fit=1200%2C675&ssl=1&resize=350%2C200 1x, https:\/\/i0.wp.com\/www.shqiperia.com\/blog\/wp-content\/uploads\/2026\/07\/Screenshot-2026-07-30-170904_sd-1.webp?fit=1200%2C675&ssl=1&resize=525%2C300 1.5x, https:\/\/i0.wp.com\/www.shqiperia.com\/blog\/wp-content\/uploads\/2026\/07\/Screenshot-2026-07-30-170904_sd-1.webp?fit=1200%2C675&ssl=1&resize=700%2C400 2x, https:\/\/i0.wp.com\/www.shqiperia.com\/blog\/wp-content\/uploads\/2026\/07\/Screenshot-2026-07-30-170904_sd-1.webp?fit=1200%2C675&ssl=1&resize=1050%2C600 3x"},"classes":[]},{"id":106064,"url":"https:\/\/www.shqiperia.com\/blog\/pamje-te-frikshme-nga-himara-flaket-ne-lartesine-e-hoteleve-7-banesa-te-djegura-situata-mengjesin-e-sotem\/","url_meta":{"origin":103066,"position":1},"title":"Pamje t\u00eb frikshme nga Himara, flak\u00ebt n\u00eb lart\u00ebsin\u00eb e hoteleve, 7 banesa t\u00eb djegura. Situata m\u00ebngjesin e sot\u00ebm","author":"Kurt Farka","date":"September 5, 2026","format":false,"excerpt":"5 Shtator 2026 Nj\u00eb vat\u00ebr e fuqishme zjarri \u00ebsht\u00eb regjistruar gjat\u00eb nat\u00ebs n\u00eb Himar\u00eb, ku nj\u00eb vat\u00ebr e fuqishme zjarri u p\u00ebrhap me shpejt\u00ebsi p\u00ebr shkak t\u00eb er\u00ebs s\u00eb fort\u00eb. Sipas informacioneve t\u00eb b\u00ebra me dije nga Prefektura dhe strukturat e Mbrojtjes Civile, shtat\u00eb banesa jan\u00eb djegur plot\u00ebsisht, nd\u00ebrsa banor\u00eb\u2026","rel":"","context":"In &quot;Blogu i Udh\u00ebtarit&quot;","block_context":{"text":"Blogu i Udh\u00ebtarit","link":"https:\/\/www.shqiperia.com\/blog\/category\/blogu-i-udhetarit\/"},"img":{"alt_text":"","src":"https:\/\/i0.wp.com\/www.shqiperia.com\/blog\/wp-content\/uploads\/2026\/09\/images-19.jpg?fit=682%2C450&ssl=1&resize=350%2C200","width":350,"height":200,"srcset":"https:\/\/i0.wp.com\/www.shqiperia.com\/blog\/wp-content\/uploads\/2026\/09\/images-19.jpg?fit=682%2C450&ssl=1&resize=350%2C200 1x, https:\/\/i0.wp.com\/www.shqiperia.com\/blog\/wp-content\/uploads\/2026\/09\/images-19.jpg?fit=682%2C450&ssl=1&resize=525%2C300 1.5x"},"classes":[]},{"id":102196,"url":"https:\/\/www.shqiperia.com\/blog\/moti-i-keq-godet-elbasanin-stuhi-e-fuqishme-me-shi-bresher-dhe-erera-te-forta\/","url_meta":{"origin":103066,"position":2},"title":"Moti i keq \u2018godet\u2019 Elbasanin! Stuhi e fuqishme me shi, bresh\u00ebr dhe er\u00ebra t\u00eb forta","author":"Kurt Farka","date":"July 3, 2026","format":false,"excerpt":"3 Korrik 2026 Nj\u00eb stuhi e fort\u00eb ka p\u00ebrfshir\u00eb pasditen e k\u00ebsaj t\u00eb premteje qytetin e Elbasanit dhe nj\u00eb pjes\u00eb t\u00eb madhe t\u00eb territorit t\u00eb bashkive t\u00eb tjera t\u00eb qarkut, duke sjell\u00eb reshje intensive shiu, bresh\u00ebr dhe er\u00ebra t\u00eb fuqishme. Reshjet nis\u00ebn rreth or\u00ebs 14:50 dhe brenda pak minutash u\u2026","rel":"","context":"In &quot;Blogu i Udh\u00ebtarit&quot;","block_context":{"text":"Blogu i Udh\u00ebtarit","link":"https:\/\/www.shqiperia.com\/blog\/category\/blogu-i-udhetarit\/"},"img":{"alt_text":"","src":"https:\/\/i0.wp.com\/www.shqiperia.com\/blog\/wp-content\/uploads\/2026\/07\/moti-ne-elbasan-770x430-1.jpg?fit=770%2C430&ssl=1&resize=350%2C200","width":350,"height":200,"srcset":"https:\/\/i0.wp.com\/www.shqiperia.com\/blog\/wp-content\/uploads\/2026\/07\/moti-ne-elbasan-770x430-1.jpg?fit=770%2C430&ssl=1&resize=350%2C200 1x, https:\/\/i0.wp.com\/www.shqiperia.com\/blog\/wp-content\/uploads\/2026\/07\/moti-ne-elbasan-770x430-1.jpg?fit=770%2C430&ssl=1&resize=525%2C300 1.5x, https:\/\/i0.wp.com\/www.shqiperia.com\/blog\/wp-content\/uploads\/2026\/07\/moti-ne-elbasan-770x430-1.jpg?fit=770%2C430&ssl=1&resize=700%2C400 2x"},"classes":[]},{"id":103618,"url":"https:\/\/www.shqiperia.com\/blog\/thatesira-ne-evrope-rajni-dhe-danubi-ne-nivele-kritike-goditen-transporti-energjia-dhe-turizmi\/","url_meta":{"origin":103066,"position":3},"title":"That\u00ebsira n\u00eb Evrop\u00eb\/ Rajni dhe Danubi n\u00eb nivele kritike, goditen transporti, energjia dhe turizmi","author":"Kurt Farka","date":"August 1, 2026","format":false,"excerpt":"1 Gusht 2026 Val\u00ebt ekstreme t\u00eb t\u00eb nxehtit dhe that\u00ebsira kan\u00eb ulur n\u00eb m\u00ebnyr\u00eb drastike nivelin e ujit n\u00eb lumenjt\u00eb Rajn dhe Danub, duke shkaktuar probleme serioze n\u00eb transportin tregtar, furnizimin me energji dhe sektorin e turizmit n\u00eb disa vende evropiane. N\u00eb Gjermani, lumi Rajn, nj\u00eb nga arteriet m\u00eb t\u00eb\u2026","rel":"","context":"In &quot;Blogu i Udh\u00ebtarit&quot;","block_context":{"text":"Blogu i Udh\u00ebtarit","link":"https:\/\/www.shqiperia.com\/blog\/category\/blogu-i-udhetarit\/"},"img":{"alt_text":"","src":"https:\/\/i0.wp.com\/www.shqiperia.com\/blog\/wp-content\/uploads\/2026\/08\/640-0-el-nio-1785563464.png?fit=640%2C352&ssl=1&resize=350%2C200","width":350,"height":200,"srcset":"https:\/\/i0.wp.com\/www.shqiperia.com\/blog\/wp-content\/uploads\/2026\/08\/640-0-el-nio-1785563464.png?fit=640%2C352&ssl=1&resize=350%2C200 1x, https:\/\/i0.wp.com\/www.shqiperia.com\/blog\/wp-content\/uploads\/2026\/08\/640-0-el-nio-1785563464.png?fit=640%2C352&ssl=1&resize=525%2C300 1.5x"},"classes":[]},{"id":105147,"url":"https:\/\/www.shqiperia.com\/blog\/211-grade-oqeanet-me-te-ngrohta-se-kurre-me-pare\/","url_meta":{"origin":103066,"position":4},"title":"21,1 grad\u00eb \u2013 Oqeanet m\u00eb t\u00eb ngrohta se kurr\u00eb m\u00eb par\u00eb","author":"Kurt Farka","date":"August 25, 2026","format":false,"excerpt":"25 Gusht 2026 M\u00eb 22 gusht oqeanet e bot\u00ebs ishin m\u00eb t\u00eb ngrohta se kurr\u00eb m\u00eb par\u00eb, q\u00eb ngafillimi i matjeve n\u00eb vitin 1979. Sipas t\u00eb dh\u00ebnave t\u00eb programit t\u00eb BE-s\u00eb Copernicus temperatura mesatare globale e sip\u00ebrfaqes s\u00eb deteve dhe oqeaneve arriti n\u00eb 21,1 grad\u00eb Celsius. Studiuesit e klim\u00ebs u\u2026","rel":"","context":"In &quot;Blogu i Udh\u00ebtarit&quot;","block_context":{"text":"Blogu i Udh\u00ebtarit","link":"https:\/\/www.shqiperia.com\/blog\/category\/blogu-i-udhetarit\/"},"img":{"alt_text":"","src":"https:\/\/i0.wp.com\/www.shqiperia.com\/blog\/wp-content\/uploads\/2026\/08\/auto_78305374_9061787641123.jpg?fit=900%2C506&ssl=1&resize=350%2C200","width":350,"height":200,"srcset":"https:\/\/i0.wp.com\/www.shqiperia.com\/blog\/wp-content\/uploads\/2026\/08\/auto_78305374_9061787641123.jpg?fit=900%2C506&ssl=1&resize=350%2C200 1x, https:\/\/i0.wp.com\/www.shqiperia.com\/blog\/wp-content\/uploads\/2026\/08\/auto_78305374_9061787641123.jpg?fit=900%2C506&ssl=1&resize=525%2C300 1.5x, https:\/\/i0.wp.com\/www.shqiperia.com\/blog\/wp-content\/uploads\/2026\/08\/auto_78305374_9061787641123.jpg?fit=900%2C506&ssl=1&resize=700%2C400 2x"},"classes":[]},{"id":104849,"url":"https:\/\/www.shqiperia.com\/blog\/protestuesit-nisin-marshimin-ne-bulevard-rama-jep-doreheqje-2\/","url_meta":{"origin":103066,"position":5},"title":"Protestuesit nisin marshimin n\u00eb bulevard: &#8211; Rama jep dor\u00ebheqje!","author":"Kurt Farka","date":"August 20, 2026","format":false,"excerpt":"20 Gusht 2026 Protestuesit\u00a0 n\u00eb or\u00eb 21 e 30 minuta nisin marshimin n\u00eb bulevard: - Rama jep dor\u00ebheqje! Pjesmarrje e shtuar. Entusiazmi dhe perkrahja e Diaspor\u00ebs e ka gjall\u00ebruar dhe ka shtuar numrin e pjemarr\u00ebsve. Edhe sonte pjesmarja nga diaspora ndjehej. Pas p\u00ebrfundimit t\u00eb fjalimeve t\u00eb mbajtura p\u00ebrpara godin\u00ebs s\u00eb\u2026","rel":"","context":"In &quot;Blogu i Udh\u00ebtarit&quot;","block_context":{"text":"Blogu i Udh\u00ebtarit","link":"https:\/\/www.shqiperia.com\/blog\/category\/blogu-i-udhetarit\/"},"img":{"alt_text":"","src":"https:\/\/i0.wp.com\/www.shqiperia.com\/blog\/wp-content\/uploads\/2026\/08\/Protesta-20-Gusht-2026-2-300x167.jpg?resize=350%2C200&ssl=1","width":350,"height":200,"srcset":"https:\/\/i0.wp.com\/www.shqiperia.com\/blog\/wp-content\/uploads\/2026\/08\/Protesta-20-Gusht-2026-2-300x167.jpg?resize=350%2C200&ssl=1 1x, https:\/\/i0.wp.com\/www.shqiperia.com\/blog\/wp-content\/uploads\/2026\/08\/Protesta-20-Gusht-2026-2-300x167.jpg?resize=525%2C300&ssl=1 1.5x, https:\/\/i0.wp.com\/www.shqiperia.com\/blog\/wp-content\/uploads\/2026\/08\/Protesta-20-Gusht-2026-2-300x167.jpg?resize=700%2C400&ssl=1 2x"},"classes":[]}],"_links":{"self":[{"href":"https:\/\/www.shqiperia.com\/blog\/wp-json\/wp\/v2\/posts\/103066","targetHints":{"allow":["GET"]}}],"collection":[{"href":"https:\/\/www.shqiperia.com\/blog\/wp-json\/wp\/v2\/posts"}],"about":[{"href":"https:\/\/www.shqiperia.com\/blog\/wp-json\/wp\/v2\/types\/post"}],"author":[{"embeddable":true,"href":"https:\/\/www.shqiperia.com\/blog\/wp-json\/wp\/v2\/users\/9"}],"replies":[{"embeddable":true,"href":"https:\/\/www.shqiperia.com\/blog\/wp-json\/wp\/v2\/comments?post=103066"}],"version-history":[{"count":2,"href":"https:\/\/www.shqiperia.com\/blog\/wp-json\/wp\/v2\/posts\/103066\/revisions"}],"predecessor-version":[{"id":103069,"href":"https:\/\/www.shqiperia.com\/blog\/wp-json\/wp\/v2\/posts\/103066\/revisions\/103069"}],"wp:featuredmedia":[{"embeddable":true,"href":"https:\/\/www.shqiperia.com\/blog\/wp-json\/wp\/v2\/media\/103067"}],"wp:attachment":[{"href":"https:\/\/www.shqiperia.com\/blog\/wp-json\/wp\/v2\/media?parent=103066"}],"wp:term":[{"taxonomy":"category","embeddable":true,"href":"https:\/\/www.shqiperia.com\/blog\/wp-json\/wp\/v2\/categories?post=103066"},{"taxonomy":"post_tag","embeddable":true,"href":"https:\/\/www.shqiperia.com\/blog\/wp-json\/wp\/v2\/tags?post=103066"}],"curies":[{"name":"wp","href":"https:\/\/api.w.org\/{rel}","templated":true}]}}