{"id":103063,"date":"2026-07-22T03:05:25","date_gmt":"2026-07-22T03:05:25","guid":{"rendered":"https:\/\/www.shqiperia.com\/blog\/?p=103063"},"modified":"2026-07-22T03:05:25","modified_gmt":"2026-07-22T03:05:25","slug":"spak-te-nise-hetimet-per-kryeministrin-per-pastrim-parash-aktivisti-tepelena-eurodeputeti-gjerman-akuzoi-ramen","status":"publish","type":"post","link":"https:\/\/www.shqiperia.com\/blog\/spak-te-nise-hetimet-per-kryeministrin-per-pastrim-parash-aktivisti-tepelena-eurodeputeti-gjerman-akuzoi-ramen\/","title":{"rendered":"\u201cSPAK t\u00eb nis\u00eb hetimet p\u00ebr kryeministrin p\u00ebr pastrim parash\u201d- Aktivisti Tepelena: Eurodeputeti gjerman akuzoi Ram\u00ebn!"},"content":{"rendered":"<p><img data-recalc-dims=\"1\" loading=\"lazy\" decoding=\"async\" data-attachment-id=\"103064\" data-permalink=\"https:\/\/www.shqiperia.com\/blog\/spak-te-nise-hetimet-per-kryeministrin-per-pastrim-parash-aktivisti-tepelena-eurodeputeti-gjerman-akuzoi-ramen\/andi-tepelena5\/\" data-orig-file=\"https:\/\/i0.wp.com\/www.shqiperia.com\/blog\/wp-content\/uploads\/2026\/07\/andi-tepelena5.jpg?fit=636%2C343&amp;ssl=1\" data-orig-size=\"636,343\" data-comments-opened=\"1\" data-image-meta=\"{&quot;aperture&quot;:&quot;0&quot;,&quot;credit&quot;:&quot;User&quot;,&quot;camera&quot;:&quot;&quot;,&quot;caption&quot;:&quot;&quot;,&quot;created_timestamp&quot;:&quot;1784664849&quot;,&quot;copyright&quot;:&quot;&quot;,&quot;focal_length&quot;:&quot;0&quot;,&quot;iso&quot;:&quot;0&quot;,&quot;shutter_speed&quot;:&quot;0&quot;,&quot;title&quot;:&quot;&quot;,&quot;orientation&quot;:&quot;0&quot;}\" data-image-title=\"andi-tepelena5\" data-image-description=\"\" data-image-caption=\"\" data-medium-file=\"https:\/\/i0.wp.com\/www.shqiperia.com\/blog\/wp-content\/uploads\/2026\/07\/andi-tepelena5.jpg?fit=300%2C162&amp;ssl=1\" data-large-file=\"https:\/\/i0.wp.com\/www.shqiperia.com\/blog\/wp-content\/uploads\/2026\/07\/andi-tepelena5.jpg?fit=636%2C343&amp;ssl=1\" class=\"alignnone  wp-image-103064\" alt=\"\" src=\"https:\/\/i0.wp.com\/www.shqiperia.com\/blog\/wp-content\/uploads\/2026\/07\/andi-tepelena5.jpg?resize=661%2C357&#038;ssl=1\" width=\"661\" height=\"357\" srcset=\"https:\/\/i0.wp.com\/www.shqiperia.com\/blog\/wp-content\/uploads\/2026\/07\/andi-tepelena5.jpg?resize=300%2C162&amp;ssl=1 300w, https:\/\/i0.wp.com\/www.shqiperia.com\/blog\/wp-content\/uploads\/2026\/07\/andi-tepelena5.jpg?resize=450%2C243&amp;ssl=1 450w, https:\/\/i0.wp.com\/www.shqiperia.com\/blog\/wp-content\/uploads\/2026\/07\/andi-tepelena5.jpg?resize=600%2C324&amp;ssl=1 600w, https:\/\/i0.wp.com\/www.shqiperia.com\/blog\/wp-content\/uploads\/2026\/07\/andi-tepelena5.jpg?resize=400%2C216&amp;ssl=1 400w, https:\/\/i0.wp.com\/www.shqiperia.com\/blog\/wp-content\/uploads\/2026\/07\/andi-tepelena5.jpg?w=636&amp;ssl=1 636w\" sizes=\"auto, (max-width: 661px) 100vw, 661px\" \/><\/p>\n<p><strong>22 Korrik 2026<\/strong><\/p>\n<p><strong>Aktivisti dhe organizatori i protest\u00ebs qytetare, Andi Tepelena, hodhi sot akuza t\u00eb r\u00ebnda ndaj kryeministrit Edi Rama n\u00eb dit\u00ebn e 52-t\u00eb t\u00eb revolt\u00ebs p\u00ebr pastrim parash dhe i b\u00ebri thirrje SPAK-ut t\u00eb niste hetimet ndaj tij<\/strong><\/p>\n<p>Ai shpjegoi se edhe nj\u00eb eurodeputet gjerman ka b\u00ebr\u00eb deklarat\u00ebn e fort\u00eb dhe akuz\u00ebn ndaj kreut t\u00eb ekzekutivit, se po pastron parat\u00eb me familjar\u00ebt e tij de se nuk ka vjedhur vet\u00ebm zgjedhjet.<\/p>\n<p><em>\u201cProtesta vazhdon t\u00eb marr\u00eb mb\u00ebshtetje nd\u00ebrkomb\u00ebtare sot n\u00eb dit\u00ebn e 52-t\u00eb t\u00eb saj. Balla thot\u00eb se po shuhet protesta, po ku mo derdimen? Kur mediat nd\u00ebrkomb\u00ebtare shkruajn\u00eb, ku mb\u00ebshtetet nga diaspora dhe nga miliona njer\u00ebz. K\u00ebto dit\u00eb ka pasur nj\u00eb deklarat\u00eb t\u00eb fort\u00eb nga nj\u00eb europarlamentar gjerman q\u00eb akuzonte drejtp\u00ebrdrejt kryeministrin Rama p\u00ebr pastrim parash n\u00ebp\u00ebrmjet familjes \u00eb tij. Ai deklaronte se Rama vodhi zgjedhjet dhe po pastron para\u00eb e pista n\u00ebp\u00ebrmjet familjar\u00ebve\u201d, tha Tepelena.<\/em><\/p>\n<p>Aktivisti i b\u00ebri thirrje edhe Prokuroris\u00eb s\u00eb Posa\u00e7me q\u00eb t\u00eb vepronte dhe t\u00eb bashkohej me protestuesit.<\/p>\n<p><em>\u201cThirrja q\u00eb b\u00ebjm\u00eb ne \u00ebsht\u00eb ku je o SPAK, t\u00eb gjith\u00eb shqiptar\u00ebt i kan\u00eb syt\u00eb nga SPAK. Durimi ka nj\u00eb kufi. SPAK t\u00eb hap\u00ebsh hetimet p\u00ebr kryeministrin shqiptar, tregoni q\u00eb jeni patriot\u00eb dhe b\u00ebhuni me ne\u201d, vijoi ai.<\/em><img loading=\"lazy\" decoding=\"async\" alt=\"\" src=\"https:\/\/ads2.panorama.com.al\/www\/delivery\/lg.php?bannerid=0&amp;campaignid=0&amp;zoneid=1015&amp;loc=https%3A%2F%2Fwww.panorama.com.al%2Fspak-te-nise-hetimet-per-kryeministrin-per-pastrim-parash-aktivisti-tepelena-eurodeputeti-gjerman-akuzoi-ramen-te-enjten-te-kuvendi-kjo-klase-e-inkriminuar-nuk-na-perfaqeson%2F&amp;referer=https%3A%2F%2Fwww.panorama.com.al%2F&amp;cb=90ee2672f0\" width=\"0\" height=\"0\" \/><\/p>\n<p>N\u00eb fund Tepelena fal\u00ebnderoi t\u00eb gjith\u00eb qytetar\u00ebt q\u00eb udh\u00ebtonin ng rrethet apo diaspora p\u00ebr t\u2019iu bashkuar sheshit t\u00eb protest\u00ebs \u00e7do dit\u00eb.<\/p>\n<p><em>\u201cKam nj\u00eb fal\u00ebnderim p\u00ebr t\u00eb gjith\u00eb qytetar\u00ebt shqiptar\u00eb q\u00eb vin\u00eb k\u00ebtu n\u00eb protest\u00eb, marrin furgona, autobus\u00eb dhe vijn\u00eb k\u00ebtu. Vijn\u00eb nga jugu n\u00eb veri. Besojn\u00eb se dit\u00eb m\u00eb t\u00eb mira do vijn\u00eb p\u00ebr shqiptar\u00ebt, besojn\u00eb se ata emigrant\u00eb do vijn\u00eb k\u00ebtu, besojn\u00eb p\u00ebr sh\u00ebndet\u00ebsi dhe arsim, p\u00ebr vende pune k\u00ebtu, besojn\u00eb n\u00eb zgjedhje t\u00eb lira dhe n\u00eb demokraci. Ndaj i fal\u00ebnderoj ata q\u00eb marrin p\u00ebrdit\u00eb rrug\u00eb dhe vijn\u00eb k\u00ebtu e jan\u00eb me ne p\u00ebrdit\u00eb\u201d, tha ai.<\/em><\/p>\n<p>Teksa apeloi p\u00ebr qytetar\u00ebt duke kujtuar se t\u00eb enjten, n\u00eb seanc\u00ebn e fundit plenare t\u00eb Kuvendit, t\u00eb mblidhen q\u00eb n\u00eb m\u00ebngjes para godin\u00ebs p\u00ebr t\u00eb protestuar kund\u00ebr klas\u00ebs s\u00eb inkriminuar politike. \u201c<\/p>\n<p><em>\u201cMos harroni se dit\u00ebn e enjte n\u00eb or\u00ebn 08:00 t\u00eb m\u00ebngjesit fillon grumbullimi para Kuvendit p\u00ebr t\u2019i treguar k\u00ebsaj klase t\u00eb inkriminuar politike se nuk na p\u00ebrfaq\u00ebson. Rama n\u00eb burg, Berisha n\u00eb burg! Nuk na p\u00ebrfaq\u00ebsojn\u00eb\u201d, deklaroi Tepelena.<\/em><\/p>\n<p><strong>\u00a0<\/strong><strong>Fjala e Andi Tepelen\u00ebs:<\/strong><\/p>\n<p><em>\u201cSot n\u00eb dit\u00ebn e 52 vijojm\u00eb t\u00eb marrim mb\u00ebshtetje nd\u00ebrkomb\u00ebtare sot ka pasur reagim nga Internacionalja e Partive t\u00eb Djathta Europiane e cila na mb\u00ebshtet, kjo \u00ebsht\u00eb mb\u00ebshtetja m\u00eb e madhe pas vizit\u00ebs s\u00eb eurodeputet\u00ebve. N\u00ebse gazetat lexohen nga gjith\u00eb bota, mb\u00ebshteten nga shqiptar\u00ebt n\u00eb diaspor\u00eb ,nuk jan\u00eb m\u00eb qindra po miliona njer\u00ebz. Taulant Balla ik dhe merr rrug\u00ebt, propagan\u00ebs i ka dal\u00eb boja.<\/em><\/p>\n<p><em>Nj\u00eb europdeputet b\u00ebn nj\u00eb deklarat\u00eb t\u00eb fort\u00eb dhe thot\u00eb se Rama po pastron para p\u00ebrmes familjar\u00ebve t\u00eb tij. Ne po b\u00ebjm\u00eb pyetjen \u00e7far\u00eb po b\u00ebn SPAK, pse nuk po hap hetimet ndaj kryeministrit? Durimi ka nj\u00eb kufi, SPAK hap hetimet, mos i zhg\u00ebnje shqiptar\u00ebt, tregoni se jeni patriot\u00eb.<\/em><\/p>\n<p><em>P\u00ebrsh\u00ebndes shqiptar\u00ebt q\u00eb marrin rrug\u00ebt nga qytetet e Shqip\u00ebris\u00eb p\u00ebr t\u00eb ardhur k\u00ebtu, i ka b\u00ebr\u00eb shqiptar\u00ebt bashk\u00eb nga lindja n\u00eb per\u00ebndim, nga veriu n\u00eb jug dhe besojn\u00eb se do t\u00eb vijn\u00eb dit\u00eb m\u00eb t\u00eb mira, se f\u00ebmij\u00ebt nuk do t\u00eb marrin rrug\u00ebt, se prona do t\u00eb shkoj\u00eb te i zoti, te Shqip\u00ebria e lir\u00eb\u201d.<\/em><\/p>\n","protected":false},"excerpt":{"rendered":"<p>22 Korrik 2026 Aktivisti dhe organizatori i protest\u00ebs qytetare, Andi Tepelena, hodhi sot akuza t\u00eb r\u00ebnda ndaj kryeministrit Edi Rama n\u00eb dit\u00ebn e 52-t\u00eb t\u00eb revolt\u00ebs p\u00ebr pastrim parash dhe i b\u00ebri thirrje SPAK-ut t\u00eb niste hetimet ndaj tij Ai shpjegoi se edhe nj\u00eb eurodeputet gjerman ka b\u00ebr\u00eb deklarat\u00ebn e fort\u00eb dhe akuz\u00ebn ndaj kreut [&hellip;]<\/p>\n","protected":false},"author":9,"featured_media":103064,"comment_status":"open","ping_status":"open","sticky":false,"template":"","format":"standard","meta":{"jetpack_post_was_ever_published":false,"_jetpack_newsletter_access":"","_jetpack_dont_email_post_to_subs":false,"_jetpack_newsletter_tier_id":0,"_jetpack_memberships_contains_paywalled_content":false,"_jetpack_memberships_contains_paid_content":false,"footnotes":"","jetpack_publicize_message":"","jetpack_publicize_feature_enabled":true,"jetpack_social_post_already_shared":true,"jetpack_social_options":{"image_generator_settings":{"template":"highway","default_image_id":0,"font":"","enabled":false},"version":2}},"categories":[27,1,2,35],"tags":[],"class_list":["post-103063","post","type-post","status-publish","format-standard","has-post-thumbnail","hentry","category-blogu-i-udhetarit","category-njoftime-shtypi","category-politika","category-shoqerore"],"jetpack_publicize_connections":[],"jetpack_featured_media_url":"https:\/\/i0.wp.com\/www.shqiperia.com\/blog\/wp-content\/uploads\/2026\/07\/andi-tepelena5.jpg?fit=636%2C343&ssl=1","jetpack_sharing_enabled":true,"jetpack_shortlink":"https:\/\/wp.me\/p5Z6wp-qOj","jetpack-related-posts":[{"id":104714,"url":"https:\/\/www.shqiperia.com\/blog\/klodiana-lala-priten-zhvillime-nga-dosja-aruba\/","url_meta":{"origin":103063,"position":0},"title":"Klodiana Lala: &#8211; Priten zhvillime nga dosja \u201cAruba\u201d","author":"Kurt Farka","date":"August 18, 2026","format":false,"excerpt":"18 Gusht 2026 Gazetarja Klodiana Lala, e ftuar n\u00eb \u201cNews24\u201d, ka analizuar ecurin\u00eb e disa prej dosjeve m\u00eb t\u00eb r\u00ebnd\u00ebsishme q\u00eb po hetohen nga SPAK, duke nisur nga r\u00ebndimi i pozit\u00ebs ligjore t\u00eb ish-z\u00ebvend\u00ebskryeministres Belinda Balluku, hetimet mbi pasurin\u00eb e Erion Veliajt, e deri te aferat e AKSHI-t dhe dosja\u2026","rel":"","context":"In &quot;Blogu i Udh\u00ebtarit&quot;","block_context":{"text":"Blogu i Udh\u00ebtarit","link":"https:\/\/www.shqiperia.com\/blog\/category\/blogu-i-udhetarit\/"},"img":{"alt_text":"","src":"https:\/\/i0.wp.com\/www.shqiperia.com\/blog\/wp-content\/uploads\/2026\/08\/Klodiana-Lala.jpg?fit=1200%2C620&ssl=1&resize=350%2C200","width":350,"height":200,"srcset":"https:\/\/i0.wp.com\/www.shqiperia.com\/blog\/wp-content\/uploads\/2026\/08\/Klodiana-Lala.jpg?fit=1200%2C620&ssl=1&resize=350%2C200 1x, https:\/\/i0.wp.com\/www.shqiperia.com\/blog\/wp-content\/uploads\/2026\/08\/Klodiana-Lala.jpg?fit=1200%2C620&ssl=1&resize=525%2C300 1.5x, https:\/\/i0.wp.com\/www.shqiperia.com\/blog\/wp-content\/uploads\/2026\/08\/Klodiana-Lala.jpg?fit=1200%2C620&ssl=1&resize=700%2C400 2x, https:\/\/i0.wp.com\/www.shqiperia.com\/blog\/wp-content\/uploads\/2026\/08\/Klodiana-Lala.jpg?fit=1200%2C620&ssl=1&resize=1050%2C600 3x"},"classes":[]},{"id":105179,"url":"https:\/\/www.shqiperia.com\/blog\/7-muaj-ne-krye-te-spak-braho-atrofizon-institucionin-asnje-arrestim-ne-politike\/","url_meta":{"origin":103063,"position":1},"title":"7 muaj n\u00eb krye t\u00eb SPAK, Braho atrofizon institucionin, asnj\u00eb arrestim n\u00eb politik\u00eb.","author":"Kurt Farka","date":"August 25, 2026","format":false,"excerpt":"25 Gusht 2026 Pritshm\u00ebrit\u00eb e m\u00ebdha q\u00eb shoq\u00ebruan marrjen e drejtimit t\u00eb Prokuroris\u00eb s\u00eb Posa\u00e7me (SPAK) nga Klodjan Braho n\u00eb dhjetor t\u00eb vitit 2025, t\u00eb mb\u00ebshtetura nga nj\u00eb proces p\u00ebrzgjedhjeje me bekimin e partner\u00ebve amerikan\u00eb dhe garancin\u00eb e Altin Dumanit, jan\u00eb shnd\u00ebrruar n\u00eb nj\u00eb zhg\u00ebnjim t\u00eb thell\u00eb publik. N\u00eb vend\u2026","rel":"","context":"In &quot;Blogu i Udh\u00ebtarit&quot;","block_context":{"text":"Blogu i Udh\u00ebtarit","link":"https:\/\/www.shqiperia.com\/blog\/category\/blogu-i-udhetarit\/"},"img":{"alt_text":"","src":"https:\/\/i0.wp.com\/www.shqiperia.com\/blog\/wp-content\/uploads\/2026\/08\/SPAKU.png?fit=658%2C364&ssl=1&resize=350%2C200","width":350,"height":200,"srcset":"https:\/\/i0.wp.com\/www.shqiperia.com\/blog\/wp-content\/uploads\/2026\/08\/SPAKU.png?fit=658%2C364&ssl=1&resize=350%2C200 1x, https:\/\/i0.wp.com\/www.shqiperia.com\/blog\/wp-content\/uploads\/2026\/08\/SPAKU.png?fit=658%2C364&ssl=1&resize=525%2C300 1.5x"},"classes":[]},{"id":103391,"url":"https:\/\/www.shqiperia.com\/blog\/tronditet-mazhoranca-rama-ne-alarmin-e-tradhtise-brenda-qeverise-3-ministra-dyshohet-se-financojne-protesten\/","url_meta":{"origin":103063,"position":2},"title":"\u201cTronditet\u201d mazhoranca, Rama n\u00eb alarmin e \u201ctradhtis\u00eb\u201d brenda qeveris\u00eb, 3 ministra dyshohet se financojn\u00eb protest\u00ebn","author":"Kurt Farka","date":"July 29, 2026","format":false,"excerpt":"29 Korrik 2026 3 ministra dyshohet se financojn\u00eb protest\u00ebn kund\u00ebr tij, del n\u00eb sken\u00eb edhe zyrtarja e lart\u00eb e PS q\u00eb po b\u00ebn pazare \"n\u00ebn rrogoz\" me opozit\u00ebn kund\u00ebr kryeministrit Protesta antiqeveritare q\u00eb ka hyr\u00eb dje n\u00eb dit\u00ebn e saj t\u00eb 58-t\u00eb duket se po financohet fuqish\u00ebm edhe nga vet\u00eb\u2026","rel":"","context":"In &quot;Blogu i Udh\u00ebtarit&quot;","block_context":{"text":"Blogu i Udh\u00ebtarit","link":"https:\/\/www.shqiperia.com\/blog\/category\/blogu-i-udhetarit\/"},"img":{"alt_text":"","src":"https:\/\/i0.wp.com\/www.shqiperia.com\/blog\/wp-content\/uploads\/2026\/07\/Edi-Rama-4.jpg?fit=736%2C476&ssl=1&resize=350%2C200","width":350,"height":200,"srcset":"https:\/\/i0.wp.com\/www.shqiperia.com\/blog\/wp-content\/uploads\/2026\/07\/Edi-Rama-4.jpg?fit=736%2C476&ssl=1&resize=350%2C200 1x, https:\/\/i0.wp.com\/www.shqiperia.com\/blog\/wp-content\/uploads\/2026\/07\/Edi-Rama-4.jpg?fit=736%2C476&ssl=1&resize=525%2C300 1.5x, https:\/\/i0.wp.com\/www.shqiperia.com\/blog\/wp-content\/uploads\/2026\/07\/Edi-Rama-4.jpg?fit=736%2C476&ssl=1&resize=700%2C400 2x"},"classes":[]},{"id":100483,"url":"https:\/\/www.shqiperia.com\/blog\/skandal-ne-pishpore-tepelena-600-ha-te-parkut-te-mbrojtur-rrethohen-me-gardh-dyshime-per-projekt-te-fshehte\/","url_meta":{"origin":103063,"position":3},"title":"Skandal n\u00eb Pishpor\u00eb\/ Tepelena: 600 ha t\u00eb parkut t\u00eb mbrojtur rrethohen me gardh, dyshime p\u00ebr projekt t\u00eb fsheht\u00eb","author":"Kurt Farka","date":"May 20, 2026","format":false,"excerpt":"20 Maji 2026 Aktivisti Andi Tepelena, i ftuar n\u00eb emisionin \u201cOra e Betit\u201d n\u00eb Ora News, foli p\u00ebr situat\u00ebn n\u00eb zon\u00ebn e mbrojtur t\u00eb Pishpor\u00ebs, ku prania e makinerive t\u00eb r\u00ebnda dhe rrethimi i nj\u00eb sip\u00ebrfaqeje t\u00eb madhe toke ka ngritur shqet\u00ebsime tek qytetar\u00ebt dhe grupet mjedisore. Sipas tij, reagimi\u2026","rel":"","context":"In &quot;Blogu i Udh\u00ebtarit&quot;","block_context":{"text":"Blogu i Udh\u00ebtarit","link":"https:\/\/www.shqiperia.com\/blog\/category\/blogu-i-udhetarit\/"},"img":{"alt_text":"","src":"https:\/\/i0.wp.com\/www.shqiperia.com\/blog\/wp-content\/uploads\/2026\/05\/gardhi-ne-pishporo.jpg?resize=350%2C200&ssl=1","width":350,"height":200,"srcset":"https:\/\/i0.wp.com\/www.shqiperia.com\/blog\/wp-content\/uploads\/2026\/05\/gardhi-ne-pishporo.jpg?resize=350%2C200&ssl=1 1x, https:\/\/i0.wp.com\/www.shqiperia.com\/blog\/wp-content\/uploads\/2026\/05\/gardhi-ne-pishporo.jpg?resize=525%2C300&ssl=1 1.5x, https:\/\/i0.wp.com\/www.shqiperia.com\/blog\/wp-content\/uploads\/2026\/05\/gardhi-ne-pishporo.jpg?resize=700%2C400&ssl=1 2x"},"classes":[]},{"id":102752,"url":"https:\/\/www.shqiperia.com\/blog\/afera-120-mln-euro-gazeta-holandeze-skandali-i-inceneratoreve-ve-ne-pozite-te-veshtire-qeverine-e-rames\/","url_meta":{"origin":103063,"position":4},"title":"Afera 120 mln euro\/ Gazeta holandeze: Skandali i incenerator\u00ebve v\u00eb n\u00eb pozit\u00eb t\u00eb v\u00ebshtir\u00eb qeverin\u00eb e Ram\u00ebs","author":"Kurt Farka","date":"July 16, 2026","format":false,"excerpt":"16 Korrik 2026 Struktura shqiptare kund\u00ebr korrupsionit (SPAK) dyshon se dy administrator\u00eb (nj\u00ebri aktual dhe nj\u00eb ish-administrator) t\u00eb kompanis\u00eb Geogenix me seli n\u00eb Eindhoven, e njohur m\u00eb par\u00eb si Integrated Energy, kan\u00eb kryer pastrim parash dhe kan\u00eb qen\u00eb pjes\u00eb e nj\u00eb organizate kriminale. Nj\u00eb kompani bij\u00eb e k\u00ebsaj nd\u00ebrmarrjeje holandeze\u2026","rel":"","context":"In &quot;Blogu i Udh\u00ebtarit&quot;","block_context":{"text":"Blogu i Udh\u00ebtarit","link":"https:\/\/www.shqiperia.com\/blog\/category\/blogu-i-udhetarit\/"},"img":{"alt_text":"","src":"https:\/\/i0.wp.com\/www.shqiperia.com\/blog\/wp-content\/uploads\/2026\/07\/auto_mbetjet1784190294.png?fit=900%2C533&ssl=1&resize=350%2C200","width":350,"height":200,"srcset":"https:\/\/i0.wp.com\/www.shqiperia.com\/blog\/wp-content\/uploads\/2026\/07\/auto_mbetjet1784190294.png?fit=900%2C533&ssl=1&resize=350%2C200 1x, https:\/\/i0.wp.com\/www.shqiperia.com\/blog\/wp-content\/uploads\/2026\/07\/auto_mbetjet1784190294.png?fit=900%2C533&ssl=1&resize=525%2C300 1.5x, https:\/\/i0.wp.com\/www.shqiperia.com\/blog\/wp-content\/uploads\/2026\/07\/auto_mbetjet1784190294.png?fit=900%2C533&ssl=1&resize=700%2C400 2x"},"classes":[]},{"id":105947,"url":"https:\/\/www.shqiperia.com\/blog\/skandali-me-pergjimet-e-sky-ecc-emrat-e-rames-balles-dhe-ministrave-te-perseritur-ne-disa-dosje-ja-si-avokati-ne-belgjike-nxori-zbuluar-drejtesine-shqiptare-si-po-selektohen-materialet-per-te-shpe\/","url_meta":{"origin":103063,"position":5},"title":"Skandali me p\u00ebrgjimet e SKY ECC, emrat e Ram\u00ebs, Ball\u00ebs dhe ministrave t\u00eb p\u00ebrs\u00ebritur n\u00eb disa dosje, ja si avokati n\u00eb Belgjik\u00eb nxori zbuluar drejt\u00ebsin\u00eb shqiptare, si po selektohen materialet p\u00ebr t\u00eb shp\u00ebtuar emrat \u201cVIP\u201d t\u00eb politik\u00ebs","author":"Kurt Farka","date":"September 4, 2026","format":false,"excerpt":"4 Shtator 2026 N\u00eb reagimin e tij p\u00ebr \u201cNTV Televizion\u201d, gazetari\u00a0 Basri\u00a0 \u00c7ollaku theksoi se po at\u00eb dit\u00eb n\u00eb nj\u00eb proces gjyq\u00ebsor n\u00eb Belgjik\u00eb p\u00ebr trafik nd\u00ebrkomb\u00ebtar droge dhe pastrim parash, avokati i t\u00eb pandehurve akuzoi drejt\u00ebsin\u00eb shqiptare p\u00ebr selektim t\u00eb dosjeve dhe mosp\u00ebrfshirje t\u00eb personave me pesh\u00eb politike, edhe\u2026","rel":"","context":"In &quot;Blogu i Udh\u00ebtarit&quot;","block_context":{"text":"Blogu i Udh\u00ebtarit","link":"https:\/\/www.shqiperia.com\/blog\/category\/blogu-i-udhetarit\/"},"img":{"alt_text":"","src":"https:\/\/i0.wp.com\/www.shqiperia.com\/blog\/wp-content\/uploads\/2026\/09\/800-0-politike-fq-3-sky-ecc-6a9a812678776.jpg?fit=800%2C450&ssl=1&resize=350%2C200","width":350,"height":200,"srcset":"https:\/\/i0.wp.com\/www.shqiperia.com\/blog\/wp-content\/uploads\/2026\/09\/800-0-politike-fq-3-sky-ecc-6a9a812678776.jpg?fit=800%2C450&ssl=1&resize=350%2C200 1x, https:\/\/i0.wp.com\/www.shqiperia.com\/blog\/wp-content\/uploads\/2026\/09\/800-0-politike-fq-3-sky-ecc-6a9a812678776.jpg?fit=800%2C450&ssl=1&resize=525%2C300 1.5x, https:\/\/i0.wp.com\/www.shqiperia.com\/blog\/wp-content\/uploads\/2026\/09\/800-0-politike-fq-3-sky-ecc-6a9a812678776.jpg?fit=800%2C450&ssl=1&resize=700%2C400 2x"},"classes":[]}],"_links":{"self":[{"href":"https:\/\/www.shqiperia.com\/blog\/wp-json\/wp\/v2\/posts\/103063","targetHints":{"allow":["GET"]}}],"collection":[{"href":"https:\/\/www.shqiperia.com\/blog\/wp-json\/wp\/v2\/posts"}],"about":[{"href":"https:\/\/www.shqiperia.com\/blog\/wp-json\/wp\/v2\/types\/post"}],"author":[{"embeddable":true,"href":"https:\/\/www.shqiperia.com\/blog\/wp-json\/wp\/v2\/users\/9"}],"replies":[{"embeddable":true,"href":"https:\/\/www.shqiperia.com\/blog\/wp-json\/wp\/v2\/comments?post=103063"}],"version-history":[{"count":1,"href":"https:\/\/www.shqiperia.com\/blog\/wp-json\/wp\/v2\/posts\/103063\/revisions"}],"predecessor-version":[{"id":103065,"href":"https:\/\/www.shqiperia.com\/blog\/wp-json\/wp\/v2\/posts\/103063\/revisions\/103065"}],"wp:featuredmedia":[{"embeddable":true,"href":"https:\/\/www.shqiperia.com\/blog\/wp-json\/wp\/v2\/media\/103064"}],"wp:attachment":[{"href":"https:\/\/www.shqiperia.com\/blog\/wp-json\/wp\/v2\/media?parent=103063"}],"wp:term":[{"taxonomy":"category","embeddable":true,"href":"https:\/\/www.shqiperia.com\/blog\/wp-json\/wp\/v2\/categories?post=103063"},{"taxonomy":"post_tag","embeddable":true,"href":"https:\/\/www.shqiperia.com\/blog\/wp-json\/wp\/v2\/tags?post=103063"}],"curies":[{"name":"wp","href":"https:\/\/api.w.org\/{rel}","templated":true}]}}