{"id":103060,"date":"2026-07-22T03:01:04","date_gmt":"2026-07-22T03:01:04","guid":{"rendered":"https:\/\/www.shqiperia.com\/blog\/?p=103060"},"modified":"2026-07-22T03:01:04","modified_gmt":"2026-07-22T03:01:04","slug":"si-u-shnderrua-shqiperia-ne-vendin-me-koston-e-larte-te-jeteses-ne-ballkan-brenda-nje-dekade","status":"publish","type":"post","link":"https:\/\/www.shqiperia.com\/blog\/si-u-shnderrua-shqiperia-ne-vendin-me-koston-e-larte-te-jeteses-ne-ballkan-brenda-nje-dekade\/","title":{"rendered":"Si u shnd\u00ebrrua Shqip\u00ebria n\u00eb vendin me koston e lart\u00eb t\u00eb jetes\u00ebs n\u00eb Ballkan brenda nj\u00eb dekade"},"content":{"rendered":"<p><img data-recalc-dims=\"1\" loading=\"lazy\" decoding=\"async\" data-attachment-id=\"103061\" data-permalink=\"https:\/\/www.shqiperia.com\/blog\/si-u-shnderrua-shqiperia-ne-vendin-me-koston-e-larte-te-jeteses-ne-ballkan-brenda-nje-dekade\/screenshot_20260721_161340_facebook\/\" data-orig-file=\"https:\/\/i0.wp.com\/www.shqiperia.com\/blog\/wp-content\/uploads\/2026\/07\/Screenshot_20260721_161340_Facebook.jpg?fit=720%2C582&amp;ssl=1\" data-orig-size=\"720,582\" data-comments-opened=\"1\" data-image-meta=\"{&quot;aperture&quot;:&quot;0&quot;,&quot;credit&quot;:&quot;&quot;,&quot;camera&quot;:&quot;&quot;,&quot;caption&quot;:&quot;&quot;,&quot;created_timestamp&quot;:&quot;0&quot;,&quot;copyright&quot;:&quot;&quot;,&quot;focal_length&quot;:&quot;0&quot;,&quot;iso&quot;:&quot;0&quot;,&quot;shutter_speed&quot;:&quot;0&quot;,&quot;title&quot;:&quot;&quot;,&quot;orientation&quot;:&quot;1&quot;}\" data-image-title=\"Screenshot_20260721_161340_Facebook\" data-image-description=\"\" data-image-caption=\"\" data-medium-file=\"https:\/\/i0.wp.com\/www.shqiperia.com\/blog\/wp-content\/uploads\/2026\/07\/Screenshot_20260721_161340_Facebook.jpg?fit=300%2C243&amp;ssl=1\" data-large-file=\"https:\/\/i0.wp.com\/www.shqiperia.com\/blog\/wp-content\/uploads\/2026\/07\/Screenshot_20260721_161340_Facebook.jpg?fit=720%2C582&amp;ssl=1\" class=\"alignnone  wp-image-103061\" alt=\"\" src=\"https:\/\/i0.wp.com\/www.shqiperia.com\/blog\/wp-content\/uploads\/2026\/07\/Screenshot_20260721_161340_Facebook.jpg?resize=498%2C403&#038;ssl=1\" width=\"498\" height=\"403\" srcset=\"https:\/\/i0.wp.com\/www.shqiperia.com\/blog\/wp-content\/uploads\/2026\/07\/Screenshot_20260721_161340_Facebook.jpg?resize=300%2C243&amp;ssl=1 300w, https:\/\/i0.wp.com\/www.shqiperia.com\/blog\/wp-content\/uploads\/2026\/07\/Screenshot_20260721_161340_Facebook.jpg?resize=450%2C364&amp;ssl=1 450w, https:\/\/i0.wp.com\/www.shqiperia.com\/blog\/wp-content\/uploads\/2026\/07\/Screenshot_20260721_161340_Facebook.jpg?resize=600%2C485&amp;ssl=1 600w, https:\/\/i0.wp.com\/www.shqiperia.com\/blog\/wp-content\/uploads\/2026\/07\/Screenshot_20260721_161340_Facebook.jpg?resize=400%2C323&amp;ssl=1 400w, https:\/\/i0.wp.com\/www.shqiperia.com\/blog\/wp-content\/uploads\/2026\/07\/Screenshot_20260721_161340_Facebook.jpg?w=720&amp;ssl=1 720w\" sizes=\"auto, (max-width: 498px) 100vw, 498px\" \/><\/p>\n<p><strong>22 Korrik 2026<\/strong><\/p>\n<p><strong>Nga Klodian Tomorri<\/strong><\/p>\n<p>N\u00eb vitin 2013 Shqip\u00ebria ishte vendi i dyt\u00eb me koston m\u00eb t\u00eb lir\u00eb t\u00eb jetes\u00ebs n\u00eb Europ\u00eb. Sipas Eurostat, kur Edi Rama u ul n\u00eb kolltukun e kryeministrit, kostoja e jetes\u00ebs n\u00eb Shqip\u00ebri ishte sa 49.6 p\u00ebr qind e Bashkimit Europian duke u renditur vet\u00ebm pas Maqedonis\u00eb ku niveli i p\u00ebrgjithsh\u00ebm i \u00e7mimeve ishte sa 48.9 p\u00ebr qind e mesatares se BE-s\u00eb.<\/p>\n<p>T\u00eb gjitha vendet e tjera t\u00eb rajonit dhe ato t\u00eb Bashkimit Europian kishin nj\u00eb nivel m\u00eb t\u00eb lart\u00eb \u00e7mimesh, q\u00eb varionte 50.8 p\u00ebr qind deri n\u00eb 142.2 p\u00ebr qind e mesatares s\u00eb BE-s\u00eb.<\/p>\n<p>Por niveli i p\u00ebrballuesh\u00ebm i kostos s\u00eb jetes\u00ebs n\u00eb Shqip\u00ebri do t\u00eb rritej me shpejt\u00ebsi n\u00eb vitet pasardh\u00ebse, teksa \u00e7mimet do t\u00eb shtrenjtoheshin me rit\u00ebm t\u00eb lart\u00eb p\u00ebr t\u00eb gjitha kategorit\u00eb e mallrave dhe sh\u00ebrbimeve.<\/p>\n<p>N\u00eb vitin 2017, pas nj\u00eb mandati t\u00eb plot\u00eb t\u00eb qeveris\u00eb s\u00eb p\u00ebrbashk\u00ebt mes Partis\u00eb Socialiste dhe ish L\u00ebvizjes Socialiste p\u00ebr Integrim, e cil\u00ebsuar me ironi si Aleanca e Qelb\u00ebsirave, kostoja e jetes\u00ebs n\u00eb Shqip\u00ebri u rrit me 2.8 pik\u00eb p\u00ebrqindje duke arritur sa 52.4 p\u00ebr qind e mesatares s\u00eb Bashkimit Europian.<\/p>\n<p>S\u00ebrish vendi vazhdoi t\u00eb mbetet nd\u00ebr tre m\u00eb t\u00eb lir\u00ebt e Europ\u00ebs, por mandati i par\u00eb i socialist\u00ebve ishte vet\u00ebm prologu i asaj q\u00eb do t\u00eb vinte m\u00eb pas.<\/p>\n<p>N\u00eb dy vitet e para t\u00eb mandatit t\u00eb dyt\u00eb t\u00eb Edi Ram\u00ebs, tashm\u00eb me timonin dhe tepsin\u00eb t\u00eb gjitha vet\u00eb n\u00eb dor\u00eb, kostoja e jetes\u00ebs n\u00eb vend u rrit me ritme shp\u00ebrthyese, gati 6 pik\u00eb p\u00ebrqindje t\u00eb plota n\u00eb raport me mesataren e BE-s\u00eb duke arritur sa 58.3 p\u00ebr qind e mesatares s\u00eb Unionit.<\/p>\n<p>Tashm\u00eb Shqip\u00ebria ishte b\u00ebr\u00eb zyrtarisht vendin me koston m\u00eb t\u00eb shtrenjt\u00eb t\u00eb jetes\u00ebs, jo vet\u00ebm n\u00eb 6 vendet e Ballkanit Per\u00ebndimor, por kishte l\u00ebn\u00eb pas edhe dy vende t\u00eb Bashkimit Europian, sakt\u00ebsisht Bullgarin\u00eb dhe Rumanin\u00eb, ku kosto mesatares e jetes\u00ebs ishte respektivisht 53.6 dhe 55.5 e mesatares s\u00eb BE-s\u00eb.<\/p>\n<p>N\u00eb vitin e fundit t\u00eb mandatit t\u00eb tepsis\u00eb, pra n\u00eb vitin 2021, kostoja e p\u00ebrgjithshme e jetes\u00ebs n\u00eb Shqip\u00ebri shkoi sa 61.6 p\u00ebr qind e mesatares s\u00eb BE-s\u00eb. Tashm\u00eb Shqip\u00ebria kishte l\u00ebn\u00eb pas p\u00ebr nivelin e \u00e7mimeve edhe Polonin\u00eb, nj\u00eb vend jo vet\u00ebm an\u00ebtar i BE-s\u00eb, por i cil\u00ebsuar ndryshe si nj\u00eb nga superfuqit\u00eb e reja ekonomike t\u00eb Unionit.<\/p>\n<p>Megjithat\u00eb, m\u00eb shum\u00eb, m\u00eb keq. Mandati i tret\u00eb do t\u00eb ishte edhe m\u00eb fatal n\u00eb termat e shtrenjtimit t\u00eb jetes\u00ebs s\u00eb p\u00ebrditshme t\u00eb qytetar\u00ebve shqiptar\u00eb.<\/p>\n<p><img data-recalc-dims=\"1\" loading=\"lazy\" decoding=\"async\" class=\"aligncenter size-full wp-image-316377\" alt=\"\" src=\"https:\/\/i0.wp.com\/gazetadita.al\/wp-content\/uploads\/2026\/07\/900-0-1784624699xardhurat-730.jpg?resize=900%2C487&#038;ssl=1\" width=\"900\" height=\"487\" \/><img data-recalc-dims=\"1\" loading=\"lazy\" decoding=\"async\" class=\"aligncenter size-full wp-image-316378\" alt=\"\" src=\"https:\/\/i0.wp.com\/gazetadita.al\/wp-content\/uploads\/2026\/07\/900-0-1784624699xcmimet-e-ushqimeve-701.jpg?resize=900%2C511&#038;ssl=1\" width=\"900\" height=\"511\" \/><img data-recalc-dims=\"1\" loading=\"lazy\" decoding=\"async\" class=\"aligncenter size-full wp-image-316379\" alt=\"\" src=\"https:\/\/i0.wp.com\/gazetadita.al\/wp-content\/uploads\/2026\/07\/900-0-1784624698xcmimet-2-704.jpg?resize=900%2C493&#038;ssl=1\" width=\"900\" height=\"493\" \/><img data-recalc-dims=\"1\" loading=\"lazy\" decoding=\"async\" class=\"aligncenter size-full wp-image-316380\" alt=\"\" src=\"https:\/\/i0.wp.com\/gazetadita.al\/wp-content\/uploads\/2026\/07\/900-0-1784624697xcmimet-1-875.jpg?resize=900%2C488&#038;ssl=1\" width=\"900\" height=\"488\" \/><\/p>\n<p>N\u00eb fund t\u00eb vitit t\u00eb kaluar, niveli i p\u00ebrgjithsh\u00ebm i \u00e7mimeve n\u00eb Shqip\u00ebri ishte sa 72.6 p\u00ebr qind e mesatares s\u00eb BE-s\u00eb. Pra n\u00eb 4 vitet e fundit, kostoja e jetes\u00ebs n\u00eb Shqip\u00ebri u rrit me shifr\u00ebn shp\u00ebrthyese prej 11 pik\u00eb p\u00ebrqindje ndaj mesatares s\u00eb Bashkimit Europian, nd\u00ebrsa krahasuar me vitin 2013 \u00ebsht\u00eb rritur me plot 23 pik\u00eb p\u00ebrqindje.<\/p>\n<p>N\u00eb Maqedonin\u00eb e Veriut dhe Bosnje, niveli i \u00e7mimeve mbeti posht\u00eb 60 p\u00ebr qind mesatares s\u00eb BE-s\u00eb, nd\u00ebrsa n\u00eb Serbi dhe Mal t\u00eb Zi treguesi ishte posht\u00eb 68 p\u00ebr qind.<\/p>\n<p><strong>Ushqimet dhe teknologjia po zbrazin xhepat e shqiptar\u00ebve<\/strong><\/p>\n<p>Vitet e fundit, p\u00ebrve\u00e7 mesatares s\u00eb kostos s\u00eb jetes\u00ebs n\u00eb vendet e BE-s\u00eb dhe ato n\u00eb pro\u00e7es an\u00ebtar\u00ebsimi, Eurostat nisi t\u00eb publikoj\u00eb edhe t\u00eb dh\u00ebnat e detajuara t\u00eb \u00e7mimeve sipas grupmallrave dhe sh\u00ebrbimeve.<\/p>\n<p>K\u00ebto t\u00eb dh\u00ebna tregojn\u00eb se mbi t\u00eb gjitha jan\u00eb dy kategori shpenzimesh, t\u00eb cilat po u marrin frym\u00ebn qytetar\u00ebve shqiptar\u00eb. Ato jan\u00eb \u00e7mimet e produkteve jetike, pra grupit t\u00eb ushqimeve dhe pijeve jo alkolike dhe shpenzimet q\u00eb shqiptar\u00ebt b\u00ebjn\u00eb p\u00ebr teknologjin\u00eb e informacionit dhe komunikimit.<\/p>\n<p>Sipas Eurostat, \u00e7mimet e ushqimeve n\u00eb Shqip\u00ebri jan\u00eb m\u00eb t\u00eb larta se sa mesatarja e Bashkimit Europian, respektivisht 103.8 p\u00ebr qind e mesatares s\u00eb Unionit. T\u00eb dh\u00ebnat tregojn\u00eb se \u00e7mimet e ushqimeve n\u00eb Shqip\u00ebri jan\u00eb m\u00eb t\u00eb shtrenjta se sa n\u00eb Gjermani, Holland\u00eb, Itali, Portugali dhe shum\u00eb vende t\u00eb tjera t\u00eb cilat jan\u00eb disa her\u00eb m\u00eb t\u00eb pasura se Shqip\u00ebria.<\/p>\n<p>Ky tregues \u00ebsht\u00eb ai me pesh\u00ebn m\u00eb t\u00eb lart\u00eb n\u00eb koston e p\u00ebrgjithshme t\u00eb jetes\u00ebs n\u00eb Shqip\u00ebri dhe faktori q\u00eb p\u00ebrcakton m\u00eb s\u00eb shumti se pse Shqip\u00ebria tashm\u00eb \u00ebsht\u00eb vendi m\u00eb i shtrenjt\u00eb nd\u00ebr ekonomit\u00eb e ngjashme.<\/p>\n<p>Rritja e pandalshme e \u00e7mimit p\u00ebr produktet e shport\u00ebs baz\u00eb si n\u00eb terma absolute ashtu edhe n\u00eb terma relative ndaj Bashkimit Europian, vjen n\u00eb nj\u00eb koh\u00eb kur tregu dominohet n\u00eb pjes\u00ebn d\u00ebrrmuese nga produktet e importit dhe kur euro \u00ebsht\u00eb zhvler\u00ebsuar me gati 33 p\u00ebr qind ndaj lekut, \u00e7ka normalisht duhet ti kishte ulur \u00e7mimet e ushqimeve n\u00eb Shqip\u00ebri, pasi k\u00ebto mallra blihen kryesisht n\u00eb euro dhe shiten n\u00eb lek\u00eb.<\/p>\n<p>Por i gjith\u00eb zhvler\u00ebsimi i euros, me sa duket \u00ebsht\u00eb kapur t\u00ebr\u00ebsisht nga fitimet e tregtar\u00ebve duke mos u p\u00ebrcjell\u00eb asfare n\u00eb uljen e \u00e7mimeve p\u00ebr qytetar\u00ebt.<\/p>\n<p>Nd\u00ebrkoh\u00eb grupi i dyt\u00eb i produkteve me \u00e7mime t\u00eb pap\u00ebrballueshme, \u00ebsht\u00eb ai i teknologjis\u00eb dhe komunikacionit. K\u00ebtu hyjn\u00eb \u00e7mimet e kompjuterave, serverave, telefonave, pra gjith\u00eb produkteve t\u00eb teknologjis\u00eb s\u00eb komunikimit dhe informacionit. N\u00eb k\u00ebt\u00eb kategori, Shqip\u00ebria ka \u00e7mime se 107 p\u00ebr qind e mesatares s\u00eb Bashkimit Europian duke l\u00ebn\u00eb pas vende si Franca, Italia dhe Spanja.<\/p>\n<p>Por teksa rritja e \u00e7mimeve po konvergon me shpejt\u00ebsi drejt niveleve t\u00eb Bashkimit Europian, t\u00eb ardhurat e shqiptar\u00ebve jan\u00eb rritur shum\u00eb m\u00eb ngadal\u00eb.<\/p>\n<p>Sipas Eurostat, p\u00ebr periudh\u00ebn 2013-2025, kostoja e jetes\u00ebs n\u00eb Shqip\u00ebri u rrit me plot 23 pik\u00eb p\u00ebrqindje ndaj mesatares s\u00eb Bashkimit Europian. P\u00ebr t\u00eb nj\u00ebjt\u00ebn periudh\u00eb, t\u00eb ardhurat ose PBB p\u00ebr frym\u00eb sipas fuqis\u00eb bler\u00ebse u rrit me vet\u00ebm 13 pik\u00eb p\u00ebrqindje, nga 30 p\u00ebr qind e mesatares s\u00eb BE-s\u00eb n\u00eb vitin 2013, n\u00eb 43 p\u00ebr qind n\u00eb fund t\u00eb vitit t\u00eb kaluar.<\/p>\n<p>Kur \u00e7mimet rriten m\u00eb shum\u00eb se t\u00eb ardhurat, rezultati \u00ebsht\u00eb varf\u00ebrim i konsumator\u00ebve dhe familjeve. Kjo \u00ebsht\u00eb ajo q\u00eb ka ndodhur me shqiptar\u00ebt gjat\u00eb 12 viteve t\u00eb fundit.<\/p>\n","protected":false},"excerpt":{"rendered":"<p>22 Korrik 2026 Nga Klodian Tomorri N\u00eb vitin 2013 Shqip\u00ebria ishte vendi i dyt\u00eb me koston m\u00eb t\u00eb lir\u00eb t\u00eb jetes\u00ebs n\u00eb Europ\u00eb. Sipas Eurostat, kur Edi Rama u ul n\u00eb kolltukun e kryeministrit, kostoja e jetes\u00ebs n\u00eb Shqip\u00ebri ishte sa 49.6 p\u00ebr qind e Bashkimit Europian duke u renditur vet\u00ebm pas Maqedonis\u00eb ku niveli [&hellip;]<\/p>\n","protected":false},"author":9,"featured_media":103061,"comment_status":"open","ping_status":"open","sticky":false,"template":"","format":"standard","meta":{"jetpack_post_was_ever_published":false,"_jetpack_newsletter_access":"","_jetpack_dont_email_post_to_subs":false,"_jetpack_newsletter_tier_id":0,"_jetpack_memberships_contains_paywalled_content":false,"_jetpack_memberships_contains_paid_content":false,"footnotes":"","jetpack_publicize_message":"","jetpack_publicize_feature_enabled":true,"jetpack_social_post_already_shared":true,"jetpack_social_options":{"image_generator_settings":{"template":"highway","default_image_id":0,"font":"","enabled":false},"version":2}},"categories":[27,1,2,35],"tags":[],"class_list":["post-103060","post","type-post","status-publish","format-standard","has-post-thumbnail","hentry","category-blogu-i-udhetarit","category-njoftime-shtypi","category-politika","category-shoqerore"],"jetpack_publicize_connections":[],"jetpack_featured_media_url":"https:\/\/i0.wp.com\/www.shqiperia.com\/blog\/wp-content\/uploads\/2026\/07\/Screenshot_20260721_161340_Facebook.jpg?fit=720%2C582&ssl=1","jetpack_sharing_enabled":true,"jetpack_shortlink":"https:\/\/wp.me\/p5Z6wp-qOg","jetpack-related-posts":[{"id":101584,"url":"https:\/\/www.shqiperia.com\/blog\/eurostat-shqiperia-e-parafundit-ne-europe-per-mireqenien\/","url_meta":{"origin":103060,"position":0},"title":"Eurostat: &#8211; Shqip\u00ebria, e parafundit n\u00eb Europ\u00eb p\u00ebr mir\u00ebqenien","author":"Kurt Farka","date":"June 18, 2026","format":false,"excerpt":"Nj\u00eb grafik i ripublikuar nga Ministria e Financave para pak dit\u00ebsh theksonte se Shqip\u00ebria konfirmohet si nj\u00eb nga ekonomit\u00eb m\u00eb t\u00eb forta dhe m\u00eb t\u00eb q\u00ebndrueshme n\u00eb rajon, pasi pritet t\u00eb ket\u00eb nj\u00eb rritje prej 3.4% n\u00eb 2026-n, e dyta m\u00eb e lart\u00eb n\u00eb rajon pas Kosov\u00ebs (grafiku n\u00eb fund).\u2026","rel":"","context":"In &quot;Blogu i Udh\u00ebtarit&quot;","block_context":{"text":"Blogu i Udh\u00ebtarit","link":"https:\/\/www.shqiperia.com\/blog\/category\/blogu-i-udhetarit\/"},"img":{"alt_text":"","src":"https:\/\/i0.wp.com\/www.shqiperia.com\/blog\/wp-content\/uploads\/2026\/06\/Edi-RAMA-1.png?fit=750%2C479&ssl=1&resize=350%2C200","width":350,"height":200,"srcset":"https:\/\/i0.wp.com\/www.shqiperia.com\/blog\/wp-content\/uploads\/2026\/06\/Edi-RAMA-1.png?fit=750%2C479&ssl=1&resize=350%2C200 1x, https:\/\/i0.wp.com\/www.shqiperia.com\/blog\/wp-content\/uploads\/2026\/06\/Edi-RAMA-1.png?fit=750%2C479&ssl=1&resize=525%2C300 1.5x, https:\/\/i0.wp.com\/www.shqiperia.com\/blog\/wp-content\/uploads\/2026\/06\/Edi-RAMA-1.png?fit=750%2C479&ssl=1&resize=700%2C400 2x"},"classes":[]},{"id":105927,"url":"https:\/\/www.shqiperia.com\/blog\/shqiperia-prane-be-per-arsimin-e-larte-dhe-shume-me-lart-se-italia-por-trurin-po-ia-merr-europa\/","url_meta":{"origin":103060,"position":1},"title":"Shqip\u00ebria, pran\u00eb BE p\u00ebr arsimin e lart\u00eb dhe shum\u00eb m\u00eb lart se Italia, por \u201ctrurin\u201d po ia merr Europa","author":"Kurt Farka","date":"September 4, 2026","format":false,"excerpt":"4 Shtator 2026 Shqip\u00ebria rezulton duksh\u00ebm m\u00eb mir\u00eb se pjesa m\u00eb e madhe e Ballkanit Per\u00ebndimor p\u00ebr pesh\u00ebn e t\u00eb rinjve q\u00eb kan\u00eb p\u00ebrfunduar arsimin e lart\u00eb. Sipas Censit 2023, 43.2% e popullsis\u00eb 25-34 vje\u00e7 kishte nj\u00eb kualifikim terciar, nivel shum\u00eb pran\u00eb mesatares s\u00eb Bashkimit Europian, e cila arriti n\u00eb\u2026","rel":"","context":"In &quot;Blogu i Udh\u00ebtarit&quot;","block_context":{"text":"Blogu i Udh\u00ebtarit","link":"https:\/\/www.shqiperia.com\/blog\/category\/blogu-i-udhetarit\/"},"img":{"alt_text":"","src":"https:\/\/i0.wp.com\/www.shqiperia.com\/blog\/wp-content\/uploads\/2026\/09\/student.jpg?fit=800%2C450&ssl=1&resize=350%2C200","width":350,"height":200,"srcset":"https:\/\/i0.wp.com\/www.shqiperia.com\/blog\/wp-content\/uploads\/2026\/09\/student.jpg?fit=800%2C450&ssl=1&resize=350%2C200 1x, https:\/\/i0.wp.com\/www.shqiperia.com\/blog\/wp-content\/uploads\/2026\/09\/student.jpg?fit=800%2C450&ssl=1&resize=525%2C300 1.5x, https:\/\/i0.wp.com\/www.shqiperia.com\/blog\/wp-content\/uploads\/2026\/09\/student.jpg?fit=800%2C450&ssl=1&resize=700%2C400 2x"},"classes":[]},{"id":103834,"url":"https:\/\/www.shqiperia.com\/blog\/vetem-8-6-e-shqiptareve-blejne-bileta-online-per-evente-nder-nivelet-me-te-uleta-ne-europe\/","url_meta":{"origin":103060,"position":2},"title":"Vet\u00ebm 8.6% e shqiptar\u00ebve blejn\u00eb bileta online p\u00ebr evente, nd\u00ebr nivelet m\u00eb t\u00eb ul\u00ebta n\u00eb Europ\u00eb","author":"Kurt Farka","date":"August 5, 2026","format":false,"excerpt":"5 Gusht 2026 Vet\u00ebm 8.6% e individ\u00ebve n\u00eb Shqip\u00ebri kishin bler\u00eb n\u00eb internet bileta p\u00ebr koncerte, festivale apo evente t\u00eb tjera gjat\u00eb tre muajve p\u00ebrpara vrojtimit t\u00eb vitit 2025, sipas t\u00eb dh\u00ebnave t\u00eb Eurostat-it. P\u00ebrqindja \u00ebsht\u00eb shum\u00eb m\u00eb e ul\u00ebt se mesatarja e Bashkimit Europian, ku 26.8% e qytetar\u00ebve kishin\u2026","rel":"","context":"In &quot;Blogu i Udh\u00ebtarit&quot;","block_context":{"text":"Blogu i Udh\u00ebtarit","link":"https:\/\/www.shqiperia.com\/blog\/category\/blogu-i-udhetarit\/"},"img":{"alt_text":"","src":"https:\/\/i0.wp.com\/www.shqiperia.com\/blog\/wp-content\/uploads\/2026\/08\/640-0-0543465346717be9ce4e824fe8b2f77f.jpg?fit=640%2C336&ssl=1&resize=350%2C200","width":350,"height":200,"srcset":"https:\/\/i0.wp.com\/www.shqiperia.com\/blog\/wp-content\/uploads\/2026\/08\/640-0-0543465346717be9ce4e824fe8b2f77f.jpg?fit=640%2C336&ssl=1&resize=350%2C200 1x, https:\/\/i0.wp.com\/www.shqiperia.com\/blog\/wp-content\/uploads\/2026\/08\/640-0-0543465346717be9ce4e824fe8b2f77f.jpg?fit=640%2C336&ssl=1&resize=525%2C300 1.5x"},"classes":[]},{"id":82354,"url":"https:\/\/www.shqiperia.com\/blog\/absurdi-shqiperia-po-kap-europen-per-nivelin-e-cmimeve-por-jo-te-jeteses\/","url_meta":{"origin":103060,"position":3},"title":"Absurdi\/ Shqip\u00ebria po kap Europ\u00ebn p\u00ebr nivelin e \u00e7mimeve, por jo t\u00eb jetes\u00ebs","author":"Kurt Farka","date":"July 1, 2024","format":false,"excerpt":"1 Korrik 2024 Shqip\u00ebria ka mbetur n\u00eb vendnum\u00ebro p\u00ebr t\u00eb arritur Europ\u00ebn p\u00ebr nivelin e t\u00eb ardhurave, por \u00ebsht\u00eb duke b\u00ebr\u00eb hapa t\u00eb shpejt\u00eb p\u00ebr ta kapur at\u00eb n\u00eb nivelin e \u00e7mimeve. Sipas t\u00eb dh\u00ebnave t\u00eb Eurostat, n\u00eb vitin 2023, \u00e7mimet e ushqimeve n\u00eb Shqip\u00ebri ishin sa 89.8% e mesatares\u2026","rel":"","context":"In &quot;Blogu i Udh\u00ebtarit&quot;","block_context":{"text":"Blogu i Udh\u00ebtarit","link":"https:\/\/www.shqiperia.com\/blog\/category\/blogu-i-udhetarit\/"},"img":{"alt_text":"","src":"https:\/\/i0.wp.com\/www.shqiperia.com\/blog\/wp-content\/uploads\/2024\/07\/ushqime-cmime-770x433-1.jpg?fit=770%2C433&ssl=1&resize=350%2C200","width":350,"height":200,"srcset":"https:\/\/i0.wp.com\/www.shqiperia.com\/blog\/wp-content\/uploads\/2024\/07\/ushqime-cmime-770x433-1.jpg?fit=770%2C433&ssl=1&resize=350%2C200 1x, https:\/\/i0.wp.com\/www.shqiperia.com\/blog\/wp-content\/uploads\/2024\/07\/ushqime-cmime-770x433-1.jpg?fit=770%2C433&ssl=1&resize=525%2C300 1.5x, https:\/\/i0.wp.com\/www.shqiperia.com\/blog\/wp-content\/uploads\/2024\/07\/ushqime-cmime-770x433-1.jpg?fit=770%2C433&ssl=1&resize=700%2C400 2x"},"classes":[]},{"id":105229,"url":"https:\/\/www.shqiperia.com\/blog\/lista-50-te-grupeve-ushqimore-i-paguajme-me-shtrenjte-se-europa-rekord-dhe-ne-rajon\/","url_meta":{"origin":103060,"position":4},"title":"Lista\/ 50% t\u00eb grupeve ushqimore i paguajm\u00eb m\u00eb shtrenjt\u00eb se Europa, rekord dhe n\u00eb rajon","author":"Kurt Farka","date":"August 26, 2026","format":false,"excerpt":"26 Gusht 2026 Shqip\u00ebria ka nj\u00eb nga peshat m\u00eb t\u00eb larta t\u00eb bujq\u00ebsis\u00eb n\u00eb ekonomi n\u00eb Europ\u00eb, me gati 15% t\u00eb Prodhimit t\u00eb Brendsh\u00ebm Bruto, kundrejt af\u00ebrsisht 2% mesatarisht n\u00eb Bashkimin Europian dhe m\u00eb pak se 8% n\u00eb vendet e tjera t\u00eb rajonit (shiko grafikun n\u00eb fund). Por pesha e\u2026","rel":"","context":"In &quot;Blogu i Udh\u00ebtarit&quot;","block_context":{"text":"Blogu i Udh\u00ebtarit","link":"https:\/\/www.shqiperia.com\/blog\/category\/blogu-i-udhetarit\/"},"img":{"alt_text":"","src":"https:\/\/i0.wp.com\/www.shqiperia.com\/blog\/wp-content\/uploads\/2026\/08\/markete.jpg?fit=630%2C355&ssl=1&resize=350%2C200","width":350,"height":200,"srcset":"https:\/\/i0.wp.com\/www.shqiperia.com\/blog\/wp-content\/uploads\/2026\/08\/markete.jpg?fit=630%2C355&ssl=1&resize=350%2C200 1x, https:\/\/i0.wp.com\/www.shqiperia.com\/blog\/wp-content\/uploads\/2026\/08\/markete.jpg?fit=630%2C355&ssl=1&resize=525%2C300 1.5x"},"classes":[]},{"id":103516,"url":"https:\/\/www.shqiperia.com\/blog\/eurostat-53-e-familjeve-shqiptare-nuk-bejne-dot-nje-jave-pushime\/","url_meta":{"origin":103060,"position":5},"title":"Eurostat: 53% e familjeve shqiptare nuk b\u00ebjn\u00eb dot nj\u00eb jav\u00eb pushime","author":"Kurt Farka","date":"July 31, 2026","format":false,"excerpt":"31 Korrik 2026 Shqip\u00ebria \u00ebsht\u00eb e rrethuar nga dete, liqene dhe alpe mahnit\u00ebse, por m\u00eb shum\u00eb se gjysma e familjeve n\u00eb vendin ton\u00eb nuk kan\u00eb mund\u00ebsi financiare t\u00eb p\u00ebrballojn\u00eb nj\u00eb jav\u00eb pushime n\u00eb vit larg banes\u00ebs s\u00eb tyre, duke e renditur Shqip\u00ebrin\u00eb nd\u00ebr vendet me nivelin m\u00eb t\u00eb lart\u00eb t\u00eb\u2026","rel":"","context":"In &quot;Blogu i Udh\u00ebtarit&quot;","block_context":{"text":"Blogu i Udh\u00ebtarit","link":"https:\/\/www.shqiperia.com\/blog\/category\/blogu-i-udhetarit\/"},"img":{"alt_text":"","src":"https:\/\/i0.wp.com\/www.shqiperia.com\/blog\/wp-content\/uploads\/2026\/07\/600-388-163530f30b2467055c0188e3cf2414f5.jpg?fit=600%2C388&ssl=1&resize=350%2C200","width":350,"height":200,"srcset":"https:\/\/i0.wp.com\/www.shqiperia.com\/blog\/wp-content\/uploads\/2026\/07\/600-388-163530f30b2467055c0188e3cf2414f5.jpg?fit=600%2C388&ssl=1&resize=350%2C200 1x, https:\/\/i0.wp.com\/www.shqiperia.com\/blog\/wp-content\/uploads\/2026\/07\/600-388-163530f30b2467055c0188e3cf2414f5.jpg?fit=600%2C388&ssl=1&resize=525%2C300 1.5x"},"classes":[]}],"_links":{"self":[{"href":"https:\/\/www.shqiperia.com\/blog\/wp-json\/wp\/v2\/posts\/103060","targetHints":{"allow":["GET"]}}],"collection":[{"href":"https:\/\/www.shqiperia.com\/blog\/wp-json\/wp\/v2\/posts"}],"about":[{"href":"https:\/\/www.shqiperia.com\/blog\/wp-json\/wp\/v2\/types\/post"}],"author":[{"embeddable":true,"href":"https:\/\/www.shqiperia.com\/blog\/wp-json\/wp\/v2\/users\/9"}],"replies":[{"embeddable":true,"href":"https:\/\/www.shqiperia.com\/blog\/wp-json\/wp\/v2\/comments?post=103060"}],"version-history":[{"count":1,"href":"https:\/\/www.shqiperia.com\/blog\/wp-json\/wp\/v2\/posts\/103060\/revisions"}],"predecessor-version":[{"id":103062,"href":"https:\/\/www.shqiperia.com\/blog\/wp-json\/wp\/v2\/posts\/103060\/revisions\/103062"}],"wp:featuredmedia":[{"embeddable":true,"href":"https:\/\/www.shqiperia.com\/blog\/wp-json\/wp\/v2\/media\/103061"}],"wp:attachment":[{"href":"https:\/\/www.shqiperia.com\/blog\/wp-json\/wp\/v2\/media?parent=103060"}],"wp:term":[{"taxonomy":"category","embeddable":true,"href":"https:\/\/www.shqiperia.com\/blog\/wp-json\/wp\/v2\/categories?post=103060"},{"taxonomy":"post_tag","embeddable":true,"href":"https:\/\/www.shqiperia.com\/blog\/wp-json\/wp\/v2\/tags?post=103060"}],"curies":[{"name":"wp","href":"https:\/\/api.w.org\/{rel}","templated":true}]}}