{"id":103048,"date":"2026-07-21T16:58:43","date_gmt":"2026-07-21T16:58:43","guid":{"rendered":"https:\/\/www.shqiperia.com\/blog\/?p=103048"},"modified":"2026-07-21T17:26:54","modified_gmt":"2026-07-21T17:26:54","slug":"rama-sulmon-protestuesit-dalin-lloj-lloj-sharlatanesh-e-ekstremiste-nuk-duan-investimet-e-huaja","status":"publish","type":"post","link":"https:\/\/www.shqiperia.com\/blog\/rama-sulmon-protestuesit-dalin-lloj-lloj-sharlatanesh-e-ekstremiste-nuk-duan-investimet-e-huaja\/","title":{"rendered":"Rama sulmon protestuesit: &#8211; Dalin lloj-lloj sharlatan\u00ebsh e ekstremist\u00eb, nuk duan investimet e huaja"},"content":{"rendered":"<div class=\"jeg_custom_content_wrapper \">\n<div class=\"entry-content no-share\">\n<div class=\"content-inner\">\n<p><img data-recalc-dims=\"1\" loading=\"lazy\" decoding=\"async\" data-attachment-id=\"103050\" data-permalink=\"https:\/\/www.shqiperia.com\/blog\/rama-sulmon-protestuesit-dalin-lloj-lloj-sharlatanesh-e-ekstremiste-nuk-duan-investimet-e-huaja\/753169795_4639883509568249_8838711109213488920_n-1\/\" data-orig-file=\"https:\/\/i0.wp.com\/www.shqiperia.com\/blog\/wp-content\/uploads\/2026\/07\/753169795_4639883509568249_8838711109213488920_n-1.jpg?fit=2048%2C1344&amp;ssl=1\" data-orig-size=\"2048,1344\" data-comments-opened=\"1\" data-image-meta=\"{&quot;aperture&quot;:&quot;0&quot;,&quot;credit&quot;:&quot;&quot;,&quot;camera&quot;:&quot;&quot;,&quot;caption&quot;:&quot;&quot;,&quot;created_timestamp&quot;:&quot;1784652141&quot;,&quot;copyright&quot;:&quot;&quot;,&quot;focal_length&quot;:&quot;0&quot;,&quot;iso&quot;:&quot;0&quot;,&quot;shutter_speed&quot;:&quot;0&quot;,&quot;title&quot;:&quot;&quot;,&quot;orientation&quot;:&quot;0&quot;}\" data-image-title=\"753169795_4639883509568249_8838711109213488920_n (1)\" data-image-description=\"\" data-image-caption=\"\" data-medium-file=\"https:\/\/i0.wp.com\/www.shqiperia.com\/blog\/wp-content\/uploads\/2026\/07\/753169795_4639883509568249_8838711109213488920_n-1.jpg?fit=300%2C197&amp;ssl=1\" data-large-file=\"https:\/\/i0.wp.com\/www.shqiperia.com\/blog\/wp-content\/uploads\/2026\/07\/753169795_4639883509568249_8838711109213488920_n-1.jpg?fit=1024%2C672&amp;ssl=1\" class=\"alignnone wp-image-103050\" alt=\"\" src=\"https:\/\/i0.wp.com\/www.shqiperia.com\/blog\/wp-content\/uploads\/2026\/07\/753169795_4639883509568249_8838711109213488920_n-1.jpg?resize=644%2C423&#038;ssl=1\" width=\"644\" height=\"423\" srcset=\"https:\/\/i0.wp.com\/www.shqiperia.com\/blog\/wp-content\/uploads\/2026\/07\/753169795_4639883509568249_8838711109213488920_n-1.jpg?resize=300%2C197&amp;ssl=1 300w, https:\/\/i0.wp.com\/www.shqiperia.com\/blog\/wp-content\/uploads\/2026\/07\/753169795_4639883509568249_8838711109213488920_n-1.jpg?resize=1024%2C672&amp;ssl=1 1024w, https:\/\/i0.wp.com\/www.shqiperia.com\/blog\/wp-content\/uploads\/2026\/07\/753169795_4639883509568249_8838711109213488920_n-1.jpg?resize=768%2C504&amp;ssl=1 768w, https:\/\/i0.wp.com\/www.shqiperia.com\/blog\/wp-content\/uploads\/2026\/07\/753169795_4639883509568249_8838711109213488920_n-1.jpg?resize=1536%2C1008&amp;ssl=1 1536w, https:\/\/i0.wp.com\/www.shqiperia.com\/blog\/wp-content\/uploads\/2026\/07\/753169795_4639883509568249_8838711109213488920_n-1.jpg?resize=2000%2C1313&amp;ssl=1 2000w, https:\/\/i0.wp.com\/www.shqiperia.com\/blog\/wp-content\/uploads\/2026\/07\/753169795_4639883509568249_8838711109213488920_n-1.jpg?resize=450%2C295&amp;ssl=1 450w, https:\/\/i0.wp.com\/www.shqiperia.com\/blog\/wp-content\/uploads\/2026\/07\/753169795_4639883509568249_8838711109213488920_n-1.jpg?resize=600%2C394&amp;ssl=1 600w, https:\/\/i0.wp.com\/www.shqiperia.com\/blog\/wp-content\/uploads\/2026\/07\/753169795_4639883509568249_8838711109213488920_n-1.jpg?resize=1500%2C984&amp;ssl=1 1500w, https:\/\/i0.wp.com\/www.shqiperia.com\/blog\/wp-content\/uploads\/2026\/07\/753169795_4639883509568249_8838711109213488920_n-1.jpg?resize=1300%2C853&amp;ssl=1 1300w, https:\/\/i0.wp.com\/www.shqiperia.com\/blog\/wp-content\/uploads\/2026\/07\/753169795_4639883509568249_8838711109213488920_n-1.jpg?resize=400%2C263&amp;ssl=1 400w, https:\/\/i0.wp.com\/www.shqiperia.com\/blog\/wp-content\/uploads\/2026\/07\/753169795_4639883509568249_8838711109213488920_n-1.jpg?w=2048&amp;ssl=1 2048w\" sizes=\"auto, (max-width: 644px) 100vw, 644px\" \/><\/p>\n<p>21 Korrik 2026<\/p>\n<p>Kryeministri Edi Rama sulmoi nga Thethi protestuesit q\u00eb prej 52 dit\u00ebsh mblidhen \u00e7do dit\u00eb n\u00eb bulevardin p\u00ebrpara Kryeministris\u00eb, duke k\u00ebrkuar dor\u00ebheqjen e tij dhe largimin e kast\u00ebs s\u00eb vjet\u00ebr politike.<\/p>\n<p>Gjat\u00eb nj\u00eb takimi me banor\u00ebt e zon\u00ebs s\u00eb Boges, kreu i qeveris\u00eb i akuzoi protestuesit se kund\u00ebrshtojn\u00eb investimet e huaja dhe i cil\u00ebsoi me terma si \u201csharlatan\u00eb\u201d, \u201cdelirant\u00eb\u201d dhe \u201cekstremist\u00eb\u201d.<\/p>\n<p>Duke iu p\u00ebrgjigjur pyetjeve t\u00eb banor\u00ebve p\u00ebr Paket\u00ebn e Maleve dhe nd\u00ebrhyrjet e qeveris\u00eb ndaj nd\u00ebrtimeve pa leje n\u00eb Theth, Rama argumentoi se zhvillimi ekonomik vjen p\u00ebrmes investimeve dhe mori si shembull projektin p\u00ebr nd\u00ebrtimin e rrug\u00ebs s\u00eb Dukagjinit, q\u00eb sipas tij do t\u2019i sh\u00ebrbej\u00eb zhvillimit t\u00eb turizmit dhe zon\u00ebs.<\/p>\n<p>\u201cNga vijn\u00eb fondet? Fondet vijn\u00eb nga investimet. Edhe shtetet m\u00eb demokratike b\u00ebjn\u00eb gar\u00eb p\u00ebr t\u00eb sjell\u00eb m\u00eb shum\u00eb investime t\u00eb huaja. N\u00eb Shqip\u00ebri dalin lloj-lloj sharlatan\u00ebsh, delirant\u00ebsh e ekstremist\u00ebsh dhe thon\u00eb nuk duam investime t\u00eb huaja, nuk duam t\u00eb huaj n\u00eb Shqip\u00ebri. Kujt po ia shesim Shqip\u00ebrin\u00eb?\u201d, u shpreh Rama, duke p\u00ebrmendur edhe investimet e Katarit si shembull.<\/p>\n<p>Kryeministri tha se qeveria do t\u00eb nis\u00eb nd\u00ebrtimin e rrug\u00ebs s\u00eb Dukagjinit, nd\u00ebrsa kujtoi se dikur zona vuante nga mungesa e infrastruktur\u00ebs, energjis\u00eb elektrike dhe ujit.<\/p>\n<p>N\u00eb t\u00eb nj\u00ebjtin takim, Rama sqaroi edhe Paket\u00ebn e Maleve, duke theksuar se ajo nuk \u00ebsht\u00eb nj\u00eb skem\u00eb n\u00eb favor t\u00eb oligark\u00ebve, por synon t\u2019u jap\u00eb zgjidhje \u00e7\u00ebshtjeve t\u00eb pron\u00ebsis\u00eb p\u00ebr trash\u00ebgimtar\u00ebt n\u00eb zonat malore.<\/p>\n<p>Ai mohoi gjithashtu se kishte premtuar legalizimin e nd\u00ebrtimeve t\u00eb reja pa leje n\u00eb vizit\u00ebn e tij t\u00eb m\u00ebparshme n\u00eb Theth, duke theksuar se qeveria do t\u00eb legalizoj\u00eb vet\u00ebm nd\u00ebrtimet ekzistuese q\u00eb plot\u00ebsojn\u00eb kriteret ligjore.<\/p>\n<p>\u201cNuk kam th\u00ebn\u00eb vazhdoni nd\u00ebrtoni se do t\u2019i legalizojm\u00eb. Kam folur vet\u00ebm p\u00ebr nd\u00ebrtimet ekzistuese. Pas vizit\u00ebs sime shp\u00ebrtheu vala e nd\u00ebrtimeve t\u00eb paligjshme, u d\u00ebmtua zemra e Thethit dhe l\u00ebndina pran\u00eb kish\u00ebs u zaptua me nd\u00ebrtime pa leje. K\u00ebto nuk mund t\u2019i lejonim\u201d, deklaroi Rama.<\/p>\n<p>Takimi n\u00eb Theth u zhvillua n\u00eb prani t\u00eb ministrave Ervin Demo dhe Enea Karaka\u00e7i, kryebashkiakut t\u00eb Shkodr\u00ebs, Benet Beci, si dhe zyrtar\u00ebve vendor\u00eb.<\/p>\n<\/div>\n<\/div>\n<\/div>\n","protected":false},"excerpt":{"rendered":"<p>21 Korrik 2026 Kryeministri Edi Rama sulmoi nga Thethi protestuesit q\u00eb prej 52 dit\u00ebsh mblidhen \u00e7do dit\u00eb n\u00eb bulevardin p\u00ebrpara Kryeministris\u00eb, duke k\u00ebrkuar dor\u00ebheqjen e tij dhe largimin e kast\u00ebs s\u00eb vjet\u00ebr politike. Gjat\u00eb nj\u00eb takimi me banor\u00ebt e zon\u00ebs s\u00eb Boges, kreu i qeveris\u00eb i akuzoi protestuesit se kund\u00ebrshtojn\u00eb investimet e huaja dhe i [&hellip;]<\/p>\n","protected":false},"author":9,"featured_media":103050,"comment_status":"open","ping_status":"open","sticky":false,"template":"","format":"standard","meta":{"jetpack_post_was_ever_published":false,"_jetpack_newsletter_access":"","_jetpack_dont_email_post_to_subs":false,"_jetpack_newsletter_tier_id":0,"_jetpack_memberships_contains_paywalled_content":false,"_jetpack_memberships_contains_paid_content":false,"footnotes":"","jetpack_publicize_message":"","jetpack_publicize_feature_enabled":true,"jetpack_social_post_already_shared":true,"jetpack_social_options":{"image_generator_settings":{"template":"highway","default_image_id":0,"font":"","enabled":false},"version":2}},"categories":[27,1,2],"tags":[],"class_list":["post-103048","post","type-post","status-publish","format-standard","has-post-thumbnail","hentry","category-blogu-i-udhetarit","category-njoftime-shtypi","category-politika"],"jetpack_publicize_connections":[],"jetpack_featured_media_url":"https:\/\/i0.wp.com\/www.shqiperia.com\/blog\/wp-content\/uploads\/2026\/07\/753169795_4639883509568249_8838711109213488920_n-1.jpg?fit=2048%2C1344&ssl=1","jetpack_sharing_enabled":true,"jetpack_shortlink":"https:\/\/wp.me\/p5Z6wp-qO4","jetpack-related-posts":[{"id":103020,"url":"https:\/\/www.shqiperia.com\/blog\/rama-sulmon-protestuesit-sorra-injorante-e-deshtake-zemerake\/","url_meta":{"origin":103048,"position":0},"title":"Rama sulmon protestuesit: &#8211; Sorra, injorant\u00eb e d\u00ebshtak\u00eb-zem\u00ebrak\u00eb","author":"Kurt Farka","date":"July 21, 2026","format":false,"excerpt":"21 Korrik 2026 ... Sorrat e korbat shajn\u00eb e ofendojn\u00eb dhe ju duket se po ndryshojn\u00eb bot\u00ebn, asgj\u00eb nuk ndryshojn\u00eb ata\u201d, deklaroi ai. Pas 52 dit\u00ebsh protestash t\u00eb vazhdueshme kund\u00ebr qeveris\u00eb dhe k\u00ebrkesave p\u00ebr dor\u00ebheqjen e tij, kryeministri Edi Rama ka reaguar duke sulmuar s\u00ebrish protestuesit, duke deklaruar se sistemi\u2026","rel":"","context":"In &quot;Blogu i Udh\u00ebtarit&quot;","block_context":{"text":"Blogu i Udh\u00ebtarit","link":"https:\/\/www.shqiperia.com\/blog\/category\/blogu-i-udhetarit\/"},"img":{"alt_text":"","src":"https:\/\/i0.wp.com\/www.shqiperia.com\/blog\/wp-content\/uploads\/2026\/07\/752534083_27795586756744299_591118207185510917_n-rotated.jpg?fit=720%2C752&ssl=1&resize=350%2C200","width":350,"height":200,"srcset":"https:\/\/i0.wp.com\/www.shqiperia.com\/blog\/wp-content\/uploads\/2026\/07\/752534083_27795586756744299_591118207185510917_n-rotated.jpg?fit=720%2C752&ssl=1&resize=350%2C200 1x, https:\/\/i0.wp.com\/www.shqiperia.com\/blog\/wp-content\/uploads\/2026\/07\/752534083_27795586756744299_591118207185510917_n-rotated.jpg?fit=720%2C752&ssl=1&resize=525%2C300 1.5x, https:\/\/i0.wp.com\/www.shqiperia.com\/blog\/wp-content\/uploads\/2026\/07\/752534083_27795586756744299_591118207185510917_n-rotated.jpg?fit=720%2C752&ssl=1&resize=700%2C400 2x"},"classes":[]},{"id":102060,"url":"https:\/\/www.shqiperia.com\/blog\/rama-poston-mesazh-ku-protestuesit-quhen-race-derri-edhe-kjo-ndodhi-fyerje-rracore-ndaj-qytetarve-nga\/","url_meta":{"origin":103048,"position":1},"title":"Rama poston mesazh ku protestuesit quhen \u201crac\u00eb derri\u201d.  Edhe kjo ndodhi &#8211; Fyerje Rracore ndaj qytetarve nga &#8230;","author":"Kurt Farka","date":"June 30, 2026","format":false,"excerpt":"30 Qershor 2026 Edi Rama citon\u00eb - Zoti kryeminist\u00ebr! As mos e \u00e7o n\u00ebp\u00ebr mend t\u00eb dor\u00ebhiqesh .. k\u00ebta po jan\u00eb nj\u00eb rrac\u00eb derri q\u00eb dhe duan pushtet dhe nuk mbushin hic pupupu o Zot\u2026\u201d Kreu i qeveris\u00eb ka vijuar me postime q\u00eb ai thot\u00eb se i vijn\u00eb \u201cnga qytetar\u00ebt\u201d\u2026","rel":"","context":"In &quot;Kultura&quot;","block_context":{"text":"Kultura","link":"https:\/\/www.shqiperia.com\/blog\/category\/kultura\/"},"img":{"alt_text":"","src":"https:\/\/i0.wp.com\/www.shqiperia.com\/blog\/wp-content\/uploads\/2026\/06\/Screenshot_20260630_210741_Gallery.jpg?fit=720%2C498&ssl=1&resize=350%2C200","width":350,"height":200,"srcset":"https:\/\/i0.wp.com\/www.shqiperia.com\/blog\/wp-content\/uploads\/2026\/06\/Screenshot_20260630_210741_Gallery.jpg?fit=720%2C498&ssl=1&resize=350%2C200 1x, https:\/\/i0.wp.com\/www.shqiperia.com\/blog\/wp-content\/uploads\/2026\/06\/Screenshot_20260630_210741_Gallery.jpg?fit=720%2C498&ssl=1&resize=525%2C300 1.5x, https:\/\/i0.wp.com\/www.shqiperia.com\/blog\/wp-content\/uploads\/2026\/06\/Screenshot_20260630_210741_Gallery.jpg?fit=720%2C498&ssl=1&resize=700%2C400 2x"},"classes":[]},{"id":101270,"url":"https:\/\/www.shqiperia.com\/blog\/rama-ofendon-protestuesit-nga-elbasani-injorante-dhe-delirante-doreheqje-kush-do-ti-dale-per-zot-shqiperise\/","url_meta":{"origin":103048,"position":2},"title":"Rama ofendon protestuesit nga Elbasani: &#8211; Injorant\u00eb dhe delirant\u00eb. Dor\u00ebheqje? &#8211; Kush do t\u2019i dale p\u00ebr zot Shqip\u00ebris\u00eb","author":"Kurt Farka","date":"June 8, 2026","format":false,"excerpt":"8 Qershor 2026 (Ish)Kryeministri Edi Rama mbajti nj\u00eb takim n\u00eb Elbasan p\u00ebr 35-vjetorin e Partis\u00eb Socialiste. Kryeministri foli p\u00ebr protest\u00ebn kund\u00ebr nd\u00ebrtimeve n\u00eb Zv\u00ebrnec, duke i quajtur ata q\u00eb kund\u00ebrshtojn\u00eb projektin p\u00ebr resort \u201cinjorant\u00eb dhe delirant\u00eb\u201d. Rama shtoi me ironi duke iu p\u00ebrgjigjur k\u00ebrkes\u00ebs s\u00eb protestuesve p\u00ebr dor\u00ebheqjen e tij,\u2026","rel":"","context":"In &quot;Blogu i Udh\u00ebtarit&quot;","block_context":{"text":"Blogu i Udh\u00ebtarit","link":"https:\/\/www.shqiperia.com\/blog\/category\/blogu-i-udhetarit\/"},"img":{"alt_text":"","src":"https:\/\/i0.wp.com\/www.shqiperia.com\/blog\/wp-content\/uploads\/2026\/06\/edi-ramam.jpg?fit=1131%2C781&ssl=1&resize=350%2C200","width":350,"height":200,"srcset":"https:\/\/i0.wp.com\/www.shqiperia.com\/blog\/wp-content\/uploads\/2026\/06\/edi-ramam.jpg?fit=1131%2C781&ssl=1&resize=350%2C200 1x, https:\/\/i0.wp.com\/www.shqiperia.com\/blog\/wp-content\/uploads\/2026\/06\/edi-ramam.jpg?fit=1131%2C781&ssl=1&resize=525%2C300 1.5x, https:\/\/i0.wp.com\/www.shqiperia.com\/blog\/wp-content\/uploads\/2026\/06\/edi-ramam.jpg?fit=1131%2C781&ssl=1&resize=700%2C400 2x, https:\/\/i0.wp.com\/www.shqiperia.com\/blog\/wp-content\/uploads\/2026\/06\/edi-ramam.jpg?fit=1131%2C781&ssl=1&resize=1050%2C600 3x"},"classes":[]},{"id":102430,"url":"https:\/\/www.shqiperia.com\/blog\/arrestoni-ramen-marshimi-masiv-pushton-bulevardin-zogu-i-protestuesit-thirrje-ne-kor\/","url_meta":{"origin":103048,"position":3},"title":"\u201cArrestoni Ram\u00ebn\u201d\/ Marshimi masiv pushton bulevardin \u201cZogu I\u201d, protestuesit thirrje n\u00eb kor","author":"Kurt Farka","date":"July 9, 2026","format":false,"excerpt":"9 Korrik 2026 Vala e revolt\u00ebs qytetare nuk po tregon asnj\u00eb shenj\u00eb ngadal\u00ebsimi apo lodhjeje n\u00eb k\u00ebt\u00eb dit\u00eb t\u00eb 40-t\u00eb t\u00eb q\u00ebndres\u00ebs historike. Pasi lan\u00eb pas godin\u00ebn e Kryeministris\u00eb, protestuesit po vijojn\u00eb me hapa t\u00eb shpejt\u00eb dhe vrull t\u00eb jasht\u00ebzakonsh\u00ebm marshimin e tyre masiv n\u00ebp\u00ebr akset kryesore t\u00eb Tiran\u00ebs, duke\u2026","rel":"","context":"In &quot;Blogu i Udh\u00ebtarit&quot;","block_context":{"text":"Blogu i Udh\u00ebtarit","link":"https:\/\/www.shqiperia.com\/blog\/category\/blogu-i-udhetarit\/"},"img":{"alt_text":"","src":"https:\/\/i0.wp.com\/www.shqiperia.com\/blog\/wp-content\/uploads\/2026\/07\/IMG_0210.jpeg?fit=370%2C220&ssl=1&resize=350%2C200","width":350,"height":200},"classes":[]},{"id":102685,"url":"https:\/\/www.shqiperia.com\/blog\/ju-flet-edmond-spaho-protestuesit-duan-te-vijne-ne-pushtet-me-molotov-si-falangat-e-musolinit-dhe-hitlerit\/","url_meta":{"origin":103048,"position":4},"title":"Ju flet Edmond Spaho; &#8211; \u2018Protestuesit Duan t\u00eb vijn\u00eb n\u00eb pushtet me molotov si falangat e Musolinit dhe Hitlerit","author":"Kurt Farka","date":"July 14, 2026","format":false,"excerpt":"14 Korrik 2026 ...Rama nuk duhet te jape doreheqje,edhe se ky grup (protestuesit) q\u00eb ka dale ne revolucion eshte qartazi atavizem fashiste... Ish deputeti i PD-s\u00eb Edmond Spaho, ka rip\u00ebrs\u00ebritur sot deklarat\u00ebn e tij se kryeministri Edi Rama nuk duhet ta jap\u00eb dor\u00ebheqjen, pasi sipas tij, Shqip\u00ebria \u00ebsht\u00eb pran\u00eb rastit\u2026","rel":"","context":"In &quot;Blogu i Udh\u00ebtarit&quot;","block_context":{"text":"Blogu i Udh\u00ebtarit","link":"https:\/\/www.shqiperia.com\/blog\/category\/blogu-i-udhetarit\/"},"img":{"alt_text":"","src":"https:\/\/i0.wp.com\/www.shqiperia.com\/blog\/wp-content\/uploads\/2026\/07\/Edmond-Spaho.png?fit=824%2C480&ssl=1&resize=350%2C200","width":350,"height":200,"srcset":"https:\/\/i0.wp.com\/www.shqiperia.com\/blog\/wp-content\/uploads\/2026\/07\/Edmond-Spaho.png?fit=824%2C480&ssl=1&resize=350%2C200 1x, https:\/\/i0.wp.com\/www.shqiperia.com\/blog\/wp-content\/uploads\/2026\/07\/Edmond-Spaho.png?fit=824%2C480&ssl=1&resize=525%2C300 1.5x, https:\/\/i0.wp.com\/www.shqiperia.com\/blog\/wp-content\/uploads\/2026\/07\/Edmond-Spaho.png?fit=824%2C480&ssl=1&resize=700%2C400 2x"},"classes":[]},{"id":102269,"url":"https:\/\/www.shqiperia.com\/blog\/protesta-masive-ne-tirane-pushton-mediat-e-huaja-sky-news-rames-i-uruan-100-vite-burg-per-ditelindje\/","url_meta":{"origin":103048,"position":5},"title":"Protesta masive n\u00eb Tiran\u00eb \u201cpushton\u201d mediat e huaja, Sky News: Ram\u00ebs i uruan \u201c100 vite burg\u201d p\u00ebr dit\u00eblindje!","author":"Kurt Farka","date":"July 5, 2026","format":false,"excerpt":"5 Korrik 2026 Jehona e revolt\u00ebs popullore n\u00eb Shqip\u00ebri ka kap\u00ebrcyer kufijt\u00eb, duke marr\u00eb v\u00ebmendjen e mediave m\u00eb t\u00eb m\u00ebdha nd\u00ebrkomb\u00ebtare. Gjiganti mediatik Sky News TG24 i ka kushtuar nj\u00eb hap\u00ebsir\u00eb t\u00eb r\u00ebnds\u00ebsishme protest\u00ebs madh\u00ebshtore t\u00eb zhvilluar n\u00eb Tiran\u00eb, duke pasqyruar me detaje se si nisi kjo l\u00ebvizje dhe si\u2026","rel":"","context":"In &quot;Blogu i Udh\u00ebtarit&quot;","block_context":{"text":"Blogu i Udh\u00ebtarit","link":"https:\/\/www.shqiperia.com\/blog\/category\/blogu-i-udhetarit\/"},"img":{"alt_text":"","src":"https:\/\/i0.wp.com\/www.shqiperia.com\/blog\/wp-content\/uploads\/2026\/07\/Protesta-tirane.jpg?fit=948%2C580&ssl=1&resize=350%2C200","width":350,"height":200,"srcset":"https:\/\/i0.wp.com\/www.shqiperia.com\/blog\/wp-content\/uploads\/2026\/07\/Protesta-tirane.jpg?fit=948%2C580&ssl=1&resize=350%2C200 1x, https:\/\/i0.wp.com\/www.shqiperia.com\/blog\/wp-content\/uploads\/2026\/07\/Protesta-tirane.jpg?fit=948%2C580&ssl=1&resize=525%2C300 1.5x, https:\/\/i0.wp.com\/www.shqiperia.com\/blog\/wp-content\/uploads\/2026\/07\/Protesta-tirane.jpg?fit=948%2C580&ssl=1&resize=700%2C400 2x"},"classes":[]}],"_links":{"self":[{"href":"https:\/\/www.shqiperia.com\/blog\/wp-json\/wp\/v2\/posts\/103048","targetHints":{"allow":["GET"]}}],"collection":[{"href":"https:\/\/www.shqiperia.com\/blog\/wp-json\/wp\/v2\/posts"}],"about":[{"href":"https:\/\/www.shqiperia.com\/blog\/wp-json\/wp\/v2\/types\/post"}],"author":[{"embeddable":true,"href":"https:\/\/www.shqiperia.com\/blog\/wp-json\/wp\/v2\/users\/9"}],"replies":[{"embeddable":true,"href":"https:\/\/www.shqiperia.com\/blog\/wp-json\/wp\/v2\/comments?post=103048"}],"version-history":[{"count":5,"href":"https:\/\/www.shqiperia.com\/blog\/wp-json\/wp\/v2\/posts\/103048\/revisions"}],"predecessor-version":[{"id":103059,"href":"https:\/\/www.shqiperia.com\/blog\/wp-json\/wp\/v2\/posts\/103048\/revisions\/103059"}],"wp:featuredmedia":[{"embeddable":true,"href":"https:\/\/www.shqiperia.com\/blog\/wp-json\/wp\/v2\/media\/103050"}],"wp:attachment":[{"href":"https:\/\/www.shqiperia.com\/blog\/wp-json\/wp\/v2\/media?parent=103048"}],"wp:term":[{"taxonomy":"category","embeddable":true,"href":"https:\/\/www.shqiperia.com\/blog\/wp-json\/wp\/v2\/categories?post=103048"},{"taxonomy":"post_tag","embeddable":true,"href":"https:\/\/www.shqiperia.com\/blog\/wp-json\/wp\/v2\/tags?post=103048"}],"curies":[{"name":"wp","href":"https:\/\/api.w.org\/{rel}","templated":true}]}}