{"id":103039,"date":"2026-07-21T11:15:00","date_gmt":"2026-07-21T11:15:00","guid":{"rendered":"https:\/\/www.shqiperia.com\/blog\/?p=103039"},"modified":"2026-07-21T11:15:00","modified_gmt":"2026-07-21T11:15:00","slug":"a-ka-ekzistuar-vertet-homeri-misteri-qe-historianet-vazhdojne-te-debatojne","status":"publish","type":"post","link":"https:\/\/www.shqiperia.com\/blog\/a-ka-ekzistuar-vertet-homeri-misteri-qe-historianet-vazhdojne-te-debatojne\/","title":{"rendered":"A ka ekzistuar v\u00ebrtet Homeri? Misteri q\u00eb historian\u00ebt vazhdojn\u00eb t\u00eb debatojn\u00eb"},"content":{"rendered":"<p><img data-recalc-dims=\"1\" loading=\"lazy\" decoding=\"async\" data-attachment-id=\"103040\" data-permalink=\"https:\/\/www.shqiperia.com\/blog\/a-ka-ekzistuar-vertet-homeri-misteri-qe-historianet-vazhdojne-te-debatojne\/homer-author-of-the-iliad-and-the-odyssey-considered-to-be-the-first-poet-of-the-occident-woodcut-from-1880-rd6wmc\/\" data-orig-file=\"https:\/\/i0.wp.com\/www.shqiperia.com\/blog\/wp-content\/uploads\/2026\/07\/homer-author-of-the-iliad-and-the-odyssey-considered-to-be-the-first-poet-of-the-occident-woodcut-from-1880-RD6WMC.jpg?fit=1300%2C1356&amp;ssl=1\" data-orig-size=\"1300,1356\" data-comments-opened=\"1\" data-image-meta=\"{&quot;aperture&quot;:&quot;0&quot;,&quot;credit&quot;:&quot;&quot;,&quot;camera&quot;:&quot;&quot;,&quot;caption&quot;:&quot;&quot;,&quot;created_timestamp&quot;:&quot;0&quot;,&quot;copyright&quot;:&quot;&quot;,&quot;focal_length&quot;:&quot;0&quot;,&quot;iso&quot;:&quot;0&quot;,&quot;shutter_speed&quot;:&quot;0&quot;,&quot;title&quot;:&quot;&quot;,&quot;orientation&quot;:&quot;0&quot;}\" data-image-title=\"homer-author-of-the-iliad-and-the-odyssey-considered-to-be-the-first-poet-of-the-occident-woodcut-from-1880-RD6WMC\" data-image-description=\"\" data-image-caption=\"\" data-medium-file=\"https:\/\/i0.wp.com\/www.shqiperia.com\/blog\/wp-content\/uploads\/2026\/07\/homer-author-of-the-iliad-and-the-odyssey-considered-to-be-the-first-poet-of-the-occident-woodcut-from-1880-RD6WMC.jpg?fit=288%2C300&amp;ssl=1\" data-large-file=\"https:\/\/i0.wp.com\/www.shqiperia.com\/blog\/wp-content\/uploads\/2026\/07\/homer-author-of-the-iliad-and-the-odyssey-considered-to-be-the-first-poet-of-the-occident-woodcut-from-1880-RD6WMC.jpg?fit=982%2C1024&amp;ssl=1\" class=\"alignnone  wp-image-103040\" alt=\"\" src=\"https:\/\/i0.wp.com\/www.shqiperia.com\/blog\/wp-content\/uploads\/2026\/07\/homer-author-of-the-iliad-and-the-odyssey-considered-to-be-the-first-poet-of-the-occident-woodcut-from-1880-RD6WMC.jpg?resize=464%2C483&#038;ssl=1\" width=\"464\" height=\"483\" srcset=\"https:\/\/i0.wp.com\/www.shqiperia.com\/blog\/wp-content\/uploads\/2026\/07\/homer-author-of-the-iliad-and-the-odyssey-considered-to-be-the-first-poet-of-the-occident-woodcut-from-1880-RD6WMC.jpg?resize=288%2C300&amp;ssl=1 288w, https:\/\/i0.wp.com\/www.shqiperia.com\/blog\/wp-content\/uploads\/2026\/07\/homer-author-of-the-iliad-and-the-odyssey-considered-to-be-the-first-poet-of-the-occident-woodcut-from-1880-RD6WMC.jpg?resize=982%2C1024&amp;ssl=1 982w, https:\/\/i0.wp.com\/www.shqiperia.com\/blog\/wp-content\/uploads\/2026\/07\/homer-author-of-the-iliad-and-the-odyssey-considered-to-be-the-first-poet-of-the-occident-woodcut-from-1880-RD6WMC.jpg?resize=768%2C801&amp;ssl=1 768w, https:\/\/i0.wp.com\/www.shqiperia.com\/blog\/wp-content\/uploads\/2026\/07\/homer-author-of-the-iliad-and-the-odyssey-considered-to-be-the-first-poet-of-the-occident-woodcut-from-1880-RD6WMC.jpg?resize=450%2C469&amp;ssl=1 450w, https:\/\/i0.wp.com\/www.shqiperia.com\/blog\/wp-content\/uploads\/2026\/07\/homer-author-of-the-iliad-and-the-odyssey-considered-to-be-the-first-poet-of-the-occident-woodcut-from-1880-RD6WMC.jpg?resize=600%2C626&amp;ssl=1 600w, https:\/\/i0.wp.com\/www.shqiperia.com\/blog\/wp-content\/uploads\/2026\/07\/homer-author-of-the-iliad-and-the-odyssey-considered-to-be-the-first-poet-of-the-occident-woodcut-from-1880-RD6WMC.jpg?resize=400%2C417&amp;ssl=1 400w, https:\/\/i0.wp.com\/www.shqiperia.com\/blog\/wp-content\/uploads\/2026\/07\/homer-author-of-the-iliad-and-the-odyssey-considered-to-be-the-first-poet-of-the-occident-woodcut-from-1880-RD6WMC.jpg?w=1300&amp;ssl=1 1300w\" sizes=\"auto, (max-width: 464px) 100vw, 464px\" \/><\/p>\n<p>21 Korrik 2026<\/p>\n<p>N\u00ebse pyesni se kush i shkroi Iliad\u00ebn ose Odisen\u00eb, kushdo q\u00eb ka njohuri p\u00ebr let\u00ebrsin\u00eb (ose \u00ebsht\u00eb i zoti n\u00eb loj\u00ebrat me pyetje) pa dyshim do t&#8217;ju thot\u00eb se autori ishte Homeri.<\/p>\n<p>Madje mund t&#8217;ju tregojn\u00eb se Homeri ishte nj\u00eb poet i Greqis\u00eb s\u00eb Lasht\u00eb, ndoshta me prejardhje nga joniane, i cili jetoi diku rreth shekullit t\u00eb VIII para Krishtit, kur dy poemat e tij epike u b\u00ebn\u00eb gjithnj\u00eb e m\u00eb t\u00eb njohura dhe, m\u00eb n\u00eb fund, u hodh\u00ebn p\u00ebr her\u00eb t\u00eb par\u00eb n\u00eb shkrim. Mund t\u00eb shtojn\u00eb edhe se Homeri ndoshta ishte i verb\u00ebr, nj\u00eb detaj i \u00e7uditsh\u00ebm, por q\u00eb p\u00ebrs\u00ebritet shpesh dhe q\u00eb p\u00ebrmendet n\u00eb shum\u00eb p\u00ebrshkrime t\u00eb hershme p\u00ebr t\u00eb. P\u00ebrtej k\u00ebsaj, megjithat\u00eb, ka t\u00eb ngjar\u00eb t\u00eb mos din\u00eb shum\u00eb.<\/p>\n<p>Dhe nuk do t\u00eb ishin t\u00eb vetmit.<\/p>\n<p>N\u00eb fakt, dihet aq pak p\u00ebr Homerin, saq\u00eb edhe ato pak detaje t\u00eb jet\u00ebs s\u00eb tij q\u00eb p\u00ebrmenden zakonisht, data e lindjes, vendlindja apo verb\u00ebria, mbeten ende objekt debatesh. P\u00ebr k\u00ebt\u00eb arsye, studiuesit kan\u00eb kaluar shekuj duke u p\u00ebrpjekur t\u00eb rind\u00ebrtojn\u00eb jet\u00ebn e tij, duke u mb\u00ebshtetur te t\u00eb dh\u00ebnat e pakta q\u00eb gjenden n\u00eb veprat e tij dhe n\u00eb shkrimet e biograf\u00ebve e historian\u00ebve t\u00eb lasht\u00eb.<\/p>\n<p>P\u00ebr shembull, fakti q\u00eb dor\u00ebshkrimet e ruajtura t\u00eb Iliad\u00ebs dhe Odises\u00eb jan\u00eb shkruar kryesisht n\u00eb dialektin jonik ka \u00e7uar n\u00eb p\u00ebrfundimin e arsyesh\u00ebm se edhe vet\u00eb Homeri duhet t\u00eb ket\u00eb qen\u00eb nga Jonia, nj\u00eb rajon n\u00eb pjes\u00ebn qendrore-per\u00ebndimore t\u00eb Azis\u00eb s\u00eb Vog\u00ebl, n\u00eb bregdetin e Turqis\u00eb s\u00eb sotme. Madje, n\u00eb bot\u00ebn e lasht\u00eb qarkullonin tregime p\u00ebr nj\u00eb grup poet\u00ebsh dhe shkrimtar\u00ebsh t\u00eb talentuar q\u00eb jetonin n\u00eb ishullin Kios, pran\u00eb brigjeve t\u00eb Jonis\u00eb, dhe q\u00eb e quanin veten Homerid\u00ebt, ose &#8220;bijt\u00eb e Homerit&#8221;. Nd\u00ebrkoh\u00eb, emri Homeros mund t\u00eb lidhet me fjal\u00ebn greke homeros, q\u00eb do t\u00eb thot\u00eb &#8220;peng&#8221;, sipas nj\u00eb teorie, dhe p\u00ebr k\u00ebt\u00eb arsye disa historian\u00eb kan\u00eb sugjeruar se ai mund t\u00eb ket\u00eb qen\u00eb rob. Megjithat\u00eb, n\u00eb m\u00ebnyr\u00eb t\u00eb \u00e7uditshme, e nj\u00ebjta fjal\u00eb mund t\u00eb n\u00ebnkuptoj\u00eb edhe &#8220;i verb\u00ebr&#8221;, prandaj \u00ebsht\u00eb e mundur q\u00eb pik\u00ebrisht prej saj t\u00eb ket\u00eb lindur historia e verb\u00ebris\u00eb s\u00eb tij.<\/p>\n<p>Por, edhe pse duket sikur k\u00ebto t\u00eb dh\u00ebna po na ndihmojn\u00eb t\u00eb rind\u00ebrtojm\u00eb jet\u00ebn e tij, vlen t\u00eb theksohet se asnj\u00ebra prej tyre nuk \u00ebsht\u00eb e sigurt. P\u00ebrkundrazi, p\u00ebr shkak t\u00eb t\u00eb dh\u00ebnave t\u00eb shumta t\u00eb paqarta, kontradiktore dhe shpesh t\u00eb papajtueshme, disa historian\u00eb kan\u00eb v\u00ebn\u00eb n\u00eb dyshim jo vet\u00ebm sakt\u00ebsin\u00eb e k\u00ebtyre holl\u00ebsive, por edhe vet\u00eb ekzistenc\u00ebn e Homerit.<\/p>\n<p><img data-recalc-dims=\"1\" decoding=\"async\" alt=\"Image\" src=\"https:\/\/i0.wp.com\/www.syri.net\/uploads\/syri.net\/images\/2026\/July\/21\/auto_images_GettyImages_mmsport_mentalfloss_01kxk66spnj2j708r5a21784618593.webp?ssl=1\" \/><\/p>\n<p>T\u00eb dh\u00ebnat q\u00eb gjenden n\u00eb Iliad\u00eb dhe Odis\u00e9 tregojn\u00eb se k\u00ebto vepra duhet t\u00eb jen\u00eb p\u00ebrcjell\u00eb gojarisht p\u00ebr nj\u00eb koh\u00eb shum\u00eb t\u00eb gjat\u00eb, shum\u00eb p\u00ebrpara se dikush t&#8217;i shkruante, rreth 2500 vjet m\u00eb par\u00eb. Duke qen\u00eb se ato kalonin nga nj\u00eb tregimtar te tjetri dhe rr\u00ebfeheshin vazhdimisht p\u00ebr dekada, n\u00eb mos p\u00ebr shekuj, \u00ebsht\u00eb e arsyeshme t\u00eb mendohet se historit\u00eb u pasuruan dhe u ndryshuan me kalimin e koh\u00ebs. \u00c7do rr\u00ebfimtar mund t\u00eb ket\u00eb shtuar personazhe, ngjarje apo detaje t\u00eb reja. K\u00ebshtu, ajo q\u00eb sot njohim si dy poema madh\u00ebshtore mund t\u00eb ket\u00eb qen\u00eb fillimisht nj\u00eb rr\u00ebfim shum\u00eb m\u00eb i thjesht\u00eb, i cili u zgjerua dhe u transformua gradualisht. Dhe n\u00ebse kjo ndodhi me vet\u00eb veprat, nuk ka arsye t\u00eb mendohet se e nj\u00ebjta gj\u00eb nuk mund t\u00eb ket\u00eb ndodhur edhe me figur\u00ebn e autorit t\u00eb tyre.<\/p>\n<p>N\u00eb vend q\u00eb k\u00ebto vepra t\u00eb ken\u00eb pasur nj\u00eb autor t\u00eb vet\u00ebm, \u00ebsht\u00eb e mundur q\u00eb Iliada dhe Odiseja t\u00eb jen\u00eb krijuar pjes\u00eb-pjes\u00eb, duke u plot\u00ebsuar dhe zgjeruar nga shum\u00eb rr\u00ebfimtar\u00eb gjat\u00eb nj\u00eb periudhe t\u00eb gjat\u00eb. Nd\u00ebrsa tregimet p\u00ebrhapeshin gjithnj\u00eb e m\u00eb shum\u00eb, n\u00eb munges\u00eb t\u00eb nj\u00eb autori t\u00eb njohur, mund t\u00eb ken\u00eb lindur edhe histori t\u00eb trilluara p\u00ebr njeriun q\u00eb i krijoi, p\u00ebr vendin nga vinte dhe p\u00ebr jet\u00ebn e tij. N\u00eb m\u00ebnyr\u00eb dometh\u00ebn\u00ebse, shum\u00eb rr\u00ebfime t\u00eb lashta e paraqesin Homerin si nj\u00eb figur\u00eb gjysm\u00eb legjendare, me lidhje gjaku me personazhe t\u00eb bot\u00ebs s\u00eb lasht\u00eb. Madje, nj\u00eb tregim thot\u00eb se ai u verbua pasi hodhi syt\u00eb drejt shk\u00eblqimit q\u00eb pasqyrohej nga shpata e Akilit.<\/p>\n<p><img data-recalc-dims=\"1\" decoding=\"async\" alt=\"Image\" src=\"https:\/\/i0.wp.com\/www.syri.net\/uploads\/syri.net\/images\/2026\/July\/21\/auto_images_GettyImages_mmsport_mentalfloss_01kxk68196qzr819q52t1784618593.webp?ssl=1\" \/><\/p>\n<p>Sado e paqart\u00eb t\u00eb jet\u00eb figura e Homerit n\u00eb burimet historike, edhe ideja se ai nuk ka ekzistuar kurr\u00eb \u00ebsht\u00eb po aq e paqart\u00eb. Edhe pse shum\u00eb studiues e mb\u00ebshtesin k\u00ebt\u00eb teori, mungesa e provave t\u00eb pakund\u00ebrshtueshme do t\u00eb thot\u00eb se nuk mund t\u00eb thuhet me siguri n\u00ebse ajo \u00ebsht\u00eb e v\u00ebrtet\u00eb. P\u00ebr k\u00ebt\u00eb arsye, jeta e Homerit mbetet po aq e mb\u00ebshtjell\u00eb me legjenda dhe mister sa edhe vet\u00eb kryeveprat e let\u00ebrsis\u00eb s\u00eb lasht\u00eb q\u00eb i atribuohen atij.<\/p>\n","protected":false},"excerpt":{"rendered":"<p>21 Korrik 2026 N\u00ebse pyesni se kush i shkroi Iliad\u00ebn ose Odisen\u00eb, kushdo q\u00eb ka njohuri p\u00ebr let\u00ebrsin\u00eb (ose \u00ebsht\u00eb i zoti n\u00eb loj\u00ebrat me pyetje) pa dyshim do t&#8217;ju thot\u00eb se autori ishte Homeri. Madje mund t&#8217;ju tregojn\u00eb se Homeri ishte nj\u00eb poet i Greqis\u00eb s\u00eb Lasht\u00eb, ndoshta me prejardhje nga joniane, i cili [&hellip;]<\/p>\n","protected":false},"author":9,"featured_media":103040,"comment_status":"open","ping_status":"open","sticky":false,"template":"","format":"standard","meta":{"jetpack_post_was_ever_published":false,"_jetpack_newsletter_access":"","_jetpack_dont_email_post_to_subs":false,"_jetpack_newsletter_tier_id":0,"_jetpack_memberships_contains_paywalled_content":false,"_jetpack_memberships_contains_paid_content":false,"footnotes":"","jetpack_publicize_message":"","jetpack_publicize_feature_enabled":true,"jetpack_social_post_already_shared":true,"jetpack_social_options":{"image_generator_settings":{"template":"highway","default_image_id":0,"font":"","enabled":false},"version":2}},"categories":[85,10,35,86],"tags":[],"class_list":["post-103039","post","type-post","status-publish","format-standard","has-post-thumbnail","hentry","category-histori","category-kultura","category-shoqerore","category-trashegimi-kulturore"],"jetpack_publicize_connections":[],"jetpack_featured_media_url":"https:\/\/i0.wp.com\/www.shqiperia.com\/blog\/wp-content\/uploads\/2026\/07\/homer-author-of-the-iliad-and-the-odyssey-considered-to-be-the-first-poet-of-the-occident-woodcut-from-1880-RD6WMC.jpg?fit=1300%2C1356&ssl=1","jetpack_sharing_enabled":true,"jetpack_shortlink":"https:\/\/wp.me\/p5Z6wp-qNV","jetpack-related-posts":[{"id":105523,"url":"https:\/\/www.shqiperia.com\/blog\/trajneri-maran-nuk-kam-frike-nga-veshtiresite-shqiperia-i-ka-te-gjitha-letrat-nuk-flet-per-lojtaret\/","url_meta":{"origin":103039,"position":0},"title":"Trajneri Maran: &#8211; Nuk kam frik\u00eb nga v\u00ebshtir\u00ebsit\u00eb, Shqip\u00ebria i ka t\u00eb gjitha letrat, Nuk flet per lojtaret","author":"Kurt Farka","date":"August 30, 2026","format":false,"excerpt":"30 Gusht 2026 Trajneri i Komb\u00ebtares shqiptare, Rolando Maran, flet ekskluzivisht p\u00ebr Top Channel n\u00eb nj\u00eb intervist\u00eb me gazetarin Endi Tufa, ku prek t\u00eb gjitha temat e aktualitetit t\u00eb kuqezinjve n\u00eb prag t\u00eb nisjes s\u00eb ndeshjeve zyrtare. Maran flet p\u00ebr periudh\u00ebn e gjat\u00eb t\u00eb p\u00ebrgatitjeve, ndryshimet e shumta n\u00eb skuadrat\u2026","rel":"","context":"In &quot;Njoftime Shtypi&quot;","block_context":{"text":"Njoftime Shtypi","link":"https:\/\/www.shqiperia.com\/blog\/category\/njoftime-shtypi\/"},"img":{"alt_text":"","src":"https:\/\/i0.wp.com\/www.shqiperia.com\/blog\/wp-content\/uploads\/2026\/08\/Rolando-Maran.webp?fit=800%2C450&ssl=1&resize=350%2C200","width":350,"height":200,"srcset":"https:\/\/i0.wp.com\/www.shqiperia.com\/blog\/wp-content\/uploads\/2026\/08\/Rolando-Maran.webp?fit=800%2C450&ssl=1&resize=350%2C200 1x, https:\/\/i0.wp.com\/www.shqiperia.com\/blog\/wp-content\/uploads\/2026\/08\/Rolando-Maran.webp?fit=800%2C450&ssl=1&resize=525%2C300 1.5x, https:\/\/i0.wp.com\/www.shqiperia.com\/blog\/wp-content\/uploads\/2026\/08\/Rolando-Maran.webp?fit=800%2C450&ssl=1&resize=700%2C400 2x"},"classes":[]},{"id":106067,"url":"https:\/\/www.shqiperia.com\/blog\/shqiperia-ka-qene-toka-e-njeriut-te-lire-e-njeriut-te-ashper-dhe-zemermire\/","url_meta":{"origin":103039,"position":1},"title":"\u201cShqip\u00ebria ka qen\u00eb toka e njeriut t\u00eb lir\u00eb&#8230; e njeriut t\u00eb ashp\u00ebr dhe zem\u00ebrmir\u00eb&#8230;\u201d","author":"Kurt Farka","date":"September 5, 2026","format":false,"excerpt":"5 Shtator 2026 P\u00ebr shekuj me radh\u00eb, Shqip\u00ebria ka qen\u00eb p\u00ebr Evrop\u00ebn nj\u00ebkoh\u00ebsisht af\u00ebr dhe larg. Af\u00ebr n\u00eb hart\u00eb, por larg n\u00eb p\u00ebrfytyrim. Pran\u00eb Adriatikut, por e mb\u00ebshtjell\u00eb me nj\u00eb mjegull legjendash, paragjykimesh dhe misteresh. Prandaj, kur lexojm\u00eb se \u201cShqip\u00ebria ka qen\u00eb toka e njeriut t\u00eb lir\u00eb... e njeriut t\u00eb\u2026","rel":"","context":"In &quot;Blogu i Udh\u00ebtarit&quot;","block_context":{"text":"Blogu i Udh\u00ebtarit","link":"https:\/\/www.shqiperia.com\/blog\/category\/blogu-i-udhetarit\/"},"img":{"alt_text":"","src":"https:\/\/i0.wp.com\/www.shqiperia.com\/blog\/wp-content\/uploads\/2026\/09\/640-0-shq-1788601854-Copy.jpg?fit=640%2C406&ssl=1&resize=350%2C200","width":350,"height":200,"srcset":"https:\/\/i0.wp.com\/www.shqiperia.com\/blog\/wp-content\/uploads\/2026\/09\/640-0-shq-1788601854-Copy.jpg?fit=640%2C406&ssl=1&resize=350%2C200 1x, https:\/\/i0.wp.com\/www.shqiperia.com\/blog\/wp-content\/uploads\/2026\/09\/640-0-shq-1788601854-Copy.jpg?fit=640%2C406&ssl=1&resize=525%2C300 1.5x"},"classes":[]},{"id":100388,"url":"https:\/\/www.shqiperia.com\/blog\/pse-kurani-ishte-nder-librat-me-te-shitur-mes-te-krishtereve-ne-ameriken-e-shekullit-xviii\/","url_meta":{"origin":103039,"position":2},"title":"Pse Kurani ishte nd\u00ebr librat m\u00eb t\u00eb shitur mes t\u00eb krishter\u00ebve n\u00eb Amerik\u00ebn e shekullit XVIII","author":"Kurt Farka","date":"May 18, 2026","format":false,"excerpt":"18 Maji 2026 Islami ka ekzistuar n\u00eb Amerik\u00ebn e Veriut prej qindra vitesh, q\u00eb kur njer\u00ebzit e skllav\u00ebruar t\u00eb sjell\u00eb me forc\u00eb nga Afrika soll\u00ebn me vete edhe fen\u00eb e tyre. N\u00eb vitet 1700, nj\u00eb p\u00ebrkthim anglisht i Kuranit u b\u00eb madje nd\u00ebr librat m\u00eb t\u00eb shitur mes protestant\u00ebve n\u00eb\u2026","rel":"","context":"In &quot;Blogu i Udh\u00ebtarit&quot;","block_context":{"text":"Blogu i Udh\u00ebtarit","link":"https:\/\/www.shqiperia.com\/blog\/category\/blogu-i-udhetarit\/"},"img":{"alt_text":"","src":"https:\/\/i0.wp.com\/www.shqiperia.com\/blog\/wp-content\/uploads\/2026\/05\/640-0-kurani-1778963834-1.jpeg?fit=640%2C320&ssl=1&resize=350%2C200","width":350,"height":200,"srcset":"https:\/\/i0.wp.com\/www.shqiperia.com\/blog\/wp-content\/uploads\/2026\/05\/640-0-kurani-1778963834-1.jpeg?fit=640%2C320&ssl=1&resize=350%2C200 1x, https:\/\/i0.wp.com\/www.shqiperia.com\/blog\/wp-content\/uploads\/2026\/05\/640-0-kurani-1778963834-1.jpeg?fit=640%2C320&ssl=1&resize=525%2C300 1.5x"},"classes":[]},{"id":105236,"url":"https:\/\/www.shqiperia.com\/blog\/grate-e-martuara-si-i-kontrollonin-burrat-dhe-mbronin-martesen-nje-histori-nga-mesjeta\/","url_meta":{"origin":103039,"position":3},"title":"Grat\u00eb e martuara, si i \u201ckontrollonin\u201d burrat dhe mbronin martes\u00ebn? Nj\u00eb histori nga mesjeta","author":"Kurt Farka","date":"August 26, 2026","format":false,"excerpt":"26 Gusht 2026 Ka histori q\u00eb mbijetojn\u00eb jo sepse jan\u00eb domosdoshm\u00ebrisht t\u00eb v\u00ebrteta, por sepse jan\u00eb tep\u00ebr t\u00eb bukura, t\u00eb \u00e7uditshme ose ironike p\u00ebr t\u2019u harruar. Mes tyre qarkullon edhe nj\u00eb rr\u00ebfim i pazakont\u00eb, q\u00eb pretendon se disa gra n\u00eb Mesjet\u00eb p\u00ebrdornin nj\u00eb m\u00ebnyr\u00eb t\u00eb fsheht\u00eb p\u00ebr t\u2019i mbajtur burrat\u2026","rel":"","context":"In &quot;Blogu i Udh\u00ebtarit&quot;","block_context":{"text":"Blogu i Udh\u00ebtarit","link":"https:\/\/www.shqiperia.com\/blog\/category\/blogu-i-udhetarit\/"},"img":{"alt_text":"","src":"https:\/\/i0.wp.com\/www.shqiperia.com\/blog\/wp-content\/uploads\/2026\/08\/640-0-gr-1787642714.jpg?fit=640%2C515&ssl=1&resize=350%2C200","width":350,"height":200,"srcset":"https:\/\/i0.wp.com\/www.shqiperia.com\/blog\/wp-content\/uploads\/2026\/08\/640-0-gr-1787642714.jpg?fit=640%2C515&ssl=1&resize=350%2C200 1x, https:\/\/i0.wp.com\/www.shqiperia.com\/blog\/wp-content\/uploads\/2026\/08\/640-0-gr-1787642714.jpg?fit=640%2C515&ssl=1&resize=525%2C300 1.5x"},"classes":[]},{"id":101153,"url":"https:\/\/www.shqiperia.com\/blog\/mevlan-shanaj-i-kujton-rames-90-te-besuam-se-kishe-frike-nga-pushteti-jo-etje-per-te-perse-na-zhgenjeve\/","url_meta":{"origin":103039,"position":4},"title":"Mevlan Shanaj i kujton Ram\u00ebs \u201990: &#8211; T\u00eb besuam se kishe frik\u00eb nga pushteti, jo etje p\u00ebr t\u00eb! &#8211; P\u00ebrse na zhg\u00ebnjeve?","author":"Kurt Farka","date":"June 6, 2026","format":false,"excerpt":"6 Qershor 2026 Edhe personazhe nga bota e artit i jan\u00eb bashkuar protest\u00ebs s\u00eb qytetar\u00ebve n\u00eb mbrojtje t\u00eb Zv\u00ebrnecit, protest\u00eb q\u00eb ka kaluar tashm\u00eb kufijt\u00eb e q\u00ebllimit fillestar, pasi qytetar\u00ebt k\u00ebrkojn\u00eb n\u00eb vijim\u00ebsi largimin e kryeministrit Edi Rama dhe qeveris\u00eb s\u00eb tij. Aktori Mevlan Shanaj, n\u00eb nj\u00eb reagim n\u00eb rrjetet\u2026","rel":"","context":"In &quot;Blogu i Udh\u00ebtarit&quot;","block_context":{"text":"Blogu i Udh\u00ebtarit","link":"https:\/\/www.shqiperia.com\/blog\/category\/blogu-i-udhetarit\/"},"img":{"alt_text":"","src":"https:\/\/i0.wp.com\/www.shqiperia.com\/blog\/wp-content\/uploads\/2026\/06\/Capture-39.jpg?fit=1062%2C704&ssl=1&resize=350%2C200","width":350,"height":200,"srcset":"https:\/\/i0.wp.com\/www.shqiperia.com\/blog\/wp-content\/uploads\/2026\/06\/Capture-39.jpg?fit=1062%2C704&ssl=1&resize=350%2C200 1x, https:\/\/i0.wp.com\/www.shqiperia.com\/blog\/wp-content\/uploads\/2026\/06\/Capture-39.jpg?fit=1062%2C704&ssl=1&resize=525%2C300 1.5x, https:\/\/i0.wp.com\/www.shqiperia.com\/blog\/wp-content\/uploads\/2026\/06\/Capture-39.jpg?fit=1062%2C704&ssl=1&resize=700%2C400 2x, https:\/\/i0.wp.com\/www.shqiperia.com\/blog\/wp-content\/uploads\/2026\/06\/Capture-39.jpg?fit=1062%2C704&ssl=1&resize=1050%2C600 3x"},"classes":[]},{"id":104634,"url":"https:\/\/www.shqiperia.com\/blog\/kush-ishte-burri-lakuriq-ne-ungjillin-e-markut-dhe-pse-i-ka-habitur-studiuesit-prej-shekujsh\/","url_meta":{"origin":103039,"position":5},"title":"Kush ishte burri lakuriq n\u00eb Ungjillin e Markut dhe pse i ka habitur studiuesit prej shekujsh?","author":"Kurt Farka","date":"August 17, 2026","format":false,"excerpt":"17 Gusht 2026 Nj\u00eb teori sugjeron se burri lakuriq n\u00eb Ungjillin e Markut ishte vet\u00eb autori i supozuar, Gjon Marku. Bibla p\u00ebrmban kat\u00ebr p\u00ebrshkrime t\u00eb arrestimit t\u00eb Jezusit. Vet\u00ebm nj\u00ebri prej tyre p\u00ebrmend nj\u00eb burr\u00eb lakuriq dhe, prej shekujsh, studiuesit jan\u00eb p\u00ebrpjekur t\u00eb kuptojn\u00eb pse. Nd\u00ebrsa Jezusi arrestohet n\u00eb kopshtin\u2026","rel":"","context":"In &quot;Blogu i Udh\u00ebtarit&quot;","block_context":{"text":"Blogu i Udh\u00ebtarit","link":"https:\/\/www.shqiperia.com\/blog\/category\/blogu-i-udhetarit\/"},"img":{"alt_text":"","src":"https:\/\/i0.wp.com\/www.shqiperia.com\/blog\/wp-content\/uploads\/2026\/08\/auto_jesus-in-the-garden-of-gethsemane1786962539.jpg?fit=900%2C693&ssl=1&resize=350%2C200","width":350,"height":200,"srcset":"https:\/\/i0.wp.com\/www.shqiperia.com\/blog\/wp-content\/uploads\/2026\/08\/auto_jesus-in-the-garden-of-gethsemane1786962539.jpg?fit=900%2C693&ssl=1&resize=350%2C200 1x, https:\/\/i0.wp.com\/www.shqiperia.com\/blog\/wp-content\/uploads\/2026\/08\/auto_jesus-in-the-garden-of-gethsemane1786962539.jpg?fit=900%2C693&ssl=1&resize=525%2C300 1.5x, https:\/\/i0.wp.com\/www.shqiperia.com\/blog\/wp-content\/uploads\/2026\/08\/auto_jesus-in-the-garden-of-gethsemane1786962539.jpg?fit=900%2C693&ssl=1&resize=700%2C400 2x"},"classes":[]}],"_links":{"self":[{"href":"https:\/\/www.shqiperia.com\/blog\/wp-json\/wp\/v2\/posts\/103039","targetHints":{"allow":["GET"]}}],"collection":[{"href":"https:\/\/www.shqiperia.com\/blog\/wp-json\/wp\/v2\/posts"}],"about":[{"href":"https:\/\/www.shqiperia.com\/blog\/wp-json\/wp\/v2\/types\/post"}],"author":[{"embeddable":true,"href":"https:\/\/www.shqiperia.com\/blog\/wp-json\/wp\/v2\/users\/9"}],"replies":[{"embeddable":true,"href":"https:\/\/www.shqiperia.com\/blog\/wp-json\/wp\/v2\/comments?post=103039"}],"version-history":[{"count":1,"href":"https:\/\/www.shqiperia.com\/blog\/wp-json\/wp\/v2\/posts\/103039\/revisions"}],"predecessor-version":[{"id":103041,"href":"https:\/\/www.shqiperia.com\/blog\/wp-json\/wp\/v2\/posts\/103039\/revisions\/103041"}],"wp:featuredmedia":[{"embeddable":true,"href":"https:\/\/www.shqiperia.com\/blog\/wp-json\/wp\/v2\/media\/103040"}],"wp:attachment":[{"href":"https:\/\/www.shqiperia.com\/blog\/wp-json\/wp\/v2\/media?parent=103039"}],"wp:term":[{"taxonomy":"category","embeddable":true,"href":"https:\/\/www.shqiperia.com\/blog\/wp-json\/wp\/v2\/categories?post=103039"},{"taxonomy":"post_tag","embeddable":true,"href":"https:\/\/www.shqiperia.com\/blog\/wp-json\/wp\/v2\/tags?post=103039"}],"curies":[{"name":"wp","href":"https:\/\/api.w.org\/{rel}","templated":true}]}}