{"id":103036,"date":"2026-07-21T11:05:42","date_gmt":"2026-07-21T11:05:42","guid":{"rendered":"https:\/\/www.shqiperia.com\/blog\/?p=103036"},"modified":"2026-07-21T11:05:42","modified_gmt":"2026-07-21T11:05:42","slug":"avioni-po-fluturonte-nga-londra-drejt-tiranes-ben-ulje-urgjente-ne-luksemburg-pasi","status":"publish","type":"post","link":"https:\/\/www.shqiperia.com\/blog\/avioni-po-fluturonte-nga-londra-drejt-tiranes-ben-ulje-urgjente-ne-luksemburg-pasi\/","title":{"rendered":"Avioni po fluturonte nga Londra drejt Tiran\u00ebs, b\u00ebn ulje urgjente n\u00eb Luksemburg pasi&#8230;"},"content":{"rendered":"<p><img data-recalc-dims=\"1\" loading=\"lazy\" decoding=\"async\" data-attachment-id=\"103037\" data-permalink=\"https:\/\/www.shqiperia.com\/blog\/avioni-po-fluturonte-nga-londra-drejt-tiranes-ben-ulje-urgjente-ne-luksemburg-pasi\/auto_findel1784629989\/\" data-orig-file=\"https:\/\/i0.wp.com\/www.shqiperia.com\/blog\/wp-content\/uploads\/2026\/07\/auto_findel1784629989.png?fit=900%2C630&amp;ssl=1\" data-orig-size=\"900,630\" data-comments-opened=\"1\" data-image-meta=\"{&quot;aperture&quot;:&quot;0&quot;,&quot;credit&quot;:&quot;&quot;,&quot;camera&quot;:&quot;&quot;,&quot;caption&quot;:&quot;&quot;,&quot;created_timestamp&quot;:&quot;0&quot;,&quot;copyright&quot;:&quot;&quot;,&quot;focal_length&quot;:&quot;0&quot;,&quot;iso&quot;:&quot;0&quot;,&quot;shutter_speed&quot;:&quot;0&quot;,&quot;title&quot;:&quot;&quot;,&quot;orientation&quot;:&quot;0&quot;}\" data-image-title=\"auto_findel1784629989\" data-image-description=\"\" data-image-caption=\"\" data-medium-file=\"https:\/\/i0.wp.com\/www.shqiperia.com\/blog\/wp-content\/uploads\/2026\/07\/auto_findel1784629989.png?fit=300%2C210&amp;ssl=1\" data-large-file=\"https:\/\/i0.wp.com\/www.shqiperia.com\/blog\/wp-content\/uploads\/2026\/07\/auto_findel1784629989.png?fit=900%2C630&amp;ssl=1\" class=\"alignnone  wp-image-103037\" alt=\"\" src=\"https:\/\/i0.wp.com\/www.shqiperia.com\/blog\/wp-content\/uploads\/2026\/07\/auto_findel1784629989.png?resize=483%2C338&#038;ssl=1\" width=\"483\" height=\"338\" srcset=\"https:\/\/i0.wp.com\/www.shqiperia.com\/blog\/wp-content\/uploads\/2026\/07\/auto_findel1784629989.png?resize=300%2C210&amp;ssl=1 300w, https:\/\/i0.wp.com\/www.shqiperia.com\/blog\/wp-content\/uploads\/2026\/07\/auto_findel1784629989.png?resize=768%2C538&amp;ssl=1 768w, https:\/\/i0.wp.com\/www.shqiperia.com\/blog\/wp-content\/uploads\/2026\/07\/auto_findel1784629989.png?resize=450%2C315&amp;ssl=1 450w, https:\/\/i0.wp.com\/www.shqiperia.com\/blog\/wp-content\/uploads\/2026\/07\/auto_findel1784629989.png?resize=600%2C420&amp;ssl=1 600w, https:\/\/i0.wp.com\/www.shqiperia.com\/blog\/wp-content\/uploads\/2026\/07\/auto_findel1784629989.png?resize=400%2C280&amp;ssl=1 400w, https:\/\/i0.wp.com\/www.shqiperia.com\/blog\/wp-content\/uploads\/2026\/07\/auto_findel1784629989.png?w=900&amp;ssl=1 900w\" sizes=\"auto, (max-width: 483px) 100vw, 483px\" \/><\/p>\n<p><em><strong>21 Korrik 2026<\/strong><\/em><\/p>\n<p><em><strong>Nj\u00eb emergjenc\u00eb mjek\u00ebsore e detyroi pilotin e nj\u00eb aeroplani t\u00eb Ryanair q\u00eb fluturonte nga Londra n\u00eb Tiran\u00eb t\u00eb b\u00ebnte ulje emergjente n\u00eb Aeroportin e Luksemburgut t\u00eb mart\u00ebn n\u00eb m\u00ebngjes<\/strong><\/em><\/p>\n<p>Nj\u00eb aeroplan i Ryanair q\u00eb fluturonte nga Londra (Mbret\u00ebria e Bashkuar) n\u00eb Tiran\u00eb (Shqip\u00ebri) detyrohet t\u00eb b\u00ebj\u00eb ulje emergjente n\u00eb Aeroportin e Luksemburgut t\u00eb mart\u00ebn n\u00eb m\u00ebngjes rreth or\u00ebs 8:00 t\u00eb m\u00ebngjesit p\u00ebr shkak t\u00eb nj\u00eb emergjence mjek\u00ebsore.<\/p>\n<p>Trupa e Zjarrfik\u00ebsve dhe Shp\u00ebtimit e Duk\u00ebs s\u00eb Madhe (CGDIS) dhe SAMU (Sh\u00ebrbimi Mjek\u00ebsor i Emergjenc\u00ebs) iu p\u00ebrgjigj\u00ebn vendit t\u00eb ngjarjes, sipas z\u00ebdh\u00ebn\u00ebsit t\u00eb CGDIS.<\/p>\n<p>Aeroplani, i cili ishte planifikuar t\u00eb ulej n\u00eb Tiran\u00eb n\u00eb or\u00ebn 9:55 t\u00eb m\u00ebngjesit, m\u00eb n\u00eb fund u ul n\u00eb or\u00ebn 11:18 t\u00eb m\u00ebngjesit, sipas faqes s\u00eb internetit t\u00eb aeroportit shqiptar.<\/p>\n","protected":false},"excerpt":{"rendered":"<p>21 Korrik 2026 Nj\u00eb emergjenc\u00eb mjek\u00ebsore e detyroi pilotin e nj\u00eb aeroplani t\u00eb Ryanair q\u00eb fluturonte nga Londra n\u00eb Tiran\u00eb t\u00eb b\u00ebnte ulje emergjente n\u00eb Aeroportin e Luksemburgut t\u00eb mart\u00ebn n\u00eb m\u00ebngjes Nj\u00eb aeroplan i Ryanair q\u00eb fluturonte nga Londra (Mbret\u00ebria e Bashkuar) n\u00eb Tiran\u00eb (Shqip\u00ebri) detyrohet t\u00eb b\u00ebj\u00eb ulje emergjente n\u00eb Aeroportin e Luksemburgut [&hellip;]<\/p>\n","protected":false},"author":9,"featured_media":103037,"comment_status":"open","ping_status":"open","sticky":false,"template":"","format":"standard","meta":{"jetpack_post_was_ever_published":false,"_jetpack_newsletter_access":"","_jetpack_dont_email_post_to_subs":false,"_jetpack_newsletter_tier_id":0,"_jetpack_memberships_contains_paywalled_content":false,"_jetpack_memberships_contains_paid_content":false,"footnotes":"","jetpack_publicize_message":"","jetpack_publicize_feature_enabled":true,"jetpack_social_post_already_shared":true,"jetpack_social_options":{"image_generator_settings":{"template":"highway","default_image_id":0,"font":"","enabled":false},"version":2}},"categories":[1],"tags":[],"class_list":["post-103036","post","type-post","status-publish","format-standard","has-post-thumbnail","hentry","category-njoftime-shtypi"],"jetpack_publicize_connections":[],"jetpack_featured_media_url":"https:\/\/i0.wp.com\/www.shqiperia.com\/blog\/wp-content\/uploads\/2026\/07\/auto_findel1784629989.png?fit=900%2C630&ssl=1","jetpack_sharing_enabled":true,"jetpack_shortlink":"https:\/\/wp.me\/p5Z6wp-qNS","jetpack-related-posts":[{"id":104548,"url":"https:\/\/www.shqiperia.com\/blog\/ishte-djegur-pothuajse-100-zjarri-ne-hotel-brooklyn-mjeku-rrefen-gjendjen-e-te-lenduarve-nje-vajze-rrezikon-jeten-tre-paciente-me-djegie-ne-qsut-dy-te-traum\/","url_meta":{"origin":103036,"position":0},"title":"\u201cIshte djegur pothuajse 100%!\u201d- Zjarri n\u00eb hotel \u201cBrooklyn\u201d, mjeku rr\u00ebfen gjendjen e t\u00eb l\u00ebnduarve: &#8211; Nj\u00eb vajz\u00eb rrezikon jet\u00ebn! Tre pacient\u00eb me djegie n\u00eb QSUT, dy te Trauma","author":"Kurt Farka","date":"August 16, 2026","format":false,"excerpt":"16 Gusht 2026 Shefi i Reanimacionit n\u00eb Spitalin Rajonal t\u00eb Vlor\u00ebs, Edmond Breshanaj, ka dh\u00ebn\u00eb detaje p\u00ebr gjendjen e personave t\u00eb plagosur nga zjarri q\u00eb p\u00ebrfshiu hotel \u201cBrooklyn\u201d n\u00eb Lungomare, gjat\u00eb or\u00ebve t\u00eb para t\u00eb m\u00ebngjesit. Breshanaj tha se situata ka qen\u00eb emergjente, nd\u00ebrsa n\u00eb spital jan\u00eb paraqitur gjasht\u00eb pacient\u00eb\u2026","rel":"","context":"In &quot;Blogu i Udh\u00ebtarit&quot;","block_context":{"text":"Blogu i Udh\u00ebtarit","link":"https:\/\/www.shqiperia.com\/blog\/category\/blogu-i-udhetarit\/"},"img":{"alt_text":"","src":"https:\/\/i0.wp.com\/www.shqiperia.com\/blog\/wp-content\/uploads\/2026\/08\/mjeku-Edmond-Breshanaj.jpg?fit=780%2C440&ssl=1&resize=350%2C200","width":350,"height":200,"srcset":"https:\/\/i0.wp.com\/www.shqiperia.com\/blog\/wp-content\/uploads\/2026\/08\/mjeku-Edmond-Breshanaj.jpg?fit=780%2C440&ssl=1&resize=350%2C200 1x, https:\/\/i0.wp.com\/www.shqiperia.com\/blog\/wp-content\/uploads\/2026\/08\/mjeku-Edmond-Breshanaj.jpg?fit=780%2C440&ssl=1&resize=525%2C300 1.5x, https:\/\/i0.wp.com\/www.shqiperia.com\/blog\/wp-content\/uploads\/2026\/08\/mjeku-Edmond-Breshanaj.jpg?fit=780%2C440&ssl=1&resize=700%2C400 2x"},"classes":[]},{"id":46587,"url":"https:\/\/www.shqiperia.com\/blog\/a-do-vijne-kuksianet-qe-kane-share-ramen-per-te-votuar-pd-ne-gazetari-shqiptar-ne-londer-zbulon-cfare-eshte-parashikuar-te-dielen-nga-air-albania\/","url_meta":{"origin":103036,"position":1},"title":"A do vijn\u00eb kuksian\u00ebt q\u00eb kan\u00eb shar\u00eb Ram\u00ebn p\u00ebr t\u00eb votuar PD-n\u00eb? Gazetari shqiptar n\u00eb Lond\u00ebr zbulon \u00e7far\u00eb \u00ebsht\u00eb parashikuar t\u00eb diel\u00ebn nga Air Albania","author":"Kurt Farka","date":"April 17, 2021","format":false,"excerpt":"A do vijn\u00eb kuksian\u00ebt q\u00eb kan\u00eb shar\u00eb Ram\u00ebn p\u00ebr t\u00eb votuar PD-n\u00eb? Gazetari shqiptar n\u00eb Lond\u00ebr zbulon \u00e7far\u00eb \u00ebsht\u00eb parashikuar t\u00eb diel\u00ebn nga Air Albania 16 PRILL 2021 Air Albania diten e diele ne oren 08:00 te mengjesit, do te jete Londer-Tirane dhe jo Londer-Kukes. Gazetari shqiptar n\u00eb Lond\u00ebr, Arben\u2026","rel":"","context":"In &quot;Blogu i Udh\u00ebtarit&quot;","block_context":{"text":"Blogu i Udh\u00ebtarit","link":"https:\/\/www.shqiperia.com\/blog\/category\/blogu-i-udhetarit\/"},"img":{"alt_text":"","src":"https:\/\/i0.wp.com\/www.shqiperia.com\/blog\/wp-content\/uploads\/2021\/04\/16-dhjetor-Aeroporti-Kukes.jpg?fit=1200%2C801&ssl=1&resize=350%2C200","width":350,"height":200,"srcset":"https:\/\/i0.wp.com\/www.shqiperia.com\/blog\/wp-content\/uploads\/2021\/04\/16-dhjetor-Aeroporti-Kukes.jpg?fit=1200%2C801&ssl=1&resize=350%2C200 1x, https:\/\/i0.wp.com\/www.shqiperia.com\/blog\/wp-content\/uploads\/2021\/04\/16-dhjetor-Aeroporti-Kukes.jpg?fit=1200%2C801&ssl=1&resize=525%2C300 1.5x, https:\/\/i0.wp.com\/www.shqiperia.com\/blog\/wp-content\/uploads\/2021\/04\/16-dhjetor-Aeroporti-Kukes.jpg?fit=1200%2C801&ssl=1&resize=700%2C400 2x, https:\/\/i0.wp.com\/www.shqiperia.com\/blog\/wp-content\/uploads\/2021\/04\/16-dhjetor-Aeroporti-Kukes.jpg?fit=1200%2C801&ssl=1&resize=1050%2C600 3x"},"classes":[]},{"id":104637,"url":"https:\/\/www.shqiperia.com\/blog\/tragjedi-ne-aeroport-pasagjeri-shqiptar-nderron-jete-teksa-po-ulej-avioni-ne-bolonja\/","url_meta":{"origin":103036,"position":2},"title":"Tragjedi n\u00eb aeroport\/ Pasagjeri shqiptar nd\u00ebrron jet\u00eb teksa po ulej avioni n\u00eb Bolonja","author":"Kurt Farka","date":"August 17, 2026","format":false,"excerpt":"17 Gusht 2026 I moshuari, nj\u00eb shtetas shqiptar q\u00eb vinte nga Tirana, vuante tashm\u00eb nga probleme sh\u00ebndet\u00ebsore Nj\u00eb shtetas shqiptar 85-vje\u00e7ar ka vdekur mbr\u00ebmjen e kaluar si pasoj\u00eb e nj\u00eb problemi sh\u00ebndet\u00ebsor q\u00eb e goditi gjat\u00eb faz\u00ebs s\u00eb uljes s\u00eb fluturimit t\u00eb Ryanair q\u00eb vinte nga Tirana dhe q\u00eb u\u2026","rel":"","context":"In &quot;Blogu i Udh\u00ebtarit&quot;","block_context":{"text":"Blogu i Udh\u00ebtarit","link":"https:\/\/www.shqiperia.com\/blog\/category\/blogu-i-udhetarit\/"},"img":{"alt_text":"","src":"https:\/\/i0.wp.com\/www.shqiperia.com\/blog\/wp-content\/uploads\/2026\/08\/auto_avioni1786957108.png?fit=900%2C474&ssl=1&resize=350%2C200","width":350,"height":200,"srcset":"https:\/\/i0.wp.com\/www.shqiperia.com\/blog\/wp-content\/uploads\/2026\/08\/auto_avioni1786957108.png?fit=900%2C474&ssl=1&resize=350%2C200 1x, https:\/\/i0.wp.com\/www.shqiperia.com\/blog\/wp-content\/uploads\/2026\/08\/auto_avioni1786957108.png?fit=900%2C474&ssl=1&resize=525%2C300 1.5x, https:\/\/i0.wp.com\/www.shqiperia.com\/blog\/wp-content\/uploads\/2026\/08\/auto_avioni1786957108.png?fit=900%2C474&ssl=1&resize=700%2C400 2x"},"classes":[]},{"id":73646,"url":"https:\/\/www.shqiperia.com\/blog\/piloti-vdes-ne-mes-te-fluturimit\/","url_meta":{"origin":103036,"position":3},"title":"Piloti vdes n\u00eb mes t\u00eb fluturimit!","author":"Kurt Farka","date":"August 18, 2023","format":false,"excerpt":"17 Gusht 2023 Nj\u00eb pilot i LATAM, Iv\u00e1n Andaur, vdiq t\u00eb h\u00ebn\u00ebn e kaluar pasi paraqiti probleme sh\u00ebndet\u00ebsore gjat\u00eb nj\u00eb fluturimi komercial, midis Majamit dhe Santiago de Kilit. Pavar\u00ebsisht se arriti t\u00eb b\u00ebnte nj\u00eb ulje emergjente n\u00eb Panama, ai p\u00ebrfundoi duke vdekur disa or\u00eb m\u00eb von\u00eb. \u201cGjat\u00eb fluturimit u kryen\u2026","rel":"","context":"In &quot;Blogu i Udh\u00ebtarit&quot;","block_context":{"text":"Blogu i Udh\u00ebtarit","link":"https:\/\/www.shqiperia.com\/blog\/category\/blogu-i-udhetarit\/"},"img":{"alt_text":"","src":"https:\/\/i0.wp.com\/www.shqiperia.com\/blog\/wp-content\/uploads\/2023\/08\/1200-630-sdrgergrghhh-1692286391.png?fit=1200%2C630&ssl=1&resize=350%2C200","width":350,"height":200,"srcset":"https:\/\/i0.wp.com\/www.shqiperia.com\/blog\/wp-content\/uploads\/2023\/08\/1200-630-sdrgergrghhh-1692286391.png?fit=1200%2C630&ssl=1&resize=350%2C200 1x, https:\/\/i0.wp.com\/www.shqiperia.com\/blog\/wp-content\/uploads\/2023\/08\/1200-630-sdrgergrghhh-1692286391.png?fit=1200%2C630&ssl=1&resize=525%2C300 1.5x, https:\/\/i0.wp.com\/www.shqiperia.com\/blog\/wp-content\/uploads\/2023\/08\/1200-630-sdrgergrghhh-1692286391.png?fit=1200%2C630&ssl=1&resize=700%2C400 2x, https:\/\/i0.wp.com\/www.shqiperia.com\/blog\/wp-content\/uploads\/2023\/08\/1200-630-sdrgergrghhh-1692286391.png?fit=1200%2C630&ssl=1&resize=1050%2C600 3x"},"classes":[]},{"id":105985,"url":"https:\/\/www.shqiperia.com\/blog\/zjarri-po-perparon-drejt-tiranes-flaket-ne-nikel-te-krujes-aulon-kalaja-kerkohet-nderhyrje-urgjente-nga-ajri\/","url_meta":{"origin":103036,"position":4},"title":"\u201cZjarri po p\u00ebrparon drejt Tiran\u00ebs\u201d\/ Flak\u00ebt n\u00eb Nik\u00ebl t\u00eb Kruj\u00ebs, Aulon Kalaja: &#8211; K\u00ebrkohet nd\u00ebrhyrje urgjente nga ajri","author":"Kurt Farka","date":"September 4, 2026","format":false,"excerpt":"4 Shtator 2026 Nj\u00eb zjarr masiv ka p\u00ebrfshir\u00eb prej or\u00ebve t\u00eb m\u00ebngjesit fshatrat e nj\u00ebsis\u00eb administrative Nik\u00ebl n\u00eb Bashkin\u00eb e Kruj\u00ebs, duke krijuar nj\u00eb situat\u00eb kritike p\u00ebr shkak t\u00eb af\u00ebrsis\u00eb me zonat e banuara. Kreu i Partis\u00eb Demokratike n\u00eb Kruj\u00eb, Aulon Kalaja, p\u00ebrmes nj\u00eb reagimi publik ka b\u00ebr\u00eb thirrje p\u00ebr\u2026","rel":"","context":"In &quot;Blogu i Udh\u00ebtarit&quot;","block_context":{"text":"Blogu i Udh\u00ebtarit","link":"https:\/\/www.shqiperia.com\/blog\/category\/blogu-i-udhetarit\/"},"img":{"alt_text":"","src":"https:\/\/i0.wp.com\/www.shqiperia.com\/blog\/wp-content\/uploads\/2026\/09\/7689789789.jpg?fit=921%2C506&ssl=1&resize=350%2C200","width":350,"height":200,"srcset":"https:\/\/i0.wp.com\/www.shqiperia.com\/blog\/wp-content\/uploads\/2026\/09\/7689789789.jpg?fit=921%2C506&ssl=1&resize=350%2C200 1x, https:\/\/i0.wp.com\/www.shqiperia.com\/blog\/wp-content\/uploads\/2026\/09\/7689789789.jpg?fit=921%2C506&ssl=1&resize=525%2C300 1.5x, https:\/\/i0.wp.com\/www.shqiperia.com\/blog\/wp-content\/uploads\/2026\/09\/7689789789.jpg?fit=921%2C506&ssl=1&resize=700%2C400 2x"},"classes":[]},{"id":105272,"url":"https:\/\/www.shqiperia.com\/blog\/shperthen-vullkani-kilauea-pamjet-qe-po-bejne-xhiron-e-rrjetit\/","url_meta":{"origin":103036,"position":5},"title":"Shp\u00ebrthen vullkani Kilauea, pamjet q\u00eb po b\u00ebjn\u00eb xhiron e rrjetit","author":"Kurt Farka","date":"August 26, 2026","format":false,"excerpt":"26 Gusht 2026 Nj\u00eb nga vullkanet m\u00eb aktiv\u00eb n\u00eb bot\u00eb, Kilauea, ka nisur s\u00ebrish t\u00eb shp\u00ebrthej\u00eb n\u00eb ishullin Hawaii. Sh\u00ebrbimi Gjeologjik i SHBA-s\u00eb (USGS) regjistroi rreth or\u00ebs 10:30 t\u00eb m\u00ebngjesit, sipas koh\u00ebs lokale, m\u00eb 25 gusht, fillimin e shp\u00ebrthimit t\u00eb 54-t t\u00eb Kilaueas, me aktivitetin t\u00eb p\u00ebrqendruar n\u00eb kraterin Halema\u02bbuma\u02bbu,\u2026","rel":"","context":"In &quot;Blogu i Udh\u00ebtarit&quot;","block_context":{"text":"Blogu i Udh\u00ebtarit","link":"https:\/\/www.shqiperia.com\/blog\/category\/blogu-i-udhetarit\/"},"img":{"alt_text":"","src":"https:\/\/i0.wp.com\/www.shqiperia.com\/blog\/wp-content\/uploads\/2026\/08\/vullkani_sd.webp?fit=1200%2C675&ssl=1&resize=350%2C200","width":350,"height":200,"srcset":"https:\/\/i0.wp.com\/www.shqiperia.com\/blog\/wp-content\/uploads\/2026\/08\/vullkani_sd.webp?fit=1200%2C675&ssl=1&resize=350%2C200 1x, https:\/\/i0.wp.com\/www.shqiperia.com\/blog\/wp-content\/uploads\/2026\/08\/vullkani_sd.webp?fit=1200%2C675&ssl=1&resize=525%2C300 1.5x, https:\/\/i0.wp.com\/www.shqiperia.com\/blog\/wp-content\/uploads\/2026\/08\/vullkani_sd.webp?fit=1200%2C675&ssl=1&resize=700%2C400 2x, https:\/\/i0.wp.com\/www.shqiperia.com\/blog\/wp-content\/uploads\/2026\/08\/vullkani_sd.webp?fit=1200%2C675&ssl=1&resize=1050%2C600 3x"},"classes":[]}],"_links":{"self":[{"href":"https:\/\/www.shqiperia.com\/blog\/wp-json\/wp\/v2\/posts\/103036","targetHints":{"allow":["GET"]}}],"collection":[{"href":"https:\/\/www.shqiperia.com\/blog\/wp-json\/wp\/v2\/posts"}],"about":[{"href":"https:\/\/www.shqiperia.com\/blog\/wp-json\/wp\/v2\/types\/post"}],"author":[{"embeddable":true,"href":"https:\/\/www.shqiperia.com\/blog\/wp-json\/wp\/v2\/users\/9"}],"replies":[{"embeddable":true,"href":"https:\/\/www.shqiperia.com\/blog\/wp-json\/wp\/v2\/comments?post=103036"}],"version-history":[{"count":1,"href":"https:\/\/www.shqiperia.com\/blog\/wp-json\/wp\/v2\/posts\/103036\/revisions"}],"predecessor-version":[{"id":103038,"href":"https:\/\/www.shqiperia.com\/blog\/wp-json\/wp\/v2\/posts\/103036\/revisions\/103038"}],"wp:featuredmedia":[{"embeddable":true,"href":"https:\/\/www.shqiperia.com\/blog\/wp-json\/wp\/v2\/media\/103037"}],"wp:attachment":[{"href":"https:\/\/www.shqiperia.com\/blog\/wp-json\/wp\/v2\/media?parent=103036"}],"wp:term":[{"taxonomy":"category","embeddable":true,"href":"https:\/\/www.shqiperia.com\/blog\/wp-json\/wp\/v2\/categories?post=103036"},{"taxonomy":"post_tag","embeddable":true,"href":"https:\/\/www.shqiperia.com\/blog\/wp-json\/wp\/v2\/tags?post=103036"}],"curies":[{"name":"wp","href":"https:\/\/api.w.org\/{rel}","templated":true}]}}