{"id":103033,"date":"2026-07-21T11:01:35","date_gmt":"2026-07-21T11:01:35","guid":{"rendered":"https:\/\/www.shqiperia.com\/blog\/?p=103033"},"modified":"2026-07-21T11:01:35","modified_gmt":"2026-07-21T11:01:35","slug":"delfinet-pushtojne-gjirin-e-vlores-spektakel-i-rralle-per-turistet-ne-udhetimin-drejt-sazanit","status":"publish","type":"post","link":"https:\/\/www.shqiperia.com\/blog\/delfinet-pushtojne-gjirin-e-vlores-spektakel-i-rralle-per-turistet-ne-udhetimin-drejt-sazanit\/","title":{"rendered":"Delfin\u00ebt \u201cpushtojn\u00eb\u201d Gjirin e Vlor\u00ebs, spektak\u00ebl i rrall\u00eb p\u00ebr turist\u00ebt n\u00eb udh\u00ebtimin drejt Sazanit"},"content":{"rendered":"<div class=\"firstP\">\n<p><img data-recalc-dims=\"1\" loading=\"lazy\" decoding=\"async\" data-attachment-id=\"103034\" data-permalink=\"https:\/\/www.shqiperia.com\/blog\/delfinet-pushtojne-gjirin-e-vlores-spektakel-i-rralle-per-turistet-ne-udhetimin-drejt-sazanit\/dselfini_sd\/\" data-orig-file=\"https:\/\/i0.wp.com\/www.shqiperia.com\/blog\/wp-content\/uploads\/2026\/07\/dselfini_sd.jpg?fit=1280%2C720&amp;ssl=1\" data-orig-size=\"1280,720\" data-comments-opened=\"1\" data-image-meta=\"{&quot;aperture&quot;:&quot;0&quot;,&quot;credit&quot;:&quot;&quot;,&quot;camera&quot;:&quot;&quot;,&quot;caption&quot;:&quot;&quot;,&quot;created_timestamp&quot;:&quot;0&quot;,&quot;copyright&quot;:&quot;&quot;,&quot;focal_length&quot;:&quot;0&quot;,&quot;iso&quot;:&quot;0&quot;,&quot;shutter_speed&quot;:&quot;0&quot;,&quot;title&quot;:&quot;&quot;,&quot;orientation&quot;:&quot;0&quot;}\" data-image-title=\"dselfini_sd\" data-image-description=\"\" data-image-caption=\"\" data-medium-file=\"https:\/\/i0.wp.com\/www.shqiperia.com\/blog\/wp-content\/uploads\/2026\/07\/dselfini_sd.jpg?fit=300%2C169&amp;ssl=1\" data-large-file=\"https:\/\/i0.wp.com\/www.shqiperia.com\/blog\/wp-content\/uploads\/2026\/07\/dselfini_sd.jpg?fit=1024%2C576&amp;ssl=1\" class=\"alignnone  wp-image-103034\" alt=\"\" src=\"https:\/\/i0.wp.com\/www.shqiperia.com\/blog\/wp-content\/uploads\/2026\/07\/dselfini_sd.jpg?resize=648%2C365&#038;ssl=1\" width=\"648\" height=\"365\" srcset=\"https:\/\/i0.wp.com\/www.shqiperia.com\/blog\/wp-content\/uploads\/2026\/07\/dselfini_sd.jpg?resize=300%2C169&amp;ssl=1 300w, https:\/\/i0.wp.com\/www.shqiperia.com\/blog\/wp-content\/uploads\/2026\/07\/dselfini_sd.jpg?resize=1024%2C576&amp;ssl=1 1024w, https:\/\/i0.wp.com\/www.shqiperia.com\/blog\/wp-content\/uploads\/2026\/07\/dselfini_sd.jpg?resize=768%2C432&amp;ssl=1 768w, https:\/\/i0.wp.com\/www.shqiperia.com\/blog\/wp-content\/uploads\/2026\/07\/dselfini_sd.jpg?resize=450%2C253&amp;ssl=1 450w, https:\/\/i0.wp.com\/www.shqiperia.com\/blog\/wp-content\/uploads\/2026\/07\/dselfini_sd.jpg?resize=600%2C338&amp;ssl=1 600w, https:\/\/i0.wp.com\/www.shqiperia.com\/blog\/wp-content\/uploads\/2026\/07\/dselfini_sd.jpg?resize=400%2C225&amp;ssl=1 400w, https:\/\/i0.wp.com\/www.shqiperia.com\/blog\/wp-content\/uploads\/2026\/07\/dselfini_sd.jpg?w=1280&amp;ssl=1 1280w\" sizes=\"auto, (max-width: 648px) 100vw, 648px\" \/><\/p>\n<p>21 Korrik 2026<\/p>\n<p>Delfin\u00ebt n\u00eb Gjirin e Vlor\u00ebs shpeshher\u00eb shoq\u00ebrojn\u00eb mjetet lundruese me turist\u00eb.<\/p>\n<\/div>\n<p>Tufat e delfin\u00ebve dhurojn\u00eb spektak\u00ebl n\u00eb Gjirin e Vlor\u00ebs p\u00ebr turist\u00ebt q\u00eb udh\u00ebtojn\u00eb me gomone turistike drejt ishullit t\u00eb Sazanit dhe gadishullit t\u00eb Karaburunit.<\/p>\n<p>Delfin\u00ebt u shfaq\u00ebn pran\u00eb mjeteve lundruese, duke notuar p\u00ebrpara gomoneve dhe duke luajtur mes dallg\u00ebve. Me k\u00ebrcimet dhe l\u00ebvizjet e tyre, ata krijuan nj\u00eb shfaqje, e cila u filmua dhe u fotografua n\u00eb moment.<\/p>\n<p>Pamje t\u00eb tilla jan\u00eb b\u00ebr\u00eb gjithnj\u00eb e m\u00eb t\u00eb zakonshme n\u00eb uj\u00ebrat e Gjirit t\u00eb Vlor\u00ebs, sidomos n\u00eb dit\u00ebt kur deti \u00ebsht\u00eb i qet\u00eb dhe kushtet atmosferike jan\u00eb t\u00eb favorshme. Delfin\u00ebt vazhdojn\u00eb t\u00eb jen\u00eb nj\u00eb nga bukurit\u00eb m\u00eb t\u00eb ve\u00e7anta t\u00eb bregdetit t\u00eb Vlor\u00ebs, duke i shtuar edhe m\u00eb shum\u00eb k\u00ebnaq\u00ebsin\u00eb udh\u00ebtimeve drejt Sazanit dhe Karaburunit dhe duke u dhuruar vizitor\u00ebve kujtime t\u00eb bukura.<\/p>\n","protected":false},"excerpt":{"rendered":"<p>21 Korrik 2026 Delfin\u00ebt n\u00eb Gjirin e Vlor\u00ebs shpeshher\u00eb shoq\u00ebrojn\u00eb mjetet lundruese me turist\u00eb. Tufat e delfin\u00ebve dhurojn\u00eb spektak\u00ebl n\u00eb Gjirin e Vlor\u00ebs p\u00ebr turist\u00ebt q\u00eb udh\u00ebtojn\u00eb me gomone turistike drejt ishullit t\u00eb Sazanit dhe gadishullit t\u00eb Karaburunit. Delfin\u00ebt u shfaq\u00ebn pran\u00eb mjeteve lundruese, duke notuar p\u00ebrpara gomoneve dhe duke luajtur mes dallg\u00ebve. Me k\u00ebrcimet [&hellip;]<\/p>\n","protected":false},"author":9,"featured_media":103034,"comment_status":"open","ping_status":"open","sticky":false,"template":"","format":"standard","meta":{"jetpack_post_was_ever_published":false,"_jetpack_newsletter_access":"","_jetpack_dont_email_post_to_subs":false,"_jetpack_newsletter_tier_id":0,"_jetpack_memberships_contains_paywalled_content":false,"_jetpack_memberships_contains_paid_content":false,"footnotes":"","jetpack_publicize_message":"","jetpack_publicize_feature_enabled":true,"jetpack_social_post_already_shared":true,"jetpack_social_options":{"image_generator_settings":{"template":"highway","default_image_id":0,"font":"","enabled":false},"version":2}},"categories":[27,14],"tags":[],"class_list":["post-103033","post","type-post","status-publish","format-standard","has-post-thumbnail","hentry","category-blogu-i-udhetarit","category-press-releases"],"jetpack_publicize_connections":[],"jetpack_featured_media_url":"https:\/\/i0.wp.com\/www.shqiperia.com\/blog\/wp-content\/uploads\/2026\/07\/dselfini_sd.jpg?fit=1280%2C720&ssl=1","jetpack_sharing_enabled":true,"jetpack_shortlink":"https:\/\/wp.me\/p5Z6wp-qNP","jetpack-related-posts":[{"id":101893,"url":"https:\/\/www.shqiperia.com\/blog\/spartak-ngjela-paralajmeron-fundin-e-edi-rames-ja-levizja-e-gabuar-qe-do-ta-coje-kryeministrin-para-spak-ut\/","url_meta":{"origin":103033,"position":0},"title":"Spartak Ngjela paralajm\u00ebron fundin e Edi Ram\u00ebs, ja l\u00ebvizja e gabuar q\u00eb do ta \u00e7oj\u00eb kryeministrin para SPAK-ut","author":"Kurt Farka","date":"June 27, 2026","format":false,"excerpt":"28 Qershor 2026 Avokati i njohur, Spartak Ngjela, ka reaguar dje ashp\u00ebr n\u00eb rrjetet sociale, duke l\u00ebshuar paralajm\u00ebrime t\u00eb r\u00ebnda p\u00ebr telashe t\u00eb m\u00ebdha politike dhe juridike ndaj kryeministrit Edi Rama. P\u00ebrmes nj\u00eb analize t\u00eb prer\u00eb, z. Ngjela ka theksuar se Gjiri i Vlor\u00ebs dhe Ishulli i Sazanit p\u00ebrb\u00ebjn\u00eb territore\u2026","rel":"","context":"In &quot;Blogu i Udh\u00ebtarit&quot;","block_context":{"text":"Blogu i Udh\u00ebtarit","link":"https:\/\/www.shqiperia.com\/blog\/category\/blogu-i-udhetarit\/"},"img":{"alt_text":"","src":"https:\/\/i0.wp.com\/www.shqiperia.com\/blog\/wp-content\/uploads\/2026\/06\/ngjela-rama-1-1.jpg?fit=863%2C432&ssl=1&resize=350%2C200","width":350,"height":200,"srcset":"https:\/\/i0.wp.com\/www.shqiperia.com\/blog\/wp-content\/uploads\/2026\/06\/ngjela-rama-1-1.jpg?fit=863%2C432&ssl=1&resize=350%2C200 1x, https:\/\/i0.wp.com\/www.shqiperia.com\/blog\/wp-content\/uploads\/2026\/06\/ngjela-rama-1-1.jpg?fit=863%2C432&ssl=1&resize=525%2C300 1.5x, https:\/\/i0.wp.com\/www.shqiperia.com\/blog\/wp-content\/uploads\/2026\/06\/ngjela-rama-1-1.jpg?fit=863%2C432&ssl=1&resize=700%2C400 2x"},"classes":[]},{"id":100563,"url":"https:\/\/www.shqiperia.com\/blog\/breshka-e-rralle-e-detit-gjendet-e-ngordhur-me-shenja-gjaku-ne-bregdetin-e-vlores\/","url_meta":{"origin":103033,"position":1},"title":"Breshka e rrall\u00eb e detit gjendet e ngordhur me shenja gjaku n\u00eb bregdetin e Vlor\u00ebs","author":"Kurt Farka","date":"May 22, 2026","format":false,"excerpt":"22 Maji 2026 Nj\u00eb breshk\u00eb deti \u00ebsht\u00eb gjetur e ngordhur pasditen e sotme n\u00eb plazhin e Zv\u00ebrnec, duke shkaktuar shqet\u00ebsim mes pushuesve dhe banor\u00ebve t\u00eb zon\u00ebs. Sipas informacioneve paraprake, breshka kishte d\u00ebmtime t\u00eb dukshme n\u00eb trup dhe shenja gjaku, \u00e7ka ngre dyshime se mund t\u00eb jet\u00eb goditur nga ndonj\u00eb skaf\u2026","rel":"","context":"In &quot;Blogu i Udh\u00ebtarit&quot;","block_context":{"text":"Blogu i Udh\u00ebtarit","link":"https:\/\/www.shqiperia.com\/blog\/category\/blogu-i-udhetarit\/"},"img":{"alt_text":"","src":"https:\/\/i0.wp.com\/www.shqiperia.com\/blog\/wp-content\/uploads\/2026\/05\/640-0-80d7047ccba0201165859a01904a599f-1.jpg?fit=640%2C336&ssl=1&resize=350%2C200","width":350,"height":200,"srcset":"https:\/\/i0.wp.com\/www.shqiperia.com\/blog\/wp-content\/uploads\/2026\/05\/640-0-80d7047ccba0201165859a01904a599f-1.jpg?fit=640%2C336&ssl=1&resize=350%2C200 1x, https:\/\/i0.wp.com\/www.shqiperia.com\/blog\/wp-content\/uploads\/2026\/05\/640-0-80d7047ccba0201165859a01904a599f-1.jpg?fit=640%2C336&ssl=1&resize=525%2C300 1.5x"},"classes":[]},{"id":101472,"url":"https:\/\/www.shqiperia.com\/blog\/national-geographic-beteja-mijevjecare-per-te-kontrolluar-ishullin-e-sazanit-ne-shqiperi\/","url_meta":{"origin":103033,"position":2},"title":"National Geographic &#8211; Beteja mij\u00ebvje\u00e7are p\u00ebr t\u00eb kontrolluar ishullin e Sazanit n\u00eb Shqip\u00ebri","author":"Kurt Farka","date":"June 14, 2026","format":false,"excerpt":"P\u00ebr mij\u00ebra vjet, fuqit\u00eb bot\u00ebrore kan\u00eb shk\u00ebmbyer kontroll mbi nj\u00eb ishull t\u00eb vog\u00ebl e t\u00eb harlisur pran\u00eb bregut jugper\u00ebndimor t\u00eb Shqip\u00ebris\u00eb. Ishulli i Sazanit, nj\u00eb hap\u00ebsir\u00eb \u200b\u200btoke prej 2.2 miljesh katror\u00eb, shtrihet brenda Ngushtic\u00ebs s\u00eb Otrantos, nj\u00eb kanal i ngusht\u00eb q\u00eb ndan Italin\u00eb dhe\u00a0Shqip\u00ebrin\u00eb, dhe ka sh\u00ebrbyer si nj\u00eb baz\u00eb\u2026","rel":"","context":"In &quot;Blogu i Udh\u00ebtarit&quot;","block_context":{"text":"Blogu i Udh\u00ebtarit","link":"https:\/\/www.shqiperia.com\/blog\/category\/blogu-i-udhetarit\/"},"img":{"alt_text":"","src":"https:\/\/i0.wp.com\/www.shqiperia.com\/blog\/wp-content\/uploads\/2026\/06\/maxresdefault-1.jpg?fit=1200%2C675&ssl=1&resize=350%2C200","width":350,"height":200,"srcset":"https:\/\/i0.wp.com\/www.shqiperia.com\/blog\/wp-content\/uploads\/2026\/06\/maxresdefault-1.jpg?fit=1200%2C675&ssl=1&resize=350%2C200 1x, https:\/\/i0.wp.com\/www.shqiperia.com\/blog\/wp-content\/uploads\/2026\/06\/maxresdefault-1.jpg?fit=1200%2C675&ssl=1&resize=525%2C300 1.5x, https:\/\/i0.wp.com\/www.shqiperia.com\/blog\/wp-content\/uploads\/2026\/06\/maxresdefault-1.jpg?fit=1200%2C675&ssl=1&resize=700%2C400 2x, https:\/\/i0.wp.com\/www.shqiperia.com\/blog\/wp-content\/uploads\/2026\/06\/maxresdefault-1.jpg?fit=1200%2C675&ssl=1&resize=1050%2C600 3x"},"classes":[]},{"id":105407,"url":"https:\/\/www.shqiperia.com\/blog\/zjarri-ne-vranisht-te-vlores-perfshihet-nga-flaket-nje-banese-digjen-dhe-disa-hektare-siperfaqe-pyjore\/","url_meta":{"origin":103033,"position":3},"title":"Zjarri n\u00eb Vranisht t\u00eb Vlor\u00ebs, p\u00ebrfshihet nga flak\u00ebt nj\u00eb banes\u00eb, digjen dhe disa hektar\u00eb sip\u00ebrfaqe pyjore","author":"Kurt Farka","date":"August 28, 2026","format":false,"excerpt":"28 Gusht 2026 Nj\u00eb banes\u00eb e pabanuar \u00ebsht\u00eb p\u00ebrfshir\u00eb nga flak\u00ebt, nd\u00ebrsa zjarri ka p\u00ebrfshir\u00eb disa hektar\u00eb me pisha dhe sip\u00ebrfaqe pyjore n\u00eb fshatin Vranisht t\u00eb bashkis\u00eb Himar\u00eb. Situata paraqitet e v\u00ebshtir\u00eb p\u00ebr shkak t\u00eb er\u00ebrave t\u00eb forta dhe temperaturave t\u00eb larta, nd\u00ebrsa flak\u00ebt vijojn\u00eb t\u00eb jen\u00eb aktive dhe rrezikojn\u00eb\u2026","rel":"","context":"In &quot;Blogu i Udh\u00ebtarit&quot;","block_context":{"text":"Blogu i Udh\u00ebtarit","link":"https:\/\/www.shqiperia.com\/blog\/category\/blogu-i-udhetarit\/"},"img":{"alt_text":"","src":"https:\/\/i0.wp.com\/www.shqiperia.com\/blog\/wp-content\/uploads\/2026\/08\/Untitled-design-42.webp?fit=1200%2C675&ssl=1&resize=350%2C200","width":350,"height":200,"srcset":"https:\/\/i0.wp.com\/www.shqiperia.com\/blog\/wp-content\/uploads\/2026\/08\/Untitled-design-42.webp?fit=1200%2C675&ssl=1&resize=350%2C200 1x, https:\/\/i0.wp.com\/www.shqiperia.com\/blog\/wp-content\/uploads\/2026\/08\/Untitled-design-42.webp?fit=1200%2C675&ssl=1&resize=525%2C300 1.5x, https:\/\/i0.wp.com\/www.shqiperia.com\/blog\/wp-content\/uploads\/2026\/08\/Untitled-design-42.webp?fit=1200%2C675&ssl=1&resize=700%2C400 2x, https:\/\/i0.wp.com\/www.shqiperia.com\/blog\/wp-content\/uploads\/2026\/08\/Untitled-design-42.webp?fit=1200%2C675&ssl=1&resize=1050%2C600 3x"},"classes":[]},{"id":101351,"url":"https:\/\/www.shqiperia.com\/blog\/arkeologji-vendbanimi-i-zvernecit-mund-te-krahasohet-e-barazohet-me-kulturat-me-te-zhvilluara-paleolitike-te-evropes-musteriane-e-salutriane\/","url_meta":{"origin":103033,"position":4},"title":"Arkeologji: &#8211; Prof. Korkuti: &#8211; Vendbanimi i Zv\u00ebrnecit, mund t\u00eb krahasohet e barazohet me kulturat me t\u00eb zhvilluara paleolitike t\u00eb Evrop\u00ebs (Musteriane e Salutriane).","author":"Kurt Farka","date":"June 10, 2026","format":false,"excerpt":"10 Qershor 2026 Zbulime te Specialistit te Trashegimise Novruz Bajramaj. \"Gjat\u00eb muajit qershor t\u00eb k\u00ebsaj vere (viti 2016) pata nj\u00eb k\u00ebnaq\u00ebsi t\u00eb ve\u00e7ant\u00eb; s\u00eb bashku me kolegun e vjet\u00ebr, mjeshtrin e monumenteve Novrus Bajrami, vizituam disa stacione paleolitike t\u00eb reja dhe u njoh\u00ebm me gjetjet, veglat e strallit, t\u00eb zbuluara\u2026","rel":"","context":"In &quot;Blogu i Udh\u00ebtarit&quot;","block_context":{"text":"Blogu i Udh\u00ebtarit","link":"https:\/\/www.shqiperia.com\/blog\/category\/blogu-i-udhetarit\/"},"img":{"alt_text":"","src":"https:\/\/i0.wp.com\/www.shqiperia.com\/blog\/wp-content\/uploads\/2026\/06\/Novruz-Bajramaj.jpg?fit=960%2C720&ssl=1&resize=350%2C200","width":350,"height":200,"srcset":"https:\/\/i0.wp.com\/www.shqiperia.com\/blog\/wp-content\/uploads\/2026\/06\/Novruz-Bajramaj.jpg?fit=960%2C720&ssl=1&resize=350%2C200 1x, https:\/\/i0.wp.com\/www.shqiperia.com\/blog\/wp-content\/uploads\/2026\/06\/Novruz-Bajramaj.jpg?fit=960%2C720&ssl=1&resize=525%2C300 1.5x, https:\/\/i0.wp.com\/www.shqiperia.com\/blog\/wp-content\/uploads\/2026\/06\/Novruz-Bajramaj.jpg?fit=960%2C720&ssl=1&resize=700%2C400 2x"},"classes":[]},{"id":106058,"url":"https:\/\/www.shqiperia.com\/blog\/zjarri-ne-himare-shoqerohet-ne-komisariat-nje-person-dyshohet-se-i-vuri-flaken-zones\/","url_meta":{"origin":103033,"position":5},"title":"Zjarri n\u00eb Himar\u00eb, shoq\u00ebrohet n\u00eb komisariat nj\u00eb person, dyshohet se i vuri flak\u00ebn zon\u00ebs","author":"Kurt Farka","date":"September 5, 2026","format":false,"excerpt":"5 Shtator 2026 Nj\u00eb person \u00ebsht\u00eb shoq\u00ebruar n\u00eb Komisariatin e Vlor\u00ebs, pasi dyshohet se ka vendosur zjarrin n\u00eb zon\u00ebn e bypass-it t\u00eb Vlor\u00ebs, ku flak\u00ebt p\u00ebrfshin\u00eb mbr\u00ebmjen e s\u00eb premtes edhe lagjen nr. 1 n\u00eb Himar\u00eb. Personi i shoq\u00ebruar \u00ebsht\u00eb nj\u00eb \u00e7oban i zon\u00ebs, i cili kullot bag\u00ebtit\u00eb n\u00eb territorin\u2026","rel":"","context":"In &quot;Blogu i Udh\u00ebtarit&quot;","block_context":{"text":"Blogu i Udh\u00ebtarit","link":"https:\/\/www.shqiperia.com\/blog\/category\/blogu-i-udhetarit\/"},"img":{"alt_text":"","src":"https:\/\/i0.wp.com\/www.shqiperia.com\/blog\/wp-content\/uploads\/2026\/09\/800-0-69a1a68eb801daf07c0c0ad0a0b5001a-6a9beb6a6ef24.png?fit=800%2C538&ssl=1&resize=350%2C200","width":350,"height":200,"srcset":"https:\/\/i0.wp.com\/www.shqiperia.com\/blog\/wp-content\/uploads\/2026\/09\/800-0-69a1a68eb801daf07c0c0ad0a0b5001a-6a9beb6a6ef24.png?fit=800%2C538&ssl=1&resize=350%2C200 1x, https:\/\/i0.wp.com\/www.shqiperia.com\/blog\/wp-content\/uploads\/2026\/09\/800-0-69a1a68eb801daf07c0c0ad0a0b5001a-6a9beb6a6ef24.png?fit=800%2C538&ssl=1&resize=525%2C300 1.5x, https:\/\/i0.wp.com\/www.shqiperia.com\/blog\/wp-content\/uploads\/2026\/09\/800-0-69a1a68eb801daf07c0c0ad0a0b5001a-6a9beb6a6ef24.png?fit=800%2C538&ssl=1&resize=700%2C400 2x"},"classes":[]}],"_links":{"self":[{"href":"https:\/\/www.shqiperia.com\/blog\/wp-json\/wp\/v2\/posts\/103033","targetHints":{"allow":["GET"]}}],"collection":[{"href":"https:\/\/www.shqiperia.com\/blog\/wp-json\/wp\/v2\/posts"}],"about":[{"href":"https:\/\/www.shqiperia.com\/blog\/wp-json\/wp\/v2\/types\/post"}],"author":[{"embeddable":true,"href":"https:\/\/www.shqiperia.com\/blog\/wp-json\/wp\/v2\/users\/9"}],"replies":[{"embeddable":true,"href":"https:\/\/www.shqiperia.com\/blog\/wp-json\/wp\/v2\/comments?post=103033"}],"version-history":[{"count":1,"href":"https:\/\/www.shqiperia.com\/blog\/wp-json\/wp\/v2\/posts\/103033\/revisions"}],"predecessor-version":[{"id":103035,"href":"https:\/\/www.shqiperia.com\/blog\/wp-json\/wp\/v2\/posts\/103033\/revisions\/103035"}],"wp:featuredmedia":[{"embeddable":true,"href":"https:\/\/www.shqiperia.com\/blog\/wp-json\/wp\/v2\/media\/103034"}],"wp:attachment":[{"href":"https:\/\/www.shqiperia.com\/blog\/wp-json\/wp\/v2\/media?parent=103033"}],"wp:term":[{"taxonomy":"category","embeddable":true,"href":"https:\/\/www.shqiperia.com\/blog\/wp-json\/wp\/v2\/categories?post=103033"},{"taxonomy":"post_tag","embeddable":true,"href":"https:\/\/www.shqiperia.com\/blog\/wp-json\/wp\/v2\/tags?post=103033"}],"curies":[{"name":"wp","href":"https:\/\/api.w.org\/{rel}","templated":true}]}}