{"id":103020,"date":"2026-07-21T10:39:19","date_gmt":"2026-07-21T10:39:19","guid":{"rendered":"https:\/\/www.shqiperia.com\/blog\/?p=103020"},"modified":"2026-07-21T10:39:19","modified_gmt":"2026-07-21T10:39:19","slug":"rama-sulmon-protestuesit-sorra-injorante-e-deshtake-zemerake","status":"publish","type":"post","link":"https:\/\/www.shqiperia.com\/blog\/rama-sulmon-protestuesit-sorra-injorante-e-deshtake-zemerake\/","title":{"rendered":"Rama sulmon protestuesit: &#8211; Sorra, injorant\u00eb e d\u00ebshtak\u00eb-zem\u00ebrak\u00eb"},"content":{"rendered":"<p><img data-recalc-dims=\"1\" loading=\"lazy\" decoding=\"async\" data-attachment-id=\"103021\" data-permalink=\"https:\/\/www.shqiperia.com\/blog\/rama-sulmon-protestuesit-sorra-injorante-e-deshtake-zemerake\/752534083_27795586756744299_591118207185510917_n\/\" data-orig-file=\"https:\/\/i0.wp.com\/www.shqiperia.com\/blog\/wp-content\/uploads\/2026\/07\/752534083_27795586756744299_591118207185510917_n-rotated.jpg?fit=720%2C752&amp;ssl=1\" data-orig-size=\"720,752\" data-comments-opened=\"1\" data-image-meta=\"{&quot;aperture&quot;:&quot;0&quot;,&quot;credit&quot;:&quot;&quot;,&quot;camera&quot;:&quot;&quot;,&quot;caption&quot;:&quot;&quot;,&quot;created_timestamp&quot;:&quot;0&quot;,&quot;copyright&quot;:&quot;&quot;,&quot;focal_length&quot;:&quot;0&quot;,&quot;iso&quot;:&quot;0&quot;,&quot;shutter_speed&quot;:&quot;0&quot;,&quot;title&quot;:&quot;&quot;,&quot;orientation&quot;:&quot;1&quot;}\" data-image-title=\"752534083_27795586756744299_591118207185510917_n\" data-image-description=\"\" data-image-caption=\"\" data-medium-file=\"https:\/\/i0.wp.com\/www.shqiperia.com\/blog\/wp-content\/uploads\/2026\/07\/752534083_27795586756744299_591118207185510917_n-rotated.jpg?fit=287%2C300&amp;ssl=1\" data-large-file=\"https:\/\/i0.wp.com\/www.shqiperia.com\/blog\/wp-content\/uploads\/2026\/07\/752534083_27795586756744299_591118207185510917_n-rotated.jpg?fit=720%2C752&amp;ssl=1\" class=\"alignnone  wp-image-103021\" alt=\"\" src=\"https:\/\/i0.wp.com\/www.shqiperia.com\/blog\/wp-content\/uploads\/2026\/07\/752534083_27795586756744299_591118207185510917_n.jpg?resize=552%2C577&#038;ssl=1\" width=\"552\" height=\"577\" srcset=\"https:\/\/i0.wp.com\/www.shqiperia.com\/blog\/wp-content\/uploads\/2026\/07\/752534083_27795586756744299_591118207185510917_n-rotated.jpg?resize=287%2C300&amp;ssl=1 287w, https:\/\/i0.wp.com\/www.shqiperia.com\/blog\/wp-content\/uploads\/2026\/07\/752534083_27795586756744299_591118207185510917_n-rotated.jpg?resize=450%2C470&amp;ssl=1 450w, https:\/\/i0.wp.com\/www.shqiperia.com\/blog\/wp-content\/uploads\/2026\/07\/752534083_27795586756744299_591118207185510917_n-rotated.jpg?resize=600%2C627&amp;ssl=1 600w, https:\/\/i0.wp.com\/www.shqiperia.com\/blog\/wp-content\/uploads\/2026\/07\/752534083_27795586756744299_591118207185510917_n-rotated.jpg?resize=400%2C418&amp;ssl=1 400w, https:\/\/i0.wp.com\/www.shqiperia.com\/blog\/wp-content\/uploads\/2026\/07\/752534083_27795586756744299_591118207185510917_n-rotated.jpg?w=720&amp;ssl=1 720w\" sizes=\"auto, (max-width: 552px) 100vw, 552px\" \/><\/p>\n<p>21 Korrik 2026<\/p>\n<p>&#8230; Sorrat e korbat shajn\u00eb e ofendojn\u00eb dhe ju duket se po ndryshojn\u00eb bot\u00ebn, asgj\u00eb nuk ndryshojn\u00eb ata\u201d, deklaroi ai.<\/p>\n<p>Pas 52 dit\u00ebsh protestash t\u00eb vazhdueshme kund\u00ebr qeveris\u00eb dhe k\u00ebrkesave p\u00ebr dor\u00ebheqjen e tij, kryeministri Edi Rama ka reaguar duke sulmuar s\u00ebrish protestuesit, duke deklaruar se sistemi politik n\u00eb Shqip\u00ebri nuk mund t\u00eb p\u00ebrmbyset.<\/p>\n<p>N\u00eb nj\u00eb deklarat\u00eb t\u00eb tij n\u00eb nj\u00eb lidhje love n\u00eb rrjetet sociale, Rama u shpreh se p\u00ebrpjekjet p\u00ebr ndryshim p\u00ebrmes protestave nuk do t\u00eb sjellin rr\u00ebzimin e sistemit, nd\u00ebrsa p\u00ebrdori nj\u00eb gjuh\u00eb t\u00eb ashp\u00ebr ndaj kund\u00ebrshtar\u00ebve t\u00eb tij.<\/p>\n<p>\u201cNuk kthehet m\u00eb p\u00ebrmbys ky sistem, edhe pse duan ta kthejn\u00eb disa korba. P\u00ebr \u00e7far\u00eb kam reflektuar personalisht nga pasqyra e bulevardit t\u00eb flamingove \u00ebsht\u00eb tem\u00eb tjet\u00ebr dhe do ta ndaj me t\u00eb gjith\u00eb n\u00eb dit\u00ebt n\u00eb vijim. Por ai bulevard \u00ebsht\u00eb p\u00ebr mua qart\u00ebsisht i ndar\u00eb. Historia e flamingove \u00ebsht\u00eb historia e Shqip\u00ebris\u00eb s\u00eb re, nd\u00ebrsa historia e sorrave nuk ka lidhje me t\u00eb ardhmen, \u00ebsht\u00eb vet\u00ebm e shkuara q\u00eb vjen n\u00eb forma shum\u00eb t\u00eb rrezikshme dhe shqet\u00ebsuese, po t\u00eb shohim historin\u00eb. Ekstremet e majta e t\u00eb djathta q\u00eb vijn\u00eb p\u00ebr t\u00eb sjell\u00eb p\u00ebrmes delirant\u00ebsh, injorant\u00ebsh dhe d\u00ebshtak\u00eb-zem\u00ebrak\u00ebsh, m\u00eb t\u00eb keqen. Sorrat e korbat shajn\u00eb e ofendojn\u00eb dhe ju duket se po ndryshojn\u00eb bot\u00ebn, asgj\u00eb nuk ndryshojn\u00eb ata\u201d, deklaroi ai.<\/p>\n","protected":false},"excerpt":{"rendered":"<p>21 Korrik 2026 &#8230; Sorrat e korbat shajn\u00eb e ofendojn\u00eb dhe ju duket se po ndryshojn\u00eb bot\u00ebn, asgj\u00eb nuk ndryshojn\u00eb ata\u201d, deklaroi ai. Pas 52 dit\u00ebsh protestash t\u00eb vazhdueshme kund\u00ebr qeveris\u00eb dhe k\u00ebrkesave p\u00ebr dor\u00ebheqjen e tij, kryeministri Edi Rama ka reaguar duke sulmuar s\u00ebrish protestuesit, duke deklaruar se sistemi politik n\u00eb Shqip\u00ebri nuk mund [&hellip;]<\/p>\n","protected":false},"author":9,"featured_media":103021,"comment_status":"open","ping_status":"open","sticky":false,"template":"","format":"standard","meta":{"jetpack_post_was_ever_published":false,"_jetpack_newsletter_access":"","_jetpack_dont_email_post_to_subs":false,"_jetpack_newsletter_tier_id":0,"_jetpack_memberships_contains_paywalled_content":false,"_jetpack_memberships_contains_paid_content":false,"footnotes":"","jetpack_publicize_message":"","jetpack_publicize_feature_enabled":true,"jetpack_social_post_already_shared":true,"jetpack_social_options":{"image_generator_settings":{"template":"highway","default_image_id":0,"font":"","enabled":false},"version":2}},"categories":[27,1,2,35],"tags":[],"class_list":["post-103020","post","type-post","status-publish","format-standard","has-post-thumbnail","hentry","category-blogu-i-udhetarit","category-njoftime-shtypi","category-politika","category-shoqerore"],"jetpack_publicize_connections":[],"jetpack_featured_media_url":"https:\/\/i0.wp.com\/www.shqiperia.com\/blog\/wp-content\/uploads\/2026\/07\/752534083_27795586756744299_591118207185510917_n-rotated.jpg?fit=720%2C752&ssl=1","jetpack_sharing_enabled":true,"jetpack_shortlink":"https:\/\/wp.me\/p5Z6wp-qNC","jetpack-related-posts":[{"id":102279,"url":"https:\/\/www.shqiperia.com\/blog\/protesta-e-te-shtunes-me-arkivolin-e-edi-rames-mesazh-kercenues-me-simbolin-e-rrezimit-te\/","url_meta":{"origin":103020,"position":0},"title":"Protesta e t\u00eb shtun\u00ebs me arkivolin e Edi Ram\u00ebs, mesazh k\u00ebrc\u00ebnues me simbolin e rr\u00ebzimit t\u00eb","author":"Kurt Farka","date":"July 6, 2026","format":false,"excerpt":"6 Korrik 2026 Pasi protestuesit nxor\u00ebn k\u00ebt\u00eb fundjav\u00eb (t\u00eb shtun\u00ebn e 4 korrikut) n\u00eb bulevard arkivolin me mbishkrimin \u201cArkivoli politik i Edi Ram\u00ebs\u201d, kryeministri duket se \u00ebsht\u00eb n\u00eb panik dhe i d\u00ebshp\u00ebruar n\u00eb reagimin e tij t\u00eb par\u00eb mbi ngjarjen.\u00a0 Z. Rama, i cili deri dje i p\u00ebrshkruante protestat si\u2026","rel":"","context":"In &quot;Blogu i Udh\u00ebtarit&quot;","block_context":{"text":"Blogu i Udh\u00ebtarit","link":"https:\/\/www.shqiperia.com\/blog\/category\/blogu-i-udhetarit\/"},"img":{"alt_text":"","src":"https:\/\/i0.wp.com\/www.shqiperia.com\/blog\/wp-content\/uploads\/2026\/07\/foto-4-1-1140x570-1.jpg?fit=1140%2C570&ssl=1&resize=350%2C200","width":350,"height":200,"srcset":"https:\/\/i0.wp.com\/www.shqiperia.com\/blog\/wp-content\/uploads\/2026\/07\/foto-4-1-1140x570-1.jpg?fit=1140%2C570&ssl=1&resize=350%2C200 1x, https:\/\/i0.wp.com\/www.shqiperia.com\/blog\/wp-content\/uploads\/2026\/07\/foto-4-1-1140x570-1.jpg?fit=1140%2C570&ssl=1&resize=525%2C300 1.5x, https:\/\/i0.wp.com\/www.shqiperia.com\/blog\/wp-content\/uploads\/2026\/07\/foto-4-1-1140x570-1.jpg?fit=1140%2C570&ssl=1&resize=700%2C400 2x, https:\/\/i0.wp.com\/www.shqiperia.com\/blog\/wp-content\/uploads\/2026\/07\/foto-4-1-1140x570-1.jpg?fit=1140%2C570&ssl=1&resize=1050%2C600 3x"},"classes":[]},{"id":102161,"url":"https:\/\/www.shqiperia.com\/blog\/qeveria-ka-nje-mllef-te-madh-po-e-shkarkon-ndaj-protestuesve-lubonja-rama-me-gjuhe-dhune-e-denigruese-turp\/","url_meta":{"origin":103020,"position":1},"title":"\u201cQeveria ka nj\u00eb mllef t\u00eb madh, po e shkarkon ndaj protestuesve\u201d\/ Lubonja: &#8211; Rama me gjuh\u00eb dhune e denigruese, turp","author":"Kurt Farka","date":"July 2, 2026","format":false,"excerpt":"2 Korrik 2026 Analisti Fatos Lubonja n\u00eb nj\u00eb intervist\u00eb televizive foli p\u00ebr zhvillimet e fundit politike duke u ndalur te protesta e sotme e mbajtur para Kuvendit. Gjat\u00eb intervist\u00ebs, Lubonja tha se protestuesit n\u00eb gjith\u00eb k\u00ebto dit\u00eb kan\u00eb zhvilluar nj\u00eb revolucion paq\u00ebsor. Sipas tij, kryeministri Edi Rama ka p\u00ebrdoru nj\u00eb\u2026","rel":"","context":"In &quot;Njoftime Shtypi&quot;","block_context":{"text":"Njoftime Shtypi","link":"https:\/\/www.shqiperia.com\/blog\/category\/njoftime-shtypi\/"},"img":{"alt_text":"","src":"https:\/\/i0.wp.com\/www.shqiperia.com\/blog\/wp-content\/uploads\/2026\/07\/fatos-lubonjaa.jpg?fit=640%2C331&ssl=1&resize=350%2C200","width":350,"height":200,"srcset":"https:\/\/i0.wp.com\/www.shqiperia.com\/blog\/wp-content\/uploads\/2026\/07\/fatos-lubonjaa.jpg?fit=640%2C331&ssl=1&resize=350%2C200 1x, https:\/\/i0.wp.com\/www.shqiperia.com\/blog\/wp-content\/uploads\/2026\/07\/fatos-lubonjaa.jpg?fit=640%2C331&ssl=1&resize=525%2C300 1.5x"},"classes":[]},{"id":103048,"url":"https:\/\/www.shqiperia.com\/blog\/rama-sulmon-protestuesit-dalin-lloj-lloj-sharlatanesh-e-ekstremiste-nuk-duan-investimet-e-huaja\/","url_meta":{"origin":103020,"position":2},"title":"Rama sulmon protestuesit: &#8211; Dalin lloj-lloj sharlatan\u00ebsh e ekstremist\u00eb, nuk duan investimet e huaja","author":"Kurt Farka","date":"July 21, 2026","format":false,"excerpt":"21 Korrik 2026 Kryeministri Edi Rama sulmoi nga Thethi protestuesit q\u00eb prej 52 dit\u00ebsh mblidhen \u00e7do dit\u00eb n\u00eb bulevardin p\u00ebrpara Kryeministris\u00eb, duke k\u00ebrkuar dor\u00ebheqjen e tij dhe largimin e kast\u00ebs s\u00eb vjet\u00ebr politike. Gjat\u00eb nj\u00eb takimi me banor\u00ebt e zon\u00ebs s\u00eb Boges, kreu i qeveris\u00eb i akuzoi protestuesit se kund\u00ebrshtojn\u00eb\u2026","rel":"","context":"In &quot;Blogu i Udh\u00ebtarit&quot;","block_context":{"text":"Blogu i Udh\u00ebtarit","link":"https:\/\/www.shqiperia.com\/blog\/category\/blogu-i-udhetarit\/"},"img":{"alt_text":"","src":"https:\/\/i0.wp.com\/www.shqiperia.com\/blog\/wp-content\/uploads\/2026\/07\/753169795_4639883509568249_8838711109213488920_n-1.jpg?fit=1200%2C788&ssl=1&resize=350%2C200","width":350,"height":200,"srcset":"https:\/\/i0.wp.com\/www.shqiperia.com\/blog\/wp-content\/uploads\/2026\/07\/753169795_4639883509568249_8838711109213488920_n-1.jpg?fit=1200%2C788&ssl=1&resize=350%2C200 1x, https:\/\/i0.wp.com\/www.shqiperia.com\/blog\/wp-content\/uploads\/2026\/07\/753169795_4639883509568249_8838711109213488920_n-1.jpg?fit=1200%2C788&ssl=1&resize=525%2C300 1.5x, https:\/\/i0.wp.com\/www.shqiperia.com\/blog\/wp-content\/uploads\/2026\/07\/753169795_4639883509568249_8838711109213488920_n-1.jpg?fit=1200%2C788&ssl=1&resize=700%2C400 2x, https:\/\/i0.wp.com\/www.shqiperia.com\/blog\/wp-content\/uploads\/2026\/07\/753169795_4639883509568249_8838711109213488920_n-1.jpg?fit=1200%2C788&ssl=1&resize=1050%2C600 3x"},"classes":[]},{"id":102167,"url":"https:\/\/www.shqiperia.com\/blog\/lubonja-presidenti-asnje-reagim-e-turpshme\/","url_meta":{"origin":103020,"position":3},"title":"Lubonja: &#8211; Presidenti asnj\u00eb reagim, e turpshme!","author":"Kurt Farka","date":"July 2, 2026","format":false,"excerpt":"2 Korrik 2026 Analisti Fatos Lubonja n\u00eb nj\u00eb intervist\u00eb n\u00eb \u201cNews24\u201d foli p\u00ebr zhvillimet e fundit politike duke u ndalur te protesta e sotme e mbajtur para Kuvendit. Gjat\u00eb intervist\u00ebs, Lubonja tha se protestuesit n\u00eb gjith\u00eb k\u00ebto dit\u00eb kan\u00eb zhvilluar nj\u00eb revolucion paq\u00ebsor. Sipas tij, kryeministri Edi Rama ka p\u00ebrdoru\u2026","rel":"","context":"In &quot;Blogu i Udh\u00ebtarit&quot;","block_context":{"text":"Blogu i Udh\u00ebtarit","link":"https:\/\/www.shqiperia.com\/blog\/category\/blogu-i-udhetarit\/"},"img":{"alt_text":"","src":"https:\/\/i0.wp.com\/www.shqiperia.com\/blog\/wp-content\/uploads\/2026\/07\/Screenshot_115-768x430-1-1.jpeg?fit=768%2C430&ssl=1&resize=350%2C200","width":350,"height":200,"srcset":"https:\/\/i0.wp.com\/www.shqiperia.com\/blog\/wp-content\/uploads\/2026\/07\/Screenshot_115-768x430-1-1.jpeg?fit=768%2C430&ssl=1&resize=350%2C200 1x, https:\/\/i0.wp.com\/www.shqiperia.com\/blog\/wp-content\/uploads\/2026\/07\/Screenshot_115-768x430-1-1.jpeg?fit=768%2C430&ssl=1&resize=525%2C300 1.5x, https:\/\/i0.wp.com\/www.shqiperia.com\/blog\/wp-content\/uploads\/2026\/07\/Screenshot_115-768x430-1-1.jpeg?fit=768%2C430&ssl=1&resize=700%2C400 2x"},"classes":[]},{"id":105950,"url":"https:\/\/www.shqiperia.com\/blog\/rama-ne-panik-paralajmeron-shkermoqjen-e-ps-se\/","url_meta":{"origin":103020,"position":4},"title":"Rama n\u00eb panik, paralajm\u00ebron shk\u00ebrmoqjen e PS-s\u00eb.","author":"Kurt Farka","date":"September 4, 2026","format":false,"excerpt":"4 Shtator 2026 Kryeministri Edi Rama ka dh\u00ebn\u00eb dit\u00ebn e djeshme mesazhe t\u00eb forta p\u00ebr ministrat, deputet\u00ebt dhe gjith\u00eb struktur\u00ebn qeveris\u00ebse, duke paralajm\u00ebruar se \u201ckan\u00eb ardhur koh\u00eb t\u00eb k\u00ebqija\u201d p\u00ebr socialist\u00ebt dhe se askush nuk mund t\u00eb vazhdoj\u00eb ta shtyj\u00eb m\u00eb situat\u00ebn. Kreu i qeveris\u00eb ka pranuar publikisht se qeveria\u2026","rel":"","context":"In &quot;Blogu i Udh\u00ebtarit&quot;","block_context":{"text":"Blogu i Udh\u00ebtarit","link":"https:\/\/www.shqiperia.com\/blog\/category\/blogu-i-udhetarit\/"},"img":{"alt_text":"","src":"https:\/\/i0.wp.com\/www.shqiperia.com\/blog\/wp-content\/uploads\/2026\/09\/Edi-Rama-1.jpg?fit=657%2C430&ssl=1&resize=350%2C200","width":350,"height":200,"srcset":"https:\/\/i0.wp.com\/www.shqiperia.com\/blog\/wp-content\/uploads\/2026\/09\/Edi-Rama-1.jpg?fit=657%2C430&ssl=1&resize=350%2C200 1x, https:\/\/i0.wp.com\/www.shqiperia.com\/blog\/wp-content\/uploads\/2026\/09\/Edi-Rama-1.jpg?fit=657%2C430&ssl=1&resize=525%2C300 1.5x"},"classes":[]},{"id":102173,"url":"https:\/\/www.shqiperia.com\/blog\/shteti-i-kapur-prova-eshte-aruba-lubonja-ne-vend-te-arrestojne-ramen-per-korrupsionin-ndalojne-protestuesit-pse-hodhen-veze-balla-provokoi\/","url_meta":{"origin":103020,"position":5},"title":"\u201cShteti i kapur, prova \u00ebsht\u00eb Aruba\u201d- Lubonja: N\u00eb vend t\u00eb arrestojn\u00eb Ram\u00ebn p\u00ebr korrupsionin, ndalojn\u00eb protestuesit pse hodh\u00ebn vez\u00eb! Balla provokoi","author":"Kurt Farka","date":"July 2, 2026","format":false,"excerpt":"2 Korrik 2026 Analisti Fatos Lubonja komentoi protest\u00ebn e qytetar\u00ebve dhe aktivist\u00ebve sot para parlamentit, ku Policia ushtroi dhun\u00eb me gaz lotsjell\u00ebs, spraj me piper dhe topa uji, duke shoq\u00ebruar edhe t\u00eb pakt\u00ebn 20 prej tyre me forc\u00eb. Ai e d\u00ebnoi k\u00ebt\u00eb dhun\u00eb policore dhe shtet\u00ebrore, duke b\u00ebr\u00eb p\u00ebrgjegj\u00ebse qeverin\u00eb,\u2026","rel":"","context":"In &quot;Blogu i Udh\u00ebtarit&quot;","block_context":{"text":"Blogu i Udh\u00ebtarit","link":"https:\/\/www.shqiperia.com\/blog\/category\/blogu-i-udhetarit\/"},"img":{"alt_text":"","src":"https:\/\/i0.wp.com\/www.shqiperia.com\/blog\/wp-content\/uploads\/2026\/07\/fatos-lubonja.jpg?fit=700%2C375&ssl=1&resize=350%2C200","width":350,"height":200,"srcset":"https:\/\/i0.wp.com\/www.shqiperia.com\/blog\/wp-content\/uploads\/2026\/07\/fatos-lubonja.jpg?fit=700%2C375&ssl=1&resize=350%2C200 1x, https:\/\/i0.wp.com\/www.shqiperia.com\/blog\/wp-content\/uploads\/2026\/07\/fatos-lubonja.jpg?fit=700%2C375&ssl=1&resize=525%2C300 1.5x, https:\/\/i0.wp.com\/www.shqiperia.com\/blog\/wp-content\/uploads\/2026\/07\/fatos-lubonja.jpg?fit=700%2C375&ssl=1&resize=700%2C400 2x"},"classes":[]}],"_links":{"self":[{"href":"https:\/\/www.shqiperia.com\/blog\/wp-json\/wp\/v2\/posts\/103020","targetHints":{"allow":["GET"]}}],"collection":[{"href":"https:\/\/www.shqiperia.com\/blog\/wp-json\/wp\/v2\/posts"}],"about":[{"href":"https:\/\/www.shqiperia.com\/blog\/wp-json\/wp\/v2\/types\/post"}],"author":[{"embeddable":true,"href":"https:\/\/www.shqiperia.com\/blog\/wp-json\/wp\/v2\/users\/9"}],"replies":[{"embeddable":true,"href":"https:\/\/www.shqiperia.com\/blog\/wp-json\/wp\/v2\/comments?post=103020"}],"version-history":[{"count":1,"href":"https:\/\/www.shqiperia.com\/blog\/wp-json\/wp\/v2\/posts\/103020\/revisions"}],"predecessor-version":[{"id":103022,"href":"https:\/\/www.shqiperia.com\/blog\/wp-json\/wp\/v2\/posts\/103020\/revisions\/103022"}],"wp:featuredmedia":[{"embeddable":true,"href":"https:\/\/www.shqiperia.com\/blog\/wp-json\/wp\/v2\/media\/103021"}],"wp:attachment":[{"href":"https:\/\/www.shqiperia.com\/blog\/wp-json\/wp\/v2\/media?parent=103020"}],"wp:term":[{"taxonomy":"category","embeddable":true,"href":"https:\/\/www.shqiperia.com\/blog\/wp-json\/wp\/v2\/categories?post=103020"},{"taxonomy":"post_tag","embeddable":true,"href":"https:\/\/www.shqiperia.com\/blog\/wp-json\/wp\/v2\/tags?post=103020"}],"curies":[{"name":"wp","href":"https:\/\/api.w.org\/{rel}","templated":true}]}}