{"id":103011,"date":"2026-07-21T05:08:53","date_gmt":"2026-07-21T05:08:53","guid":{"rendered":"https:\/\/www.shqiperia.com\/blog\/?p=103011"},"modified":"2026-07-21T05:08:53","modified_gmt":"2026-07-21T05:08:53","slug":"nje-program-per-bletet-fieraku-nderton-pajisjen-qe-kontrollon-temperaturen-lageshtine-dhe-peshen-e-kosheres","status":"publish","type":"post","link":"https:\/\/www.shqiperia.com\/blog\/nje-program-per-bletet-fieraku-nderton-pajisjen-qe-kontrollon-temperaturen-lageshtine-dhe-peshen-e-kosheres\/","title":{"rendered":"Nj\u00eb program p\u00ebr blet\u00ebt\/ Fieraku nd\u00ebrton pajisjen q\u00eb kontrollon temperatur\u00ebn, lag\u00ebshtin\u00eb dhe pesh\u00ebn e kosheres"},"content":{"rendered":"<div class=\"firstP\">\n<p><img data-recalc-dims=\"1\" loading=\"lazy\" decoding=\"async\" data-attachment-id=\"103012\" data-permalink=\"https:\/\/www.shqiperia.com\/blog\/nje-program-per-bletet-fieraku-nderton-pajisjen-qe-kontrollon-temperaturen-lageshtine-dhe-peshen-e-kosheres\/bletari\/\" data-orig-file=\"https:\/\/i0.wp.com\/www.shqiperia.com\/blog\/wp-content\/uploads\/2026\/07\/bletari.webp?fit=1167%2C627&amp;ssl=1\" data-orig-size=\"1167,627\" data-comments-opened=\"1\" data-image-meta=\"{&quot;aperture&quot;:&quot;0&quot;,&quot;credit&quot;:&quot;&quot;,&quot;camera&quot;:&quot;&quot;,&quot;caption&quot;:&quot;&quot;,&quot;created_timestamp&quot;:&quot;0&quot;,&quot;copyright&quot;:&quot;&quot;,&quot;focal_length&quot;:&quot;0&quot;,&quot;iso&quot;:&quot;0&quot;,&quot;shutter_speed&quot;:&quot;0&quot;,&quot;title&quot;:&quot;&quot;,&quot;orientation&quot;:&quot;0&quot;}\" data-image-title=\"bletari\" data-image-description=\"\" data-image-caption=\"\" data-medium-file=\"https:\/\/i0.wp.com\/www.shqiperia.com\/blog\/wp-content\/uploads\/2026\/07\/bletari.webp?fit=300%2C161&amp;ssl=1\" data-large-file=\"https:\/\/i0.wp.com\/www.shqiperia.com\/blog\/wp-content\/uploads\/2026\/07\/bletari.webp?fit=1024%2C550&amp;ssl=1\" class=\"alignnone  wp-image-103012\" alt=\"\" src=\"https:\/\/i0.wp.com\/www.shqiperia.com\/blog\/wp-content\/uploads\/2026\/07\/bletari.webp?resize=632%2C339&#038;ssl=1\" width=\"632\" height=\"339\" srcset=\"https:\/\/i0.wp.com\/www.shqiperia.com\/blog\/wp-content\/uploads\/2026\/07\/bletari.webp?resize=300%2C161&amp;ssl=1 300w, https:\/\/i0.wp.com\/www.shqiperia.com\/blog\/wp-content\/uploads\/2026\/07\/bletari.webp?resize=1024%2C550&amp;ssl=1 1024w, https:\/\/i0.wp.com\/www.shqiperia.com\/blog\/wp-content\/uploads\/2026\/07\/bletari.webp?resize=768%2C413&amp;ssl=1 768w, https:\/\/i0.wp.com\/www.shqiperia.com\/blog\/wp-content\/uploads\/2026\/07\/bletari.webp?resize=450%2C242&amp;ssl=1 450w, https:\/\/i0.wp.com\/www.shqiperia.com\/blog\/wp-content\/uploads\/2026\/07\/bletari.webp?resize=600%2C322&amp;ssl=1 600w, https:\/\/i0.wp.com\/www.shqiperia.com\/blog\/wp-content\/uploads\/2026\/07\/bletari.webp?resize=400%2C215&amp;ssl=1 400w, https:\/\/i0.wp.com\/www.shqiperia.com\/blog\/wp-content\/uploads\/2026\/07\/bletari.webp?w=1167&amp;ssl=1 1167w\" sizes=\"auto, (max-width: 632px) 100vw, 632px\" \/><\/p>\n<p>21 Korrik 2026<\/p>\n<p>Programuesi 34-vje\u00e7ar nga Fieri, Kadri Manaj, ka krijuar nj\u00eb sistem teknologjik q\u00eb synon t\u00eb leht\u00ebsoj\u00eb pun\u00ebn e bletar\u00ebve dhe t\u00eb kontribuoj\u00eb n\u00eb sigurin\u00eb ushqimore.<\/p>\n<\/div>\n<p>K\u00ebt\u00eb her\u00eb ai nuk ka krijuar vet\u00ebm nj\u00eb program, por edhe pajisje inteligjente q\u00eb ndihmon blet\u00ebrrit\u00ebsit n\u00eb aktivitetin e tyre t\u00eb p\u00ebrditsh\u00ebm.<\/p>\n<p>Puna e blet\u00ebrrit\u00ebsit tashm\u00eb mund t\u00eb b\u00ebhet edhe duke q\u00ebndruar larg kosheres. Pajisja e krijuar nga Kadri Manaj vendoset brenda kosheres dhe mund t\u00eb mas\u00eb n\u00eb koh\u00eb reale temperatur\u00ebn, lag\u00ebshtin\u00eb dhe pesh\u00ebn e saj, duke i dh\u00ebn\u00eb bletarit informacion t\u00eb detajuar edhe p\u00ebr momentin kur vjen koha e vjeljes s\u00eb mjaltit.<\/p>\n<p>Kadri Manaj, inxhinier IT, shpjegon se sistemi funksionon p\u00ebrmes sensor\u00ebve t\u00eb vendosur brenda kosheres, t\u00eb cil\u00ebt mbledhin t\u00eb dh\u00ebnat dhe i d\u00ebrgojn\u00eb ato n\u00eb nj\u00eb server ku p\u00ebrpunohen. M\u00eb pas, i gjith\u00eb informacioni i nevojsh\u00ebm i shkon blet\u00ebrrit\u00ebsit direkt n\u00eb telefon.<\/p>\n<p>\u201cKjo \u00ebsht\u00eb pajisje e cila vendoset brenda kosheres dhe mund t\u00eb mas\u00eb n\u00eb koh\u00eb reale temperatur\u00ebn, lag\u00ebshtin\u00eb dhe pesh\u00ebn e kosheres n\u00eb momentin q\u00eb vjen koha p\u00ebr vjelje. Mund ta shikosh n\u00eb koh\u00eb reale mjaltin q\u00eb ka brenda kjo koshere. Ky \u00ebsht\u00eb sensori q\u00eb vendoset brenda n\u00eb koshere. T\u00eb gjitha t\u00eb dh\u00ebnat merren nga \u00e7do koshere, ruhen tek ky stacion dhe m\u00eb pas d\u00ebrgohen n\u00eb server, ku procesohen\u201d, shpjegon Manaj.<\/p>\n<p>Kadriu tregon se ideja p\u00ebr krijimin e k\u00ebtij programi nisi nga k\u00ebrkesa e nj\u00eb miku t\u00eb tij, i cili kishte nj\u00eb park blet\u00ebsh dhe k\u00ebrkonte nj\u00eb m\u00ebnyr\u00eb m\u00eb t\u00eb leht\u00eb p\u00ebr monitorimin e tyre. Sot, kjo teknologji \u00ebsht\u00eb menduar t\u00eb jet\u00eb n\u00eb sh\u00ebrbim t\u00eb t\u00eb gjith\u00eb komunitetit t\u00eb bletar\u00ebve.<\/p>\n<p>\u201cNisi nga k\u00ebrkesa e shokut tim Olti, i cili ka nj\u00eb park blet\u00ebsh dhe k\u00ebrkonte nj\u00eb m\u00ebnyr\u00eb t\u00eb leht\u00eb monitorimi dhe ja sot e kemi p\u00ebr t\u00eb gjith\u00eb\u201d, shprehet inxhinieri IT.<\/p>\n<p>P\u00ebrve\u00e7 grumbullimit t\u00eb t\u00eb dh\u00ebnave, sistemi sh\u00ebrben edhe si nj\u00eb mekaniz\u00ebm mbrojt\u00ebs p\u00ebr kosheret. Programi njofton menj\u00ebher\u00eb bletarin n\u00eb rast se dikush tenton t\u00eb hap\u00eb kosheren apo n\u00ebse ajo sulmohet nga kafsh\u00eb t\u00eb ndryshme, si ariu.<\/p>\n<p>\u201cN\u00ebse nj\u00eb njeri ose ari hap blet\u00ebn, menj\u00ebher\u00eb ky program t\u00eb lajm\u00ebron dhe ti e di q\u00eb dikush t\u00eb ka sulmuar\u201d, thot\u00eb Kadri Manaj.<\/p>\n<p>Megjithat\u00eb, numri i bletar\u00ebve q\u00eb e kan\u00eb p\u00ebrdorur deri tani k\u00ebt\u00eb teknologji mbetet i kufizuar, kryesisht p\u00ebr shkak t\u00eb kostove t\u00eb pajisjeve. Nj\u00eb sensor p\u00ebr nj\u00eb koshere kushton 45 euro, nd\u00ebrsa stacioni kryesor arrin n\u00eb 200 euro.<\/p>\n<p>\u201cNj\u00eb pajisje e till\u00eb kushton 45 euro dhe duhet n\u00eb \u00e7do koshere, nd\u00ebrsa stacioni \u00ebsht\u00eb 200 euro, k\u00ebshtu q\u00eb k\u00ebto kosto jan\u00eb t\u00eb larta p\u00ebr bletar\u00ebt\u201d, shpjegon ai.<\/p>\n<p>Kadri Manaj nuk \u00ebsht\u00eb i ri n\u00eb fush\u00ebn e krijimtaris\u00eb teknologjike. Gjasht\u00eb vite m\u00eb par\u00eb, pasioni p\u00ebr t\u00eb vjetr\u00ebn e shtyu t\u00eb krijonte makin\u00ebn retro me emrin \u201cLotus\u201d. Q\u00eb prej asaj kohe, rrug\u00ebtimi i tij n\u00eb bot\u00ebn e shpikjeve vijon me t\u00eb nj\u00ebjtin pasion p\u00ebr inovacionin dhe teknologjin\u00eb.<\/p>\n","protected":false},"excerpt":{"rendered":"<p>21 Korrik 2026 Programuesi 34-vje\u00e7ar nga Fieri, Kadri Manaj, ka krijuar nj\u00eb sistem teknologjik q\u00eb synon t\u00eb leht\u00ebsoj\u00eb pun\u00ebn e bletar\u00ebve dhe t\u00eb kontribuoj\u00eb n\u00eb sigurin\u00eb ushqimore. K\u00ebt\u00eb her\u00eb ai nuk ka krijuar vet\u00ebm nj\u00eb program, por edhe pajisje inteligjente q\u00eb ndihmon blet\u00ebrrit\u00ebsit n\u00eb aktivitetin e tyre t\u00eb p\u00ebrditsh\u00ebm. Puna e blet\u00ebrrit\u00ebsit tashm\u00eb mund t\u00eb [&hellip;]<\/p>\n","protected":false},"author":9,"featured_media":103012,"comment_status":"open","ping_status":"open","sticky":false,"template":"","format":"standard","meta":{"jetpack_post_was_ever_published":false,"_jetpack_newsletter_access":"","_jetpack_dont_email_post_to_subs":false,"_jetpack_newsletter_tier_id":0,"_jetpack_memberships_contains_paywalled_content":false,"_jetpack_memberships_contains_paid_content":false,"footnotes":"","jetpack_publicize_message":"","jetpack_publicize_feature_enabled":true,"jetpack_social_post_already_shared":true,"jetpack_social_options":{"image_generator_settings":{"template":"highway","default_image_id":0,"font":"","enabled":false},"version":2}},"categories":[1,35],"tags":[],"class_list":["post-103011","post","type-post","status-publish","format-standard","has-post-thumbnail","hentry","category-njoftime-shtypi","category-shoqerore"],"jetpack_publicize_connections":[],"jetpack_featured_media_url":"https:\/\/i0.wp.com\/www.shqiperia.com\/blog\/wp-content\/uploads\/2026\/07\/bletari.webp?fit=1167%2C627&ssl=1","jetpack_sharing_enabled":true,"jetpack_shortlink":"https:\/\/wp.me\/p5Z6wp-qNt","jetpack-related-posts":[{"id":104791,"url":"https:\/\/www.shqiperia.com\/blog\/kostot-e-jeteses-si-shqiperia-po-behet-parajse-per-te-huajt-ferr-per-vendasit\/","url_meta":{"origin":103011,"position":0},"title":"Kostot e jetes\u00ebs, si Shqip\u00ebria po b\u00ebhet \u201cparajs\u00eb\u201d p\u00ebr t\u00eb huajt\u2026 \u201cferr\u201d p\u00ebr vendasit","author":"Kurt Farka","date":"August 20, 2026","format":false,"excerpt":"20 Gusht 2026 Nga Nertila Maho N\u00eb Tiran\u00eb, planet p\u00ebr blerjen e nj\u00eb banese jan\u00eb m\u00eb af\u00ebr iluzionit sesa realitetit p\u00ebr familjet me t\u00eb ardhura t\u00eb ul\u00ebta dhe t\u00eb mesme. Kryeqyteti shqiptar renditet i kat\u00ebrti n\u00eb Europ\u00eb p\u00ebr pap\u00ebrballueshm\u00ebrin\u00eb e banesave, sipas raportit \u00e7mim \u2013 t\u00eb ardhura. Ekspert\u00ebt e politikave\u2026","rel":"","context":"In &quot;Histori&quot;","block_context":{"text":"Histori","link":"https:\/\/www.shqiperia.com\/blog\/category\/histori\/"},"img":{"alt_text":"","src":"https:\/\/i0.wp.com\/www.shqiperia.com\/blog\/wp-content\/uploads\/2026\/08\/Tirane-ndertim-kulla-apartamente-pasuri-te-paluajtshme-1231-1.jpg?fit=1051%2C601&ssl=1&resize=350%2C200","width":350,"height":200,"srcset":"https:\/\/i0.wp.com\/www.shqiperia.com\/blog\/wp-content\/uploads\/2026\/08\/Tirane-ndertim-kulla-apartamente-pasuri-te-paluajtshme-1231-1.jpg?fit=1051%2C601&ssl=1&resize=350%2C200 1x, https:\/\/i0.wp.com\/www.shqiperia.com\/blog\/wp-content\/uploads\/2026\/08\/Tirane-ndertim-kulla-apartamente-pasuri-te-paluajtshme-1231-1.jpg?fit=1051%2C601&ssl=1&resize=525%2C300 1.5x, https:\/\/i0.wp.com\/www.shqiperia.com\/blog\/wp-content\/uploads\/2026\/08\/Tirane-ndertim-kulla-apartamente-pasuri-te-paluajtshme-1231-1.jpg?fit=1051%2C601&ssl=1&resize=700%2C400 2x, https:\/\/i0.wp.com\/www.shqiperia.com\/blog\/wp-content\/uploads\/2026\/08\/Tirane-ndertim-kulla-apartamente-pasuri-te-paluajtshme-1231-1.jpg?fit=1051%2C601&ssl=1&resize=1050%2C600 3x"},"classes":[]},{"id":101024,"url":"https:\/\/www.shqiperia.com\/blog\/mijera-protestues-ne-shesh-kerkojne-doreheqjen-e-rames-kryeministri-per-cnn-eshte-lufte-hibride-shqiperia-po-sulmohet-nga-armiqte\/","url_meta":{"origin":103011,"position":1},"title":"Mij\u00ebra protestues n\u00eb shesh k\u00ebrkojn\u00eb dor\u00ebheqjen e Ram\u00ebs, kryeministri p\u00ebr CNN: &#8211; \u00cbsht\u00eb luft\u00eb hibride, Shqip\u00ebria po sulmohet nga armiqt\u00eb","author":"Kurt Farka","date":"June 3, 2026","format":false,"excerpt":"3 Qershor 2026 N\u00eb deklarat\u00ebn e tij p\u00ebr CNN, Rama i ka cil\u00ebsuar protestat dhe raportimet si pjes\u00eb t\u00eb nj\u00eb \u201clufte hibride\u201d, duke pretenduar se Shqip\u00ebria po sulmohet nga\u00a0\u201carmiq dhe konkurrenc\u00eb e fort\u00eb n\u00eb rajon\u201d,\u00a0si dhe nga fushata dezinformimi n\u00eb rrjete sociale. \u201cNuk ka protesta n\u00eb t\u00eb gjith\u00eb Shqip\u00ebrin\u00eb. Ka\u2026","rel":"","context":"In &quot;Blogu i Udh\u00ebtarit&quot;","block_context":{"text":"Blogu i Udh\u00ebtarit","link":"https:\/\/www.shqiperia.com\/blog\/category\/blogu-i-udhetarit\/"},"img":{"alt_text":"","src":"https:\/\/i0.wp.com\/www.shqiperia.com\/blog\/wp-content\/uploads\/2026\/06\/images-1.webp?fit=678%2C452&ssl=1&resize=350%2C200","width":350,"height":200,"srcset":"https:\/\/i0.wp.com\/www.shqiperia.com\/blog\/wp-content\/uploads\/2026\/06\/images-1.webp?fit=678%2C452&ssl=1&resize=350%2C200 1x, https:\/\/i0.wp.com\/www.shqiperia.com\/blog\/wp-content\/uploads\/2026\/06\/images-1.webp?fit=678%2C452&ssl=1&resize=525%2C300 1.5x"},"classes":[]},{"id":105516,"url":"https:\/\/www.shqiperia.com\/blog\/jo-vetem-duke-numeruar-turistet-turizmi-nuk-mund-te-trajtohet-si-nje-industri-te-fortesh\/","url_meta":{"origin":103011,"position":2},"title":"\u201cJo vet\u00ebm duke num\u00ebruar turist\u00ebt\u201d. Turizmi nuk mund t\u00eb trajtohet si nj\u00eb \u201cindustri t\u00eb fort\u00ebsh\u201d","author":"Kurt Farka","date":"August 30, 2026","format":false,"excerpt":"30 Gusht 2026 Shqip\u00ebria po p\u00ebrjeton prej disa vitesh nj\u00eb rritje shum\u00eb t\u00eb fort\u00eb t\u00eb turizmit. Nga rreth 6.4 milion\u00eb hyrje t\u00eb shtetasve t\u00eb huaj n\u00eb vitin 2019, sot vendi pret mbi 12 milion\u00eb. Ky ndryshim nuk ka ardhur rast\u00ebsisht. Shqip\u00ebria ka p\u00ebrmir\u00ebsuar ndjesh\u00ebm imazhin e saj, \u00ebsht\u00eb promovuar m\u00eb\u2026","rel":"","context":"In &quot;Blogu i Udh\u00ebtarit&quot;","block_context":{"text":"Blogu i Udh\u00ebtarit","link":"https:\/\/www.shqiperia.com\/blog\/category\/blogu-i-udhetarit\/"},"img":{"alt_text":"","src":"https:\/\/i0.wp.com\/www.shqiperia.com\/blog\/wp-content\/uploads\/2026\/08\/OIP-2.webp?fit=474%2C316&ssl=1&resize=350%2C200","width":350,"height":200},"classes":[]},{"id":105612,"url":"https:\/\/www.shqiperia.com\/blog\/analiza-lorenc-vangjeli-shtatori-i-ankthit-per-qeverine-paralajmeron-nje-tjeter-vjeshte-te-gjate\/","url_meta":{"origin":103011,"position":3},"title":"Analiza\/ Lorenc Vangjeli: &#8211; Shtatori i ankthit p\u00ebr qeverin\u00eb, paralajm\u00ebron nj\u00eb tjet\u00ebr vjesht\u00eb t\u00eb gjat\u00eb!","author":"Kurt Farka","date":"August 31, 2026","format":false,"excerpt":"1 Shtator 2026 Edi Rama mund ta shenjoj\u00eb k\u00ebt\u00eb periudh\u00eb si ver\u00ebn m\u00eb p\u00ebrv\u00ebluese t\u00eb kat\u00ebr mandateve t\u00eb tij qeveris\u00ebs. Kriza arriti pikun n\u00eb fillim t\u00eb jav\u00ebs s\u00eb dyt\u00eb t\u00eb qershorit, at\u00ebher\u00eb kur protesta q\u00eb u duk se u shpik nga hi\u00e7i, sh\u00ebnjoi edhe mksimumin e saj. Nervozimi i kryeministrit\u2026","rel":"","context":"In &quot;Blogu i Udh\u00ebtarit&quot;","block_context":{"text":"Blogu i Udh\u00ebtarit","link":"https:\/\/www.shqiperia.com\/blog\/category\/blogu-i-udhetarit\/"},"img":{"alt_text":"","src":"https:\/\/i0.wp.com\/www.shqiperia.com\/blog\/wp-content\/uploads\/2026\/08\/edi-rama-lorenc-vangjeli-protestat.jpg?fit=927%2C639&ssl=1&resize=350%2C200","width":350,"height":200,"srcset":"https:\/\/i0.wp.com\/www.shqiperia.com\/blog\/wp-content\/uploads\/2026\/08\/edi-rama-lorenc-vangjeli-protestat.jpg?fit=927%2C639&ssl=1&resize=350%2C200 1x, https:\/\/i0.wp.com\/www.shqiperia.com\/blog\/wp-content\/uploads\/2026\/08\/edi-rama-lorenc-vangjeli-protestat.jpg?fit=927%2C639&ssl=1&resize=525%2C300 1.5x, https:\/\/i0.wp.com\/www.shqiperia.com\/blog\/wp-content\/uploads\/2026\/08\/edi-rama-lorenc-vangjeli-protestat.jpg?fit=927%2C639&ssl=1&resize=700%2C400 2x"},"classes":[]},{"id":103039,"url":"https:\/\/www.shqiperia.com\/blog\/a-ka-ekzistuar-vertet-homeri-misteri-qe-historianet-vazhdojne-te-debatojne\/","url_meta":{"origin":103011,"position":4},"title":"A ka ekzistuar v\u00ebrtet Homeri? Misteri q\u00eb historian\u00ebt vazhdojn\u00eb t\u00eb debatojn\u00eb","author":"Kurt Farka","date":"July 21, 2026","format":false,"excerpt":"21 Korrik 2026 N\u00ebse pyesni se kush i shkroi Iliad\u00ebn ose Odisen\u00eb, kushdo q\u00eb ka njohuri p\u00ebr let\u00ebrsin\u00eb (ose \u00ebsht\u00eb i zoti n\u00eb loj\u00ebrat me pyetje) pa dyshim do t'ju thot\u00eb se autori ishte Homeri. Madje mund t'ju tregojn\u00eb se Homeri ishte nj\u00eb poet i Greqis\u00eb s\u00eb Lasht\u00eb, ndoshta me\u2026","rel":"","context":"In &quot;Histori&quot;","block_context":{"text":"Histori","link":"https:\/\/www.shqiperia.com\/blog\/category\/histori\/"},"img":{"alt_text":"","src":"https:\/\/i0.wp.com\/www.shqiperia.com\/blog\/wp-content\/uploads\/2026\/07\/homer-author-of-the-iliad-and-the-odyssey-considered-to-be-the-first-poet-of-the-occident-woodcut-from-1880-RD6WMC.jpg?fit=1150%2C1200&ssl=1&resize=350%2C200","width":350,"height":200,"srcset":"https:\/\/i0.wp.com\/www.shqiperia.com\/blog\/wp-content\/uploads\/2026\/07\/homer-author-of-the-iliad-and-the-odyssey-considered-to-be-the-first-poet-of-the-occident-woodcut-from-1880-RD6WMC.jpg?fit=1150%2C1200&ssl=1&resize=350%2C200 1x, https:\/\/i0.wp.com\/www.shqiperia.com\/blog\/wp-content\/uploads\/2026\/07\/homer-author-of-the-iliad-and-the-odyssey-considered-to-be-the-first-poet-of-the-occident-woodcut-from-1880-RD6WMC.jpg?fit=1150%2C1200&ssl=1&resize=525%2C300 1.5x, https:\/\/i0.wp.com\/www.shqiperia.com\/blog\/wp-content\/uploads\/2026\/07\/homer-author-of-the-iliad-and-the-odyssey-considered-to-be-the-first-poet-of-the-occident-woodcut-from-1880-RD6WMC.jpg?fit=1150%2C1200&ssl=1&resize=700%2C400 2x, https:\/\/i0.wp.com\/www.shqiperia.com\/blog\/wp-content\/uploads\/2026\/07\/homer-author-of-the-iliad-and-the-odyssey-considered-to-be-the-first-poet-of-the-occident-woodcut-from-1880-RD6WMC.jpg?fit=1150%2C1200&ssl=1&resize=1050%2C600 3x"},"classes":[]},{"id":105367,"url":"https:\/\/www.shqiperia.com\/blog\/turizmi-nuk-eshte-industri-te-fortesh-as-nuk-behet-vetem-duke-numeruar-te-huajt-qe-hyjne-ne-vend\/","url_meta":{"origin":103011,"position":5},"title":"Turizmi nuk \u00ebsht\u00eb \u201cindustri t\u00eb fort\u00ebsh\u201d, as nuk b\u00ebhet vet\u00ebm duke num\u00ebruar t\u00eb huajt q\u00eb hyjn\u00eb n\u00eb vend","author":"Kurt Farka","date":"August 28, 2026","format":false,"excerpt":"28 Gusht 2026 Shqip\u00ebria po p\u00ebrjeton prej disa vitesh nj\u00eb rritje shum\u00eb t\u00eb fort\u00eb t\u00eb turizmit. Nga rreth 6.4 milion\u00eb hyrje t\u00eb shtetasve t\u00eb huaj n\u00eb vitin 2019, sot vendi pret mbi 12 milion\u00eb. Ky ndryshim nuk ka ardhur rast\u00ebsisht. Shqip\u00ebria ka p\u00ebrmir\u00ebsuar ndjesh\u00ebm imazhin e saj, \u00ebsht\u00eb promovuar m\u00eb\u2026","rel":"","context":"In &quot;Kultura&quot;","block_context":{"text":"Kultura","link":"https:\/\/www.shqiperia.com\/blog\/category\/kultura\/"},"img":{"alt_text":"","src":"https:\/\/i0.wp.com\/www.shqiperia.com\/blog\/wp-content\/uploads\/2026\/08\/kallithea-kassandra-halkidiki-53.jpg?fit=1200%2C800&ssl=1&resize=350%2C200","width":350,"height":200,"srcset":"https:\/\/i0.wp.com\/www.shqiperia.com\/blog\/wp-content\/uploads\/2026\/08\/kallithea-kassandra-halkidiki-53.jpg?fit=1200%2C800&ssl=1&resize=350%2C200 1x, https:\/\/i0.wp.com\/www.shqiperia.com\/blog\/wp-content\/uploads\/2026\/08\/kallithea-kassandra-halkidiki-53.jpg?fit=1200%2C800&ssl=1&resize=525%2C300 1.5x, https:\/\/i0.wp.com\/www.shqiperia.com\/blog\/wp-content\/uploads\/2026\/08\/kallithea-kassandra-halkidiki-53.jpg?fit=1200%2C800&ssl=1&resize=700%2C400 2x, https:\/\/i0.wp.com\/www.shqiperia.com\/blog\/wp-content\/uploads\/2026\/08\/kallithea-kassandra-halkidiki-53.jpg?fit=1200%2C800&ssl=1&resize=1050%2C600 3x"},"classes":[]}],"_links":{"self":[{"href":"https:\/\/www.shqiperia.com\/blog\/wp-json\/wp\/v2\/posts\/103011","targetHints":{"allow":["GET"]}}],"collection":[{"href":"https:\/\/www.shqiperia.com\/blog\/wp-json\/wp\/v2\/posts"}],"about":[{"href":"https:\/\/www.shqiperia.com\/blog\/wp-json\/wp\/v2\/types\/post"}],"author":[{"embeddable":true,"href":"https:\/\/www.shqiperia.com\/blog\/wp-json\/wp\/v2\/users\/9"}],"replies":[{"embeddable":true,"href":"https:\/\/www.shqiperia.com\/blog\/wp-json\/wp\/v2\/comments?post=103011"}],"version-history":[{"count":1,"href":"https:\/\/www.shqiperia.com\/blog\/wp-json\/wp\/v2\/posts\/103011\/revisions"}],"predecessor-version":[{"id":103013,"href":"https:\/\/www.shqiperia.com\/blog\/wp-json\/wp\/v2\/posts\/103011\/revisions\/103013"}],"wp:featuredmedia":[{"embeddable":true,"href":"https:\/\/www.shqiperia.com\/blog\/wp-json\/wp\/v2\/media\/103012"}],"wp:attachment":[{"href":"https:\/\/www.shqiperia.com\/blog\/wp-json\/wp\/v2\/media?parent=103011"}],"wp:term":[{"taxonomy":"category","embeddable":true,"href":"https:\/\/www.shqiperia.com\/blog\/wp-json\/wp\/v2\/categories?post=103011"},{"taxonomy":"post_tag","embeddable":true,"href":"https:\/\/www.shqiperia.com\/blog\/wp-json\/wp\/v2\/tags?post=103011"}],"curies":[{"name":"wp","href":"https:\/\/api.w.org\/{rel}","templated":true}]}}