{"id":103008,"date":"2026-07-21T04:55:01","date_gmt":"2026-07-21T04:55:01","guid":{"rendered":"https:\/\/www.shqiperia.com\/blog\/?p=103008"},"modified":"2026-07-21T04:55:01","modified_gmt":"2026-07-21T04:55:01","slug":"levizja-e-jashtezakonshme-e-ajsbergut-gjigant-shenje-e-nje-planeti-qe-po-ngrohet","status":"publish","type":"post","link":"https:\/\/www.shqiperia.com\/blog\/levizja-e-jashtezakonshme-e-ajsbergut-gjigant-shenje-e-nje-planeti-qe-po-ngrohet\/","title":{"rendered":"L\u00ebvizja e jasht\u00ebzakonshme e ajsbergut gjigant, shenj\u00eb e nj\u00eb planeti q\u00eb po ngrohet"},"content":{"rendered":"<p data-a11y-orig-inline=\"\" data-a11y-base-fs=\"18\"><img data-recalc-dims=\"1\" loading=\"lazy\" decoding=\"async\" data-attachment-id=\"103009\" data-permalink=\"https:\/\/www.shqiperia.com\/blog\/levizja-e-jashtezakonshme-e-ajsbergut-gjigant-shenje-e-nje-planeti-qe-po-ngrohet\/640-0-akjpg-1784218458\/\" data-orig-file=\"https:\/\/i0.wp.com\/www.shqiperia.com\/blog\/wp-content\/uploads\/2026\/07\/640-0-akjpg-1784218458.jpg?fit=640%2C360&amp;ssl=1\" data-orig-size=\"640,360\" data-comments-opened=\"1\" data-image-meta=\"{&quot;aperture&quot;:&quot;0&quot;,&quot;credit&quot;:&quot;&quot;,&quot;camera&quot;:&quot;&quot;,&quot;caption&quot;:&quot;&quot;,&quot;created_timestamp&quot;:&quot;0&quot;,&quot;copyright&quot;:&quot;&quot;,&quot;focal_length&quot;:&quot;0&quot;,&quot;iso&quot;:&quot;0&quot;,&quot;shutter_speed&quot;:&quot;0&quot;,&quot;title&quot;:&quot;&quot;,&quot;orientation&quot;:&quot;0&quot;}\" data-image-title=\"-640-0-akjpg-1784218458\" data-image-description=\"\" data-image-caption=\"\" data-medium-file=\"https:\/\/i0.wp.com\/www.shqiperia.com\/blog\/wp-content\/uploads\/2026\/07\/640-0-akjpg-1784218458.jpg?fit=300%2C169&amp;ssl=1\" data-large-file=\"https:\/\/i0.wp.com\/www.shqiperia.com\/blog\/wp-content\/uploads\/2026\/07\/640-0-akjpg-1784218458.jpg?fit=640%2C360&amp;ssl=1\" class=\"alignnone  wp-image-103009\" alt=\"\" src=\"https:\/\/i0.wp.com\/www.shqiperia.com\/blog\/wp-content\/uploads\/2026\/07\/640-0-akjpg-1784218458.jpg?resize=667%2C376&#038;ssl=1\" width=\"667\" height=\"376\" srcset=\"https:\/\/i0.wp.com\/www.shqiperia.com\/blog\/wp-content\/uploads\/2026\/07\/640-0-akjpg-1784218458.jpg?resize=300%2C169&amp;ssl=1 300w, https:\/\/i0.wp.com\/www.shqiperia.com\/blog\/wp-content\/uploads\/2026\/07\/640-0-akjpg-1784218458.jpg?resize=450%2C253&amp;ssl=1 450w, https:\/\/i0.wp.com\/www.shqiperia.com\/blog\/wp-content\/uploads\/2026\/07\/640-0-akjpg-1784218458.jpg?resize=600%2C338&amp;ssl=1 600w, https:\/\/i0.wp.com\/www.shqiperia.com\/blog\/wp-content\/uploads\/2026\/07\/640-0-akjpg-1784218458.jpg?resize=400%2C225&amp;ssl=1 400w, https:\/\/i0.wp.com\/www.shqiperia.com\/blog\/wp-content\/uploads\/2026\/07\/640-0-akjpg-1784218458.jpg?w=640&amp;ssl=1 640w\" sizes=\"auto, (max-width: 667px) 100vw, 667px\" \/><\/p>\n<p data-a11y-orig-inline=\"\" data-a11y-base-fs=\"18\">21 Korrik 2026<\/p>\n<p data-a11y-orig-inline=\"\" data-a11y-base-fs=\"18\">Instituti Meteorologjik Danez (DMI) ka b\u00ebr\u00eb t\u00eb ditur se nj\u00eb ajsberg ka l\u00ebvizur m\u00eb shum\u00eb se 1.200 kilometra p\u00ebrgjat\u00eb bregdetit t\u00eb Grenland\u00ebs Lindore.<\/p>\n<p data-a11y-orig-inline=\"\" data-a11y-base-fs=\"18\">Si\u00e7 raporton transmetuesi danez DR, ajsbergu \u00ebsht\u00eb rreth 5.7 kilometra i gjat\u00eb dhe 4 kilometra i gjer\u00eb nd\u00ebrsa pjesa e tij mbi sip\u00ebrfaqen e detit arrin nga 10 deri n\u00eb 25 metra.<\/p>\n<p data-a11y-orig-inline=\"\" data-a11y-base-fs=\"18\">Sipas DMI-s\u00eb, ajsberg\u00ebt me form\u00eb t\u00eb rrafsh\u00ebt zakonisht l\u00ebvizin drejt jugut bashk\u00eb me akullin e detit p\u00ebrgjat\u00eb Grenland\u00ebs Lindore gjat\u00eb dimrit dhe pranver\u00ebs, duke arritur n\u00eb jug t\u00eb Grenland\u00ebs gjat\u00eb ver\u00ebs, koh\u00eb kur zakonisht kan\u00eb p\u00ebrmasa nga 200 deri n\u00eb 500 metra.<\/p>\n<p data-a11y-orig-inline=\"\" data-a11y-base-fs=\"18\">Hans Henrik Light, analist n\u00eb sh\u00ebrbimin e akullnajave t\u00eb DMI-s\u00eb, tha se ajsberg\u00eb me p\u00ebrmasa nga tre deri n\u00eb gjasht\u00eb kilometra shfaqen vet\u00ebm \u00e7do dy ose tre vjet. Light tha se ai e kishte ndjekur ajsbergun p\u00ebr disa vite.<\/p>\n<p data-a11y-orig-inline=\"\" data-a11y-base-fs=\"18\">Deri k\u00ebt\u00eb dim\u00ebr, ai q\u00ebndroi i bllokuar pran\u00eb ishullit t\u00eb pabanuar grenlandez Ile-de-France n\u00eb verilindje t\u00eb Grenland\u00ebs.<\/p>\n<p data-a11y-orig-inline=\"\" data-a11y-base-fs=\"18\">Ai tha se ajsbergu kishte l\u00ebvizur m\u00eb shum\u00eb se 1.200 kilometra nga akullnaja Nioghalvfjerds dhe p\u00ebr nj\u00eb koh\u00eb t\u00eb gjat\u00eb kishte qen\u00eb i mbrojtur nga akulli p\u00ebrreth detit.<\/p>\n<p data-a11y-orig-inline=\"\" data-a11y-base-fs=\"18\">Sipas Light, tani ajsbergu \u00ebsht\u00eb i lir\u00eb nga akulli i detit dhe pritet t\u00eb cop\u00ebzohet n\u00eb ajsberg\u00eb m\u00eb t\u00eb vegj\u00ebl teksa vazhdon t\u00eb l\u00ebviz\u00eb drejt jugut.<\/p>\n<p data-a11y-orig-inline=\"\" data-a11y-base-fs=\"18\">DMI tha se monitoron ajsberg\u00ebt pasi ata mund t\u00eb paraqesin rrezik p\u00ebr lundrimin n\u00eb uj\u00ebrat e Grenland\u00ebs nd\u00ebrsa vendndodhjet e tyre p\u00ebrfshihen n\u00eb hartat e akullit t\u00eb p\u00ebrdorura nga anijet q\u00eb lundrojn\u00eb n\u00eb k\u00ebt\u00eb zon\u00eb.<\/p>\n<p data-a11y-orig-inline=\"\" data-a11y-base-fs=\"18\">Sipas DMI-s\u00eb, ajsberg\u00eb t\u00eb k\u00ebtij lloji pothuajse nuk ekzistonin p\u00ebrgjat\u00eb bregdetit lindor t\u00eb Grenland\u00ebs para vitit 2000, pasi ishin t\u00eb bllokuar nga akulli i trash\u00eb detar gjat\u00eb gjith\u00eb vitit. Instituti tha se shfaqja e tyre lidhet me ngrohjen e klim\u00ebs.<\/p>\n","protected":false},"excerpt":{"rendered":"<p>21 Korrik 2026 Instituti Meteorologjik Danez (DMI) ka b\u00ebr\u00eb t\u00eb ditur se nj\u00eb ajsberg ka l\u00ebvizur m\u00eb shum\u00eb se 1.200 kilometra p\u00ebrgjat\u00eb bregdetit t\u00eb Grenland\u00ebs Lindore. Si\u00e7 raporton transmetuesi danez DR, ajsbergu \u00ebsht\u00eb rreth 5.7 kilometra i gjat\u00eb dhe 4 kilometra i gjer\u00eb nd\u00ebrsa pjesa e tij mbi sip\u00ebrfaqen e detit arrin nga 10 deri [&hellip;]<\/p>\n","protected":false},"author":9,"featured_media":103009,"comment_status":"open","ping_status":"open","sticky":false,"template":"","format":"standard","meta":{"jetpack_post_was_ever_published":false,"_jetpack_newsletter_access":"","_jetpack_dont_email_post_to_subs":false,"_jetpack_newsletter_tier_id":0,"_jetpack_memberships_contains_paywalled_content":false,"_jetpack_memberships_contains_paid_content":false,"footnotes":"","jetpack_publicize_message":"","jetpack_publicize_feature_enabled":true,"jetpack_social_post_already_shared":true,"jetpack_social_options":{"image_generator_settings":{"template":"highway","default_image_id":0,"font":"","enabled":false},"version":2}},"categories":[27,1],"tags":[],"class_list":["post-103008","post","type-post","status-publish","format-standard","has-post-thumbnail","hentry","category-blogu-i-udhetarit","category-njoftime-shtypi"],"jetpack_publicize_connections":[],"jetpack_featured_media_url":"https:\/\/i0.wp.com\/www.shqiperia.com\/blog\/wp-content\/uploads\/2026\/07\/640-0-akjpg-1784218458.jpg?fit=640%2C360&ssl=1","jetpack_sharing_enabled":true,"jetpack_shortlink":"https:\/\/wp.me\/p5Z6wp-qNq","jetpack-related-posts":[{"id":77376,"url":"https:\/\/www.shqiperia.com\/blog\/kriza-klimatike-studimi-i-ri-grenlanda-po-humbet-30-milione-tone-akull-ne-ore\/","url_meta":{"origin":103008,"position":0},"title":"Kriza klimatike, studimi i ri: &#8211; Grenlanda po humbet 30 milion\u00eb ton\u00eb akull n\u00eb or\u00eb","author":"Kurt Farka","date":"January 18, 2024","format":false,"excerpt":"18 Janar 2024 Shtresa e akullit t\u00eb Grenland\u00ebs po humbet mesatarisht 30 milion\u00eb ton\u00eb akull n\u00eb or\u00eb p\u00ebr shkak t\u00eb kriz\u00ebs klimatike, zbulon nj\u00eb studim i ri. Kjo \u00ebsht\u00eb 20% m\u00eb shum\u00eb humbje e akullit sesa mendonte komuniteti shkencor deri von\u00eb. Shkenc\u00ebtar\u00ebt n\u00eb t\u00eb kaluar\u00ebn kan\u00eb shprehur shqet\u00ebsim t\u00eb fort\u00eb\u2026","rel":"","context":"In &quot;Blogu i Udh\u00ebtarit&quot;","block_context":{"text":"Blogu i Udh\u00ebtarit","link":"https:\/\/www.shqiperia.com\/blog\/category\/blogu-i-udhetarit\/"},"img":{"alt_text":"","src":"https:\/\/i0.wp.com\/www.shqiperia.com\/blog\/wp-content\/uploads\/2024\/01\/shutterstock_2176383567-scaled-1-1536x902-1.jpg?fit=1200%2C705&ssl=1&resize=350%2C200","width":350,"height":200,"srcset":"https:\/\/i0.wp.com\/www.shqiperia.com\/blog\/wp-content\/uploads\/2024\/01\/shutterstock_2176383567-scaled-1-1536x902-1.jpg?fit=1200%2C705&ssl=1&resize=350%2C200 1x, https:\/\/i0.wp.com\/www.shqiperia.com\/blog\/wp-content\/uploads\/2024\/01\/shutterstock_2176383567-scaled-1-1536x902-1.jpg?fit=1200%2C705&ssl=1&resize=525%2C300 1.5x, https:\/\/i0.wp.com\/www.shqiperia.com\/blog\/wp-content\/uploads\/2024\/01\/shutterstock_2176383567-scaled-1-1536x902-1.jpg?fit=1200%2C705&ssl=1&resize=700%2C400 2x, https:\/\/i0.wp.com\/www.shqiperia.com\/blog\/wp-content\/uploads\/2024\/01\/shutterstock_2176383567-scaled-1-1536x902-1.jpg?fit=1200%2C705&ssl=1&resize=1050%2C600 3x"},"classes":[]},{"id":103217,"url":"https:\/\/www.shqiperia.com\/blog\/zbulohet-ne-adriatik-nje-rruge-7-mijevjecare-nen-uje-arkeologet-lidhte-nje-vendbanim-neolitik-me-bregun\/","url_meta":{"origin":103008,"position":1},"title":"Zbulohet n\u00eb Adriatik nj\u00eb rrug\u00eb 7 mij\u00ebvje\u00e7are n\u00ebn uj\u00eb, arkeolog\u00ebt: &#8211; Lidhte nj\u00eb vendbanim neolitik me bregun","author":"Kurt Farka","date":"July 25, 2026","format":false,"excerpt":"25 Korrik 2026 Nj\u00eb rrug\u00eb me kalldr\u00ebm, e nd\u00ebrtuar rreth 7,000 vjet m\u00eb par\u00eb, \u00ebsht\u00eb zbuluar n\u00ebn uj\u00ebrat e Detit Adriatik pran\u00eb ishullit Kor\u00e7ula n\u00eb Kroaci, duke hedhur drit\u00eb mbi nivelin e zhvillimit dhe organizimit t\u00eb komuniteteve neolitike q\u00eb jetonin n\u00eb rajon mij\u00ebra vite m\u00eb par\u00eb. Zbulimi u b\u00eb n\u00eb\u2026","rel":"","context":"In &quot;Kultura&quot;","block_context":{"text":"Kultura","link":"https:\/\/www.shqiperia.com\/blog\/category\/kultura\/"},"img":{"alt_text":"","src":"https:\/\/i0.wp.com\/www.shqiperia.com\/blog\/wp-content\/uploads\/2026\/07\/73967576-clipboard07-21-202601.jpg?fit=718%2C431&ssl=1&resize=350%2C200","width":350,"height":200,"srcset":"https:\/\/i0.wp.com\/www.shqiperia.com\/blog\/wp-content\/uploads\/2026\/07\/73967576-clipboard07-21-202601.jpg?fit=718%2C431&ssl=1&resize=350%2C200 1x, https:\/\/i0.wp.com\/www.shqiperia.com\/blog\/wp-content\/uploads\/2026\/07\/73967576-clipboard07-21-202601.jpg?fit=718%2C431&ssl=1&resize=525%2C300 1.5x, https:\/\/i0.wp.com\/www.shqiperia.com\/blog\/wp-content\/uploads\/2026\/07\/73967576-clipboard07-21-202601.jpg?fit=718%2C431&ssl=1&resize=700%2C400 2x"},"classes":[]},{"id":104895,"url":"https:\/\/www.shqiperia.com\/blog\/nuk-kemi-pare-kurre-dicka-te-tille-el-nino-alarmon-shkencetaret-2027-do-te-jete-viti-me-i-nxehte-ndonjehere\/","url_meta":{"origin":103008,"position":2},"title":"\u201cNuk kemi par\u00eb kurr\u00eb di\u00e7ka t\u00eb till\u00eb\u201d\/ El Ni\u00f1o alarmon shkenc\u00ebtar\u00ebt, 2027 do t\u00eb jet\u00eb viti m\u00eb i nxeht\u00eb ndonj\u00ebher\u00eb","author":"Kurt Farka","date":"August 21, 2026","format":false,"excerpt":"21 Gusht 2026 Fenomeni El Ni\u00f1o q\u00eb po zhvillohet n\u00eb Oqeanin Paq\u00ebsor mund t\u00eb jet\u00eb m\u00eb i fuqishmi i regjistruar n\u00eb koh\u00ebt moderne, paralajm\u00ebrojn\u00eb ekspert\u00ebt e Met Office, sh\u00ebrbimit meteorologjik britanik. Fenomeni natyror klimatik pritet t\u00eb ndikoj\u00eb n\u00eb rritjen e temperaturave mesatare globale dhe t\u00eb shtoj\u00eb rrezikun p\u00ebr episode t\u00eb\u2026","rel":"","context":"In &quot;Blogu i Udh\u00ebtarit&quot;","block_context":{"text":"Blogu i Udh\u00ebtarit","link":"https:\/\/www.shqiperia.com\/blog\/category\/blogu-i-udhetarit\/"},"img":{"alt_text":"","src":"https:\/\/i0.wp.com\/www.shqiperia.com\/blog\/wp-content\/uploads\/2026\/08\/IMG_2857.webp?fit=976%2C549&ssl=1&resize=350%2C200","width":350,"height":200,"srcset":"https:\/\/i0.wp.com\/www.shqiperia.com\/blog\/wp-content\/uploads\/2026\/08\/IMG_2857.webp?fit=976%2C549&ssl=1&resize=350%2C200 1x, https:\/\/i0.wp.com\/www.shqiperia.com\/blog\/wp-content\/uploads\/2026\/08\/IMG_2857.webp?fit=976%2C549&ssl=1&resize=525%2C300 1.5x, https:\/\/i0.wp.com\/www.shqiperia.com\/blog\/wp-content\/uploads\/2026\/08\/IMG_2857.webp?fit=976%2C549&ssl=1&resize=700%2C400 2x"},"classes":[]},{"id":103777,"url":"https:\/\/www.shqiperia.com\/blog\/pse-po-bien-nga-shkembinjte-femrat-e-breshkave-ne-maqedonine-e-veriut\/","url_meta":{"origin":103008,"position":3},"title":"Pse po bien nga shk\u00ebmbinjt\u00eb femrat e breshkave n\u00eb Maqedonin\u00eb e Veriut?","author":"Kurt Farka","date":"August 4, 2026","format":false,"excerpt":"5 Gusht 2026 N\u00eb ishullin e mbrojtur rrept\u00ebsisht t\u00eb Golem Gradit n\u00eb Maqedonin\u00eb e Veriut, breshkat po e \u00e7ojn\u00eb popullat\u00ebn e tyre drejt shkat\u00ebrrimit. Gjat\u00eb \u00e7ift\u00ebzimit t\u00eb zgjatur, meshkujt agresiv\u00eb i lodhin femrat dhe shpesh i shtyjn\u00eb ato nga shk\u00ebmbinjt\u00eb. Si pasoj\u00eb, tani ka nj\u00ebqind meshkuj p\u00ebr \u00e7do fem\u00ebr t\u00eb\u2026","rel":"","context":"In &quot;Blogu i Udh\u00ebtarit&quot;","block_context":{"text":"Blogu i Udh\u00ebtarit","link":"https:\/\/www.shqiperia.com\/blog\/category\/blogu-i-udhetarit\/"},"img":{"alt_text":"","src":"https:\/\/i0.wp.com\/www.shqiperia.com\/blog\/wp-content\/uploads\/2026\/08\/66689401_605.jpg?fit=1199%2C674&ssl=1&resize=350%2C200","width":350,"height":200,"srcset":"https:\/\/i0.wp.com\/www.shqiperia.com\/blog\/wp-content\/uploads\/2026\/08\/66689401_605.jpg?fit=1199%2C674&ssl=1&resize=350%2C200 1x, https:\/\/i0.wp.com\/www.shqiperia.com\/blog\/wp-content\/uploads\/2026\/08\/66689401_605.jpg?fit=1199%2C674&ssl=1&resize=525%2C300 1.5x, https:\/\/i0.wp.com\/www.shqiperia.com\/blog\/wp-content\/uploads\/2026\/08\/66689401_605.jpg?fit=1199%2C674&ssl=1&resize=700%2C400 2x, https:\/\/i0.wp.com\/www.shqiperia.com\/blog\/wp-content\/uploads\/2026\/08\/66689401_605.jpg?fit=1199%2C674&ssl=1&resize=1050%2C600 3x"},"classes":[]},{"id":103751,"url":"https:\/\/www.shqiperia.com\/blog\/nje-vorbulle-gjigante-jeshile-rrotullohet-ne-liqenin-e-shkodres\/","url_meta":{"origin":103008,"position":4},"title":"Nj\u00eb vorbull\u00eb gjigante jeshile rrotullohet n\u00eb liqenin e Shkodr\u00ebs","author":"Kurt Farka","date":"August 4, 2026","format":false,"excerpt":"4 Gusht 2026 Fotoja e nj\u00eb astronauti nga viti 2020 tregon nj\u00eb vorbull t\u00eb madhe, jeshile t\u00eb hapur n\u00eb liqenin e Shkodr\u00ebs. Kjo foto mbres\u00ebl\u00ebn\u00ebse tregon nj\u00eb re sedimentesh q\u00eb rrotullohen duke formuar nj\u00eb vorbull t\u00eb madhe n\u00eb nj\u00eb nga liqenet m\u00eb t\u00eb m\u00ebdhenj t\u00eb Europ\u00ebs. Liqeni i Shkodr\u00ebs \u00ebsht\u00eb\u2026","rel":"","context":"In &quot;Blogu i Udh\u00ebtarit&quot;","block_context":{"text":"Blogu i Udh\u00ebtarit","link":"https:\/\/www.shqiperia.com\/blog\/category\/blogu-i-udhetarit\/"},"img":{"alt_text":"","src":"https:\/\/i0.wp.com\/www.shqiperia.com\/blog\/wp-content\/uploads\/2026\/08\/auto_Ms8Uoi2GdfsT4KxfAnocbi-1024-80.jpg1785157537.webp?fit=1024%2C576&ssl=1&resize=350%2C200","width":350,"height":200,"srcset":"https:\/\/i0.wp.com\/www.shqiperia.com\/blog\/wp-content\/uploads\/2026\/08\/auto_Ms8Uoi2GdfsT4KxfAnocbi-1024-80.jpg1785157537.webp?fit=1024%2C576&ssl=1&resize=350%2C200 1x, https:\/\/i0.wp.com\/www.shqiperia.com\/blog\/wp-content\/uploads\/2026\/08\/auto_Ms8Uoi2GdfsT4KxfAnocbi-1024-80.jpg1785157537.webp?fit=1024%2C576&ssl=1&resize=525%2C300 1.5x, https:\/\/i0.wp.com\/www.shqiperia.com\/blog\/wp-content\/uploads\/2026\/08\/auto_Ms8Uoi2GdfsT4KxfAnocbi-1024-80.jpg1785157537.webp?fit=1024%2C576&ssl=1&resize=700%2C400 2x"},"classes":[]},{"id":103090,"url":"https:\/\/www.shqiperia.com\/blog\/kush-e-terhoqi-kete-statuje-te-ramsesit-ii-neper-shkretetire\/","url_meta":{"origin":103008,"position":5},"title":"Kush e t\u00ebrhoqi k\u00ebt\u00eb statuj\u00eb t\u00eb Ramsesit II n\u00ebp\u00ebr shkret\u00ebtir\u00eb?","author":"Kurt Farka","date":"July 22, 2026","format":false,"excerpt":"22 Korrik 2026 Rreth 3300 vjet m\u00eb par\u00eb, artizan\u00ebt e Egjiptit t\u00eb lasht\u00eb punonin mbi nj\u00eb bllok t\u00eb madh graniti n\u00eb qytetin e Asuanit, rreth 850 km n\u00eb jug t\u00eb Giz\u00ebs. N\u00ebn vap\u00ebn p\u00ebrv\u00ebluese, nd\u00ebrsa djersa u mbulonte trupat e lodhur, ata e shk\u00ebput\u00ebn me kujdes gurin nga guroret dhe\u2026","rel":"","context":"In &quot;Arte&quot;","block_context":{"text":"Arte","link":"https:\/\/www.shqiperia.com\/blog\/category\/arte\/"},"img":{"alt_text":"","src":"https:\/\/i0.wp.com\/www.shqiperia.com\/blog\/wp-content\/uploads\/2026\/07\/Ramsesi-II.jpg?fit=900%2C767&ssl=1&resize=350%2C200","width":350,"height":200,"srcset":"https:\/\/i0.wp.com\/www.shqiperia.com\/blog\/wp-content\/uploads\/2026\/07\/Ramsesi-II.jpg?fit=900%2C767&ssl=1&resize=350%2C200 1x, https:\/\/i0.wp.com\/www.shqiperia.com\/blog\/wp-content\/uploads\/2026\/07\/Ramsesi-II.jpg?fit=900%2C767&ssl=1&resize=525%2C300 1.5x, https:\/\/i0.wp.com\/www.shqiperia.com\/blog\/wp-content\/uploads\/2026\/07\/Ramsesi-II.jpg?fit=900%2C767&ssl=1&resize=700%2C400 2x"},"classes":[]}],"_links":{"self":[{"href":"https:\/\/www.shqiperia.com\/blog\/wp-json\/wp\/v2\/posts\/103008","targetHints":{"allow":["GET"]}}],"collection":[{"href":"https:\/\/www.shqiperia.com\/blog\/wp-json\/wp\/v2\/posts"}],"about":[{"href":"https:\/\/www.shqiperia.com\/blog\/wp-json\/wp\/v2\/types\/post"}],"author":[{"embeddable":true,"href":"https:\/\/www.shqiperia.com\/blog\/wp-json\/wp\/v2\/users\/9"}],"replies":[{"embeddable":true,"href":"https:\/\/www.shqiperia.com\/blog\/wp-json\/wp\/v2\/comments?post=103008"}],"version-history":[{"count":1,"href":"https:\/\/www.shqiperia.com\/blog\/wp-json\/wp\/v2\/posts\/103008\/revisions"}],"predecessor-version":[{"id":103010,"href":"https:\/\/www.shqiperia.com\/blog\/wp-json\/wp\/v2\/posts\/103008\/revisions\/103010"}],"wp:featuredmedia":[{"embeddable":true,"href":"https:\/\/www.shqiperia.com\/blog\/wp-json\/wp\/v2\/media\/103009"}],"wp:attachment":[{"href":"https:\/\/www.shqiperia.com\/blog\/wp-json\/wp\/v2\/media?parent=103008"}],"wp:term":[{"taxonomy":"category","embeddable":true,"href":"https:\/\/www.shqiperia.com\/blog\/wp-json\/wp\/v2\/categories?post=103008"},{"taxonomy":"post_tag","embeddable":true,"href":"https:\/\/www.shqiperia.com\/blog\/wp-json\/wp\/v2\/tags?post=103008"}],"curies":[{"name":"wp","href":"https:\/\/api.w.org\/{rel}","templated":true}]}}