{"id":103004,"date":"2026-07-21T04:52:57","date_gmt":"2026-07-21T04:52:57","guid":{"rendered":"https:\/\/www.shqiperia.com\/blog\/?p=103004"},"modified":"2026-07-21T04:52:57","modified_gmt":"2026-07-21T04:52:57","slug":"loja-e-drites-dhe-frymemarrja-e-mermerit-kariatidet-motrat-qe-mbajne-tempullin-prej-2400-vjetesh","status":"publish","type":"post","link":"https:\/\/www.shqiperia.com\/blog\/loja-e-drites-dhe-frymemarrja-e-mermerit-kariatidet-motrat-qe-mbajne-tempullin-prej-2400-vjetesh\/","title":{"rendered":"Loja e drit\u00ebs dhe frym\u00ebmarrja e mermerit, Kariatidet, motrat q\u00eb mbajn\u00eb tempullin prej 2400 vjet\u00ebsh"},"content":{"rendered":"<p data-a11y-orig-inline=\"\" data-a11y-base-fs=\"18\"><img data-recalc-dims=\"1\" loading=\"lazy\" decoding=\"async\" data-attachment-id=\"103005\" data-permalink=\"https:\/\/www.shqiperia.com\/blog\/loja-e-drites-dhe-frymemarrja-e-mermerit-kariatidet-motrat-qe-mbajne-tempullin-prej-2400-vjetesh\/640-0-me-1784270963-copy\/\" data-orig-file=\"https:\/\/i0.wp.com\/www.shqiperia.com\/blog\/wp-content\/uploads\/2026\/07\/640-0-me-1784270963-Copy.jpg?fit=640%2C484&amp;ssl=1\" data-orig-size=\"640,484\" data-comments-opened=\"1\" data-image-meta=\"{&quot;aperture&quot;:&quot;0&quot;,&quot;credit&quot;:&quot;&quot;,&quot;camera&quot;:&quot;&quot;,&quot;caption&quot;:&quot;&quot;,&quot;created_timestamp&quot;:&quot;0&quot;,&quot;copyright&quot;:&quot;&quot;,&quot;focal_length&quot;:&quot;0&quot;,&quot;iso&quot;:&quot;0&quot;,&quot;shutter_speed&quot;:&quot;0&quot;,&quot;title&quot;:&quot;&quot;,&quot;orientation&quot;:&quot;0&quot;}\" data-image-title=\"-640-0-me-1784270963 &#8211; Copy\" data-image-description=\"\" data-image-caption=\"\" data-medium-file=\"https:\/\/i0.wp.com\/www.shqiperia.com\/blog\/wp-content\/uploads\/2026\/07\/640-0-me-1784270963-Copy.jpg?fit=300%2C227&amp;ssl=1\" data-large-file=\"https:\/\/i0.wp.com\/www.shqiperia.com\/blog\/wp-content\/uploads\/2026\/07\/640-0-me-1784270963-Copy.jpg?fit=640%2C484&amp;ssl=1\" class=\"alignnone  wp-image-103005\" alt=\"\" src=\"https:\/\/i0.wp.com\/www.shqiperia.com\/blog\/wp-content\/uploads\/2026\/07\/640-0-me-1784270963-Copy.jpg?resize=496%2C375&#038;ssl=1\" width=\"496\" height=\"375\" srcset=\"https:\/\/i0.wp.com\/www.shqiperia.com\/blog\/wp-content\/uploads\/2026\/07\/640-0-me-1784270963-Copy.jpg?resize=300%2C227&amp;ssl=1 300w, https:\/\/i0.wp.com\/www.shqiperia.com\/blog\/wp-content\/uploads\/2026\/07\/640-0-me-1784270963-Copy.jpg?resize=450%2C340&amp;ssl=1 450w, https:\/\/i0.wp.com\/www.shqiperia.com\/blog\/wp-content\/uploads\/2026\/07\/640-0-me-1784270963-Copy.jpg?resize=600%2C454&amp;ssl=1 600w, https:\/\/i0.wp.com\/www.shqiperia.com\/blog\/wp-content\/uploads\/2026\/07\/640-0-me-1784270963-Copy.jpg?resize=400%2C303&amp;ssl=1 400w, https:\/\/i0.wp.com\/www.shqiperia.com\/blog\/wp-content\/uploads\/2026\/07\/640-0-me-1784270963-Copy.jpg?w=640&amp;ssl=1 640w\" sizes=\"auto, (max-width: 496px) 100vw, 496px\" \/><\/p>\n<p data-a11y-orig-inline=\"\" data-a11y-base-fs=\"18\">21 Korrik 2026<\/p>\n<p data-a11y-orig-inline=\"\" data-a11y-base-fs=\"18\">T\u00eb sodis\u00ebsh per\u00ebndimin e diellit nga Akropoli i Athin\u00ebs, n\u00eb \u00e7astin kur drita e art\u00eb rr\u00ebshqet mbi trupat e Kariatideve, \u00ebsht\u00eb nj\u00eb p\u00ebrvoj\u00eb q\u00eb mbetet gjat\u00eb n\u00eb kujtes\u00eb. N\u00eb ato minuta t\u00eb magjishme, kur dita ia dor\u00ebzon vendin mbr\u00ebmjes, koha duket sikur ndalet dhe mermeri fillon t\u00eb flas\u00eb me gjuh\u00ebn e heshtjes, p\u00ebrmes nj\u00eb p\u00ebshp\u00ebrime epike ku koha dhe antikiteti kuror\u00ebzojn\u00eb solemnitetin e ardhjes s\u00eb hyjshme p\u00ebrmes shpirtit krijues, p\u00ebrmes asaj t\u00eb frymshmeje eterne q\u00eb ndihet n\u00eb pulsin e shk\u00ebmbit q\u00eb zgjoi p\u00ebrjet\u00ebsin\u00eb p\u00ebr t&#8217;ia blatuar mrekullis\u00eb q\u00eb rrok me \u00ebndje v\u00ebshtrimet adhuruese q\u00eb kridhen n\u00eb k\u00ebt\u00eb madh\u00ebshti.<\/p>\n<p data-a11y-orig-inline=\"\" data-a11y-base-fs=\"18\">Ato q\u00eb shohim sot n\u00eb portikun jugor t\u00eb Erehteonit nuk jan\u00eb thjesht figura t\u00eb skalitura. Jan\u00eb gjasht\u00eb motra t\u00eb p\u00ebrjet\u00ebsuara n\u00eb gur, gjasht\u00eb gra q\u00eb prej m\u00eb shum\u00eb se 2400 vjet\u00ebsh mbajn\u00eb mbi kokat e tyre pesh\u00ebn e nj\u00eb tempulli dhe barr\u00ebn e nj\u00eb historie q\u00eb nuk ka reshtur s\u00eb frym\u00ebzuari breza t\u00eb t\u00ebr\u00eb. N\u00eb pamjen e tyre bashkohen arkitektura dhe skulptura, forca dhe hijeshia, q\u00ebndrueshm\u00ebria dhe delikatesa.<\/p>\n<p data-a11y-orig-inline=\"\" data-a11y-base-fs=\"18\">Kur dielli fillon t\u00eb ulet mbi horizontin e Atik\u00ebs, ansambli monumental i Akropolit merr nj\u00eb pamje krejt tjet\u00ebr. Mermeri pentelik, i nxjerr\u00eb nga malet pran\u00eb Athin\u00ebs dhe i p\u00ebrdorur p\u00ebr nd\u00ebrtimin e monumenteve m\u00eb t\u00eb lavdishme t\u00eb qytet\u00ebrimit grek, zot\u00ebron nj\u00eb cil\u00ebsi t\u00eb ve\u00e7ant\u00eb. N\u00eb struktur\u00ebn e tij gjenden grimca minerale q\u00eb e b\u00ebjn\u00eb drit\u00ebn t\u00eb luaj\u00eb mbi sip\u00ebrfaqen e tij si mbi nj\u00eb organiz\u00ebm t\u00eb gjall\u00eb. Bardh\u00ebsia e ftoht\u00eb e dit\u00ebs shnd\u00ebrrohet ngadal\u00eb n\u00eb nuanca t\u00eb arta, portokalli e ok\u00ebr, duke e mb\u00ebshtjell\u00eb skulptur\u00ebn me nj\u00eb shk\u00eblqim pothuaj hyjnor.<\/p>\n<p data-a11y-orig-inline=\"\" data-a11y-base-fs=\"18\"><img data-recalc-dims=\"1\" loading=\"lazy\" decoding=\"async\" data-attachment-id=\"103006\" data-permalink=\"https:\/\/www.shqiperia.com\/blog\/loja-e-drites-dhe-frymemarrja-e-mermerit-kariatidet-motrat-qe-mbajne-tempullin-prej-2400-vjetesh\/640-0-me-1784270963\/\" data-orig-file=\"https:\/\/i0.wp.com\/www.shqiperia.com\/blog\/wp-content\/uploads\/2026\/07\/640-0-me-1784270963.jpg?fit=640%2C640&amp;ssl=1\" data-orig-size=\"640,640\" data-comments-opened=\"1\" data-image-meta=\"{&quot;aperture&quot;:&quot;0&quot;,&quot;credit&quot;:&quot;&quot;,&quot;camera&quot;:&quot;&quot;,&quot;caption&quot;:&quot;&quot;,&quot;created_timestamp&quot;:&quot;0&quot;,&quot;copyright&quot;:&quot;&quot;,&quot;focal_length&quot;:&quot;0&quot;,&quot;iso&quot;:&quot;0&quot;,&quot;shutter_speed&quot;:&quot;0&quot;,&quot;title&quot;:&quot;&quot;,&quot;orientation&quot;:&quot;0&quot;}\" data-image-title=\"-640-0-me-1784270963\" data-image-description=\"\" data-image-caption=\"\" data-medium-file=\"https:\/\/i0.wp.com\/www.shqiperia.com\/blog\/wp-content\/uploads\/2026\/07\/640-0-me-1784270963.jpg?fit=300%2C300&amp;ssl=1\" data-large-file=\"https:\/\/i0.wp.com\/www.shqiperia.com\/blog\/wp-content\/uploads\/2026\/07\/640-0-me-1784270963.jpg?fit=640%2C640&amp;ssl=1\" class=\"alignnone  wp-image-103006\" alt=\"\" src=\"https:\/\/i0.wp.com\/www.shqiperia.com\/blog\/wp-content\/uploads\/2026\/07\/640-0-me-1784270963.jpg?resize=649%2C649&#038;ssl=1\" width=\"649\" height=\"649\" srcset=\"https:\/\/i0.wp.com\/www.shqiperia.com\/blog\/wp-content\/uploads\/2026\/07\/640-0-me-1784270963.jpg?resize=300%2C300&amp;ssl=1 300w, https:\/\/i0.wp.com\/www.shqiperia.com\/blog\/wp-content\/uploads\/2026\/07\/640-0-me-1784270963.jpg?resize=150%2C150&amp;ssl=1 150w, https:\/\/i0.wp.com\/www.shqiperia.com\/blog\/wp-content\/uploads\/2026\/07\/640-0-me-1784270963.jpg?resize=450%2C450&amp;ssl=1 450w, https:\/\/i0.wp.com\/www.shqiperia.com\/blog\/wp-content\/uploads\/2026\/07\/640-0-me-1784270963.jpg?resize=600%2C600&amp;ssl=1 600w, https:\/\/i0.wp.com\/www.shqiperia.com\/blog\/wp-content\/uploads\/2026\/07\/640-0-me-1784270963.jpg?resize=65%2C65&amp;ssl=1 65w, https:\/\/i0.wp.com\/www.shqiperia.com\/blog\/wp-content\/uploads\/2026\/07\/640-0-me-1784270963.jpg?resize=50%2C50&amp;ssl=1 50w, https:\/\/i0.wp.com\/www.shqiperia.com\/blog\/wp-content\/uploads\/2026\/07\/640-0-me-1784270963.jpg?resize=400%2C400&amp;ssl=1 400w, https:\/\/i0.wp.com\/www.shqiperia.com\/blog\/wp-content\/uploads\/2026\/07\/640-0-me-1784270963.jpg?w=640&amp;ssl=1 640w\" sizes=\"auto, (max-width: 649px) 100vw, 649px\" \/><\/p>\n<p data-a11y-orig-inline=\"\" data-a11y-base-fs=\"18\">Palat e peplosit, t\u00eb gdhendura me mjesht\u00ebri t\u00eb jasht\u00ebzakonshme, krijojn\u00eb hije t\u00eb thella dhe ritme t\u00eb nd\u00ebrlikuara drite. N\u00ebn rrezet e pjerr\u00ebta t\u00eb mbr\u00ebmjes, k\u00ebto hije fitojn\u00eb jet\u00eb, duke krijuar iluzionin se figurat marrin frym\u00eb. \u00cbsht\u00eb sikur mermeri zbutet dhe b\u00ebhet mish, sikur gur\u00ebt e lasht\u00eb t\u00eb kujtojn\u00eb p\u00ebr nj\u00eb \u00e7ast dor\u00ebn e skulptorit q\u00eb i dha form\u00eb p\u00ebrjet\u00ebsis\u00eb.<\/p>\n<p data-a11y-orig-inline=\"\" data-a11y-base-fs=\"18\">Kariatidet v\u00ebshtrojn\u00eb drejt jugut, kah Rruga e Shenjt\u00eb dhe Teatri i Dionisit, vendi ku lind\u00ebn tragjedit\u00eb dhe komedit\u00eb q\u00eb form\u00ebsuan mendimin per\u00ebndimor. Drita e per\u00ebndimit i godet nga anash, duke nxjerr\u00eb n\u00eb pah profilin e tyre fisnik, qaf\u00ebn e tendosur leht\u00eb dhe q\u00ebndrimin solemn. N\u00eb at\u00eb \u00e7ast, ato nuk duken m\u00eb si mb\u00ebshtet\u00ebse t\u00eb nj\u00eb nd\u00ebrtese, por si rojtar\u00eb t\u00eb koh\u00ebs, d\u00ebshmitare t\u00eb heshtura t\u00eb ngritjes dhe r\u00ebnies s\u00eb perandorive, t\u00eb luft\u00ebrave, pushtimeve dhe rilindjeve.<\/p>\n<p data-a11y-orig-inline=\"\" data-a11y-base-fs=\"18\">Megjithat\u00eb, figurat q\u00eb soditim sot n\u00eb Erehteon jan\u00eb kopje t\u00eb realizuara me sakt\u00ebsi t\u00eb admirueshme. P\u00ebr t\u2019i mbrojtur nga ndotja atmosferike dhe d\u00ebmtimet e koh\u00ebs, pes\u00eb prej Kariatideve origjinale jan\u00eb vendosur n\u00eb Muzeun e Akropolit, ku ruhen n\u00eb kushte t\u00eb kontrolluara dhe jan\u00eb pastruar me teknologji t\u00eb avancuar lazer, duke zbuluar p\u00ebrs\u00ebri bardh\u00ebsin\u00eb e tyre t\u00eb dikurshme.<\/p>\n<p data-a11y-orig-inline=\"\" data-a11y-base-fs=\"18\">Por historia e tyre mbart edhe nj\u00eb plag\u00eb. Motra e gjasht\u00eb mungon. N\u00eb fillim t\u00eb shekullit XIX ajo u mor nga Lord Elgin dhe sot gjendet n\u00eb British Museum. Kjo ndarje ka ushqyer prej koh\u00ebsh nj\u00eb legjend\u00eb athinase, sipas s\u00eb cil\u00ebs net\u00ebve t\u00eb qeta pes\u00eb motrat e mbetura d\u00ebgjohen duke vajtuar p\u00ebr at\u00eb q\u00eb u \u00ebsht\u00eb shk\u00ebputur p\u00ebrgjithmon\u00eb nga rreshti.<\/p>\n<p data-a11y-orig-inline=\"\" data-a11y-base-fs=\"18\">Origjina e emrit t\u00eb tyre lidhet me grat\u00eb e Karias, nj\u00eb qytet i lasht\u00eb grek. Sipas nj\u00eb rr\u00ebfimi t\u00eb p\u00ebrhapur q\u00eb vjen nga traktati i arkitektit romak Vitruvius, ato simbolizonin grat\u00eb e d\u00ebnuara p\u00ebr tradhti ndaj Greqis\u00eb. Megjithat\u00eb, studiuesit modern\u00eb e shohin k\u00ebt\u00eb interpretim me rezerv\u00eb, duke besuar se Kariatidet ishin m\u00eb tep\u00ebr figura rituale ose prift\u00ebresha t\u00eb idealizuara. \u00c7far\u00ebdo qoft\u00eb e v\u00ebrteta historike, koha ka b\u00ebr\u00eb mrekullin\u00eb e saj: nga simbol i mundsh\u00ebm nd\u00ebshkimi, ato jan\u00eb shnd\u00ebrruar n\u00eb emblem\u00ebn m\u00eb t\u00eb lart\u00eb t\u00eb graciositetit, dinjitetit dhe forc\u00ebs fem\u00ebrore.<\/p>\n<p data-a11y-orig-inline=\"\" data-a11y-base-fs=\"18\">Kur dielli zhduket pas maleve t\u00eb Atik\u00ebs dhe qielli vishet me nuanca t\u00eb purpurta, Kariatidet shnd\u00ebrrohen n\u00eb silueta t\u00eb err\u00ebta q\u00eb ngrihen kund\u00ebr horizontit si kujtesa t\u00eb gjalla t\u00eb qytet\u00ebrimit. N\u00eb at\u00eb heshtje t\u00eb mbr\u00ebmjes, njeriu e kupton se brezat kalojn\u00eb, perandorit\u00eb rr\u00ebzohen dhe emrat harrohen, por arti i madh mbetet. Dhe k\u00ebto gjasht\u00eb motra prej mermeri vazhdojn\u00eb t\u00eb q\u00ebndrojn\u00eb aty, mes drit\u00ebs dhe hijes, mes historis\u00eb dhe mitit, duke mbajtur jo vet\u00ebm pesh\u00ebn e tempullit, por edhe pesh\u00ebn e kujtes\u00ebs njer\u00ebzore.<\/p>\n","protected":false},"excerpt":{"rendered":"<p>21 Korrik 2026 T\u00eb sodis\u00ebsh per\u00ebndimin e diellit nga Akropoli i Athin\u00ebs, n\u00eb \u00e7astin kur drita e art\u00eb rr\u00ebshqet mbi trupat e Kariatideve, \u00ebsht\u00eb nj\u00eb p\u00ebrvoj\u00eb q\u00eb mbetet gjat\u00eb n\u00eb kujtes\u00eb. N\u00eb ato minuta t\u00eb magjishme, kur dita ia dor\u00ebzon vendin mbr\u00ebmjes, koha duket sikur ndalet dhe mermeri fillon t\u00eb flas\u00eb me gjuh\u00ebn e heshtjes, [&hellip;]<\/p>\n","protected":false},"author":9,"featured_media":103005,"comment_status":"open","ping_status":"open","sticky":false,"template":"","format":"standard","meta":{"jetpack_post_was_ever_published":false,"_jetpack_newsletter_access":"","_jetpack_dont_email_post_to_subs":false,"_jetpack_newsletter_tier_id":0,"_jetpack_memberships_contains_paywalled_content":false,"_jetpack_memberships_contains_paid_content":false,"footnotes":"","jetpack_publicize_message":"","jetpack_publicize_feature_enabled":true,"jetpack_social_post_already_shared":true,"jetpack_social_options":{"image_generator_settings":{"template":"highway","default_image_id":0,"font":"","enabled":false},"version":2}},"categories":[27,85,10,86],"tags":[],"class_list":["post-103004","post","type-post","status-publish","format-standard","has-post-thumbnail","hentry","category-blogu-i-udhetarit","category-histori","category-kultura","category-trashegimi-kulturore"],"jetpack_publicize_connections":[],"jetpack_featured_media_url":"https:\/\/i0.wp.com\/www.shqiperia.com\/blog\/wp-content\/uploads\/2026\/07\/640-0-me-1784270963-Copy.jpg?fit=640%2C484&ssl=1","jetpack_sharing_enabled":true,"jetpack_shortlink":"https:\/\/wp.me\/p5Z6wp-qNm","jetpack-related-posts":[{"id":103011,"url":"https:\/\/www.shqiperia.com\/blog\/nje-program-per-bletet-fieraku-nderton-pajisjen-qe-kontrollon-temperaturen-lageshtine-dhe-peshen-e-kosheres\/","url_meta":{"origin":103004,"position":0},"title":"Nj\u00eb program p\u00ebr blet\u00ebt\/ Fieraku nd\u00ebrton pajisjen q\u00eb kontrollon temperatur\u00ebn, lag\u00ebshtin\u00eb dhe pesh\u00ebn e kosheres","author":"Kurt Farka","date":"July 21, 2026","format":false,"excerpt":"21 Korrik 2026 Programuesi 34-vje\u00e7ar nga Fieri, Kadri Manaj, ka krijuar nj\u00eb sistem teknologjik q\u00eb synon t\u00eb leht\u00ebsoj\u00eb pun\u00ebn e bletar\u00ebve dhe t\u00eb kontribuoj\u00eb n\u00eb sigurin\u00eb ushqimore. K\u00ebt\u00eb her\u00eb ai nuk ka krijuar vet\u00ebm nj\u00eb program, por edhe pajisje inteligjente q\u00eb ndihmon blet\u00ebrrit\u00ebsit n\u00eb aktivitetin e tyre t\u00eb p\u00ebrditsh\u00ebm. Puna\u2026","rel":"","context":"In &quot;Njoftime Shtypi&quot;","block_context":{"text":"Njoftime Shtypi","link":"https:\/\/www.shqiperia.com\/blog\/category\/njoftime-shtypi\/"},"img":{"alt_text":"","src":"https:\/\/i0.wp.com\/www.shqiperia.com\/blog\/wp-content\/uploads\/2026\/07\/bletari.webp?fit=1167%2C627&ssl=1&resize=350%2C200","width":350,"height":200,"srcset":"https:\/\/i0.wp.com\/www.shqiperia.com\/blog\/wp-content\/uploads\/2026\/07\/bletari.webp?fit=1167%2C627&ssl=1&resize=350%2C200 1x, https:\/\/i0.wp.com\/www.shqiperia.com\/blog\/wp-content\/uploads\/2026\/07\/bletari.webp?fit=1167%2C627&ssl=1&resize=525%2C300 1.5x, https:\/\/i0.wp.com\/www.shqiperia.com\/blog\/wp-content\/uploads\/2026\/07\/bletari.webp?fit=1167%2C627&ssl=1&resize=700%2C400 2x, https:\/\/i0.wp.com\/www.shqiperia.com\/blog\/wp-content\/uploads\/2026\/07\/bletari.webp?fit=1167%2C627&ssl=1&resize=1050%2C600 3x"},"classes":[]},{"id":104931,"url":"https:\/\/www.shqiperia.com\/blog\/fati-i-operes-rozafa-ironikisht-i-njejte-me-ate-te-legjendes-se-kalase\/","url_meta":{"origin":103004,"position":1},"title":"Fati i oper\u00ebs &#8220;Rozafa&#8221;, ironikisht i nj\u00ebjt\u00eb me at\u00eb t\u00eb legjend\u00ebs s\u00eb kalas\u00eb","author":"Kurt Farka","date":"August 22, 2026","format":false,"excerpt":"22 Gusht 2026 Rozafa nuk \u00ebsht\u00eb vet\u00ebm gruaja e murosur n\u00eb themelet e nj\u00eb kalaje. Ajo \u00ebsht\u00eb vet\u00eb metafora e sakrific\u00ebs q\u00eb e b\u00ebn t\u00eb mundur krijimin, vet\u00eb d\u00ebshmia se asgj\u00eb e madhe nuk ngrihet pa dhimbje dhe se \u00e7do vep\u00ebr e destinuar t\u00eb sfidoj\u00eb koh\u00ebn duhet t\u00eb paguaj\u00eb \u00e7mimin\u2026","rel":"","context":"In &quot;Blogu i Udh\u00ebtarit&quot;","block_context":{"text":"Blogu i Udh\u00ebtarit","link":"https:\/\/www.shqiperia.com\/blog\/category\/blogu-i-udhetarit\/"},"img":{"alt_text":"","src":"https:\/\/i0.wp.com\/www.shqiperia.com\/blog\/wp-content\/uploads\/2026\/08\/640-0-r1jpg-1787304573.jpg?fit=640%2C638&ssl=1&resize=350%2C200","width":350,"height":200,"srcset":"https:\/\/i0.wp.com\/www.shqiperia.com\/blog\/wp-content\/uploads\/2026\/08\/640-0-r1jpg-1787304573.jpg?fit=640%2C638&ssl=1&resize=350%2C200 1x, https:\/\/i0.wp.com\/www.shqiperia.com\/blog\/wp-content\/uploads\/2026\/08\/640-0-r1jpg-1787304573.jpg?fit=640%2C638&ssl=1&resize=525%2C300 1.5x"},"classes":[]},{"id":102681,"url":"https:\/\/www.shqiperia.com\/blog\/ministri-prish-festen-e-brukselit-tre-kapitujt-sot-po-mbyllen-perkohesisht\/","url_meta":{"origin":103004,"position":2},"title":"Ministri \u201cprish fest\u00ebn\u201d e Brukselit: Tre kapitujt sot po mbyllen p\u00ebrkoh\u00ebsisht","author":"Kurt Farka","date":"July 14, 2026","format":false,"excerpt":"14 Korrik 2026 N\u00eb nj\u00eb koh\u00eb kur fishekzjarr\u00ebt e propagand\u00ebs qeveritare po ndizen n\u00eb maksimum p\u00ebr suksesin \u201chistorik\u201d n\u00eb Bruksel, Ministri p\u00ebr Evrop\u00ebn dhe Pun\u00ebt e Jashtme, Ferit Hoxha, ka b\u00ebr\u00eb pa dashje nj\u00eb dush t\u00eb ftoht\u00eb realist. P\u00ebrmes nj\u00eb postimi plot data e vet\u00ebvler\u00ebsime, Hoxha ka zbuluar hapur detajin\u2026","rel":"","context":"In &quot;Kultura&quot;","block_context":{"text":"Kultura","link":"https:\/\/www.shqiperia.com\/blog\/category\/kultura\/"},"img":{"alt_text":"","src":"https:\/\/i0.wp.com\/www.shqiperia.com\/blog\/wp-content\/uploads\/2026\/07\/Edi-Rama2-1440x960-2.jpg?fit=1200%2C800&ssl=1&resize=350%2C200","width":350,"height":200,"srcset":"https:\/\/i0.wp.com\/www.shqiperia.com\/blog\/wp-content\/uploads\/2026\/07\/Edi-Rama2-1440x960-2.jpg?fit=1200%2C800&ssl=1&resize=350%2C200 1x, https:\/\/i0.wp.com\/www.shqiperia.com\/blog\/wp-content\/uploads\/2026\/07\/Edi-Rama2-1440x960-2.jpg?fit=1200%2C800&ssl=1&resize=525%2C300 1.5x, https:\/\/i0.wp.com\/www.shqiperia.com\/blog\/wp-content\/uploads\/2026\/07\/Edi-Rama2-1440x960-2.jpg?fit=1200%2C800&ssl=1&resize=700%2C400 2x, https:\/\/i0.wp.com\/www.shqiperia.com\/blog\/wp-content\/uploads\/2026\/07\/Edi-Rama2-1440x960-2.jpg?fit=1200%2C800&ssl=1&resize=1050%2C600 3x"},"classes":[]},{"id":104293,"url":"https:\/\/www.shqiperia.com\/blog\/keshilli-i-europes-frenon-reformen-e-rames-bashkite-nuk-mund-te-ndryshohen-pa-degjuar-qytetaret\/","url_meta":{"origin":103004,"position":3},"title":"K\u00ebshilli i Europ\u00ebs \u201cfrenon\u201d reform\u00ebn e Ram\u00ebs: &#8211; Bashkit\u00eb nuk mund t\u00eb ndryshohen pa d\u00ebgjuar qytetar\u00ebt","author":"Kurt Farka","date":"August 12, 2026","format":false,"excerpt":"12 Gusht 2026 Kongresi i Autoriteteve Lokale dhe Rajonale t\u00eb K\u00ebshillit t\u00eb Evrop\u00ebs k\u00ebrkon nga Shqip\u00ebria q\u00eb reforma e re territoriale t\u00eb forcoj\u00eb demokracin\u00eb lokale dhe autonomin\u00eb vendore, duke theksuar se konsultimi efektiv me komunitetet lokale \u00ebsht\u00eb nj\u00eb element qendror i k\u00ebtij procesi. Dy raportuesit p\u00ebr situat\u00ebn e demokracis\u00eb lokale\u2026","rel":"","context":"In &quot;Blogu i Udh\u00ebtarit&quot;","block_context":{"text":"Blogu i Udh\u00ebtarit","link":"https:\/\/www.shqiperia.com\/blog\/category\/blogu-i-udhetarit\/"},"img":{"alt_text":"","src":"https:\/\/i0.wp.com\/www.shqiperia.com\/blog\/wp-content\/uploads\/2026\/08\/4-59199f0d80914-scaled.jpg?fit=1200%2C784&ssl=1&resize=350%2C200","width":350,"height":200,"srcset":"https:\/\/i0.wp.com\/www.shqiperia.com\/blog\/wp-content\/uploads\/2026\/08\/4-59199f0d80914-scaled.jpg?fit=1200%2C784&ssl=1&resize=350%2C200 1x, https:\/\/i0.wp.com\/www.shqiperia.com\/blog\/wp-content\/uploads\/2026\/08\/4-59199f0d80914-scaled.jpg?fit=1200%2C784&ssl=1&resize=525%2C300 1.5x, https:\/\/i0.wp.com\/www.shqiperia.com\/blog\/wp-content\/uploads\/2026\/08\/4-59199f0d80914-scaled.jpg?fit=1200%2C784&ssl=1&resize=700%2C400 2x, https:\/\/i0.wp.com\/www.shqiperia.com\/blog\/wp-content\/uploads\/2026\/08\/4-59199f0d80914-scaled.jpg?fit=1200%2C784&ssl=1&resize=1050%2C600 3x"},"classes":[]},{"id":100829,"url":"https:\/\/www.shqiperia.com\/blog\/nga-partia-socialiste-te-partia-e-resorteve\/","url_meta":{"origin":103004,"position":4},"title":"Nga Partia Socialiste te Partia e Resorteve","author":"Kurt Farka","date":"June 1, 2026","format":false,"excerpt":"1 Qershor 2026 Nga Adrian Thano \u200bA ka ndonj\u00eb qasje socialiste n\u00eb vendimet, ligjet, lejet e nd\u00ebrtimit q\u00eb po jepen p\u00ebr Zv\u00ebrnecin, Vlor\u00ebn dhe mbar\u00eb bregdetin? P\u00ebrgjigja shkurt \u00ebsht\u00eb JO. Shtylla e par\u00eb e socializmit \u00ebsht\u00eb mbrojtja e pasuris\u00eb publike dhe garantimi q\u00eb burimet natyrore t\u2019i sh\u00ebrbejn\u00eb t\u00eb gjith\u00eb shoq\u00ebris\u00eb.\u2026","rel":"","context":"In &quot;Blogu i Udh\u00ebtarit&quot;","block_context":{"text":"Blogu i Udh\u00ebtarit","link":"https:\/\/www.shqiperia.com\/blog\/category\/blogu-i-udhetarit\/"},"img":{"alt_text":"","src":"https:\/\/i0.wp.com\/www.shqiperia.com\/blog\/wp-content\/uploads\/2026\/06\/640-0-1709129359xedi-rama-625.jpg?fit=640%2C486&ssl=1&resize=350%2C200","width":350,"height":200,"srcset":"https:\/\/i0.wp.com\/www.shqiperia.com\/blog\/wp-content\/uploads\/2026\/06\/640-0-1709129359xedi-rama-625.jpg?fit=640%2C486&ssl=1&resize=350%2C200 1x, https:\/\/i0.wp.com\/www.shqiperia.com\/blog\/wp-content\/uploads\/2026\/06\/640-0-1709129359xedi-rama-625.jpg?fit=640%2C486&ssl=1&resize=525%2C300 1.5x"},"classes":[]},{"id":102547,"url":"https:\/\/www.shqiperia.com\/blog\/protesta-sfidon-tubimet-partiake-shtresa-mesme-dhe-e-personave-me-karriere-te-konsoliduar\/","url_meta":{"origin":103004,"position":5},"title":"Protesta sfidon tubimet partiake, Shtresa mesme dhe e personave me \u2018karrier\u00eb t\u00eb konsoliduar\u2019.","author":"Kurt Farka","date":"July 12, 2026","format":false,"excerpt":"12 Korrik 2026 N\u00eb tre dekadat e fundit, Shqip\u00ebria ka par\u00eb me qindra protesta p\u00ebrball\u00eb zyr\u00ebs s\u00eb Kryeministris\u00eb \u2013 godina q\u00eb simbolizon pushtetin e vrazhd\u00eb n\u00eb Shqip\u00ebri. Por asnj\u00ebra prej tyre nuk ngjason me l\u00ebvizjen maraton\u00eb t\u00eb muajit t\u00eb fundit, t\u00eb pag\u00ebzuar si \u201cRevolucioni i Flamingove\u201d, ku arti dhe kreativiteti\u2026","rel":"","context":"In &quot;Blogu i Udh\u00ebtarit&quot;","block_context":{"text":"Blogu i Udh\u00ebtarit","link":"https:\/\/www.shqiperia.com\/blog\/category\/blogu-i-udhetarit\/"},"img":{"alt_text":"","src":"https:\/\/i0.wp.com\/www.shqiperia.com\/blog\/wp-content\/uploads\/2026\/07\/b7c67458-453d-4456-abdf-55721022dced-1140x570-1.jpg?fit=566%2C384&ssl=1&resize=350%2C200","width":350,"height":200,"srcset":"https:\/\/i0.wp.com\/www.shqiperia.com\/blog\/wp-content\/uploads\/2026\/07\/b7c67458-453d-4456-abdf-55721022dced-1140x570-1.jpg?fit=566%2C384&ssl=1&resize=350%2C200 1x, https:\/\/i0.wp.com\/www.shqiperia.com\/blog\/wp-content\/uploads\/2026\/07\/b7c67458-453d-4456-abdf-55721022dced-1140x570-1.jpg?fit=566%2C384&ssl=1&resize=525%2C300 1.5x"},"classes":[]}],"_links":{"self":[{"href":"https:\/\/www.shqiperia.com\/blog\/wp-json\/wp\/v2\/posts\/103004","targetHints":{"allow":["GET"]}}],"collection":[{"href":"https:\/\/www.shqiperia.com\/blog\/wp-json\/wp\/v2\/posts"}],"about":[{"href":"https:\/\/www.shqiperia.com\/blog\/wp-json\/wp\/v2\/types\/post"}],"author":[{"embeddable":true,"href":"https:\/\/www.shqiperia.com\/blog\/wp-json\/wp\/v2\/users\/9"}],"replies":[{"embeddable":true,"href":"https:\/\/www.shqiperia.com\/blog\/wp-json\/wp\/v2\/comments?post=103004"}],"version-history":[{"count":1,"href":"https:\/\/www.shqiperia.com\/blog\/wp-json\/wp\/v2\/posts\/103004\/revisions"}],"predecessor-version":[{"id":103007,"href":"https:\/\/www.shqiperia.com\/blog\/wp-json\/wp\/v2\/posts\/103004\/revisions\/103007"}],"wp:featuredmedia":[{"embeddable":true,"href":"https:\/\/www.shqiperia.com\/blog\/wp-json\/wp\/v2\/media\/103005"}],"wp:attachment":[{"href":"https:\/\/www.shqiperia.com\/blog\/wp-json\/wp\/v2\/media?parent=103004"}],"wp:term":[{"taxonomy":"category","embeddable":true,"href":"https:\/\/www.shqiperia.com\/blog\/wp-json\/wp\/v2\/categories?post=103004"},{"taxonomy":"post_tag","embeddable":true,"href":"https:\/\/www.shqiperia.com\/blog\/wp-json\/wp\/v2\/tags?post=103004"}],"curies":[{"name":"wp","href":"https:\/\/api.w.org\/{rel}","templated":true}]}}