{"id":102996,"date":"2026-07-20T23:15:58","date_gmt":"2026-07-20T23:15:58","guid":{"rendered":"https:\/\/www.shqiperia.com\/blog\/?p=102996"},"modified":"2026-07-20T23:15:58","modified_gmt":"2026-07-20T23:15:58","slug":"shifrat-rrezojne-ramen-shqiperia-e-158-ta-per-bujqesine-dhe-e-138-ta-per-ujerat-e-zeza","status":"publish","type":"post","link":"https:\/\/www.shqiperia.com\/blog\/shifrat-rrezojne-ramen-shqiperia-e-158-ta-per-bujqesine-dhe-e-138-ta-per-ujerat-e-zeza\/","title":{"rendered":"Shifrat rr\u00ebzojn\u00eb Ram\u00ebn: &#8211; Shqip\u00ebria e 158-ta p\u00ebr bujq\u00ebsin\u00eb\u2026 dhe e 138-ta p\u00ebr uj\u00ebrat e zeza"},"content":{"rendered":"<div class=\"readmore-text-here\">\n<div id=\"attachment_102999\" style=\"width: 674px\" class=\"wp-caption alignnone\"><img data-recalc-dims=\"1\" loading=\"lazy\" decoding=\"async\" aria-describedby=\"caption-attachment-102999\" data-attachment-id=\"102999\" data-permalink=\"https:\/\/www.shqiperia.com\/blog\/shifrat-rrezojne-ramen-shqiperia-e-158-ta-per-bujqesine-dhe-e-138-ta-per-ujerat-e-zeza\/edi-rama-2-37\/\" data-orig-file=\"https:\/\/i0.wp.com\/www.shqiperia.com\/blog\/wp-content\/uploads\/2026\/07\/Edi-Rama-2.jpg?fit=1051%2C931&amp;ssl=1\" data-orig-size=\"1051,931\" data-comments-opened=\"1\" data-image-meta=\"{&quot;aperture&quot;:&quot;0&quot;,&quot;credit&quot;:&quot;&quot;,&quot;camera&quot;:&quot;&quot;,&quot;caption&quot;:&quot;&quot;,&quot;created_timestamp&quot;:&quot;0&quot;,&quot;copyright&quot;:&quot;&quot;,&quot;focal_length&quot;:&quot;0&quot;,&quot;iso&quot;:&quot;0&quot;,&quot;shutter_speed&quot;:&quot;0&quot;,&quot;title&quot;:&quot;&quot;,&quot;orientation&quot;:&quot;0&quot;}\" data-image-title=\"Edi Rama\" data-image-description=\"\" data-image-caption=\"&lt;p&gt;Edi Rama&lt;\/p&gt;\n\" data-medium-file=\"https:\/\/i0.wp.com\/www.shqiperia.com\/blog\/wp-content\/uploads\/2026\/07\/Edi-Rama-2.jpg?fit=300%2C266&amp;ssl=1\" data-large-file=\"https:\/\/i0.wp.com\/www.shqiperia.com\/blog\/wp-content\/uploads\/2026\/07\/Edi-Rama-2.jpg?fit=1024%2C907&amp;ssl=1\" class=\" wp-image-102999\" alt=\"\" src=\"https:\/\/i0.wp.com\/www.shqiperia.com\/blog\/wp-content\/uploads\/2026\/07\/Edi-Rama-2.jpg?resize=664%2C589&#038;ssl=1\" width=\"664\" height=\"589\" srcset=\"https:\/\/i0.wp.com\/www.shqiperia.com\/blog\/wp-content\/uploads\/2026\/07\/Edi-Rama-2.jpg?resize=300%2C266&amp;ssl=1 300w, https:\/\/i0.wp.com\/www.shqiperia.com\/blog\/wp-content\/uploads\/2026\/07\/Edi-Rama-2.jpg?resize=1024%2C907&amp;ssl=1 1024w, https:\/\/i0.wp.com\/www.shqiperia.com\/blog\/wp-content\/uploads\/2026\/07\/Edi-Rama-2.jpg?resize=768%2C680&amp;ssl=1 768w, https:\/\/i0.wp.com\/www.shqiperia.com\/blog\/wp-content\/uploads\/2026\/07\/Edi-Rama-2.jpg?resize=450%2C399&amp;ssl=1 450w, https:\/\/i0.wp.com\/www.shqiperia.com\/blog\/wp-content\/uploads\/2026\/07\/Edi-Rama-2.jpg?resize=600%2C531&amp;ssl=1 600w, https:\/\/i0.wp.com\/www.shqiperia.com\/blog\/wp-content\/uploads\/2026\/07\/Edi-Rama-2.jpg?resize=400%2C354&amp;ssl=1 400w, https:\/\/i0.wp.com\/www.shqiperia.com\/blog\/wp-content\/uploads\/2026\/07\/Edi-Rama-2.jpg?w=1051&amp;ssl=1 1051w\" sizes=\"auto, (max-width: 664px) 100vw, 664px\" \/><p id=\"caption-attachment-102999\" class=\"wp-caption-text\">Edi Rama<\/p><\/div>\n<p>20 Korrik 2026<\/p>\n<p>P\u00ebrgjigje p\u00ebr Ram\u00ebn dhe shifrat e tij t\u00eb pav\u00ebrteta.<\/p>\n<p>N\u00eb pamje t\u00eb par\u00eb, vler\u00ebsimi i Indeksit t\u00eb Performanc\u00ebs Mjedisore (EPI 2026) nga Universiteti i Yale-it i propaganduar nga Rama dhe mediat pran\u00eb tij, duket si nj\u00eb sukses: Shqip\u00ebria renditet n\u00eb vendin e 46-t\u00eb n\u00eb bot\u00eb dhe e 1-ra n\u00eb Ballkanin Per\u00ebndimor.<\/p>\n<p>Por mjafton t\u00eb hap\u00ebsh t\u00eb dh\u00ebnat e detajuara t\u00eb vet\u00eb k\u00ebtij raporti p\u00ebr t\u00eb kuptuar se kjo rensitje nuk vjen nga pun\u00ebt e b\u00ebra mir\u00eb, por nga nj\u00eb avantazh natyror (energjia nga hidrocentralet) q\u00eb mbulon d\u00ebshtimet n\u00eb \u00e7do sektor tjet\u00ebr.<\/p>\n<p>Aty ku dora e shtetit dhe e politik\u00ebs duhet t\u00eb b\u00ebnte pun\u00ebn e vet, Shqip\u00ebria zhytet n\u00eb fundin e renditjes bot\u00ebrore&#8230;<\/p>\n<p>Po i marr me rradh\u00eb se me k\u00ebt\u00eb propagand\u00ebn e tyre na kan\u00eb lodhur, duke na shitur sapunin p\u00ebr djath.<\/p>\n<p>1. Bujq\u00ebsia: Vendi i 158-t\u00eb n\u00eb bot\u00eb!<\/p>\n<p>Sektori i bujq\u00ebsis\u00eb \u00ebsht\u00eb nd\u00ebr m\u00eb skandaloz\u00ebt n\u00eb t\u00eb gjith\u00eb raportin. Shqip\u00ebria merr vet\u00ebm 31.77 pik\u00eb duke u rrokullisur n\u00eb vendin e 158-t\u00eb:<\/p>\n<p>Ka probleme t\u00eb r\u00ebnda menaxhimi i Azotit (Sustainable Nitrogen Management): Vendi i 150-t\u00eb (23.67 pik\u00eb) pra tregon p\u00ebrdorim t\u00eb pakontrolluar t\u00eb plehrave kimike&#8230; Shqet\u00ebsim teprica e Fosforit (Phosphorus Surplus): Vendi i 139-t\u00eb (40.69 pik\u00eb).<\/p>\n<p>Po ashtu \u00ebsht\u00eb p\u00ebrkeq\u00ebsuar rreziku nga Pesticidet (Pesticide Pollution Risk) n\u00eb krahasim me.10 vite m\u00eb par\u00eb duke ngritur alarmin p\u00ebr rrezik t\u00eb lart\u00eb ndotjeje kimike n\u00eb produktet q\u00eb konsumojm\u00eb. (E dim\u00eb k\u00ebt\u00eb se jan\u00eb kapur disa her\u00eb ngaarkese me pesticde mbi norm\u00ebn)<\/p>\n<p>2. Uj\u00ebrat e Ndotura: Vendi i 138-t\u00eb n\u00eb bot\u00eb!<\/p>\n<p>Nd\u00ebrsa flasim p\u00ebr turiz\u00ebm elitar, trajtimi i uj\u00ebrave t\u00eb zeza (Wastewater Treatment) merr nj\u00eb vler\u00ebsim mjeran prej vet\u00ebm 12.72 pik\u00ebsh. Pjesa m\u00eb e madhe e uj\u00ebrave t\u00eb ndotura urbane vazhdojn\u00eb t\u00eb derdhen pa asnj\u00eb lloj filtrimi apo trajtimi n\u00eb lumenj, liqene dhe det.<\/p>\n<p>3. Cil\u00ebsia e Ajrit: Mbytje nga mikro-grimcat.<\/p>\n<p>Me vet\u00ebm 37.37 pik\u00eb (renditja 88), ajri q\u00eb thithim \u00e7do dit\u00eb mbetet nj\u00eb k\u00ebrc\u00ebnim i hapur p\u00ebr sh\u00ebndetin publik. Flota e vjet\u00ebr e automjeteve, nd\u00ebrtimet pa asnj\u00eb standard pluhuri dhe djegia e mbetjeve shkaktojn\u00eb \u00e7do vit s\u00ebmundje pulmonare e kardiovaskulare dhe vdekje t\u00eb parakohshme. Ne 10 vite, emetimi i dioksidit t\u00eb squfurir SO2 \u00ebsht\u00eb p\u00ebrkeq\u00ebsuar n\u00eb m\u00ebnyr\u00eb dramtike.<\/p>\n<p>4. Biodiversiteti dhe Habitatet: Shkat\u00ebrrimi i Natyr\u00ebs eshte p\u00ebrkeq\u00ebsuar.<\/p>\n<p>Edhe pse Shqip\u00ebria shquhet p\u00ebr pasuri natyrore, treguesit e mbrojtjes s\u00eb tyre jan\u00eb alarmues:<\/p>\n<p>Indeksi i Habitatit t\u00eb Biodiversitetit (Biodiversity Habitat Index): Vendi i 139-t\u00eb\u00a0 me vet\u00ebm 26.35 pik\u00eb.<\/p>\n<p>Q\u00ebndrueshm\u00ebria Ekologjike Bioklimatike (Bioclimatic Eco. Resilience): Vendi i 118-t\u00eb (25.99 pik\u00eb).<\/p>\n<p>Zonave t\u00eb Mbrojtura (Protected Area Conn. Index): Vendi i 90-t\u00eb (20.67 pik\u00eb), tregon se zonat e mbrojtura jan\u00eb t\u00eb fragmentuara dhe pa mbrojtje reale n\u00eb terren. Ndaj themi prej 50 ditesh anulo ligjin 21\/2024.<\/p>\n<p>Indeksi i List\u00ebs s\u00eb Kuqe p\u00ebr Speciet n\u00eb Rrezik (Red List Index): Vendi i 103-t\u00eb (48.69 pik\u00eb, me me regres prej -6.07)&#8230;. pra dhe at\u00eb moratoriumin q\u00eb e permende zotrote, shifrat reale ta rrezojn\u00eb.<\/p>\n<p>Ja pa propaganda e Edi Ram\u00ebs p\u00ebr &#8220;vendin e 46 n\u00eb bot\u00eb dhe t\u00eb 1 n\u00eb rajon&#8221; p\u00ebr indeksin e mjedisit, ku fsheh katastrof\u00ebn reale mjedisore n\u00eb Shqip\u00ebri.<\/p>\n<p>Ndaj mjaft me propagand\u00eb se m\u00eb shum\u00eb\u00a0 na shton inatin ne &#8220;sorrave&#8221;.<\/p>\n<div class=\"fotogaleri\">\n<div class=\"bx-wrapper\">\n<div class=\"bx-viewport\">\n<ul class=\"read-slider\">\n<li><a href=\"https:\/\/www.syri.net\/fotogaleria\/904371\/shifrat-rrezojne-ramen-shqiperia-e-158-ta-per-bujqesine-hellip-dhe-e-138-ta-per-ujerat-e-zeza\/\"><img data-recalc-dims=\"1\" loading=\"lazy\" decoding=\"async\" class=\"\" alt=\"\" src=\"https:\/\/i0.wp.com\/www.syri.net\/uploads\/syri.net\/images\/2026\/July\/20\/auto_745046098_10174982743740075_3941374625594992846_n1784561810.jpg?resize=762%2C633&#038;ssl=1\" width=\"762\" height=\"633\" \/><\/a><\/li>\n<\/ul>\n<\/div>\n<div class=\"bx-controls bx-has-pager bx-has-controls-direction\">\n<div class=\"bx-pager bx-default-pager\"><\/div>\n<\/div>\n<\/div>\n<\/div>\n<\/div>\n","protected":false},"excerpt":{"rendered":"<p>20 Korrik 2026 P\u00ebrgjigje p\u00ebr Ram\u00ebn dhe shifrat e tij t\u00eb pav\u00ebrteta. N\u00eb pamje t\u00eb par\u00eb, vler\u00ebsimi i Indeksit t\u00eb Performanc\u00ebs Mjedisore (EPI 2026) nga Universiteti i Yale-it i propaganduar nga Rama dhe mediat pran\u00eb tij, duket si nj\u00eb sukses: Shqip\u00ebria renditet n\u00eb vendin e 46-t\u00eb n\u00eb bot\u00eb dhe e 1-ra n\u00eb Ballkanin Per\u00ebndimor. Por [&hellip;]<\/p>\n","protected":false},"author":9,"featured_media":102999,"comment_status":"open","ping_status":"open","sticky":false,"template":"","format":"standard","meta":{"jetpack_post_was_ever_published":false,"_jetpack_newsletter_access":"","_jetpack_dont_email_post_to_subs":false,"_jetpack_newsletter_tier_id":0,"_jetpack_memberships_contains_paywalled_content":false,"_jetpack_memberships_contains_paid_content":false,"footnotes":"","jetpack_publicize_message":"","jetpack_publicize_feature_enabled":true,"jetpack_social_post_already_shared":true,"jetpack_social_options":{"image_generator_settings":{"template":"highway","default_image_id":0,"font":"","enabled":false},"version":2}},"categories":[27,1,2,35],"tags":[],"class_list":["post-102996","post","type-post","status-publish","format-standard","has-post-thumbnail","hentry","category-blogu-i-udhetarit","category-njoftime-shtypi","category-politika","category-shoqerore"],"jetpack_publicize_connections":[],"jetpack_featured_media_url":"https:\/\/i0.wp.com\/www.shqiperia.com\/blog\/wp-content\/uploads\/2026\/07\/Edi-Rama-2.jpg?fit=1051%2C931&ssl=1","jetpack_sharing_enabled":true,"jetpack_shortlink":"https:\/\/wp.me\/p5Z6wp-qNe","jetpack-related-posts":[{"id":104477,"url":"https:\/\/www.shqiperia.com\/blog\/toka-e-kushnerit-me-dokumente-false-gazeta-zvicerane-shkruan-per-te-hetuarin-e-droges-ramen-dhe-sazan-zvernecin\/","url_meta":{"origin":102996,"position":0},"title":"\u201cToka e Kushnerit\u201d, me dokumente false: &#8211; Gazeta zvicerane shkruan p\u00ebr t\u00eb hetuarin e drog\u00ebs, Ram\u00ebn dhe Sazan-Zv\u00ebrnecin","author":"Kurt Farka","date":"August 15, 2026","format":false,"excerpt":"15 Gusht 2026 Edhe gazeta zvicerane Tages-Anzeiger ka shkruar mbi prapaskenat e nj\u00eb prej projekteve t\u00eb luksit n\u00eb bregdetin shqiptar, ku kryq\u00ebzohen miliona dollar\u00eb, emra t\u00eb njohur nd\u00ebrkomb\u00ebtar\u00eb dhe figura t\u00eb bot\u00ebs s\u00eb krimit. N\u00eb qend\u00ebr t\u00eb shkrimit \u00ebsht\u00eb Artur Shehu \u2014 i k\u00ebrkuar nga drejt\u00ebsia dhe i akuzuar p\u00ebr\u2026","rel":"","context":"In &quot;Blogu i Udh\u00ebtarit&quot;","block_context":{"text":"Blogu i Udh\u00ebtarit","link":"https:\/\/www.shqiperia.com\/blog\/category\/blogu-i-udhetarit\/"},"img":{"alt_text":"","src":"https:\/\/i0.wp.com\/www.shqiperia.com\/blog\/wp-content\/uploads\/2026\/08\/Zvernec-Beach-1-2-1.jpg?fit=1024%2C723&ssl=1&resize=350%2C200","width":350,"height":200,"srcset":"https:\/\/i0.wp.com\/www.shqiperia.com\/blog\/wp-content\/uploads\/2026\/08\/Zvernec-Beach-1-2-1.jpg?fit=1024%2C723&ssl=1&resize=350%2C200 1x, https:\/\/i0.wp.com\/www.shqiperia.com\/blog\/wp-content\/uploads\/2026\/08\/Zvernec-Beach-1-2-1.jpg?fit=1024%2C723&ssl=1&resize=525%2C300 1.5x, https:\/\/i0.wp.com\/www.shqiperia.com\/blog\/wp-content\/uploads\/2026\/08\/Zvernec-Beach-1-2-1.jpg?fit=1024%2C723&ssl=1&resize=700%2C400 2x"},"classes":[]},{"id":100318,"url":"https:\/\/www.shqiperia.com\/blog\/u-propozua-si-ambasador-i-shba-ne-shqiperi-shkrimi-i-kostelancik-rama-mbrojti-aleaten-e-tij-balluku-ne-kuvend-lufta-antikorrupsion-ka-deshtuar\/","url_meta":{"origin":102996,"position":1},"title":"U propozua si ambasador i SHBA n\u00eb Shqip\u00ebri, shkrimi i Kostelancik: &#8211; Rama mbrojti aleaten e tij Balluku n\u00eb Kuvend, lufta antikorrupsion ka d\u00ebshtuar","author":"Kurt Farka","date":"May 15, 2026","format":false,"excerpt":"15 Maji 2026 Diplomati David J. Kostelancik, i cili u propozua nga Joe Biden n\u00eb koh\u00ebn kur ishte president i SHBA-s\u00eb p\u00ebr t\u00eb qen\u00eb ambasadori amerikan n\u00eb vendin ton\u00eb, por u refuzua nga Kongresi, i ka kushtuar nj\u00eb shkrim t\u00eb gjat\u00eb Shqip\u00ebris\u00eb. Kostelancik, n\u00eb shkrimin e tij bashk\u00eb me autorin\u2026","rel":"","context":"In &quot;Politika&quot;","block_context":{"text":"Politika","link":"https:\/\/www.shqiperia.com\/blog\/category\/politika\/"},"img":{"alt_text":"","src":"https:\/\/i0.wp.com\/www.shqiperia.com\/blog\/wp-content\/uploads\/2026\/05\/640-0-david-j-kostelancik-1704393273.jpg?fit=544%2C426&ssl=1&resize=350%2C200","width":350,"height":200,"srcset":"https:\/\/i0.wp.com\/www.shqiperia.com\/blog\/wp-content\/uploads\/2026\/05\/640-0-david-j-kostelancik-1704393273.jpg?fit=544%2C426&ssl=1&resize=350%2C200 1x, https:\/\/i0.wp.com\/www.shqiperia.com\/blog\/wp-content\/uploads\/2026\/05\/640-0-david-j-kostelancik-1704393273.jpg?fit=544%2C426&ssl=1&resize=525%2C300 1.5x"},"classes":[]},{"id":101752,"url":"https:\/\/www.shqiperia.com\/blog\/kerkohet-doreheqja-e-kryeministrit-hajdut-jo-e-donald-trumpit\/","url_meta":{"origin":102996,"position":2},"title":"K\u00ebrkohet dor\u00ebheqja e kryeministrit hajdut, jo e Donald Trumpit","author":"Kurt Farka","date":"June 24, 2026","format":false,"excerpt":"24 Qershor 2024 Nga: lir Dako Fjalimi i i Ram\u00ebs nuk ishte nj\u00eb akt komunikimi politik, por nj\u00eb seanc\u00eb vet\u00ebmbrojtjeje. Ai nuk foli p\u00ebr vendin, por p\u00ebr veten Dit\u00ebn e djeshme kryeministri shqiptar n\u00eb nj\u00eb or\u00eb e ca fjalim p\u00ebrball\u00eb deputet\u00ebve socialist\u00eb, por dhe publikut shqiptar rr\u00ebfeu panikun dhe frik\u00ebn\u2026","rel":"","context":"In &quot;Blogu i Udh\u00ebtarit&quot;","block_context":{"text":"Blogu i Udh\u00ebtarit","link":"https:\/\/www.shqiperia.com\/blog\/category\/blogu-i-udhetarit\/"},"img":{"alt_text":"","src":"https:\/\/i0.wp.com\/www.shqiperia.com\/blog\/wp-content\/uploads\/2026\/06\/BCO.e9f82224-1f6e-45fd-a51f-c26e5eed10f6-1024x570-1.png?fit=1024%2C570&ssl=1&resize=350%2C200","width":350,"height":200,"srcset":"https:\/\/i0.wp.com\/www.shqiperia.com\/blog\/wp-content\/uploads\/2026\/06\/BCO.e9f82224-1f6e-45fd-a51f-c26e5eed10f6-1024x570-1.png?fit=1024%2C570&ssl=1&resize=350%2C200 1x, https:\/\/i0.wp.com\/www.shqiperia.com\/blog\/wp-content\/uploads\/2026\/06\/BCO.e9f82224-1f6e-45fd-a51f-c26e5eed10f6-1024x570-1.png?fit=1024%2C570&ssl=1&resize=525%2C300 1.5x, https:\/\/i0.wp.com\/www.shqiperia.com\/blog\/wp-content\/uploads\/2026\/06\/BCO.e9f82224-1f6e-45fd-a51f-c26e5eed10f6-1024x570-1.png?fit=1024%2C570&ssl=1&resize=700%2C400 2x"},"classes":[]},{"id":104000,"url":"https:\/\/www.shqiperia.com\/blog\/rama-si-putini-lubonja-per-gazeten-franceze-krimi-i-organizuar-eshte-integruar-ne-qeveri-be-mbyll-syte\/","url_meta":{"origin":102996,"position":3},"title":"&#8216;Rama si Putini&#8217;\/ Lubonja p\u00ebr gazet\u00ebn franceze: &#8211; Krimi i organizuar \u00ebsht\u00eb integruar n\u00eb qeveri, BE mbyll syt\u00eb","author":"Kurt Farka","date":"August 8, 2026","format":false,"excerpt":"8 Gusht 2026 \u201cRevolucioni i flamingove\u201d vazhdon n\u00eb Shqip\u00ebri p\u00ebr t\u00eb protestuar kund\u00ebr nj\u00eb projekti imobiliar t\u00eb mb\u00ebshtetur nga Jared Kushner, dh\u00ebndri i Donald Trumpit. Nj\u00eb tjet\u00ebr protest\u00eb \u00ebsht\u00eb parashikuar n\u00eb Tiran\u00eb k\u00ebt\u00eb t\u00eb shtun\u00eb, m\u00eb 8 gusht. Sipas historianit shqiptar Fatos Lubonj\u00ebs, popullsia po shpreh kund\u00ebrshtimin ndaj regjimit kleptokratik\u2026","rel":"","context":"In &quot;Blogu i Udh\u00ebtarit&quot;","block_context":{"text":"Blogu i Udh\u00ebtarit","link":"https:\/\/www.shqiperia.com\/blog\/category\/blogu-i-udhetarit\/"},"img":{"alt_text":"","src":"https:\/\/i0.wp.com\/www.shqiperia.com\/blog\/wp-content\/uploads\/2026\/08\/auto_rama-51786175542.webp?fit=1000%2C600&ssl=1&resize=350%2C200","width":350,"height":200,"srcset":"https:\/\/i0.wp.com\/www.shqiperia.com\/blog\/wp-content\/uploads\/2026\/08\/auto_rama-51786175542.webp?fit=1000%2C600&ssl=1&resize=350%2C200 1x, https:\/\/i0.wp.com\/www.shqiperia.com\/blog\/wp-content\/uploads\/2026\/08\/auto_rama-51786175542.webp?fit=1000%2C600&ssl=1&resize=525%2C300 1.5x, https:\/\/i0.wp.com\/www.shqiperia.com\/blog\/wp-content\/uploads\/2026\/08\/auto_rama-51786175542.webp?fit=1000%2C600&ssl=1&resize=700%2C400 2x"},"classes":[]},{"id":102464,"url":"https:\/\/www.shqiperia.com\/blog\/dokumenti-i-klasifikuar-i-cia-s-dhe-dea-s-per-trafikun-e-droges-dhe-llogarite-ne-dubai-qe-po-detyrojne-edi-ramen\/","url_meta":{"origin":102996,"position":4},"title":"Dokumenti i klasifikuar i CIA-s dhe DEA-s p\u00ebr trafikun e drog\u00ebs dhe llogarit\u00eb n\u00eb Dubai q\u00eb po detyrojn\u00eb Edi Ram\u00ebn\u2026","author":"Kurt Farka","date":"July 10, 2026","format":false,"excerpt":"10 Korrik 2026 Gazetari Robert Papa ka b\u00ebr\u00eb nj\u00eb analiz\u00eb n\u00eb emisionin \u201cFokus Tv\u201d, ku \u00ebsht\u00eb ndalur te Samiti i NATO-s n\u00eb Ankara, pjes\u00ebmarrja e kryeministrit Edi Rama dhe zhvillimet q\u00eb lidhen me Presidentin amerikan Donald Trump dhe Presidentin turk Recep Tayyip Erdogan. Papa \u00ebsht\u00eb ndalur te pjes\u00ebmarrja e Ram\u00ebs\u2026","rel":"","context":"In &quot;Blogu i Udh\u00ebtarit&quot;","block_context":{"text":"Blogu i Udh\u00ebtarit","link":"https:\/\/www.shqiperia.com\/blog\/category\/blogu-i-udhetarit\/"},"img":{"alt_text":"","src":"https:\/\/i0.wp.com\/www.shqiperia.com\/blog\/wp-content\/uploads\/2026\/07\/jbbhb.jpg?fit=511%2C356&ssl=1&resize=350%2C200","width":350,"height":200},"classes":[]},{"id":104872,"url":"https:\/\/www.shqiperia.com\/blog\/perplasja-ne-vuno-gazetari-denoncon-linda-dhe-edi-ramen-udheruan-shoqerimin-tim-ne-polici\/","url_meta":{"origin":102996,"position":5},"title":"&#8216;P\u00ebrplasja n\u00eb Vuno&#8217;\/ Gazetari denoncon Linda dhe Edi Ram\u00ebn: &#8211; Udh\u00ebruan shoq\u00ebrimin tim n\u00eb polici","author":"Kurt Farka","date":"August 21, 2026","format":false,"excerpt":"21 Gusht 2026. Nj\u00eb incident ka ndodhur k\u00ebt\u00eb t\u00eb enjte n\u00eb fshatin Vuno. Gazetari dhe publicisti Arjan Konomi \u00ebsht\u00eb p\u00ebrplasur me truprojat dhe forcat e policis\u00eb q\u00eb shoq\u00ebronin kryeministrin Edi Rama. Konomi \u00ebsht\u00eb banor i Vunoit dhe shpesh n\u00eb rrjetet sociale ankohet p\u00ebr sjelljen e policis\u00eb s\u00eb shtetit q\u00eb gjobit\u2026","rel":"","context":"In &quot;Blogu i Udh\u00ebtarit&quot;","block_context":{"text":"Blogu i Udh\u00ebtarit","link":"https:\/\/www.shqiperia.com\/blog\/category\/blogu-i-udhetarit\/"},"img":{"alt_text":"","src":"https:\/\/i0.wp.com\/www.shqiperia.com\/blog\/wp-content\/uploads\/2026\/08\/auto_konomia-6a875dfadbabf1787263478.png?fit=900%2C579&ssl=1&resize=350%2C200","width":350,"height":200,"srcset":"https:\/\/i0.wp.com\/www.shqiperia.com\/blog\/wp-content\/uploads\/2026\/08\/auto_konomia-6a875dfadbabf1787263478.png?fit=900%2C579&ssl=1&resize=350%2C200 1x, https:\/\/i0.wp.com\/www.shqiperia.com\/blog\/wp-content\/uploads\/2026\/08\/auto_konomia-6a875dfadbabf1787263478.png?fit=900%2C579&ssl=1&resize=525%2C300 1.5x, https:\/\/i0.wp.com\/www.shqiperia.com\/blog\/wp-content\/uploads\/2026\/08\/auto_konomia-6a875dfadbabf1787263478.png?fit=900%2C579&ssl=1&resize=700%2C400 2x"},"classes":[]}],"_links":{"self":[{"href":"https:\/\/www.shqiperia.com\/blog\/wp-json\/wp\/v2\/posts\/102996","targetHints":{"allow":["GET"]}}],"collection":[{"href":"https:\/\/www.shqiperia.com\/blog\/wp-json\/wp\/v2\/posts"}],"about":[{"href":"https:\/\/www.shqiperia.com\/blog\/wp-json\/wp\/v2\/types\/post"}],"author":[{"embeddable":true,"href":"https:\/\/www.shqiperia.com\/blog\/wp-json\/wp\/v2\/users\/9"}],"replies":[{"embeddable":true,"href":"https:\/\/www.shqiperia.com\/blog\/wp-json\/wp\/v2\/comments?post=102996"}],"version-history":[{"count":1,"href":"https:\/\/www.shqiperia.com\/blog\/wp-json\/wp\/v2\/posts\/102996\/revisions"}],"predecessor-version":[{"id":103000,"href":"https:\/\/www.shqiperia.com\/blog\/wp-json\/wp\/v2\/posts\/102996\/revisions\/103000"}],"wp:featuredmedia":[{"embeddable":true,"href":"https:\/\/www.shqiperia.com\/blog\/wp-json\/wp\/v2\/media\/102999"}],"wp:attachment":[{"href":"https:\/\/www.shqiperia.com\/blog\/wp-json\/wp\/v2\/media?parent=102996"}],"wp:term":[{"taxonomy":"category","embeddable":true,"href":"https:\/\/www.shqiperia.com\/blog\/wp-json\/wp\/v2\/categories?post=102996"},{"taxonomy":"post_tag","embeddable":true,"href":"https:\/\/www.shqiperia.com\/blog\/wp-json\/wp\/v2\/tags?post=102996"}],"curies":[{"name":"wp","href":"https:\/\/api.w.org\/{rel}","templated":true}]}}