{"id":102970,"date":"2026-07-20T20:32:42","date_gmt":"2026-07-20T20:32:42","guid":{"rendered":"https:\/\/www.shqiperia.com\/blog\/?p=102970"},"modified":"2026-07-20T20:32:42","modified_gmt":"2026-07-20T20:32:42","slug":"ne-jemi-shqiponja-sorre-eshte-edi-rama-protestuesi-i-pergjigjet-kryeministrit-do-te-mbrojme-cdo-pasuri","status":"publish","type":"post","link":"https:\/\/www.shqiperia.com\/blog\/ne-jemi-shqiponja-sorre-eshte-edi-rama-protestuesi-i-pergjigjet-kryeministrit-do-te-mbrojme-cdo-pasuri\/","title":{"rendered":"\u201cNe jemi shqiponja, sorr\u00eb \u00ebsht\u00eb Edi Rama\u201d\/ Protestuesi i p\u00ebrgjigjet kryeministrit: Do t\u00eb mbrojm\u00eb \u00e7do pasuri\u2026"},"content":{"rendered":"<p><img data-recalc-dims=\"1\" loading=\"lazy\" decoding=\"async\" data-attachment-id=\"102971\" data-permalink=\"https:\/\/www.shqiperia.com\/blog\/ne-jemi-shqiponja-sorre-eshte-edi-rama-protestuesi-i-pergjigjet-kryeministrit-do-te-mbrojme-cdo-pasuri\/protesss-719x450-1\/\" data-orig-file=\"https:\/\/i0.wp.com\/www.shqiperia.com\/blog\/wp-content\/uploads\/2026\/07\/protesss-719x450-1.jpg?fit=719%2C450&amp;ssl=1\" data-orig-size=\"719,450\" data-comments-opened=\"1\" data-image-meta=\"{&quot;aperture&quot;:&quot;0&quot;,&quot;credit&quot;:&quot;Redaksia&quot;,&quot;camera&quot;:&quot;&quot;,&quot;caption&quot;:&quot;&quot;,&quot;created_timestamp&quot;:&quot;1784576291&quot;,&quot;copyright&quot;:&quot;&quot;,&quot;focal_length&quot;:&quot;0&quot;,&quot;iso&quot;:&quot;0&quot;,&quot;shutter_speed&quot;:&quot;0&quot;,&quot;title&quot;:&quot;&quot;,&quot;orientation&quot;:&quot;0&quot;}\" data-image-title=\"protesss-719&#215;450-1\" data-image-description=\"\" data-image-caption=\"\" data-medium-file=\"https:\/\/i0.wp.com\/www.shqiperia.com\/blog\/wp-content\/uploads\/2026\/07\/protesss-719x450-1.jpg?fit=300%2C188&amp;ssl=1\" data-large-file=\"https:\/\/i0.wp.com\/www.shqiperia.com\/blog\/wp-content\/uploads\/2026\/07\/protesss-719x450-1.jpg?fit=719%2C450&amp;ssl=1\" class=\"alignnone  wp-image-102971\" alt=\"\" src=\"https:\/\/i0.wp.com\/www.shqiperia.com\/blog\/wp-content\/uploads\/2026\/07\/protesss-719x450-1.jpg?resize=681%2C427&#038;ssl=1\" width=\"681\" height=\"427\" srcset=\"https:\/\/i0.wp.com\/www.shqiperia.com\/blog\/wp-content\/uploads\/2026\/07\/protesss-719x450-1.jpg?resize=300%2C188&amp;ssl=1 300w, https:\/\/i0.wp.com\/www.shqiperia.com\/blog\/wp-content\/uploads\/2026\/07\/protesss-719x450-1.jpg?resize=450%2C282&amp;ssl=1 450w, https:\/\/i0.wp.com\/www.shqiperia.com\/blog\/wp-content\/uploads\/2026\/07\/protesss-719x450-1.jpg?resize=600%2C376&amp;ssl=1 600w, https:\/\/i0.wp.com\/www.shqiperia.com\/blog\/wp-content\/uploads\/2026\/07\/protesss-719x450-1.jpg?resize=400%2C250&amp;ssl=1 400w, https:\/\/i0.wp.com\/www.shqiperia.com\/blog\/wp-content\/uploads\/2026\/07\/protesss-719x450-1.jpg?w=719&amp;ssl=1 719w\" sizes=\"auto, (max-width: 681px) 100vw, 681px\" \/><\/p>\n<p>20 Korrik 2026]<\/p>\n<p>Nj\u00eb i moshuar teksa ka marr\u00eb pjes\u00eb n\u00eb protest\u00ebn e 51-t\u00eb kund\u00ebr qeveris\u00eb i \u00ebsht\u00eb p\u00ebrgjigjur kryeministrit Edi Rama, i cili i etiketoi protestuesit si sorra, duke th\u00ebn\u00eb se shqiptar\u00ebt jan\u00eb shqiponja dhe sorr\u00eb \u00ebsht\u00eb ai vet\u00eb.<br \/>\nI moshuari ngriti edhe problemin e shpopullimit dhe tha se shqiptar\u00ebt po z\u00ebvend\u00ebsohen me njer\u00ebz nga Afrika dhe Azia.<\/p>\n<p>\u201cNe jemi Shqiponja, sorra dhe korba jan\u00eb Edi Rama dhe ata q\u00eb e pasojn\u00eb. Vij n\u00eb protest\u00eb t\u00eb mb\u00ebshtes rinin\u00eb e mrekullueshme q\u00eb po i jep m\u00ebsim dhe Europ\u00ebs.<br \/>\nKy vend \u00ebsht\u00eb goditur nga politikat sorosiane dhe nga establishmenti Rama-Berisha.<br \/>\nEdhe Elom Musk ia transformuan f\u00ebmij\u00ebn, por jam kund\u00ebr nd\u00ebrhyrjeve, shoq\u00ebria shqiptare duhet t\u00eb ruaj\u00eb tradit\u00ebn sepse ato e kan\u00eb ruajtuar nga shfarosja.<\/p>\n<p>Edhe perandorit\u00eb nuk e kan\u00eb b\u00ebr\u00eb, duhet t\u00eb mbrojm\u00eb pasurit\u00eb tona, qeveria ka v\u00ebn\u00eb dor\u00eb mbi \u00e7do pasuri e sot k\u00ebrkon t\u00eb zhduk\u00eb popullin dhe t\u00eb sjell\u00eb skllev\u00ebr nga Azia dhe Afrika\u201d, tha ai.<\/p>\n","protected":false},"excerpt":{"rendered":"<p>20 Korrik 2026] Nj\u00eb i moshuar teksa ka marr\u00eb pjes\u00eb n\u00eb protest\u00ebn e 51-t\u00eb kund\u00ebr qeveris\u00eb i \u00ebsht\u00eb p\u00ebrgjigjur kryeministrit Edi Rama, i cili i etiketoi protestuesit si sorra, duke th\u00ebn\u00eb se shqiptar\u00ebt jan\u00eb shqiponja dhe sorr\u00eb \u00ebsht\u00eb ai vet\u00eb. I moshuari ngriti edhe problemin e shpopullimit dhe tha se shqiptar\u00ebt po z\u00ebvend\u00ebsohen me njer\u00ebz [&hellip;]<\/p>\n","protected":false},"author":9,"featured_media":102971,"comment_status":"open","ping_status":"open","sticky":false,"template":"","format":"standard","meta":{"jetpack_post_was_ever_published":false,"_jetpack_newsletter_access":"","_jetpack_dont_email_post_to_subs":false,"_jetpack_newsletter_tier_id":0,"_jetpack_memberships_contains_paywalled_content":false,"_jetpack_memberships_contains_paid_content":false,"footnotes":"","jetpack_publicize_message":"","jetpack_publicize_feature_enabled":true,"jetpack_social_post_already_shared":true,"jetpack_social_options":{"image_generator_settings":{"template":"highway","default_image_id":0,"font":"","enabled":false},"version":2}},"categories":[27,1,2,35],"tags":[],"class_list":["post-102970","post","type-post","status-publish","format-standard","has-post-thumbnail","hentry","category-blogu-i-udhetarit","category-njoftime-shtypi","category-politika","category-shoqerore"],"jetpack_publicize_connections":[],"jetpack_featured_media_url":"https:\/\/i0.wp.com\/www.shqiperia.com\/blog\/wp-content\/uploads\/2026\/07\/protesss-719x450-1.jpg?fit=719%2C450&ssl=1","jetpack_sharing_enabled":true,"jetpack_shortlink":"https:\/\/wp.me\/p5Z6wp-qMO","jetpack-related-posts":[{"id":101224,"url":"https:\/\/www.shqiperia.com\/blog\/atdheu-nuk-eshte-ne-shitje-diaspora-ne-proteste-para-ke-se-mesazh-rames-2-mln-shuplaka-do-te-vijne-nga-shqiptaret\/","url_meta":{"origin":102970,"position":0},"title":"\u2018Atdheu nuk \u00ebsht\u00eb n\u00eb shitje\u2019\/ Diaspora n\u00eb protest\u00eb para KE-s\u00eb, mesazh Ram\u00ebs: 2 mln shuplaka do t\u00eb vijn\u00eb nga shqiptar\u00ebt","author":"Kurt Farka","date":"June 7, 2026","format":false,"excerpt":"7 Qershor 2026 Shqiptar\u00ebt n\u00eb Belgjik\u00eb jan\u00eb mbledhur n\u00eb nj\u00eb protest\u00eb para Komisionit Evropian n\u00eb Bruksel, ku kan\u00eb shprehur pak\u00ebnaq\u00ebsi ndaj qeveris\u00eb shqiptare dhe kryeministrit Edi Rama. Gjat\u00eb tubimit, nj\u00eb qytetar \u00ebsht\u00eb drejtuar me nj\u00eb deklarat\u00eb t\u00eb fort\u00eb, duke th\u00ebn\u00eb: \u201cEdi Rama, jemi k\u00ebtu te Komisioni Evropian dhe t\u00eb themi\u2026","rel":"","context":"In &quot;Politika&quot;","block_context":{"text":"Politika","link":"https:\/\/www.shqiperia.com\/blog\/category\/politika\/"},"img":{"alt_text":"","src":"https:\/\/i0.wp.com\/www.shqiperia.com\/blog\/wp-content\/uploads\/2026\/06\/717496391_10162297097486750_4180449509377541794_n-1068x801-1-768x576-1-768x570-1.jpg?fit=768%2C570&ssl=1&resize=350%2C200","width":350,"height":200,"srcset":"https:\/\/i0.wp.com\/www.shqiperia.com\/blog\/wp-content\/uploads\/2026\/06\/717496391_10162297097486750_4180449509377541794_n-1068x801-1-768x576-1-768x570-1.jpg?fit=768%2C570&ssl=1&resize=350%2C200 1x, https:\/\/i0.wp.com\/www.shqiperia.com\/blog\/wp-content\/uploads\/2026\/06\/717496391_10162297097486750_4180449509377541794_n-1068x801-1-768x576-1-768x570-1.jpg?fit=768%2C570&ssl=1&resize=525%2C300 1.5x, https:\/\/i0.wp.com\/www.shqiperia.com\/blog\/wp-content\/uploads\/2026\/06\/717496391_10162297097486750_4180449509377541794_n-1068x801-1-768x576-1-768x570-1.jpg?fit=768%2C570&ssl=1&resize=700%2C400 2x"},"classes":[]},{"id":102262,"url":"https:\/\/www.shqiperia.com\/blog\/mijera-pergjime-fbi-i-ka-qepur-dosjen-edi-rames-dhe-bashkepunetoreve-te-tij-nen-monitorim\/","url_meta":{"origin":102970,"position":1},"title":"Mij\u00ebra p\u00ebrgjime,  FBI i ka qepur dosjen Edi Ram\u00ebs dhe bashk\u00ebpun\u00ebtor\u00ebve t\u00eb tij, n\u00ebn monitorim\u2026","author":"Kurt Farka","date":"July 5, 2026","format":false,"excerpt":"5 Korrik 2026 Gazetari Robert Papa pretendon se \u00e7do dit\u00eb dalin mij\u00ebra dosje p\u00ebrgjimesh p\u00ebr miliarda dollar\u00eb t\u00eb kapura n\u00eb Zvic\u00ebr e Dubai dhe se libri \u201cAlbanian files\u201d ka si q\u00ebllim d\u00ebrgimin e kryeministrit n\u00eb burg. Papa shprehet se Rama ka futur njer\u00ebz nga Banka e Shqip\u00ebris\u00eb te SPAK p\u00ebr\u2026","rel":"","context":"In &quot;Blogu i Udh\u00ebtarit&quot;","block_context":{"text":"Blogu i Udh\u00ebtarit","link":"https:\/\/www.shqiperia.com\/blog\/category\/blogu-i-udhetarit\/"},"img":{"alt_text":"","src":"https:\/\/i0.wp.com\/www.shqiperia.com\/blog\/wp-content\/uploads\/2026\/07\/foto-2-rama-papa-pergjime-FBI-AI-1140x570-2.jpg?fit=1140%2C570&ssl=1&resize=350%2C200","width":350,"height":200,"srcset":"https:\/\/i0.wp.com\/www.shqiperia.com\/blog\/wp-content\/uploads\/2026\/07\/foto-2-rama-papa-pergjime-FBI-AI-1140x570-2.jpg?fit=1140%2C570&ssl=1&resize=350%2C200 1x, https:\/\/i0.wp.com\/www.shqiperia.com\/blog\/wp-content\/uploads\/2026\/07\/foto-2-rama-papa-pergjime-FBI-AI-1140x570-2.jpg?fit=1140%2C570&ssl=1&resize=525%2C300 1.5x, https:\/\/i0.wp.com\/www.shqiperia.com\/blog\/wp-content\/uploads\/2026\/07\/foto-2-rama-papa-pergjime-FBI-AI-1140x570-2.jpg?fit=1140%2C570&ssl=1&resize=700%2C400 2x, https:\/\/i0.wp.com\/www.shqiperia.com\/blog\/wp-content\/uploads\/2026\/07\/foto-2-rama-papa-pergjime-FBI-AI-1140x570-2.jpg?fit=1140%2C570&ssl=1&resize=1050%2C600 3x"},"classes":[]},{"id":101766,"url":"https:\/\/www.shqiperia.com\/blog\/kryeministri-edi-rama-i-quan-shqiptaret-e-kosoves-dhe-maqedonise-se-veriut-qe-moren-pjese-ne-protestehordhi-pushtuese\/","url_meta":{"origin":102970,"position":2},"title":"Kryeministri Edi Rama i quan shqiptar\u00ebt e Kosov\u00ebs dhe Maqedonis\u00eb s\u00eb Veriut q\u00eb mor\u00ebn pjes\u00eb n\u00eb protest\u00eb,\u2018Hordhi pushtuese\u2019","author":"Kurt Farka","date":"June 24, 2026","format":false,"excerpt":"Ai shkoi m\u00eb tej duke e cil\u00ebsuar p\u00ebrdorimin e flamurit t\u00eb U\u00c7K-s\u00eb n\u00eb protest\u00eb si \u201cp\u00ebrdhosje\u201d, duke e paraqitur at\u00eb jo si simbol komb\u00ebtar apo politik, por si instrument urrejtjeje kund\u00ebr qeveris\u00eb s\u00eb Tiran\u00ebs. Ai p\u00ebrdori vazhdimisht terma p\u00ebr\u00e7mues p\u00ebr aktivist\u00ebt e lidhur me Vet\u00ebvendosjen, edhe pse n\u00eb fund ai\u2026","rel":"","context":"In &quot;Blogu i Udh\u00ebtarit&quot;","block_context":{"text":"Blogu i Udh\u00ebtarit","link":"https:\/\/www.shqiperia.com\/blog\/category\/blogu-i-udhetarit\/"},"img":{"alt_text":"","src":"https:\/\/i0.wp.com\/www.shqiperia.com\/blog\/wp-content\/uploads\/2026\/06\/Edi-Rama2-1440x960-1.jpg?fit=1200%2C800&ssl=1&resize=350%2C200","width":350,"height":200,"srcset":"https:\/\/i0.wp.com\/www.shqiperia.com\/blog\/wp-content\/uploads\/2026\/06\/Edi-Rama2-1440x960-1.jpg?fit=1200%2C800&ssl=1&resize=350%2C200 1x, https:\/\/i0.wp.com\/www.shqiperia.com\/blog\/wp-content\/uploads\/2026\/06\/Edi-Rama2-1440x960-1.jpg?fit=1200%2C800&ssl=1&resize=525%2C300 1.5x, https:\/\/i0.wp.com\/www.shqiperia.com\/blog\/wp-content\/uploads\/2026\/06\/Edi-Rama2-1440x960-1.jpg?fit=1200%2C800&ssl=1&resize=700%2C400 2x, https:\/\/i0.wp.com\/www.shqiperia.com\/blog\/wp-content\/uploads\/2026\/06\/Edi-Rama2-1440x960-1.jpg?fit=1200%2C800&ssl=1&resize=1050%2C600 3x"},"classes":[]},{"id":102015,"url":"https:\/\/www.shqiperia.com\/blog\/eurodeputetja-gjermane-paulus-edi-rama-me-dergoi-email-per-te-mos-votuar-amendamentin-zeri-i-protestes-do-shkoje-ne-bruksel\/","url_meta":{"origin":102970,"position":3},"title":"Eurodeputetja gjermane Paulus: &#8211; Edi Rama m\u00eb d\u00ebrgoi email p\u00ebr t\u00eb mos votuar amendamentin! &#8211; Z\u00ebri i protest\u00ebs do shkoj\u00eb n\u00eb Bruksel!","author":"Kurt Farka","date":"June 30, 2026","format":false,"excerpt":"30 Qershor 2026 N\u00eb protest\u00ebn masive p\u00ebrpara Kryeministris\u00eb ka marr\u00eb fjal\u00ebn edhe eurodeputetja gjermane, Jutta Paulus, e cila ka l\u00ebshuar akuza t\u00eb drejtp\u00ebrdrejta ndaj kryeministrit Edi Rama, duke zbuluar edhe nj\u00eb prapasken\u00eb nga Brukseli. Ajo p\u00ebrg\u00ebzoi qytetar\u00ebt p\u00ebr q\u00ebndres\u00ebn dhe theksoi se pasurit\u00eb natyrore t\u00eb vendit nuk mund t\u00eb shkat\u00ebrrohen\u2026","rel":"","context":"In &quot;Blogu i Udh\u00ebtarit&quot;","block_context":{"text":"Blogu i Udh\u00ebtarit","link":"https:\/\/www.shqiperia.com\/blog\/category\/blogu-i-udhetarit\/"},"img":{"alt_text":"","src":"https:\/\/i0.wp.com\/www.shqiperia.com\/blog\/wp-content\/uploads\/2026\/06\/456456546456.jpg?fit=1049%2C555&ssl=1&resize=350%2C200","width":350,"height":200,"srcset":"https:\/\/i0.wp.com\/www.shqiperia.com\/blog\/wp-content\/uploads\/2026\/06\/456456546456.jpg?fit=1049%2C555&ssl=1&resize=350%2C200 1x, https:\/\/i0.wp.com\/www.shqiperia.com\/blog\/wp-content\/uploads\/2026\/06\/456456546456.jpg?fit=1049%2C555&ssl=1&resize=525%2C300 1.5x, https:\/\/i0.wp.com\/www.shqiperia.com\/blog\/wp-content\/uploads\/2026\/06\/456456546456.jpg?fit=1049%2C555&ssl=1&resize=700%2C400 2x"},"classes":[]},{"id":105244,"url":"https:\/\/www.shqiperia.com\/blog\/spartak-ngjela-shqiperia-ende-nuk-po-drejtohet-nga-patrotizmi-shqiptar-por-nga-ish-renegatet-shqiptare\/","url_meta":{"origin":102970,"position":4},"title":"Spartak Ngjela: &#8211; Shqip\u00ebria ende nuk po drejtohet nga patrotizmi shqiptar, por nga ish renegatet shqiptar\u00eb","author":"Kurt Farka","date":"August 26, 2026","format":false,"excerpt":"26 Gusht 2026 Spartak Ngjela zb\u00ebrthen prapaskenat e forta dhe nxjerr zbuluar loj\u00ebn e Tiran\u00ebs, ja si frika nga SHBA dhe faktorizimi i shqiptar\u00ebve ka trembur Edi Ram\u00ebn Avokat i njohur, Spartak Ngjela ka zb\u00ebrthyer prapaskenat e forta politike, duke nxjerr\u00eb zbuluar loj\u00ebn e Tiran\u00ebs zyrtare dhe frik\u00ebn e saj\u2026","rel":"","context":"In &quot;Kultura&quot;","block_context":{"text":"Kultura","link":"https:\/\/www.shqiperia.com\/blog\/category\/kultura\/"},"img":{"alt_text":"","src":"https:\/\/i0.wp.com\/www.shqiperia.com\/blog\/wp-content\/uploads\/2026\/08\/ajdss-6a8ea84e2f7cd-1.png?fit=622%2C386&ssl=1&resize=350%2C200","width":350,"height":200,"srcset":"https:\/\/i0.wp.com\/www.shqiperia.com\/blog\/wp-content\/uploads\/2026\/08\/ajdss-6a8ea84e2f7cd-1.png?fit=622%2C386&ssl=1&resize=350%2C200 1x, https:\/\/i0.wp.com\/www.shqiperia.com\/blog\/wp-content\/uploads\/2026\/08\/ajdss-6a8ea84e2f7cd-1.png?fit=622%2C386&ssl=1&resize=525%2C300 1.5x"},"classes":[]},{"id":104559,"url":"https:\/\/www.shqiperia.com\/blog\/sonte-qytetaret-dhe-pjesetaret-e-diaspores-pritet-te-mblidhen-serish-ne-shesh\/","url_meta":{"origin":102970,"position":5},"title":"Sonte qytetar\u00ebt dhe pjes\u00ebtar\u00ebt e diaspor\u00ebs pritet t\u00eb mblidhen s\u00ebrish n\u00eb shesh","author":"Kurt Farka","date":"August 16, 2026","format":false,"excerpt":"16 Gusht 2026 Protesta e 78-t\u00eb masive kund\u00ebr qeveris\u00eb dhe kryeministrit, diaspora i bashkohet s\u00ebrish sot qytetar\u00ebve n\u00eb shesh: Rama, jep dor\u00ebheqjen! Protesta qytetare kund\u00ebr qeveris\u00eb dhe kryeministrit Edi Rama sh\u00ebnon sot, 16 gusht, dit\u00ebn e 78-t\u00eb t\u00eb saj, nd\u00ebrsa n\u00eb shesh pritet s\u00ebrish nj\u00eb pjes\u00ebmarrje e konsiderueshme edhe nga\u2026","rel":"","context":"In &quot;Blogu i Udh\u00ebtarit&quot;","block_context":{"text":"Blogu i Udh\u00ebtarit","link":"https:\/\/www.shqiperia.com\/blog\/category\/blogu-i-udhetarit\/"},"img":{"alt_text":"","src":"https:\/\/i0.wp.com\/www.shqiperia.com\/blog\/wp-content\/uploads\/2026\/08\/protesta-dita-e-77-diaspora-14.jpeg?fit=1200%2C900&ssl=1&resize=350%2C200","width":350,"height":200,"srcset":"https:\/\/i0.wp.com\/www.shqiperia.com\/blog\/wp-content\/uploads\/2026\/08\/protesta-dita-e-77-diaspora-14.jpeg?fit=1200%2C900&ssl=1&resize=350%2C200 1x, https:\/\/i0.wp.com\/www.shqiperia.com\/blog\/wp-content\/uploads\/2026\/08\/protesta-dita-e-77-diaspora-14.jpeg?fit=1200%2C900&ssl=1&resize=525%2C300 1.5x, https:\/\/i0.wp.com\/www.shqiperia.com\/blog\/wp-content\/uploads\/2026\/08\/protesta-dita-e-77-diaspora-14.jpeg?fit=1200%2C900&ssl=1&resize=700%2C400 2x, https:\/\/i0.wp.com\/www.shqiperia.com\/blog\/wp-content\/uploads\/2026\/08\/protesta-dita-e-77-diaspora-14.jpeg?fit=1200%2C900&ssl=1&resize=1050%2C600 3x"},"classes":[]}],"_links":{"self":[{"href":"https:\/\/www.shqiperia.com\/blog\/wp-json\/wp\/v2\/posts\/102970","targetHints":{"allow":["GET"]}}],"collection":[{"href":"https:\/\/www.shqiperia.com\/blog\/wp-json\/wp\/v2\/posts"}],"about":[{"href":"https:\/\/www.shqiperia.com\/blog\/wp-json\/wp\/v2\/types\/post"}],"author":[{"embeddable":true,"href":"https:\/\/www.shqiperia.com\/blog\/wp-json\/wp\/v2\/users\/9"}],"replies":[{"embeddable":true,"href":"https:\/\/www.shqiperia.com\/blog\/wp-json\/wp\/v2\/comments?post=102970"}],"version-history":[{"count":1,"href":"https:\/\/www.shqiperia.com\/blog\/wp-json\/wp\/v2\/posts\/102970\/revisions"}],"predecessor-version":[{"id":102972,"href":"https:\/\/www.shqiperia.com\/blog\/wp-json\/wp\/v2\/posts\/102970\/revisions\/102972"}],"wp:featuredmedia":[{"embeddable":true,"href":"https:\/\/www.shqiperia.com\/blog\/wp-json\/wp\/v2\/media\/102971"}],"wp:attachment":[{"href":"https:\/\/www.shqiperia.com\/blog\/wp-json\/wp\/v2\/media?parent=102970"}],"wp:term":[{"taxonomy":"category","embeddable":true,"href":"https:\/\/www.shqiperia.com\/blog\/wp-json\/wp\/v2\/categories?post=102970"},{"taxonomy":"post_tag","embeddable":true,"href":"https:\/\/www.shqiperia.com\/blog\/wp-json\/wp\/v2\/tags?post=102970"}],"curies":[{"name":"wp","href":"https:\/\/api.w.org\/{rel}","templated":true}]}}