{"id":102964,"date":"2026-07-20T15:37:48","date_gmt":"2026-07-20T15:37:48","guid":{"rendered":"https:\/\/www.shqiperia.com\/blog\/?p=102964"},"modified":"2026-07-20T15:37:48","modified_gmt":"2026-07-20T15:37:48","slug":"flaket-pushtojne-pyjet-e-iballes-kerkohet-nderhyrja-me-helikopter","status":"publish","type":"post","link":"https:\/\/www.shqiperia.com\/blog\/flaket-pushtojne-pyjet-e-iballes-kerkohet-nderhyrja-me-helikopter\/","title":{"rendered":"Flak\u00ebt pushtojn\u00eb pyjet e Iball\u00ebs! K\u00ebrkohet nd\u00ebrhyrja me helikopter"},"content":{"rendered":"<p><img data-recalc-dims=\"1\" loading=\"lazy\" decoding=\"async\" data-attachment-id=\"102965\" data-permalink=\"https:\/\/www.shqiperia.com\/blog\/flaket-pushtojne-pyjet-e-iballes-kerkohet-nderhyrja-me-helikopter\/zjarr-mal-skenderaj\/\" data-orig-file=\"https:\/\/i0.wp.com\/www.shqiperia.com\/blog\/wp-content\/uploads\/2026\/07\/zjarr-mal-skenderaj.jpg?fit=1600%2C1200&amp;ssl=1\" data-orig-size=\"1600,1200\" data-comments-opened=\"1\" data-image-meta=\"{&quot;aperture&quot;:&quot;0&quot;,&quot;credit&quot;:&quot;&quot;,&quot;camera&quot;:&quot;&quot;,&quot;caption&quot;:&quot;&quot;,&quot;created_timestamp&quot;:&quot;0&quot;,&quot;copyright&quot;:&quot;&quot;,&quot;focal_length&quot;:&quot;0&quot;,&quot;iso&quot;:&quot;0&quot;,&quot;shutter_speed&quot;:&quot;0&quot;,&quot;title&quot;:&quot;&quot;,&quot;orientation&quot;:&quot;1&quot;}\" data-image-title=\"zjarr-mal-skenderaj\" data-image-description=\"\" data-image-caption=\"\" data-medium-file=\"https:\/\/i0.wp.com\/www.shqiperia.com\/blog\/wp-content\/uploads\/2026\/07\/zjarr-mal-skenderaj.jpg?fit=300%2C225&amp;ssl=1\" data-large-file=\"https:\/\/i0.wp.com\/www.shqiperia.com\/blog\/wp-content\/uploads\/2026\/07\/zjarr-mal-skenderaj.jpg?fit=1024%2C768&amp;ssl=1\" class=\"alignnone  wp-image-102965\" alt=\"\" src=\"https:\/\/i0.wp.com\/www.shqiperia.com\/blog\/wp-content\/uploads\/2026\/07\/zjarr-mal-skenderaj.jpg?resize=545%2C409&#038;ssl=1\" width=\"545\" height=\"409\" srcset=\"https:\/\/i0.wp.com\/www.shqiperia.com\/blog\/wp-content\/uploads\/2026\/07\/zjarr-mal-skenderaj.jpg?resize=300%2C225&amp;ssl=1 300w, https:\/\/i0.wp.com\/www.shqiperia.com\/blog\/wp-content\/uploads\/2026\/07\/zjarr-mal-skenderaj.jpg?resize=1024%2C768&amp;ssl=1 1024w, https:\/\/i0.wp.com\/www.shqiperia.com\/blog\/wp-content\/uploads\/2026\/07\/zjarr-mal-skenderaj.jpg?resize=768%2C576&amp;ssl=1 768w, https:\/\/i0.wp.com\/www.shqiperia.com\/blog\/wp-content\/uploads\/2026\/07\/zjarr-mal-skenderaj.jpg?resize=1536%2C1152&amp;ssl=1 1536w, https:\/\/i0.wp.com\/www.shqiperia.com\/blog\/wp-content\/uploads\/2026\/07\/zjarr-mal-skenderaj.jpg?resize=450%2C338&amp;ssl=1 450w, https:\/\/i0.wp.com\/www.shqiperia.com\/blog\/wp-content\/uploads\/2026\/07\/zjarr-mal-skenderaj.jpg?resize=600%2C450&amp;ssl=1 600w, https:\/\/i0.wp.com\/www.shqiperia.com\/blog\/wp-content\/uploads\/2026\/07\/zjarr-mal-skenderaj.jpg?resize=1500%2C1125&amp;ssl=1 1500w, https:\/\/i0.wp.com\/www.shqiperia.com\/blog\/wp-content\/uploads\/2026\/07\/zjarr-mal-skenderaj.jpg?resize=1300%2C975&amp;ssl=1 1300w, https:\/\/i0.wp.com\/www.shqiperia.com\/blog\/wp-content\/uploads\/2026\/07\/zjarr-mal-skenderaj.jpg?resize=400%2C300&amp;ssl=1 400w, https:\/\/i0.wp.com\/www.shqiperia.com\/blog\/wp-content\/uploads\/2026\/07\/zjarr-mal-skenderaj.jpg?w=1600&amp;ssl=1 1600w\" sizes=\"auto, (max-width: 545px) 100vw, 545px\" \/><\/p>\n<p>20 Korrik 2026<\/p>\n<p>Nj\u00eb zjarr i p\u00ebrmasave t\u00eb m\u00ebdha ka p\u00ebrfshir\u00eb nj\u00eb sip\u00ebrfaqe pyjore n\u00eb Iballe t\u00eb Fush\u00eb-Arr\u00ebzit, mbi lagjen Gere, duke v\u00ebshtir\u00ebsuar nd\u00ebrhyrjen e forcave zjarrfik\u00ebse.<\/p>\n<p>P\u00ebr shkak t\u00eb terrenit t\u00eb thyer malor, zjarrfik\u00ebsit e Fush\u00eb-Arr\u00ebzit nuk kan\u00eb mundur t\u00eb dep\u00ebrtojn\u00eb n\u00eb vatr\u00ebn e zjarrit dhe jan\u00eb stacionuar n\u00eb qend\u00ebr t\u00eb Nj\u00ebsis\u00eb Administrative. Nd\u00ebrkoh\u00eb, banor\u00ebt e zon\u00ebs dhe punonj\u00ebsit e sh\u00ebrbimit pyjor kan\u00eb punuar gjat\u00eb gjith\u00eb nat\u00ebs me mjete rrethanore n\u00eb p\u00ebrpjekje p\u00ebr t\u00eb frenuar p\u00ebrhapjen e flak\u00ebve.<\/p>\n<p>Meqen\u00ebse zjarri \u00ebsht\u00eb p\u00ebrhapur n\u00eb nj\u00eb sip\u00ebrfaqe t\u00eb konsiderueshme t\u00eb ekonomis\u00eb pyjore Iballe\u2013M\u00ebzi, \u00ebsht\u00eb k\u00ebrkuar nd\u00ebrhyrja me helikopter nga Forcat e Armatosura. Ekipet po punojn\u00eb p\u00ebr ruajtjen e perimetrit t\u00eb zjarrit dhe v\u00ebnien n\u00ebn kontroll t\u00eb flak\u00ebve.<\/p>\n<p>Sipas t\u00eb dh\u00ebnave paraprake, zjarri ka nisur n\u00eb nj\u00eb zon\u00eb me shkurre, nd\u00ebrsa dyshimet e para jan\u00eb se mund t\u00eb jet\u00eb shkaktuar nga zjarrv\u00ebnie e q\u00ebllimshme.<\/p>\n<p>Autoritetet pritet t\u00eb kryejn\u00eb hetime p\u00ebr t\u00eb p\u00ebrcaktuar shkaqet e plota t\u00eb r\u00ebnies s\u00eb zjarrit, nd\u00ebrsa operacioni p\u00ebr shuarjen e flak\u00ebve vijon.<\/p>\n","protected":false},"excerpt":{"rendered":"<p>20 Korrik 2026 Nj\u00eb zjarr i p\u00ebrmasave t\u00eb m\u00ebdha ka p\u00ebrfshir\u00eb nj\u00eb sip\u00ebrfaqe pyjore n\u00eb Iballe t\u00eb Fush\u00eb-Arr\u00ebzit, mbi lagjen Gere, duke v\u00ebshtir\u00ebsuar nd\u00ebrhyrjen e forcave zjarrfik\u00ebse. P\u00ebr shkak t\u00eb terrenit t\u00eb thyer malor, zjarrfik\u00ebsit e Fush\u00eb-Arr\u00ebzit nuk kan\u00eb mundur t\u00eb dep\u00ebrtojn\u00eb n\u00eb vatr\u00ebn e zjarrit dhe jan\u00eb stacionuar n\u00eb qend\u00ebr t\u00eb Nj\u00ebsis\u00eb Administrative. Nd\u00ebrkoh\u00eb, [&hellip;]<\/p>\n","protected":false},"author":9,"featured_media":102965,"comment_status":"open","ping_status":"open","sticky":false,"template":"","format":"standard","meta":{"jetpack_post_was_ever_published":false,"_jetpack_newsletter_access":"","_jetpack_dont_email_post_to_subs":false,"_jetpack_newsletter_tier_id":0,"_jetpack_memberships_contains_paywalled_content":false,"_jetpack_memberships_contains_paid_content":false,"footnotes":"","jetpack_publicize_message":"","jetpack_publicize_feature_enabled":true,"jetpack_social_post_already_shared":true,"jetpack_social_options":{"image_generator_settings":{"template":"highway","default_image_id":0,"font":"","enabled":false},"version":2}},"categories":[27,1,35],"tags":[],"class_list":["post-102964","post","type-post","status-publish","format-standard","has-post-thumbnail","hentry","category-blogu-i-udhetarit","category-njoftime-shtypi","category-shoqerore"],"jetpack_publicize_connections":[],"jetpack_featured_media_url":"https:\/\/i0.wp.com\/www.shqiperia.com\/blog\/wp-content\/uploads\/2026\/07\/zjarr-mal-skenderaj.jpg?fit=1600%2C1200&ssl=1","jetpack_sharing_enabled":true,"jetpack_shortlink":"https:\/\/wp.me\/p5Z6wp-qMI","jetpack-related-posts":[{"id":105846,"url":"https:\/\/www.shqiperia.com\/blog\/zjarri-perfshin-nje-siperfaqe-pyjore-ne-iballe-te-fushe-arrezit\/","url_meta":{"origin":102964,"position":0},"title":"Zjarri p\u00ebrfshin nj\u00eb sip\u00ebrfaqe pyjore n\u00eb Iball\u00eb t\u00eb Fush\u00eb-Arr\u00ebzit","author":"Kurt Farka","date":"September 3, 2026","format":false,"excerpt":"3 Shtator 2026 Nj\u00eb vat\u00ebr e fuqishme zjarri vijon t\u00eb jet\u00eb aktive prej mbr\u00ebmjes s\u00eb djeshme n\u00eb zon\u00ebn e Iball\u00ebs, duke shkrumbuar nj\u00eb sip\u00ebrfaqe t\u00eb konsiderueshme pyjore mbi lagjen Gere. Terreni tejet i thyer dhe i v\u00ebshtir\u00eb ka b\u00ebr\u00eb t\u00eb pamundur nd\u00ebrhyrjen e drejtp\u00ebrdrejt\u00eb t\u00eb forcave zjarrfik\u00ebse t\u00eb Fush\u00eb-Arr\u00ebzit, t\u00eb\u2026","rel":"","context":"In &quot;Blogu i Udh\u00ebtarit&quot;","block_context":{"text":"Blogu i Udh\u00ebtarit","link":"https:\/\/www.shqiperia.com\/blog\/category\/blogu-i-udhetarit\/"},"img":{"alt_text":"","src":"https:\/\/i0.wp.com\/www.shqiperia.com\/blog\/wp-content\/uploads\/2026\/09\/640-0-1784536046xzjarr3-136.jpg?fit=640%2C376&ssl=1&resize=350%2C200","width":350,"height":200,"srcset":"https:\/\/i0.wp.com\/www.shqiperia.com\/blog\/wp-content\/uploads\/2026\/09\/640-0-1784536046xzjarr3-136.jpg?fit=640%2C376&ssl=1&resize=350%2C200 1x, https:\/\/i0.wp.com\/www.shqiperia.com\/blog\/wp-content\/uploads\/2026\/09\/640-0-1784536046xzjarr3-136.jpg?fit=640%2C376&ssl=1&resize=525%2C300 1.5x"},"classes":[]},{"id":105407,"url":"https:\/\/www.shqiperia.com\/blog\/zjarri-ne-vranisht-te-vlores-perfshihet-nga-flaket-nje-banese-digjen-dhe-disa-hektare-siperfaqe-pyjore\/","url_meta":{"origin":102964,"position":1},"title":"Zjarri n\u00eb Vranisht t\u00eb Vlor\u00ebs, p\u00ebrfshihet nga flak\u00ebt nj\u00eb banes\u00eb, digjen dhe disa hektar\u00eb sip\u00ebrfaqe pyjore","author":"Kurt Farka","date":"August 28, 2026","format":false,"excerpt":"28 Gusht 2026 Nj\u00eb banes\u00eb e pabanuar \u00ebsht\u00eb p\u00ebrfshir\u00eb nga flak\u00ebt, nd\u00ebrsa zjarri ka p\u00ebrfshir\u00eb disa hektar\u00eb me pisha dhe sip\u00ebrfaqe pyjore n\u00eb fshatin Vranisht t\u00eb bashkis\u00eb Himar\u00eb. Situata paraqitet e v\u00ebshtir\u00eb p\u00ebr shkak t\u00eb er\u00ebrave t\u00eb forta dhe temperaturave t\u00eb larta, nd\u00ebrsa flak\u00ebt vijojn\u00eb t\u00eb jen\u00eb aktive dhe rrezikojn\u00eb\u2026","rel":"","context":"In &quot;Blogu i Udh\u00ebtarit&quot;","block_context":{"text":"Blogu i Udh\u00ebtarit","link":"https:\/\/www.shqiperia.com\/blog\/category\/blogu-i-udhetarit\/"},"img":{"alt_text":"","src":"https:\/\/i0.wp.com\/www.shqiperia.com\/blog\/wp-content\/uploads\/2026\/08\/Untitled-design-42.webp?fit=1200%2C675&ssl=1&resize=350%2C200","width":350,"height":200,"srcset":"https:\/\/i0.wp.com\/www.shqiperia.com\/blog\/wp-content\/uploads\/2026\/08\/Untitled-design-42.webp?fit=1200%2C675&ssl=1&resize=350%2C200 1x, https:\/\/i0.wp.com\/www.shqiperia.com\/blog\/wp-content\/uploads\/2026\/08\/Untitled-design-42.webp?fit=1200%2C675&ssl=1&resize=525%2C300 1.5x, https:\/\/i0.wp.com\/www.shqiperia.com\/blog\/wp-content\/uploads\/2026\/08\/Untitled-design-42.webp?fit=1200%2C675&ssl=1&resize=700%2C400 2x, https:\/\/i0.wp.com\/www.shqiperia.com\/blog\/wp-content\/uploads\/2026\/08\/Untitled-design-42.webp?fit=1200%2C675&ssl=1&resize=1050%2C600 3x"},"classes":[]},{"id":104725,"url":"https:\/\/www.shqiperia.com\/blog\/zjarri-puke-vijon-ne-terbun-gojan-te-madh-dhe-gjegjan\/","url_meta":{"origin":102964,"position":2},"title":"Zjarri Puk\u00eb vijon n\u00eb T\u00ebrbun, Gojan t\u00eb Madh dhe Gjegjan.","author":"Kurt Farka","date":"August 19, 2026","format":false,"excerpt":"19 Gusht 2026 Tri vatra zjarri vijojn\u00eb t\u00eb jen\u00eb aktive n\u00eb territorin e Puk\u00ebs, nd\u00ebrsa situata mbetet problematike pas gjasht\u00eb dit\u00ebsh p\u00ebrpjekjesh p\u00ebr shuarjen e flak\u00ebve. Zjarri ka p\u00ebrfshir\u00eb malin e T\u00ebrbunit, n\u00eb zon\u00ebn e Kabashit, si dhe Gojanin e Madh e Gjegjanin, ku p\u00ebrhapja \u00ebsht\u00eb favorizuar nga er\u00ebrat e\u2026","rel":"","context":"In &quot;Blogu i Udh\u00ebtarit&quot;","block_context":{"text":"Blogu i Udh\u00ebtarit","link":"https:\/\/www.shqiperia.com\/blog\/category\/blogu-i-udhetarit\/"},"img":{"alt_text":"","src":"https:\/\/i0.wp.com\/www.shqiperia.com\/blog\/wp-content\/uploads\/2026\/08\/zjarr-ulishte-patos-763x450-1.jpg?fit=763%2C450&ssl=1&resize=350%2C200","width":350,"height":200,"srcset":"https:\/\/i0.wp.com\/www.shqiperia.com\/blog\/wp-content\/uploads\/2026\/08\/zjarr-ulishte-patos-763x450-1.jpg?fit=763%2C450&ssl=1&resize=350%2C200 1x, https:\/\/i0.wp.com\/www.shqiperia.com\/blog\/wp-content\/uploads\/2026\/08\/zjarr-ulishte-patos-763x450-1.jpg?fit=763%2C450&ssl=1&resize=525%2C300 1.5x, https:\/\/i0.wp.com\/www.shqiperia.com\/blog\/wp-content\/uploads\/2026\/08\/zjarr-ulishte-patos-763x450-1.jpg?fit=763%2C450&ssl=1&resize=700%2C400 2x"},"classes":[]},{"id":103671,"url":"https:\/\/www.shqiperia.com\/blog\/zjarri-ne-dardhe-te-librazhdit-vijon-prej-6-ditesh-terreni-malor-veshtireson-shuarjen-e-flakeve\/","url_meta":{"origin":102964,"position":3},"title":"Zjarri n\u00eb Dardh\u00eb t\u00eb Librazhdit vijon prej 6 dit\u00ebsh, terreni malor v\u00ebshtir\u00ebson shuarjen e flak\u00ebve","author":"Kurt Farka","date":"August 3, 2026","format":false,"excerpt":"3 Gusht 2026 Prej 6 dit\u00ebsh, nj\u00eb zjarr i p\u00ebrmasave t\u00eb m\u00ebdha vijon t\u00eb djeg\u00eb nj\u00eb pjes\u00eb t\u00eb zon\u00ebs pyjore t\u00eb fshatit Dardh\u00eb, n\u00eb Bashkin\u00eb e Librazhdit, nd\u00ebrsa p\u00ebrpjekjet p\u00ebr v\u00ebnien n\u00ebn kontroll t\u00eb flak\u00ebve po p\u00ebrballen me v\u00ebshtir\u00ebsi t\u00eb m\u00ebdha p\u00ebr shkak t\u00eb terrenit malor, er\u00ebs s\u00eb fort\u00eb dhe\u2026","rel":"","context":"In &quot;Blogu i Udh\u00ebtarit&quot;","block_context":{"text":"Blogu i Udh\u00ebtarit","link":"https:\/\/www.shqiperia.com\/blog\/category\/blogu-i-udhetarit\/"},"img":{"alt_text":"","src":"https:\/\/i0.wp.com\/www.shqiperia.com\/blog\/wp-content\/uploads\/2026\/08\/zjarr_sd-1.jpg?fit=1200%2C675&ssl=1&resize=350%2C200","width":350,"height":200,"srcset":"https:\/\/i0.wp.com\/www.shqiperia.com\/blog\/wp-content\/uploads\/2026\/08\/zjarr_sd-1.jpg?fit=1200%2C675&ssl=1&resize=350%2C200 1x, https:\/\/i0.wp.com\/www.shqiperia.com\/blog\/wp-content\/uploads\/2026\/08\/zjarr_sd-1.jpg?fit=1200%2C675&ssl=1&resize=525%2C300 1.5x, https:\/\/i0.wp.com\/www.shqiperia.com\/blog\/wp-content\/uploads\/2026\/08\/zjarr_sd-1.jpg?fit=1200%2C675&ssl=1&resize=700%2C400 2x, https:\/\/i0.wp.com\/www.shqiperia.com\/blog\/wp-content\/uploads\/2026\/08\/zjarr_sd-1.jpg?fit=1200%2C675&ssl=1&resize=1050%2C600 3x"},"classes":[]},{"id":104409,"url":"https:\/\/www.shqiperia.com\/blog\/11-dite-lufte-me-flaket-zjarret-mbajne-te-pushtuar-malet-e-librazhdit-dhe-prrenjasit-dhjetera-zjarrfikes-ne-terren\/","url_meta":{"origin":102964,"position":4},"title":"11 dit\u00eb luft\u00eb me flak\u00ebt! Zjarret mbajn\u00eb t\u00eb \u201cpushtuar \u201d malet e Librazhdit dhe Prrenjasit, dhjet\u00ebra zjarrfik\u00ebs n\u00eb terren","author":"Kurt Farka","date":"August 14, 2026","format":false,"excerpt":"14 Gusht 2026 Zjarret vijojn\u00eb t\u00eb mbajn\u00eb n\u00eb gatishm\u00ebri sh\u00ebrbimet zjarrfik\u00ebse n\u00eb zonat pyjore. N\u00eb Malin e Dardh\u00ebs, n\u00eb Nj\u00ebsin\u00eb Administrative Hotolisht t\u00eb Bashkis\u00eb Librazhd, nj\u00eb vat\u00ebr zjarri ka k\u00ebrkuar nd\u00ebrhyrje t\u00eb pand\u00ebrprer\u00eb p\u00ebr 11 dit\u00eb me radh\u00eb, nd\u00ebrsa autoritetet raportojn\u00eb se situata tashm\u00eb \u00ebsht\u00eb izoluar dhe po monitorohet. Sipas\u2026","rel":"","context":"In &quot;Blogu i Udh\u00ebtarit&quot;","block_context":{"text":"Blogu i Udh\u00ebtarit","link":"https:\/\/www.shqiperia.com\/blog\/category\/blogu-i-udhetarit\/"},"img":{"alt_text":"","src":"https:\/\/i0.wp.com\/www.shqiperia.com\/blog\/wp-content\/uploads\/2026\/08\/zjrri-ne-elbasan.jpg?fit=661%2C428&ssl=1&resize=350%2C200","width":350,"height":200,"srcset":"https:\/\/i0.wp.com\/www.shqiperia.com\/blog\/wp-content\/uploads\/2026\/08\/zjrri-ne-elbasan.jpg?fit=661%2C428&ssl=1&resize=350%2C200 1x, https:\/\/i0.wp.com\/www.shqiperia.com\/blog\/wp-content\/uploads\/2026\/08\/zjrri-ne-elbasan.jpg?fit=661%2C428&ssl=1&resize=525%2C300 1.5x"},"classes":[]},{"id":104417,"url":"https:\/\/www.shqiperia.com\/blog\/flaket-perfshijne-pyjet-e-terbunit-ne-puke-dyshohet-per-zjarrvenie-te-qellimshme\/","url_meta":{"origin":102964,"position":5},"title":"Flak\u00ebt p\u00ebrfshijn\u00eb pyjet e T\u00ebrbunit n\u00eb Puk\u00eb, dyshohet p\u00ebr zjarrv\u00ebnie t\u00eb q\u00ebllimshme","author":"Kurt Farka","date":"August 14, 2026","format":false,"excerpt":"14 Gusht 2026 Nj\u00eb vat\u00ebr zjarri \u00ebsht\u00eb aktivizuar mesdit\u00ebn e sotme n\u00eb sip\u00ebrfaqet pyjore t\u00eb malit t\u00eb T\u00ebrbunit, n\u00eb Puk\u00eb. Sh\u00ebrbimet zjarrfik\u00ebse dhe strukturat pyjore kan\u00eb mb\u00ebrritur n\u00eb zon\u00eb, por terreni i v\u00ebshtir\u00eb dhe mungesa e rrug\u00ebve q\u00eb lejojn\u00eb kalimin e mjeteve zjarrfik\u00ebse po e v\u00ebshtir\u00ebsojn\u00eb nd\u00ebrhyrjen. P\u00ebr momentin, zjarrfik\u00ebsit\u2026","rel":"","context":"In &quot;Blogu i Udh\u00ebtarit&quot;","block_context":{"text":"Blogu i Udh\u00ebtarit","link":"https:\/\/www.shqiperia.com\/blog\/category\/blogu-i-udhetarit\/"},"img":{"alt_text":"","src":"https:\/\/i0.wp.com\/www.shqiperia.com\/blog\/wp-content\/uploads\/2026\/08\/1786713992_xgfyuu.jpeg?fit=780%2C440&ssl=1&resize=350%2C200","width":350,"height":200,"srcset":"https:\/\/i0.wp.com\/www.shqiperia.com\/blog\/wp-content\/uploads\/2026\/08\/1786713992_xgfyuu.jpeg?fit=780%2C440&ssl=1&resize=350%2C200 1x, https:\/\/i0.wp.com\/www.shqiperia.com\/blog\/wp-content\/uploads\/2026\/08\/1786713992_xgfyuu.jpeg?fit=780%2C440&ssl=1&resize=525%2C300 1.5x, https:\/\/i0.wp.com\/www.shqiperia.com\/blog\/wp-content\/uploads\/2026\/08\/1786713992_xgfyuu.jpeg?fit=780%2C440&ssl=1&resize=700%2C400 2x"},"classes":[]}],"_links":{"self":[{"href":"https:\/\/www.shqiperia.com\/blog\/wp-json\/wp\/v2\/posts\/102964","targetHints":{"allow":["GET"]}}],"collection":[{"href":"https:\/\/www.shqiperia.com\/blog\/wp-json\/wp\/v2\/posts"}],"about":[{"href":"https:\/\/www.shqiperia.com\/blog\/wp-json\/wp\/v2\/types\/post"}],"author":[{"embeddable":true,"href":"https:\/\/www.shqiperia.com\/blog\/wp-json\/wp\/v2\/users\/9"}],"replies":[{"embeddable":true,"href":"https:\/\/www.shqiperia.com\/blog\/wp-json\/wp\/v2\/comments?post=102964"}],"version-history":[{"count":1,"href":"https:\/\/www.shqiperia.com\/blog\/wp-json\/wp\/v2\/posts\/102964\/revisions"}],"predecessor-version":[{"id":102966,"href":"https:\/\/www.shqiperia.com\/blog\/wp-json\/wp\/v2\/posts\/102964\/revisions\/102966"}],"wp:featuredmedia":[{"embeddable":true,"href":"https:\/\/www.shqiperia.com\/blog\/wp-json\/wp\/v2\/media\/102965"}],"wp:attachment":[{"href":"https:\/\/www.shqiperia.com\/blog\/wp-json\/wp\/v2\/media?parent=102964"}],"wp:term":[{"taxonomy":"category","embeddable":true,"href":"https:\/\/www.shqiperia.com\/blog\/wp-json\/wp\/v2\/categories?post=102964"},{"taxonomy":"post_tag","embeddable":true,"href":"https:\/\/www.shqiperia.com\/blog\/wp-json\/wp\/v2\/tags?post=102964"}],"curies":[{"name":"wp","href":"https:\/\/api.w.org\/{rel}","templated":true}]}}