{"id":102961,"date":"2026-07-20T15:24:45","date_gmt":"2026-07-20T15:24:45","guid":{"rendered":"https:\/\/www.shqiperia.com\/blog\/?p=102961"},"modified":"2026-07-20T15:24:45","modified_gmt":"2026-07-20T15:24:45","slug":"vlore-zjarr-ne-ujin-e-ftohte-era-dhe-temperaturat-e-larta-favorizojne-perhapjen-e-flakeve","status":"publish","type":"post","link":"https:\/\/www.shqiperia.com\/blog\/vlore-zjarr-ne-ujin-e-ftohte-era-dhe-temperaturat-e-larta-favorizojne-perhapjen-e-flakeve\/","title":{"rendered":"Vlor\u00eb\/ Zjarr n\u00eb Ujin e Ftoht\u00eb, era dhe temperaturat e larta favorizojn\u00eb p\u00ebrhapjen e flak\u00ebve"},"content":{"rendered":"<p data-a11y-orig-inline=\"\" data-a11y-base-fs=\"18\"><img data-recalc-dims=\"1\" loading=\"lazy\" decoding=\"async\" data-attachment-id=\"102962\" data-permalink=\"https:\/\/www.shqiperia.com\/blog\/vlore-zjarr-ne-ujin-e-ftohte-era-dhe-temperaturat-e-larta-favorizojne-perhapjen-e-flakeve\/600-388-43ded0c972d23a9f746a4c58dfde255c\/\" data-orig-file=\"https:\/\/i0.wp.com\/www.shqiperia.com\/blog\/wp-content\/uploads\/2026\/07\/600-388-43ded0c972d23a9f746a4c58dfde255c.jpg?fit=600%2C388&amp;ssl=1\" data-orig-size=\"600,388\" data-comments-opened=\"1\" data-image-meta=\"{&quot;aperture&quot;:&quot;0&quot;,&quot;credit&quot;:&quot;&quot;,&quot;camera&quot;:&quot;&quot;,&quot;caption&quot;:&quot;&quot;,&quot;created_timestamp&quot;:&quot;0&quot;,&quot;copyright&quot;:&quot;&quot;,&quot;focal_length&quot;:&quot;0&quot;,&quot;iso&quot;:&quot;0&quot;,&quot;shutter_speed&quot;:&quot;0&quot;,&quot;title&quot;:&quot;&quot;,&quot;orientation&quot;:&quot;0&quot;}\" data-image-title=\"-600-388-43ded0c972d23a9f746a4c58dfde255c\" data-image-description=\"\" data-image-caption=\"\" data-medium-file=\"https:\/\/i0.wp.com\/www.shqiperia.com\/blog\/wp-content\/uploads\/2026\/07\/600-388-43ded0c972d23a9f746a4c58dfde255c.jpg?fit=300%2C194&amp;ssl=1\" data-large-file=\"https:\/\/i0.wp.com\/www.shqiperia.com\/blog\/wp-content\/uploads\/2026\/07\/600-388-43ded0c972d23a9f746a4c58dfde255c.jpg?fit=600%2C388&amp;ssl=1\" class=\"alignnone  wp-image-102962\" alt=\"\" src=\"https:\/\/i0.wp.com\/www.shqiperia.com\/blog\/wp-content\/uploads\/2026\/07\/600-388-43ded0c972d23a9f746a4c58dfde255c.jpg?resize=441%2C285&#038;ssl=1\" width=\"441\" height=\"285\" srcset=\"https:\/\/i0.wp.com\/www.shqiperia.com\/blog\/wp-content\/uploads\/2026\/07\/600-388-43ded0c972d23a9f746a4c58dfde255c.jpg?resize=300%2C194&amp;ssl=1 300w, https:\/\/i0.wp.com\/www.shqiperia.com\/blog\/wp-content\/uploads\/2026\/07\/600-388-43ded0c972d23a9f746a4c58dfde255c.jpg?resize=450%2C291&amp;ssl=1 450w, https:\/\/i0.wp.com\/www.shqiperia.com\/blog\/wp-content\/uploads\/2026\/07\/600-388-43ded0c972d23a9f746a4c58dfde255c.jpg?resize=400%2C259&amp;ssl=1 400w, https:\/\/i0.wp.com\/www.shqiperia.com\/blog\/wp-content\/uploads\/2026\/07\/600-388-43ded0c972d23a9f746a4c58dfde255c.jpg?w=600&amp;ssl=1 600w\" sizes=\"auto, (max-width: 441px) 100vw, 441px\" \/><\/p>\n<p data-a11y-orig-inline=\"\" data-a11y-base-fs=\"18\">20 Korrik 2026<\/p>\n<p data-a11y-orig-inline=\"\" data-a11y-base-fs=\"18\">Nj\u00eb zjarr \u00ebsht\u00eb regjistruar mesdit\u00ebn e k\u00ebsaj t\u00eb diele n\u00eb zon\u00ebn e Ujit t\u00eb Ftoht\u00eb, mbi tunelin e Vlor\u00ebs.<\/p>\n<p data-a11y-orig-inline=\"\" data-a11y-base-fs=\"18\">Flak\u00ebt p\u00ebrfshin\u00eb nj\u00eb sip\u00ebrfaqe me shkurre dhe bim\u00ebsi t\u00eb ul\u00ebt, nd\u00ebrsa, t\u00eb favorizuara nga temperaturat e larta dhe era, u p\u00ebrhap\u00ebn me shpejt\u00ebsi duke patur rrezik edhe per banesat.<\/p>\n<p data-a11y-orig-inline=\"\" data-a11y-base-fs=\"18\">N\u00eb vendngjarje mb\u00ebrrit\u00ebn forcat e Policis\u00eb dhe sh\u00ebrbimet zjarrfik\u00ebse, t\u00eb cilat nd\u00ebrhyn\u00eb menj\u00ebher\u00eb p\u00ebr izolimin e vatr\u00ebs s\u00eb zjarrit dhe mbrojtjen e banesave.<\/p>\n<p data-a11y-orig-inline=\"\" data-a11y-base-fs=\"18\">Operacioni p\u00ebr shuarjen e plot\u00eb t\u00eb flak\u00ebve vijon, nd\u00ebrsa autoritetet po punojn\u00eb p\u00ebr t\u00eb shmangur \u00e7do rrezik t\u00eb m\u00ebtejsh\u00ebm.<\/p>\n","protected":false},"excerpt":{"rendered":"<p>20 Korrik 2026 Nj\u00eb zjarr \u00ebsht\u00eb regjistruar mesdit\u00ebn e k\u00ebsaj t\u00eb diele n\u00eb zon\u00ebn e Ujit t\u00eb Ftoht\u00eb, mbi tunelin e Vlor\u00ebs. Flak\u00ebt p\u00ebrfshin\u00eb nj\u00eb sip\u00ebrfaqe me shkurre dhe bim\u00ebsi t\u00eb ul\u00ebt, nd\u00ebrsa, t\u00eb favorizuara nga temperaturat e larta dhe era, u p\u00ebrhap\u00ebn me shpejt\u00ebsi duke patur rrezik edhe per banesat. N\u00eb vendngjarje mb\u00ebrrit\u00ebn forcat [&hellip;]<\/p>\n","protected":false},"author":9,"featured_media":102962,"comment_status":"open","ping_status":"open","sticky":false,"template":"","format":"standard","meta":{"jetpack_post_was_ever_published":false,"_jetpack_newsletter_access":"","_jetpack_dont_email_post_to_subs":false,"_jetpack_newsletter_tier_id":0,"_jetpack_memberships_contains_paywalled_content":false,"_jetpack_memberships_contains_paid_content":false,"footnotes":"","jetpack_publicize_message":"","jetpack_publicize_feature_enabled":true,"jetpack_social_post_already_shared":true,"jetpack_social_options":{"image_generator_settings":{"template":"highway","default_image_id":0,"font":"","enabled":false},"version":2}},"categories":[27,1,35],"tags":[],"class_list":["post-102961","post","type-post","status-publish","format-standard","has-post-thumbnail","hentry","category-blogu-i-udhetarit","category-njoftime-shtypi","category-shoqerore"],"jetpack_publicize_connections":[],"jetpack_featured_media_url":"https:\/\/i0.wp.com\/www.shqiperia.com\/blog\/wp-content\/uploads\/2026\/07\/600-388-43ded0c972d23a9f746a4c58dfde255c.jpg?fit=600%2C388&ssl=1","jetpack_sharing_enabled":true,"jetpack_shortlink":"https:\/\/wp.me\/p5Z6wp-qMF","jetpack-related-posts":[{"id":103529,"url":"https:\/\/www.shqiperia.com\/blog\/vater-zjarri-qe-ka-9-vite-qe-perseritet-ne-te-njejten-zone-prane-rruges-se-kombit\/","url_meta":{"origin":102961,"position":0},"title":"Vater Zjarri  qe ka 9 vite qe perseritet ne te njejten zone pran\u00eb Rrug\u00ebs s\u00eb Kombit","author":"Kurt Farka","date":"July 31, 2026","format":false,"excerpt":"31 Korrik 2026 Nj\u00eb vat\u00ebr zjarri \u00ebsht\u00eb rishfaqur edhe sot, zjarri ketu eshte i pranishem per 9 vite rrjesht\u00eb. Kjo vater \u00ebshte mes nj\u00ebsive administrative Kolsh dhe Surroj, n\u00eb af\u00ebrsi t\u00eb Rrug\u00ebs s\u00eb Kombit, rreth dy kilometra larg tunelit t\u00eb Kalimashit. Flak\u00ebt kan\u00eb p\u00ebrfshir\u00eb nj\u00eb sip\u00ebrfaqe me bim\u00ebsi dhe shkurre,\u2026","rel":"","context":"In &quot;Blogu i Udh\u00ebtarit&quot;","block_context":{"text":"Blogu i Udh\u00ebtarit","link":"https:\/\/www.shqiperia.com\/blog\/category\/blogu-i-udhetarit\/"},"img":{"alt_text":"","src":"https:\/\/i0.wp.com\/www.shqiperia.com\/blog\/wp-content\/uploads\/2026\/07\/Screenshot-2026-07-31-201319.jpg?fit=654%2C315&ssl=1&resize=350%2C200","width":350,"height":200,"srcset":"https:\/\/i0.wp.com\/www.shqiperia.com\/blog\/wp-content\/uploads\/2026\/07\/Screenshot-2026-07-31-201319.jpg?fit=654%2C315&ssl=1&resize=350%2C200 1x, https:\/\/i0.wp.com\/www.shqiperia.com\/blog\/wp-content\/uploads\/2026\/07\/Screenshot-2026-07-31-201319.jpg?fit=654%2C315&ssl=1&resize=525%2C300 1.5x"},"classes":[]},{"id":104569,"url":"https:\/\/www.shqiperia.com\/blog\/zjarr-i-qellimshem-ne-vukatane-te-shkodres\/","url_meta":{"origin":102961,"position":1},"title":"Zjarr i q\u00ebllimsh\u00ebm n\u00eb Vukatan\u00eb t\u00eb Shkodr\u00ebs","author":"Kurt Farka","date":"August 16, 2026","format":false,"excerpt":"16 Gusht 2026 Nj\u00eb vat\u00ebr zjarri e dyshuar si e vendosur q\u00ebllimisht n\u00eb Vukatan\u00eb t\u00eb Shkodr\u00ebs u vu n\u00ebn kontroll n\u00eb koh\u00eb sot, duke shmangur p\u00ebrhapjen e flak\u00ebve drejt banesave. Sipas kryetarit t\u00eb Bashkis\u00eb Shkod\u00ebr, Benet Beci, zjarri u izolua dhe u shua fal\u00eb nd\u00ebrhyrjes s\u00eb shpejt\u00eb t\u00eb efektiv\u00ebve zjarrfik\u00ebs,\u2026","rel":"","context":"In &quot;Blogu i Udh\u00ebtarit&quot;","block_context":{"text":"Blogu i Udh\u00ebtarit","link":"https:\/\/www.shqiperia.com\/blog\/category\/blogu-i-udhetarit\/"},"img":{"alt_text":"","src":"https:\/\/i0.wp.com\/www.shqiperia.com\/blog\/wp-content\/uploads\/2026\/08\/Zjarr-i-qellimshem-ne-Vukatane-te-Shkodres.jpg?fit=780%2C440&ssl=1&resize=350%2C200","width":350,"height":200,"srcset":"https:\/\/i0.wp.com\/www.shqiperia.com\/blog\/wp-content\/uploads\/2026\/08\/Zjarr-i-qellimshem-ne-Vukatane-te-Shkodres.jpg?fit=780%2C440&ssl=1&resize=350%2C200 1x, https:\/\/i0.wp.com\/www.shqiperia.com\/blog\/wp-content\/uploads\/2026\/08\/Zjarr-i-qellimshem-ne-Vukatane-te-Shkodres.jpg?fit=780%2C440&ssl=1&resize=525%2C300 1.5x, https:\/\/i0.wp.com\/www.shqiperia.com\/blog\/wp-content\/uploads\/2026\/08\/Zjarr-i-qellimshem-ne-Vukatane-te-Shkodres.jpg?fit=780%2C440&ssl=1&resize=700%2C400 2x"},"classes":[]},{"id":105430,"url":"https:\/\/www.shqiperia.com\/blog\/itali-vape-ekstreme-ne-jug-me-mbi-44c-veriut-i-mberrijne-stuhite\/","url_meta":{"origin":102961,"position":2},"title":"Itali\/ Vap\u00eb ekstreme n\u00eb jug me mbi 44\u00b0C, veriut i mb\u00ebrrijn\u00eb stuhit\u00eb","author":"Kurt Farka","date":"August 29, 2026","format":false,"excerpt":"29 Gusht 2026 Vala e pest\u00eb e t\u00eb nxehtit ka arritur kulmin n\u00eb Itali, duke sjell\u00eb temperatura mbi 40\u00b0C n\u00eb jug dhe n\u00eb ishuj, nd\u00ebrsa veriu i vendit po p\u00ebrballet me reshje t\u00eb dendura, stuhi dhe bresh\u00ebr. N\u00eb Kalabri \u00ebsht\u00eb regjistruar temperatura m\u00eb e lart\u00eb, me 44.6\u00b0C n\u00eb Torano Scalo,\u2026","rel":"","context":"In &quot;Blogu i Udh\u00ebtarit&quot;","block_context":{"text":"Blogu i Udh\u00ebtarit","link":"https:\/\/www.shqiperia.com\/blog\/category\/blogu-i-udhetarit\/"},"img":{"alt_text":"","src":"https:\/\/i0.wp.com\/www.shqiperia.com\/blog\/wp-content\/uploads\/2026\/08\/640-0-screenshot-2026-08-28-182424-1787934272.png?fit=640%2C358&ssl=1&resize=350%2C200","width":350,"height":200,"srcset":"https:\/\/i0.wp.com\/www.shqiperia.com\/blog\/wp-content\/uploads\/2026\/08\/640-0-screenshot-2026-08-28-182424-1787934272.png?fit=640%2C358&ssl=1&resize=350%2C200 1x, https:\/\/i0.wp.com\/www.shqiperia.com\/blog\/wp-content\/uploads\/2026\/08\/640-0-screenshot-2026-08-28-182424-1787934272.png?fit=640%2C358&ssl=1&resize=525%2C300 1.5x"},"classes":[]},{"id":103671,"url":"https:\/\/www.shqiperia.com\/blog\/zjarri-ne-dardhe-te-librazhdit-vijon-prej-6-ditesh-terreni-malor-veshtireson-shuarjen-e-flakeve\/","url_meta":{"origin":102961,"position":3},"title":"Zjarri n\u00eb Dardh\u00eb t\u00eb Librazhdit vijon prej 6 dit\u00ebsh, terreni malor v\u00ebshtir\u00ebson shuarjen e flak\u00ebve","author":"Kurt Farka","date":"August 3, 2026","format":false,"excerpt":"3 Gusht 2026 Prej 6 dit\u00ebsh, nj\u00eb zjarr i p\u00ebrmasave t\u00eb m\u00ebdha vijon t\u00eb djeg\u00eb nj\u00eb pjes\u00eb t\u00eb zon\u00ebs pyjore t\u00eb fshatit Dardh\u00eb, n\u00eb Bashkin\u00eb e Librazhdit, nd\u00ebrsa p\u00ebrpjekjet p\u00ebr v\u00ebnien n\u00ebn kontroll t\u00eb flak\u00ebve po p\u00ebrballen me v\u00ebshtir\u00ebsi t\u00eb m\u00ebdha p\u00ebr shkak t\u00eb terrenit malor, er\u00ebs s\u00eb fort\u00eb dhe\u2026","rel":"","context":"In &quot;Blogu i Udh\u00ebtarit&quot;","block_context":{"text":"Blogu i Udh\u00ebtarit","link":"https:\/\/www.shqiperia.com\/blog\/category\/blogu-i-udhetarit\/"},"img":{"alt_text":"","src":"https:\/\/i0.wp.com\/www.shqiperia.com\/blog\/wp-content\/uploads\/2026\/08\/zjarr_sd-1.jpg?fit=1200%2C675&ssl=1&resize=350%2C200","width":350,"height":200,"srcset":"https:\/\/i0.wp.com\/www.shqiperia.com\/blog\/wp-content\/uploads\/2026\/08\/zjarr_sd-1.jpg?fit=1200%2C675&ssl=1&resize=350%2C200 1x, https:\/\/i0.wp.com\/www.shqiperia.com\/blog\/wp-content\/uploads\/2026\/08\/zjarr_sd-1.jpg?fit=1200%2C675&ssl=1&resize=525%2C300 1.5x, https:\/\/i0.wp.com\/www.shqiperia.com\/blog\/wp-content\/uploads\/2026\/08\/zjarr_sd-1.jpg?fit=1200%2C675&ssl=1&resize=700%2C400 2x, https:\/\/i0.wp.com\/www.shqiperia.com\/blog\/wp-content\/uploads\/2026\/08\/zjarr_sd-1.jpg?fit=1200%2C675&ssl=1&resize=1050%2C600 3x"},"classes":[]},{"id":104016,"url":"https:\/\/www.shqiperia.com\/blog\/zjarr-i-fuqishem-edhe-ne-hundekuq-te-gjirokastres-flaket-po-u-afrohen-zonave-te-banuara\/","url_meta":{"origin":102961,"position":4},"title":"Zjarr i fuqish\u00ebm edhe n\u00eb Hund\u00ebkuq t\u00eb Gjirokastr\u00ebs, flak\u00ebt po u afrohen zonave t\u00eb banuara","author":"Kurt Farka","date":"August 9, 2026","format":false,"excerpt":"9 Korrok 2026 Nj\u00eb zjarr i p\u00ebrmasave t\u00eb m\u00ebdha \u00ebsht\u00eb aktivizuar n\u00eb zon\u00ebn nd\u00ebrmjet fshatrave Andon Po\u00e7i dhe Hund\u00ebkuq, duke paraqitur rrezik p\u00ebr p\u00ebrhapjen e flak\u00ebve drejt zonave t\u00eb banuara. Zjarri \u00ebsht\u00eb i ndar\u00eb n\u00eb dy vatra aktive, me nj\u00eb perimet\u00ebr t\u00eb p\u00ebrgjithsh\u00ebm rreth 4 km. Terreni i thyer dhe\u2026","rel":"","context":"In &quot;Blogu i Udh\u00ebtarit&quot;","block_context":{"text":"Blogu i Udh\u00ebtarit","link":"https:\/\/www.shqiperia.com\/blog\/category\/blogu-i-udhetarit\/"},"img":{"alt_text":"","src":"https:\/\/i0.wp.com\/www.shqiperia.com\/blog\/wp-content\/uploads\/2026\/08\/IMG_8126.jpg?fit=1200%2C718&ssl=1&resize=350%2C200","width":350,"height":200,"srcset":"https:\/\/i0.wp.com\/www.shqiperia.com\/blog\/wp-content\/uploads\/2026\/08\/IMG_8126.jpg?fit=1200%2C718&ssl=1&resize=350%2C200 1x, https:\/\/i0.wp.com\/www.shqiperia.com\/blog\/wp-content\/uploads\/2026\/08\/IMG_8126.jpg?fit=1200%2C718&ssl=1&resize=525%2C300 1.5x, https:\/\/i0.wp.com\/www.shqiperia.com\/blog\/wp-content\/uploads\/2026\/08\/IMG_8126.jpg?fit=1200%2C718&ssl=1&resize=700%2C400 2x, https:\/\/i0.wp.com\/www.shqiperia.com\/blog\/wp-content\/uploads\/2026\/08\/IMG_8126.jpg?fit=1200%2C718&ssl=1&resize=1050%2C600 3x"},"classes":[]},{"id":104838,"url":"https:\/\/www.shqiperia.com\/blog\/zjarr-ne-masivin-pyjor-prane-qytetit-te-milotit-rrezikohen-banesat-prane-tij\/","url_meta":{"origin":102961,"position":5},"title":"Zjarr n\u00eb masivin pyjor pran\u00eb qytetit t\u00eb Milotit, rrezikohen banesat pran\u00eb tij","author":"Kurt Farka","date":"August 20, 2026","format":false,"excerpt":"20 Gusht 2026 Nj\u00eb vat\u00ebr zjarri ka p\u00ebrfshir\u00eb masivin pyjor mbi qytetin e Milotit, n\u00eb Bashkin\u00eb Kurbin, duke shkaktuar shqet\u00ebsim p\u00ebr shkak t\u00eb p\u00ebrhapjes s\u00eb shpejt\u00eb t\u00eb flak\u00ebve. Bim\u00ebsia e dendur po favorizon avancimin e zjarrit, nd\u00ebrsa tymi dhe flak\u00ebt jan\u00eb afruar drejt zon\u00ebs s\u00eb banuar, duke rritur rrezikun p\u00ebr\u2026","rel":"","context":"In &quot;Blogu i Udh\u00ebtarit&quot;","block_context":{"text":"Blogu i Udh\u00ebtarit","link":"https:\/\/www.shqiperia.com\/blog\/category\/blogu-i-udhetarit\/"},"img":{"alt_text":"","src":"https:\/\/i0.wp.com\/www.shqiperia.com\/blog\/wp-content\/uploads\/2026\/08\/zjarr-6a87098cb1ce2.jpg?fit=980%2C560&ssl=1&resize=350%2C200","width":350,"height":200,"srcset":"https:\/\/i0.wp.com\/www.shqiperia.com\/blog\/wp-content\/uploads\/2026\/08\/zjarr-6a87098cb1ce2.jpg?fit=980%2C560&ssl=1&resize=350%2C200 1x, https:\/\/i0.wp.com\/www.shqiperia.com\/blog\/wp-content\/uploads\/2026\/08\/zjarr-6a87098cb1ce2.jpg?fit=980%2C560&ssl=1&resize=525%2C300 1.5x, https:\/\/i0.wp.com\/www.shqiperia.com\/blog\/wp-content\/uploads\/2026\/08\/zjarr-6a87098cb1ce2.jpg?fit=980%2C560&ssl=1&resize=700%2C400 2x"},"classes":[]}],"_links":{"self":[{"href":"https:\/\/www.shqiperia.com\/blog\/wp-json\/wp\/v2\/posts\/102961","targetHints":{"allow":["GET"]}}],"collection":[{"href":"https:\/\/www.shqiperia.com\/blog\/wp-json\/wp\/v2\/posts"}],"about":[{"href":"https:\/\/www.shqiperia.com\/blog\/wp-json\/wp\/v2\/types\/post"}],"author":[{"embeddable":true,"href":"https:\/\/www.shqiperia.com\/blog\/wp-json\/wp\/v2\/users\/9"}],"replies":[{"embeddable":true,"href":"https:\/\/www.shqiperia.com\/blog\/wp-json\/wp\/v2\/comments?post=102961"}],"version-history":[{"count":1,"href":"https:\/\/www.shqiperia.com\/blog\/wp-json\/wp\/v2\/posts\/102961\/revisions"}],"predecessor-version":[{"id":102963,"href":"https:\/\/www.shqiperia.com\/blog\/wp-json\/wp\/v2\/posts\/102961\/revisions\/102963"}],"wp:featuredmedia":[{"embeddable":true,"href":"https:\/\/www.shqiperia.com\/blog\/wp-json\/wp\/v2\/media\/102962"}],"wp:attachment":[{"href":"https:\/\/www.shqiperia.com\/blog\/wp-json\/wp\/v2\/media?parent=102961"}],"wp:term":[{"taxonomy":"category","embeddable":true,"href":"https:\/\/www.shqiperia.com\/blog\/wp-json\/wp\/v2\/categories?post=102961"},{"taxonomy":"post_tag","embeddable":true,"href":"https:\/\/www.shqiperia.com\/blog\/wp-json\/wp\/v2\/tags?post=102961"}],"curies":[{"name":"wp","href":"https:\/\/api.w.org\/{rel}","templated":true}]}}