{"id":102948,"date":"2026-07-20T12:41:35","date_gmt":"2026-07-20T12:41:35","guid":{"rendered":"https:\/\/www.shqiperia.com\/blog\/?p=102948"},"modified":"2026-07-20T12:41:35","modified_gmt":"2026-07-20T12:41:35","slug":"plazhet-me-baktere-fekale-dhe-plehra-kudo-gazeta-britanike-ujerat-ne-shqiperi-jane-me-te-ndoturat-ne-evrope","status":"publish","type":"post","link":"https:\/\/www.shqiperia.com\/blog\/plazhet-me-baktere-fekale-dhe-plehra-kudo-gazeta-britanike-ujerat-ne-shqiperi-jane-me-te-ndoturat-ne-evrope\/","title":{"rendered":"\u2018Plazhet me baktere-fekale dhe plehra kudo\u2019\/ Gazeta britanike: &#8211; Uj\u00ebrat n\u00eb Shqip\u00ebri jan\u00eb m\u00eb t\u00eb ndoturat n\u00eb Evrop\u00eb"},"content":{"rendered":"<p><img data-recalc-dims=\"1\" loading=\"lazy\" decoding=\"async\" data-attachment-id=\"102949\" data-permalink=\"https:\/\/www.shqiperia.com\/blog\/plazhet-me-baktere-fekale-dhe-plehra-kudo-gazeta-britanike-ujerat-ne-shqiperi-jane-me-te-ndoturat-ne-evrope\/auto_plazhet1784534780\/\" data-orig-file=\"https:\/\/i0.wp.com\/www.shqiperia.com\/blog\/wp-content\/uploads\/2026\/07\/auto_plazhet1784534780.png?fit=900%2C619&amp;ssl=1\" data-orig-size=\"900,619\" data-comments-opened=\"1\" data-image-meta=\"{&quot;aperture&quot;:&quot;0&quot;,&quot;credit&quot;:&quot;&quot;,&quot;camera&quot;:&quot;&quot;,&quot;caption&quot;:&quot;&quot;,&quot;created_timestamp&quot;:&quot;0&quot;,&quot;copyright&quot;:&quot;&quot;,&quot;focal_length&quot;:&quot;0&quot;,&quot;iso&quot;:&quot;0&quot;,&quot;shutter_speed&quot;:&quot;0&quot;,&quot;title&quot;:&quot;&quot;,&quot;orientation&quot;:&quot;0&quot;}\" data-image-title=\"auto_plazhet1784534780\" data-image-description=\"\" data-image-caption=\"\" data-medium-file=\"https:\/\/i0.wp.com\/www.shqiperia.com\/blog\/wp-content\/uploads\/2026\/07\/auto_plazhet1784534780.png?fit=300%2C206&amp;ssl=1\" data-large-file=\"https:\/\/i0.wp.com\/www.shqiperia.com\/blog\/wp-content\/uploads\/2026\/07\/auto_plazhet1784534780.png?fit=900%2C619&amp;ssl=1\" class=\"alignnone  wp-image-102949\" alt=\"\" src=\"https:\/\/i0.wp.com\/www.shqiperia.com\/blog\/wp-content\/uploads\/2026\/07\/auto_plazhet1784534780.png?resize=550%2C378&#038;ssl=1\" width=\"550\" height=\"378\" srcset=\"https:\/\/i0.wp.com\/www.shqiperia.com\/blog\/wp-content\/uploads\/2026\/07\/auto_plazhet1784534780.png?resize=300%2C206&amp;ssl=1 300w, https:\/\/i0.wp.com\/www.shqiperia.com\/blog\/wp-content\/uploads\/2026\/07\/auto_plazhet1784534780.png?resize=768%2C528&amp;ssl=1 768w, https:\/\/i0.wp.com\/www.shqiperia.com\/blog\/wp-content\/uploads\/2026\/07\/auto_plazhet1784534780.png?resize=450%2C310&amp;ssl=1 450w, https:\/\/i0.wp.com\/www.shqiperia.com\/blog\/wp-content\/uploads\/2026\/07\/auto_plazhet1784534780.png?resize=600%2C413&amp;ssl=1 600w, https:\/\/i0.wp.com\/www.shqiperia.com\/blog\/wp-content\/uploads\/2026\/07\/auto_plazhet1784534780.png?resize=400%2C275&amp;ssl=1 400w, https:\/\/i0.wp.com\/www.shqiperia.com\/blog\/wp-content\/uploads\/2026\/07\/auto_plazhet1784534780.png?w=900&amp;ssl=1 900w\" sizes=\"auto, (max-width: 550px) 100vw, 550px\" \/><\/p>\n<p><em><strong>20 Korrik 2026<\/strong><\/em><\/p>\n<p><em><strong>Turist\u00ebt kritikojn\u00eb \u201cMaldivet e Europ\u00ebs\u201d p\u00ebr plazhet me \u201cbaktere fekale\u201d dhe \u201cmbeturina kudo\u201d. Ky vend \u00ebsht\u00eb b\u00ebr\u00eb gjithnj\u00eb e m\u00eb popullor vitet e fundit, pasi \u00ebsht\u00eb krahasuar me destinacione ekzotike si Maldivet. Megjithat\u00eb, nj\u00eb studim i fundit sugjeron se plazhet e tij mund t\u00eb fshehin nj\u00eb sekret jo aq t\u00eb k\u00ebndsh\u00ebm.<\/strong><\/em><\/p>\n<p><strong>Nga Natalie King,<span>\u00a0<\/span><\/strong><\/p>\n<p>Nj\u00eb destinacion shum\u00eb i njohur pushimesh, i quajtur shpesh \u201cMaldivet e Europ\u00ebs\u201d, \u00ebsht\u00eb renditur si vendi me detin m\u00eb t\u00eb ndotur n\u00eb kontinent.<\/p>\n<p>Nj\u00eb studim i revist\u00ebs Which? analizoi 22.289 raporte t\u00eb Agjencis\u00eb Europiane t\u00eb Mjedisit (EEA) mbi cil\u00ebsin\u00eb e uj\u00ebrave p\u00ebr larje dhe numrin e plazheve n\u00eb secilin vend t\u00eb klasifikuara si &#8220;t\u00eb shk\u00eblqyera&#8221; ose &#8220;t\u00eb dob\u00ebta&#8221;.<\/p>\n<p>N\u00eb p\u00ebrgjith\u00ebsi rezultatet ishin pozitive, pasi 96% e plazheve n\u00eb Bashkimin Europian plot\u00ebsonin standardet minimale t\u00eb cil\u00ebsis\u00eb s\u00eb ujit. Megjithat\u00eb, nj\u00eb vend kishte vet\u00ebm 16% t\u00eb uj\u00ebrave t\u00eb tij p\u00ebr larje t\u00eb vler\u00ebsuara si &#8220;t\u00eb shk\u00eblqyera&#8221;. Pavar\u00ebsisht se krahasohet shpesh me Maldivet dhe \u00ebsht\u00eb b\u00ebr\u00eb shum\u00eb popullor vitet e fundit fal\u00eb plazheve me r\u00ebr\u00eb t\u00eb bardh\u00eb, ai u rendit shum\u00eb dob\u00ebt krahasuar me vendet e tjera.<\/p>\n<p>Shqip\u00ebria u rendit n\u00eb fund t\u00eb list\u00ebs. Sipas studimit, 23% e plazheve t\u00eb saj kishin uj\u00eb me cil\u00ebsi t\u00eb dob\u00ebt, q\u00eb do t\u00eb thot\u00eb se &#8220;u konstatuan nivele t\u00eb konsiderueshme bakteresh fekale&#8221;, sipas revist\u00ebs Which?.<\/p>\n<p>P\u00ebr krahasim, n\u00eb Mbret\u00ebrin\u00eb e Bashkuar, vet\u00ebm 7% e plazheve u klasifikuan si me cil\u00ebsi t\u00eb dob\u00ebt.<\/p>\n<p>Deti mund t\u00eb ndotet nga derdhjet e uj\u00ebrave t\u00eb zeza ose rrjedhjet nga aktivitetet bujq\u00ebsore, t\u00eb cilat mund t\u00eb sjellin n\u00eb uj\u00eb baktere si E. coli dhe enterokok\u00ebt intestinal\u00eb.<\/p>\n<p>K\u00ebta ndot\u00ebs mund t\u00eb shkaktojn\u00eb probleme sh\u00ebndet\u00ebsore, nga infeksionet e l\u00ebkur\u00ebs, vesh\u00ebve dhe syve deri te diarreja dhe t\u00eb vjellat. F\u00ebmij\u00ebt dhe t\u00eb moshuarit jan\u00eb ve\u00e7an\u00ebrisht m\u00eb t\u00eb rrezikuar.<\/p>\n<p>Shum\u00eb vizitor\u00eb t\u00eb Shqip\u00ebris\u00eb kan\u00eb ndar\u00eb p\u00ebrvojat e tyre n\u00eb rrjetet sociale.<\/p>\n<p>P\u00ebrdoruesi i TikTok-ut @paveltrips e quajti Durr\u00ebsin &#8220;plazhi m\u00eb i keq n\u00eb Europ\u00eb&#8221;, duke publikuar pamje me mbeturina n\u00eb r\u00ebr\u00eb, boj\u00eb t\u00eb rrjepur n\u00eb nd\u00ebrtesa dhe sht\u00ebpi t\u00eb amortizuara.<\/p>\n<p>Nj\u00eb koment n\u00eb TripAdvisor p\u00ebr zon\u00ebn e plazhit thoshte:<\/p>\n<p>&#8220;Mbeturina t\u00eb shp\u00ebrndara kudo dhe asnj\u00eb shenj\u00eb se dikush po i pastronte. Trotuaret n\u00eb rrug\u00ebn kryesore Rruga Pavar\u00ebsia jan\u00eb t\u00eb d\u00ebmtuara, me shum\u00eb gropa dhe kapak\u00eb kanalizimesh t\u00eb hapur. Nd\u00ebrtesat e larta jan\u00eb bosh, me mure t\u00eb pap\u00ebrfunduara dhe t\u00eb plasaritura. Edhe plazhi ishte plot me mbeturina.&#8221;<\/p>\n<p>Nj\u00eb video tjet\u00ebr tregonte &#8220;pritshm\u00ebrit\u00eb kundrejt realitetit&#8221; n\u00eb Ksamil, i njohur p\u00ebr plazhet fotogjenike me hamake dhe l\u00ebkund\u00ebse mbi uj\u00eb, shum\u00eb t\u00eb preferuara nga influencer\u00ebt.<\/p>\n<p>Megjithat\u00eb, videoja, e filmuar n\u00eb vitin 2024, tregonte hamake t\u00eb grisura, mobilie t\u00eb d\u00ebmtuara dhe kosha plehrash t\u00eb tejmbushur.<\/p>\n<p>Plazhi i Ksamilit ka vet\u00ebm 2,7 yje n\u00eb TripAdvisor.<\/p>\n<p>Nj\u00eb koment nga shtatori 2025 thoshte: &#8220;Plazhi \u00ebsht\u00eb privatizuar pothuajse t\u00ebr\u00ebsisht dhe nuk ka vend ku t\u00eb rrish n\u00ebse nuk shkon n\u00eb nj\u00eb beach bar dhe nuk paguan 10 euro p\u00ebr t\u00eb qen\u00eb n\u00eb nj\u00eb plazh t\u00eb mbipopulluar me shezlong\u00eb t\u00eb vendosur vet\u00ebm pak centimetra larg nj\u00ebri-tjetrit. \u00cbsht\u00eb nj\u00eb vend q\u00eb rrjetet sociale e kan\u00eb reklamuar shum\u00eb, por duhet shmangur.&#8221;<\/p>\n<p>Disa komente t\u00eb tjera ankoheshin p\u00ebr mbipopullimin.<\/p>\n<p>Nj\u00ebri prej tyre shkruante: &#8220;Zhg\u00ebnjim i madh. Nuk kam par\u00eb kurr\u00eb nj\u00eb plazh me kaq shum\u00eb shezlong\u00eb dhe \u00e7adra. Pothuajse nuk shihej fare r\u00ebra. Muzika e fort\u00eb dominon gjith\u00eb koh\u00ebn. Duhet shmangur n\u00ebse k\u00ebrkon qet\u00ebsi, hijeshi dhe relaks.&#8221;<\/p>\n<p>Pushuesit k\u00ebshillohen t\u00eb kontrollojn\u00eb hart\u00ebn interaktive t\u00eb EEA-s\u00eb p\u00ebrpara se t\u00eb notojn\u00eb n\u00eb Europ\u00eb, pasi ajo tregon n\u00ebse nj\u00eb plazh apo liqen p\u00ebrmbush standardet e Bashkimit Europian p\u00ebr past\u00ebrtin\u00eb e ujit.<\/p>\n<p>N\u00eb Mbret\u00ebrin\u00eb e Bashkuar, aplikacioni Safer Seas &amp; Rivers Service mbulon mbi 450 zona, duke u mund\u00ebsuar p\u00ebrdoruesve t\u00eb shohin n\u00ebse ka paralajm\u00ebrime p\u00ebr cil\u00ebsin\u00eb e ujit.<\/p>\n<p>Megjithat\u00eb, studimi vuri n\u00eb dukje se disa zona n\u00eb Shqip\u00ebri kan\u00eb uj\u00eb me cil\u00ebsi t\u00eb shk\u00eblqyer, si Dh\u00ebrmiu, nj\u00eb fshat me dy plazhe, dhe Vlora, qyteti i tret\u00eb m\u00eb i madh n\u00eb vend dhe nj\u00eb destinacion i njohur bregdetar.<\/p>\n<p>N\u00eb krye t\u00eb renditjes s\u00eb Which? u rendit Qiproja, ku 100% e plazheve kishin uj\u00eb t\u00eb klasifikuar si &#8220;i shk\u00eblqyer&#8221;, e ndjekur nga Greqia me 97,1%.<\/p>\n","protected":false},"excerpt":{"rendered":"<p>20 Korrik 2026 Turist\u00ebt kritikojn\u00eb \u201cMaldivet e Europ\u00ebs\u201d p\u00ebr plazhet me \u201cbaktere fekale\u201d dhe \u201cmbeturina kudo\u201d. Ky vend \u00ebsht\u00eb b\u00ebr\u00eb gjithnj\u00eb e m\u00eb popullor vitet e fundit, pasi \u00ebsht\u00eb krahasuar me destinacione ekzotike si Maldivet. Megjithat\u00eb, nj\u00eb studim i fundit sugjeron se plazhet e tij mund t\u00eb fshehin nj\u00eb sekret jo aq t\u00eb k\u00ebndsh\u00ebm. Nga [&hellip;]<\/p>\n","protected":false},"author":9,"featured_media":102949,"comment_status":"open","ping_status":"open","sticky":false,"template":"","format":"standard","meta":{"jetpack_post_was_ever_published":false,"_jetpack_newsletter_access":"","_jetpack_dont_email_post_to_subs":false,"_jetpack_newsletter_tier_id":0,"_jetpack_memberships_contains_paywalled_content":false,"_jetpack_memberships_contains_paid_content":false,"footnotes":"","jetpack_publicize_message":"","jetpack_publicize_feature_enabled":true,"jetpack_social_post_already_shared":true,"jetpack_social_options":{"image_generator_settings":{"template":"highway","default_image_id":0,"font":"","enabled":false},"version":2}},"categories":[27,10,1,14,35],"tags":[],"class_list":["post-102948","post","type-post","status-publish","format-standard","has-post-thumbnail","hentry","category-blogu-i-udhetarit","category-kultura","category-njoftime-shtypi","category-press-releases","category-shoqerore"],"jetpack_publicize_connections":[],"jetpack_featured_media_url":"https:\/\/i0.wp.com\/www.shqiperia.com\/blog\/wp-content\/uploads\/2026\/07\/auto_plazhet1784534780.png?fit=900%2C619&ssl=1","jetpack_sharing_enabled":true,"jetpack_shortlink":"https:\/\/wp.me\/p5Z6wp-qMs","jetpack-related-posts":[{"id":103266,"url":"https:\/\/www.shqiperia.com\/blog\/mali-i-perendive-ne-greqi-hyn-ne-unesco\/","url_meta":{"origin":102948,"position":0},"title":"Mali i \u201cPer\u00ebndive\u201d n\u00eb Greqi hyn n\u00eb UNESCO","author":"Kurt Farka","date":"July 27, 2026","format":false,"excerpt":"26 Korrik 2026 Mali i Olimpit n\u00eb Greqi dhe plazhet e zbarkimit t\u00eb aleat\u00ebve n\u00eb Franc\u00ebn Veriore gjat\u00eb Luft\u00ebs s\u00eb Dyt\u00eb Bot\u00ebrore iu shtuan List\u00ebs s\u00eb Trash\u00ebgimis\u00eb Bot\u00ebrore. Vendimi u miratua unanimisht n\u00eb sesionin e 48-t\u00eb t\u00eb Komitetit t\u00eb Trash\u00ebgimis\u00eb Bot\u00ebrore n\u00eb Busan t\u00eb Kores\u00eb s\u00eb Jugut, duke e b\u00ebr\u00eb\u2026","rel":"","context":"In &quot;Blogu i Udh\u00ebtarit&quot;","block_context":{"text":"Blogu i Udh\u00ebtarit","link":"https:\/\/www.shqiperia.com\/blog\/category\/blogu-i-udhetarit\/"},"img":{"alt_text":"","src":"https:\/\/i0.wp.com\/www.shqiperia.com\/blog\/wp-content\/uploads\/2026\/07\/8273b236-10oreibates-sth-skala-1.webp?fit=1200%2C720&ssl=1&resize=350%2C200","width":350,"height":200,"srcset":"https:\/\/i0.wp.com\/www.shqiperia.com\/blog\/wp-content\/uploads\/2026\/07\/8273b236-10oreibates-sth-skala-1.webp?fit=1200%2C720&ssl=1&resize=350%2C200 1x, https:\/\/i0.wp.com\/www.shqiperia.com\/blog\/wp-content\/uploads\/2026\/07\/8273b236-10oreibates-sth-skala-1.webp?fit=1200%2C720&ssl=1&resize=525%2C300 1.5x, https:\/\/i0.wp.com\/www.shqiperia.com\/blog\/wp-content\/uploads\/2026\/07\/8273b236-10oreibates-sth-skala-1.webp?fit=1200%2C720&ssl=1&resize=700%2C400 2x, https:\/\/i0.wp.com\/www.shqiperia.com\/blog\/wp-content\/uploads\/2026\/07\/8273b236-10oreibates-sth-skala-1.webp?fit=1200%2C720&ssl=1&resize=1050%2C600 3x"},"classes":[]},{"id":102550,"url":"https:\/\/www.shqiperia.com\/blog\/topa-hapesinore-bien-ne-plazhet-e-australise-nisin-hetimet\/","url_meta":{"origin":102948,"position":1},"title":"\u201cTopa hap\u00ebsinor\u00eb\u201d bien n\u00eb plazhet e Australis\u00eb, nisin hetimet&#8230;","author":"Kurt Farka","date":"July 12, 2026","format":false,"excerpt":"12 Korrik 2026 Gjasht\u00eb objekte t\u00eb m\u00ebdha metalike dhe misterioze jan\u00eb gjetur n\u00eb plazhet e veriut t\u00eb Queensland-it n\u00eb Australi, duke shkaktuar kuriozitet dhe shqet\u00ebsim tek autoritetet. Dyshimet e para jan\u00eb se b\u00ebhet fjal\u00eb p\u00ebr t\u00eb ashtuquajturat \u201ctopa hap\u00ebsinor\u00eb\u201d \u2013 pjes\u00eb t\u00eb raketave q\u00eb kan\u00eb mbetur pas misioneve hap\u00ebsinore dhe\u2026","rel":"","context":"In &quot;Blogu i Udh\u00ebtarit&quot;","block_context":{"text":"Blogu i Udh\u00ebtarit","link":"https:\/\/www.shqiperia.com\/blog\/category\/blogu-i-udhetarit\/"},"img":{"alt_text":"","src":"https:\/\/i0.wp.com\/www.shqiperia.com\/blog\/wp-content\/uploads\/2026\/07\/640-0-baustralia-1783713757.png?fit=640%2C365&ssl=1&resize=350%2C200","width":350,"height":200,"srcset":"https:\/\/i0.wp.com\/www.shqiperia.com\/blog\/wp-content\/uploads\/2026\/07\/640-0-baustralia-1783713757.png?fit=640%2C365&ssl=1&resize=350%2C200 1x, https:\/\/i0.wp.com\/www.shqiperia.com\/blog\/wp-content\/uploads\/2026\/07\/640-0-baustralia-1783713757.png?fit=640%2C365&ssl=1&resize=525%2C300 1.5x"},"classes":[]},{"id":103966,"url":"https:\/\/www.shqiperia.com\/blog\/shqiptari-nga-gjermania-ia-numeron-rames-na-ka-vjedhur-kjo-eshte-mundesia-e-fundit-per-ndryshim\/","url_meta":{"origin":102948,"position":2},"title":"Shqiptari nga Gjermania ia num\u00ebron Ram\u00ebs: = Na ka vjedhur! Kjo \u00ebsht\u00eb mund\u00ebsia e fundit p\u00ebr ndryshim","author":"Kurt Farka","date":"August 7, 2026","format":false,"excerpt":"7 Gusht 2026 \u201cPo mos t\u00eb ishte News24, protesta do t\u00eb ishte shuar\u201d. Nj\u00eb qytetar shqiptar q\u00eb jeton n\u00eb Gjermani i \u00ebsht\u00eb bashkuar protest\u00ebs s\u00eb zhvilluar n\u00eb Sheshin Sk\u00ebnderbej, duke e cil\u00ebsuar at\u00eb si nj\u00eb nga momentet m\u00eb t\u00eb r\u00ebnd\u00ebsishme p\u00ebr vendin gjat\u00eb dekadave t\u00eb fundit. Ai tha se protesta\u2026","rel":"","context":"In &quot;Blogu i Udh\u00ebtarit&quot;","block_context":{"text":"Blogu i Udh\u00ebtarit","link":"https:\/\/www.shqiperia.com\/blog\/category\/blogu-i-udhetarit\/"},"img":{"alt_text":"","src":"https:\/\/i0.wp.com\/www.shqiperia.com\/blog\/wp-content\/uploads\/2026\/08\/diaspora-1.jpg?fit=1200%2C549&ssl=1&resize=350%2C200","width":350,"height":200,"srcset":"https:\/\/i0.wp.com\/www.shqiperia.com\/blog\/wp-content\/uploads\/2026\/08\/diaspora-1.jpg?fit=1200%2C549&ssl=1&resize=350%2C200 1x, https:\/\/i0.wp.com\/www.shqiperia.com\/blog\/wp-content\/uploads\/2026\/08\/diaspora-1.jpg?fit=1200%2C549&ssl=1&resize=525%2C300 1.5x, https:\/\/i0.wp.com\/www.shqiperia.com\/blog\/wp-content\/uploads\/2026\/08\/diaspora-1.jpg?fit=1200%2C549&ssl=1&resize=700%2C400 2x, https:\/\/i0.wp.com\/www.shqiperia.com\/blog\/wp-content\/uploads\/2026\/08\/diaspora-1.jpg?fit=1200%2C549&ssl=1&resize=1050%2C600 3x"},"classes":[]},{"id":101041,"url":"https:\/\/www.shqiperia.com\/blog\/proteste-madheshtore-dhe-civile-ish-ambasadori-tarifa-i-kujton-lidershipit-se-populli-te-zgjedh-mjaft-me\/","url_meta":{"origin":102948,"position":3},"title":"\u201cProtest\u00eb madh\u00ebshtore dhe civile\u201d, ish-ambasadori Tarifa: &#8211; I kujton lidershipit se populli t\u00eb zgjedh, mjaft me\u2026","author":"Kurt Farka","date":"June 3, 2026","format":false,"excerpt":"3 Qershor 2026 Ish-ambasadori dhe diplomati Fatos Tarifa, i ftuar n\u00eb nj\u00eb studio televizive ka komentuar protest\u00ebn e radh\u00ebs q\u00eb u zhvillua sot n\u00eb kryeqytet. Tarifa e cil\u00ebsoi k\u00ebt\u00eb tubim si nj\u00eb protest\u00eb t\u00ebr\u00ebsisht qytetare, legjitime dhe t\u00eb vonuar, duke v\u00ebn\u00eb n\u00eb dukje kultur\u00ebn e lart\u00eb t\u00eb treguar nga pjes\u00ebmarr\u00ebsit.\u2026","rel":"","context":"In &quot;Blogu i Udh\u00ebtarit&quot;","block_context":{"text":"Blogu i Udh\u00ebtarit","link":"https:\/\/www.shqiperia.com\/blog\/category\/blogu-i-udhetarit\/"},"img":{"alt_text":"","src":"https:\/\/i0.wp.com\/www.shqiperia.com\/blog\/wp-content\/uploads\/2026\/06\/WhatsApp-Image-2026-06-02-at-21.14.58-1-675x450-1-2.jpeg?fit=675%2C450&ssl=1&resize=350%2C200","width":350,"height":200,"srcset":"https:\/\/i0.wp.com\/www.shqiperia.com\/blog\/wp-content\/uploads\/2026\/06\/WhatsApp-Image-2026-06-02-at-21.14.58-1-675x450-1-2.jpeg?fit=675%2C450&ssl=1&resize=350%2C200 1x, https:\/\/i0.wp.com\/www.shqiperia.com\/blog\/wp-content\/uploads\/2026\/06\/WhatsApp-Image-2026-06-02-at-21.14.58-1-675x450-1-2.jpeg?fit=675%2C450&ssl=1&resize=525%2C300 1.5x"},"classes":[]},{"id":104977,"url":"https:\/\/www.shqiperia.com\/blog\/ditmir-bushati-hapesirat-publike-jane-privatizuar-nga-nje-grusht-njerezish\/","url_meta":{"origin":102948,"position":4},"title":"Ditmir Bushati: &#8211; Hap\u00ebsirat publike jan\u00eb \u201cprivatizuar\u201d nga nj\u00eb grusht njer\u00ebzish!","author":"Kurt Farka","date":"August 22, 2026","format":false,"excerpt":"22 Gusht 2026 Ish-ministri i Jasht\u00ebm, Ditmir Bushati ka komentuar protestat q\u00eb prej 84 dit\u00ebsh k\u00ebrkojn\u00eb dor\u00ebheqjen e Edi Ram\u00ebs, duke i cil\u00ebsuar ato si nd\u00ebr l\u00ebvizjet m\u00eb masive q\u00eb jan\u00eb par\u00eb n\u00eb vend q\u00eb prej r\u00ebnies s\u00eb komunizmit. Bushati argumentoi p\u00ebr TheNewsAgents se pas protestave q\u00ebndron nj\u00eb pak\u00ebnaq\u00ebsi shum\u00eb\u2026","rel":"","context":"In &quot;Blogu i Udh\u00ebtarit&quot;","block_context":{"text":"Blogu i Udh\u00ebtarit","link":"https:\/\/www.shqiperia.com\/blog\/category\/blogu-i-udhetarit\/"},"img":{"alt_text":"","src":"https:\/\/i0.wp.com\/www.shqiperia.com\/blog\/wp-content\/uploads\/2026\/08\/bushati.jpg?fit=799%2C498&ssl=1&resize=350%2C200","width":350,"height":200,"srcset":"https:\/\/i0.wp.com\/www.shqiperia.com\/blog\/wp-content\/uploads\/2026\/08\/bushati.jpg?fit=799%2C498&ssl=1&resize=350%2C200 1x, https:\/\/i0.wp.com\/www.shqiperia.com\/blog\/wp-content\/uploads\/2026\/08\/bushati.jpg?fit=799%2C498&ssl=1&resize=525%2C300 1.5x, https:\/\/i0.wp.com\/www.shqiperia.com\/blog\/wp-content\/uploads\/2026\/08\/bushati.jpg?fit=799%2C498&ssl=1&resize=700%2C400 2x"},"classes":[]},{"id":104722,"url":"https:\/\/www.shqiperia.com\/blog\/shqiperia-nuk-do-te-pasurohet-nga-turizmi-dhe-as-duke-shkaterruar-ate-qe-e-ben-unike\/","url_meta":{"origin":102948,"position":5},"title":"Shqip\u00ebria nuk do t\u00eb pasurohet nga turizmi dhe as duke shkat\u00ebrruar at\u00eb q\u00eb e b\u00ebn unike","author":"Kurt Farka","date":"August 19, 2026","format":false,"excerpt":"19 Gusht 2026 Panajota Seva \u2013 Agolli\u00a0 Shqip\u00ebria po p\u00ebrjeton nj\u00eb bum turistik. Numri i vizitor\u00ebve rritet, hotelet shtohen, \u00e7mimet e tok\u00ebs n\u00eb bregdet shum\u00ebfishohen dhe investimet turistike paraqiten pothuajse \u00e7do dit\u00eb si prova se vendi po ec\u00ebn drejt prosperitetit. N\u00eb k\u00ebt\u00eb atmosfer\u00eb, kund\u00ebrshtimi ndaj nd\u00ebrtimeve n\u00eb zona si Narta\u2026","rel":"","context":"In &quot;Histori&quot;","block_context":{"text":"Histori","link":"https:\/\/www.shqiperia.com\/blog\/category\/histori\/"},"img":{"alt_text":"","src":"https:\/\/i0.wp.com\/www.shqiperia.com\/blog\/wp-content\/uploads\/2026\/08\/IMG_5686-1.jpeg?fit=1200%2C801&ssl=1&resize=350%2C200","width":350,"height":200,"srcset":"https:\/\/i0.wp.com\/www.shqiperia.com\/blog\/wp-content\/uploads\/2026\/08\/IMG_5686-1.jpeg?fit=1200%2C801&ssl=1&resize=350%2C200 1x, https:\/\/i0.wp.com\/www.shqiperia.com\/blog\/wp-content\/uploads\/2026\/08\/IMG_5686-1.jpeg?fit=1200%2C801&ssl=1&resize=525%2C300 1.5x, https:\/\/i0.wp.com\/www.shqiperia.com\/blog\/wp-content\/uploads\/2026\/08\/IMG_5686-1.jpeg?fit=1200%2C801&ssl=1&resize=700%2C400 2x, https:\/\/i0.wp.com\/www.shqiperia.com\/blog\/wp-content\/uploads\/2026\/08\/IMG_5686-1.jpeg?fit=1200%2C801&ssl=1&resize=1050%2C600 3x"},"classes":[]}],"_links":{"self":[{"href":"https:\/\/www.shqiperia.com\/blog\/wp-json\/wp\/v2\/posts\/102948","targetHints":{"allow":["GET"]}}],"collection":[{"href":"https:\/\/www.shqiperia.com\/blog\/wp-json\/wp\/v2\/posts"}],"about":[{"href":"https:\/\/www.shqiperia.com\/blog\/wp-json\/wp\/v2\/types\/post"}],"author":[{"embeddable":true,"href":"https:\/\/www.shqiperia.com\/blog\/wp-json\/wp\/v2\/users\/9"}],"replies":[{"embeddable":true,"href":"https:\/\/www.shqiperia.com\/blog\/wp-json\/wp\/v2\/comments?post=102948"}],"version-history":[{"count":1,"href":"https:\/\/www.shqiperia.com\/blog\/wp-json\/wp\/v2\/posts\/102948\/revisions"}],"predecessor-version":[{"id":102950,"href":"https:\/\/www.shqiperia.com\/blog\/wp-json\/wp\/v2\/posts\/102948\/revisions\/102950"}],"wp:featuredmedia":[{"embeddable":true,"href":"https:\/\/www.shqiperia.com\/blog\/wp-json\/wp\/v2\/media\/102949"}],"wp:attachment":[{"href":"https:\/\/www.shqiperia.com\/blog\/wp-json\/wp\/v2\/media?parent=102948"}],"wp:term":[{"taxonomy":"category","embeddable":true,"href":"https:\/\/www.shqiperia.com\/blog\/wp-json\/wp\/v2\/categories?post=102948"},{"taxonomy":"post_tag","embeddable":true,"href":"https:\/\/www.shqiperia.com\/blog\/wp-json\/wp\/v2\/tags?post=102948"}],"curies":[{"name":"wp","href":"https:\/\/api.w.org\/{rel}","templated":true}]}}