{"id":102945,"date":"2026-07-20T00:46:35","date_gmt":"2026-07-20T00:46:35","guid":{"rendered":"https:\/\/www.shqiperia.com\/blog\/?p=102945"},"modified":"2026-07-20T00:46:35","modified_gmt":"2026-07-20T00:46:35","slug":"nuk-ikim-pa-ikur-ju-protestuesit-sna-shantazhoni-dot-nuk-e-negociojme-me-dinjitetin-rama-na-tha-serbe-dhe-greke-por-ne-shesh-ka-vetem-shqiptare-te-revoltuar","status":"publish","type":"post","link":"https:\/\/www.shqiperia.com\/blog\/nuk-ikim-pa-ikur-ju-protestuesit-sna-shantazhoni-dot-nuk-e-negociojme-me-dinjitetin-rama-na-tha-serbe-dhe-greke-por-ne-shesh-ka-vetem-shqiptare-te-revoltuar\/","title":{"rendered":"\u201cNuk ikim pa ikur ju!\u201d\/ Protestuesit: &#8211; S\u2019na shantazhoni dot, nuk e negociojm\u00eb m\u00eb dinjitetin! Rama na tha serb\u00eb dhe grek\u00eb, por n\u00eb shesh ka vet\u00ebm shqiptar\u00eb t\u00eb revoltuar"},"content":{"rendered":"<p><img data-recalc-dims=\"1\" loading=\"lazy\" decoding=\"async\" data-attachment-id=\"102946\" data-permalink=\"https:\/\/www.shqiperia.com\/blog\/nuk-ikim-pa-ikur-ju-protestuesit-sna-shantazhoni-dot-nuk-e-negociojme-me-dinjitetin-rama-na-tha-serbe-dhe-greke-por-ne-shesh-ka-vetem-shqiptare-te-revoltuar\/capture-192\/\" data-orig-file=\"https:\/\/i0.wp.com\/www.shqiperia.com\/blog\/wp-content\/uploads\/2026\/07\/Capture-192.jpg?fit=1284%2C686&amp;ssl=1\" data-orig-size=\"1284,686\" data-comments-opened=\"1\" data-image-meta=\"{&quot;aperture&quot;:&quot;0&quot;,&quot;credit&quot;:&quot;Redaksia&quot;,&quot;camera&quot;:&quot;&quot;,&quot;caption&quot;:&quot;&quot;,&quot;created_timestamp&quot;:&quot;1784494228&quot;,&quot;copyright&quot;:&quot;&quot;,&quot;focal_length&quot;:&quot;0&quot;,&quot;iso&quot;:&quot;0&quot;,&quot;shutter_speed&quot;:&quot;0&quot;,&quot;title&quot;:&quot;&quot;,&quot;orientation&quot;:&quot;0&quot;}\" data-image-title=\"Capture-192\" data-image-description=\"\" data-image-caption=\"\" data-medium-file=\"https:\/\/i0.wp.com\/www.shqiperia.com\/blog\/wp-content\/uploads\/2026\/07\/Capture-192.jpg?fit=300%2C160&amp;ssl=1\" data-large-file=\"https:\/\/i0.wp.com\/www.shqiperia.com\/blog\/wp-content\/uploads\/2026\/07\/Capture-192.jpg?fit=1024%2C547&amp;ssl=1\" class=\"alignnone  wp-image-102946\" alt=\"\" src=\"https:\/\/i0.wp.com\/www.shqiperia.com\/blog\/wp-content\/uploads\/2026\/07\/Capture-192.jpg?resize=698%2C372&#038;ssl=1\" width=\"698\" height=\"372\" srcset=\"https:\/\/i0.wp.com\/www.shqiperia.com\/blog\/wp-content\/uploads\/2026\/07\/Capture-192.jpg?resize=300%2C160&amp;ssl=1 300w, https:\/\/i0.wp.com\/www.shqiperia.com\/blog\/wp-content\/uploads\/2026\/07\/Capture-192.jpg?resize=1024%2C547&amp;ssl=1 1024w, https:\/\/i0.wp.com\/www.shqiperia.com\/blog\/wp-content\/uploads\/2026\/07\/Capture-192.jpg?resize=768%2C410&amp;ssl=1 768w, https:\/\/i0.wp.com\/www.shqiperia.com\/blog\/wp-content\/uploads\/2026\/07\/Capture-192.jpg?resize=450%2C240&amp;ssl=1 450w, https:\/\/i0.wp.com\/www.shqiperia.com\/blog\/wp-content\/uploads\/2026\/07\/Capture-192.jpg?resize=600%2C321&amp;ssl=1 600w, https:\/\/i0.wp.com\/www.shqiperia.com\/blog\/wp-content\/uploads\/2026\/07\/Capture-192.jpg?resize=400%2C214&amp;ssl=1 400w, https:\/\/i0.wp.com\/www.shqiperia.com\/blog\/wp-content\/uploads\/2026\/07\/Capture-192.jpg?w=1284&amp;ssl=1 1284w\" sizes=\"auto, (max-width: 698px) 100vw, 698px\" \/><\/p>\n<p>20 Korrik 2026<\/p>\n<p>Nj\u00eb prej fjalimeve q\u00eb t\u00ebrhoqi v\u00ebmendjen gjat\u00eb protest\u00ebs s\u00eb dit\u00ebs s\u00eb 50-t\u00eb ishte ai i nj\u00eb qytetareje, e cila deklaroi se protestuesit do t\u00eb vijojn\u00eb rezistenc\u00ebn deri n\u00eb p\u00ebrmbushjen e k\u00ebrkesave t\u00eb tyre<\/p>\n<p>N\u00eb fjal\u00ebn e saj, ajo kund\u00ebrshtoi etiketimet q\u00eb, sipas saj, u jan\u00eb b\u00ebr\u00eb pjes\u00ebmarr\u00ebsve t\u00eb protest\u00ebs.<br \/>\n\u201cNa than\u00eb rus\u00eb, serb\u00eb, grek\u00eb e t\u00eb shitur, por n\u00eb k\u00ebto 50 dit\u00eb nuk kan\u00eb kuptuar se k\u00ebtu ka vet\u00ebm shqiptar\u00eb t\u00eb ndersh\u00ebm dhe t\u00eb revoltuar. U munduan t\u00eb na delegjitimojn\u00eb, por nuk ia dol\u00ebn\u201d, u shpreh ajo.<\/p>\n<p>Protestuesja tha se qytetar\u00ebt nuk do t\u00eb largohen nga sheshi derisa t\u00eb shohin ndryshime konkrete n\u00eb vend.<\/p>\n<p>\u201cNa pyesin se kur do t\u00eb ikim nga sheshi. Do t\u00eb ikim kur n\u00eb spitale t\u00eb ket\u00eb ila\u00e7e dhe qytetar\u00ebt t\u00eb mos detyrohen t\u2019i blejn\u00eb vet\u00eb. Kur n\u00eb shkolla f\u00ebmij\u00ebt t\u00eb jen\u00eb t\u00eb sigurt dhe m\u00ebsuesit t\u00eb mos p\u00ebrdoren p\u00ebr interesa politike. Kur baballar\u00ebt tan\u00eb, pun\u00ebtor\u00eb nd\u00ebrtimi, t\u00eb mos humbin jet\u00ebn n\u00eb vendin e pun\u00ebs pa mbajtur askush p\u00ebrgjegj\u00ebsi. Kur blegtor\u00ebt t\u00eb mos detyrohen t\u00eb hedhin produktet e tyre\u201d, deklaroi ajo.<\/p>\n<p>N\u00eb vijim t\u00eb fjal\u00ebs s\u00eb saj, protestuesja foli edhe p\u00ebr t\u00eb rinjt\u00eb, duke theksuar se ata duhet t\u00eb ken\u00eb mund\u00ebsi t\u00eb nd\u00ebrtojn\u00eb jet\u00ebn n\u00eb Shqip\u00ebri.<\/p>\n<p>\u201cDo t\u00eb ikim kur t\u00eb rinjt\u00eb t\u00eb mbarojn\u00eb shkoll\u00ebn me besimin se do t\u00eb punojn\u00eb n\u00eb Shqip\u00ebri dhe jo t\u00eb mendojn\u00eb largimin si zgjidhjen e vetme\u201d, tha ajo.<\/p>\n<p>Ajo theksoi se pjes\u00ebmarr\u00ebsit nuk protestojn\u00eb p\u00ebr interesa personale, por p\u00ebr dinjitet dhe p\u00ebr nj\u00eb t\u00eb ardhme ndryshe.<\/p>\n<p>\u201cNuk jemi k\u00ebtu p\u00ebr interesa vetjake, p\u00ebr pushtet apo p\u00ebr ndjek\u00ebs n\u00eb rrjetet sociale. Jemi k\u00ebtu p\u00ebr t\u00eb th\u00ebn\u00eb se nuk e negociojm\u00eb m\u00eb dinjitetin ton\u00eb dhe \u00ebndrr\u00ebn p\u00ebr nj\u00eb Shqip\u00ebri t\u00eb re, t\u00eb lir\u00eb dhe demokratike. Nuk na shantazhoni dot m\u00eb. Jemi k\u00ebtu p\u00ebr t\u2019ju th\u00ebn\u00eb: Nuk ikim pa ikur ju\u201d, p\u00ebrfundoi protestuesja.<\/p>\n","protected":false},"excerpt":{"rendered":"<p>20 Korrik 2026 Nj\u00eb prej fjalimeve q\u00eb t\u00ebrhoqi v\u00ebmendjen gjat\u00eb protest\u00ebs s\u00eb dit\u00ebs s\u00eb 50-t\u00eb ishte ai i nj\u00eb qytetareje, e cila deklaroi se protestuesit do t\u00eb vijojn\u00eb rezistenc\u00ebn deri n\u00eb p\u00ebrmbushjen e k\u00ebrkesave t\u00eb tyre N\u00eb fjal\u00ebn e saj, ajo kund\u00ebrshtoi etiketimet q\u00eb, sipas saj, u jan\u00eb b\u00ebr\u00eb pjes\u00ebmarr\u00ebsve t\u00eb protest\u00ebs. \u201cNa than\u00eb rus\u00eb, [&hellip;]<\/p>\n","protected":false},"author":9,"featured_media":102946,"comment_status":"open","ping_status":"open","sticky":false,"template":"","format":"standard","meta":{"jetpack_post_was_ever_published":false,"_jetpack_newsletter_access":"","_jetpack_dont_email_post_to_subs":false,"_jetpack_newsletter_tier_id":0,"_jetpack_memberships_contains_paywalled_content":false,"_jetpack_memberships_contains_paid_content":false,"footnotes":"","jetpack_publicize_message":"","jetpack_publicize_feature_enabled":true,"jetpack_social_post_already_shared":true,"jetpack_social_options":{"image_generator_settings":{"template":"highway","default_image_id":0,"font":"","enabled":false},"version":2}},"categories":[27,1,2,35],"tags":[],"class_list":["post-102945","post","type-post","status-publish","format-standard","has-post-thumbnail","hentry","category-blogu-i-udhetarit","category-njoftime-shtypi","category-politika","category-shoqerore"],"jetpack_publicize_connections":[],"jetpack_featured_media_url":"https:\/\/i0.wp.com\/www.shqiperia.com\/blog\/wp-content\/uploads\/2026\/07\/Capture-192.jpg?fit=1284%2C686&ssl=1","jetpack_sharing_enabled":true,"jetpack_shortlink":"https:\/\/wp.me\/p5Z6wp-qMp","jetpack-related-posts":[{"id":100999,"url":"https:\/\/www.shqiperia.com\/blog\/protestuesi-me-thirrje-te-forte-doreheqje-nuk-ikim-nga-sheshi-pa-u-larguar-rama\/","url_meta":{"origin":102945,"position":0},"title":"Protestuesi me thirrje t\u00eb fort\u00eb: &#8211; Dor\u00ebheqje! &#8211; Nuk ikim nga sheshi pa u larguar Rama","author":"Kurt Farka","date":"June 3, 2026","format":false,"excerpt":"3 Qershor 2026. Mbreme (4 qershor) ne disa televizioni nga drejtuesit e emisioneve shtrohej ceshtja: po te anulohet projekti i Zvernecit, a shuhet protesta. Nuk guconin drejtuesit e emisioneve te permendin se protestuesit kane kerkuar dorheqjen e Rames. Edhe aktivistet (e perzgjadhur) temen dhe moton baze te protestes nuk e\u2026","rel":"","context":"In &quot;Blogu i Udh\u00ebtarit&quot;","block_context":{"text":"Blogu i Udh\u00ebtarit","link":"https:\/\/www.shqiperia.com\/blog\/category\/blogu-i-udhetarit\/"},"img":{"alt_text":"","src":"https:\/\/i0.wp.com\/www.shqiperia.com\/blog\/wp-content\/uploads\/2026\/06\/cdfa4b07-aa2c-4b7c-9705-0d26b321c7a8.jpg?fit=900%2C506&ssl=1&resize=350%2C200","width":350,"height":200,"srcset":"https:\/\/i0.wp.com\/www.shqiperia.com\/blog\/wp-content\/uploads\/2026\/06\/cdfa4b07-aa2c-4b7c-9705-0d26b321c7a8.jpg?fit=900%2C506&ssl=1&resize=350%2C200 1x, https:\/\/i0.wp.com\/www.shqiperia.com\/blog\/wp-content\/uploads\/2026\/06\/cdfa4b07-aa2c-4b7c-9705-0d26b321c7a8.jpg?fit=900%2C506&ssl=1&resize=525%2C300 1.5x, https:\/\/i0.wp.com\/www.shqiperia.com\/blog\/wp-content\/uploads\/2026\/06\/cdfa4b07-aa2c-4b7c-9705-0d26b321c7a8.jpg?fit=900%2C506&ssl=1&resize=700%2C400 2x"},"classes":[]},{"id":103958,"url":"https:\/\/www.shqiperia.com\/blog\/protestuesja-kujton-eksodin-e-7-gushtit-1991-me-anijen-vlora-nuk-duam-me-te-ikim-shqiperia-eshte-e-jona\/","url_meta":{"origin":102945,"position":1},"title":"Protestuesja kujton eksodin e 7 gushtit 1991 me anijen Vlora: &#8211; Nuk duam m\u00eb t\u00eb ikim, Shqip\u00ebria \u00ebsht\u00eb e jona!","author":"Kurt Farka","date":"August 7, 2026","format":false,"excerpt":"7 Gusht 2026 Nj\u00eb protestuese, gjat\u00eb tubimit para Kryeministris\u00eb, kujtoi eksodin e 7 gushtit 1991 me anijen \u201cVlora\u201d, duke e lidhur at\u00eb me situat\u00ebn e sotme dhe mesazhin e protest\u00ebs. Ajo tha se kjo dat\u00eb mbetet simbol i largimit masiv t\u00eb shqiptar\u00ebve, nd\u00ebrsa theksoi se sot qytetar\u00ebt jan\u00eb mbledhur n\u00eb\u2026","rel":"","context":"In &quot;Blogu i Udh\u00ebtarit&quot;","block_context":{"text":"Blogu i Udh\u00ebtarit","link":"https:\/\/www.shqiperia.com\/blog\/category\/blogu-i-udhetarit\/"},"img":{"alt_text":"","src":"https:\/\/i0.wp.com\/www.shqiperia.com\/blog\/wp-content\/uploads\/2026\/08\/vite-1.jpg?fit=639%2C362&ssl=1&resize=350%2C200","width":350,"height":200,"srcset":"https:\/\/i0.wp.com\/www.shqiperia.com\/blog\/wp-content\/uploads\/2026\/08\/vite-1.jpg?fit=639%2C362&ssl=1&resize=350%2C200 1x, https:\/\/i0.wp.com\/www.shqiperia.com\/blog\/wp-content\/uploads\/2026\/08\/vite-1.jpg?fit=639%2C362&ssl=1&resize=525%2C300 1.5x"},"classes":[]},{"id":103736,"url":"https:\/\/www.shqiperia.com\/blog\/nela-ngre-alarmin-hapja-e-konsullates-serbe-ne-shkoder-ka-nje-qellim-tjeter\/","url_meta":{"origin":102945,"position":2},"title":"Nela ngre alarmin: &#8211; Hapja e konsullat\u00ebs serbe n\u00eb Shkod\u00ebr ka nj\u00eb q\u00ebllim tjet\u00ebr","author":"Kurt Farka","date":"August 4, 2026","format":false,"excerpt":"4 Gusht 2026 Publicisti Milaim Nela ka kritikuar reagimet e politik\u00ebs shqiptare lidhur me planin p\u00ebr hapjen e Konsullat\u00ebs s\u00eb Serbis\u00eb n\u00eb Shkod\u00ebr, duke i cil\u00ebsuar ato si t\u00eb vak\u00ebta. N\u00eb nj\u00eb reagim publik, Nela shprehet se hapja e konsullat\u00ebs nuk \u00ebsht\u00eb \u00e7\u00ebshtje reciprociteti, por sipas tij synon krijimin e\u2026","rel":"","context":"In &quot;Blogu i Udh\u00ebtarit&quot;","block_context":{"text":"Blogu i Udh\u00ebtarit","link":"https:\/\/www.shqiperia.com\/blog\/category\/blogu-i-udhetarit\/"},"img":{"alt_text":"","src":"https:\/\/i0.wp.com\/www.shqiperia.com\/blog\/wp-content\/uploads\/2026\/08\/01000000-0a00-0242-73a4-08dc74ef.webp?fit=1023%2C575&ssl=1&resize=350%2C200","width":350,"height":200,"srcset":"https:\/\/i0.wp.com\/www.shqiperia.com\/blog\/wp-content\/uploads\/2026\/08\/01000000-0a00-0242-73a4-08dc74ef.webp?fit=1023%2C575&ssl=1&resize=350%2C200 1x, https:\/\/i0.wp.com\/www.shqiperia.com\/blog\/wp-content\/uploads\/2026\/08\/01000000-0a00-0242-73a4-08dc74ef.webp?fit=1023%2C575&ssl=1&resize=525%2C300 1.5x, https:\/\/i0.wp.com\/www.shqiperia.com\/blog\/wp-content\/uploads\/2026\/08\/01000000-0a00-0242-73a4-08dc74ef.webp?fit=1023%2C575&ssl=1&resize=700%2C400 2x"},"classes":[]},{"id":101092,"url":"https:\/\/www.shqiperia.com\/blog\/nuk-ka-dialog-vetem-doreheqje-protestuesit-nga-sheshi-skenderbej-revolucion\/","url_meta":{"origin":102945,"position":3},"title":"\u201cNuk ka dialog, vet\u00ebm dor\u00ebheqje!\u201d, protestuesit nga sheshi Sk\u00ebnderbej: &#8211; Revolucion!","author":"Kurt Farka","date":"June 4, 2026","format":false,"excerpt":"4 Qershor 2026 Ka nisur k\u00ebt\u00eb t\u00eb enjte protesta e pest\u00eb radhazi e qytetar\u00ebve kund\u00ebr projektit p\u00ebr nd\u00ebrtimin e nj\u00eb resorti turistik n\u00eb zon\u00ebn e mbrojtur t\u00eb Zv\u00ebrnecit. Qytetar\u00eb, aktivist\u00eb t\u00eb mjedisit dhe p\u00ebrfaq\u00ebsues t\u00eb shoq\u00ebris\u00eb civile jan\u00eb mbledhur s\u00ebrish n\u00eb sheshin \u201cSk\u00ebnderbej\u201d, nga ku pritet t\u00eb marshojn\u00eb drejt Kryeministris\u00eb\u2026","rel":"","context":"In &quot;Blogu i Udh\u00ebtarit&quot;","block_context":{"text":"Blogu i Udh\u00ebtarit","link":"https:\/\/www.shqiperia.com\/blog\/category\/blogu-i-udhetarit\/"},"img":{"alt_text":"","src":"https:\/\/i0.wp.com\/www.shqiperia.com\/blog\/wp-content\/uploads\/2026\/06\/6a1dbba1ca79e-6a1dbbe3ec349.jpg?fit=1197%2C613&ssl=1&resize=350%2C200","width":350,"height":200,"srcset":"https:\/\/i0.wp.com\/www.shqiperia.com\/blog\/wp-content\/uploads\/2026\/06\/6a1dbba1ca79e-6a1dbbe3ec349.jpg?fit=1197%2C613&ssl=1&resize=350%2C200 1x, https:\/\/i0.wp.com\/www.shqiperia.com\/blog\/wp-content\/uploads\/2026\/06\/6a1dbba1ca79e-6a1dbbe3ec349.jpg?fit=1197%2C613&ssl=1&resize=525%2C300 1.5x, https:\/\/i0.wp.com\/www.shqiperia.com\/blog\/wp-content\/uploads\/2026\/06\/6a1dbba1ca79e-6a1dbbe3ec349.jpg?fit=1197%2C613&ssl=1&resize=700%2C400 2x, https:\/\/i0.wp.com\/www.shqiperia.com\/blog\/wp-content\/uploads\/2026\/06\/6a1dbba1ca79e-6a1dbbe3ec349.jpg?fit=1197%2C613&ssl=1&resize=1050%2C600 3x"},"classes":[]},{"id":103263,"url":"https:\/\/www.shqiperia.com\/blog\/neser-te-parlamenti-dita-e-57-te-e-revoltes-qytetaret-mbushen-serish-sheshin-dhe-iu-pergjigjen-rames-te-japim-besen-nuk-ikim-pa-te-te-larguar\/","url_meta":{"origin":102945,"position":4},"title":"\u201cNes\u00ebr te Parlamenti!\u201d \u2013 Dita e 57-t\u00eb e revolt\u00ebs, qytetar\u00ebt mbush\u00ebn s\u00ebrish sheshin dhe iu p\u00ebrgjigj\u00ebn Ram\u00ebs: &#8211; T\u00eb japim bes\u00ebn, nuk ikim pa t\u00eb t\u00eb larguar!","author":"Kurt Farka","date":"July 26, 2026","format":false,"excerpt":"26 Korrik 2026 Qytetar\u00ebt u mblodh\u00ebn p\u00ebrpara Kryeministris\u00eb n\u00eb dit\u00ebn e 57-t\u00eb t\u00eb revolt\u00ebs s\u00eb tyre ndaj kryeministrit Edi Rama dhe qeveris\u00eb s\u00eb tij. Ata iu p\u00ebrgjigjen kryeministrit edhe p\u00ebr dokumentin e tij q\u00eb nxori, t\u00eb titulluar \u201cBesa\u201d. Nd\u00ebrsa artikuluan problemet me t\u00eb cilat p\u00ebrballen, qytetar\u00ebt ritheksuan se ata nuk\u2026","rel":"","context":"In &quot;Blogu i Udh\u00ebtarit&quot;","block_context":{"text":"Blogu i Udh\u00ebtarit","link":"https:\/\/www.shqiperia.com\/blog\/category\/blogu-i-udhetarit\/"},"img":{"alt_text":"","src":"https:\/\/i0.wp.com\/www.shqiperia.com\/blog\/wp-content\/uploads\/2026\/07\/WhatsApp-Image-2026-07-26-at-19.30.01.jpeg?fit=1200%2C740&ssl=1&resize=350%2C200","width":350,"height":200,"srcset":"https:\/\/i0.wp.com\/www.shqiperia.com\/blog\/wp-content\/uploads\/2026\/07\/WhatsApp-Image-2026-07-26-at-19.30.01.jpeg?fit=1200%2C740&ssl=1&resize=350%2C200 1x, https:\/\/i0.wp.com\/www.shqiperia.com\/blog\/wp-content\/uploads\/2026\/07\/WhatsApp-Image-2026-07-26-at-19.30.01.jpeg?fit=1200%2C740&ssl=1&resize=525%2C300 1.5x, https:\/\/i0.wp.com\/www.shqiperia.com\/blog\/wp-content\/uploads\/2026\/07\/WhatsApp-Image-2026-07-26-at-19.30.01.jpeg?fit=1200%2C740&ssl=1&resize=700%2C400 2x, https:\/\/i0.wp.com\/www.shqiperia.com\/blog\/wp-content\/uploads\/2026\/07\/WhatsApp-Image-2026-07-26-at-19.30.01.jpeg?fit=1200%2C740&ssl=1&resize=1050%2C600 3x"},"classes":[]},{"id":101899,"url":"https:\/\/www.shqiperia.com\/blog\/marjana-koceku-flet-per-median-britanike-kjo-qeveri-smund-te-sjelle-ndryshim\/","url_meta":{"origin":102945,"position":5},"title":"Marjana Ko\u00e7eku flet p\u00ebr median britanike: &#8211; Kjo qeveri s\u2019mund t\u00eb sjell\u00eb ndryshim","author":"Kurt Farka","date":"June 27, 2026","format":false,"excerpt":"28 Qershor 2026 Largimi i deputetes Marjana Ko\u00e7eku nga Grupi Parlamentar i Partis\u00eb Socialiste ka kaluar kufijt\u00eb e Shqip\u00ebris\u00eb dhe ka t\u00ebrhequr v\u00ebmendjen e mediave nd\u00ebrkomb\u00ebtare. Prestigjiozja britanike\u00a0\u201cBritannia Daily\u201d i\u00a0ka kushtuar nj\u00eb artikull vendimit t\u00eb saj p\u00ebr t\u2019u shk\u00ebputur nga mazhoranca, n\u00eb nj\u00eb koh\u00eb kur protestat antiqeveritare n\u00eb vend vijojn\u00eb\u2026","rel":"","context":"In &quot;Blogu i Udh\u00ebtarit&quot;","block_context":{"text":"Blogu i Udh\u00ebtarit","link":"https:\/\/www.shqiperia.com\/blog\/category\/blogu-i-udhetarit\/"},"img":{"alt_text":"","src":"https:\/\/i0.wp.com\/www.shqiperia.com\/blog\/wp-content\/uploads\/2026\/06\/Marjana-Koceku.jpeg?fit=1167%2C768&ssl=1&resize=350%2C200","width":350,"height":200,"srcset":"https:\/\/i0.wp.com\/www.shqiperia.com\/blog\/wp-content\/uploads\/2026\/06\/Marjana-Koceku.jpeg?fit=1167%2C768&ssl=1&resize=350%2C200 1x, https:\/\/i0.wp.com\/www.shqiperia.com\/blog\/wp-content\/uploads\/2026\/06\/Marjana-Koceku.jpeg?fit=1167%2C768&ssl=1&resize=525%2C300 1.5x, https:\/\/i0.wp.com\/www.shqiperia.com\/blog\/wp-content\/uploads\/2026\/06\/Marjana-Koceku.jpeg?fit=1167%2C768&ssl=1&resize=700%2C400 2x, https:\/\/i0.wp.com\/www.shqiperia.com\/blog\/wp-content\/uploads\/2026\/06\/Marjana-Koceku.jpeg?fit=1167%2C768&ssl=1&resize=1050%2C600 3x"},"classes":[]}],"_links":{"self":[{"href":"https:\/\/www.shqiperia.com\/blog\/wp-json\/wp\/v2\/posts\/102945","targetHints":{"allow":["GET"]}}],"collection":[{"href":"https:\/\/www.shqiperia.com\/blog\/wp-json\/wp\/v2\/posts"}],"about":[{"href":"https:\/\/www.shqiperia.com\/blog\/wp-json\/wp\/v2\/types\/post"}],"author":[{"embeddable":true,"href":"https:\/\/www.shqiperia.com\/blog\/wp-json\/wp\/v2\/users\/9"}],"replies":[{"embeddable":true,"href":"https:\/\/www.shqiperia.com\/blog\/wp-json\/wp\/v2\/comments?post=102945"}],"version-history":[{"count":1,"href":"https:\/\/www.shqiperia.com\/blog\/wp-json\/wp\/v2\/posts\/102945\/revisions"}],"predecessor-version":[{"id":102947,"href":"https:\/\/www.shqiperia.com\/blog\/wp-json\/wp\/v2\/posts\/102945\/revisions\/102947"}],"wp:featuredmedia":[{"embeddable":true,"href":"https:\/\/www.shqiperia.com\/blog\/wp-json\/wp\/v2\/media\/102946"}],"wp:attachment":[{"href":"https:\/\/www.shqiperia.com\/blog\/wp-json\/wp\/v2\/media?parent=102945"}],"wp:term":[{"taxonomy":"category","embeddable":true,"href":"https:\/\/www.shqiperia.com\/blog\/wp-json\/wp\/v2\/categories?post=102945"},{"taxonomy":"post_tag","embeddable":true,"href":"https:\/\/www.shqiperia.com\/blog\/wp-json\/wp\/v2\/tags?post=102945"}],"curies":[{"name":"wp","href":"https:\/\/api.w.org\/{rel}","templated":true}]}}