{"id":102924,"date":"2026-07-19T09:30:47","date_gmt":"2026-07-19T09:30:47","guid":{"rendered":"https:\/\/www.shqiperia.com\/blog\/?p=102924"},"modified":"2026-07-19T09:30:47","modified_gmt":"2026-07-19T09:30:47","slug":"rama-jepe-doreheqjen-sot-dita-e-50-te-e-rezistences-qytetare-per-rrezimin-e-qeverise","status":"publish","type":"post","link":"https:\/\/www.shqiperia.com\/blog\/rama-jepe-doreheqjen-sot-dita-e-50-te-e-rezistences-qytetare-per-rrezimin-e-qeverise\/","title":{"rendered":"\u201cRama jepe dor\u00ebheqjen\u201d- Sot dita e 50-t\u00eb e rezistenc\u00ebs qytetare p\u00ebr rr\u00ebzimin e qeveris\u00eb"},"content":{"rendered":"<p><img data-recalc-dims=\"1\" loading=\"lazy\" decoding=\"async\" data-attachment-id=\"102925\" data-permalink=\"https:\/\/www.shqiperia.com\/blog\/rama-jepe-doreheqjen-sot-dita-e-50-te-e-rezistences-qytetare-per-rrezimin-e-qeverise\/der-spiegel-protesta-433x300\/\" data-orig-file=\"https:\/\/i0.wp.com\/www.shqiperia.com\/blog\/wp-content\/uploads\/2026\/07\/der-spiegel-protesta-433x300-1.jpg?fit=433%2C300&amp;ssl=1\" data-orig-size=\"433,300\" data-comments-opened=\"1\" data-image-meta=\"{&quot;aperture&quot;:&quot;0&quot;,&quot;credit&quot;:&quot;&quot;,&quot;camera&quot;:&quot;&quot;,&quot;caption&quot;:&quot;&quot;,&quot;created_timestamp&quot;:&quot;0&quot;,&quot;copyright&quot;:&quot;&quot;,&quot;focal_length&quot;:&quot;0&quot;,&quot;iso&quot;:&quot;0&quot;,&quot;shutter_speed&quot;:&quot;0&quot;,&quot;title&quot;:&quot;&quot;,&quot;orientation&quot;:&quot;0&quot;}\" data-image-title=\"der-spiegel-protesta-433&#215;300\" data-image-description=\"\" data-image-caption=\"\" data-medium-file=\"https:\/\/i0.wp.com\/www.shqiperia.com\/blog\/wp-content\/uploads\/2026\/07\/der-spiegel-protesta-433x300-1.jpg?fit=300%2C208&amp;ssl=1\" data-large-file=\"https:\/\/i0.wp.com\/www.shqiperia.com\/blog\/wp-content\/uploads\/2026\/07\/der-spiegel-protesta-433x300-1.jpg?fit=433%2C300&amp;ssl=1\" class=\"alignnone  wp-image-102925\" alt=\"\" src=\"https:\/\/i0.wp.com\/www.shqiperia.com\/blog\/wp-content\/uploads\/2026\/07\/der-spiegel-protesta-433x300-1.jpg?resize=573%2C397&#038;ssl=1\" width=\"573\" height=\"397\" srcset=\"https:\/\/i0.wp.com\/www.shqiperia.com\/blog\/wp-content\/uploads\/2026\/07\/der-spiegel-protesta-433x300-1.jpg?resize=300%2C208&amp;ssl=1 300w, https:\/\/i0.wp.com\/www.shqiperia.com\/blog\/wp-content\/uploads\/2026\/07\/der-spiegel-protesta-433x300-1.jpg?resize=400%2C277&amp;ssl=1 400w, https:\/\/i0.wp.com\/www.shqiperia.com\/blog\/wp-content\/uploads\/2026\/07\/der-spiegel-protesta-433x300-1.jpg?w=433&amp;ssl=1 433w\" sizes=\"auto, (max-width: 573px) 100vw, 573px\" \/><\/p>\n<p>19 Korrik 2026<\/p>\n<p>Qytetar\u00ebt k\u00ebrkojn\u00eb nd\u00ebrrimin e saj dhe rr\u00ebzimin e qeveris\u00eb aktuale, duke pasur si k\u00ebrkes\u00eb kryesore dor\u00ebheqjen e kryeministrit Edi Rama.<\/p>\n<p>K\u00ebrkesa \u00ebsht\u00eb e panegocueshme, teksa mij\u00ebra qytetar\u00eb shqiptar\u00eb mblidhen \u00e7do nat\u00eb n\u00eb bulevardin para Kryeministris\u00eb ku mbajn\u00eb fjalime dhe m\u00eb pas marshojn\u00eb rrug\u00ebve t\u00eb Tiran\u00ebs, duke sensibilizuar.<\/p>\n<p>Me thirrjet \u201cNes\u00ebr m\u00eb shum\u00eb\u201d, \u201cRama jep dor\u00ebheqjen\u201d qytetar\u00ebt p\u00ebrfundojn\u00eb marshimin e tyre \u00e7do nat\u00eb.<\/p>\n<p><em>Thirrje t\u00eb tjera jan\u00eb \u201cShqip\u00ebria nuk \u00ebsht\u00eb n\u00eb shitje\u201d, \u201cJu erdhi fundi\u201d, \u201cRama n\u00eb burg, Berisha n\u00eb burg\u201d, \u201cRama n\u00eb burg, Belinda n\u00eb burg\u201d, \u201cArrestoni Ram\u00ebn, arrestoni Ballukun\u201d, \u201cRama, SPAK You\u201d, \u201cRevolucion\u201d, \u201cOpozit\u00eb e shitur\u201d, \u201cNuk dor\u00ebzohemi deri n\u00eb fund\u201d dhe t\u00eb tjera.<\/em><\/p>\n<p>Protestuesit u mblodh\u00ebn edhe dje, n\u00eb dit\u00ebn e 49-t\u00eb t\u00eb protest\u00ebs kund\u00ebr qeveris\u00eb dhe kryeministrit Edi Rama, me nj\u00eb pjes\u00ebmarrje masive.<\/p>\n<p>Protesta nisi n\u00eb or\u00ebn 19:00 me grumbullimin e pjes\u00ebmarr\u00ebsve n\u00eb sheshin \u201cSk\u00ebnderbej\u201d, nd\u00ebrsa m\u00eb pas ata marshuan drejt godin\u00ebs s\u00eb Kryeministris\u00eb, ku u mbajt\u00ebn fjalime dhe u p\u00ebrs\u00ebrit\u00ebn thirrjet p\u00ebr dor\u00ebheqjen e kryeministrit.<\/p>\n<p><em>Pas p\u00ebrfundimit t\u00eb fjalimeve, protestuesit vijuan marshimin n\u00eb rrug\u00ebt e kryeqytetit, duke brohoritur slogane si \u201cPosht\u00eb patronazhist\u00ebt\u201d, \u201cEdi Rama, jep dor\u00ebheqjen\u201d, \u201cParlament analfabet\u201d dhe \u201cShqip\u00ebria k\u00ebrkon revolucion\u201d.<\/em><\/p>\n<p>Gjat\u00eb marshimit u d\u00ebgjuan gjithashtu thirrje q\u00eb k\u00ebrkonin arrestimin e z\u00ebvend\u00ebskryeministres Belinda Balluku, si edhe slogane t\u00eb tjera politike.<\/p>\n<p>Organizator\u00ebt dhe pjes\u00ebmarr\u00ebsit deklarojn\u00eb se protesta do t\u00eb vijoj\u00eb edhe n\u00eb dit\u00ebt n\u00eb vijim, duke theksuar se do t\u00eb vazhdojn\u00eb mobilizimin e tyre deri n\u00eb realizimin e k\u00ebrkesave q\u00eb kan\u00eb paraqitur.<\/p>\n","protected":false},"excerpt":{"rendered":"<p>19 Korrik 2026 Qytetar\u00ebt k\u00ebrkojn\u00eb nd\u00ebrrimin e saj dhe rr\u00ebzimin e qeveris\u00eb aktuale, duke pasur si k\u00ebrkes\u00eb kryesore dor\u00ebheqjen e kryeministrit Edi Rama. K\u00ebrkesa \u00ebsht\u00eb e panegocueshme, teksa mij\u00ebra qytetar\u00eb shqiptar\u00eb mblidhen \u00e7do nat\u00eb n\u00eb bulevardin para Kryeministris\u00eb ku mbajn\u00eb fjalime dhe m\u00eb pas marshojn\u00eb rrug\u00ebve t\u00eb Tiran\u00ebs, duke sensibilizuar. Me thirrjet \u201cNes\u00ebr m\u00eb shum\u00eb\u201d, [&hellip;]<\/p>\n","protected":false},"author":9,"featured_media":102925,"comment_status":"open","ping_status":"open","sticky":false,"template":"","format":"standard","meta":{"jetpack_post_was_ever_published":false,"_jetpack_newsletter_access":"","_jetpack_dont_email_post_to_subs":false,"_jetpack_newsletter_tier_id":0,"_jetpack_memberships_contains_paywalled_content":false,"_jetpack_memberships_contains_paid_content":false,"footnotes":"","jetpack_publicize_message":"","jetpack_publicize_feature_enabled":true,"jetpack_social_post_already_shared":true,"jetpack_social_options":{"image_generator_settings":{"template":"highway","default_image_id":0,"font":"","enabled":false},"version":2}},"categories":[27,1,2,35],"tags":[],"class_list":["post-102924","post","type-post","status-publish","format-standard","has-post-thumbnail","hentry","category-blogu-i-udhetarit","category-njoftime-shtypi","category-politika","category-shoqerore"],"jetpack_publicize_connections":[],"jetpack_featured_media_url":"https:\/\/i0.wp.com\/www.shqiperia.com\/blog\/wp-content\/uploads\/2026\/07\/der-spiegel-protesta-433x300-1.jpg?fit=433%2C300&ssl=1","jetpack_sharing_enabled":true,"jetpack_shortlink":"https:\/\/wp.me\/p5Z6wp-qM4","jetpack-related-posts":[{"id":102890,"url":"https:\/\/www.shqiperia.com\/blog\/nuk-dorezohemi-pa-dhene-doreheqjen-rezistenca-historike-sot-dita-e-49-te-e-revoltes-popullore-qytetare\/","url_meta":{"origin":102924,"position":0},"title":"\u201cNuk dor\u00ebzohemi pa dh\u00ebn\u00eb dor\u00ebheqjen!\u201d- Rezistenca historike, sot dita e 49-t\u00eb e revolt\u00ebs popullore, qytetare","author":"Kurt Farka","date":"July 18, 2026","format":false,"excerpt":"18 Korrik 2026 Nj\u00eb rezistenc\u00eb historike si kurr\u00eb m\u00eb par\u00eb n\u00eb Shqip\u00ebri. Revolta popullore kund\u00ebr qeveris\u00eb, kryeministrit Edi Rama dhe kast\u00ebs s\u00eb vjet\u00ebr politike hyn sot n\u00eb dit\u00ebn e 49-t\u00eb t\u00eb saj, (18 korrik 2026), pa nd\u00ebrprerje dhe me q\u00ebndrueshm\u00ebri t\u00eb pap\u00ebrs\u00ebritshme. Pas nj\u00eb tjet\u00ebr marshimi masiv mbr\u00ebmjen e djeshme,\u2026","rel":"","context":"In &quot;Blogu i Udh\u00ebtarit&quot;","block_context":{"text":"Blogu i Udh\u00ebtarit","link":"https:\/\/www.shqiperia.com\/blog\/category\/blogu-i-udhetarit\/"},"img":{"alt_text":"","src":"https:\/\/i0.wp.com\/www.shqiperia.com\/blog\/wp-content\/uploads\/2026\/07\/WhatsApp-Image-2026-06-19-at-21.03.56-1-5-1.jpeg?fit=1200%2C900&ssl=1&resize=350%2C200","width":350,"height":200,"srcset":"https:\/\/i0.wp.com\/www.shqiperia.com\/blog\/wp-content\/uploads\/2026\/07\/WhatsApp-Image-2026-06-19-at-21.03.56-1-5-1.jpeg?fit=1200%2C900&ssl=1&resize=350%2C200 1x, https:\/\/i0.wp.com\/www.shqiperia.com\/blog\/wp-content\/uploads\/2026\/07\/WhatsApp-Image-2026-06-19-at-21.03.56-1-5-1.jpeg?fit=1200%2C900&ssl=1&resize=525%2C300 1.5x, https:\/\/i0.wp.com\/www.shqiperia.com\/blog\/wp-content\/uploads\/2026\/07\/WhatsApp-Image-2026-06-19-at-21.03.56-1-5-1.jpeg?fit=1200%2C900&ssl=1&resize=700%2C400 2x, https:\/\/i0.wp.com\/www.shqiperia.com\/blog\/wp-content\/uploads\/2026\/07\/WhatsApp-Image-2026-06-19-at-21.03.56-1-5-1.jpeg?fit=1200%2C900&ssl=1&resize=1050%2C600 3x"},"classes":[]},{"id":103372,"url":"https:\/\/www.shqiperia.com\/blog\/protestuesit-e-vetmja-gje-qe-na-shperndan-eshte-doreheqja-e-rames-dhe-gjithe-qeverise\/","url_meta":{"origin":102924,"position":1},"title":"Protestuesit; &#8211; E vetmja gj\u00eb q\u00eb na shp\u00ebrndan \u00ebsht\u00eb dor\u00ebheqja e Ram\u00ebs dhe gjith\u00eb qeveris\u00eb","author":"Kurt Farka","date":"July 29, 2026","format":false,"excerpt":"29 Korrik 2026 Marshimi i protestuesve n\u00eb rrug\u00ebt e Tiran\u00ebs. K\u00ebt\u00eb mbr\u00ebmje u mbajt protesta e 59 ku qytetar\u00ebt n\u00ebn thirrjet \u201cRama jepe dor\u00ebheqjen\u201d, \u201cArrestoni Ram\u00ebn\u201d, \u201cRama n\u00eb burg, Berisha n\u00eb burg\u201d, \u201cJu erdhi fundi\u201d. Kjo \u00ebsht\u00eb protesta e 59 dhe prej dit\u00ebsh qytetar\u00ebt kan\u00eb k\u00ebrkuar dor\u00ebheqjen e Ram\u00ebs dhe\u2026","rel":"","context":"In &quot;Blogu i Udh\u00ebtarit&quot;","block_context":{"text":"Blogu i Udh\u00ebtarit","link":"https:\/\/www.shqiperia.com\/blog\/category\/blogu-i-udhetarit\/"},"img":{"alt_text":"","src":"https:\/\/i0.wp.com\/www.shqiperia.com\/blog\/wp-content\/uploads\/2026\/07\/protestuesit11-433x300-1.jpg?fit=433%2C300&ssl=1&resize=350%2C200","width":350,"height":200},"classes":[]},{"id":102701,"url":"https:\/\/www.shqiperia.com\/blog\/pjesemarrje-masive-mbyllet-protesta-e-45-te-per-doreheqjen-e-rames-qytetaret-thirrje-nga-bulevardi-ju-erdhi-fundi\/","url_meta":{"origin":102924,"position":2},"title":"Pjes\u00ebmarrje masive! Mbyllet protesta e 45-t\u00eb p\u00ebr dor\u00ebheqjen e Ram\u00ebs. Qytetar\u00ebt thirrje nga Bulevardi: Ju erdhi fundi!","author":"Kurt Farka","date":"July 14, 2026","format":false,"excerpt":"14 Korrik 2026 Shqip\u00ebria mbajti sot dit\u00ebn e 45-t\u00eb t\u00eb protestave qytetare, nd\u00ebrsa organizator\u00ebt kan\u00eb b\u00ebr\u00eb t\u00eb qart\u00eb se revolta nuk do t\u00eb ndalet, pavar\u00ebsisht temperaturave t\u00eb larta apo sezonit turistik. Edhe k\u00ebt\u00eb mbr\u00ebmje qytetar\u00ebt u mblodhen para Kryeministris\u00eb, duke k\u00ebrkuar dor\u00ebheqjen e kryeministrit Edi Rama dhe ndryshimin e sistemit\u2026","rel":"","context":"In &quot;Blogu i Udh\u00ebtarit&quot;","block_context":{"text":"Blogu i Udh\u00ebtarit","link":"https:\/\/www.shqiperia.com\/blog\/category\/blogu-i-udhetarit\/"},"img":{"alt_text":"","src":"https:\/\/i0.wp.com\/www.shqiperia.com\/blog\/wp-content\/uploads\/2026\/07\/protesta-masive-1.jpg?fit=1083%2C641&ssl=1&resize=350%2C200","width":350,"height":200,"srcset":"https:\/\/i0.wp.com\/www.shqiperia.com\/blog\/wp-content\/uploads\/2026\/07\/protesta-masive-1.jpg?fit=1083%2C641&ssl=1&resize=350%2C200 1x, https:\/\/i0.wp.com\/www.shqiperia.com\/blog\/wp-content\/uploads\/2026\/07\/protesta-masive-1.jpg?fit=1083%2C641&ssl=1&resize=525%2C300 1.5x, https:\/\/i0.wp.com\/www.shqiperia.com\/blog\/wp-content\/uploads\/2026\/07\/protesta-masive-1.jpg?fit=1083%2C641&ssl=1&resize=700%2C400 2x, https:\/\/i0.wp.com\/www.shqiperia.com\/blog\/wp-content\/uploads\/2026\/07\/protesta-masive-1.jpg?fit=1083%2C641&ssl=1&resize=1050%2C600 3x"},"classes":[]},{"id":101498,"url":"https:\/\/www.shqiperia.com\/blog\/shqiperia-nuk-shitet-qytetaret-zbresin-serish-ne-shesh-ne-diten-e-15-te\/","url_meta":{"origin":102924,"position":3},"title":"\u201cShqip\u00ebria nuk shitet\u201d\/ Qytetar\u00ebt zbresin s\u00ebrish n\u00eb shesh n\u00eb dit\u00ebn e 15-t\u00eb","author":"Kurt Farka","date":"June 14, 2026","format":false,"excerpt":"Me thirrjet \u201cRama jep dor\u00ebheqjen\u201d mij\u00ebra qytetar\u00eb pritet t\u00eb mblidhen s\u00ebrish sot n\u00eb protest\u00ebn e 15 resht, duke k\u00ebrkuar largimin e Rama\u00ebs. N\u00ebn sloganin \u201cShqip\u00ebria nuk shitet, z\u00ebri yn\u00eb, dinjiteti yn\u00eb, e ardhmja nuk shitet\u201d, qytetar\u00ebt do t\u00eb grumbullohen si \u00e7do dit\u00eb n\u00eb sheshin \u201cSk\u00ebnderbej\u201d dhe m\u00eb pas nis marshimi\u2026","rel":"","context":"In &quot;Blogu i Udh\u00ebtarit&quot;","block_context":{"text":"Blogu i Udh\u00ebtarit","link":"https:\/\/www.shqiperia.com\/blog\/category\/blogu-i-udhetarit\/"},"img":{"alt_text":"","src":"https:\/\/i0.wp.com\/www.shqiperia.com\/blog\/wp-content\/uploads\/2026\/06\/640-0-8e0c19bf3d47e79b55c326eef7483921-1.jpeg?fit=640%2C394&ssl=1&resize=350%2C200","width":350,"height":200,"srcset":"https:\/\/i0.wp.com\/www.shqiperia.com\/blog\/wp-content\/uploads\/2026\/06\/640-0-8e0c19bf3d47e79b55c326eef7483921-1.jpeg?fit=640%2C394&ssl=1&resize=350%2C200 1x, https:\/\/i0.wp.com\/www.shqiperia.com\/blog\/wp-content\/uploads\/2026\/06\/640-0-8e0c19bf3d47e79b55c326eef7483921-1.jpeg?fit=640%2C394&ssl=1&resize=525%2C300 1.5x"},"classes":[]},{"id":103231,"url":"https:\/\/www.shqiperia.com\/blog\/te-pandalshem-rezistence-e-revolte-qytetaret-marshojne-paqesisht-ne-kryeqytet-nuk-ka-bisedime-protestuesit-mesazh-te-qarte-rames-jep-doreheqjen\/","url_meta":{"origin":102924,"position":4},"title":"T\u00eb pandalsh\u00ebm, rezistenc\u00eb e revolt\u00eb! Qytetar\u00ebt marshojn\u00eb paq\u00ebsisht n\u00eb kryeqytet\/ \u201cNuk ka bisedime\u201d, protestuesit mesazh t\u00eb qart\u00eb Ram\u00ebs: Jep dor\u00ebheqjen","author":"Kurt Farka","date":"July 26, 2026","format":false,"excerpt":"26 Korrik 2026 Mij\u00ebra qytetar\u00eb marshuan dhe n\u00eb dit\u00ebn e 56-t\u00eb t\u00eb protest\u00ebs p\u00ebr rr\u00ebzimin e qeveris\u00eb dhe nd\u00ebrrimin e sistemit politik n\u00eb rrug\u00ebt e Tiran\u00ebs. Qytetar\u00ebt k\u00ebrkojn\u00eb largimin e Ram\u00ebs. N\u00eb marshimin e tyre n\u00eb rrug\u00ebt e Tiran\u00ebs, vijuan me thirrjet \u201cNuk ka bisedime\u201d, \u201cEdi Rama jep dor\u00ebheqjen\u201d, \u201cRama\u2026","rel":"","context":"In &quot;Blogu i Udh\u00ebtarit&quot;","block_context":{"text":"Blogu i Udh\u00ebtarit","link":"https:\/\/www.shqiperia.com\/blog\/category\/blogu-i-udhetarit\/"},"img":{"alt_text":"","src":"https:\/\/i0.wp.com\/www.shqiperia.com\/blog\/wp-content\/uploads\/2026\/07\/edi-ramaa-2.jpg?fit=1200%2C549&ssl=1&resize=350%2C200","width":350,"height":200,"srcset":"https:\/\/i0.wp.com\/www.shqiperia.com\/blog\/wp-content\/uploads\/2026\/07\/edi-ramaa-2.jpg?fit=1200%2C549&ssl=1&resize=350%2C200 1x, https:\/\/i0.wp.com\/www.shqiperia.com\/blog\/wp-content\/uploads\/2026\/07\/edi-ramaa-2.jpg?fit=1200%2C549&ssl=1&resize=525%2C300 1.5x, https:\/\/i0.wp.com\/www.shqiperia.com\/blog\/wp-content\/uploads\/2026\/07\/edi-ramaa-2.jpg?fit=1200%2C549&ssl=1&resize=700%2C400 2x, https:\/\/i0.wp.com\/www.shqiperia.com\/blog\/wp-content\/uploads\/2026\/07\/edi-ramaa-2.jpg?fit=1200%2C549&ssl=1&resize=1050%2C600 3x"},"classes":[]},{"id":103929,"url":"https:\/\/www.shqiperia.com\/blog\/mbyllet-protesta-e-68-te-kunder-qeverise-paralajmerojne-pershkallezim-dhe-bllokim-rrugesh\/","url_meta":{"origin":102924,"position":5},"title":"Mbyllet protesta e 68-t\u00eb kund\u00ebr qeveris\u00eb. &#8211;  Paralajm\u00ebrojn\u00eb p\u00ebrshkall\u00ebzim dhe bllokim rrug\u00ebsh","author":"Kurt Farka","date":"August 7, 2026","format":false,"excerpt":"7 Gusht 2026 Pas nj\u00eb marshimi t\u00eb gjat\u00eb n\u00eb rrug\u00ebt e kryeqytetit dhe me nj\u00eb pjes\u00ebmarrje masive t\u00eb qytetar\u00ebve, \u00ebsht\u00eb mbyllur protesta e sotme. Shqiptar\u00ebt prej 68 dit\u00ebsh kan\u00eb protestuar kund\u00ebr qeveris\u00eb, duke b\u00ebr\u00eb thirrje p\u00ebr largimin e kryeministrit Edi Rama. Qytetar\u00ebt jan\u00eb shprehur t\u00eb vendosur se nuk do t\u00eb\u2026","rel":"","context":"In &quot;Blogu i Udh\u00ebtarit&quot;","block_context":{"text":"Blogu i Udh\u00ebtarit","link":"https:\/\/www.shqiperia.com\/blog\/category\/blogu-i-udhetarit\/"},"img":{"alt_text":"","src":"https:\/\/i0.wp.com\/www.shqiperia.com\/blog\/wp-content\/uploads\/2026\/08\/750439618_4639048496318417_4366432659659716152_n.jpg?fit=720%2C540&ssl=1&resize=350%2C200","width":350,"height":200,"srcset":"https:\/\/i0.wp.com\/www.shqiperia.com\/blog\/wp-content\/uploads\/2026\/08\/750439618_4639048496318417_4366432659659716152_n.jpg?fit=720%2C540&ssl=1&resize=350%2C200 1x, https:\/\/i0.wp.com\/www.shqiperia.com\/blog\/wp-content\/uploads\/2026\/08\/750439618_4639048496318417_4366432659659716152_n.jpg?fit=720%2C540&ssl=1&resize=525%2C300 1.5x, https:\/\/i0.wp.com\/www.shqiperia.com\/blog\/wp-content\/uploads\/2026\/08\/750439618_4639048496318417_4366432659659716152_n.jpg?fit=720%2C540&ssl=1&resize=700%2C400 2x"},"classes":[]}],"_links":{"self":[{"href":"https:\/\/www.shqiperia.com\/blog\/wp-json\/wp\/v2\/posts\/102924","targetHints":{"allow":["GET"]}}],"collection":[{"href":"https:\/\/www.shqiperia.com\/blog\/wp-json\/wp\/v2\/posts"}],"about":[{"href":"https:\/\/www.shqiperia.com\/blog\/wp-json\/wp\/v2\/types\/post"}],"author":[{"embeddable":true,"href":"https:\/\/www.shqiperia.com\/blog\/wp-json\/wp\/v2\/users\/9"}],"replies":[{"embeddable":true,"href":"https:\/\/www.shqiperia.com\/blog\/wp-json\/wp\/v2\/comments?post=102924"}],"version-history":[{"count":1,"href":"https:\/\/www.shqiperia.com\/blog\/wp-json\/wp\/v2\/posts\/102924\/revisions"}],"predecessor-version":[{"id":102926,"href":"https:\/\/www.shqiperia.com\/blog\/wp-json\/wp\/v2\/posts\/102924\/revisions\/102926"}],"wp:featuredmedia":[{"embeddable":true,"href":"https:\/\/www.shqiperia.com\/blog\/wp-json\/wp\/v2\/media\/102925"}],"wp:attachment":[{"href":"https:\/\/www.shqiperia.com\/blog\/wp-json\/wp\/v2\/media?parent=102924"}],"wp:term":[{"taxonomy":"category","embeddable":true,"href":"https:\/\/www.shqiperia.com\/blog\/wp-json\/wp\/v2\/categories?post=102924"},{"taxonomy":"post_tag","embeddable":true,"href":"https:\/\/www.shqiperia.com\/blog\/wp-json\/wp\/v2\/tags?post=102924"}],"curies":[{"name":"wp","href":"https:\/\/api.w.org\/{rel}","templated":true}]}}