{"id":102921,"date":"2026-07-19T09:26:11","date_gmt":"2026-07-19T09:26:11","guid":{"rendered":"https:\/\/www.shqiperia.com\/blog\/?p=102921"},"modified":"2026-07-19T09:26:11","modified_gmt":"2026-07-19T09:26:11","slug":"deti-i-zi-vishet-me-ngjyre-bruz-nga-hapesira-shkencetaret-zbulojne-arsyen-e-fenomenit-te-pazakonte","status":"publish","type":"post","link":"https:\/\/www.shqiperia.com\/blog\/deti-i-zi-vishet-me-ngjyre-bruz-nga-hapesira-shkencetaret-zbulojne-arsyen-e-fenomenit-te-pazakonte\/","title":{"rendered":"Deti i Zi \u201cvishet\u201d me ngjyr\u00eb bruz nga hap\u00ebsira, shkenc\u00ebtar\u00ebt zbulojn\u00eb arsyen e fenomenit t\u00eb pazakont\u00eb"},"content":{"rendered":"<p><img data-recalc-dims=\"1\" loading=\"lazy\" decoding=\"async\" data-attachment-id=\"102922\" data-permalink=\"https:\/\/www.shqiperia.com\/blog\/deti-i-zi-vishet-me-ngjyre-bruz-nga-hapesira-shkencetaret-zbulojne-arsyen-e-fenomenit-te-pazakonte\/792e90c5-screenshot-2026-07-01-084533\/\" data-orig-file=\"https:\/\/i0.wp.com\/www.shqiperia.com\/blog\/wp-content\/uploads\/2026\/07\/792e90c5-screenshot-2026-07-01-084533.jpg?fit=728%2C437&amp;ssl=1\" data-orig-size=\"728,437\" data-comments-opened=\"1\" data-image-meta=\"{&quot;aperture&quot;:&quot;0&quot;,&quot;credit&quot;:&quot;&quot;,&quot;camera&quot;:&quot;&quot;,&quot;caption&quot;:&quot;&quot;,&quot;created_timestamp&quot;:&quot;0&quot;,&quot;copyright&quot;:&quot;&quot;,&quot;focal_length&quot;:&quot;0&quot;,&quot;iso&quot;:&quot;0&quot;,&quot;shutter_speed&quot;:&quot;0&quot;,&quot;title&quot;:&quot;&quot;,&quot;orientation&quot;:&quot;0&quot;}\" data-image-title=\"792e90c5-screenshot-2026-07-01-084533\" data-image-description=\"\" data-image-caption=\"\" data-medium-file=\"https:\/\/i0.wp.com\/www.shqiperia.com\/blog\/wp-content\/uploads\/2026\/07\/792e90c5-screenshot-2026-07-01-084533.jpg?fit=300%2C180&amp;ssl=1\" data-large-file=\"https:\/\/i0.wp.com\/www.shqiperia.com\/blog\/wp-content\/uploads\/2026\/07\/792e90c5-screenshot-2026-07-01-084533.jpg?fit=728%2C437&amp;ssl=1\" class=\"alignnone  wp-image-102922\" alt=\"\" src=\"https:\/\/i0.wp.com\/www.shqiperia.com\/blog\/wp-content\/uploads\/2026\/07\/792e90c5-screenshot-2026-07-01-084533.jpg?resize=577%2C346&#038;ssl=1\" width=\"577\" height=\"346\" srcset=\"https:\/\/i0.wp.com\/www.shqiperia.com\/blog\/wp-content\/uploads\/2026\/07\/792e90c5-screenshot-2026-07-01-084533.jpg?resize=300%2C180&amp;ssl=1 300w, https:\/\/i0.wp.com\/www.shqiperia.com\/blog\/wp-content\/uploads\/2026\/07\/792e90c5-screenshot-2026-07-01-084533.jpg?resize=450%2C270&amp;ssl=1 450w, https:\/\/i0.wp.com\/www.shqiperia.com\/blog\/wp-content\/uploads\/2026\/07\/792e90c5-screenshot-2026-07-01-084533.jpg?resize=600%2C360&amp;ssl=1 600w, https:\/\/i0.wp.com\/www.shqiperia.com\/blog\/wp-content\/uploads\/2026\/07\/792e90c5-screenshot-2026-07-01-084533.jpg?resize=400%2C240&amp;ssl=1 400w, https:\/\/i0.wp.com\/www.shqiperia.com\/blog\/wp-content\/uploads\/2026\/07\/792e90c5-screenshot-2026-07-01-084533.jpg?w=728&amp;ssl=1 728w\" sizes=\"auto, (max-width: 577px) 100vw, 577px\" \/><\/p>\n<p>19 Korrik 2026<\/p>\n<p>\u00c7do pranver\u00eb, uj\u00ebrat e Detit t\u00eb Zi p\u00ebsojn\u00eb nj\u00eb transformim spektakolar, duke kaluar nga ngjyra e thell\u00eb indigo n\u00eb nj\u00eb nuanc\u00eb t\u00eb ndritshme bruz. Fenomeni natyror, i duksh\u00ebm edhe nga hap\u00ebsira, shkaktohet nga lul\u00ebzimi masiv i kokolitofor\u00ebve, alga mikroskopike nj\u00ebqelizore t\u00eb mbuluara me pllaka t\u00eb karbonatit t\u00eb kalciumit, t\u00eb cilat shp\u00ebrndajn\u00eb drit\u00ebn e diellit dhe i japin detit ngjyr\u00ebn karakteristike blu-jeshile.<\/p>\n<p>M\u00eb 22 qershor 2026, sateliti PACE i NASA-s fotografoi Detin e Zi n\u00eb kulmin e k\u00ebtij lul\u00ebzimi, nd\u00ebrsa nj\u00eb astronaut n\u00eb bordin e Stacionit Nd\u00ebrkomb\u00ebtar Hap\u00ebsinor kishte dokumentuar t\u00eb nj\u00ebjtin fenomen edhe m\u00eb 27 maj, me shirita ngjyr\u00eb bruz q\u00eb shtriheshin p\u00ebrgjat\u00eb Bosforit dhe ndiqnin rrymat detare. P\u00ebrtej pamjes mahnit\u00ebse, fenomeni ka t\u00ebrhequr interesin e shkenc\u00ebtar\u00ebve. Nj\u00eb studim i botuar n\u00eb revist\u00ebn shkencore Diversity nga Instituti Shirshov i Oqeanologjis\u00eb zbulon se n\u00eb vitet 2022 dhe 2023 lul\u00ebzimi i kokolitofor\u00ebve zgjati shum\u00eb m\u00eb tep\u00ebr se zakonisht, duke vazhduar deri n\u00eb korrik, nd\u00ebrsa normalisht p\u00ebrfundon n\u00eb mesin e qershorit.<\/p>\n<p>Sipas studiuesve, kjo u shkaktua nga nj\u00eb kombinim faktor\u00ebsh, p\u00ebrfshir\u00eb er\u00ebrat e dob\u00ebta, nj\u00eb termoklin\u00eb m\u00eb t\u00eb cek\u00ebt dhe nj\u00eb \u00e7ekuilib\u00ebr t\u00eb l\u00ebnd\u00ebve ushqyese n\u00eb uj\u00eb. Mungesa e er\u00ebrave t\u00eb forta b\u00ebri q\u00eb shtresa sip\u00ebrfaq\u00ebsore e ujit t\u00eb mbetej e qet\u00eb dhe e ndri\u00e7uar, duke krijuar kushte ideale p\u00ebr zhvillimin e algave. Nj\u00eb rol t\u00eb r\u00ebnd\u00ebsish\u00ebm luajti edhe p\u00ebrb\u00ebrja kimike e ujit. N\u00eb korrik t\u00eb vitit 2022, reshjet e dendura transportuan sasi shtes\u00eb fosfori n\u00eb zonat bregdetare, nd\u00ebrsa nivelet e ul\u00ebta t\u00eb azotit favorizuan rritjen e specieve Gephyrocapsa huxleyi, kokolitoforit dominues n\u00eb Detin e Zi. N\u00eb kulmin e lul\u00ebzimit u regjistruan mbi n\u00ebnt\u00eb milion\u00eb qeliza p\u00ebr lit\u00ebr uj\u00eb.<\/p>\n<p>Shkenc\u00ebtar\u00ebt theksojn\u00eb se k\u00ebto organizma luajn\u00eb nj\u00eb rol t\u00eb r\u00ebnd\u00ebsish\u00ebm n\u00eb ciklin global t\u00eb karbonit. Kokolitofor\u00ebt thithin karbon nga uji p\u00ebr t\u00eb formuar pllakat e tyre t\u00eb karbonatit t\u00eb kalciumit dhe nj\u00eb pjes\u00eb e k\u00ebtij karboni depozitohet n\u00eb fund t\u00eb detit kur organizmat vdesin. Megjithat\u00eb, procesi i formimit t\u00eb k\u00ebtyre pllakave \u00e7liron gjithashtu dioksid karboni, \u00e7ka mund t\u00eb ul\u00eb aft\u00ebsin\u00eb e oqeanit p\u00ebr t\u00eb p\u00ebrthithur CO\u2082 nga atmosfera. Studiuesit e konsiderojn\u00eb Detin e Zi nj\u00eb laborator natyror p\u00ebr t\u00eb kuptuar ndikimin e ndryshimeve klimatike n\u00eb ciklin e karbonit. Analiza e t\u00eb dh\u00ebnave t\u00eb 25 viteve t\u00eb fundit tregon se lul\u00ebzime kaq t\u00eb gjata jan\u00eb regjistruar vet\u00ebm n\u00eb vitet 2022 dhe 2023.<\/p>\n<p>Megjith\u00ebse autor\u00ebt nuk e cil\u00ebsojn\u00eb k\u00ebt\u00eb si nj\u00eb trend t\u00eb q\u00ebndruesh\u00ebm, ata paralajm\u00ebrojn\u00eb se ndryshimet klimatike mund t\u00eb ndikojn\u00eb n\u00eb shpesht\u00ebsin\u00eb e fenomeneve t\u00eb tilla. N\u00ebse ngrohja globale favorizon shtresat sip\u00ebrfaq\u00ebsore m\u00eb t\u00eb q\u00ebndrueshme t\u00eb ujit, lul\u00ebzimet e kokolitofor\u00ebve mund t\u00eb b\u00ebhen m\u00eb t\u00eb zakonshme, duke ndryshuar m\u00ebnyr\u00ebn se si oqeanet p\u00ebrthithin dioksidin e karbonit nga atmosfera. Shkenc\u00ebtar\u00ebt theksojn\u00eb se monitorimi afatgjat\u00eb mbetet thelb\u00ebsor p\u00ebr t\u00eb kuptuar n\u00ebse k\u00ebto ndryshime jan\u00eb t\u00eb p\u00ebrkohshme apo sinjalizojn\u00eb nj\u00eb transformim m\u00eb t\u00eb gjer\u00eb t\u00eb ekosistemeve detare.<\/p>\n","protected":false},"excerpt":{"rendered":"<p>19 Korrik 2026 \u00c7do pranver\u00eb, uj\u00ebrat e Detit t\u00eb Zi p\u00ebsojn\u00eb nj\u00eb transformim spektakolar, duke kaluar nga ngjyra e thell\u00eb indigo n\u00eb nj\u00eb nuanc\u00eb t\u00eb ndritshme bruz. Fenomeni natyror, i duksh\u00ebm edhe nga hap\u00ebsira, shkaktohet nga lul\u00ebzimi masiv i kokolitofor\u00ebve, alga mikroskopike nj\u00ebqelizore t\u00eb mbuluara me pllaka t\u00eb karbonatit t\u00eb kalciumit, t\u00eb cilat shp\u00ebrndajn\u00eb drit\u00ebn [&hellip;]<\/p>\n","protected":false},"author":9,"featured_media":102922,"comment_status":"open","ping_status":"open","sticky":false,"template":"","format":"standard","meta":{"jetpack_post_was_ever_published":false,"_jetpack_newsletter_access":"","_jetpack_dont_email_post_to_subs":false,"_jetpack_newsletter_tier_id":0,"_jetpack_memberships_contains_paywalled_content":false,"_jetpack_memberships_contains_paid_content":false,"footnotes":"","jetpack_publicize_message":"","jetpack_publicize_feature_enabled":true,"jetpack_social_post_already_shared":true,"jetpack_social_options":{"image_generator_settings":{"template":"highway","default_image_id":0,"font":"","enabled":false},"version":2}},"categories":[27,14],"tags":[],"class_list":["post-102921","post","type-post","status-publish","format-standard","has-post-thumbnail","hentry","category-blogu-i-udhetarit","category-press-releases"],"jetpack_publicize_connections":[],"jetpack_featured_media_url":"https:\/\/i0.wp.com\/www.shqiperia.com\/blog\/wp-content\/uploads\/2026\/07\/792e90c5-screenshot-2026-07-01-084533.jpg?fit=728%2C437&ssl=1","jetpack_sharing_enabled":true,"jetpack_shortlink":"https:\/\/wp.me\/p5Z6wp-qM1","jetpack-related-posts":[{"id":100431,"url":"https:\/\/www.shqiperia.com\/blog\/misteri-zgjidhet-nga-shkencetaret-thesari-3-mije-vjecar-ne-spanje-permbante-hekur-nga-hapesira\/","url_meta":{"origin":102921,"position":0},"title":"Misteri zgjidhet nga shkenc\u00ebtar\u00ebt, thesari 3 mij\u00eb-vje\u00e7ar n\u00eb Spanj\u00eb p\u00ebrmbante hekur nga hap\u00ebsira","author":"Kurt Farka","date":"May 19, 2026","format":false,"excerpt":"19 Maji 2026 Dy objekte t\u00eb vogla metalike, t\u00eb fshehura mes nj\u00eb thesari t\u00eb jasht\u00ebzakonsh\u00ebm ari t\u00eb Epok\u00ebs s\u00eb Bronzit, kan\u00eb mbajtur p\u00ebr m\u00eb shum\u00eb se gjasht\u00eb dekada nj\u00eb sekret q\u00eb sfidonte historin\u00eb e njohur t\u00eb metalurgjis\u00eb. Tani, shkenc\u00ebtar\u00ebt kan\u00eb konfirmuar se metali i tyre nuk vinte nga Toka, por\u2026","rel":"","context":"In &quot;Blogu i Udh\u00ebtarit&quot;","block_context":{"text":"Blogu i Udh\u00ebtarit","link":"https:\/\/www.shqiperia.com\/blog\/category\/blogu-i-udhetarit\/"},"img":{"alt_text":"","src":"https:\/\/i0.wp.com\/www.shqiperia.com\/blog\/wp-content\/uploads\/2026\/05\/738b95e0-11111.jpg?fit=701%2C420&ssl=1&resize=350%2C200","width":350,"height":200,"srcset":"https:\/\/i0.wp.com\/www.shqiperia.com\/blog\/wp-content\/uploads\/2026\/05\/738b95e0-11111.jpg?fit=701%2C420&ssl=1&resize=350%2C200 1x, https:\/\/i0.wp.com\/www.shqiperia.com\/blog\/wp-content\/uploads\/2026\/05\/738b95e0-11111.jpg?fit=701%2C420&ssl=1&resize=525%2C300 1.5x, https:\/\/i0.wp.com\/www.shqiperia.com\/blog\/wp-content\/uploads\/2026\/05\/738b95e0-11111.jpg?fit=701%2C420&ssl=1&resize=700%2C400 2x"},"classes":[]},{"id":102618,"url":"https:\/\/www.shqiperia.com\/blog\/mauritania-thesari-i-fshehur-i-saharase-qytete-antike-oaze-dhe-nje-bregdet-qe-shihet-edhe-nga-hapesira\/","url_meta":{"origin":102921,"position":1},"title":"Mauritania, thesari i fshehur i Saharas\u00eb: qytete antike, oaze dhe nj\u00eb bregdet q\u00eb shihet edhe nga hap\u00ebsira","author":"Kurt Farka","date":"July 13, 2026","format":false,"excerpt":"13 Korrik 2026 E vendosur pothuajse t\u00ebr\u00ebsisht n\u00eb shkret\u00ebtir\u00ebn e Saharas\u00eb, Mauritania mbetet nj\u00eb nga vendet m\u00eb pak t\u00eb vizituara n\u00eb bot\u00eb, por fsheh brenda saj histori mij\u00ebravje\u00e7are, qytete t\u00eb lashta tregtare, oaze t\u00eb gjelbra dhe nj\u00eb spektak\u00ebl natyror q\u00eb mund t\u00eb shihet edhe nga hap\u00ebsira. Rreth 90% e territorit\u2026","rel":"","context":"In &quot;Blogu i Udh\u00ebtarit&quot;","block_context":{"text":"Blogu i Udh\u00ebtarit","link":"https:\/\/www.shqiperia.com\/blog\/category\/blogu-i-udhetarit\/"},"img":{"alt_text":"","src":"https:\/\/i0.wp.com\/www.shqiperia.com\/blog\/wp-content\/uploads\/2026\/07\/640-0-mq-1783943256.png?fit=640%2C371&ssl=1&resize=350%2C200","width":350,"height":200,"srcset":"https:\/\/i0.wp.com\/www.shqiperia.com\/blog\/wp-content\/uploads\/2026\/07\/640-0-mq-1783943256.png?fit=640%2C371&ssl=1&resize=350%2C200 1x, https:\/\/i0.wp.com\/www.shqiperia.com\/blog\/wp-content\/uploads\/2026\/07\/640-0-mq-1783943256.png?fit=640%2C371&ssl=1&resize=525%2C300 1.5x"},"classes":[]},{"id":104977,"url":"https:\/\/www.shqiperia.com\/blog\/ditmir-bushati-hapesirat-publike-jane-privatizuar-nga-nje-grusht-njerezish\/","url_meta":{"origin":102921,"position":2},"title":"Ditmir Bushati: &#8211; Hap\u00ebsirat publike jan\u00eb \u201cprivatizuar\u201d nga nj\u00eb grusht njer\u00ebzish!","author":"Kurt Farka","date":"August 22, 2026","format":false,"excerpt":"22 Gusht 2026 Ish-ministri i Jasht\u00ebm, Ditmir Bushati ka komentuar protestat q\u00eb prej 84 dit\u00ebsh k\u00ebrkojn\u00eb dor\u00ebheqjen e Edi Ram\u00ebs, duke i cil\u00ebsuar ato si nd\u00ebr l\u00ebvizjet m\u00eb masive q\u00eb jan\u00eb par\u00eb n\u00eb vend q\u00eb prej r\u00ebnies s\u00eb komunizmit. Bushati argumentoi p\u00ebr TheNewsAgents se pas protestave q\u00ebndron nj\u00eb pak\u00ebnaq\u00ebsi shum\u00eb\u2026","rel":"","context":"In &quot;Blogu i Udh\u00ebtarit&quot;","block_context":{"text":"Blogu i Udh\u00ebtarit","link":"https:\/\/www.shqiperia.com\/blog\/category\/blogu-i-udhetarit\/"},"img":{"alt_text":"","src":"https:\/\/i0.wp.com\/www.shqiperia.com\/blog\/wp-content\/uploads\/2026\/08\/bushati.jpg?fit=799%2C498&ssl=1&resize=350%2C200","width":350,"height":200,"srcset":"https:\/\/i0.wp.com\/www.shqiperia.com\/blog\/wp-content\/uploads\/2026\/08\/bushati.jpg?fit=799%2C498&ssl=1&resize=350%2C200 1x, https:\/\/i0.wp.com\/www.shqiperia.com\/blog\/wp-content\/uploads\/2026\/08\/bushati.jpg?fit=799%2C498&ssl=1&resize=525%2C300 1.5x, https:\/\/i0.wp.com\/www.shqiperia.com\/blog\/wp-content\/uploads\/2026\/08\/bushati.jpg?fit=799%2C498&ssl=1&resize=700%2C400 2x"},"classes":[]},{"id":104501,"url":"https:\/\/www.shqiperia.com\/blog\/bulevardi-kuq-e-zi-dje-nga-diaspora\/","url_meta":{"origin":102921,"position":3},"title":"Bulevardi kuq e zi dje nga Diaspora","author":"Kurt Farka","date":"August 15, 2026","format":false,"excerpt":"13 Gusht 2026 Sot mbahet protesta e 77-t\u00eb kund\u00ebr qeveris\u00eb s\u00eb Edi Ram\u00ebs, me qytetar\u00ebt q\u00eb k\u00ebrkojn\u00eb dor\u00ebheqjen e kryeministrit dhe t\u00eb qeveris\u00eb s\u00eb tij. Ashtu si mbr\u00ebmjen e djeshme, protesta e radh\u00ebs do t\u00eb nis\u00eb n\u00eb or\u00ebn 19:30, nd\u00ebrsa pritet nj\u00eb pjes\u00ebmarrje e konsiderueshme edhe nga diaspora shqiptare. Dje,\u2026","rel":"","context":"In &quot;Blogu i Udh\u00ebtarit&quot;","block_context":{"text":"Blogu i Udh\u00ebtarit","link":"https:\/\/www.shqiperia.com\/blog\/category\/blogu-i-udhetarit\/"},"img":{"alt_text":"","src":"https:\/\/i0.wp.com\/www.shqiperia.com\/blog\/wp-content\/uploads\/2026\/08\/354345345345.jpg?fit=996%2C549&ssl=1&resize=350%2C200","width":350,"height":200,"srcset":"https:\/\/i0.wp.com\/www.shqiperia.com\/blog\/wp-content\/uploads\/2026\/08\/354345345345.jpg?fit=996%2C549&ssl=1&resize=350%2C200 1x, https:\/\/i0.wp.com\/www.shqiperia.com\/blog\/wp-content\/uploads\/2026\/08\/354345345345.jpg?fit=996%2C549&ssl=1&resize=525%2C300 1.5x, https:\/\/i0.wp.com\/www.shqiperia.com\/blog\/wp-content\/uploads\/2026\/08\/354345345345.jpg?fit=996%2C549&ssl=1&resize=700%2C400 2x"},"classes":[]},{"id":100799,"url":"https:\/\/www.shqiperia.com\/blog\/zbulohet-grenza-e-detit\/","url_meta":{"origin":102921,"position":4},"title":"Zbulohet \u201cGrenza e Detit\u201d","author":"Kurt Farka","date":"May 31, 2026","format":false,"excerpt":"31 Maji 2026 \u00cbsht\u00eb nj\u00eb lloj kandili deti me nj\u00eb helm shum\u00eb t\u00eb fuqish\u00ebm Zbulohet nj\u00eb kandil deti i ri, pothuajse i paduksh\u00ebm dhe \u00ebsht\u00eb vdekjeprur\u00ebs. E quajtur ndryshe si grenza e detit, klasifikohet tek cubomedusat, q\u00eb deri tani njiheshin vet\u00ebm 3 n\u00eb gjith\u00eb bot\u00ebn n\u00eb gjinin\u00eb e Chironex, dhe\u2026","rel":"","context":"In &quot;Njoftime Shtypi&quot;","block_context":{"text":"Njoftime Shtypi","link":"https:\/\/www.shqiperia.com\/blog\/category\/njoftime-shtypi\/"},"img":{"alt_text":"","src":"https:\/\/i0.wp.com\/www.shqiperia.com\/blog\/wp-content\/uploads\/2026\/05\/Grenza-e-Detit.jpg?fit=1024%2C574&ssl=1&resize=350%2C200","width":350,"height":200,"srcset":"https:\/\/i0.wp.com\/www.shqiperia.com\/blog\/wp-content\/uploads\/2026\/05\/Grenza-e-Detit.jpg?fit=1024%2C574&ssl=1&resize=350%2C200 1x, https:\/\/i0.wp.com\/www.shqiperia.com\/blog\/wp-content\/uploads\/2026\/05\/Grenza-e-Detit.jpg?fit=1024%2C574&ssl=1&resize=525%2C300 1.5x, https:\/\/i0.wp.com\/www.shqiperia.com\/blog\/wp-content\/uploads\/2026\/05\/Grenza-e-Detit.jpg?fit=1024%2C574&ssl=1&resize=700%2C400 2x"},"classes":[]},{"id":104076,"url":"https:\/\/www.shqiperia.com\/blog\/rete-e-hirit-nga-etna-detyrojne-aeroportin-e-katanias-te-pezulloje-fluturimet\/","url_meta":{"origin":102921,"position":5},"title":"Ret\u00eb e hirit nga Etna detyrojn\u00eb aeroportin e Katanias t\u00eb pezulloj\u00eb fluturimet","author":"Kurt Farka","date":"August 9, 2026","format":false,"excerpt":"9 Gusht 2026 Nj\u00eb re e dendur tymi dhe hiri vullkanik ka dal\u00eb nga mali Etna n\u00eb Si\u00e7ili, duke shkaktuar pezullimin e p\u00ebrkohsh\u00ebm t\u00eb fluturimeve n\u00eb mb\u00ebrritje n\u00eb aeroportin nd\u00ebrkomb\u00ebtar t\u00eb Katanias. Autoritetet aeroportuale njoftuan se hap\u00ebsira ajrore n\u00eb zon\u00ebn e prekur nga reja e hirit \u00ebsht\u00eb mbyllur p\u00ebr shkak\u2026","rel":"","context":"In &quot;Blogu i Udh\u00ebtarit&quot;","block_context":{"text":"Blogu i Udh\u00ebtarit","link":"https:\/\/www.shqiperia.com\/blog\/category\/blogu-i-udhetarit\/"},"img":{"alt_text":"","src":"https:\/\/i0.wp.com\/www.shqiperia.com\/blog\/wp-content\/uploads\/2026\/08\/640-0-220416df52cd415780ee770c5beedad2.jpg?fit=640%2C374&ssl=1&resize=350%2C200","width":350,"height":200,"srcset":"https:\/\/i0.wp.com\/www.shqiperia.com\/blog\/wp-content\/uploads\/2026\/08\/640-0-220416df52cd415780ee770c5beedad2.jpg?fit=640%2C374&ssl=1&resize=350%2C200 1x, https:\/\/i0.wp.com\/www.shqiperia.com\/blog\/wp-content\/uploads\/2026\/08\/640-0-220416df52cd415780ee770c5beedad2.jpg?fit=640%2C374&ssl=1&resize=525%2C300 1.5x"},"classes":[]}],"_links":{"self":[{"href":"https:\/\/www.shqiperia.com\/blog\/wp-json\/wp\/v2\/posts\/102921","targetHints":{"allow":["GET"]}}],"collection":[{"href":"https:\/\/www.shqiperia.com\/blog\/wp-json\/wp\/v2\/posts"}],"about":[{"href":"https:\/\/www.shqiperia.com\/blog\/wp-json\/wp\/v2\/types\/post"}],"author":[{"embeddable":true,"href":"https:\/\/www.shqiperia.com\/blog\/wp-json\/wp\/v2\/users\/9"}],"replies":[{"embeddable":true,"href":"https:\/\/www.shqiperia.com\/blog\/wp-json\/wp\/v2\/comments?post=102921"}],"version-history":[{"count":1,"href":"https:\/\/www.shqiperia.com\/blog\/wp-json\/wp\/v2\/posts\/102921\/revisions"}],"predecessor-version":[{"id":102923,"href":"https:\/\/www.shqiperia.com\/blog\/wp-json\/wp\/v2\/posts\/102921\/revisions\/102923"}],"wp:featuredmedia":[{"embeddable":true,"href":"https:\/\/www.shqiperia.com\/blog\/wp-json\/wp\/v2\/media\/102922"}],"wp:attachment":[{"href":"https:\/\/www.shqiperia.com\/blog\/wp-json\/wp\/v2\/media?parent=102921"}],"wp:term":[{"taxonomy":"category","embeddable":true,"href":"https:\/\/www.shqiperia.com\/blog\/wp-json\/wp\/v2\/categories?post=102921"},{"taxonomy":"post_tag","embeddable":true,"href":"https:\/\/www.shqiperia.com\/blog\/wp-json\/wp\/v2\/tags?post=102921"}],"curies":[{"name":"wp","href":"https:\/\/api.w.org\/{rel}","templated":true}]}}