{"id":102918,"date":"2026-07-19T09:21:30","date_gmt":"2026-07-19T09:21:30","guid":{"rendered":"https:\/\/www.shqiperia.com\/blog\/?p=102918"},"modified":"2026-07-19T09:21:30","modified_gmt":"2026-07-19T09:21:30","slug":"auron-tare-shpella-e-ciklopit-ne-himare-mes-filmit-te-nolan-dhe-lavazhit-te-makinave","status":"publish","type":"post","link":"https:\/\/www.shqiperia.com\/blog\/auron-tare-shpella-e-ciklopit-ne-himare-mes-filmit-te-nolan-dhe-lavazhit-te-makinave\/","title":{"rendered":"Auron Tare: &#8211; Shpella e Ciklopit n\u00eb Himar\u00eb, mes filmit t\u00eb Nolan dhe lavazhit t\u00eb makinave"},"content":{"rendered":"<p><img data-recalc-dims=\"1\" loading=\"lazy\" decoding=\"async\" data-attachment-id=\"102919\" data-permalink=\"https:\/\/www.shqiperia.com\/blog\/auron-tare-shpella-e-ciklopit-ne-himare-mes-filmit-te-nolan-dhe-lavazhit-te-makinave\/whatsapp-image-2026-07-19-at-11-08-08\/\" data-orig-file=\"https:\/\/i0.wp.com\/www.shqiperia.com\/blog\/wp-content\/uploads\/2026\/07\/WhatsApp-Image-2026-07-19-at-11.08.08.jpeg?fit=780%2C440&amp;ssl=1\" data-orig-size=\"780,440\" data-comments-opened=\"1\" data-image-meta=\"{&quot;aperture&quot;:&quot;0&quot;,&quot;credit&quot;:&quot;&quot;,&quot;camera&quot;:&quot;&quot;,&quot;caption&quot;:&quot;&quot;,&quot;created_timestamp&quot;:&quot;0&quot;,&quot;copyright&quot;:&quot;&quot;,&quot;focal_length&quot;:&quot;0&quot;,&quot;iso&quot;:&quot;0&quot;,&quot;shutter_speed&quot;:&quot;0&quot;,&quot;title&quot;:&quot;&quot;,&quot;orientation&quot;:&quot;0&quot;}\" data-image-title=\"WhatsApp-Image-2026-07-19-at-11.08.08\" data-image-description=\"\" data-image-caption=\"\" data-medium-file=\"https:\/\/i0.wp.com\/www.shqiperia.com\/blog\/wp-content\/uploads\/2026\/07\/WhatsApp-Image-2026-07-19-at-11.08.08.jpeg?fit=300%2C169&amp;ssl=1\" data-large-file=\"https:\/\/i0.wp.com\/www.shqiperia.com\/blog\/wp-content\/uploads\/2026\/07\/WhatsApp-Image-2026-07-19-at-11.08.08.jpeg?fit=780%2C440&amp;ssl=1\" class=\"alignnone  wp-image-102919\" alt=\"\" src=\"https:\/\/i0.wp.com\/www.shqiperia.com\/blog\/wp-content\/uploads\/2026\/07\/WhatsApp-Image-2026-07-19-at-11.08.08.jpeg?resize=651%2C367&#038;ssl=1\" width=\"651\" height=\"367\" srcset=\"https:\/\/i0.wp.com\/www.shqiperia.com\/blog\/wp-content\/uploads\/2026\/07\/WhatsApp-Image-2026-07-19-at-11.08.08.jpeg?resize=300%2C169&amp;ssl=1 300w, https:\/\/i0.wp.com\/www.shqiperia.com\/blog\/wp-content\/uploads\/2026\/07\/WhatsApp-Image-2026-07-19-at-11.08.08.jpeg?resize=768%2C433&amp;ssl=1 768w, https:\/\/i0.wp.com\/www.shqiperia.com\/blog\/wp-content\/uploads\/2026\/07\/WhatsApp-Image-2026-07-19-at-11.08.08.jpeg?resize=450%2C254&amp;ssl=1 450w, https:\/\/i0.wp.com\/www.shqiperia.com\/blog\/wp-content\/uploads\/2026\/07\/WhatsApp-Image-2026-07-19-at-11.08.08.jpeg?resize=600%2C338&amp;ssl=1 600w, https:\/\/i0.wp.com\/www.shqiperia.com\/blog\/wp-content\/uploads\/2026\/07\/WhatsApp-Image-2026-07-19-at-11.08.08.jpeg?resize=400%2C226&amp;ssl=1 400w, https:\/\/i0.wp.com\/www.shqiperia.com\/blog\/wp-content\/uploads\/2026\/07\/WhatsApp-Image-2026-07-19-at-11.08.08.jpeg?w=780&amp;ssl=1 780w\" sizes=\"auto, (max-width: 651px) 100vw, 651px\" \/><\/p>\n<p><strong>19 Korrik 2026<\/strong><\/p>\n<p><strong>Nga Auron Tare<\/strong><\/p>\n<p>Shfaqja e filmit \u201cOdiseu\u201d nga regjisori Christopher Nolan ka hapur nj\u00eb debat t\u00eb gjer\u00eb n\u00eb t\u00eb dy an\u00ebt e Atlantikut mbi nj\u00eb nga veprat m\u00eb identifikuese t\u00eb let\u00ebrsis\u00eb bot\u00ebrore \u201cOdisea\u201d e Homerit.<\/p>\n<p>N\u00eb podcast-et m\u00eb t\u00eb njohura, studiues dhe ekspert\u00eb me fam\u00eb bot\u00ebrore kan\u00eb sjell\u00eb k\u00ebndv\u00ebshtrime interesante e origjinale mbi k\u00ebt\u00eb projekt artistik t\u00eb bazuar n\u00eb mitologjin\u00eb antike.<\/p>\n<p>Sigurisht, nuk kan\u00eb munguar debatet edhe n\u00eb Greqin\u00eb moderne, ku shum\u00eb z\u00ebra e kan\u00eb kund\u00ebrshtuar filmin, duke argumentuar se ai nuk pasqyron nj\u00eb lidhje t\u00eb fort\u00eb me kultur\u00ebn helene. Pa dashur t\u2019i bashkohem k\u00ebtij debati, i cili n\u00eb fund t\u00eb fundit nuk m\u00eb p\u00ebrket mua, mund t\u00eb shtoj vet\u00ebm nj\u00eb v\u00ebrejtje, sipas shum\u00eb prej studiuesve m\u00eb t\u00eb r\u00ebnd\u00ebsish\u00ebm t\u00eb Homerit, ngjarjet e \u201cOdiseas\u201d lidhen me popullsit\u00eb e Epok\u00ebs s\u00eb Bronzit t\u00eb Von\u00eb dhe jo me kultur\u00ebn klasike helene.<\/p>\n<p>Ishin grek\u00ebt e lasht\u00eb ata q\u00eb e ruajt\u00ebn, e transmetuan dhe e p\u00ebrhap\u00ebn k\u00ebt\u00eb vep\u00ebr t\u00eb jasht\u00ebzakonshme n\u00eb t\u00eb gjith\u00eb Mesdheun, por vet\u00eb poema nuk portretizon bot\u00ebn e Greqis\u00eb klasike, ajo p\u00ebrshkruan nj\u00eb univers shum\u00eb m\u00eb t\u00eb hersh\u00ebm, t\u00eb fiseve parahelenike, si\u00e7 e identifikon edhe vet\u00eb autori.<\/p>\n<p><strong>Por le t\u2019i kthehemi arsyes pse po shkruaj sot.<\/strong><\/p>\n<p>N\u00eb debatin e ndezur p\u00ebr filmin kan\u00eb gjetur vend edhe tinguj q\u00eb vijn\u00eb nga lasht\u00ebsia dhe q\u00eb ruhen me aq kujdes nga artist\u00ebt shqiptar\u00eb. Fyejt e Gramshit, fyelli i mjeshtrit Vendim Kapaj dhe polifonia shqiptare kan\u00eb ngjallur interes t\u00eb madh dhe p\u00ebrb\u00ebjn\u00eb nj\u00eb gjetje artistike t\u00eb jasht\u00ebzakonshme n\u00eb k\u00ebt\u00eb produksion.<\/p>\n<p>Nd\u00ebrsa filmi po shfaqet n\u00eb kinemat\u00eb amerikane dhe evropiane, kuptohet qart\u00eb se sa e madhe \u00ebsht\u00eb etja e publikut bot\u00ebror p\u00ebr rr\u00ebfime t\u00eb tilla. Vepra t\u00eb k\u00ebtij niveli jo vet\u00ebm q\u00eb rikthejn\u00eb n\u00eb qend\u00ebr t\u00eb v\u00ebmendjes let\u00ebrsin\u00eb dhe mitologjin\u00eb antike, por u japin hap\u00ebsir\u00eb edhe tingujve q\u00eb burojn\u00eb nga trojet tona. Jan\u00eb tinguj q\u00eb e prezantojn\u00eb kultur\u00ebn shqiptare n\u00eb sken\u00ebn m\u00eb t\u00eb lart\u00eb t\u00eb kultur\u00ebs bot\u00ebrore.<\/p>\n<p>Pik\u00ebrisht p\u00ebr k\u00ebt\u00eb arsye m\u2019u rikthye n\u00eb mendje debati i ver\u00ebs s\u00eb kaluar p\u00ebr Shpell\u00ebn e Ciklopit n\u00eb Himar\u00eb. Nj\u00eb vend me r\u00ebnd\u00ebsi jo vet\u00ebm p\u00ebr tradit\u00ebn lokale, por edhe p\u00ebr imagjinat\u00ebn kulturore q\u00eb lidhet me bot\u00ebn homerike. T\u00eb imagjinosh se n\u00eb brigjet tona ekziston nj\u00eb vend q\u00eb, prej brezash, lidhet me Odiseun, Ciklopin dhe vet\u00eb Homerin, \u00ebsht\u00eb nj\u00eb pasuri e jasht\u00ebzakonshme.<\/p>\n<p>Askush nuk mund t\u00eb pretendoj\u00eb se miti i Odiseut i p\u00ebrket vet\u00ebm nj\u00eb vendi. Ai \u00ebsht\u00eb pjes\u00eb e trash\u00ebgimis\u00eb s\u00eb gjith\u00eb Mesdheut.<\/p>\n<p>Por fakti q\u00eb deri n\u00eb dit\u00ebt tona, n\u00eb Himar\u00eb, ruhet toponimi dhe tradita e Shpell\u00ebs s\u00eb Ciklopit, i jep k\u00ebtij vendi nj\u00eb vler\u00eb t\u00eb ve\u00e7ant\u00eb. \u00cbsht\u00eb nj\u00eb ur\u00eb q\u00eb lidh trash\u00ebgimin\u00eb ton\u00eb me nj\u00eb nga mitet themeluese t\u00eb qytet\u00ebrimit per\u00ebndimor dhe nj\u00eb mund\u00ebsi e jasht\u00ebzakonshme p\u00ebr zhvillimin e turizmit kulturor.<\/p>\n<p>E \u00e7far\u00eb b\u00ebjm\u00eb ne me k\u00ebto vlera kaq t\u00eb rralla?<\/p>\n<p>Si i trajtojm\u00eb ato?<\/p>\n<p>\u00c7far\u00eb mund t\u00eb b\u00ebjm\u00eb m\u00eb mir\u00eb me nj\u00eb vend q\u00eb mund t\u00eb ishte nj\u00eb pik\u00eb referimi kulturore me jehon\u00eb nd\u00ebrkomb\u00ebtare?<\/p>\n<p>P\u00ebrgjigjja, fatkeq\u00ebsisht, \u00ebsht\u00eb d\u00ebshp\u00ebruese.<\/p>\n<p>Pran\u00eb Shpell\u00ebs s\u00eb Ciklopit ngrihet nj\u00eb lavazh makinash.<\/p>\n<p>N\u00eb vend q\u00eb t\u00eb nd\u00ebrtojm\u00eb nj\u00eb hap\u00ebsir\u00eb interpretimi, nj\u00eb itinerar kulturor apo nj\u00eb pik\u00eb t\u00eb denj\u00eb pritjeje p\u00ebr vizitor\u00ebt, ne kemi zgjedhur ta banalizojm\u00eb nj\u00eb pasuri q\u00eb shum\u00eb vende do ta kishin kthyer n\u00eb simbol komb\u00ebtar.<\/p>\n<p>Z. Minist\u00ebr i Kultur\u00ebs son\u00eb, ndoshta \u00ebsht\u00eb koha t\u00eb kuptojm\u00eb se trash\u00ebgimia kulturore nuk \u00ebsht\u00eb thjesht nj\u00eb kujtim i s\u00eb kaluar\u00ebs. Ajo \u00ebsht\u00eb nj\u00eb investim p\u00ebr t\u00eb ardhmen, nj\u00eb burim identiteti dhe zhvillimi ekonomik. Sepse nj\u00eb vend q\u00eb nuk di t\u00eb vler\u00ebsoj\u00eb historin\u00eb dhe mitet e veta, v\u00ebshtir\u00eb se mund t\u2019i b\u00ebj\u00eb ato t\u00eb vlejn\u00eb n\u00eb syt\u00eb e bot\u00ebs.<\/p>\n<p>Sado t\u00eb vin\u00eb \u201cK\u00ebno\u201d e tjer\u00eb n\u00eb k\u00ebt\u00eb vendin ton\u00eb p\u00ebr t\u00eb ksehasur turmat, Shqip\u00ebria shkoi n\u00eb tempujt bot\u00ebror\u00eb t\u00eb kinematografis\u00eb bot\u00ebrore fatmir\u00ebsisht me tingujt e fyejve t\u00eb harruar nga indiferenca zyrtare.<\/p>\n<p>Prandaj o burra meru me Shpell\u00ebn e Himar\u00ebs q\u00eb ajo mos t\u00eb vazhdoj\u00eb t\u00eb jet\u00eb nj\u00eb lavazh makinash q\u00eb na turp\u00ebron t\u00eb gjith\u00eb ne aq m\u00eb shum\u00eb sot ku Odisea dhe tingujt shqiptar\u00eb po shihen n\u00eb t\u00eb gjith\u00eb bot\u00ebn.<\/p>\n","protected":false},"excerpt":{"rendered":"<p>19 Korrik 2026 Nga Auron Tare Shfaqja e filmit \u201cOdiseu\u201d nga regjisori Christopher Nolan ka hapur nj\u00eb debat t\u00eb gjer\u00eb n\u00eb t\u00eb dy an\u00ebt e Atlantikut mbi nj\u00eb nga veprat m\u00eb identifikuese t\u00eb let\u00ebrsis\u00eb bot\u00ebrore \u201cOdisea\u201d e Homerit. N\u00eb podcast-et m\u00eb t\u00eb njohura, studiues dhe ekspert\u00eb me fam\u00eb bot\u00ebrore kan\u00eb sjell\u00eb k\u00ebndv\u00ebshtrime interesante e origjinale [&hellip;]<\/p>\n","protected":false},"author":9,"featured_media":102919,"comment_status":"open","ping_status":"open","sticky":false,"template":"","format":"standard","meta":{"jetpack_post_was_ever_published":false,"_jetpack_newsletter_access":"","_jetpack_dont_email_post_to_subs":false,"_jetpack_newsletter_tier_id":0,"_jetpack_memberships_contains_paywalled_content":false,"_jetpack_memberships_contains_paid_content":false,"footnotes":"","jetpack_publicize_message":"","jetpack_publicize_feature_enabled":true,"jetpack_social_post_already_shared":true,"jetpack_social_options":{"image_generator_settings":{"template":"highway","default_image_id":0,"font":"","enabled":false},"version":2}},"categories":[27,85,10,1,2,35,86],"tags":[],"class_list":["post-102918","post","type-post","status-publish","format-standard","has-post-thumbnail","hentry","category-blogu-i-udhetarit","category-histori","category-kultura","category-njoftime-shtypi","category-politika","category-shoqerore","category-trashegimi-kulturore"],"jetpack_publicize_connections":[],"jetpack_featured_media_url":"https:\/\/i0.wp.com\/www.shqiperia.com\/blog\/wp-content\/uploads\/2026\/07\/WhatsApp-Image-2026-07-19-at-11.08.08.jpeg?fit=780%2C440&ssl=1","jetpack_sharing_enabled":true,"jetpack_shortlink":"https:\/\/wp.me\/p5Z6wp-qLY","jetpack-related-posts":[{"id":103364,"url":"https:\/\/www.shqiperia.com\/blog\/odisea-i-matt-damon-dhe-odisea-i-bekim-fehmiut\/","url_meta":{"origin":102918,"position":0},"title":"ODISEA I MATT DAMON DHE ODISEA I BEKIM FEHMIUT","author":"Kurt Farka","date":"July 28, 2026","format":false,"excerpt":"28 Korrik 2026 Nga Ben Blushi Dy dit\u00ebt e fundit pash\u00eb dy Odise. At\u00eb t\u00eb Matt Damon q\u00eb po p\u00ebrmbyt kinemat\u00eb e bot\u00ebs dhe Odisean e aktorit kosovar Bekim Fehmiu t\u00eb xhiruar n\u00eb vitin 1968 nga italian\u00ebt. Me nj\u00eb sy t\u00eb shpejt\u00eb, versioni i ri ngjan me bagazhin e nj\u00eb\u2026","rel":"","context":"In &quot;Arte&quot;","block_context":{"text":"Arte","link":"https:\/\/www.shqiperia.com\/blog\/category\/arte\/"},"img":{"alt_text":"","src":"https:\/\/i0.wp.com\/www.shqiperia.com\/blog\/wp-content\/uploads\/2026\/07\/Bekim-Fehmiu.jpg?fit=1000%2C800&ssl=1&resize=350%2C200","width":350,"height":200,"srcset":"https:\/\/i0.wp.com\/www.shqiperia.com\/blog\/wp-content\/uploads\/2026\/07\/Bekim-Fehmiu.jpg?fit=1000%2C800&ssl=1&resize=350%2C200 1x, https:\/\/i0.wp.com\/www.shqiperia.com\/blog\/wp-content\/uploads\/2026\/07\/Bekim-Fehmiu.jpg?fit=1000%2C800&ssl=1&resize=525%2C300 1.5x, https:\/\/i0.wp.com\/www.shqiperia.com\/blog\/wp-content\/uploads\/2026\/07\/Bekim-Fehmiu.jpg?fit=1000%2C800&ssl=1&resize=700%2C400 2x"},"classes":[]},{"id":105019,"url":"https:\/\/www.shqiperia.com\/blog\/bekimi-ylli-qe-nuk-shuhet-kurre\/","url_meta":{"origin":102918,"position":1},"title":"Bekimi \u2013 ylli q\u00eb nuk shuhet kurr\u00eb","author":"Kurt Farka","date":"August 23, 2026","format":false,"excerpt":"23 Gusht 2026 Pas shfaqjes s\u00eb filmit amerikan, hit bot\u00ebror, \u201cThe Odyssey\u201d t\u00eb Christopher Nolanit, nga korriku i k\u00ebtij viti, me rolet kryesore Matt Damon, si Uliksi, dhe Anne Hathaway, si Penelopa, \u00ebsht\u00eb aktualizuar dhe \u00ebsht\u00eb ringjallur Bekim Fehmiu, ku emri i tij si Uliksi, nga seria televizive \u201cL\u2019Odissea\u201d e\u2026","rel":"","context":"In &quot;Arte&quot;","block_context":{"text":"Arte","link":"https:\/\/www.shqiperia.com\/blog\/category\/arte\/"},"img":{"alt_text":"","src":"https:\/\/i0.wp.com\/www.shqiperia.com\/blog\/wp-content\/uploads\/2026\/08\/67031b6d-1f8b-48fc-8433-2ab7c02edac7.webp?fit=800%2C550&ssl=1&resize=350%2C200","width":350,"height":200,"srcset":"https:\/\/i0.wp.com\/www.shqiperia.com\/blog\/wp-content\/uploads\/2026\/08\/67031b6d-1f8b-48fc-8433-2ab7c02edac7.webp?fit=800%2C550&ssl=1&resize=350%2C200 1x, https:\/\/i0.wp.com\/www.shqiperia.com\/blog\/wp-content\/uploads\/2026\/08\/67031b6d-1f8b-48fc-8433-2ab7c02edac7.webp?fit=800%2C550&ssl=1&resize=525%2C300 1.5x, https:\/\/i0.wp.com\/www.shqiperia.com\/blog\/wp-content\/uploads\/2026\/08\/67031b6d-1f8b-48fc-8433-2ab7c02edac7.webp?fit=800%2C550&ssl=1&resize=700%2C400 2x"},"classes":[]},{"id":100266,"url":"https:\/\/www.shqiperia.com\/blog\/filmi-dua-qe-kthen-kohen-godet-ne-cannes-e-pret-rrugetim-i-gjate\/","url_meta":{"origin":102918,"position":2},"title":"Filmi \u201cDua\u201d q\u00eb kthen koh\u00ebn, godet n\u00eb Cannes, e pret rrug\u00ebtim i gjat\u00eb","author":"Kurt Farka","date":"May 14, 2026","format":false,"excerpt":"14 Maji 2026 Nj\u00eb vit m\u00eb her\u00ebt, regjisorja Blerta Basholli tok me ekipin do t\u00eb aterronin n\u00eb Cannes p\u00ebr ta bindur secilin se sa pesh\u00eb personale kishte rr\u00ebfimi q\u00eb synonin ta shnd\u00ebrronin n\u00eb film. T\u00eb m\u00ebrkur\u00ebn, jan\u00eb rikthyer aty me premier\u00ebn bot\u00ebrore t\u00eb filmit \u201cDua\u201d i cili sapo ka ndezur\u2026","rel":"","context":"In &quot;Arte&quot;","block_context":{"text":"Arte","link":"https:\/\/www.shqiperia.com\/blog\/category\/arte\/"},"img":{"alt_text":"","src":"https:\/\/i0.wp.com\/www.shqiperia.com\/blog\/wp-content\/uploads\/2026\/05\/37ef2b6b-d063-48f5-8586-83f85ce28603.webp?fit=1200%2C768&ssl=1&resize=350%2C200","width":350,"height":200,"srcset":"https:\/\/i0.wp.com\/www.shqiperia.com\/blog\/wp-content\/uploads\/2026\/05\/37ef2b6b-d063-48f5-8586-83f85ce28603.webp?fit=1200%2C768&ssl=1&resize=350%2C200 1x, https:\/\/i0.wp.com\/www.shqiperia.com\/blog\/wp-content\/uploads\/2026\/05\/37ef2b6b-d063-48f5-8586-83f85ce28603.webp?fit=1200%2C768&ssl=1&resize=525%2C300 1.5x, https:\/\/i0.wp.com\/www.shqiperia.com\/blog\/wp-content\/uploads\/2026\/05\/37ef2b6b-d063-48f5-8586-83f85ce28603.webp?fit=1200%2C768&ssl=1&resize=700%2C400 2x, https:\/\/i0.wp.com\/www.shqiperia.com\/blog\/wp-content\/uploads\/2026\/05\/37ef2b6b-d063-48f5-8586-83f85ce28603.webp?fit=1200%2C768&ssl=1&resize=1050%2C600 3x"},"classes":[]},{"id":103322,"url":"https:\/\/www.shqiperia.com\/blog\/auron-tare-ura-mes-historise-dhe-kohes-se-mbretit\/","url_meta":{"origin":102918,"position":3},"title":"Auron Tare: Ura, mes historis\u00eb dhe Koh\u00ebs s\u00eb &#8220;Mbretit&#8221;","author":"Kurt Farka","date":"July 28, 2026","format":false,"excerpt":"28 Korrik 2026 Nd\u00ebrhyrja n\u00eb Ur\u00ebn e Kadiut \u00ebsht\u00eb shembulli m\u00eb i qart\u00eb i k\u00ebsaj filozofie. Formacioni shk\u00ebmbor q\u00eb mbante ur\u00ebn u prish me eskavator dhe vendin e tij e zuri betoni.Ura e Kadiut n\u00eb P\u00ebrmet. Tashm\u00eb nuk ka mbetur asnj\u00eb dyshim se \u00e7far\u00eb ka ndodhur n\u00eb Kanionin e Langaric\u00ebs.\u2026","rel":"","context":"In &quot;Blogu i Udh\u00ebtarit&quot;","block_context":{"text":"Blogu i Udh\u00ebtarit","link":"https:\/\/www.shqiperia.com\/blog\/category\/blogu-i-udhetarit\/"},"img":{"alt_text":"","src":"https:\/\/i0.wp.com\/www.shqiperia.com\/blog\/wp-content\/uploads\/2026\/07\/1785057830_uraekadiut.jpg?fit=780%2C440&ssl=1&resize=350%2C200","width":350,"height":200,"srcset":"https:\/\/i0.wp.com\/www.shqiperia.com\/blog\/wp-content\/uploads\/2026\/07\/1785057830_uraekadiut.jpg?fit=780%2C440&ssl=1&resize=350%2C200 1x, https:\/\/i0.wp.com\/www.shqiperia.com\/blog\/wp-content\/uploads\/2026\/07\/1785057830_uraekadiut.jpg?fit=780%2C440&ssl=1&resize=525%2C300 1.5x, https:\/\/i0.wp.com\/www.shqiperia.com\/blog\/wp-content\/uploads\/2026\/07\/1785057830_uraekadiut.jpg?fit=780%2C440&ssl=1&resize=700%2C400 2x"},"classes":[]},{"id":66048,"url":"https:\/\/www.shqiperia.com\/blog\/gjykata-pranon-padine-e-pd-per-butrintin-auron-tare-ceshtja-ka-interes-nga-te-gjithe-ata-qe-kane-firmosur-nuk-e-kane-ditur-se-cpo-bejne\/","url_meta":{"origin":102918,"position":4},"title":"Gjykata pranon padin\u00eb e PD p\u00ebr Butrintin, Auron Tare: \u00c7\u00ebshtja ka interes nga t\u00eb gjith\u00eb! Ata q\u00eb kan\u00eb firmosur nuk e kan\u00eb ditur se \u00e7\u2019po b\u00ebjn\u00eb","author":"Kurt Farka","date":"January 6, 2023","format":false,"excerpt":"6 Janar 2023 Gjykata kushtetuese ka pranuar padin\u00eb e Partis\u00eb Demokratike lidhur me \u00e7\u00ebshtjen e Butrintit. N\u00eb nj\u00eb lidhje Skype me News24, Auron Tare, an\u00ebtar\u00eb i k\u00ebshillit shkencor i UNESCO, u shpreh se ky \u00ebsht\u00eb nj\u00eb lajm shum\u00eb i mir\u00eb, por shtoi se nuk duhet politizuar. \u201cNuk \u00ebsht\u00eb nj\u00eb lajm\u2026","rel":"","context":"In &quot;Blogu i Udh\u00ebtarit&quot;","block_context":{"text":"Blogu i Udh\u00ebtarit","link":"https:\/\/www.shqiperia.com\/blog\/category\/blogu-i-udhetarit\/"},"img":{"alt_text":"","src":"https:\/\/i0.wp.com\/www.shqiperia.com\/blog\/wp-content\/uploads\/2023\/01\/Butrinti-1.jpg?fit=1000%2C618&ssl=1&resize=350%2C200","width":350,"height":200,"srcset":"https:\/\/i0.wp.com\/www.shqiperia.com\/blog\/wp-content\/uploads\/2023\/01\/Butrinti-1.jpg?fit=1000%2C618&ssl=1&resize=350%2C200 1x, https:\/\/i0.wp.com\/www.shqiperia.com\/blog\/wp-content\/uploads\/2023\/01\/Butrinti-1.jpg?fit=1000%2C618&ssl=1&resize=525%2C300 1.5x, https:\/\/i0.wp.com\/www.shqiperia.com\/blog\/wp-content\/uploads\/2023\/01\/Butrinti-1.jpg?fit=1000%2C618&ssl=1&resize=700%2C400 2x"},"classes":[]},{"id":105100,"url":"https:\/\/www.shqiperia.com\/blog\/nderhyrjet-me-eskavator-ne-zonen-e-kalase-se-rozafes-eshte-rrenim\/","url_meta":{"origin":102918,"position":5},"title":"Nd\u00ebrhyrjet me eskavator n\u00eb zon\u00ebn e Kalas\u00eb s\u00eb Rozaf\u00ebs \u00ebsht\u00eb rrenim &#8230;","author":"Kurt Farka","date":"August 24, 2026","format":false,"excerpt":"24 Gusht 2026 Nd\u00ebrhyrjet me mjete t\u00eb r\u00ebnda n\u00eb zon\u00ebn e Kalas\u00eb s\u00eb Rozaf\u00ebs n\u00eb Shkod\u00ebr kan\u00eb ngjallur shqet\u00ebsim p\u00ebr ruajtjen e peizazhit historik dhe vlerave t\u00eb trash\u00ebgimis\u00eb kulturore. P\u00ebrmes nj\u00eb reagimi publik, studiuesi Auron Tare ka kritikuar nd\u00ebrhyrjen, duke e cil\u00ebsuar at\u00eb si nj\u00eb d\u00ebmtim t\u00eb peizazhit historik dhe\u2026","rel":"","context":"In &quot;Blogu i Udh\u00ebtarit&quot;","block_context":{"text":"Blogu i Udh\u00ebtarit","link":"https:\/\/www.shqiperia.com\/blog\/category\/blogu-i-udhetarit\/"},"img":{"alt_text":"","src":"https:\/\/i0.wp.com\/www.shqiperia.com\/blog\/wp-content\/uploads\/2026\/08\/shkodra-kalaja-rozafes-2.jpg?fit=1024%2C683&ssl=1&resize=350%2C200","width":350,"height":200,"srcset":"https:\/\/i0.wp.com\/www.shqiperia.com\/blog\/wp-content\/uploads\/2026\/08\/shkodra-kalaja-rozafes-2.jpg?fit=1024%2C683&ssl=1&resize=350%2C200 1x, https:\/\/i0.wp.com\/www.shqiperia.com\/blog\/wp-content\/uploads\/2026\/08\/shkodra-kalaja-rozafes-2.jpg?fit=1024%2C683&ssl=1&resize=525%2C300 1.5x, https:\/\/i0.wp.com\/www.shqiperia.com\/blog\/wp-content\/uploads\/2026\/08\/shkodra-kalaja-rozafes-2.jpg?fit=1024%2C683&ssl=1&resize=700%2C400 2x"},"classes":[]}],"_links":{"self":[{"href":"https:\/\/www.shqiperia.com\/blog\/wp-json\/wp\/v2\/posts\/102918","targetHints":{"allow":["GET"]}}],"collection":[{"href":"https:\/\/www.shqiperia.com\/blog\/wp-json\/wp\/v2\/posts"}],"about":[{"href":"https:\/\/www.shqiperia.com\/blog\/wp-json\/wp\/v2\/types\/post"}],"author":[{"embeddable":true,"href":"https:\/\/www.shqiperia.com\/blog\/wp-json\/wp\/v2\/users\/9"}],"replies":[{"embeddable":true,"href":"https:\/\/www.shqiperia.com\/blog\/wp-json\/wp\/v2\/comments?post=102918"}],"version-history":[{"count":1,"href":"https:\/\/www.shqiperia.com\/blog\/wp-json\/wp\/v2\/posts\/102918\/revisions"}],"predecessor-version":[{"id":102920,"href":"https:\/\/www.shqiperia.com\/blog\/wp-json\/wp\/v2\/posts\/102918\/revisions\/102920"}],"wp:featuredmedia":[{"embeddable":true,"href":"https:\/\/www.shqiperia.com\/blog\/wp-json\/wp\/v2\/media\/102919"}],"wp:attachment":[{"href":"https:\/\/www.shqiperia.com\/blog\/wp-json\/wp\/v2\/media?parent=102918"}],"wp:term":[{"taxonomy":"category","embeddable":true,"href":"https:\/\/www.shqiperia.com\/blog\/wp-json\/wp\/v2\/categories?post=102918"},{"taxonomy":"post_tag","embeddable":true,"href":"https:\/\/www.shqiperia.com\/blog\/wp-json\/wp\/v2\/tags?post=102918"}],"curies":[{"name":"wp","href":"https:\/\/api.w.org\/{rel}","templated":true}]}}